{"id":169829,"date":"2026-05-06T13:15:54","date_gmt":"2026-05-06T11:15:54","guid":{"rendered":"https:\/\/www.bellunopress.it\/?p=169829"},"modified":"2026-05-06T13:15:54","modified_gmt":"2026-05-06T11:15:54","slug":"biker-fest-international-a-lignano-sabbiadoro-tornano-le-macchine-mirabolanti-di-italento","status":"publish","type":"post","link":"https:\/\/www.bellunopress.it\/fr\/2026\/05\/06\/biker-fest-international-a-lignano-sabbiadoro-tornano-le-macchine-mirabolanti-di-italento\/","title":{"rendered":"Biker Fest International: a Lignano Sabbiadoro tornano le \u201cmacchine mirabolanti\u201d di Italento"},"content":{"rendered":"<p data-path-to-node=\"3\"><strong>In occasione del 40\u00b0 anniversario della kermesse friulana, dal 14 al 17 maggio, la compagnia di Mauro Grassi incanter\u00e0 il pubblico con veicoli unici, tra motori aeronautici, sidecar d&#8217;epoca e il leggendario &#8220;BiCiplano&#8221;.<\/strong><\/p>\n<p data-path-to-node=\"4\">Lignano Sabbiadoro\u00a0\u2013 Se la Biker Fest International \u00e8 da sempre il tempio della passione per le due ruote e della creativit\u00e0 motoristica, l\u2019edizione numero 40 si preannuncia come la pi\u00f9 spettacolare di sempre. Tra le attrazioni pi\u00f9 attese del quarantesimo anniversario, che si terr\u00e0 a Lignano Sabbiadoro dal 14 al 17 maggio 2026, spicca il ritorno di Italento, la compagnia teatrale ravennate che ha fatto del connubio tra ingegneria folle e arte di strada il proprio marchio di fabbrica.<\/p>\n<p data-path-to-node=\"6\">Fondata nel 1992 da Mauro Grassi \u2013 gi\u00e0 responsabile dell\u2019animazione a Mirabilandia \u2013 Italento non \u00e8 una comune compagnia teatrale. Il palco, per loro, \u00e8 la strada; gli attori sono mezzi meccanici incredibili, restaurati o costruiti da zero, capaci di trasportare il pubblico in un\u2019atmosfera sospesa tra il sogno felliniano e il retro-futurismo. Con oltre 3.000 repliche in trenta Paesi, la realt\u00e0 emiliana torna in Friuli per confermare il suo legame storico con la BFI, iniziato nel 2018.<\/p>\n<p data-path-to-node=\"8\">Il parco veicoli che sfiler\u00e0 a Lignano \u00e8 un vero e proprio catalogo di &#8220;follie meccaniche&#8221;. Gli amanti delle auto americane potranno ammirare la hot rod Ford T-Bucket, spinta da un poderoso V8 Corvette da 5.7 litri, affiancata dalla sua &#8220;sorellina&#8221;, una riproduzione in scala 1:2 della mitica Model T.<\/p>\n<p data-path-to-node=\"9\">Per chi cerca il fascino dell\u2019antico, i riflettori saranno puntati sulla Montgolfiere (una Renault Monasix del 1929) e sulla Vis a Vis, una fedelissima ricostruzione di una De Dion-Bouton del 1901. Ma \u00e8 nel settore delle tre ruote e degli ibridi che Italento rompe ogni schema: dal Cinesidecar (una motocarrozzetta sovietica trasformata in cinema itinerante con proiettore d&#8217;epoca) al mostruoso 883 Kart Monster, equipaggiato con un motore V-Twin Harley-Davidson.<\/p>\n<p data-path-to-node=\"10\">L\u2019apice dell\u2019eccentricit\u00e0 sar\u00e0 raggiunto dalla Carrozza Volante: una &#8220;dottorina&#8221; dell&#8217;Ottocento che, al posto dei cavalli, utilizza un motore aeronautico a pistoni completo di ciminiere sputa-fiamme.<\/p>\n<p data-path-to-node=\"12\">La sorpresa pi\u00f9 poetica sar\u00e0 per\u00f2 il BiCiplano. A prima vista sembra il leggendario Nieuport 17 di Francesco Baracca, l\u2019asso degli assi della Grande Guerra, riprodotto a grandezza naturale. In realt\u00e0, sotto la carlinga fedelmente ricostruita, si cela una bicicletta, simbolo perfetto dello spirito di Italento: stupire, divertire e trasformare la meccanica in pura illusione.<\/p>\n<p data-path-to-node=\"13\">L&#8217;appuntamento \u00e8 dunque fissato: dal 14 al 17 maggio, la Biker Fest International non sar\u00e0 solo il rombo dei motori tradizionali, ma un viaggio nel tempo e nella fantasia, dove il confine tra realt\u00e0 e immaginazione corre veloce su strade di Lignano.<\/p>","protected":false},"excerpt":{"rendered":"<p>In occasione del 40\u00b0 anniversario della kermesse friulana, dal 14 al 17 maggio, la compagnia di Mauro Grassi incanter\u00e0 il pubblico con veicoli unici, tra motori aeronautici, sidecar d&#8217;epoca e il leggendario &#8220;BiCiplano&#8221;. Lignano Sabbiadoro\u00a0\u2013 Se la Biker Fest International \u00e8 da sempre il tempio della passione per le due ruote e della creativit\u00e0 motoristica, [&hellip;]<\/p>\n","protected":false},"author":2,"featured_media":169830,"comment_status":"closed","ping_status":"open","sticky":false,"template":"","format":"standard","meta":{"footnotes":""},"categories":[3394,25,4],"tags":[],"class_list":["post-169829","post","type-post","status-publish","format-standard","has-post-thumbnail","category-cultura-e-spettacoli-fuori-provincia","category-pausa-caffe","category-sport"],"yoast_head":"<!-- This site is optimized with the Yoast SEO plugin v28.4 - https:\/\/yoast.com\/product\/yoast-seo-wordpress\/ -->\n<title>Biker Fest International: a Lignano Sabbiadoro tornano le \u201cmacchine mirabolanti\u201d di Italento - Bellunopress - Dolomiti<\/title>\n<meta name=\"robots\" content=\"index, follow, max-snippet:-1, max-image-preview:large, max-video-preview:-1\" \/>\n<link rel=\"canonical\" href=\"https:\/\/www.bellunopress.it\/fr\/2026\/05\/06\/biker-fest-international-a-lignano-sabbiadoro-tornano-le-macchine-mirabolanti-di-italento\/\" \/>\n<meta property=\"og:locale\" content=\"fr_FR\" \/>\n<meta property=\"og:type\" content=\"article\" \/>\n<meta property=\"og:title\" content=\"Biker Fest International: a Lignano Sabbiadoro tornano le \u201cmacchine mirabolanti\u201d di Italento - Bellunopress - Dolomiti\" \/>\n<meta property=\"og:description\" content=\"In occasione del 40\u00b0 anniversario della kermesse friulana, dal 14 al 17 maggio, la compagnia di Mauro Grassi incanter\u00e0 il pubblico con veicoli unici, tra motori aeronautici, sidecar d&#8217;epoca e il leggendario &#8220;BiCiplano&#8221;. Lignano Sabbiadoro\u00a0\u2013 Se la Biker Fest International \u00e8 da sempre il tempio della passione per le due ruote e della creativit\u00e0 motoristica, [&hellip;]\" \/>\n<meta property=\"og:url\" content=\"https:\/\/www.bellunopress.it\/fr\/2026\/05\/06\/biker-fest-international-a-lignano-sabbiadoro-tornano-le-macchine-mirabolanti-di-italento\/\" \/>\n<meta property=\"og:site_name\" content=\"Bellunopress - Dolomiti\" \/>\n<meta property=\"article:publisher\" content=\"https:\/\/www.facebook.com\/profile.php?id=100008943462799\" \/>\n<meta property=\"article:published_time\" content=\"2026-05-06T11:15:54+00:00\" \/>\n<meta property=\"og:image\" content=\"https:\/\/www.bellunopress.it\/wp-content\/uploads\/2026\/05\/Biker-Fest-International-Italento.jpg\" \/>\n\t<meta property=\"og:image:width\" content=\"600\" \/>\n\t<meta property=\"og:image:height\" content=\"450\" \/>\n\t<meta property=\"og:image:type\" content=\"image\/jpeg\" \/>\n<meta name=\"author\" content=\"redazione\" \/>\n<meta name=\"twitter:card\" content=\"summary_large_image\" \/>\n<meta name=\"twitter:creator\" content=\"@bellunopress\" \/>\n<meta name=\"twitter:site\" content=\"@bellunopress\" \/>\n<meta name=\"twitter:label1\" content=\"Written by\" \/>\n\t<meta name=\"twitter:data1\" content=\"redazione\" \/>\n\t<meta name=\"twitter:label2\" content=\"Est. reading time\" \/>\n\t<meta name=\"twitter:data2\" content=\"3 minutes\" \/>\n<script type=\"application\/ld+json\" class=\"yoast-schema-graph\">{\"@context\":\"https:\\\/\\\/schema.org\",\"@graph\":[{\"@type\":\"Article\",\"@id\":\"https:\\\/\\\/www.bellunopress.it\\\/2026\\\/05\\\/06\\\/biker-fest-international-a-lignano-sabbiadoro-tornano-le-macchine-mirabolanti-di-italento\\\/#article\",\"isPartOf\":{\"@id\":\"https:\\\/\\\/www.bellunopress.it\\\/2026\\\/05\\\/06\\\/biker-fest-international-a-lignano-sabbiadoro-tornano-le-macchine-mirabolanti-di-italento\\\/\"},\"author\":{\"name\":\"redazione\",\"@id\":\"https:\\\/\\\/www.bellunopress.it\\\/#\\\/schema\\\/person\\\/79bb06722b37ece1c03d3e94beb30d73\"},\"headline\":\"Biker Fest International: a Lignano Sabbiadoro tornano le \u201cmacchine mirabolanti\u201d di Italento\",\"datePublished\":\"2026-05-06T11:15:54+00:00\",\"mainEntityOfPage\":{\"@id\":\"https:\\\/\\\/www.bellunopress.it\\\/2026\\\/05\\\/06\\\/biker-fest-international-a-lignano-sabbiadoro-tornano-le-macchine-mirabolanti-di-italento\\\/\"},\"wordCount\":428,\"publisher\":{\"@id\":\"https:\\\/\\\/www.bellunopress.it\\\/#organization\"},\"image\":{\"@id\":\"https:\\\/\\\/www.bellunopress.it\\\/2026\\\/05\\\/06\\\/biker-fest-international-a-lignano-sabbiadoro-tornano-le-macchine-mirabolanti-di-italento\\\/#primaryimage\"},\"thumbnailUrl\":\"https:\\\/\\\/www.bellunopress.it\\\/wp-content\\\/uploads\\\/2026\\\/05\\\/Biker-Fest-International-Italento.jpg\",\"articleSection\":[\"Cultura e spettacoli, tempo libero, benessere, fuori provincia\",\"Pausa Caff\u00e8\",\"Sport, tempo libero\"],\"inLanguage\":\"fr-FR\"},{\"@type\":\"WebPage\",\"@id\":\"https:\\\/\\\/www.bellunopress.it\\\/2026\\\/05\\\/06\\\/biker-fest-international-a-lignano-sabbiadoro-tornano-le-macchine-mirabolanti-di-italento\\\/\",\"url\":\"https:\\\/\\\/www.bellunopress.it\\\/2026\\\/05\\\/06\\\/biker-fest-international-a-lignano-sabbiadoro-tornano-le-macchine-mirabolanti-di-italento\\\/\",\"name\":\"Biker Fest International: a Lignano Sabbiadoro tornano le \u201cmacchine mirabolanti\u201d di Italento - Bellunopress - Dolomiti\",\"isPartOf\":{\"@id\":\"https:\\\/\\\/www.bellunopress.it\\\/#website\"},\"primaryImageOfPage\":{\"@id\":\"https:\\\/\\\/www.bellunopress.it\\\/2026\\\/05\\\/06\\\/biker-fest-international-a-lignano-sabbiadoro-tornano-le-macchine-mirabolanti-di-italento\\\/#primaryimage\"},\"image\":{\"@id\":\"https:\\\/\\\/www.bellunopress.it\\\/2026\\\/05\\\/06\\\/biker-fest-international-a-lignano-sabbiadoro-tornano-le-macchine-mirabolanti-di-italento\\\/#primaryimage\"},\"thumbnailUrl\":\"https:\\\/\\\/www.bellunopress.it\\\/wp-content\\\/uploads\\\/2026\\\/05\\\/Biker-Fest-International-Italento.jpg\",\"datePublished\":\"2026-05-06T11:15:54+00:00\",\"breadcrumb\":{\"@id\":\"https:\\\/\\\/www.bellunopress.it\\\/2026\\\/05\\\/06\\\/biker-fest-international-a-lignano-sabbiadoro-tornano-le-macchine-mirabolanti-di-italento\\\/#breadcrumb\"},\"inLanguage\":\"fr-FR\",\"potentialAction\":[{\"@type\":\"ReadAction\",\"target\":[\"https:\\\/\\\/www.bellunopress.it\\\/2026\\\/05\\\/06\\\/biker-fest-international-a-lignano-sabbiadoro-tornano-le-macchine-mirabolanti-di-italento\\\/\"]}]},{\"@type\":\"ImageObject\",\"inLanguage\":\"fr-FR\",\"@id\":\"https:\\\/\\\/www.bellunopress.it\\\/2026\\\/05\\\/06\\\/biker-fest-international-a-lignano-sabbiadoro-tornano-le-macchine-mirabolanti-di-italento\\\/#primaryimage\",\"url\":\"https:\\\/\\\/www.bellunopress.it\\\/wp-content\\\/uploads\\\/2026\\\/05\\\/Biker-Fest-International-Italento.jpg\",\"contentUrl\":\"https:\\\/\\\/www.bellunopress.it\\\/wp-content\\\/uploads\\\/2026\\\/05\\\/Biker-Fest-International-Italento.jpg\",\"width\":600,\"height\":450},{\"@type\":\"BreadcrumbList\",\"@id\":\"https:\\\/\\\/www.bellunopress.it\\\/2026\\\/05\\\/06\\\/biker-fest-international-a-lignano-sabbiadoro-tornano-le-macchine-mirabolanti-di-italento\\\/#breadcrumb\",\"itemListElement\":[{\"@type\":\"ListItem\",\"position\":1,\"name\":\"Home\",\"item\":\"https:\\\/\\\/www.bellunopress.it\\\/\"},{\"@type\":\"ListItem\",\"position\":2,\"name\":\"Biker Fest International: a Lignano Sabbiadoro tornano le \u201cmacchine mirabolanti\u201d di Italento\"}]},{\"@type\":\"WebSite\",\"@id\":\"https:\\\/\\\/www.bellunopress.it\\\/#website\",\"url\":\"https:\\\/\\\/www.bellunopress.it\\\/\",\"name\":\"Bellunopress - Dolomiti\",\"description\":\"e-mail: redazione@bellunopress.it\",\"publisher\":{\"@id\":\"https:\\\/\\\/www.bellunopress.it\\\/#organization\"},\"potentialAction\":[{\"@type\":\"SearchAction\",\"target\":{\"@type\":\"EntryPoint\",\"urlTemplate\":\"https:\\\/\\\/www.bellunopress.it\\\/?s={search_term_string}\"},\"query-input\":{\"@type\":\"PropertyValueSpecification\",\"valueRequired\":true,\"valueName\":\"search_term_string\"}}],\"inLanguage\":\"fr-FR\"},{\"@type\":\"Organization\",\"@id\":\"https:\\\/\\\/www.bellunopress.it\\\/#organization\",\"name\":\"Bellunopress\",\"url\":\"https:\\\/\\\/www.bellunopress.it\\\/\",\"logo\":{\"@type\":\"ImageObject\",\"inLanguage\":\"fr-FR\",\"@id\":\"https:\\\/\\\/www.bellunopress.it\\\/#\\\/schema\\\/logo\\\/image\\\/\",\"url\":\"https:\\\/\\\/www.bellunopress.it\\\/wp-content\\\/uploads\\\/2011\\\/05\\\/cropped-logo-bellunopress-.jpg\",\"contentUrl\":\"https:\\\/\\\/www.bellunopress.it\\\/wp-content\\\/uploads\\\/2011\\\/05\\\/cropped-logo-bellunopress-.jpg\",\"width\":512,\"height\":512,\"caption\":\"Bellunopress\"},\"image\":{\"@id\":\"https:\\\/\\\/www.bellunopress.it\\\/#\\\/schema\\\/logo\\\/image\\\/\"},\"sameAs\":[\"https:\\\/\\\/www.facebook.com\\\/profile.php?id=100008943462799\",\"https:\\\/\\\/x.com\\\/bellunopress\",\"https:\\\/\\\/www.linkedin.com\\\/hp\\\/?dnr=JBzUWaJfMUw8vbXJJ2tVW5-I3jZKvC4wsoxE&amp;amp;amp;amp;amp;amp;trk=nav_responsive_tab_home\",\"https:\\\/\\\/www.youtube.com\\\/channel\\\/UCxL0wu1uN0_3_7hGG0306cw\"]},{\"@type\":\"Person\",\"@id\":\"https:\\\/\\\/www.bellunopress.it\\\/#\\\/schema\\\/person\\\/79bb06722b37ece1c03d3e94beb30d73\",\"name\":\"redazione\",\"image\":{\"@type\":\"ImageObject\",\"inLanguage\":\"fr-FR\",\"@id\":\"https:\\\/\\\/secure.gravatar.com\\\/avatar\\\/37d968a2e67a6fd04c169c4bdef102d0bc5d31b2546345219e348575eb80e9a0?s=96&d=mm&r=g\",\"url\":\"https:\\\/\\\/secure.gravatar.com\\\/avatar\\\/37d968a2e67a6fd04c169c4bdef102d0bc5d31b2546345219e348575eb80e9a0?s=96&d=mm&r=g\",\"contentUrl\":\"https:\\\/\\\/secure.gravatar.com\\\/avatar\\\/37d968a2e67a6fd04c169c4bdef102d0bc5d31b2546345219e348575eb80e9a0?s=96&d=mm&r=g\",\"caption\":\"redazione\"},\"sameAs\":[\"http:\\\/\\\/www.bellunopress.it\",\"https:\\\/\\\/x.com\\\/bellunopress\"],\"url\":\"https:\\\/\\\/www.bellunopress.it\\\/fr\\\/author\\\/redazione\\\/\"}]}<\/script>\n<!-- \/ Yoast SEO plugin. -->","yoast_head_json":{"title":"Biker Fest International: a Lignano Sabbiadoro tornano le \u201cmacchine mirabolanti\u201d di Italento - Bellunopress - Dolomiti","robots":{"index":"index","follow":"follow","max-snippet":"max-snippet:-1","max-image-preview":"max-image-preview:large","max-video-preview":"max-video-preview:-1"},"canonical":"https:\/\/www.bellunopress.it\/fr\/2026\/05\/06\/biker-fest-international-a-lignano-sabbiadoro-tornano-le-macchine-mirabolanti-di-italento\/","og_locale":"fr_FR","og_type":"article","og_title":"Biker Fest International: a Lignano Sabbiadoro tornano le \u201cmacchine mirabolanti\u201d di Italento - Bellunopress - Dolomiti","og_description":"In occasione del 40\u00b0 anniversario della kermesse friulana, dal 14 al 17 maggio, la compagnia di Mauro Grassi incanter\u00e0 il pubblico con veicoli unici, tra motori aeronautici, sidecar d&#8217;epoca e il leggendario &#8220;BiCiplano&#8221;. Lignano Sabbiadoro\u00a0\u2013 Se la Biker Fest International \u00e8 da sempre il tempio della passione per le due ruote e della creativit\u00e0 motoristica, [&hellip;]","og_url":"https:\/\/www.bellunopress.it\/fr\/2026\/05\/06\/biker-fest-international-a-lignano-sabbiadoro-tornano-le-macchine-mirabolanti-di-italento\/","og_site_name":"Bellunopress - Dolomiti","article_publisher":"https:\/\/www.facebook.com\/profile.php?id=100008943462799","article_published_time":"2026-05-06T11:15:54+00:00","og_image":[{"width":600,"height":450,"url":"https:\/\/www.bellunopress.it\/wp-content\/uploads\/2026\/05\/Biker-Fest-International-Italento.jpg","type":"image\/jpeg"}],"author":"redazione","twitter_card":"summary_large_image","twitter_creator":"@bellunopress","twitter_site":"@bellunopress","twitter_misc":{"Written by":"redazione","Est. reading time":"3 minutes"},"schema":{"@context":"https:\/\/schema.org","@graph":[{"@type":"Article","@id":"https:\/\/www.bellunopress.it\/2026\/05\/06\/biker-fest-international-a-lignano-sabbiadoro-tornano-le-macchine-mirabolanti-di-italento\/#article","isPartOf":{"@id":"https:\/\/www.bellunopress.it\/2026\/05\/06\/biker-fest-international-a-lignano-sabbiadoro-tornano-le-macchine-mirabolanti-di-italento\/"},"author":{"name":"redazione","@id":"https:\/\/www.bellunopress.it\/#\/schema\/person\/79bb06722b37ece1c03d3e94beb30d73"},"headline":"Biker Fest International: a Lignano Sabbiadoro tornano le \u201cmacchine mirabolanti\u201d di Italento","datePublished":"2026-05-06T11:15:54+00:00","mainEntityOfPage":{"@id":"https:\/\/www.bellunopress.it\/2026\/05\/06\/biker-fest-international-a-lignano-sabbiadoro-tornano-le-macchine-mirabolanti-di-italento\/"},"wordCount":428,"publisher":{"@id":"https:\/\/www.bellunopress.it\/#organization"},"image":{"@id":"https:\/\/www.bellunopress.it\/2026\/05\/06\/biker-fest-international-a-lignano-sabbiadoro-tornano-le-macchine-mirabolanti-di-italento\/#primaryimage"},"thumbnailUrl":"https:\/\/www.bellunopress.it\/wp-content\/uploads\/2026\/05\/Biker-Fest-International-Italento.jpg","articleSection":["Cultura e spettacoli, tempo libero, benessere, fuori provincia","Pausa Caff\u00e8","Sport, tempo libero"],"inLanguage":"fr-FR"},{"@type":"WebPage","@id":"https:\/\/www.bellunopress.it\/2026\/05\/06\/biker-fest-international-a-lignano-sabbiadoro-tornano-le-macchine-mirabolanti-di-italento\/","url":"https:\/\/www.bellunopress.it\/2026\/05\/06\/biker-fest-international-a-lignano-sabbiadoro-tornano-le-macchine-mirabolanti-di-italento\/","name":"Biker Fest International: a Lignano Sabbiadoro tornano le \u201cmacchine mirabolanti\u201d di Italento - Bellunopress - Dolomiti","isPartOf":{"@id":"https:\/\/www.bellunopress.it\/#website"},"primaryImageOfPage":{"@id":"https:\/\/www.bellunopress.it\/2026\/05\/06\/biker-fest-international-a-lignano-sabbiadoro-tornano-le-macchine-mirabolanti-di-italento\/#primaryimage"},"image":{"@id":"https:\/\/www.bellunopress.it\/2026\/05\/06\/biker-fest-international-a-lignano-sabbiadoro-tornano-le-macchine-mirabolanti-di-italento\/#primaryimage"},"thumbnailUrl":"https:\/\/www.bellunopress.it\/wp-content\/uploads\/2026\/05\/Biker-Fest-International-Italento.jpg","datePublished":"2026-05-06T11:15:54+00:00","breadcrumb":{"@id":"https:\/\/www.bellunopress.it\/2026\/05\/06\/biker-fest-international-a-lignano-sabbiadoro-tornano-le-macchine-mirabolanti-di-italento\/#breadcrumb"},"inLanguage":"fr-FR","potentialAction":[{"@type":"ReadAction","target":["https:\/\/www.bellunopress.it\/2026\/05\/06\/biker-fest-international-a-lignano-sabbiadoro-tornano-le-macchine-mirabolanti-di-italento\/"]}]},{"@type":"ImageObject","inLanguage":"fr-FR","@id":"https:\/\/www.bellunopress.it\/2026\/05\/06\/biker-fest-international-a-lignano-sabbiadoro-tornano-le-macchine-mirabolanti-di-italento\/#primaryimage","url":"https:\/\/www.bellunopress.it\/wp-content\/uploads\/2026\/05\/Biker-Fest-International-Italento.jpg","contentUrl":"https:\/\/www.bellunopress.it\/wp-content\/uploads\/2026\/05\/Biker-Fest-International-Italento.jpg","width":600,"height":450},{"@type":"BreadcrumbList","@id":"https:\/\/www.bellunopress.it\/2026\/05\/06\/biker-fest-international-a-lignano-sabbiadoro-tornano-le-macchine-mirabolanti-di-italento\/#breadcrumb","itemListElement":[{"@type":"ListItem","position":1,"name":"Home","item":"https:\/\/www.bellunopress.it\/"},{"@type":"ListItem","position":2,"name":"Biker Fest International: a Lignano Sabbiadoro tornano le \u201cmacchine mirabolanti\u201d di Italento"}]},{"@type":"WebSite","@id":"https:\/\/www.bellunopress.it\/#website","url":"https:\/\/www.bellunopress.it\/","name":"Bellunopress - Dolomiti","description":"e-mail: redazione@bellunopress.it","publisher":{"@id":"https:\/\/www.bellunopress.it\/#organization"},"potentialAction":[{"@type":"SearchAction","target":{"@type":"EntryPoint","urlTemplate":"https:\/\/www.bellunopress.it\/?s={search_term_string}"},"query-input":{"@type":"PropertyValueSpecification","valueRequired":true,"valueName":"search_term_string"}}],"inLanguage":"fr-FR"},{"@type":"Organization","@id":"https:\/\/www.bellunopress.it\/#organization","name":"Bellunopress","url":"https:\/\/www.bellunopress.it\/","logo":{"@type":"ImageObject","inLanguage":"fr-FR","@id":"https:\/\/www.bellunopress.it\/#\/schema\/logo\/image\/","url":"https:\/\/www.bellunopress.it\/wp-content\/uploads\/2011\/05\/cropped-logo-bellunopress-.jpg","contentUrl":"https:\/\/www.bellunopress.it\/wp-content\/uploads\/2011\/05\/cropped-logo-bellunopress-.jpg","width":512,"height":512,"caption":"Bellunopress"},"image":{"@id":"https:\/\/www.bellunopress.it\/#\/schema\/logo\/image\/"},"sameAs":["https:\/\/www.facebook.com\/profile.php?id=100008943462799","https:\/\/x.com\/bellunopress","https:\/\/www.linkedin.com\/hp\/?dnr=JBzUWaJfMUw8vbXJJ2tVW5-I3jZKvC4wsoxE&amp;amp;amp;amp;amp;amp;trk=nav_responsive_tab_home","https:\/\/www.youtube.com\/channel\/UCxL0wu1uN0_3_7hGG0306cw"]},{"@type":"Person","@id":"https:\/\/www.bellunopress.it\/#\/schema\/person\/79bb06722b37ece1c03d3e94beb30d73","name":"r\u00e9daction","image":{"@type":"ImageObject","inLanguage":"fr-FR","@id":"https:\/\/secure.gravatar.com\/avatar\/37d968a2e67a6fd04c169c4bdef102d0bc5d31b2546345219e348575eb80e9a0?s=96&d=mm&r=g","url":"https:\/\/secure.gravatar.com\/avatar\/37d968a2e67a6fd04c169c4bdef102d0bc5d31b2546345219e348575eb80e9a0?s=96&d=mm&r=g","contentUrl":"https:\/\/secure.gravatar.com\/avatar\/37d968a2e67a6fd04c169c4bdef102d0bc5d31b2546345219e348575eb80e9a0?s=96&d=mm&r=g","caption":"redazione"},"sameAs":["http:\/\/www.bellunopress.it","https:\/\/x.com\/bellunopress"],"url":"https:\/\/www.bellunopress.it\/fr\/author\/redazione\/"}]}},"_links":{"self":[{"href":"https:\/\/www.bellunopress.it\/fr\/wp-json\/wp\/v2\/posts\/169829","targetHints":{"allow":["GET"]}}],"collection":[{"href":"https:\/\/www.bellunopress.it\/fr\/wp-json\/wp\/v2\/posts"}],"about":[{"href":"https:\/\/www.bellunopress.it\/fr\/wp-json\/wp\/v2\/types\/post"}],"author":[{"embeddable":true,"href":"https:\/\/www.bellunopress.it\/fr\/wp-json\/wp\/v2\/users\/2"}],"replies":[{"embeddable":true,"href":"https:\/\/www.bellunopress.it\/fr\/wp-json\/wp\/v2\/comments?post=169829"}],"version-history":[{"count":1,"href":"https:\/\/www.bellunopress.it\/fr\/wp-json\/wp\/v2\/posts\/169829\/revisions"}],"predecessor-version":[{"id":169831,"href":"https:\/\/www.bellunopress.it\/fr\/wp-json\/wp\/v2\/posts\/169829\/revisions\/169831"}],"wp:featuredmedia":[{"embeddable":true,"href":"https:\/\/www.bellunopress.it\/fr\/wp-json\/wp\/v2\/media\/169830"}],"wp:attachment":[{"href":"https:\/\/www.bellunopress.it\/fr\/wp-json\/wp\/v2\/media?parent=169829"}],"wp:term":[{"taxonomy":"category","embeddable":true,"href":"https:\/\/www.bellunopress.it\/fr\/wp-json\/wp\/v2\/categories?post=169829"},{"taxonomy":"post_tag","embeddable":true,"href":"https:\/\/www.bellunopress.it\/fr\/wp-json\/wp\/v2\/tags?post=169829"}],"curies":[{"name":"wp","href":"https:\/\/api.w.org\/{rel}","templated":true}]}}