{"id":169814,"date":"2026-05-06T08:22:14","date_gmt":"2026-05-06T06:22:14","guid":{"rendered":"https:\/\/www.bellunopress.it\/?p=169814"},"modified":"2026-05-06T18:18:09","modified_gmt":"2026-05-06T16:18:09","slug":"56-anni-fa-la-tragedia-alla-kent-state-la-guardia-nazionale-apre-il-fuoco-sugli-studenti-quattro-morti","status":"publish","type":"post","link":"https:\/\/www.bellunopress.it\/fr\/2026\/05\/06\/56-anni-fa-la-tragedia-alla-kent-state-la-guardia-nazionale-apre-il-fuoco-sugli-studenti-quattro-morti\/","title":{"rendered":"56 anni fa la tragedia alla Kent State: la Guardia Nazionale apre il fuoco sugli studenti, quattro morti"},"content":{"rendered":"<p>Kent, Ohio, 4 maggio 1970 \u2013 Quello che era iniziato come un grido di protesta contro l&#8217;espansione della guerra in Cambogia si \u00e8 trasformato in un pomeriggio di sangue e terrore nel campus della Kent State University. In tredici secondi che cambieranno per sempre il volto del dissenso americano, la Guardia Nazionale dell&#8217;Ohio ha aperto il fuoco sulla folla, lasciando sul terreno quattro studenti senza vita e nove feriti.<\/p>\n<p>Verso mezzogiorno, circa duemila persone si erano radunate nei pressi della Commons, l&#8217;area verde al centro del campus, nonostante il divieto di assembramento imposto dalle autorit\u00e0. La tensione, accumulata in giorni di scontri e dopo l&#8217;incendio dell&#8217;edificio del ROTC (il corpo di addestramento per ufficiali di riserva), \u00e8 esplosa quando circa cento uomini della Guardia Nazionale, armati di fucili M1 carichi, hanno tentato di disperdere la folla con i gas lacrimogeni.<\/p>\n<p>Dopo aver inseguito i manifestanti verso un campo da atletica, i soldati hanno iniziato a ripiegare verso la cima della collina di Taylor Hall. Qui, alle 12:24, circa 28 militari si sono voltati e hanno scaricato i loro caricatori. Bilancio, 4 morti e 9 feriti.<\/p>\n<p>&#8220;\u00c8 stato un massacro improvviso,&#8221; racconta un testimone oculare. &#8220;Pensavamo sparassero a salve, poi abbiamo visto il cemento scheggiarsi e i ragazzi cadere. Non c&#8217;era alcun motivo per sparare.&#8221;<\/p>\n<p>Il terreno, teatro delle proteste contro la recente decisione del Presidente Nixon di invadere la Cambogia, \u00e8 ora segnato da pozze di sangue. Le vittime identificate sono:<\/p>\n<p>Allison Krause, 19 anni<\/p>\n<p>Jeffrey Miller, 20 anni<\/p>\n<p>Sandra Scheuer, 20 anni<\/p>\n<p>William Schroeder, 19 anni<\/p>\n<p>Secondo le prime ricostruzioni, Scheuer e Schroeder non stavano nemmeno partecipando attivamente alla protesta, ma si stavano semplicemente recando a lezione tra un edificio e l&#8217;altro.<\/p>\n<p>La sparatoria della Kent State segna il punto di non ritorno per il movimento anti-bellico. Le immagini che giungono dal campus \u2013 in particolare quella di una giovane donna che urla disperata sul corpo di Jeffrey Miller \u2013 stanno gi\u00e0 facendo il giro del mondo, diventando il simbolo di una nazione in guerra con se stessa.<\/p>\n<p>Mentre il governatore dell&#8217;Ohio, James Rhodes, aveva precedentemente descritto i manifestanti come &#8220;la peggiore sorta di persone che ospitiamo in America&#8221;, i critici ora accusano lo Stato di aver risposto con la forza letale a una generazione che chiedeva solo di essere ascoltata.<\/p>\n<p>Il campus \u00e8 stato immediatamente chiuso e gli studenti sono stati invitati a tornare a casa. Tuttavia, l&#8217;eco di questi spari promette di innescare uno sciopero studentesco senza precedenti in tutti gli Stati Uniti. Il &#8220;fronte interno&#8221; della Guerra del Vietnam non \u00e8 mai stato cos\u00ec vicino e cos\u00ec tragico.<\/p>\n<p>La band Crosby, Stills, Nash &amp; Young d\u00e0 voce alla tragedia. David Crosby mostra le foto pubblicate dalla rivista Life a Neil Young. Profondamente scosso, Young prende la chitarra e compone il pezzo in circa 15 minuti. &#8220;<a href=\"https:\/\/www.youtube.com\/watch?v=MN_9VqfVQ9c&amp;list=RDMN_9VqfVQ9c&amp;start_radio=1\">Ohio<\/a>&#8221; diventa il grido di battaglia di un&#8217;intera generazione che si sente sotto attacco dal proprio stesso governo.<\/p>","protected":false},"excerpt":{"rendered":"<p>Kent, Ohio, 4 maggio 1970 \u2013 Quello che era iniziato come un grido di protesta contro l&#8217;espansione della guerra in Cambogia si \u00e8 trasformato in un pomeriggio di sangue e terrore nel campus della Kent State University. In tredici secondi che cambieranno per sempre il volto del dissenso americano, la Guardia Nazionale dell&#8217;Ohio ha aperto [&hellip;]<\/p>\n","protected":false},"author":2,"featured_media":169815,"comment_status":"closed","ping_status":"open","sticky":false,"template":"","format":"standard","meta":{"footnotes":""},"categories":[3446,26,8],"tags":[],"class_list":["post-169814","post","type-post","status-publish","format-standard","has-post-thumbnail","category-featured","category-prima-pagina","category-societa-istituzioni"],"yoast_head":"<!-- This site is optimized with the Yoast SEO plugin v28.4 - https:\/\/yoast.com\/product\/yoast-seo-wordpress\/ -->\n<title>56 anni fa la tragedia alla Kent State: la Guardia Nazionale apre il fuoco sugli studenti, quattro morti - Bellunopress - Dolomiti<\/title>\n<meta name=\"robots\" content=\"index, follow, max-snippet:-1, max-image-preview:large, max-video-preview:-1\" \/>\n<link rel=\"canonical\" href=\"https:\/\/www.bellunopress.it\/fr\/2026\/05\/06\/56-anni-fa-la-tragedia-alla-kent-state-la-guardia-nazionale-apre-il-fuoco-sugli-studenti-quattro-morti\/\" \/>\n<meta property=\"og:locale\" content=\"fr_FR\" \/>\n<meta property=\"og:type\" content=\"article\" \/>\n<meta property=\"og:title\" content=\"56 anni fa la tragedia alla Kent State: la Guardia Nazionale apre il fuoco sugli studenti, quattro morti - Bellunopress - Dolomiti\" \/>\n<meta property=\"og:description\" content=\"Kent, Ohio, 4 maggio 1970 \u2013 Quello che era iniziato come un grido di protesta contro l&#8217;espansione della guerra in Cambogia si \u00e8 trasformato in un pomeriggio di sangue e terrore nel campus della Kent State University. In tredici secondi che cambieranno per sempre il volto del dissenso americano, la Guardia Nazionale dell&#8217;Ohio ha aperto [&hellip;]\" \/>\n<meta property=\"og:url\" content=\"https:\/\/www.bellunopress.it\/fr\/2026\/05\/06\/56-anni-fa-la-tragedia-alla-kent-state-la-guardia-nazionale-apre-il-fuoco-sugli-studenti-quattro-morti\/\" \/>\n<meta property=\"og:site_name\" content=\"Bellunopress - Dolomiti\" \/>\n<meta property=\"article:publisher\" content=\"https:\/\/www.facebook.com\/profile.php?id=100008943462799\" \/>\n<meta property=\"article:published_time\" content=\"2026-05-06T06:22:14+00:00\" \/>\n<meta property=\"article:modified_time\" content=\"2026-05-06T16:18:09+00:00\" \/>\n<meta property=\"og:image\" content=\"https:\/\/www.bellunopress.it\/wp-content\/uploads\/2026\/05\/Contestazione-giovanile-anni-70-America.jpg\" \/>\n\t<meta property=\"og:image:width\" content=\"600\" \/>\n\t<meta property=\"og:image:height\" content=\"327\" \/>\n\t<meta property=\"og:image:type\" content=\"image\/jpeg\" \/>\n<meta name=\"author\" content=\"redazione\" \/>\n<meta name=\"twitter:card\" content=\"summary_large_image\" \/>\n<meta name=\"twitter:creator\" content=\"@bellunopress\" \/>\n<meta name=\"twitter:site\" content=\"@bellunopress\" \/>\n<meta name=\"twitter:label1\" content=\"\u00c9crit par\" \/>\n\t<meta name=\"twitter:data1\" content=\"redazione\" \/>\n\t<meta name=\"twitter:label2\" content=\"Dur\u00e9e de lecture estim\u00e9e\" \/>\n\t<meta name=\"twitter:data2\" content=\"3 minutes\" \/>\n<script type=\"application\/ld+json\" class=\"yoast-schema-graph\">{\"@context\":\"https:\\\/\\\/schema.org\",\"@graph\":[{\"@type\":\"Article\",\"@id\":\"https:\\\/\\\/www.bellunopress.it\\\/2026\\\/05\\\/06\\\/56-anni-fa-la-tragedia-alla-kent-state-la-guardia-nazionale-apre-il-fuoco-sugli-studenti-quattro-morti\\\/#article\",\"isPartOf\":{\"@id\":\"https:\\\/\\\/www.bellunopress.it\\\/2026\\\/05\\\/06\\\/56-anni-fa-la-tragedia-alla-kent-state-la-guardia-nazionale-apre-il-fuoco-sugli-studenti-quattro-morti\\\/\"},\"author\":{\"name\":\"redazione\",\"@id\":\"https:\\\/\\\/www.bellunopress.it\\\/#\\\/schema\\\/person\\\/79bb06722b37ece1c03d3e94beb30d73\"},\"headline\":\"56 anni fa la tragedia alla Kent State: la Guardia Nazionale apre il fuoco sugli studenti, quattro morti\",\"datePublished\":\"2026-05-06T06:22:14+00:00\",\"dateModified\":\"2026-05-06T16:18:09+00:00\",\"mainEntityOfPage\":{\"@id\":\"https:\\\/\\\/www.bellunopress.it\\\/2026\\\/05\\\/06\\\/56-anni-fa-la-tragedia-alla-kent-state-la-guardia-nazionale-apre-il-fuoco-sugli-studenti-quattro-morti\\\/\"},\"wordCount\":494,\"publisher\":{\"@id\":\"https:\\\/\\\/www.bellunopress.it\\\/#organization\"},\"image\":{\"@id\":\"https:\\\/\\\/www.bellunopress.it\\\/2026\\\/05\\\/06\\\/56-anni-fa-la-tragedia-alla-kent-state-la-guardia-nazionale-apre-il-fuoco-sugli-studenti-quattro-morti\\\/#primaryimage\"},\"thumbnailUrl\":\"https:\\\/\\\/www.bellunopress.it\\\/wp-content\\\/uploads\\\/2026\\\/05\\\/Contestazione-giovanile-anni-70-America.jpg\",\"articleSection\":[\"Featured\",\"Prima Pagina\",\"Societ\u00e0, Associazioni, Istituzioni\"],\"inLanguage\":\"fr-FR\"},{\"@type\":\"WebPage\",\"@id\":\"https:\\\/\\\/www.bellunopress.it\\\/2026\\\/05\\\/06\\\/56-anni-fa-la-tragedia-alla-kent-state-la-guardia-nazionale-apre-il-fuoco-sugli-studenti-quattro-morti\\\/\",\"url\":\"https:\\\/\\\/www.bellunopress.it\\\/2026\\\/05\\\/06\\\/56-anni-fa-la-tragedia-alla-kent-state-la-guardia-nazionale-apre-il-fuoco-sugli-studenti-quattro-morti\\\/\",\"name\":\"56 anni fa la tragedia alla Kent State: la Guardia Nazionale apre il fuoco sugli studenti, quattro morti - Bellunopress - Dolomiti\",\"isPartOf\":{\"@id\":\"https:\\\/\\\/www.bellunopress.it\\\/#website\"},\"primaryImageOfPage\":{\"@id\":\"https:\\\/\\\/www.bellunopress.it\\\/2026\\\/05\\\/06\\\/56-anni-fa-la-tragedia-alla-kent-state-la-guardia-nazionale-apre-il-fuoco-sugli-studenti-quattro-morti\\\/#primaryimage\"},\"image\":{\"@id\":\"https:\\\/\\\/www.bellunopress.it\\\/2026\\\/05\\\/06\\\/56-anni-fa-la-tragedia-alla-kent-state-la-guardia-nazionale-apre-il-fuoco-sugli-studenti-quattro-morti\\\/#primaryimage\"},\"thumbnailUrl\":\"https:\\\/\\\/www.bellunopress.it\\\/wp-content\\\/uploads\\\/2026\\\/05\\\/Contestazione-giovanile-anni-70-America.jpg\",\"datePublished\":\"2026-05-06T06:22:14+00:00\",\"dateModified\":\"2026-05-06T16:18:09+00:00\",\"breadcrumb\":{\"@id\":\"https:\\\/\\\/www.bellunopress.it\\\/2026\\\/05\\\/06\\\/56-anni-fa-la-tragedia-alla-kent-state-la-guardia-nazionale-apre-il-fuoco-sugli-studenti-quattro-morti\\\/#breadcrumb\"},\"inLanguage\":\"fr-FR\",\"potentialAction\":[{\"@type\":\"ReadAction\",\"target\":[\"https:\\\/\\\/www.bellunopress.it\\\/2026\\\/05\\\/06\\\/56-anni-fa-la-tragedia-alla-kent-state-la-guardia-nazionale-apre-il-fuoco-sugli-studenti-quattro-morti\\\/\"]}]},{\"@type\":\"ImageObject\",\"inLanguage\":\"fr-FR\",\"@id\":\"https:\\\/\\\/www.bellunopress.it\\\/2026\\\/05\\\/06\\\/56-anni-fa-la-tragedia-alla-kent-state-la-guardia-nazionale-apre-il-fuoco-sugli-studenti-quattro-morti\\\/#primaryimage\",\"url\":\"https:\\\/\\\/www.bellunopress.it\\\/wp-content\\\/uploads\\\/2026\\\/05\\\/Contestazione-giovanile-anni-70-America.jpg\",\"contentUrl\":\"https:\\\/\\\/www.bellunopress.it\\\/wp-content\\\/uploads\\\/2026\\\/05\\\/Contestazione-giovanile-anni-70-America.jpg\",\"width\":600,\"height\":327,\"caption\":\"Immagine creata con AI che rappresenta la contestazione giovanile degli anni '70 negli Usa\"},{\"@type\":\"BreadcrumbList\",\"@id\":\"https:\\\/\\\/www.bellunopress.it\\\/2026\\\/05\\\/06\\\/56-anni-fa-la-tragedia-alla-kent-state-la-guardia-nazionale-apre-il-fuoco-sugli-studenti-quattro-morti\\\/#breadcrumb\",\"itemListElement\":[{\"@type\":\"ListItem\",\"position\":1,\"name\":\"Home\",\"item\":\"https:\\\/\\\/www.bellunopress.it\\\/\"},{\"@type\":\"ListItem\",\"position\":2,\"name\":\"56 anni fa la tragedia alla Kent State: la Guardia Nazionale apre il fuoco sugli studenti, quattro morti\"}]},{\"@type\":\"WebSite\",\"@id\":\"https:\\\/\\\/www.bellunopress.it\\\/#website\",\"url\":\"https:\\\/\\\/www.bellunopress.it\\\/\",\"name\":\"Bellunopress - Dolomiti\",\"description\":\"e-mail: redazione@bellunopress.it\",\"publisher\":{\"@id\":\"https:\\\/\\\/www.bellunopress.it\\\/#organization\"},\"potentialAction\":[{\"@type\":\"SearchAction\",\"target\":{\"@type\":\"EntryPoint\",\"urlTemplate\":\"https:\\\/\\\/www.bellunopress.it\\\/?s={search_term_string}\"},\"query-input\":{\"@type\":\"PropertyValueSpecification\",\"valueRequired\":true,\"valueName\":\"search_term_string\"}}],\"inLanguage\":\"fr-FR\"},{\"@type\":\"Organization\",\"@id\":\"https:\\\/\\\/www.bellunopress.it\\\/#organization\",\"name\":\"Bellunopress\",\"url\":\"https:\\\/\\\/www.bellunopress.it\\\/\",\"logo\":{\"@type\":\"ImageObject\",\"inLanguage\":\"fr-FR\",\"@id\":\"https:\\\/\\\/www.bellunopress.it\\\/#\\\/schema\\\/logo\\\/image\\\/\",\"url\":\"https:\\\/\\\/www.bellunopress.it\\\/wp-content\\\/uploads\\\/2011\\\/05\\\/cropped-logo-bellunopress-.jpg\",\"contentUrl\":\"https:\\\/\\\/www.bellunopress.it\\\/wp-content\\\/uploads\\\/2011\\\/05\\\/cropped-logo-bellunopress-.jpg\",\"width\":512,\"height\":512,\"caption\":\"Bellunopress\"},\"image\":{\"@id\":\"https:\\\/\\\/www.bellunopress.it\\\/#\\\/schema\\\/logo\\\/image\\\/\"},\"sameAs\":[\"https:\\\/\\\/www.facebook.com\\\/profile.php?id=100008943462799\",\"https:\\\/\\\/x.com\\\/bellunopress\",\"https:\\\/\\\/www.linkedin.com\\\/hp\\\/?dnr=JBzUWaJfMUw8vbXJJ2tVW5-I3jZKvC4wsoxE&amp;amp;amp;amp;amp;amp;trk=nav_responsive_tab_home\",\"https:\\\/\\\/www.youtube.com\\\/channel\\\/UCxL0wu1uN0_3_7hGG0306cw\"]},{\"@type\":\"Person\",\"@id\":\"https:\\\/\\\/www.bellunopress.it\\\/#\\\/schema\\\/person\\\/79bb06722b37ece1c03d3e94beb30d73\",\"name\":\"redazione\",\"image\":{\"@type\":\"ImageObject\",\"inLanguage\":\"fr-FR\",\"@id\":\"https:\\\/\\\/secure.gravatar.com\\\/avatar\\\/37d968a2e67a6fd04c169c4bdef102d0bc5d31b2546345219e348575eb80e9a0?s=96&d=mm&r=g\",\"url\":\"https:\\\/\\\/secure.gravatar.com\\\/avatar\\\/37d968a2e67a6fd04c169c4bdef102d0bc5d31b2546345219e348575eb80e9a0?s=96&d=mm&r=g\",\"contentUrl\":\"https:\\\/\\\/secure.gravatar.com\\\/avatar\\\/37d968a2e67a6fd04c169c4bdef102d0bc5d31b2546345219e348575eb80e9a0?s=96&d=mm&r=g\",\"caption\":\"redazione\"},\"sameAs\":[\"http:\\\/\\\/www.bellunopress.it\",\"https:\\\/\\\/x.com\\\/bellunopress\"],\"url\":\"https:\\\/\\\/www.bellunopress.it\\\/fr\\\/author\\\/redazione\\\/\"}]}<\/script>\n<!-- \/ Yoast SEO plugin. -->","yoast_head_json":{"title":"56 anni fa la tragedia alla Kent State: la Guardia Nazionale apre il fuoco sugli studenti, quattro morti - Bellunopress - Dolomiti","robots":{"index":"index","follow":"follow","max-snippet":"max-snippet:-1","max-image-preview":"max-image-preview:large","max-video-preview":"max-video-preview:-1"},"canonical":"https:\/\/www.bellunopress.it\/fr\/2026\/05\/06\/56-anni-fa-la-tragedia-alla-kent-state-la-guardia-nazionale-apre-il-fuoco-sugli-studenti-quattro-morti\/","og_locale":"fr_FR","og_type":"article","og_title":"56 anni fa la tragedia alla Kent State: la Guardia Nazionale apre il fuoco sugli studenti, quattro morti - Bellunopress - Dolomiti","og_description":"Kent, Ohio, 4 maggio 1970 \u2013 Quello che era iniziato come un grido di protesta contro l&#8217;espansione della guerra in Cambogia si \u00e8 trasformato in un pomeriggio di sangue e terrore nel campus della Kent State University. In tredici secondi che cambieranno per sempre il volto del dissenso americano, la Guardia Nazionale dell&#8217;Ohio ha aperto [&hellip;]","og_url":"https:\/\/www.bellunopress.it\/fr\/2026\/05\/06\/56-anni-fa-la-tragedia-alla-kent-state-la-guardia-nazionale-apre-il-fuoco-sugli-studenti-quattro-morti\/","og_site_name":"Bellunopress - Dolomiti","article_publisher":"https:\/\/www.facebook.com\/profile.php?id=100008943462799","article_published_time":"2026-05-06T06:22:14+00:00","article_modified_time":"2026-05-06T16:18:09+00:00","og_image":[{"width":600,"height":327,"url":"https:\/\/www.bellunopress.it\/wp-content\/uploads\/2026\/05\/Contestazione-giovanile-anni-70-America.jpg","type":"image\/jpeg"}],"author":"redazione","twitter_card":"summary_large_image","twitter_creator":"@bellunopress","twitter_site":"@bellunopress","twitter_misc":{"\u00c9crit par":"redazione","Dur\u00e9e de lecture estim\u00e9e":"3 minutes"},"schema":{"@context":"https:\/\/schema.org","@graph":[{"@type":"Article","@id":"https:\/\/www.bellunopress.it\/2026\/05\/06\/56-anni-fa-la-tragedia-alla-kent-state-la-guardia-nazionale-apre-il-fuoco-sugli-studenti-quattro-morti\/#article","isPartOf":{"@id":"https:\/\/www.bellunopress.it\/2026\/05\/06\/56-anni-fa-la-tragedia-alla-kent-state-la-guardia-nazionale-apre-il-fuoco-sugli-studenti-quattro-morti\/"},"author":{"name":"redazione","@id":"https:\/\/www.bellunopress.it\/#\/schema\/person\/79bb06722b37ece1c03d3e94beb30d73"},"headline":"56 anni fa la tragedia alla Kent State: la Guardia Nazionale apre il fuoco sugli studenti, quattro morti","datePublished":"2026-05-06T06:22:14+00:00","dateModified":"2026-05-06T16:18:09+00:00","mainEntityOfPage":{"@id":"https:\/\/www.bellunopress.it\/2026\/05\/06\/56-anni-fa-la-tragedia-alla-kent-state-la-guardia-nazionale-apre-il-fuoco-sugli-studenti-quattro-morti\/"},"wordCount":494,"publisher":{"@id":"https:\/\/www.bellunopress.it\/#organization"},"image":{"@id":"https:\/\/www.bellunopress.it\/2026\/05\/06\/56-anni-fa-la-tragedia-alla-kent-state-la-guardia-nazionale-apre-il-fuoco-sugli-studenti-quattro-morti\/#primaryimage"},"thumbnailUrl":"https:\/\/www.bellunopress.it\/wp-content\/uploads\/2026\/05\/Contestazione-giovanile-anni-70-America.jpg","articleSection":["Featured","Prima Pagina","Societ\u00e0, Associazioni, Istituzioni"],"inLanguage":"fr-FR"},{"@type":"WebPage","@id":"https:\/\/www.bellunopress.it\/2026\/05\/06\/56-anni-fa-la-tragedia-alla-kent-state-la-guardia-nazionale-apre-il-fuoco-sugli-studenti-quattro-morti\/","url":"https:\/\/www.bellunopress.it\/2026\/05\/06\/56-anni-fa-la-tragedia-alla-kent-state-la-guardia-nazionale-apre-il-fuoco-sugli-studenti-quattro-morti\/","name":"56 anni fa la tragedia alla Kent State: la Guardia Nazionale apre il fuoco sugli studenti, quattro morti - Bellunopress - Dolomiti","isPartOf":{"@id":"https:\/\/www.bellunopress.it\/#website"},"primaryImageOfPage":{"@id":"https:\/\/www.bellunopress.it\/2026\/05\/06\/56-anni-fa-la-tragedia-alla-kent-state-la-guardia-nazionale-apre-il-fuoco-sugli-studenti-quattro-morti\/#primaryimage"},"image":{"@id":"https:\/\/www.bellunopress.it\/2026\/05\/06\/56-anni-fa-la-tragedia-alla-kent-state-la-guardia-nazionale-apre-il-fuoco-sugli-studenti-quattro-morti\/#primaryimage"},"thumbnailUrl":"https:\/\/www.bellunopress.it\/wp-content\/uploads\/2026\/05\/Contestazione-giovanile-anni-70-America.jpg","datePublished":"2026-05-06T06:22:14+00:00","dateModified":"2026-05-06T16:18:09+00:00","breadcrumb":{"@id":"https:\/\/www.bellunopress.it\/2026\/05\/06\/56-anni-fa-la-tragedia-alla-kent-state-la-guardia-nazionale-apre-il-fuoco-sugli-studenti-quattro-morti\/#breadcrumb"},"inLanguage":"fr-FR","potentialAction":[{"@type":"ReadAction","target":["https:\/\/www.bellunopress.it\/2026\/05\/06\/56-anni-fa-la-tragedia-alla-kent-state-la-guardia-nazionale-apre-il-fuoco-sugli-studenti-quattro-morti\/"]}]},{"@type":"ImageObject","inLanguage":"fr-FR","@id":"https:\/\/www.bellunopress.it\/2026\/05\/06\/56-anni-fa-la-tragedia-alla-kent-state-la-guardia-nazionale-apre-il-fuoco-sugli-studenti-quattro-morti\/#primaryimage","url":"https:\/\/www.bellunopress.it\/wp-content\/uploads\/2026\/05\/Contestazione-giovanile-anni-70-America.jpg","contentUrl":"https:\/\/www.bellunopress.it\/wp-content\/uploads\/2026\/05\/Contestazione-giovanile-anni-70-America.jpg","width":600,"height":327,"caption":"Immagine creata con AI che rappresenta la contestazione giovanile degli anni '70 negli Usa"},{"@type":"BreadcrumbList","@id":"https:\/\/www.bellunopress.it\/2026\/05\/06\/56-anni-fa-la-tragedia-alla-kent-state-la-guardia-nazionale-apre-il-fuoco-sugli-studenti-quattro-morti\/#breadcrumb","itemListElement":[{"@type":"ListItem","position":1,"name":"Home","item":"https:\/\/www.bellunopress.it\/"},{"@type":"ListItem","position":2,"name":"56 anni fa la tragedia alla Kent State: la Guardia Nazionale apre il fuoco sugli studenti, quattro morti"}]},{"@type":"WebSite","@id":"https:\/\/www.bellunopress.it\/#website","url":"https:\/\/www.bellunopress.it\/","name":"Bellunopress - Dolomiti","description":"e-mail: redazione@bellunopress.it","publisher":{"@id":"https:\/\/www.bellunopress.it\/#organization"},"potentialAction":[{"@type":"SearchAction","target":{"@type":"EntryPoint","urlTemplate":"https:\/\/www.bellunopress.it\/?s={search_term_string}"},"query-input":{"@type":"PropertyValueSpecification","valueRequired":true,"valueName":"search_term_string"}}],"inLanguage":"fr-FR"},{"@type":"Organization","@id":"https:\/\/www.bellunopress.it\/#organization","name":"Bellunopress","url":"https:\/\/www.bellunopress.it\/","logo":{"@type":"ImageObject","inLanguage":"fr-FR","@id":"https:\/\/www.bellunopress.it\/#\/schema\/logo\/image\/","url":"https:\/\/www.bellunopress.it\/wp-content\/uploads\/2011\/05\/cropped-logo-bellunopress-.jpg","contentUrl":"https:\/\/www.bellunopress.it\/wp-content\/uploads\/2011\/05\/cropped-logo-bellunopress-.jpg","width":512,"height":512,"caption":"Bellunopress"},"image":{"@id":"https:\/\/www.bellunopress.it\/#\/schema\/logo\/image\/"},"sameAs":["https:\/\/www.facebook.com\/profile.php?id=100008943462799","https:\/\/x.com\/bellunopress","https:\/\/www.linkedin.com\/hp\/?dnr=JBzUWaJfMUw8vbXJJ2tVW5-I3jZKvC4wsoxE&amp;amp;amp;amp;amp;amp;trk=nav_responsive_tab_home","https:\/\/www.youtube.com\/channel\/UCxL0wu1uN0_3_7hGG0306cw"]},{"@type":"Person","@id":"https:\/\/www.bellunopress.it\/#\/schema\/person\/79bb06722b37ece1c03d3e94beb30d73","name":"r\u00e9daction","image":{"@type":"ImageObject","inLanguage":"fr-FR","@id":"https:\/\/secure.gravatar.com\/avatar\/37d968a2e67a6fd04c169c4bdef102d0bc5d31b2546345219e348575eb80e9a0?s=96&d=mm&r=g","url":"https:\/\/secure.gravatar.com\/avatar\/37d968a2e67a6fd04c169c4bdef102d0bc5d31b2546345219e348575eb80e9a0?s=96&d=mm&r=g","contentUrl":"https:\/\/secure.gravatar.com\/avatar\/37d968a2e67a6fd04c169c4bdef102d0bc5d31b2546345219e348575eb80e9a0?s=96&d=mm&r=g","caption":"redazione"},"sameAs":["http:\/\/www.bellunopress.it","https:\/\/x.com\/bellunopress"],"url":"https:\/\/www.bellunopress.it\/fr\/author\/redazione\/"}]}},"_links":{"self":[{"href":"https:\/\/www.bellunopress.it\/fr\/wp-json\/wp\/v2\/posts\/169814","targetHints":{"allow":["GET"]}}],"collection":[{"href":"https:\/\/www.bellunopress.it\/fr\/wp-json\/wp\/v2\/posts"}],"about":[{"href":"https:\/\/www.bellunopress.it\/fr\/wp-json\/wp\/v2\/types\/post"}],"author":[{"embeddable":true,"href":"https:\/\/www.bellunopress.it\/fr\/wp-json\/wp\/v2\/users\/2"}],"replies":[{"embeddable":true,"href":"https:\/\/www.bellunopress.it\/fr\/wp-json\/wp\/v2\/comments?post=169814"}],"version-history":[{"count":2,"href":"https:\/\/www.bellunopress.it\/fr\/wp-json\/wp\/v2\/posts\/169814\/revisions"}],"predecessor-version":[{"id":169817,"href":"https:\/\/www.bellunopress.it\/fr\/wp-json\/wp\/v2\/posts\/169814\/revisions\/169817"}],"wp:featuredmedia":[{"embeddable":true,"href":"https:\/\/www.bellunopress.it\/fr\/wp-json\/wp\/v2\/media\/169815"}],"wp:attachment":[{"href":"https:\/\/www.bellunopress.it\/fr\/wp-json\/wp\/v2\/media?parent=169814"}],"wp:term":[{"taxonomy":"category","embeddable":true,"href":"https:\/\/www.bellunopress.it\/fr\/wp-json\/wp\/v2\/categories?post=169814"},{"taxonomy":"post_tag","embeddable":true,"href":"https:\/\/www.bellunopress.it\/fr\/wp-json\/wp\/v2\/tags?post=169814"}],"curies":[{"name":"wp","href":"https:\/\/api.w.org\/{rel}","templated":true}]}}