{"id":169812,"date":"2026-05-06T07:35:45","date_gmt":"2026-05-06T05:35:45","guid":{"rendered":"https:\/\/www.bellunopress.it\/?p=169812"},"modified":"2026-05-06T07:35:45","modified_gmt":"2026-05-06T05:35:45","slug":"feltre-il-palio-entra-nel-vivo-un-weekend-tra-cultura-e-storia","status":"publish","type":"post","link":"https:\/\/www.bellunopress.it\/fr\/2026\/05\/06\/feltre-il-palio-entra-nel-vivo-un-weekend-tra-cultura-e-storia\/","title":{"rendered":"Feltre, il Palio entra nel vivo: un weekend tra cultura e storia"},"content":{"rendered":"<p data-path-to-node=\"3\"><b data-path-to-node=\"3\" data-index-in-node=\"0\">Dalla conferenza di Virtus Zallot alla Caccia al Tesoro in centro, fino alla solenne cerimonia al Santuario dei Santi Vittore e Corona. Domenica la riconsegna del drappo e l&#8217;annuncio del nuovo autore internazionale.<\/b><\/p>\n<p data-path-to-node=\"4\">Feltre, 6 maggio 2026 &#8211; \u00a0Il Palio di Feltre scalda i motori e si prepara a un fine settimana di grandi emozioni. Quello che sta per aprirsi non \u00e8 un weekend qualunque, ma il momento che segna ufficialmente l\u2019avvio dell\u2019anno paliesco, tra appuntamenti culturali, coinvolgimento popolare e la solennit\u00e0 delle tradizioni pi\u00f9 care alla cittadinanza.<\/p>\n<p data-path-to-node=\"6\">Il sipario si alzer\u00e0 <strong>venerd\u00ec 8 maggio<\/strong> alle 20:45, con il primo appuntamento del ciclo di conferenze. Ospite d\u2019eccezione sar\u00e0 la professoressa Virtus Zallot, che introdurr\u00e0 il pubblico alle tematiche storiche e artistiche legate alla manifestazione, offrendo una chiave di lettura profonda sulle radici della citt\u00e0.<\/p>\n<p data-path-to-node=\"8\">Il <strong>sabato pomeriggio<\/strong> sar\u00e0 dedicato alla riscoperta del territorio con la Caccia al Tesoro nel centro storico. Centinaia di partecipanti, tra giovani e famiglie, animeranno le vie e le piazze di Feltre, trasformando la storia locale in un\u2019avventura urbana alla ricerca delle ricchezze nascoste della cittadina.<\/p>\n<p data-path-to-node=\"10\">Il momento culminante \u00e8 atteso per <strong>domenica mattina<\/strong> presso il Santuario dei Santi Vittore e Corona, patroni della citt\u00e0. La giornata si aprir\u00e0 alle 9:30 con la partenza del corteo dalla chiesa di Anz\u00f9; i figuranti saliranno poi verso il santuario dove, alle 10:30, sar\u00e0 celebrata la Santa Messa (aperta al pubblico) accompagnata dalle voci del Coro Femminile Vocincanto.<\/p>\n<p data-path-to-node=\"11\">La celebrazione riveste un\u2019importanza fondamentale per la vita del Palio: \u00e8 qui che il Quartiere di Port\u2019Oria, vincitore dell&#8217;edizione 2025, riconsegner\u00e0 ufficialmente il drappo dei XV Ducati. Ma gli occhi di tutti saranno puntati sull\u2019annuncio dell\u2019artista incaricato di realizzare il drappo per il 2026. A chiudere la mattinata sar\u00e0 la suggestiva esibizione dei cinque gruppi sbandieratori e musici nella splendida cornice del chiostro del monastero.<\/p>\n<p data-path-to-node=\"13\">Il presidente dell\u2019Associazione Palio, Eugenio Tamburrino, sottolinea con orgoglio la valenza dell\u2019evento: <i data-path-to-node=\"13\" data-index-in-node=\"107\">\u00abLa ricchezza di questo fine settimana testimonia l\u2019importanza del Palio per tutto il nostro territorio. L\u2019annuncio dell\u2019artista per il 2026, che anche quest&#8217;anno sar\u00e0 un nome di livello internazionale, conferma il Palio feltrino come un evento di rilievo non solo folkloristico, ma dalle spiccate caratteristiche culturali\u00bb<\/i>. Tamburrino ha inoltre rivolto un ringraziamento a don Francesco De Luca e a tutti i volontari, invitando la cittadinanza a partecipare numerosa.<\/p>\n<p data-path-to-node=\"14\">Per chi non potr\u00e0 essere presente fisicamente, l\u2019intera mattinata di domenica sar\u00e0 trasmessa in diretta streaming sul canale YouTube ufficiale del Palio di Feltre.<\/p>","protected":false},"excerpt":{"rendered":"<p>Dalla conferenza di Virtus Zallot alla Caccia al Tesoro in centro, fino alla solenne cerimonia al Santuario dei Santi Vittore e Corona. Domenica la riconsegna del drappo e l&#8217;annuncio del nuovo autore internazionale. Feltre, 6 maggio 2026 &#8211; \u00a0Il Palio di Feltre scalda i motori e si prepara a un fine settimana di grandi emozioni. [&hellip;]<\/p>\n","protected":false},"author":2,"featured_media":150903,"comment_status":"closed","ping_status":"open","sticky":false,"template":"","format":"standard","meta":{"footnotes":""},"categories":[27,3,25],"tags":[],"class_list":["post-169812","post","type-post","status-publish","format-standard","has-post-thumbnail","category-appuntamenti","category-arte-cultura-spettacoli-scienza-archivi","category-pausa-caffe"],"yoast_head":"<!-- This site is optimized with the Yoast SEO plugin v28.4 - https:\/\/yoast.com\/product\/yoast-seo-wordpress\/ -->\n<title>Feltre, il Palio entra nel vivo: un weekend tra cultura e storia - Bellunopress - Dolomiti<\/title>\n<meta name=\"robots\" content=\"index, follow, max-snippet:-1, max-image-preview:large, max-video-preview:-1\" \/>\n<link rel=\"canonical\" href=\"https:\/\/www.bellunopress.it\/fr\/2026\/05\/06\/feltre-il-palio-entra-nel-vivo-un-weekend-tra-cultura-e-storia\/\" \/>\n<meta property=\"og:locale\" content=\"fr_FR\" \/>\n<meta property=\"og:type\" content=\"article\" \/>\n<meta property=\"og:title\" content=\"Feltre, il Palio entra nel vivo: un weekend tra cultura e storia - Bellunopress - Dolomiti\" \/>\n<meta property=\"og:description\" content=\"Dalla conferenza di Virtus Zallot alla Caccia al Tesoro in centro, fino alla solenne cerimonia al Santuario dei Santi Vittore e Corona. Domenica la riconsegna del drappo e l&#8217;annuncio del nuovo autore internazionale. Feltre, 6 maggio 2026 &#8211; \u00a0Il Palio di Feltre scalda i motori e si prepara a un fine settimana di grandi emozioni. [&hellip;]\" \/>\n<meta property=\"og:url\" content=\"https:\/\/www.bellunopress.it\/fr\/2026\/05\/06\/feltre-il-palio-entra-nel-vivo-un-weekend-tra-cultura-e-storia\/\" \/>\n<meta property=\"og:site_name\" content=\"Bellunopress - Dolomiti\" \/>\n<meta property=\"article:publisher\" content=\"https:\/\/www.facebook.com\/profile.php?id=100008943462799\" \/>\n<meta property=\"article:published_time\" content=\"2026-05-06T05:35:45+00:00\" \/>\n<meta property=\"og:image\" content=\"https:\/\/www.bellunopress.it\/wp-content\/uploads\/2024\/05\/Santuario-di-San-Vittore-Feltre.jpg\" \/>\n\t<meta property=\"og:image:width\" content=\"1000\" \/>\n\t<meta property=\"og:image:height\" content=\"563\" \/>\n\t<meta property=\"og:image:type\" content=\"image\/jpeg\" \/>\n<meta name=\"author\" content=\"redazione\" \/>\n<meta name=\"twitter:card\" content=\"summary_large_image\" \/>\n<meta name=\"twitter:creator\" content=\"@bellunopress\" \/>\n<meta name=\"twitter:site\" content=\"@bellunopress\" \/>\n<meta name=\"twitter:label1\" content=\"\u00c9crit par\" \/>\n\t<meta name=\"twitter:data1\" content=\"redazione\" \/>\n\t<meta name=\"twitter:label2\" content=\"Dur\u00e9e de lecture estim\u00e9e\" \/>\n\t<meta name=\"twitter:data2\" content=\"3 minutes\" \/>\n<script type=\"application\/ld+json\" class=\"yoast-schema-graph\">{\"@context\":\"https:\\\/\\\/schema.org\",\"@graph\":[{\"@type\":\"Article\",\"@id\":\"https:\\\/\\\/www.bellunopress.it\\\/2026\\\/05\\\/06\\\/feltre-il-palio-entra-nel-vivo-un-weekend-tra-cultura-e-storia\\\/#article\",\"isPartOf\":{\"@id\":\"https:\\\/\\\/www.bellunopress.it\\\/2026\\\/05\\\/06\\\/feltre-il-palio-entra-nel-vivo-un-weekend-tra-cultura-e-storia\\\/\"},\"author\":{\"name\":\"redazione\",\"@id\":\"https:\\\/\\\/www.bellunopress.it\\\/#\\\/schema\\\/person\\\/79bb06722b37ece1c03d3e94beb30d73\"},\"headline\":\"Feltre, il Palio entra nel vivo: un weekend tra cultura e storia\",\"datePublished\":\"2026-05-06T05:35:45+00:00\",\"mainEntityOfPage\":{\"@id\":\"https:\\\/\\\/www.bellunopress.it\\\/2026\\\/05\\\/06\\\/feltre-il-palio-entra-nel-vivo-un-weekend-tra-cultura-e-storia\\\/\"},\"wordCount\":425,\"publisher\":{\"@id\":\"https:\\\/\\\/www.bellunopress.it\\\/#organization\"},\"image\":{\"@id\":\"https:\\\/\\\/www.bellunopress.it\\\/2026\\\/05\\\/06\\\/feltre-il-palio-entra-nel-vivo-un-weekend-tra-cultura-e-storia\\\/#primaryimage\"},\"thumbnailUrl\":\"https:\\\/\\\/www.bellunopress.it\\\/wp-content\\\/uploads\\\/2024\\\/05\\\/Santuario-di-San-Vittore-Feltre.jpg\",\"articleSection\":[\"Appuntamenti, Eventi\",\"Arte, Cultura, Spettacoli, Scienza\",\"Pausa Caff\u00e8\"],\"inLanguage\":\"fr-FR\"},{\"@type\":\"WebPage\",\"@id\":\"https:\\\/\\\/www.bellunopress.it\\\/2026\\\/05\\\/06\\\/feltre-il-palio-entra-nel-vivo-un-weekend-tra-cultura-e-storia\\\/\",\"url\":\"https:\\\/\\\/www.bellunopress.it\\\/2026\\\/05\\\/06\\\/feltre-il-palio-entra-nel-vivo-un-weekend-tra-cultura-e-storia\\\/\",\"name\":\"Feltre, il Palio entra nel vivo: un weekend tra cultura e storia - Bellunopress - Dolomiti\",\"isPartOf\":{\"@id\":\"https:\\\/\\\/www.bellunopress.it\\\/#website\"},\"primaryImageOfPage\":{\"@id\":\"https:\\\/\\\/www.bellunopress.it\\\/2026\\\/05\\\/06\\\/feltre-il-palio-entra-nel-vivo-un-weekend-tra-cultura-e-storia\\\/#primaryimage\"},\"image\":{\"@id\":\"https:\\\/\\\/www.bellunopress.it\\\/2026\\\/05\\\/06\\\/feltre-il-palio-entra-nel-vivo-un-weekend-tra-cultura-e-storia\\\/#primaryimage\"},\"thumbnailUrl\":\"https:\\\/\\\/www.bellunopress.it\\\/wp-content\\\/uploads\\\/2024\\\/05\\\/Santuario-di-San-Vittore-Feltre.jpg\",\"datePublished\":\"2026-05-06T05:35:45+00:00\",\"breadcrumb\":{\"@id\":\"https:\\\/\\\/www.bellunopress.it\\\/2026\\\/05\\\/06\\\/feltre-il-palio-entra-nel-vivo-un-weekend-tra-cultura-e-storia\\\/#breadcrumb\"},\"inLanguage\":\"fr-FR\",\"potentialAction\":[{\"@type\":\"ReadAction\",\"target\":[\"https:\\\/\\\/www.bellunopress.it\\\/2026\\\/05\\\/06\\\/feltre-il-palio-entra-nel-vivo-un-weekend-tra-cultura-e-storia\\\/\"]}]},{\"@type\":\"ImageObject\",\"inLanguage\":\"fr-FR\",\"@id\":\"https:\\\/\\\/www.bellunopress.it\\\/2026\\\/05\\\/06\\\/feltre-il-palio-entra-nel-vivo-un-weekend-tra-cultura-e-storia\\\/#primaryimage\",\"url\":\"https:\\\/\\\/www.bellunopress.it\\\/wp-content\\\/uploads\\\/2024\\\/05\\\/Santuario-di-San-Vittore-Feltre.jpg\",\"contentUrl\":\"https:\\\/\\\/www.bellunopress.it\\\/wp-content\\\/uploads\\\/2024\\\/05\\\/Santuario-di-San-Vittore-Feltre.jpg\",\"width\":1000,\"height\":563,\"caption\":\"Santuario dei Santi Vittore e Corona, patroni della citt\u00e0 di Feltre\"},{\"@type\":\"BreadcrumbList\",\"@id\":\"https:\\\/\\\/www.bellunopress.it\\\/2026\\\/05\\\/06\\\/feltre-il-palio-entra-nel-vivo-un-weekend-tra-cultura-e-storia\\\/#breadcrumb\",\"itemListElement\":[{\"@type\":\"ListItem\",\"position\":1,\"name\":\"Home\",\"item\":\"https:\\\/\\\/www.bellunopress.it\\\/\"},{\"@type\":\"ListItem\",\"position\":2,\"name\":\"Feltre, il Palio entra nel vivo: un weekend tra cultura e storia\"}]},{\"@type\":\"WebSite\",\"@id\":\"https:\\\/\\\/www.bellunopress.it\\\/#website\",\"url\":\"https:\\\/\\\/www.bellunopress.it\\\/\",\"name\":\"Bellunopress - Dolomiti\",\"description\":\"e-mail: redazione@bellunopress.it\",\"publisher\":{\"@id\":\"https:\\\/\\\/www.bellunopress.it\\\/#organization\"},\"potentialAction\":[{\"@type\":\"SearchAction\",\"target\":{\"@type\":\"EntryPoint\",\"urlTemplate\":\"https:\\\/\\\/www.bellunopress.it\\\/?s={search_term_string}\"},\"query-input\":{\"@type\":\"PropertyValueSpecification\",\"valueRequired\":true,\"valueName\":\"search_term_string\"}}],\"inLanguage\":\"fr-FR\"},{\"@type\":\"Organization\",\"@id\":\"https:\\\/\\\/www.bellunopress.it\\\/#organization\",\"name\":\"Bellunopress\",\"url\":\"https:\\\/\\\/www.bellunopress.it\\\/\",\"logo\":{\"@type\":\"ImageObject\",\"inLanguage\":\"fr-FR\",\"@id\":\"https:\\\/\\\/www.bellunopress.it\\\/#\\\/schema\\\/logo\\\/image\\\/\",\"url\":\"https:\\\/\\\/www.bellunopress.it\\\/wp-content\\\/uploads\\\/2011\\\/05\\\/cropped-logo-bellunopress-.jpg\",\"contentUrl\":\"https:\\\/\\\/www.bellunopress.it\\\/wp-content\\\/uploads\\\/2011\\\/05\\\/cropped-logo-bellunopress-.jpg\",\"width\":512,\"height\":512,\"caption\":\"Bellunopress\"},\"image\":{\"@id\":\"https:\\\/\\\/www.bellunopress.it\\\/#\\\/schema\\\/logo\\\/image\\\/\"},\"sameAs\":[\"https:\\\/\\\/www.facebook.com\\\/profile.php?id=100008943462799\",\"https:\\\/\\\/x.com\\\/bellunopress\",\"https:\\\/\\\/www.linkedin.com\\\/hp\\\/?dnr=JBzUWaJfMUw8vbXJJ2tVW5-I3jZKvC4wsoxE&amp;amp;amp;amp;amp;amp;trk=nav_responsive_tab_home\",\"https:\\\/\\\/www.youtube.com\\\/channel\\\/UCxL0wu1uN0_3_7hGG0306cw\"]},{\"@type\":\"Person\",\"@id\":\"https:\\\/\\\/www.bellunopress.it\\\/#\\\/schema\\\/person\\\/79bb06722b37ece1c03d3e94beb30d73\",\"name\":\"redazione\",\"image\":{\"@type\":\"ImageObject\",\"inLanguage\":\"fr-FR\",\"@id\":\"https:\\\/\\\/secure.gravatar.com\\\/avatar\\\/37d968a2e67a6fd04c169c4bdef102d0bc5d31b2546345219e348575eb80e9a0?s=96&d=mm&r=g\",\"url\":\"https:\\\/\\\/secure.gravatar.com\\\/avatar\\\/37d968a2e67a6fd04c169c4bdef102d0bc5d31b2546345219e348575eb80e9a0?s=96&d=mm&r=g\",\"contentUrl\":\"https:\\\/\\\/secure.gravatar.com\\\/avatar\\\/37d968a2e67a6fd04c169c4bdef102d0bc5d31b2546345219e348575eb80e9a0?s=96&d=mm&r=g\",\"caption\":\"redazione\"},\"sameAs\":[\"http:\\\/\\\/www.bellunopress.it\",\"https:\\\/\\\/x.com\\\/bellunopress\"],\"url\":\"https:\\\/\\\/www.bellunopress.it\\\/fr\\\/author\\\/redazione\\\/\"}]}<\/script>\n<!-- \/ Yoast SEO plugin. -->","yoast_head_json":{"title":"Feltre, il Palio entra nel vivo: un weekend tra cultura e storia - Bellunopress - Dolomiti","robots":{"index":"index","follow":"follow","max-snippet":"max-snippet:-1","max-image-preview":"max-image-preview:large","max-video-preview":"max-video-preview:-1"},"canonical":"https:\/\/www.bellunopress.it\/fr\/2026\/05\/06\/feltre-il-palio-entra-nel-vivo-un-weekend-tra-cultura-e-storia\/","og_locale":"fr_FR","og_type":"article","og_title":"Feltre, il Palio entra nel vivo: un weekend tra cultura e storia - Bellunopress - Dolomiti","og_description":"Dalla conferenza di Virtus Zallot alla Caccia al Tesoro in centro, fino alla solenne cerimonia al Santuario dei Santi Vittore e Corona. Domenica la riconsegna del drappo e l&#8217;annuncio del nuovo autore internazionale. Feltre, 6 maggio 2026 &#8211; \u00a0Il Palio di Feltre scalda i motori e si prepara a un fine settimana di grandi emozioni. [&hellip;]","og_url":"https:\/\/www.bellunopress.it\/fr\/2026\/05\/06\/feltre-il-palio-entra-nel-vivo-un-weekend-tra-cultura-e-storia\/","og_site_name":"Bellunopress - Dolomiti","article_publisher":"https:\/\/www.facebook.com\/profile.php?id=100008943462799","article_published_time":"2026-05-06T05:35:45+00:00","og_image":[{"width":1000,"height":563,"url":"https:\/\/www.bellunopress.it\/wp-content\/uploads\/2024\/05\/Santuario-di-San-Vittore-Feltre.jpg","type":"image\/jpeg"}],"author":"redazione","twitter_card":"summary_large_image","twitter_creator":"@bellunopress","twitter_site":"@bellunopress","twitter_misc":{"\u00c9crit par":"redazione","Dur\u00e9e de lecture estim\u00e9e":"3 minutes"},"schema":{"@context":"https:\/\/schema.org","@graph":[{"@type":"Article","@id":"https:\/\/www.bellunopress.it\/2026\/05\/06\/feltre-il-palio-entra-nel-vivo-un-weekend-tra-cultura-e-storia\/#article","isPartOf":{"@id":"https:\/\/www.bellunopress.it\/2026\/05\/06\/feltre-il-palio-entra-nel-vivo-un-weekend-tra-cultura-e-storia\/"},"author":{"name":"redazione","@id":"https:\/\/www.bellunopress.it\/#\/schema\/person\/79bb06722b37ece1c03d3e94beb30d73"},"headline":"Feltre, il Palio entra nel vivo: un weekend tra cultura e storia","datePublished":"2026-05-06T05:35:45+00:00","mainEntityOfPage":{"@id":"https:\/\/www.bellunopress.it\/2026\/05\/06\/feltre-il-palio-entra-nel-vivo-un-weekend-tra-cultura-e-storia\/"},"wordCount":425,"publisher":{"@id":"https:\/\/www.bellunopress.it\/#organization"},"image":{"@id":"https:\/\/www.bellunopress.it\/2026\/05\/06\/feltre-il-palio-entra-nel-vivo-un-weekend-tra-cultura-e-storia\/#primaryimage"},"thumbnailUrl":"https:\/\/www.bellunopress.it\/wp-content\/uploads\/2024\/05\/Santuario-di-San-Vittore-Feltre.jpg","articleSection":["Appuntamenti, Eventi","Arte, Cultura, Spettacoli, Scienza","Pausa Caff\u00e8"],"inLanguage":"fr-FR"},{"@type":"WebPage","@id":"https:\/\/www.bellunopress.it\/2026\/05\/06\/feltre-il-palio-entra-nel-vivo-un-weekend-tra-cultura-e-storia\/","url":"https:\/\/www.bellunopress.it\/2026\/05\/06\/feltre-il-palio-entra-nel-vivo-un-weekend-tra-cultura-e-storia\/","name":"Feltre, il Palio entra nel vivo: un weekend tra cultura e storia - Bellunopress - Dolomiti","isPartOf":{"@id":"https:\/\/www.bellunopress.it\/#website"},"primaryImageOfPage":{"@id":"https:\/\/www.bellunopress.it\/2026\/05\/06\/feltre-il-palio-entra-nel-vivo-un-weekend-tra-cultura-e-storia\/#primaryimage"},"image":{"@id":"https:\/\/www.bellunopress.it\/2026\/05\/06\/feltre-il-palio-entra-nel-vivo-un-weekend-tra-cultura-e-storia\/#primaryimage"},"thumbnailUrl":"https:\/\/www.bellunopress.it\/wp-content\/uploads\/2024\/05\/Santuario-di-San-Vittore-Feltre.jpg","datePublished":"2026-05-06T05:35:45+00:00","breadcrumb":{"@id":"https:\/\/www.bellunopress.it\/2026\/05\/06\/feltre-il-palio-entra-nel-vivo-un-weekend-tra-cultura-e-storia\/#breadcrumb"},"inLanguage":"fr-FR","potentialAction":[{"@type":"ReadAction","target":["https:\/\/www.bellunopress.it\/2026\/05\/06\/feltre-il-palio-entra-nel-vivo-un-weekend-tra-cultura-e-storia\/"]}]},{"@type":"ImageObject","inLanguage":"fr-FR","@id":"https:\/\/www.bellunopress.it\/2026\/05\/06\/feltre-il-palio-entra-nel-vivo-un-weekend-tra-cultura-e-storia\/#primaryimage","url":"https:\/\/www.bellunopress.it\/wp-content\/uploads\/2024\/05\/Santuario-di-San-Vittore-Feltre.jpg","contentUrl":"https:\/\/www.bellunopress.it\/wp-content\/uploads\/2024\/05\/Santuario-di-San-Vittore-Feltre.jpg","width":1000,"height":563,"caption":"Santuario dei Santi Vittore e Corona, patroni della citt\u00e0 di Feltre"},{"@type":"BreadcrumbList","@id":"https:\/\/www.bellunopress.it\/2026\/05\/06\/feltre-il-palio-entra-nel-vivo-un-weekend-tra-cultura-e-storia\/#breadcrumb","itemListElement":[{"@type":"ListItem","position":1,"name":"Home","item":"https:\/\/www.bellunopress.it\/"},{"@type":"ListItem","position":2,"name":"Feltre, il Palio entra nel vivo: un weekend tra cultura e storia"}]},{"@type":"WebSite","@id":"https:\/\/www.bellunopress.it\/#website","url":"https:\/\/www.bellunopress.it\/","name":"Bellunopress - Dolomiti","description":"e-mail: redazione@bellunopress.it","publisher":{"@id":"https:\/\/www.bellunopress.it\/#organization"},"potentialAction":[{"@type":"SearchAction","target":{"@type":"EntryPoint","urlTemplate":"https:\/\/www.bellunopress.it\/?s={search_term_string}"},"query-input":{"@type":"PropertyValueSpecification","valueRequired":true,"valueName":"search_term_string"}}],"inLanguage":"fr-FR"},{"@type":"Organization","@id":"https:\/\/www.bellunopress.it\/#organization","name":"Bellunopress","url":"https:\/\/www.bellunopress.it\/","logo":{"@type":"ImageObject","inLanguage":"fr-FR","@id":"https:\/\/www.bellunopress.it\/#\/schema\/logo\/image\/","url":"https:\/\/www.bellunopress.it\/wp-content\/uploads\/2011\/05\/cropped-logo-bellunopress-.jpg","contentUrl":"https:\/\/www.bellunopress.it\/wp-content\/uploads\/2011\/05\/cropped-logo-bellunopress-.jpg","width":512,"height":512,"caption":"Bellunopress"},"image":{"@id":"https:\/\/www.bellunopress.it\/#\/schema\/logo\/image\/"},"sameAs":["https:\/\/www.facebook.com\/profile.php?id=100008943462799","https:\/\/x.com\/bellunopress","https:\/\/www.linkedin.com\/hp\/?dnr=JBzUWaJfMUw8vbXJJ2tVW5-I3jZKvC4wsoxE&amp;amp;amp;amp;amp;amp;trk=nav_responsive_tab_home","https:\/\/www.youtube.com\/channel\/UCxL0wu1uN0_3_7hGG0306cw"]},{"@type":"Person","@id":"https:\/\/www.bellunopress.it\/#\/schema\/person\/79bb06722b37ece1c03d3e94beb30d73","name":"r\u00e9daction","image":{"@type":"ImageObject","inLanguage":"fr-FR","@id":"https:\/\/secure.gravatar.com\/avatar\/37d968a2e67a6fd04c169c4bdef102d0bc5d31b2546345219e348575eb80e9a0?s=96&d=mm&r=g","url":"https:\/\/secure.gravatar.com\/avatar\/37d968a2e67a6fd04c169c4bdef102d0bc5d31b2546345219e348575eb80e9a0?s=96&d=mm&r=g","contentUrl":"https:\/\/secure.gravatar.com\/avatar\/37d968a2e67a6fd04c169c4bdef102d0bc5d31b2546345219e348575eb80e9a0?s=96&d=mm&r=g","caption":"redazione"},"sameAs":["http:\/\/www.bellunopress.it","https:\/\/x.com\/bellunopress"],"url":"https:\/\/www.bellunopress.it\/fr\/author\/redazione\/"}]}},"_links":{"self":[{"href":"https:\/\/www.bellunopress.it\/fr\/wp-json\/wp\/v2\/posts\/169812","targetHints":{"allow":["GET"]}}],"collection":[{"href":"https:\/\/www.bellunopress.it\/fr\/wp-json\/wp\/v2\/posts"}],"about":[{"href":"https:\/\/www.bellunopress.it\/fr\/wp-json\/wp\/v2\/types\/post"}],"author":[{"embeddable":true,"href":"https:\/\/www.bellunopress.it\/fr\/wp-json\/wp\/v2\/users\/2"}],"replies":[{"embeddable":true,"href":"https:\/\/www.bellunopress.it\/fr\/wp-json\/wp\/v2\/comments?post=169812"}],"version-history":[{"count":1,"href":"https:\/\/www.bellunopress.it\/fr\/wp-json\/wp\/v2\/posts\/169812\/revisions"}],"predecessor-version":[{"id":169813,"href":"https:\/\/www.bellunopress.it\/fr\/wp-json\/wp\/v2\/posts\/169812\/revisions\/169813"}],"wp:featuredmedia":[{"embeddable":true,"href":"https:\/\/www.bellunopress.it\/fr\/wp-json\/wp\/v2\/media\/150903"}],"wp:attachment":[{"href":"https:\/\/www.bellunopress.it\/fr\/wp-json\/wp\/v2\/media?parent=169812"}],"wp:term":[{"taxonomy":"category","embeddable":true,"href":"https:\/\/www.bellunopress.it\/fr\/wp-json\/wp\/v2\/categories?post=169812"},{"taxonomy":"post_tag","embeddable":true,"href":"https:\/\/www.bellunopress.it\/fr\/wp-json\/wp\/v2\/tags?post=169812"}],"curies":[{"name":"wp","href":"https:\/\/api.w.org\/{rel}","templated":true}]}}