{"id":169806,"date":"2026-05-05T17:05:56","date_gmt":"2026-05-05T15:05:56","guid":{"rendered":"https:\/\/www.bellunopress.it\/?p=169806"},"modified":"2026-05-05T17:05:56","modified_gmt":"2026-05-05T15:05:56","slug":"il-feltrino-si-prepara-alla-19a-tappa-del-giro-ditalia-2026","status":"publish","type":"post","link":"https:\/\/www.bellunopress.it\/fr\/2026\/05\/05\/il-feltrino-si-prepara-alla-19a-tappa-del-giro-ditalia-2026\/","title":{"rendered":"Il Feltrino si prepara alla 19\u00aa tappa del Giro d\u2019Italia 2026"},"content":{"rendered":"<p><strong>-24 giorni al \u201cTappone Dolomitico\u201d. Partenza da Feltre, arrivo ai Piani di Pezz\u00e8: 151 km tra i passi iconici delle Dolomiti Bellunesi. Presentati il mese rosa feltrino, la partenza di tappa e il Monte Avena Bike Day<\/strong>.<\/p>\n<p>Feltre, 5 maggio 2026 &#8211; Mancano 24 giorni all\u2019arrivo della Corsa Rosa e alla partenza della 19\u00aa tappa del 109\u00b0 Giro d\u2019Italia, uno dei momenti pi\u00f9 attesi dell\u2019intera edizione. Il 29 maggio il Feltrino sar\u00e0 al centro della scena internazionale con un \u201cTappone Dolomitico\u201d di 151 chilometri con oltre 5000 metri di dislivello, destinato a scrivere la storia della corsa, tra i passi pi\u00f9 iconici delle Dolomiti Bellunesi, con partenza da Feltre e arrivo ai Piani di Pezz\u00e8 di Alleghe. Un appuntamento che va oltre lo sport e che coinvolge l\u2019intero territorio, come emerso oggi nel momento di condivisione promosso per raccontare il percorso di avvicinamento alla tappa e il ricco calendario di eventi del \u201cmese rosa\u201d, culminando anche nel lancio del Monte Avena Bike Day, nuova iniziativa dedicata al turismo slow su due ruote.<\/p>\n<p><strong>Il territorio unito per un grande evento<\/strong><br \/>\n\u00abFeltre sar\u00e0 citt\u00e0 di tappa grazie al contributo fondamentale delle tante istituzioni, associazioni, imprese ed organizzazioni del territorio \u2013 ha dichiarato il vicesindaco Claudio Dalla Palma \u2013. Un impegno corale che porter\u00e0 qui l\u2019attenzione del mondo sportivo nazionale e internazionale. Stiamo lavorando intensamente da diversi mesi per offrire la migliore immagine possibile della citt\u00e0. Un ringraziamento va anche al Fondo Comuni Confinanti per il supporto determinante\u00bb. Un pensiero \u00e8 stato rivolto anche alla scomparsa di Alex Zanardi, figura simbolo dello sport e della handbike e profondamente legata anche al territorio feltrino.<br \/>\nL\u2019assessore allo sport Maurizio Zatta ha sottolineato il valore dell\u2019evento anche in chiave turistica: \u00abIl Giro rappresenta un\u2019opportunit\u00e0 straordinaria. Feltre ha una cultura ciclistica radicata grazie a eventi ciclistici gi\u00e0 consolidati e ormai diventati parte del parterre di offerta estiva. I grandi eventi come questo diventano un traino turistico per tutto il territorio\u00bb.<br \/>\nPer il presidente dell\u2019Unione Montana Feltrina Carlo Zanella, il risultato pi\u00f9 importante \u00e8 l\u2019unit\u00e0: \u00abQuesta tappa rappresenta una grande opportunit\u00e0, ma il vero valore \u00e8 il fatto che il Feltrino e le Dolomiti Bellunesi si presentano uniti, con una voce sola. Il calendario di eventi diffusi coinvolge anche i comuni non direttamente interessati dal percorso, rafforzando il senso di comunit\u00e0 e l\u2019attesa della corsa rosa\u00bb. Zanella ha inoltre evidenziato il valore del Monte Avena Bike Day come eredit\u00e0 concreta dell\u2019evento: \u00abUn\u2019iniziativa nuova e che punta a valorizzare in modo continuativo un tracciato gi\u00e0 molto apprezzato dagli amanti delle due ruote. Monte Avena Bike Day \u00e8 un evento che nasce grazie al lavoro di un\u2019associazione del territorio, il Pedale Feltrino, che nel quotidiano lavora per valorizzare il ciclismo. Con il Consorzio Dolomiti Prealpi e il lavoro di Dmo Dolomiti ora stiamo andando verso un nuovo livello, promuovendo il turismo slow e sostenibile, facendo del Monte Avena un grande bike park aperto a tutti, con chiusura delle strade al traffico\u00bb.<\/p>\n<p><strong>Alleghe e l\u2019arrivo ai Piani di Pezz\u00e8<\/strong><br \/>\nGrande attesa anche ad Alleghe, dove si concluder\u00e0 la tappa. Il sindaco Danilo De Toni ha dichiarato: \u00abAccogliere l\u2019arrivo della 19\u00aa tappa \u00e8 per noi un momento straordinario, atteso da decenni: qui si respira la storia del ciclismo, dai grandi professionisti del 1975 fino all\u2019impresa di Marco Pantani nel 1992. Le Dolomiti Bellunesi tornano protagoniste. Anche in zona arrivo abbiamo costruito un percorso di avvicinamento che coinvolge tutta la comunit\u00e0, con incontri, eventi e la tradizionale Notte Rosa. Alleghe \u00e8 pronta ad accogliere il Giro con passione e partecipazione\u00bb.<br \/>\nPromozione e visione unitaria<br \/>\nLa Fondazione DMO Dolomiti Bellunesi, rappresentata dal membro del CDA Ennio De Simoi in sostituzione della responsabile marketing Elisa Calcamuggi, ha ribadito l\u2019importanza strategica della comunicazione: l\u2019obiettivo \u00e8 valorizzare l\u2019intero territorio attraverso un racconto unitario, sfruttando la visibilit\u00e0 globale garantita dal Giro d\u2019Italia, che raggiunger\u00e0 oltre 200 Paesi. Durante questo percorso anche il lavoro di background, con le troupe del Giro d\u2019Italia, come per la registrazione del format \u201cGiro d\u2019Italia Express\u201d e il rapporto costante e virtuoso con RCS.<br \/>\n\u00abIn partenza e arrivo anche degli stand promozionali di Comitato di Tappa per promuovere il territorio con materiale promozionale e proseguire anche all\u2019interno dell\u2019evento stesso la visione unitaria del brand Dolomiti Bellunesi\u00bb ha sottolineato De Simoi.<br \/>\nSulla stessa linea il presidente del Consorzio Dolomiti Prealpi, Lionello Gorza: \u00abCome Comitato di Tappa Feltrino abbiamo lavorato per una visione non Feltre-centrica ma Feltrino-centrica, costruendo un programma di eventi prima, durante e dopo la tappa per cavalcare al massimo l\u2019onda rosa. Diversi sono i partner che hanno creduto in questa visione, sia associazioni che privati. Abbiamo ancora in memoria cosa fu il Giro nel 2019 e con quell&#8217;esperienza sappiamo che quello che sta per arrivare sar\u00e0 un grande evento che lascer\u00e0 un impatto nel nostro territorio\u00bb.<br \/>\nIl sostegno del Fondo Comuni Confinanti<br \/>\nSignificativo il messaggio inviato dall\u2019assessore regionale e presidente del Fondo Comuni Confinanti, Dario Bond, assente all\u2019incontro, che ha voluto sottolineare il valore strategico dell\u2019iniziativa. \u00abIl passaggio del Giro d\u2019Italia a Feltre non \u00e8 soltanto un evento sportivo di grande rilievo, ma rappresenta una straordinaria occasione di visibilit\u00e0, promozione e valorizzazione per l\u2019intera area montana e pedemontana bellunese. Le immagini che attraverseranno il mondo racconteranno non solo la bellezza dei nostri paesaggi, ma anche la vitalit\u00e0 delle nostre comunit\u00e0\u00bb. Un\u2019occasione che il Fondo Comuni Confinanti ha scelto di sostenere concretamente, andando oltre il tradizionale ruolo legato alle infrastrutture: \u00abAbbiamo deciso di supportare anche gli eventi collaterali alla tappa, riconoscendone il valore strategico. Tra questi, la Notte Rosa rappresenta al meglio lo spirito di accoglienza delle nostre comunit\u00e0: un momento di festa, partecipazione e identit\u00e0 condivisa\u00bb. Nel suo intervento, Bond ha sottolineato inoltre la sua visione di sviluppo per i territori montani: \u00abIl Fondo Comuni Confinanti non finanzia soltanto opere, ma investe in iniziative capaci di generare ricadute concrete in termini di promozione, attrattivit\u00e0 e sviluppo locale. Sostenere manifestazioni come queste significa valorizzare il tessuto sociale, le attivit\u00e0 economiche, il volontariato e tutte quelle energie che rendono vive e dinamiche le nostre comunit\u00e0. (&#8230;) Credo fortemente che la montagna abbia bisogno di investimenti mirati. Il nostro compito, come Fondo e come Regione, \u00e8 accompagnare i territori (&#8230;) anche in tutte quelle iniziative che rafforzano identit\u00e0, coesione e capacit\u00e0 di attrarre. Eventi come il Giro d\u2019Italia lasciano un segno duraturo e contribuiscono a costruire nuove opportunit\u00e0 di crescita per l\u2019intero territorio\u00bb.<\/p>\n<p><strong>\u201cLa Strada del Giro\u201d: un mese di eventi<\/strong><br \/>\n\u00c8 stato inoltre presentato dal giornalista Nicola Maccagnan, per il Comitato di Tappa, il calendario degli eventi \u201crosa\u201d: un ricco programma di iniziative, riunite sotto il titolo \u201cLa strada del Giro\u201d, che animeranno il territorio dall\u20198 al 31 maggio con appuntamenti diffusi.<br \/>\nIl programma prende il via venerd\u00ec prossimo, 8 maggio, a Lamon alle ore 20 con un incontro dal titolo \u201cOltre il Giro d\u2019Italia, cicloturismo in Valbelluna &#8211; La bici come filo rosso e opportunit\u00e0 per il territorio\u201d e proseguir\u00e0 poi venerd\u00ec 15 maggio a San Gregorio nelle Alpi sui temi della mobilit\u00e0 sostenibile e delle infrastrutture ciclabili, per arrivare a sabato 16 maggio a Cesiomaggiore con ospite Elia Barp, atleta trichianese d\u2019origine, fondista medaglia di bronzo nella team sprint Milano Cortina 2026.<br \/>\nIl calendario continuer\u00e0 con maggiore intensit\u00e0 nella \u201csettimana rosa\u201d. Primo appuntamento fissato per luned\u00ec 25 maggio ad Arsi\u00e8 con Gilberto Simoni, ex ciclista professionista e vincitore del Giro d\u2019Italia nel 2001 e 2003, seguito da marted\u00ec 26 maggio a Santa Giustina, in un incontro dedicato allo sport e ciclismo paralimpico, con Associazione Restart Accademy. Si proseguir\u00e0 mercoled\u00ec 27 maggio a Quero (Setteville) con una serata dedicata al gravel e alle nuove forme del ciclismo, ospite l\u2019ex professionista Daniel Oss.<br \/>\nIl cuore delle iniziative si concentrer\u00e0 a Feltre con due momenti clou. Gioved\u00ec 28 maggio, la Notte Rosa dalle ore 17:00 trasformer\u00e0 la citt\u00e0 in una grande festa diffusa: dalla presentazione della tappa con ospite d\u2019onore Peter Sagan, alla presenza dei musici e sbandieratori del Palio di Feltre, passando per la sfilata organizzata dai ragazzi e ragazze di ENAIP Feltre, fino al gran finale con il Radio Company Party. Venerd\u00ec 29 maggio, giorno della tappa, la Partenza della 19\u00aa tappa del Giro d\u2019Italia 2026 porter\u00e0 il territorio sotto i riflettori internazionali fin dalle ore 9.00. La partenza ufficiale \u00e8 prevista intorno alle 12.00 da Largo Castaldi, con il grande gruppo che transiter\u00e0 salendo verso Piazza Maggiore. Per tutta la mattinata sono previste animazioni ufficiali della corsa, l\u2019expo dei lavori delle scuole di Feltre e l\u2019iniziativa \u201cPranzo in Giro\u201d, con una ventina di locali del centro coinvolti in men\u00f9 a tema dedicati alla giornata rosa.<br \/>\nA chiudere il calendario, domenica 31 maggio sul Monte Avena, la novit\u00e0 dell\u2019anno: il Monte Avena Bike Day. Una giornata aperta a tutti, con otto percorsi dedicati alle due ruote e partenze da MVC Lounge (Fonzaso\/Seren del Grappa), Sorriva di Sovramonte e Birreria Pedavena, tra sport, natura e condivisione. Per tutti i partecipanti \u00e8 previsto un gadget omaggio e un \u201cpassaporto\u201d da timbrare lungo le tappe proposte, con accesso gratuito alle iniziative. Per l\u2019occasione, l\u2019intero Monte Avena sar\u00e0 riservato esclusivamente alle biciclette &#8211; da strada, e-bike e gravel &#8211; nel segno del motto: \u201czero auto, full ride\u201d.<\/p>\n<p><strong>Sicurezza e viabilit\u00e0<\/strong><br \/>\nPiero Slongo, per il Comitato di Tappa, ha illustrato il piano logistico e le modifiche alla viabilit\u00e0 previste per il 28 e 29 maggio,informando che saranno adottati provvedimenti straordinari di viabilit\u00e0 con divieto di sosta con rimozione forzata e divieto di transito nelle seguenti aree: Campo Giorgio, Piazza Pr\u00e0 del Vescovo, Piazzale Pr\u00e0 del Moro, Largo Castaldi, Via Paradiso, Piazza Vittorino Da Feltre, Via Roma, Viale Piave e Via Luigi Basso.<br \/>\nIl percorso cittadino interessato dalla gara vedr\u00e0 la partenza da Largo Panfilo Castaldi, quindi Via Paradiso, Via Mezzaterra, Via Lorenzo Luzzo, Via Pietro Marescalchi, Via Guglielmo Marconi, rotatoria di Via delle Tezze, Via delle Tezze (contromano), Viale Giuseppe Mazzini, rotatoria Viale Farra, Viale Pedavena, Viale Vittorio Veneto, Via Trieste, Via Murle, Via Vallina, Via degli Alpini, rotatoria Via Vette (SP n.12) e proseguimento lungo la SP n.12 verso il Comune di Cesiomaggiore. Slongo ha inoltre ricordato che l\u2019intero percorso dovr\u00e0 essere completamente libero da veicoli in sosta a partire dalle ore 6:00 del giorno di gara fino al passaggio del fine corsa, e sar\u00e0 chiuso al traffico secondo quanto previsto dall\u2019ordinanza prefettizia. \u00abIl Comitato invita la cittadinanza a prestare attenzione alla segnaletica temporanea e a programmare per tempo gli spostamenti. L\u2019invito \u00e8 quelloo di aggiornarsi anche mediante le pagine social @tapponedolomitico2026 e \u201cTappa Feltre-Alleghe (Piani di Pezz\u00e8)\u201d, dove verr\u00e0 condiviso tutto in tempo reale\u00bb.<\/p>\n<p><strong>La Maglia Rosa parla bellunese<\/strong><br \/>\nIn chiusura, il contributo della Manifattura Val Cismon &#8211; main sponsor &#8211; \u00e8 stato ricordato attraverso l\u2019intervento preparato da Alessio Cremonese, assente per la partecipazione ai funerali dell\u2019amico Alex Zanardi. L\u2019azienda, che celebra 80 anni di attivit\u00e0, \u00e8 oggi leader internazionale con i suoi brand legati allo sport outdoor. In particolare, il brand Castelli, \u00e8 la firma della Maglia Rosa, presentata ufficialmente lo scorso 29 aprile a Roma: un simbolo iconico del Giro, nato nel 1931, oggi evoluto grazie a studi aerodinamici e innovazione tecnologica. Un\u2019eccellenza che lega indissolubilmente il territorio bellunese alla storia e al futuro della Corsa Rosa.<\/p>","protected":false},"excerpt":{"rendered":"<p>-24 giorni al \u201cTappone Dolomitico\u201d. Partenza da Feltre, arrivo ai Piani di Pezz\u00e8: 151 km tra i passi iconici delle Dolomiti Bellunesi. Presentati il mese rosa feltrino, la partenza di tappa e il Monte Avena Bike Day. Feltre, 5 maggio 2026 &#8211; Mancano 24 giorni all\u2019arrivo della Corsa Rosa e alla partenza della 19\u00aa tappa [&hellip;]<\/p>\n","protected":false},"author":2,"featured_media":169807,"comment_status":"closed","ping_status":"open","sticky":false,"template":"","format":"standard","meta":{"footnotes":""},"categories":[3446,25,4],"tags":[],"class_list":["post-169806","post","type-post","status-publish","format-standard","has-post-thumbnail","category-featured","category-pausa-caffe","category-sport"],"yoast_head":"<!-- This site is optimized with the Yoast SEO plugin v28.4 - https:\/\/yoast.com\/product\/yoast-seo-wordpress\/ -->\n<title>Il Feltrino si prepara alla 19\u00aa tappa del Giro d\u2019Italia 2026 - Bellunopress - Dolomiti<\/title>\n<meta name=\"robots\" content=\"index, follow, max-snippet:-1, max-image-preview:large, max-video-preview:-1\" \/>\n<link rel=\"canonical\" href=\"https:\/\/www.bellunopress.it\/fr\/2026\/05\/05\/il-feltrino-si-prepara-alla-19a-tappa-del-giro-ditalia-2026\/\" \/>\n<meta property=\"og:locale\" content=\"fr_FR\" \/>\n<meta property=\"og:type\" content=\"article\" \/>\n<meta property=\"og:title\" content=\"Il Feltrino si prepara alla 19\u00aa tappa del Giro d\u2019Italia 2026 - Bellunopress - Dolomiti\" \/>\n<meta property=\"og:description\" content=\"-24 giorni al \u201cTappone Dolomitico\u201d. Partenza da Feltre, arrivo ai Piani di Pezz\u00e8: 151 km tra i passi iconici delle Dolomiti Bellunesi. Presentati il mese rosa feltrino, la partenza di tappa e il Monte Avena Bike Day. Feltre, 5 maggio 2026 &#8211; Mancano 24 giorni all\u2019arrivo della Corsa Rosa e alla partenza della 19\u00aa tappa [&hellip;]\" \/>\n<meta property=\"og:url\" content=\"https:\/\/www.bellunopress.it\/fr\/2026\/05\/05\/il-feltrino-si-prepara-alla-19a-tappa-del-giro-ditalia-2026\/\" \/>\n<meta property=\"og:site_name\" content=\"Bellunopress - Dolomiti\" \/>\n<meta property=\"article:publisher\" content=\"https:\/\/www.facebook.com\/profile.php?id=100008943462799\" \/>\n<meta property=\"article:published_time\" content=\"2026-05-05T15:05:56+00:00\" \/>\n<meta property=\"og:image\" content=\"https:\/\/www.bellunopress.it\/wp-content\/uploads\/2026\/05\/Giro-dItalia-2026.jpg\" \/>\n\t<meta property=\"og:image:width\" content=\"533\" \/>\n\t<meta property=\"og:image:height\" content=\"204\" \/>\n\t<meta property=\"og:image:type\" content=\"image\/jpeg\" \/>\n<meta name=\"author\" content=\"redazione\" \/>\n<meta name=\"twitter:card\" content=\"summary_large_image\" \/>\n<meta name=\"twitter:creator\" content=\"@bellunopress\" \/>\n<meta name=\"twitter:site\" content=\"@bellunopress\" \/>\n<meta name=\"twitter:label1\" content=\"\u00c9crit par\" \/>\n\t<meta name=\"twitter:data1\" content=\"redazione\" \/>\n\t<meta name=\"twitter:label2\" content=\"Dur\u00e9e de lecture estim\u00e9e\" \/>\n\t<meta name=\"twitter:data2\" content=\"10 minutes\" \/>\n<script type=\"application\/ld+json\" class=\"yoast-schema-graph\">{\"@context\":\"https:\\\/\\\/schema.org\",\"@graph\":[{\"@type\":\"Article\",\"@id\":\"https:\\\/\\\/www.bellunopress.it\\\/2026\\\/05\\\/05\\\/il-feltrino-si-prepara-alla-19a-tappa-del-giro-ditalia-2026\\\/#article\",\"isPartOf\":{\"@id\":\"https:\\\/\\\/www.bellunopress.it\\\/2026\\\/05\\\/05\\\/il-feltrino-si-prepara-alla-19a-tappa-del-giro-ditalia-2026\\\/\"},\"author\":{\"name\":\"redazione\",\"@id\":\"https:\\\/\\\/www.bellunopress.it\\\/#\\\/schema\\\/person\\\/79bb06722b37ece1c03d3e94beb30d73\"},\"headline\":\"Il Feltrino si prepara alla 19\u00aa tappa del Giro d\u2019Italia 2026\",\"datePublished\":\"2026-05-05T15:05:56+00:00\",\"mainEntityOfPage\":{\"@id\":\"https:\\\/\\\/www.bellunopress.it\\\/2026\\\/05\\\/05\\\/il-feltrino-si-prepara-alla-19a-tappa-del-giro-ditalia-2026\\\/\"},\"wordCount\":1858,\"publisher\":{\"@id\":\"https:\\\/\\\/www.bellunopress.it\\\/#organization\"},\"image\":{\"@id\":\"https:\\\/\\\/www.bellunopress.it\\\/2026\\\/05\\\/05\\\/il-feltrino-si-prepara-alla-19a-tappa-del-giro-ditalia-2026\\\/#primaryimage\"},\"thumbnailUrl\":\"https:\\\/\\\/www.bellunopress.it\\\/wp-content\\\/uploads\\\/2026\\\/05\\\/Giro-dItalia-2026.jpg\",\"articleSection\":[\"Featured\",\"Pausa Caff\u00e8\",\"Sport, tempo libero\"],\"inLanguage\":\"fr-FR\"},{\"@type\":\"WebPage\",\"@id\":\"https:\\\/\\\/www.bellunopress.it\\\/2026\\\/05\\\/05\\\/il-feltrino-si-prepara-alla-19a-tappa-del-giro-ditalia-2026\\\/\",\"url\":\"https:\\\/\\\/www.bellunopress.it\\\/2026\\\/05\\\/05\\\/il-feltrino-si-prepara-alla-19a-tappa-del-giro-ditalia-2026\\\/\",\"name\":\"Il Feltrino si prepara alla 19\u00aa tappa del Giro d\u2019Italia 2026 - Bellunopress - Dolomiti\",\"isPartOf\":{\"@id\":\"https:\\\/\\\/www.bellunopress.it\\\/#website\"},\"primaryImageOfPage\":{\"@id\":\"https:\\\/\\\/www.bellunopress.it\\\/2026\\\/05\\\/05\\\/il-feltrino-si-prepara-alla-19a-tappa-del-giro-ditalia-2026\\\/#primaryimage\"},\"image\":{\"@id\":\"https:\\\/\\\/www.bellunopress.it\\\/2026\\\/05\\\/05\\\/il-feltrino-si-prepara-alla-19a-tappa-del-giro-ditalia-2026\\\/#primaryimage\"},\"thumbnailUrl\":\"https:\\\/\\\/www.bellunopress.it\\\/wp-content\\\/uploads\\\/2026\\\/05\\\/Giro-dItalia-2026.jpg\",\"datePublished\":\"2026-05-05T15:05:56+00:00\",\"breadcrumb\":{\"@id\":\"https:\\\/\\\/www.bellunopress.it\\\/2026\\\/05\\\/05\\\/il-feltrino-si-prepara-alla-19a-tappa-del-giro-ditalia-2026\\\/#breadcrumb\"},\"inLanguage\":\"fr-FR\",\"potentialAction\":[{\"@type\":\"ReadAction\",\"target\":[\"https:\\\/\\\/www.bellunopress.it\\\/2026\\\/05\\\/05\\\/il-feltrino-si-prepara-alla-19a-tappa-del-giro-ditalia-2026\\\/\"]}]},{\"@type\":\"ImageObject\",\"inLanguage\":\"fr-FR\",\"@id\":\"https:\\\/\\\/www.bellunopress.it\\\/2026\\\/05\\\/05\\\/il-feltrino-si-prepara-alla-19a-tappa-del-giro-ditalia-2026\\\/#primaryimage\",\"url\":\"https:\\\/\\\/www.bellunopress.it\\\/wp-content\\\/uploads\\\/2026\\\/05\\\/Giro-dItalia-2026.jpg\",\"contentUrl\":\"https:\\\/\\\/www.bellunopress.it\\\/wp-content\\\/uploads\\\/2026\\\/05\\\/Giro-dItalia-2026.jpg\",\"width\":533,\"height\":204},{\"@type\":\"BreadcrumbList\",\"@id\":\"https:\\\/\\\/www.bellunopress.it\\\/2026\\\/05\\\/05\\\/il-feltrino-si-prepara-alla-19a-tappa-del-giro-ditalia-2026\\\/#breadcrumb\",\"itemListElement\":[{\"@type\":\"ListItem\",\"position\":1,\"name\":\"Home\",\"item\":\"https:\\\/\\\/www.bellunopress.it\\\/\"},{\"@type\":\"ListItem\",\"position\":2,\"name\":\"Il Feltrino si prepara alla 19\u00aa tappa del Giro d\u2019Italia 2026\"}]},{\"@type\":\"WebSite\",\"@id\":\"https:\\\/\\\/www.bellunopress.it\\\/#website\",\"url\":\"https:\\\/\\\/www.bellunopress.it\\\/\",\"name\":\"Bellunopress - Dolomiti\",\"description\":\"e-mail: redazione@bellunopress.it\",\"publisher\":{\"@id\":\"https:\\\/\\\/www.bellunopress.it\\\/#organization\"},\"potentialAction\":[{\"@type\":\"SearchAction\",\"target\":{\"@type\":\"EntryPoint\",\"urlTemplate\":\"https:\\\/\\\/www.bellunopress.it\\\/?s={search_term_string}\"},\"query-input\":{\"@type\":\"PropertyValueSpecification\",\"valueRequired\":true,\"valueName\":\"search_term_string\"}}],\"inLanguage\":\"fr-FR\"},{\"@type\":\"Organization\",\"@id\":\"https:\\\/\\\/www.bellunopress.it\\\/#organization\",\"name\":\"Bellunopress\",\"url\":\"https:\\\/\\\/www.bellunopress.it\\\/\",\"logo\":{\"@type\":\"ImageObject\",\"inLanguage\":\"fr-FR\",\"@id\":\"https:\\\/\\\/www.bellunopress.it\\\/#\\\/schema\\\/logo\\\/image\\\/\",\"url\":\"https:\\\/\\\/www.bellunopress.it\\\/wp-content\\\/uploads\\\/2011\\\/05\\\/cropped-logo-bellunopress-.jpg\",\"contentUrl\":\"https:\\\/\\\/www.bellunopress.it\\\/wp-content\\\/uploads\\\/2011\\\/05\\\/cropped-logo-bellunopress-.jpg\",\"width\":512,\"height\":512,\"caption\":\"Bellunopress\"},\"image\":{\"@id\":\"https:\\\/\\\/www.bellunopress.it\\\/#\\\/schema\\\/logo\\\/image\\\/\"},\"sameAs\":[\"https:\\\/\\\/www.facebook.com\\\/profile.php?id=100008943462799\",\"https:\\\/\\\/x.com\\\/bellunopress\",\"https:\\\/\\\/www.linkedin.com\\\/hp\\\/?dnr=JBzUWaJfMUw8vbXJJ2tVW5-I3jZKvC4wsoxE&amp;amp;amp;amp;amp;amp;trk=nav_responsive_tab_home\",\"https:\\\/\\\/www.youtube.com\\\/channel\\\/UCxL0wu1uN0_3_7hGG0306cw\"]},{\"@type\":\"Person\",\"@id\":\"https:\\\/\\\/www.bellunopress.it\\\/#\\\/schema\\\/person\\\/79bb06722b37ece1c03d3e94beb30d73\",\"name\":\"redazione\",\"image\":{\"@type\":\"ImageObject\",\"inLanguage\":\"fr-FR\",\"@id\":\"https:\\\/\\\/secure.gravatar.com\\\/avatar\\\/37d968a2e67a6fd04c169c4bdef102d0bc5d31b2546345219e348575eb80e9a0?s=96&d=mm&r=g\",\"url\":\"https:\\\/\\\/secure.gravatar.com\\\/avatar\\\/37d968a2e67a6fd04c169c4bdef102d0bc5d31b2546345219e348575eb80e9a0?s=96&d=mm&r=g\",\"contentUrl\":\"https:\\\/\\\/secure.gravatar.com\\\/avatar\\\/37d968a2e67a6fd04c169c4bdef102d0bc5d31b2546345219e348575eb80e9a0?s=96&d=mm&r=g\",\"caption\":\"redazione\"},\"sameAs\":[\"http:\\\/\\\/www.bellunopress.it\",\"https:\\\/\\\/x.com\\\/bellunopress\"],\"url\":\"https:\\\/\\\/www.bellunopress.it\\\/fr\\\/author\\\/redazione\\\/\"}]}<\/script>\n<!-- \/ Yoast SEO plugin. -->","yoast_head_json":{"title":"Il Feltrino si prepara alla 19\u00aa tappa del Giro d\u2019Italia 2026 - Bellunopress - Dolomiti","robots":{"index":"index","follow":"follow","max-snippet":"max-snippet:-1","max-image-preview":"max-image-preview:large","max-video-preview":"max-video-preview:-1"},"canonical":"https:\/\/www.bellunopress.it\/fr\/2026\/05\/05\/il-feltrino-si-prepara-alla-19a-tappa-del-giro-ditalia-2026\/","og_locale":"fr_FR","og_type":"article","og_title":"Il Feltrino si prepara alla 19\u00aa tappa del Giro d\u2019Italia 2026 - Bellunopress - Dolomiti","og_description":"-24 giorni al \u201cTappone Dolomitico\u201d. Partenza da Feltre, arrivo ai Piani di Pezz\u00e8: 151 km tra i passi iconici delle Dolomiti Bellunesi. Presentati il mese rosa feltrino, la partenza di tappa e il Monte Avena Bike Day. Feltre, 5 maggio 2026 &#8211; Mancano 24 giorni all\u2019arrivo della Corsa Rosa e alla partenza della 19\u00aa tappa [&hellip;]","og_url":"https:\/\/www.bellunopress.it\/fr\/2026\/05\/05\/il-feltrino-si-prepara-alla-19a-tappa-del-giro-ditalia-2026\/","og_site_name":"Bellunopress - Dolomiti","article_publisher":"https:\/\/www.facebook.com\/profile.php?id=100008943462799","article_published_time":"2026-05-05T15:05:56+00:00","og_image":[{"width":533,"height":204,"url":"https:\/\/www.bellunopress.it\/wp-content\/uploads\/2026\/05\/Giro-dItalia-2026.jpg","type":"image\/jpeg"}],"author":"redazione","twitter_card":"summary_large_image","twitter_creator":"@bellunopress","twitter_site":"@bellunopress","twitter_misc":{"\u00c9crit par":"redazione","Dur\u00e9e de lecture estim\u00e9e":"10 minutes"},"schema":{"@context":"https:\/\/schema.org","@graph":[{"@type":"Article","@id":"https:\/\/www.bellunopress.it\/2026\/05\/05\/il-feltrino-si-prepara-alla-19a-tappa-del-giro-ditalia-2026\/#article","isPartOf":{"@id":"https:\/\/www.bellunopress.it\/2026\/05\/05\/il-feltrino-si-prepara-alla-19a-tappa-del-giro-ditalia-2026\/"},"author":{"name":"redazione","@id":"https:\/\/www.bellunopress.it\/#\/schema\/person\/79bb06722b37ece1c03d3e94beb30d73"},"headline":"Il Feltrino si prepara alla 19\u00aa tappa del Giro d\u2019Italia 2026","datePublished":"2026-05-05T15:05:56+00:00","mainEntityOfPage":{"@id":"https:\/\/www.bellunopress.it\/2026\/05\/05\/il-feltrino-si-prepara-alla-19a-tappa-del-giro-ditalia-2026\/"},"wordCount":1858,"publisher":{"@id":"https:\/\/www.bellunopress.it\/#organization"},"image":{"@id":"https:\/\/www.bellunopress.it\/2026\/05\/05\/il-feltrino-si-prepara-alla-19a-tappa-del-giro-ditalia-2026\/#primaryimage"},"thumbnailUrl":"https:\/\/www.bellunopress.it\/wp-content\/uploads\/2026\/05\/Giro-dItalia-2026.jpg","articleSection":["Featured","Pausa Caff\u00e8","Sport, tempo libero"],"inLanguage":"fr-FR"},{"@type":"WebPage","@id":"https:\/\/www.bellunopress.it\/2026\/05\/05\/il-feltrino-si-prepara-alla-19a-tappa-del-giro-ditalia-2026\/","url":"https:\/\/www.bellunopress.it\/2026\/05\/05\/il-feltrino-si-prepara-alla-19a-tappa-del-giro-ditalia-2026\/","name":"Il Feltrino si prepara alla 19\u00aa tappa del Giro d\u2019Italia 2026 - Bellunopress - Dolomiti","isPartOf":{"@id":"https:\/\/www.bellunopress.it\/#website"},"primaryImageOfPage":{"@id":"https:\/\/www.bellunopress.it\/2026\/05\/05\/il-feltrino-si-prepara-alla-19a-tappa-del-giro-ditalia-2026\/#primaryimage"},"image":{"@id":"https:\/\/www.bellunopress.it\/2026\/05\/05\/il-feltrino-si-prepara-alla-19a-tappa-del-giro-ditalia-2026\/#primaryimage"},"thumbnailUrl":"https:\/\/www.bellunopress.it\/wp-content\/uploads\/2026\/05\/Giro-dItalia-2026.jpg","datePublished":"2026-05-05T15:05:56+00:00","breadcrumb":{"@id":"https:\/\/www.bellunopress.it\/2026\/05\/05\/il-feltrino-si-prepara-alla-19a-tappa-del-giro-ditalia-2026\/#breadcrumb"},"inLanguage":"fr-FR","potentialAction":[{"@type":"ReadAction","target":["https:\/\/www.bellunopress.it\/2026\/05\/05\/il-feltrino-si-prepara-alla-19a-tappa-del-giro-ditalia-2026\/"]}]},{"@type":"ImageObject","inLanguage":"fr-FR","@id":"https:\/\/www.bellunopress.it\/2026\/05\/05\/il-feltrino-si-prepara-alla-19a-tappa-del-giro-ditalia-2026\/#primaryimage","url":"https:\/\/www.bellunopress.it\/wp-content\/uploads\/2026\/05\/Giro-dItalia-2026.jpg","contentUrl":"https:\/\/www.bellunopress.it\/wp-content\/uploads\/2026\/05\/Giro-dItalia-2026.jpg","width":533,"height":204},{"@type":"BreadcrumbList","@id":"https:\/\/www.bellunopress.it\/2026\/05\/05\/il-feltrino-si-prepara-alla-19a-tappa-del-giro-ditalia-2026\/#breadcrumb","itemListElement":[{"@type":"ListItem","position":1,"name":"Home","item":"https:\/\/www.bellunopress.it\/"},{"@type":"ListItem","position":2,"name":"Il Feltrino si prepara alla 19\u00aa tappa del Giro d\u2019Italia 2026"}]},{"@type":"WebSite","@id":"https:\/\/www.bellunopress.it\/#website","url":"https:\/\/www.bellunopress.it\/","name":"Bellunopress - Dolomiti","description":"e-mail: redazione@bellunopress.it","publisher":{"@id":"https:\/\/www.bellunopress.it\/#organization"},"potentialAction":[{"@type":"SearchAction","target":{"@type":"EntryPoint","urlTemplate":"https:\/\/www.bellunopress.it\/?s={search_term_string}"},"query-input":{"@type":"PropertyValueSpecification","valueRequired":true,"valueName":"search_term_string"}}],"inLanguage":"fr-FR"},{"@type":"Organization","@id":"https:\/\/www.bellunopress.it\/#organization","name":"Bellunopress","url":"https:\/\/www.bellunopress.it\/","logo":{"@type":"ImageObject","inLanguage":"fr-FR","@id":"https:\/\/www.bellunopress.it\/#\/schema\/logo\/image\/","url":"https:\/\/www.bellunopress.it\/wp-content\/uploads\/2011\/05\/cropped-logo-bellunopress-.jpg","contentUrl":"https:\/\/www.bellunopress.it\/wp-content\/uploads\/2011\/05\/cropped-logo-bellunopress-.jpg","width":512,"height":512,"caption":"Bellunopress"},"image":{"@id":"https:\/\/www.bellunopress.it\/#\/schema\/logo\/image\/"},"sameAs":["https:\/\/www.facebook.com\/profile.php?id=100008943462799","https:\/\/x.com\/bellunopress","https:\/\/www.linkedin.com\/hp\/?dnr=JBzUWaJfMUw8vbXJJ2tVW5-I3jZKvC4wsoxE&amp;amp;amp;amp;amp;amp;trk=nav_responsive_tab_home","https:\/\/www.youtube.com\/channel\/UCxL0wu1uN0_3_7hGG0306cw"]},{"@type":"Person","@id":"https:\/\/www.bellunopress.it\/#\/schema\/person\/79bb06722b37ece1c03d3e94beb30d73","name":"r\u00e9daction","image":{"@type":"ImageObject","inLanguage":"fr-FR","@id":"https:\/\/secure.gravatar.com\/avatar\/37d968a2e67a6fd04c169c4bdef102d0bc5d31b2546345219e348575eb80e9a0?s=96&d=mm&r=g","url":"https:\/\/secure.gravatar.com\/avatar\/37d968a2e67a6fd04c169c4bdef102d0bc5d31b2546345219e348575eb80e9a0?s=96&d=mm&r=g","contentUrl":"https:\/\/secure.gravatar.com\/avatar\/37d968a2e67a6fd04c169c4bdef102d0bc5d31b2546345219e348575eb80e9a0?s=96&d=mm&r=g","caption":"redazione"},"sameAs":["http:\/\/www.bellunopress.it","https:\/\/x.com\/bellunopress"],"url":"https:\/\/www.bellunopress.it\/fr\/author\/redazione\/"}]}},"_links":{"self":[{"href":"https:\/\/www.bellunopress.it\/fr\/wp-json\/wp\/v2\/posts\/169806","targetHints":{"allow":["GET"]}}],"collection":[{"href":"https:\/\/www.bellunopress.it\/fr\/wp-json\/wp\/v2\/posts"}],"about":[{"href":"https:\/\/www.bellunopress.it\/fr\/wp-json\/wp\/v2\/types\/post"}],"author":[{"embeddable":true,"href":"https:\/\/www.bellunopress.it\/fr\/wp-json\/wp\/v2\/users\/2"}],"replies":[{"embeddable":true,"href":"https:\/\/www.bellunopress.it\/fr\/wp-json\/wp\/v2\/comments?post=169806"}],"version-history":[{"count":1,"href":"https:\/\/www.bellunopress.it\/fr\/wp-json\/wp\/v2\/posts\/169806\/revisions"}],"predecessor-version":[{"id":169808,"href":"https:\/\/www.bellunopress.it\/fr\/wp-json\/wp\/v2\/posts\/169806\/revisions\/169808"}],"wp:featuredmedia":[{"embeddable":true,"href":"https:\/\/www.bellunopress.it\/fr\/wp-json\/wp\/v2\/media\/169807"}],"wp:attachment":[{"href":"https:\/\/www.bellunopress.it\/fr\/wp-json\/wp\/v2\/media?parent=169806"}],"wp:term":[{"taxonomy":"category","embeddable":true,"href":"https:\/\/www.bellunopress.it\/fr\/wp-json\/wp\/v2\/categories?post=169806"},{"taxonomy":"post_tag","embeddable":true,"href":"https:\/\/www.bellunopress.it\/fr\/wp-json\/wp\/v2\/tags?post=169806"}],"curies":[{"name":"wp","href":"https:\/\/api.w.org\/{rel}","templated":true}]}}