{"id":169802,"date":"2026-05-05T15:14:23","date_gmt":"2026-05-05T13:14:23","guid":{"rendered":"https:\/\/www.bellunopress.it\/?p=169802"},"modified":"2026-05-05T15:14:23","modified_gmt":"2026-05-05T13:14:23","slug":"acqua-e-cambiamento-climatico-venerdi-8-maggio-a-feltre-il-convegno","status":"publish","type":"post","link":"https:\/\/www.bellunopress.it\/fr\/2026\/05\/05\/acqua-e-cambiamento-climatico-venerdi-8-maggio-a-feltre-il-convegno\/","title":{"rendered":"Acqua e cambiamento climatico. Venerd\u00ec 8 maggio\u00a0 a Feltre il convegno"},"content":{"rendered":"<p>Capire come sta cambiando il ciclo dell\u2019acqua in montagna e quali conseguenze questo comporta e comporter\u00e0 al territorio. \u00c8 questo il cuore del convegno in programma venerd\u00ec 8 maggio con inizio alle 9.30 nella Sala degli Stemmi del municipio di Feltre, promosso dal Centro Studi Bellunese in collaborazione con Regione del Veneto e Comune di Feltre.<\/p>\n<p>\u201cL\u2019acqua \u00e8 uno degli elementi che pi\u00f9 raccontano il cambiamento in atto \u2013 commenta il sindaco, Viviana Fusaro \u2013. Nei nostri territori vediamo gi\u00e0 segnali evidenti, tra periodi di siccit\u00e0 e fenomeni meteorologici sempre pi\u00f9 intensi. Momenti di<br \/>\nconfronto come questo servono per leggere questi cambiamenti e trasformarli in scelte concrete\u201d.<\/p>\n<p>PROGRAMMA E INTERVENTI<br \/>\nLa mattinata si aprir\u00e0 con i saluti istituzionali: a quello del Sindaco Fusaro seguiranno quelli del prefetto di Belluno Antonello Roccoberton e del presidente della Provincia Marco Staunovo Polacco. La parola passer\u00e0 quindi al presidente del Centro Studi Bellunese Giovanni Piccoli per l\u2019introduzione alla giornata.<br \/>\nEntrando nel merito, il convegno proporr\u00e0 un primo quadro generale sull\u2019andamento climatico in Veneto, affidato a Stefano Micheletti direttore del Dipartimento regionale Sicurezza del Territorio, a cui seguir\u00e0 un focus sul\u00a0 Bellunese con l\u2019analisi meteorologica di Francesco Domenichini, dirigente U.O.<br \/>\nPrevisioni Meteorologico, Dipartimento regionale Sicurezza del Territorio. Ampio spazio sar\u00e0 dedicato al tema dell\u2019impatto del cambiamento climatico sul ciclo dell\u2019acqua a Belluno: Sara Pavan dirigente U.O. Idrologia, Dipartimento regionale Sicurezza del Territorio ed Enrico Lorenzetti, direttore U.O. Assetto Idrogeologico della Direzione Difesa del Suolo e della Costa della Regione<br \/>\nVeneto, approfondiranno quindi gli aspetti idrologici e le fragilit\u00e0 idrogeologiche della provincia. A completare il quadro sar\u00e0 l\u2019intervento di Giuseppe Romanello, direttore del Consiglio di Bacino Dolomiti Bellunesi, che porter\u00e0 l\u2019attenzione sulle implicazioni per il servizio idrico e sulle necessit\u00e0 di pianificazione.<br \/>\n\u201cIl tema dell\u2019acqua \u00e8 sempre pi\u00f9 centrale nelle politiche locali \u2013 osserva il vicesindaco Claudio Dalla Palma \u2013. Non riguarda solo le emergenze, ma anche la capacit\u00e0 di programmare, investire e garantire servizi adeguati. Mettere attorno allo stesso tavolo competenze diverse \u00e8 il primo passo per affrontare queste sfide in modo efficace\u201d.<br \/>\nA chiudere i lavori sar\u00e0 l\u2019assessore regionale all\u2019Ambiente Elisa Venturini.<\/p>\n<p>OBIETTIVI<br \/>\nL\u2019iniziativa si inserisce in un percorso di approfondimento che punta a mettere in dialogo conoscenze scientifiche, dati tecnici e scelte amministrative. In un territorio montano come quello bellunese, il cambiamento climatico incide direttamente sulla disponibilit\u00e0 idrica, sulla sicurezza e sull\u2019equilibrio delle attivit\u00e0 economiche.<br \/>\nIl Centro Studi Bellunese, co-organizzatore dell\u2019evento insieme al Comune, lavora proprio in questa direzione: costruire occasioni di confronto che aiutino a leggere i fenomeni in modo integrato e a orientare le politiche di adattamento.<br \/>\nIl convegno \u00e8 aperto a tutti fino a esaurimento dei posti disponibili, previa iscrizione da farsi al link:<br \/>\nhttps:\/\/docs.google.com\/forms\/d\/e\/1FAIpQLScx4MxjWynlRBvwh0II4JQVZ8gIKK_eX-hvqQ0OtVtwGSqluA\/viewform<\/p>","protected":false},"excerpt":{"rendered":"<p>Capire come sta cambiando il ciclo dell\u2019acqua in montagna e quali conseguenze questo comporta e comporter\u00e0 al territorio. \u00c8 questo il cuore del convegno in programma venerd\u00ec 8 maggio con inizio alle 9.30 nella Sala degli Stemmi del municipio di Feltre, promosso dal Centro Studi Bellunese in collaborazione con Regione del Veneto e Comune di [&hellip;]<\/p>\n","protected":false},"author":2,"featured_media":169803,"comment_status":"closed","ping_status":"open","sticky":false,"template":"","format":"standard","meta":{"footnotes":""},"categories":[38,25],"tags":[],"class_list":["post-169802","post","type-post","status-publish","format-standard","has-post-thumbnail","category-natura-ambiente","category-pausa-caffe"],"yoast_head":"<!-- This site is optimized with the Yoast SEO plugin v28.4 - https:\/\/yoast.com\/product\/yoast-seo-wordpress\/ -->\n<title>Acqua e cambiamento climatico. Venerd\u00ec 8 maggio\u00a0 a Feltre il convegno - Bellunopress - Dolomiti<\/title>\n<meta name=\"robots\" content=\"index, follow, max-snippet:-1, max-image-preview:large, max-video-preview:-1\" \/>\n<link rel=\"canonical\" href=\"https:\/\/www.bellunopress.it\/fr\/2026\/05\/05\/acqua-e-cambiamento-climatico-venerdi-8-maggio-a-feltre-il-convegno\/\" \/>\n<meta property=\"og:locale\" content=\"fr_FR\" \/>\n<meta property=\"og:type\" content=\"article\" \/>\n<meta property=\"og:title\" content=\"Acqua e cambiamento climatico. Venerd\u00ec 8 maggio\u00a0 a Feltre il convegno - Bellunopress - Dolomiti\" \/>\n<meta property=\"og:description\" content=\"Capire come sta cambiando il ciclo dell\u2019acqua in montagna e quali conseguenze questo comporta e comporter\u00e0 al territorio. \u00c8 questo il cuore del convegno in programma venerd\u00ec 8 maggio con inizio alle 9.30 nella Sala degli Stemmi del municipio di Feltre, promosso dal Centro Studi Bellunese in collaborazione con Regione del Veneto e Comune di [&hellip;]\" \/>\n<meta property=\"og:url\" content=\"https:\/\/www.bellunopress.it\/fr\/2026\/05\/05\/acqua-e-cambiamento-climatico-venerdi-8-maggio-a-feltre-il-convegno\/\" \/>\n<meta property=\"og:site_name\" content=\"Bellunopress - Dolomiti\" \/>\n<meta property=\"article:publisher\" content=\"https:\/\/www.facebook.com\/profile.php?id=100008943462799\" \/>\n<meta property=\"article:published_time\" content=\"2026-05-05T13:14:23+00:00\" \/>\n<meta property=\"og:image\" content=\"https:\/\/www.bellunopress.it\/wp-content\/uploads\/2026\/05\/convegtno-sul-cambiamento-climatico.jpg\" \/>\n\t<meta property=\"og:image:width\" content=\"428\" \/>\n\t<meta property=\"og:image:height\" content=\"606\" \/>\n\t<meta property=\"og:image:type\" content=\"image\/jpeg\" \/>\n<meta name=\"author\" content=\"redazione\" \/>\n<meta name=\"twitter:card\" content=\"summary_large_image\" \/>\n<meta name=\"twitter:creator\" content=\"@bellunopress\" \/>\n<meta name=\"twitter:site\" content=\"@bellunopress\" \/>\n<meta name=\"twitter:label1\" content=\"Written by\" \/>\n\t<meta name=\"twitter:data1\" content=\"redazione\" \/>\n\t<meta name=\"twitter:label2\" content=\"Est. reading time\" \/>\n\t<meta name=\"twitter:data2\" content=\"3 minutes\" \/>\n<script type=\"application\/ld+json\" class=\"yoast-schema-graph\">{\"@context\":\"https:\\\/\\\/schema.org\",\"@graph\":[{\"@type\":\"Article\",\"@id\":\"https:\\\/\\\/www.bellunopress.it\\\/2026\\\/05\\\/05\\\/acqua-e-cambiamento-climatico-venerdi-8-maggio-a-feltre-il-convegno\\\/#article\",\"isPartOf\":{\"@id\":\"https:\\\/\\\/www.bellunopress.it\\\/2026\\\/05\\\/05\\\/acqua-e-cambiamento-climatico-venerdi-8-maggio-a-feltre-il-convegno\\\/\"},\"author\":{\"name\":\"redazione\",\"@id\":\"https:\\\/\\\/www.bellunopress.it\\\/#\\\/schema\\\/person\\\/79bb06722b37ece1c03d3e94beb30d73\"},\"headline\":\"Acqua e cambiamento climatico. Venerd\u00ec 8 maggio\u00a0 a Feltre il convegno\",\"datePublished\":\"2026-05-05T13:14:23+00:00\",\"mainEntityOfPage\":{\"@id\":\"https:\\\/\\\/www.bellunopress.it\\\/2026\\\/05\\\/05\\\/acqua-e-cambiamento-climatico-venerdi-8-maggio-a-feltre-il-convegno\\\/\"},\"wordCount\":476,\"publisher\":{\"@id\":\"https:\\\/\\\/www.bellunopress.it\\\/#organization\"},\"image\":{\"@id\":\"https:\\\/\\\/www.bellunopress.it\\\/2026\\\/05\\\/05\\\/acqua-e-cambiamento-climatico-venerdi-8-maggio-a-feltre-il-convegno\\\/#primaryimage\"},\"thumbnailUrl\":\"https:\\\/\\\/www.bellunopress.it\\\/wp-content\\\/uploads\\\/2026\\\/05\\\/convegtno-sul-cambiamento-climatico.jpg\",\"articleSection\":[\"Meteo, natura, ambiente, animali\",\"Pausa Caff\u00e8\"],\"inLanguage\":\"fr-FR\"},{\"@type\":\"WebPage\",\"@id\":\"https:\\\/\\\/www.bellunopress.it\\\/2026\\\/05\\\/05\\\/acqua-e-cambiamento-climatico-venerdi-8-maggio-a-feltre-il-convegno\\\/\",\"url\":\"https:\\\/\\\/www.bellunopress.it\\\/2026\\\/05\\\/05\\\/acqua-e-cambiamento-climatico-venerdi-8-maggio-a-feltre-il-convegno\\\/\",\"name\":\"Acqua e cambiamento climatico. Venerd\u00ec 8 maggio\u00a0 a Feltre il convegno - Bellunopress - Dolomiti\",\"isPartOf\":{\"@id\":\"https:\\\/\\\/www.bellunopress.it\\\/#website\"},\"primaryImageOfPage\":{\"@id\":\"https:\\\/\\\/www.bellunopress.it\\\/2026\\\/05\\\/05\\\/acqua-e-cambiamento-climatico-venerdi-8-maggio-a-feltre-il-convegno\\\/#primaryimage\"},\"image\":{\"@id\":\"https:\\\/\\\/www.bellunopress.it\\\/2026\\\/05\\\/05\\\/acqua-e-cambiamento-climatico-venerdi-8-maggio-a-feltre-il-convegno\\\/#primaryimage\"},\"thumbnailUrl\":\"https:\\\/\\\/www.bellunopress.it\\\/wp-content\\\/uploads\\\/2026\\\/05\\\/convegtno-sul-cambiamento-climatico.jpg\",\"datePublished\":\"2026-05-05T13:14:23+00:00\",\"breadcrumb\":{\"@id\":\"https:\\\/\\\/www.bellunopress.it\\\/2026\\\/05\\\/05\\\/acqua-e-cambiamento-climatico-venerdi-8-maggio-a-feltre-il-convegno\\\/#breadcrumb\"},\"inLanguage\":\"fr-FR\",\"potentialAction\":[{\"@type\":\"ReadAction\",\"target\":[\"https:\\\/\\\/www.bellunopress.it\\\/2026\\\/05\\\/05\\\/acqua-e-cambiamento-climatico-venerdi-8-maggio-a-feltre-il-convegno\\\/\"]}]},{\"@type\":\"ImageObject\",\"inLanguage\":\"fr-FR\",\"@id\":\"https:\\\/\\\/www.bellunopress.it\\\/2026\\\/05\\\/05\\\/acqua-e-cambiamento-climatico-venerdi-8-maggio-a-feltre-il-convegno\\\/#primaryimage\",\"url\":\"https:\\\/\\\/www.bellunopress.it\\\/wp-content\\\/uploads\\\/2026\\\/05\\\/convegtno-sul-cambiamento-climatico.jpg\",\"contentUrl\":\"https:\\\/\\\/www.bellunopress.it\\\/wp-content\\\/uploads\\\/2026\\\/05\\\/convegtno-sul-cambiamento-climatico.jpg\",\"width\":428,\"height\":606},{\"@type\":\"BreadcrumbList\",\"@id\":\"https:\\\/\\\/www.bellunopress.it\\\/2026\\\/05\\\/05\\\/acqua-e-cambiamento-climatico-venerdi-8-maggio-a-feltre-il-convegno\\\/#breadcrumb\",\"itemListElement\":[{\"@type\":\"ListItem\",\"position\":1,\"name\":\"Home\",\"item\":\"https:\\\/\\\/www.bellunopress.it\\\/\"},{\"@type\":\"ListItem\",\"position\":2,\"name\":\"Acqua e cambiamento climatico. Venerd\u00ec 8 maggio\u00a0 a Feltre il convegno\"}]},{\"@type\":\"WebSite\",\"@id\":\"https:\\\/\\\/www.bellunopress.it\\\/#website\",\"url\":\"https:\\\/\\\/www.bellunopress.it\\\/\",\"name\":\"Bellunopress - Dolomiti\",\"description\":\"e-mail: redazione@bellunopress.it\",\"publisher\":{\"@id\":\"https:\\\/\\\/www.bellunopress.it\\\/#organization\"},\"potentialAction\":[{\"@type\":\"SearchAction\",\"target\":{\"@type\":\"EntryPoint\",\"urlTemplate\":\"https:\\\/\\\/www.bellunopress.it\\\/?s={search_term_string}\"},\"query-input\":{\"@type\":\"PropertyValueSpecification\",\"valueRequired\":true,\"valueName\":\"search_term_string\"}}],\"inLanguage\":\"fr-FR\"},{\"@type\":\"Organization\",\"@id\":\"https:\\\/\\\/www.bellunopress.it\\\/#organization\",\"name\":\"Bellunopress\",\"url\":\"https:\\\/\\\/www.bellunopress.it\\\/\",\"logo\":{\"@type\":\"ImageObject\",\"inLanguage\":\"fr-FR\",\"@id\":\"https:\\\/\\\/www.bellunopress.it\\\/#\\\/schema\\\/logo\\\/image\\\/\",\"url\":\"https:\\\/\\\/www.bellunopress.it\\\/wp-content\\\/uploads\\\/2011\\\/05\\\/cropped-logo-bellunopress-.jpg\",\"contentUrl\":\"https:\\\/\\\/www.bellunopress.it\\\/wp-content\\\/uploads\\\/2011\\\/05\\\/cropped-logo-bellunopress-.jpg\",\"width\":512,\"height\":512,\"caption\":\"Bellunopress\"},\"image\":{\"@id\":\"https:\\\/\\\/www.bellunopress.it\\\/#\\\/schema\\\/logo\\\/image\\\/\"},\"sameAs\":[\"https:\\\/\\\/www.facebook.com\\\/profile.php?id=100008943462799\",\"https:\\\/\\\/x.com\\\/bellunopress\",\"https:\\\/\\\/www.linkedin.com\\\/hp\\\/?dnr=JBzUWaJfMUw8vbXJJ2tVW5-I3jZKvC4wsoxE&amp;amp;amp;amp;amp;amp;trk=nav_responsive_tab_home\",\"https:\\\/\\\/www.youtube.com\\\/channel\\\/UCxL0wu1uN0_3_7hGG0306cw\"]},{\"@type\":\"Person\",\"@id\":\"https:\\\/\\\/www.bellunopress.it\\\/#\\\/schema\\\/person\\\/79bb06722b37ece1c03d3e94beb30d73\",\"name\":\"redazione\",\"image\":{\"@type\":\"ImageObject\",\"inLanguage\":\"fr-FR\",\"@id\":\"https:\\\/\\\/secure.gravatar.com\\\/avatar\\\/37d968a2e67a6fd04c169c4bdef102d0bc5d31b2546345219e348575eb80e9a0?s=96&d=mm&r=g\",\"url\":\"https:\\\/\\\/secure.gravatar.com\\\/avatar\\\/37d968a2e67a6fd04c169c4bdef102d0bc5d31b2546345219e348575eb80e9a0?s=96&d=mm&r=g\",\"contentUrl\":\"https:\\\/\\\/secure.gravatar.com\\\/avatar\\\/37d968a2e67a6fd04c169c4bdef102d0bc5d31b2546345219e348575eb80e9a0?s=96&d=mm&r=g\",\"caption\":\"redazione\"},\"sameAs\":[\"http:\\\/\\\/www.bellunopress.it\",\"https:\\\/\\\/x.com\\\/bellunopress\"],\"url\":\"https:\\\/\\\/www.bellunopress.it\\\/fr\\\/author\\\/redazione\\\/\"}]}<\/script>\n<!-- \/ Yoast SEO plugin. -->","yoast_head_json":{"title":"Acqua e cambiamento climatico. Venerd\u00ec 8 maggio\u00a0 a Feltre il convegno - Bellunopress - Dolomiti","robots":{"index":"index","follow":"follow","max-snippet":"max-snippet:-1","max-image-preview":"max-image-preview:large","max-video-preview":"max-video-preview:-1"},"canonical":"https:\/\/www.bellunopress.it\/fr\/2026\/05\/05\/acqua-e-cambiamento-climatico-venerdi-8-maggio-a-feltre-il-convegno\/","og_locale":"fr_FR","og_type":"article","og_title":"Acqua e cambiamento climatico. Venerd\u00ec 8 maggio\u00a0 a Feltre il convegno - Bellunopress - Dolomiti","og_description":"Capire come sta cambiando il ciclo dell\u2019acqua in montagna e quali conseguenze questo comporta e comporter\u00e0 al territorio. \u00c8 questo il cuore del convegno in programma venerd\u00ec 8 maggio con inizio alle 9.30 nella Sala degli Stemmi del municipio di Feltre, promosso dal Centro Studi Bellunese in collaborazione con Regione del Veneto e Comune di [&hellip;]","og_url":"https:\/\/www.bellunopress.it\/fr\/2026\/05\/05\/acqua-e-cambiamento-climatico-venerdi-8-maggio-a-feltre-il-convegno\/","og_site_name":"Bellunopress - Dolomiti","article_publisher":"https:\/\/www.facebook.com\/profile.php?id=100008943462799","article_published_time":"2026-05-05T13:14:23+00:00","og_image":[{"width":428,"height":606,"url":"https:\/\/www.bellunopress.it\/wp-content\/uploads\/2026\/05\/convegtno-sul-cambiamento-climatico.jpg","type":"image\/jpeg"}],"author":"redazione","twitter_card":"summary_large_image","twitter_creator":"@bellunopress","twitter_site":"@bellunopress","twitter_misc":{"Written by":"redazione","Est. reading time":"3 minutes"},"schema":{"@context":"https:\/\/schema.org","@graph":[{"@type":"Article","@id":"https:\/\/www.bellunopress.it\/2026\/05\/05\/acqua-e-cambiamento-climatico-venerdi-8-maggio-a-feltre-il-convegno\/#article","isPartOf":{"@id":"https:\/\/www.bellunopress.it\/2026\/05\/05\/acqua-e-cambiamento-climatico-venerdi-8-maggio-a-feltre-il-convegno\/"},"author":{"name":"redazione","@id":"https:\/\/www.bellunopress.it\/#\/schema\/person\/79bb06722b37ece1c03d3e94beb30d73"},"headline":"Acqua e cambiamento climatico. Venerd\u00ec 8 maggio\u00a0 a Feltre il convegno","datePublished":"2026-05-05T13:14:23+00:00","mainEntityOfPage":{"@id":"https:\/\/www.bellunopress.it\/2026\/05\/05\/acqua-e-cambiamento-climatico-venerdi-8-maggio-a-feltre-il-convegno\/"},"wordCount":476,"publisher":{"@id":"https:\/\/www.bellunopress.it\/#organization"},"image":{"@id":"https:\/\/www.bellunopress.it\/2026\/05\/05\/acqua-e-cambiamento-climatico-venerdi-8-maggio-a-feltre-il-convegno\/#primaryimage"},"thumbnailUrl":"https:\/\/www.bellunopress.it\/wp-content\/uploads\/2026\/05\/convegtno-sul-cambiamento-climatico.jpg","articleSection":["Meteo, natura, ambiente, animali","Pausa Caff\u00e8"],"inLanguage":"fr-FR"},{"@type":"WebPage","@id":"https:\/\/www.bellunopress.it\/2026\/05\/05\/acqua-e-cambiamento-climatico-venerdi-8-maggio-a-feltre-il-convegno\/","url":"https:\/\/www.bellunopress.it\/2026\/05\/05\/acqua-e-cambiamento-climatico-venerdi-8-maggio-a-feltre-il-convegno\/","name":"Acqua e cambiamento climatico. Venerd\u00ec 8 maggio\u00a0 a Feltre il convegno - Bellunopress - Dolomiti","isPartOf":{"@id":"https:\/\/www.bellunopress.it\/#website"},"primaryImageOfPage":{"@id":"https:\/\/www.bellunopress.it\/2026\/05\/05\/acqua-e-cambiamento-climatico-venerdi-8-maggio-a-feltre-il-convegno\/#primaryimage"},"image":{"@id":"https:\/\/www.bellunopress.it\/2026\/05\/05\/acqua-e-cambiamento-climatico-venerdi-8-maggio-a-feltre-il-convegno\/#primaryimage"},"thumbnailUrl":"https:\/\/www.bellunopress.it\/wp-content\/uploads\/2026\/05\/convegtno-sul-cambiamento-climatico.jpg","datePublished":"2026-05-05T13:14:23+00:00","breadcrumb":{"@id":"https:\/\/www.bellunopress.it\/2026\/05\/05\/acqua-e-cambiamento-climatico-venerdi-8-maggio-a-feltre-il-convegno\/#breadcrumb"},"inLanguage":"fr-FR","potentialAction":[{"@type":"ReadAction","target":["https:\/\/www.bellunopress.it\/2026\/05\/05\/acqua-e-cambiamento-climatico-venerdi-8-maggio-a-feltre-il-convegno\/"]}]},{"@type":"ImageObject","inLanguage":"fr-FR","@id":"https:\/\/www.bellunopress.it\/2026\/05\/05\/acqua-e-cambiamento-climatico-venerdi-8-maggio-a-feltre-il-convegno\/#primaryimage","url":"https:\/\/www.bellunopress.it\/wp-content\/uploads\/2026\/05\/convegtno-sul-cambiamento-climatico.jpg","contentUrl":"https:\/\/www.bellunopress.it\/wp-content\/uploads\/2026\/05\/convegtno-sul-cambiamento-climatico.jpg","width":428,"height":606},{"@type":"BreadcrumbList","@id":"https:\/\/www.bellunopress.it\/2026\/05\/05\/acqua-e-cambiamento-climatico-venerdi-8-maggio-a-feltre-il-convegno\/#breadcrumb","itemListElement":[{"@type":"ListItem","position":1,"name":"Home","item":"https:\/\/www.bellunopress.it\/"},{"@type":"ListItem","position":2,"name":"Acqua e cambiamento climatico. Venerd\u00ec 8 maggio\u00a0 a Feltre il convegno"}]},{"@type":"WebSite","@id":"https:\/\/www.bellunopress.it\/#website","url":"https:\/\/www.bellunopress.it\/","name":"Bellunopress - Dolomiti","description":"e-mail: redazione@bellunopress.it","publisher":{"@id":"https:\/\/www.bellunopress.it\/#organization"},"potentialAction":[{"@type":"SearchAction","target":{"@type":"EntryPoint","urlTemplate":"https:\/\/www.bellunopress.it\/?s={search_term_string}"},"query-input":{"@type":"PropertyValueSpecification","valueRequired":true,"valueName":"search_term_string"}}],"inLanguage":"fr-FR"},{"@type":"Organization","@id":"https:\/\/www.bellunopress.it\/#organization","name":"Bellunopress","url":"https:\/\/www.bellunopress.it\/","logo":{"@type":"ImageObject","inLanguage":"fr-FR","@id":"https:\/\/www.bellunopress.it\/#\/schema\/logo\/image\/","url":"https:\/\/www.bellunopress.it\/wp-content\/uploads\/2011\/05\/cropped-logo-bellunopress-.jpg","contentUrl":"https:\/\/www.bellunopress.it\/wp-content\/uploads\/2011\/05\/cropped-logo-bellunopress-.jpg","width":512,"height":512,"caption":"Bellunopress"},"image":{"@id":"https:\/\/www.bellunopress.it\/#\/schema\/logo\/image\/"},"sameAs":["https:\/\/www.facebook.com\/profile.php?id=100008943462799","https:\/\/x.com\/bellunopress","https:\/\/www.linkedin.com\/hp\/?dnr=JBzUWaJfMUw8vbXJJ2tVW5-I3jZKvC4wsoxE&amp;amp;amp;amp;amp;amp;trk=nav_responsive_tab_home","https:\/\/www.youtube.com\/channel\/UCxL0wu1uN0_3_7hGG0306cw"]},{"@type":"Person","@id":"https:\/\/www.bellunopress.it\/#\/schema\/person\/79bb06722b37ece1c03d3e94beb30d73","name":"r\u00e9daction","image":{"@type":"ImageObject","inLanguage":"fr-FR","@id":"https:\/\/secure.gravatar.com\/avatar\/37d968a2e67a6fd04c169c4bdef102d0bc5d31b2546345219e348575eb80e9a0?s=96&d=mm&r=g","url":"https:\/\/secure.gravatar.com\/avatar\/37d968a2e67a6fd04c169c4bdef102d0bc5d31b2546345219e348575eb80e9a0?s=96&d=mm&r=g","contentUrl":"https:\/\/secure.gravatar.com\/avatar\/37d968a2e67a6fd04c169c4bdef102d0bc5d31b2546345219e348575eb80e9a0?s=96&d=mm&r=g","caption":"redazione"},"sameAs":["http:\/\/www.bellunopress.it","https:\/\/x.com\/bellunopress"],"url":"https:\/\/www.bellunopress.it\/fr\/author\/redazione\/"}]}},"_links":{"self":[{"href":"https:\/\/www.bellunopress.it\/fr\/wp-json\/wp\/v2\/posts\/169802","targetHints":{"allow":["GET"]}}],"collection":[{"href":"https:\/\/www.bellunopress.it\/fr\/wp-json\/wp\/v2\/posts"}],"about":[{"href":"https:\/\/www.bellunopress.it\/fr\/wp-json\/wp\/v2\/types\/post"}],"author":[{"embeddable":true,"href":"https:\/\/www.bellunopress.it\/fr\/wp-json\/wp\/v2\/users\/2"}],"replies":[{"embeddable":true,"href":"https:\/\/www.bellunopress.it\/fr\/wp-json\/wp\/v2\/comments?post=169802"}],"version-history":[{"count":1,"href":"https:\/\/www.bellunopress.it\/fr\/wp-json\/wp\/v2\/posts\/169802\/revisions"}],"predecessor-version":[{"id":169804,"href":"https:\/\/www.bellunopress.it\/fr\/wp-json\/wp\/v2\/posts\/169802\/revisions\/169804"}],"wp:featuredmedia":[{"embeddable":true,"href":"https:\/\/www.bellunopress.it\/fr\/wp-json\/wp\/v2\/media\/169803"}],"wp:attachment":[{"href":"https:\/\/www.bellunopress.it\/fr\/wp-json\/wp\/v2\/media?parent=169802"}],"wp:term":[{"taxonomy":"category","embeddable":true,"href":"https:\/\/www.bellunopress.it\/fr\/wp-json\/wp\/v2\/categories?post=169802"},{"taxonomy":"post_tag","embeddable":true,"href":"https:\/\/www.bellunopress.it\/fr\/wp-json\/wp\/v2\/tags?post=169802"}],"curies":[{"name":"wp","href":"https:\/\/api.w.org\/{rel}","templated":true}]}}