{"id":169800,"date":"2026-05-05T14:55:52","date_gmt":"2026-05-05T12:55:52","guid":{"rendered":"https:\/\/www.bellunopress.it\/?p=169800"},"modified":"2026-05-05T14:55:52","modified_gmt":"2026-05-05T12:55:52","slug":"parco-delle-dolomiti-sanzionate-2-persone-con-il-parapendio-altre-3-per-fuochi-a-terra","status":"publish","type":"post","link":"https:\/\/www.bellunopress.it\/fr\/2026\/05\/05\/parco-delle-dolomiti-sanzionate-2-persone-con-il-parapendio-altre-3-per-fuochi-a-terra\/","title":{"rendered":"Parco delle Dolomiti: sanzionate 2 persone con il parapendio, altre 3 per fuochi a terra"},"content":{"rendered":"<p>Due persone sanzionate per atterraggio con parapendio all\u2019interno del Parco Nazionale Dolomiti Bellunesi e tre per accensione di fuochi a terra.<\/p>\n<p>E\u2019 il risultato di una netta intensificazione dei controlli dei Carabinieri Forestali del Reparto Parco Nazionale Dolomiti Bellunesi negli ultimi ponti festivi che ha messo in atto numerosi servizi di sorveglianza e controllo su tutto il territorio dell\u2019area protetta, dal fondo valle alle aree pi\u00f9 in quota, al fine di prevenire e reprimere eventuali condotte illecite.<br \/>\nInfatti, anche favorito dal bel tempo, negli ultimi ponti festivi del 25 aprile e del 01 maggio si \u00e8 assistito ad un significativo incremento del numero dei visitatori all\u2019interno del Parco Nazionale delle Dolomiti Bellunesi. Numerose sono le localit\u00e0 emblematiche per questa singolare area protetta, dai Cadini del Brenton alla Foresta di Cajada, dalla Val Cordevole ai Piani Eterni e Vette Feltrine.<\/p>\n<p>In tale contesto, la costante e capillare attivit\u00e0 di controllo dell\u2019area protetta ha portato a sorprendere due persone, una italiana e una di nazionalit\u00e0 polacca, ad atterrare con i propri parapendii in un\u2019area prativa in localit\u00e0 Malga Palughet, in comune di Longarone. Il sorvolo del Parco Nazionale con il parapendio \u00e8 una pratica consentita nel rispetto di alcuni vincoli come quello di mantenere una distanza di almeno 500 metri dalle pareti rocciose ed esclusivamente all\u2019interno di un\u2019area ben delimitata per non arrecare disturbo alle specie di rapaci come l\u2019aquila reale, che su queste pareti nidificano. Ci\u00f2 che \u00e8 vietato \u00e8 appunto l\u2019atterraggio con il parapendio nel Parco.<\/p>\n<p>Nelle aree ricreative di Pian Falcina, in localit\u00e0 Valle del Mis in comune di Sospirolo sono state sanzionate tre persone sorprese ad accendere fuochi a terra per fare una grigliata, anzich\u00e9 utilizzare le postazioni fisse ivi presenti.<\/p>\n<p>I controlli della specialit\u00e0 Forestale dell\u2019Arma proseguiranno e, in vista della prossima stagione estiva, si intensificheranno sempre pi\u00f9 affinch\u00e9 i siti di particolare e notevole interesse paesaggistico, naturale e culturale siano salvaguardati e difesi da comportamenti umani spesso inconsapevoli del delicato equilibrio biologico che caratterizza un\u2019area protetta e la sua ricchissima biodiversit\u00e0 in un territorio particolarmente impervio, qual \u00e8 quello del PNDB.<\/p>\n<p>Per non incorrere in sanzioni amministrative e penali \u2013 avvisano dall\u2019Arma \u2013 \u00e8 opportuno consultare sempre il Regolamento del Parco che disciplina le attivit\u00e0 consentite e quelle vietate e munirsi di apposita cartina geografica, disponibile anche presso i Punti Informativi dell\u2019Ente Parco, dove sono descritti i siti d\u2019interesse da visitare e i percorsi escursionistici da frequentare.<\/p>","protected":false},"excerpt":{"rendered":"<p>Due persone sanzionate per atterraggio con parapendio all\u2019interno del Parco Nazionale Dolomiti Bellunesi e tre per accensione di fuochi a terra. E\u2019 il risultato di una netta intensificazione dei controlli dei Carabinieri Forestali del Reparto Parco Nazionale Dolomiti Bellunesi negli ultimi ponti festivi che ha messo in atto numerosi servizi di sorveglianza e controllo su [&hellip;]<\/p>\n","protected":false},"author":2,"featured_media":162890,"comment_status":"closed","ping_status":"open","sticky":false,"template":"","format":"standard","meta":{"footnotes":""},"categories":[5,26],"tags":[],"class_list":["post-169800","post","type-post","status-publish","format-standard","has-post-thumbnail","category-cronaca","category-prima-pagina"],"yoast_head":"<!-- This site is optimized with the Yoast SEO plugin v28.4 - https:\/\/yoast.com\/product\/yoast-seo-wordpress\/ -->\n<title>Parco delle Dolomiti: sanzionate 2 persone con il parapendio, altre 3 per fuochi a terra - Bellunopress - Dolomiti<\/title>\n<meta name=\"robots\" content=\"index, follow, max-snippet:-1, max-image-preview:large, max-video-preview:-1\" \/>\n<link rel=\"canonical\" href=\"https:\/\/www.bellunopress.it\/fr\/2026\/05\/05\/parco-delle-dolomiti-sanzionate-2-persone-con-il-parapendio-altre-3-per-fuochi-a-terra\/\" \/>\n<meta property=\"og:locale\" content=\"fr_FR\" \/>\n<meta property=\"og:type\" content=\"article\" \/>\n<meta property=\"og:title\" content=\"Parco delle Dolomiti: sanzionate 2 persone con il parapendio, altre 3 per fuochi a terra - Bellunopress - Dolomiti\" \/>\n<meta property=\"og:description\" content=\"Due persone sanzionate per atterraggio con parapendio all\u2019interno del Parco Nazionale Dolomiti Bellunesi e tre per accensione di fuochi a terra. E\u2019 il risultato di una netta intensificazione dei controlli dei Carabinieri Forestali del Reparto Parco Nazionale Dolomiti Bellunesi negli ultimi ponti festivi che ha messo in atto numerosi servizi di sorveglianza e controllo su [&hellip;]\" \/>\n<meta property=\"og:url\" content=\"https:\/\/www.bellunopress.it\/fr\/2026\/05\/05\/parco-delle-dolomiti-sanzionate-2-persone-con-il-parapendio-altre-3-per-fuochi-a-terra\/\" \/>\n<meta property=\"og:site_name\" content=\"Bellunopress - Dolomiti\" \/>\n<meta property=\"article:publisher\" content=\"https:\/\/www.facebook.com\/profile.php?id=100008943462799\" \/>\n<meta property=\"article:published_time\" content=\"2026-05-05T12:55:52+00:00\" \/>\n<meta property=\"og:image\" content=\"https:\/\/www.bellunopress.it\/wp-content\/uploads\/2025\/08\/carabinieri-forestali-controllo-cercatori-funghi.jpg\" \/>\n\t<meta property=\"og:image:width\" content=\"800\" \/>\n\t<meta property=\"og:image:height\" content=\"532\" \/>\n\t<meta property=\"og:image:type\" content=\"image\/jpeg\" \/>\n<meta name=\"author\" content=\"redazione\" \/>\n<meta name=\"twitter:card\" content=\"summary_large_image\" \/>\n<meta name=\"twitter:creator\" content=\"@bellunopress\" \/>\n<meta name=\"twitter:site\" content=\"@bellunopress\" \/>\n<meta name=\"twitter:label1\" content=\"Written by\" \/>\n\t<meta name=\"twitter:data1\" content=\"redazione\" \/>\n\t<meta name=\"twitter:label2\" content=\"Est. reading time\" \/>\n\t<meta name=\"twitter:data2\" content=\"3 minutes\" \/>\n<script type=\"application\/ld+json\" class=\"yoast-schema-graph\">{\"@context\":\"https:\\\/\\\/schema.org\",\"@graph\":[{\"@type\":\"Article\",\"@id\":\"https:\\\/\\\/www.bellunopress.it\\\/2026\\\/05\\\/05\\\/parco-delle-dolomiti-sanzionate-2-persone-con-il-parapendio-altre-3-per-fuochi-a-terra\\\/#article\",\"isPartOf\":{\"@id\":\"https:\\\/\\\/www.bellunopress.it\\\/2026\\\/05\\\/05\\\/parco-delle-dolomiti-sanzionate-2-persone-con-il-parapendio-altre-3-per-fuochi-a-terra\\\/\"},\"author\":{\"name\":\"redazione\",\"@id\":\"https:\\\/\\\/www.bellunopress.it\\\/#\\\/schema\\\/person\\\/79bb06722b37ece1c03d3e94beb30d73\"},\"headline\":\"Parco delle Dolomiti: sanzionate 2 persone con il parapendio, altre 3 per fuochi a terra\",\"datePublished\":\"2026-05-05T12:55:52+00:00\",\"mainEntityOfPage\":{\"@id\":\"https:\\\/\\\/www.bellunopress.it\\\/2026\\\/05\\\/05\\\/parco-delle-dolomiti-sanzionate-2-persone-con-il-parapendio-altre-3-per-fuochi-a-terra\\\/\"},\"wordCount\":417,\"publisher\":{\"@id\":\"https:\\\/\\\/www.bellunopress.it\\\/#organization\"},\"image\":{\"@id\":\"https:\\\/\\\/www.bellunopress.it\\\/2026\\\/05\\\/05\\\/parco-delle-dolomiti-sanzionate-2-persone-con-il-parapendio-altre-3-per-fuochi-a-terra\\\/#primaryimage\"},\"thumbnailUrl\":\"https:\\\/\\\/www.bellunopress.it\\\/wp-content\\\/uploads\\\/2025\\\/08\\\/carabinieri-forestali-controllo-cercatori-funghi.jpg\",\"articleSection\":[\"Cronaca\\\/Politica\",\"Prima Pagina\"],\"inLanguage\":\"fr-FR\"},{\"@type\":\"WebPage\",\"@id\":\"https:\\\/\\\/www.bellunopress.it\\\/2026\\\/05\\\/05\\\/parco-delle-dolomiti-sanzionate-2-persone-con-il-parapendio-altre-3-per-fuochi-a-terra\\\/\",\"url\":\"https:\\\/\\\/www.bellunopress.it\\\/2026\\\/05\\\/05\\\/parco-delle-dolomiti-sanzionate-2-persone-con-il-parapendio-altre-3-per-fuochi-a-terra\\\/\",\"name\":\"Parco delle Dolomiti: sanzionate 2 persone con il parapendio, altre 3 per fuochi a terra - Bellunopress - Dolomiti\",\"isPartOf\":{\"@id\":\"https:\\\/\\\/www.bellunopress.it\\\/#website\"},\"primaryImageOfPage\":{\"@id\":\"https:\\\/\\\/www.bellunopress.it\\\/2026\\\/05\\\/05\\\/parco-delle-dolomiti-sanzionate-2-persone-con-il-parapendio-altre-3-per-fuochi-a-terra\\\/#primaryimage\"},\"image\":{\"@id\":\"https:\\\/\\\/www.bellunopress.it\\\/2026\\\/05\\\/05\\\/parco-delle-dolomiti-sanzionate-2-persone-con-il-parapendio-altre-3-per-fuochi-a-terra\\\/#primaryimage\"},\"thumbnailUrl\":\"https:\\\/\\\/www.bellunopress.it\\\/wp-content\\\/uploads\\\/2025\\\/08\\\/carabinieri-forestali-controllo-cercatori-funghi.jpg\",\"datePublished\":\"2026-05-05T12:55:52+00:00\",\"breadcrumb\":{\"@id\":\"https:\\\/\\\/www.bellunopress.it\\\/2026\\\/05\\\/05\\\/parco-delle-dolomiti-sanzionate-2-persone-con-il-parapendio-altre-3-per-fuochi-a-terra\\\/#breadcrumb\"},\"inLanguage\":\"fr-FR\",\"potentialAction\":[{\"@type\":\"ReadAction\",\"target\":[\"https:\\\/\\\/www.bellunopress.it\\\/2026\\\/05\\\/05\\\/parco-delle-dolomiti-sanzionate-2-persone-con-il-parapendio-altre-3-per-fuochi-a-terra\\\/\"]}]},{\"@type\":\"ImageObject\",\"inLanguage\":\"fr-FR\",\"@id\":\"https:\\\/\\\/www.bellunopress.it\\\/2026\\\/05\\\/05\\\/parco-delle-dolomiti-sanzionate-2-persone-con-il-parapendio-altre-3-per-fuochi-a-terra\\\/#primaryimage\",\"url\":\"https:\\\/\\\/www.bellunopress.it\\\/wp-content\\\/uploads\\\/2025\\\/08\\\/carabinieri-forestali-controllo-cercatori-funghi.jpg\",\"contentUrl\":\"https:\\\/\\\/www.bellunopress.it\\\/wp-content\\\/uploads\\\/2025\\\/08\\\/carabinieri-forestali-controllo-cercatori-funghi.jpg\",\"width\":800,\"height\":532},{\"@type\":\"BreadcrumbList\",\"@id\":\"https:\\\/\\\/www.bellunopress.it\\\/2026\\\/05\\\/05\\\/parco-delle-dolomiti-sanzionate-2-persone-con-il-parapendio-altre-3-per-fuochi-a-terra\\\/#breadcrumb\",\"itemListElement\":[{\"@type\":\"ListItem\",\"position\":1,\"name\":\"Home\",\"item\":\"https:\\\/\\\/www.bellunopress.it\\\/\"},{\"@type\":\"ListItem\",\"position\":2,\"name\":\"Parco delle Dolomiti: sanzionate 2 persone con il parapendio, altre 3 per fuochi a terra\"}]},{\"@type\":\"WebSite\",\"@id\":\"https:\\\/\\\/www.bellunopress.it\\\/#website\",\"url\":\"https:\\\/\\\/www.bellunopress.it\\\/\",\"name\":\"Bellunopress - Dolomiti\",\"description\":\"e-mail: redazione@bellunopress.it\",\"publisher\":{\"@id\":\"https:\\\/\\\/www.bellunopress.it\\\/#organization\"},\"potentialAction\":[{\"@type\":\"SearchAction\",\"target\":{\"@type\":\"EntryPoint\",\"urlTemplate\":\"https:\\\/\\\/www.bellunopress.it\\\/?s={search_term_string}\"},\"query-input\":{\"@type\":\"PropertyValueSpecification\",\"valueRequired\":true,\"valueName\":\"search_term_string\"}}],\"inLanguage\":\"fr-FR\"},{\"@type\":\"Organization\",\"@id\":\"https:\\\/\\\/www.bellunopress.it\\\/#organization\",\"name\":\"Bellunopress\",\"url\":\"https:\\\/\\\/www.bellunopress.it\\\/\",\"logo\":{\"@type\":\"ImageObject\",\"inLanguage\":\"fr-FR\",\"@id\":\"https:\\\/\\\/www.bellunopress.it\\\/#\\\/schema\\\/logo\\\/image\\\/\",\"url\":\"https:\\\/\\\/www.bellunopress.it\\\/wp-content\\\/uploads\\\/2011\\\/05\\\/cropped-logo-bellunopress-.jpg\",\"contentUrl\":\"https:\\\/\\\/www.bellunopress.it\\\/wp-content\\\/uploads\\\/2011\\\/05\\\/cropped-logo-bellunopress-.jpg\",\"width\":512,\"height\":512,\"caption\":\"Bellunopress\"},\"image\":{\"@id\":\"https:\\\/\\\/www.bellunopress.it\\\/#\\\/schema\\\/logo\\\/image\\\/\"},\"sameAs\":[\"https:\\\/\\\/www.facebook.com\\\/profile.php?id=100008943462799\",\"https:\\\/\\\/x.com\\\/bellunopress\",\"https:\\\/\\\/www.linkedin.com\\\/hp\\\/?dnr=JBzUWaJfMUw8vbXJJ2tVW5-I3jZKvC4wsoxE&amp;amp;amp;amp;amp;amp;trk=nav_responsive_tab_home\",\"https:\\\/\\\/www.youtube.com\\\/channel\\\/UCxL0wu1uN0_3_7hGG0306cw\"]},{\"@type\":\"Person\",\"@id\":\"https:\\\/\\\/www.bellunopress.it\\\/#\\\/schema\\\/person\\\/79bb06722b37ece1c03d3e94beb30d73\",\"name\":\"redazione\",\"image\":{\"@type\":\"ImageObject\",\"inLanguage\":\"fr-FR\",\"@id\":\"https:\\\/\\\/secure.gravatar.com\\\/avatar\\\/37d968a2e67a6fd04c169c4bdef102d0bc5d31b2546345219e348575eb80e9a0?s=96&d=mm&r=g\",\"url\":\"https:\\\/\\\/secure.gravatar.com\\\/avatar\\\/37d968a2e67a6fd04c169c4bdef102d0bc5d31b2546345219e348575eb80e9a0?s=96&d=mm&r=g\",\"contentUrl\":\"https:\\\/\\\/secure.gravatar.com\\\/avatar\\\/37d968a2e67a6fd04c169c4bdef102d0bc5d31b2546345219e348575eb80e9a0?s=96&d=mm&r=g\",\"caption\":\"redazione\"},\"sameAs\":[\"http:\\\/\\\/www.bellunopress.it\",\"https:\\\/\\\/x.com\\\/bellunopress\"],\"url\":\"https:\\\/\\\/www.bellunopress.it\\\/fr\\\/author\\\/redazione\\\/\"}]}<\/script>\n<!-- \/ Yoast SEO plugin. -->","yoast_head_json":{"title":"Parco delle Dolomiti: sanzionate 2 persone con il parapendio, altre 3 per fuochi a terra - Bellunopress - Dolomiti","robots":{"index":"index","follow":"follow","max-snippet":"max-snippet:-1","max-image-preview":"max-image-preview:large","max-video-preview":"max-video-preview:-1"},"canonical":"https:\/\/www.bellunopress.it\/fr\/2026\/05\/05\/parco-delle-dolomiti-sanzionate-2-persone-con-il-parapendio-altre-3-per-fuochi-a-terra\/","og_locale":"fr_FR","og_type":"article","og_title":"Parco delle Dolomiti: sanzionate 2 persone con il parapendio, altre 3 per fuochi a terra - Bellunopress - Dolomiti","og_description":"Due persone sanzionate per atterraggio con parapendio all\u2019interno del Parco Nazionale Dolomiti Bellunesi e tre per accensione di fuochi a terra. E\u2019 il risultato di una netta intensificazione dei controlli dei Carabinieri Forestali del Reparto Parco Nazionale Dolomiti Bellunesi negli ultimi ponti festivi che ha messo in atto numerosi servizi di sorveglianza e controllo su [&hellip;]","og_url":"https:\/\/www.bellunopress.it\/fr\/2026\/05\/05\/parco-delle-dolomiti-sanzionate-2-persone-con-il-parapendio-altre-3-per-fuochi-a-terra\/","og_site_name":"Bellunopress - Dolomiti","article_publisher":"https:\/\/www.facebook.com\/profile.php?id=100008943462799","article_published_time":"2026-05-05T12:55:52+00:00","og_image":[{"width":800,"height":532,"url":"https:\/\/www.bellunopress.it\/wp-content\/uploads\/2025\/08\/carabinieri-forestali-controllo-cercatori-funghi.jpg","type":"image\/jpeg"}],"author":"redazione","twitter_card":"summary_large_image","twitter_creator":"@bellunopress","twitter_site":"@bellunopress","twitter_misc":{"Written by":"redazione","Est. reading time":"3 minutes"},"schema":{"@context":"https:\/\/schema.org","@graph":[{"@type":"Article","@id":"https:\/\/www.bellunopress.it\/2026\/05\/05\/parco-delle-dolomiti-sanzionate-2-persone-con-il-parapendio-altre-3-per-fuochi-a-terra\/#article","isPartOf":{"@id":"https:\/\/www.bellunopress.it\/2026\/05\/05\/parco-delle-dolomiti-sanzionate-2-persone-con-il-parapendio-altre-3-per-fuochi-a-terra\/"},"author":{"name":"redazione","@id":"https:\/\/www.bellunopress.it\/#\/schema\/person\/79bb06722b37ece1c03d3e94beb30d73"},"headline":"Parco delle Dolomiti: sanzionate 2 persone con il parapendio, altre 3 per fuochi a terra","datePublished":"2026-05-05T12:55:52+00:00","mainEntityOfPage":{"@id":"https:\/\/www.bellunopress.it\/2026\/05\/05\/parco-delle-dolomiti-sanzionate-2-persone-con-il-parapendio-altre-3-per-fuochi-a-terra\/"},"wordCount":417,"publisher":{"@id":"https:\/\/www.bellunopress.it\/#organization"},"image":{"@id":"https:\/\/www.bellunopress.it\/2026\/05\/05\/parco-delle-dolomiti-sanzionate-2-persone-con-il-parapendio-altre-3-per-fuochi-a-terra\/#primaryimage"},"thumbnailUrl":"https:\/\/www.bellunopress.it\/wp-content\/uploads\/2025\/08\/carabinieri-forestali-controllo-cercatori-funghi.jpg","articleSection":["Cronaca\/Politica","Prima Pagina"],"inLanguage":"fr-FR"},{"@type":"WebPage","@id":"https:\/\/www.bellunopress.it\/2026\/05\/05\/parco-delle-dolomiti-sanzionate-2-persone-con-il-parapendio-altre-3-per-fuochi-a-terra\/","url":"https:\/\/www.bellunopress.it\/2026\/05\/05\/parco-delle-dolomiti-sanzionate-2-persone-con-il-parapendio-altre-3-per-fuochi-a-terra\/","name":"Parco delle Dolomiti: sanzionate 2 persone con il parapendio, altre 3 per fuochi a terra - Bellunopress - Dolomiti","isPartOf":{"@id":"https:\/\/www.bellunopress.it\/#website"},"primaryImageOfPage":{"@id":"https:\/\/www.bellunopress.it\/2026\/05\/05\/parco-delle-dolomiti-sanzionate-2-persone-con-il-parapendio-altre-3-per-fuochi-a-terra\/#primaryimage"},"image":{"@id":"https:\/\/www.bellunopress.it\/2026\/05\/05\/parco-delle-dolomiti-sanzionate-2-persone-con-il-parapendio-altre-3-per-fuochi-a-terra\/#primaryimage"},"thumbnailUrl":"https:\/\/www.bellunopress.it\/wp-content\/uploads\/2025\/08\/carabinieri-forestali-controllo-cercatori-funghi.jpg","datePublished":"2026-05-05T12:55:52+00:00","breadcrumb":{"@id":"https:\/\/www.bellunopress.it\/2026\/05\/05\/parco-delle-dolomiti-sanzionate-2-persone-con-il-parapendio-altre-3-per-fuochi-a-terra\/#breadcrumb"},"inLanguage":"fr-FR","potentialAction":[{"@type":"ReadAction","target":["https:\/\/www.bellunopress.it\/2026\/05\/05\/parco-delle-dolomiti-sanzionate-2-persone-con-il-parapendio-altre-3-per-fuochi-a-terra\/"]}]},{"@type":"ImageObject","inLanguage":"fr-FR","@id":"https:\/\/www.bellunopress.it\/2026\/05\/05\/parco-delle-dolomiti-sanzionate-2-persone-con-il-parapendio-altre-3-per-fuochi-a-terra\/#primaryimage","url":"https:\/\/www.bellunopress.it\/wp-content\/uploads\/2025\/08\/carabinieri-forestali-controllo-cercatori-funghi.jpg","contentUrl":"https:\/\/www.bellunopress.it\/wp-content\/uploads\/2025\/08\/carabinieri-forestali-controllo-cercatori-funghi.jpg","width":800,"height":532},{"@type":"BreadcrumbList","@id":"https:\/\/www.bellunopress.it\/2026\/05\/05\/parco-delle-dolomiti-sanzionate-2-persone-con-il-parapendio-altre-3-per-fuochi-a-terra\/#breadcrumb","itemListElement":[{"@type":"ListItem","position":1,"name":"Home","item":"https:\/\/www.bellunopress.it\/"},{"@type":"ListItem","position":2,"name":"Parco delle Dolomiti: sanzionate 2 persone con il parapendio, altre 3 per fuochi a terra"}]},{"@type":"WebSite","@id":"https:\/\/www.bellunopress.it\/#website","url":"https:\/\/www.bellunopress.it\/","name":"Bellunopress - Dolomiti","description":"e-mail: redazione@bellunopress.it","publisher":{"@id":"https:\/\/www.bellunopress.it\/#organization"},"potentialAction":[{"@type":"SearchAction","target":{"@type":"EntryPoint","urlTemplate":"https:\/\/www.bellunopress.it\/?s={search_term_string}"},"query-input":{"@type":"PropertyValueSpecification","valueRequired":true,"valueName":"search_term_string"}}],"inLanguage":"fr-FR"},{"@type":"Organization","@id":"https:\/\/www.bellunopress.it\/#organization","name":"Bellunopress","url":"https:\/\/www.bellunopress.it\/","logo":{"@type":"ImageObject","inLanguage":"fr-FR","@id":"https:\/\/www.bellunopress.it\/#\/schema\/logo\/image\/","url":"https:\/\/www.bellunopress.it\/wp-content\/uploads\/2011\/05\/cropped-logo-bellunopress-.jpg","contentUrl":"https:\/\/www.bellunopress.it\/wp-content\/uploads\/2011\/05\/cropped-logo-bellunopress-.jpg","width":512,"height":512,"caption":"Bellunopress"},"image":{"@id":"https:\/\/www.bellunopress.it\/#\/schema\/logo\/image\/"},"sameAs":["https:\/\/www.facebook.com\/profile.php?id=100008943462799","https:\/\/x.com\/bellunopress","https:\/\/www.linkedin.com\/hp\/?dnr=JBzUWaJfMUw8vbXJJ2tVW5-I3jZKvC4wsoxE&amp;amp;amp;amp;amp;amp;trk=nav_responsive_tab_home","https:\/\/www.youtube.com\/channel\/UCxL0wu1uN0_3_7hGG0306cw"]},{"@type":"Person","@id":"https:\/\/www.bellunopress.it\/#\/schema\/person\/79bb06722b37ece1c03d3e94beb30d73","name":"r\u00e9daction","image":{"@type":"ImageObject","inLanguage":"fr-FR","@id":"https:\/\/secure.gravatar.com\/avatar\/37d968a2e67a6fd04c169c4bdef102d0bc5d31b2546345219e348575eb80e9a0?s=96&d=mm&r=g","url":"https:\/\/secure.gravatar.com\/avatar\/37d968a2e67a6fd04c169c4bdef102d0bc5d31b2546345219e348575eb80e9a0?s=96&d=mm&r=g","contentUrl":"https:\/\/secure.gravatar.com\/avatar\/37d968a2e67a6fd04c169c4bdef102d0bc5d31b2546345219e348575eb80e9a0?s=96&d=mm&r=g","caption":"redazione"},"sameAs":["http:\/\/www.bellunopress.it","https:\/\/x.com\/bellunopress"],"url":"https:\/\/www.bellunopress.it\/fr\/author\/redazione\/"}]}},"_links":{"self":[{"href":"https:\/\/www.bellunopress.it\/fr\/wp-json\/wp\/v2\/posts\/169800","targetHints":{"allow":["GET"]}}],"collection":[{"href":"https:\/\/www.bellunopress.it\/fr\/wp-json\/wp\/v2\/posts"}],"about":[{"href":"https:\/\/www.bellunopress.it\/fr\/wp-json\/wp\/v2\/types\/post"}],"author":[{"embeddable":true,"href":"https:\/\/www.bellunopress.it\/fr\/wp-json\/wp\/v2\/users\/2"}],"replies":[{"embeddable":true,"href":"https:\/\/www.bellunopress.it\/fr\/wp-json\/wp\/v2\/comments?post=169800"}],"version-history":[{"count":1,"href":"https:\/\/www.bellunopress.it\/fr\/wp-json\/wp\/v2\/posts\/169800\/revisions"}],"predecessor-version":[{"id":169801,"href":"https:\/\/www.bellunopress.it\/fr\/wp-json\/wp\/v2\/posts\/169800\/revisions\/169801"}],"wp:featuredmedia":[{"embeddable":true,"href":"https:\/\/www.bellunopress.it\/fr\/wp-json\/wp\/v2\/media\/162890"}],"wp:attachment":[{"href":"https:\/\/www.bellunopress.it\/fr\/wp-json\/wp\/v2\/media?parent=169800"}],"wp:term":[{"taxonomy":"category","embeddable":true,"href":"https:\/\/www.bellunopress.it\/fr\/wp-json\/wp\/v2\/categories?post=169800"},{"taxonomy":"post_tag","embeddable":true,"href":"https:\/\/www.bellunopress.it\/fr\/wp-json\/wp\/v2\/tags?post=169800"}],"curies":[{"name":"wp","href":"https:\/\/api.w.org\/{rel}","templated":true}]}}