{"id":169795,"date":"2026-05-05T14:11:48","date_gmt":"2026-05-05T12:11:48","guid":{"rendered":"https:\/\/www.bellunopress.it\/?p=169795"},"modified":"2026-05-05T14:11:48","modified_gmt":"2026-05-05T12:11:48","slug":"alessandro-perini-eletto-alla-presidenza-del-veneto-dellandi-associazione-nazionale-dentisti-italiani","status":"publish","type":"post","link":"https:\/\/www.bellunopress.it\/fr\/2026\/05\/05\/alessandro-perini-eletto-alla-presidenza-del-veneto-dellandi-associazione-nazionale-dentisti-italiani\/","title":{"rendered":"Alessandro Perini eletto alla presidenza del Veneto dell&#8217;Andi, Associazione Nazionale Dentisti Italiani"},"content":{"rendered":"<p>Il dottor Alessandro Perini, 55 anni, che opera nel Bellunese con il suo studio a Pieve di Cadore, \u00e8 stato eletto lo scorso 29 aprile nuovo presidente per il Veneto di ANDI (Associazione Nazionale Dentisti Italiani), sezione regionale che conta 2.712 iscritti. Il dottor Perini subentra al dottor Federico Zanetti e manterr\u00e0 l&#8217;incarico per il quadriennio 2026-2029.<\/p>\n<p>Comprovata e consolidata, proprio grazie all&#8217;attivit\u00e0 pluridecennale svolta nel territorio montano, l&#8217;esperienza sindacale del nuovo presidente dei dentisti veneti: il dottor Perini, infatti, \u00e8 stato presidente di ANDI Belluno fino alle recenti elezioni e ricopre oggi la carica di vicepresidente. Nel precedente mandato \u00e8 stato, inoltre, segretario culturale di ANDI Veneto. \u00abAccolgo questo incarico \u2013 sottolinea \u2013 con orgoglio e grande senso di responsabilit\u00e0. Sono pronto ad affrontare con passione, entusiasmo e impegno le sfide quotidiane della professione e a mettere le competenze acquisite al servizio degli iscritti. Voglio rendere il sindacato sempre pi\u00f9 inclusivo, combattere la burocrazia asfissiante e promuovere la formazione\u00bb.<\/p>\n<p>Proprio dalla formazione, infatti, bisogna partire per portare benefici a tutta la popolazione. \u00abCome dimostra la recente esperienza maturata proprio a Belluno \u2013 prosegue il neo presidente di ANDI Veneto \u2013 con un corso per collaboratori di studio che ha avuto un grande successo, la nostra attenzione deve essere rivolta alla preparazione dei colleghi, ma anche di tutto il personale che opera nei nostri ambulatori. Abbiamo urgente bisogno di figure professionali aggiornate, qualificate e all&#8217;avanguardia\u00bb. L&#8217;impegno, dunque, andr\u00e0 nella direzione di organizzare sempre pi\u00f9 corsi per il conseguimento del titolo e per l&#8217;aggiornamento dei collaboratori e degli assistenti di studio (CSO e ASO) in tutte le province, \u00abperch\u00e9 il dentista che si informa \u2013 aggiunge \u2013 che \u00e8 formato, che segue le regole e il personale preparato sono garanzia della tutela della salute dei pazienti\u00bb.<br \/>\nQuesti corsi, poi, quasi sempre offerti a prezzi calmierati, sono anche una straordinaria opportunit\u00e0 di lavoro per quelle donne e quei giovani che faticano a trovare risposte soprattutto nei territori a rischio di spopolamento, come il bellunese. \u00abI nostri iscritti \u2013 prosegue il dottor Perini \u2013 si mettono a disposizione volentieri perch\u00e9 hanno grande necessit\u00e0 di personale qualificato e, una volta terminata la formazione, il posto di lavoro \u00e8 assicurato\u00bb.<\/p>\n<p>Grande attenzione, infine, sar\u00e0 dedicata proprio alle esigenze dei colleghi \u00aba cui \u2013 spiega il nuovo presidente \u2013 cercheremo di offrire a costi ragionevoli un sempre maggior numero di servizi. Ma ci impegneremo molto anche nel fornire pi\u00f9 servizi ai soci per deburocratizzare la professione, lavorando in sinergia con le istituzioni, in primis con la Regione, e per favorire il turn over tra colleghi vicini alla pensione e giovani dentisti che si affacciano alla professione. Agli iscritti daremo tutto il supporto possibile\u00bb.<\/p>\n<p>Il nuovo esecutivo di ANDI Veneto \u00e8 cos\u00ec composto: Alessandro Perini (Presidente), Dario Danella (Vicepresidente vicario), Carlo Carlini e Mauro Grigoletto (Vicepresidenti), Nicola Gallo (Segretario), Luca Pellizzato (Tesoriere), Michele Panozzo (Segretario Sindacale) ed Ermanno Cavaleri (Segretario Culturale).<br \/>\nConsiglieri: Fabio Carnevale, Daniele Noce, Sonia Polesel, Filippo Stefani, Michele Saggin e Alessandra Pace.<\/p>","protected":false},"excerpt":{"rendered":"<p>Il dottor Alessandro Perini, 55 anni, che opera nel Bellunese con il suo studio a Pieve di Cadore, \u00e8 stato eletto lo scorso 29 aprile nuovo presidente per il Veneto di ANDI (Associazione Nazionale Dentisti Italiani), sezione regionale che conta 2.712 iscritti. Il dottor Perini subentra al dottor Federico Zanetti e manterr\u00e0 l&#8217;incarico per il [&hellip;]<\/p>\n","protected":false},"author":2,"featured_media":169796,"comment_status":"closed","ping_status":"open","sticky":false,"template":"","format":"standard","meta":{"footnotes":""},"categories":[26,8],"tags":[],"class_list":["post-169795","post","type-post","status-publish","format-standard","has-post-thumbnail","category-prima-pagina","category-societa-istituzioni"],"yoast_head":"<!-- This site is optimized with the Yoast SEO plugin v28.4 - https:\/\/yoast.com\/product\/yoast-seo-wordpress\/ -->\n<title>Alessandro Perini eletto alla presidenza del Veneto dell&#039;Andi, Associazione Nazionale Dentisti Italiani - Bellunopress - Dolomiti<\/title>\n<meta name=\"robots\" content=\"index, follow, max-snippet:-1, max-image-preview:large, max-video-preview:-1\" \/>\n<link rel=\"canonical\" href=\"https:\/\/www.bellunopress.it\/fr\/2026\/05\/05\/alessandro-perini-eletto-alla-presidenza-del-veneto-dellandi-associazione-nazionale-dentisti-italiani\/\" \/>\n<meta property=\"og:locale\" content=\"fr_FR\" \/>\n<meta property=\"og:type\" content=\"article\" \/>\n<meta property=\"og:title\" content=\"Alessandro Perini eletto alla presidenza del Veneto dell&#039;Andi, Associazione Nazionale Dentisti Italiani - Bellunopress - Dolomiti\" \/>\n<meta property=\"og:description\" content=\"Il dottor Alessandro Perini, 55 anni, che opera nel Bellunese con il suo studio a Pieve di Cadore, \u00e8 stato eletto lo scorso 29 aprile nuovo presidente per il Veneto di ANDI (Associazione Nazionale Dentisti Italiani), sezione regionale che conta 2.712 iscritti. Il dottor Perini subentra al dottor Federico Zanetti e manterr\u00e0 l&#8217;incarico per il [&hellip;]\" \/>\n<meta property=\"og:url\" content=\"https:\/\/www.bellunopress.it\/fr\/2026\/05\/05\/alessandro-perini-eletto-alla-presidenza-del-veneto-dellandi-associazione-nazionale-dentisti-italiani\/\" \/>\n<meta property=\"og:site_name\" content=\"Bellunopress - Dolomiti\" \/>\n<meta property=\"article:publisher\" content=\"https:\/\/www.facebook.com\/profile.php?id=100008943462799\" \/>\n<meta property=\"article:published_time\" content=\"2026-05-05T12:11:48+00:00\" \/>\n<meta property=\"og:image\" content=\"https:\/\/www.bellunopress.it\/wp-content\/uploads\/2026\/05\/Alessandro-Perini-presidente-Andi-Veneto.jpg\" \/>\n\t<meta property=\"og:image:width\" content=\"500\" \/>\n\t<meta property=\"og:image:height\" content=\"500\" \/>\n\t<meta property=\"og:image:type\" content=\"image\/jpeg\" \/>\n<meta name=\"author\" content=\"redazione\" \/>\n<meta name=\"twitter:card\" content=\"summary_large_image\" \/>\n<meta name=\"twitter:creator\" content=\"@bellunopress\" \/>\n<meta name=\"twitter:site\" content=\"@bellunopress\" \/>\n<meta name=\"twitter:label1\" content=\"\u00c9crit par\" \/>\n\t<meta name=\"twitter:data1\" content=\"redazione\" \/>\n\t<meta name=\"twitter:label2\" content=\"Dur\u00e9e de lecture estim\u00e9e\" \/>\n\t<meta name=\"twitter:data2\" content=\"3 minutes\" \/>\n<script type=\"application\/ld+json\" class=\"yoast-schema-graph\">{\"@context\":\"https:\\\/\\\/schema.org\",\"@graph\":[{\"@type\":\"Article\",\"@id\":\"https:\\\/\\\/www.bellunopress.it\\\/2026\\\/05\\\/05\\\/alessandro-perini-eletto-alla-presidenza-del-veneto-dellandi-associazione-nazionale-dentisti-italiani\\\/#article\",\"isPartOf\":{\"@id\":\"https:\\\/\\\/www.bellunopress.it\\\/2026\\\/05\\\/05\\\/alessandro-perini-eletto-alla-presidenza-del-veneto-dellandi-associazione-nazionale-dentisti-italiani\\\/\"},\"author\":{\"name\":\"redazione\",\"@id\":\"https:\\\/\\\/www.bellunopress.it\\\/#\\\/schema\\\/person\\\/79bb06722b37ece1c03d3e94beb30d73\"},\"headline\":\"Alessandro Perini eletto alla presidenza del Veneto dell&#8217;Andi, Associazione Nazionale Dentisti Italiani\",\"datePublished\":\"2026-05-05T12:11:48+00:00\",\"mainEntityOfPage\":{\"@id\":\"https:\\\/\\\/www.bellunopress.it\\\/2026\\\/05\\\/05\\\/alessandro-perini-eletto-alla-presidenza-del-veneto-dellandi-associazione-nazionale-dentisti-italiani\\\/\"},\"wordCount\":498,\"publisher\":{\"@id\":\"https:\\\/\\\/www.bellunopress.it\\\/#organization\"},\"image\":{\"@id\":\"https:\\\/\\\/www.bellunopress.it\\\/2026\\\/05\\\/05\\\/alessandro-perini-eletto-alla-presidenza-del-veneto-dellandi-associazione-nazionale-dentisti-italiani\\\/#primaryimage\"},\"thumbnailUrl\":\"https:\\\/\\\/www.bellunopress.it\\\/wp-content\\\/uploads\\\/2026\\\/05\\\/Alessandro-Perini-presidente-Andi-Veneto.jpg\",\"articleSection\":[\"Prima Pagina\",\"Societ\u00e0, Associazioni, Istituzioni\"],\"inLanguage\":\"fr-FR\"},{\"@type\":\"WebPage\",\"@id\":\"https:\\\/\\\/www.bellunopress.it\\\/2026\\\/05\\\/05\\\/alessandro-perini-eletto-alla-presidenza-del-veneto-dellandi-associazione-nazionale-dentisti-italiani\\\/\",\"url\":\"https:\\\/\\\/www.bellunopress.it\\\/2026\\\/05\\\/05\\\/alessandro-perini-eletto-alla-presidenza-del-veneto-dellandi-associazione-nazionale-dentisti-italiani\\\/\",\"name\":\"Alessandro Perini eletto alla presidenza del Veneto dell'Andi, Associazione Nazionale Dentisti Italiani - Bellunopress - Dolomiti\",\"isPartOf\":{\"@id\":\"https:\\\/\\\/www.bellunopress.it\\\/#website\"},\"primaryImageOfPage\":{\"@id\":\"https:\\\/\\\/www.bellunopress.it\\\/2026\\\/05\\\/05\\\/alessandro-perini-eletto-alla-presidenza-del-veneto-dellandi-associazione-nazionale-dentisti-italiani\\\/#primaryimage\"},\"image\":{\"@id\":\"https:\\\/\\\/www.bellunopress.it\\\/2026\\\/05\\\/05\\\/alessandro-perini-eletto-alla-presidenza-del-veneto-dellandi-associazione-nazionale-dentisti-italiani\\\/#primaryimage\"},\"thumbnailUrl\":\"https:\\\/\\\/www.bellunopress.it\\\/wp-content\\\/uploads\\\/2026\\\/05\\\/Alessandro-Perini-presidente-Andi-Veneto.jpg\",\"datePublished\":\"2026-05-05T12:11:48+00:00\",\"breadcrumb\":{\"@id\":\"https:\\\/\\\/www.bellunopress.it\\\/2026\\\/05\\\/05\\\/alessandro-perini-eletto-alla-presidenza-del-veneto-dellandi-associazione-nazionale-dentisti-italiani\\\/#breadcrumb\"},\"inLanguage\":\"fr-FR\",\"potentialAction\":[{\"@type\":\"ReadAction\",\"target\":[\"https:\\\/\\\/www.bellunopress.it\\\/2026\\\/05\\\/05\\\/alessandro-perini-eletto-alla-presidenza-del-veneto-dellandi-associazione-nazionale-dentisti-italiani\\\/\"]}]},{\"@type\":\"ImageObject\",\"inLanguage\":\"fr-FR\",\"@id\":\"https:\\\/\\\/www.bellunopress.it\\\/2026\\\/05\\\/05\\\/alessandro-perini-eletto-alla-presidenza-del-veneto-dellandi-associazione-nazionale-dentisti-italiani\\\/#primaryimage\",\"url\":\"https:\\\/\\\/www.bellunopress.it\\\/wp-content\\\/uploads\\\/2026\\\/05\\\/Alessandro-Perini-presidente-Andi-Veneto.jpg\",\"contentUrl\":\"https:\\\/\\\/www.bellunopress.it\\\/wp-content\\\/uploads\\\/2026\\\/05\\\/Alessandro-Perini-presidente-Andi-Veneto.jpg\",\"width\":500,\"height\":500,\"caption\":\"Alessandro Perini presidente Andi Veneto\"},{\"@type\":\"BreadcrumbList\",\"@id\":\"https:\\\/\\\/www.bellunopress.it\\\/2026\\\/05\\\/05\\\/alessandro-perini-eletto-alla-presidenza-del-veneto-dellandi-associazione-nazionale-dentisti-italiani\\\/#breadcrumb\",\"itemListElement\":[{\"@type\":\"ListItem\",\"position\":1,\"name\":\"Home\",\"item\":\"https:\\\/\\\/www.bellunopress.it\\\/\"},{\"@type\":\"ListItem\",\"position\":2,\"name\":\"Alessandro Perini eletto alla presidenza del Veneto dell&#8217;Andi, Associazione Nazionale Dentisti Italiani\"}]},{\"@type\":\"WebSite\",\"@id\":\"https:\\\/\\\/www.bellunopress.it\\\/#website\",\"url\":\"https:\\\/\\\/www.bellunopress.it\\\/\",\"name\":\"Bellunopress - Dolomiti\",\"description\":\"e-mail: redazione@bellunopress.it\",\"publisher\":{\"@id\":\"https:\\\/\\\/www.bellunopress.it\\\/#organization\"},\"potentialAction\":[{\"@type\":\"SearchAction\",\"target\":{\"@type\":\"EntryPoint\",\"urlTemplate\":\"https:\\\/\\\/www.bellunopress.it\\\/?s={search_term_string}\"},\"query-input\":{\"@type\":\"PropertyValueSpecification\",\"valueRequired\":true,\"valueName\":\"search_term_string\"}}],\"inLanguage\":\"fr-FR\"},{\"@type\":\"Organization\",\"@id\":\"https:\\\/\\\/www.bellunopress.it\\\/#organization\",\"name\":\"Bellunopress\",\"url\":\"https:\\\/\\\/www.bellunopress.it\\\/\",\"logo\":{\"@type\":\"ImageObject\",\"inLanguage\":\"fr-FR\",\"@id\":\"https:\\\/\\\/www.bellunopress.it\\\/#\\\/schema\\\/logo\\\/image\\\/\",\"url\":\"https:\\\/\\\/www.bellunopress.it\\\/wp-content\\\/uploads\\\/2011\\\/05\\\/cropped-logo-bellunopress-.jpg\",\"contentUrl\":\"https:\\\/\\\/www.bellunopress.it\\\/wp-content\\\/uploads\\\/2011\\\/05\\\/cropped-logo-bellunopress-.jpg\",\"width\":512,\"height\":512,\"caption\":\"Bellunopress\"},\"image\":{\"@id\":\"https:\\\/\\\/www.bellunopress.it\\\/#\\\/schema\\\/logo\\\/image\\\/\"},\"sameAs\":[\"https:\\\/\\\/www.facebook.com\\\/profile.php?id=100008943462799\",\"https:\\\/\\\/x.com\\\/bellunopress\",\"https:\\\/\\\/www.linkedin.com\\\/hp\\\/?dnr=JBzUWaJfMUw8vbXJJ2tVW5-I3jZKvC4wsoxE&amp;amp;amp;amp;amp;amp;trk=nav_responsive_tab_home\",\"https:\\\/\\\/www.youtube.com\\\/channel\\\/UCxL0wu1uN0_3_7hGG0306cw\"]},{\"@type\":\"Person\",\"@id\":\"https:\\\/\\\/www.bellunopress.it\\\/#\\\/schema\\\/person\\\/79bb06722b37ece1c03d3e94beb30d73\",\"name\":\"redazione\",\"image\":{\"@type\":\"ImageObject\",\"inLanguage\":\"fr-FR\",\"@id\":\"https:\\\/\\\/secure.gravatar.com\\\/avatar\\\/37d968a2e67a6fd04c169c4bdef102d0bc5d31b2546345219e348575eb80e9a0?s=96&d=mm&r=g\",\"url\":\"https:\\\/\\\/secure.gravatar.com\\\/avatar\\\/37d968a2e67a6fd04c169c4bdef102d0bc5d31b2546345219e348575eb80e9a0?s=96&d=mm&r=g\",\"contentUrl\":\"https:\\\/\\\/secure.gravatar.com\\\/avatar\\\/37d968a2e67a6fd04c169c4bdef102d0bc5d31b2546345219e348575eb80e9a0?s=96&d=mm&r=g\",\"caption\":\"redazione\"},\"sameAs\":[\"http:\\\/\\\/www.bellunopress.it\",\"https:\\\/\\\/x.com\\\/bellunopress\"],\"url\":\"https:\\\/\\\/www.bellunopress.it\\\/fr\\\/author\\\/redazione\\\/\"}]}<\/script>\n<!-- \/ Yoast SEO plugin. -->","yoast_head_json":{"title":"Alessandro Perini eletto alla presidenza del Veneto dell'Andi, Associazione Nazionale Dentisti Italiani - Bellunopress - Dolomiti","robots":{"index":"index","follow":"follow","max-snippet":"max-snippet:-1","max-image-preview":"max-image-preview:large","max-video-preview":"max-video-preview:-1"},"canonical":"https:\/\/www.bellunopress.it\/fr\/2026\/05\/05\/alessandro-perini-eletto-alla-presidenza-del-veneto-dellandi-associazione-nazionale-dentisti-italiani\/","og_locale":"fr_FR","og_type":"article","og_title":"Alessandro Perini eletto alla presidenza del Veneto dell'Andi, Associazione Nazionale Dentisti Italiani - Bellunopress - Dolomiti","og_description":"Il dottor Alessandro Perini, 55 anni, che opera nel Bellunese con il suo studio a Pieve di Cadore, \u00e8 stato eletto lo scorso 29 aprile nuovo presidente per il Veneto di ANDI (Associazione Nazionale Dentisti Italiani), sezione regionale che conta 2.712 iscritti. Il dottor Perini subentra al dottor Federico Zanetti e manterr\u00e0 l&#8217;incarico per il [&hellip;]","og_url":"https:\/\/www.bellunopress.it\/fr\/2026\/05\/05\/alessandro-perini-eletto-alla-presidenza-del-veneto-dellandi-associazione-nazionale-dentisti-italiani\/","og_site_name":"Bellunopress - Dolomiti","article_publisher":"https:\/\/www.facebook.com\/profile.php?id=100008943462799","article_published_time":"2026-05-05T12:11:48+00:00","og_image":[{"width":500,"height":500,"url":"https:\/\/www.bellunopress.it\/wp-content\/uploads\/2026\/05\/Alessandro-Perini-presidente-Andi-Veneto.jpg","type":"image\/jpeg"}],"author":"redazione","twitter_card":"summary_large_image","twitter_creator":"@bellunopress","twitter_site":"@bellunopress","twitter_misc":{"\u00c9crit par":"redazione","Dur\u00e9e de lecture estim\u00e9e":"3 minutes"},"schema":{"@context":"https:\/\/schema.org","@graph":[{"@type":"Article","@id":"https:\/\/www.bellunopress.it\/2026\/05\/05\/alessandro-perini-eletto-alla-presidenza-del-veneto-dellandi-associazione-nazionale-dentisti-italiani\/#article","isPartOf":{"@id":"https:\/\/www.bellunopress.it\/2026\/05\/05\/alessandro-perini-eletto-alla-presidenza-del-veneto-dellandi-associazione-nazionale-dentisti-italiani\/"},"author":{"name":"redazione","@id":"https:\/\/www.bellunopress.it\/#\/schema\/person\/79bb06722b37ece1c03d3e94beb30d73"},"headline":"Alessandro Perini eletto alla presidenza del Veneto dell&#8217;Andi, Associazione Nazionale Dentisti Italiani","datePublished":"2026-05-05T12:11:48+00:00","mainEntityOfPage":{"@id":"https:\/\/www.bellunopress.it\/2026\/05\/05\/alessandro-perini-eletto-alla-presidenza-del-veneto-dellandi-associazione-nazionale-dentisti-italiani\/"},"wordCount":498,"publisher":{"@id":"https:\/\/www.bellunopress.it\/#organization"},"image":{"@id":"https:\/\/www.bellunopress.it\/2026\/05\/05\/alessandro-perini-eletto-alla-presidenza-del-veneto-dellandi-associazione-nazionale-dentisti-italiani\/#primaryimage"},"thumbnailUrl":"https:\/\/www.bellunopress.it\/wp-content\/uploads\/2026\/05\/Alessandro-Perini-presidente-Andi-Veneto.jpg","articleSection":["Prima Pagina","Societ\u00e0, Associazioni, Istituzioni"],"inLanguage":"fr-FR"},{"@type":"WebPage","@id":"https:\/\/www.bellunopress.it\/2026\/05\/05\/alessandro-perini-eletto-alla-presidenza-del-veneto-dellandi-associazione-nazionale-dentisti-italiani\/","url":"https:\/\/www.bellunopress.it\/2026\/05\/05\/alessandro-perini-eletto-alla-presidenza-del-veneto-dellandi-associazione-nazionale-dentisti-italiani\/","name":"Alessandro Perini eletto alla presidenza del Veneto dell'Andi, Associazione Nazionale Dentisti Italiani - Bellunopress - Dolomiti","isPartOf":{"@id":"https:\/\/www.bellunopress.it\/#website"},"primaryImageOfPage":{"@id":"https:\/\/www.bellunopress.it\/2026\/05\/05\/alessandro-perini-eletto-alla-presidenza-del-veneto-dellandi-associazione-nazionale-dentisti-italiani\/#primaryimage"},"image":{"@id":"https:\/\/www.bellunopress.it\/2026\/05\/05\/alessandro-perini-eletto-alla-presidenza-del-veneto-dellandi-associazione-nazionale-dentisti-italiani\/#primaryimage"},"thumbnailUrl":"https:\/\/www.bellunopress.it\/wp-content\/uploads\/2026\/05\/Alessandro-Perini-presidente-Andi-Veneto.jpg","datePublished":"2026-05-05T12:11:48+00:00","breadcrumb":{"@id":"https:\/\/www.bellunopress.it\/2026\/05\/05\/alessandro-perini-eletto-alla-presidenza-del-veneto-dellandi-associazione-nazionale-dentisti-italiani\/#breadcrumb"},"inLanguage":"fr-FR","potentialAction":[{"@type":"ReadAction","target":["https:\/\/www.bellunopress.it\/2026\/05\/05\/alessandro-perini-eletto-alla-presidenza-del-veneto-dellandi-associazione-nazionale-dentisti-italiani\/"]}]},{"@type":"ImageObject","inLanguage":"fr-FR","@id":"https:\/\/www.bellunopress.it\/2026\/05\/05\/alessandro-perini-eletto-alla-presidenza-del-veneto-dellandi-associazione-nazionale-dentisti-italiani\/#primaryimage","url":"https:\/\/www.bellunopress.it\/wp-content\/uploads\/2026\/05\/Alessandro-Perini-presidente-Andi-Veneto.jpg","contentUrl":"https:\/\/www.bellunopress.it\/wp-content\/uploads\/2026\/05\/Alessandro-Perini-presidente-Andi-Veneto.jpg","width":500,"height":500,"caption":"Alessandro Perini presidente Andi Veneto"},{"@type":"BreadcrumbList","@id":"https:\/\/www.bellunopress.it\/2026\/05\/05\/alessandro-perini-eletto-alla-presidenza-del-veneto-dellandi-associazione-nazionale-dentisti-italiani\/#breadcrumb","itemListElement":[{"@type":"ListItem","position":1,"name":"Home","item":"https:\/\/www.bellunopress.it\/"},{"@type":"ListItem","position":2,"name":"Alessandro Perini eletto alla presidenza del Veneto dell&#8217;Andi, Associazione Nazionale Dentisti Italiani"}]},{"@type":"WebSite","@id":"https:\/\/www.bellunopress.it\/#website","url":"https:\/\/www.bellunopress.it\/","name":"Bellunopress - Dolomiti","description":"e-mail: redazione@bellunopress.it","publisher":{"@id":"https:\/\/www.bellunopress.it\/#organization"},"potentialAction":[{"@type":"SearchAction","target":{"@type":"EntryPoint","urlTemplate":"https:\/\/www.bellunopress.it\/?s={search_term_string}"},"query-input":{"@type":"PropertyValueSpecification","valueRequired":true,"valueName":"search_term_string"}}],"inLanguage":"fr-FR"},{"@type":"Organization","@id":"https:\/\/www.bellunopress.it\/#organization","name":"Bellunopress","url":"https:\/\/www.bellunopress.it\/","logo":{"@type":"ImageObject","inLanguage":"fr-FR","@id":"https:\/\/www.bellunopress.it\/#\/schema\/logo\/image\/","url":"https:\/\/www.bellunopress.it\/wp-content\/uploads\/2011\/05\/cropped-logo-bellunopress-.jpg","contentUrl":"https:\/\/www.bellunopress.it\/wp-content\/uploads\/2011\/05\/cropped-logo-bellunopress-.jpg","width":512,"height":512,"caption":"Bellunopress"},"image":{"@id":"https:\/\/www.bellunopress.it\/#\/schema\/logo\/image\/"},"sameAs":["https:\/\/www.facebook.com\/profile.php?id=100008943462799","https:\/\/x.com\/bellunopress","https:\/\/www.linkedin.com\/hp\/?dnr=JBzUWaJfMUw8vbXJJ2tVW5-I3jZKvC4wsoxE&amp;amp;amp;amp;amp;amp;trk=nav_responsive_tab_home","https:\/\/www.youtube.com\/channel\/UCxL0wu1uN0_3_7hGG0306cw"]},{"@type":"Person","@id":"https:\/\/www.bellunopress.it\/#\/schema\/person\/79bb06722b37ece1c03d3e94beb30d73","name":"r\u00e9daction","image":{"@type":"ImageObject","inLanguage":"fr-FR","@id":"https:\/\/secure.gravatar.com\/avatar\/37d968a2e67a6fd04c169c4bdef102d0bc5d31b2546345219e348575eb80e9a0?s=96&d=mm&r=g","url":"https:\/\/secure.gravatar.com\/avatar\/37d968a2e67a6fd04c169c4bdef102d0bc5d31b2546345219e348575eb80e9a0?s=96&d=mm&r=g","contentUrl":"https:\/\/secure.gravatar.com\/avatar\/37d968a2e67a6fd04c169c4bdef102d0bc5d31b2546345219e348575eb80e9a0?s=96&d=mm&r=g","caption":"redazione"},"sameAs":["http:\/\/www.bellunopress.it","https:\/\/x.com\/bellunopress"],"url":"https:\/\/www.bellunopress.it\/fr\/author\/redazione\/"}]}},"_links":{"self":[{"href":"https:\/\/www.bellunopress.it\/fr\/wp-json\/wp\/v2\/posts\/169795","targetHints":{"allow":["GET"]}}],"collection":[{"href":"https:\/\/www.bellunopress.it\/fr\/wp-json\/wp\/v2\/posts"}],"about":[{"href":"https:\/\/www.bellunopress.it\/fr\/wp-json\/wp\/v2\/types\/post"}],"author":[{"embeddable":true,"href":"https:\/\/www.bellunopress.it\/fr\/wp-json\/wp\/v2\/users\/2"}],"replies":[{"embeddable":true,"href":"https:\/\/www.bellunopress.it\/fr\/wp-json\/wp\/v2\/comments?post=169795"}],"version-history":[{"count":1,"href":"https:\/\/www.bellunopress.it\/fr\/wp-json\/wp\/v2\/posts\/169795\/revisions"}],"predecessor-version":[{"id":169797,"href":"https:\/\/www.bellunopress.it\/fr\/wp-json\/wp\/v2\/posts\/169795\/revisions\/169797"}],"wp:featuredmedia":[{"embeddable":true,"href":"https:\/\/www.bellunopress.it\/fr\/wp-json\/wp\/v2\/media\/169796"}],"wp:attachment":[{"href":"https:\/\/www.bellunopress.it\/fr\/wp-json\/wp\/v2\/media?parent=169795"}],"wp:term":[{"taxonomy":"category","embeddable":true,"href":"https:\/\/www.bellunopress.it\/fr\/wp-json\/wp\/v2\/categories?post=169795"},{"taxonomy":"post_tag","embeddable":true,"href":"https:\/\/www.bellunopress.it\/fr\/wp-json\/wp\/v2\/tags?post=169795"}],"curies":[{"name":"wp","href":"https:\/\/api.w.org\/{rel}","templated":true}]}}