{"id":169787,"date":"2026-05-05T10:52:10","date_gmt":"2026-05-05T08:52:10","guid":{"rendered":"https:\/\/www.bellunopress.it\/?p=169787"},"modified":"2026-05-05T10:52:10","modified_gmt":"2026-05-05T08:52:10","slug":"torna-il-teimat-fest-a-corte-delle-dolomiti-di-borca-di-cadore","status":"publish","type":"post","link":"https:\/\/www.bellunopress.it\/fr\/2026\/05\/05\/torna-il-teimat-fest-a-corte-delle-dolomiti-di-borca-di-cadore\/","title":{"rendered":"Torna il \u201cTeimat Fest\u201d a Corte delle Dolomiti di Borca di Cadore"},"content":{"rendered":"<p><strong>Sonorit\u00e0 innovative risuonano nell\u2019ex villaggio ENI, dal 5 al 7 giugno 2026<\/strong><\/p>\n<p>Borca di Cadore, 5 maggio 2026 \u2013 Per la quarta volta, Corte delle Dolomiti a Borca di Cadore, l\u2019ex Villaggio ENI voluto da Enrico Mattei alla fine degli anni \u201950 e realizzato dall\u2019architetto Edoardo Gellner, si trasforma in un laboratorio culturale d\u2019avanguardia grazie al \u201cTEIMAT Fest\u201d, un\u2019esperienza straordinaria che unisce musica alternativa (italiana e internazionale), natura e memoria storica in un equilibrio unico.<\/p>\n<p>Il TEIMAT, infatti, non \u00e8 solo un festival musicale, ma un percorso articolato in tre giornate, dal 5 al 7 giugno, in cui ogni momento \u00e8 pensato per valorizzare il dialogo tra paesaggio e suono, tra architettura e creativit\u00e0 contemporanea, a partire dalla giornata inaugurale, venerd\u00ec 5 giugno, che, ospitata negli spazi dell\u2019Hotel Boite, introduce il pubblico alla dimensione culturale del luogo: alle 18.00, presso la Sala Conferenze, sar\u00e0 presentato il volume \u201cVillaggio Eni: Architettura e paesaggio\u201d (Gaspari Editore), dedicato all\u2019opera di Gellner, anche attraverso a un suo inedito. A seguire, la proiezione del documentario \u201cVillaggio Eni. Un piacevole soggiorno nel futuro\u201d, realizzato da Davide Maffei, che parteciper\u00e0 al talk successivo, in diretta su Radio Club 103, insieme al Prof. Roberto Dulio del Politecnico di Milano e a Francesco Accardo, General Manager di Corte delle Dolomiti.<\/p>\n<p>La musica prende il sopravvento sabato 6 giugno dalle 18.00 negli spazi della Palestra del Campeggio, dove il TEIMAT esprime la sua identit\u00e0 pi\u00f9 intensa e riconoscibile, proponendo una line up completa che attraversa generi, estetiche e provenienze geografiche diverse, a partire dai romani Zu, autentica icona della musica sperimentale internazionale, definiti come una realt\u00e0 capace di racchiudere \u201ccento band in una\u201d e protagonisti di un linguaggio sonoro che fonde metal, jazz, noise e progressive in una dimensione potente e visionaria.<\/p>\n<p>Accanto a loro si collocano i pennines, espressione della scena math-rock ed emo britannica, capaci di costruire trame complesse e dinamiche che alternano fragilit\u00e0 emotiva e precisione tecnica, dando vita a un sound stratificato e coinvolgente, mentre da Roma i Spiritual Front portano una dimensione completamente diversa, caratterizzata da un neofolk oscuro e decadente, intriso di suggestioni cinematografiche e atmosfere romantiche, capace di evocare paesaggi interiori profondi e malinconici, in perfetta sintonia con il contesto montano.<\/p>\n<p>Il viaggio prosegue con i mantovani A\/lpaca, che introducono sonorit\u00e0 psichedeliche e sperimentali, costruendo paesaggi sonori dilatati e immersivi che sembrano espandersi nello spazio naturale circostante, mentre i romani Klimt 1918 offrono un approccio pi\u00f9 melodico dalla texture complessa, capace di unire l\u2019intensit\u00e0 emotiva del rock alternativo a una raffinata ricerca sonora. A completare questo mosaico musicale intervengono i veneti Bleeding Eyes con la loro energia diretta e contemporanea, i marchigiani Milo con una proposta che si muove tra cantautorato e sperimentazione, e i veronesi The Frog, capaci di portare sul palco una dimensione pi\u00f9 istintiva e immediata della musica indipendente, mentre la chiusura della serata \u00e8 affidata al DJ Set Notte delle Tigri, che trasforma l\u2019esperienza live in un rituale notturno fatto di ritmo, contaminazione e condivisione, prolungando l\u2019energia oltre il concerto.<\/p>\n<p>Nella giornata di sabato, inoltre, vari stand gastronomici e di artigianato autentico animeranno il campeggio, con proposte invitanti e originali.<\/p>\n<p>La domenica 7 giugno offre una dimensione pi\u00f9 intima e contemplativa, con i set acustici ospitati nella Gellner Lounge alle 12.00, che vedono protagonisti artisti come Phill Reynolds, alter ego del musicista veneto Silva Martino Cantele, originario della provincia di Vicenza, il cagliaritano Andrea Andrillo e Sido, rapper tedesco di Berlino Est, offrendo un momento di decompressione emotiva e sensoriale che completa l\u2019esperienza del TEIMAT.<\/p>\n<p>\u00c8 proprio questa capacit\u00e0 di alternare intensit\u00e0 e introspezione, sperimentazione e ascolto, che rende il TEIMAT Fest un unicum nel panorama italiano, un evento che non si limita a proporre concerti, ma costruisce un racconto coerente e coinvolgente, in cui ogni artista contribuisce a definire un\u2019identit\u00e0 sonora collettiva che riflette la complessit\u00e0 e la ricchezza della scena indipendente contemporanea, e allo stesso tempo valorizza il territorio che lo ospita, trasformando Corte delle Dolomiti in un luogo di incontro tra culture, linguaggi e sensibilit\u00e0 diverse.<\/p>\n<p>Il TEIMAT si inserisce in una tendenza pi\u00f9 ampia che vede la musica come strumento di rigenerazione culturale e territoriale, capace di dare nuova vita a spazi storici e di creare connessioni profonde tra persone e luoghi.<\/p>\n<p>Esistono diverse modalit\u00e0 per vivere il TEIMAT, dal ticket singolo per il concerto di sabato sera, acquistabile sul sito dedicato all\u2019evento, teimatfest.it, a 15 euro, fino al pernottamento per una notte (quella di sabato 6) in una capanna del Campeggio (singola 40 euro, doppia 60 euro, tripla 80 euro, quadrupla 100 euro, compreso il biglietto di ingresso al concerto di sabato 6 giugno; noleggio di lenzuola e asciugamani 10 euro a persona, ma \u00e8 possibile portare le proprie da casa), o due notti presso l\u2019Hotel Boite in camera doppia con colazione, compreso il biglietto di ingresso al concerto, a 110 euro a notte (90 euro la singola, 130 euro la tripla e 150 euro la quadrupla).<\/p>\n<p>Per prenotare una camera presso l\u2019Hotel Boite o una capanna al campeggio di Corte delle Dolomiti, telefonare allo 0435 48061 o scrivere un\u2019e-mail a info@hotelboite.it<\/p>\n<p>Per ulteriori informazioni su Corte delle Dolomiti: cortedelledolomitiresort.it<\/p>\n<p>Corte delle Dolomiti \u00e8 un progetto di ospitalit\u00e0 diffusa situato a Borca di Cadore (BL), nel cuore delle Dolomiti Patrimonio UNESCO. Nato dal recupero e dalla valorizzazione dell\u2019ex Villaggio Eni voluto a met\u00e0 degli anni \u201950 dal Presidente Enrico Mattei e realizzato dall\u2019architetto Edoardo Gellner, il complesso rappresenta un esempio unico di integrazione tra architettura, natura e cultura alpina. Oggi, Corte delle Dolomiti propone un\u2019esperienza di soggiorno autentica e sostenibile, tra architettura, design, benessere e scoperta del territorio. Fanno parte di Corte delle Dolomiti l\u2019Hotel Boite, il Residence Corte, la Corte SPA, il Campeggio, il Corte Mountain Lab e SuperCorte, un parco avventura nel bosco privato.<\/p>","protected":false},"excerpt":{"rendered":"<p>Sonorit\u00e0 innovative risuonano nell\u2019ex villaggio ENI, dal 5 al 7 giugno 2026 Borca di Cadore, 5 maggio 2026 \u2013 Per la quarta volta, Corte delle Dolomiti a Borca di Cadore, l\u2019ex Villaggio ENI voluto da Enrico Mattei alla fine degli anni \u201950 e realizzato dall\u2019architetto Edoardo Gellner, si trasforma in un laboratorio culturale d\u2019avanguardia grazie [&hellip;]<\/p>\n","protected":false},"author":2,"featured_media":169788,"comment_status":"closed","ping_status":"open","sticky":false,"template":"","format":"standard","meta":{"footnotes":""},"categories":[25,4],"tags":[],"class_list":["post-169787","post","type-post","status-publish","format-standard","has-post-thumbnail","category-pausa-caffe","category-sport"],"yoast_head":"<!-- This site is optimized with the Yoast SEO plugin v28.4 - https:\/\/yoast.com\/product\/yoast-seo-wordpress\/ -->\n<title>Torna il \u201cTeimat Fest\u201d a Corte delle Dolomiti di Borca di Cadore - Bellunopress - Dolomiti<\/title>\n<meta name=\"robots\" content=\"index, follow, max-snippet:-1, max-image-preview:large, max-video-preview:-1\" \/>\n<link rel=\"canonical\" href=\"https:\/\/www.bellunopress.it\/fr\/2026\/05\/05\/torna-il-teimat-fest-a-corte-delle-dolomiti-di-borca-di-cadore\/\" \/>\n<meta property=\"og:locale\" content=\"fr_FR\" \/>\n<meta property=\"og:type\" content=\"article\" \/>\n<meta property=\"og:title\" content=\"Torna il \u201cTeimat Fest\u201d a Corte delle Dolomiti di Borca di Cadore - Bellunopress - Dolomiti\" \/>\n<meta property=\"og:description\" content=\"Sonorit\u00e0 innovative risuonano nell\u2019ex villaggio ENI, dal 5 al 7 giugno 2026 Borca di Cadore, 5 maggio 2026 \u2013 Per la quarta volta, Corte delle Dolomiti a Borca di Cadore, l\u2019ex Villaggio ENI voluto da Enrico Mattei alla fine degli anni \u201950 e realizzato dall\u2019architetto Edoardo Gellner, si trasforma in un laboratorio culturale d\u2019avanguardia grazie [&hellip;]\" \/>\n<meta property=\"og:url\" content=\"https:\/\/www.bellunopress.it\/fr\/2026\/05\/05\/torna-il-teimat-fest-a-corte-delle-dolomiti-di-borca-di-cadore\/\" \/>\n<meta property=\"og:site_name\" content=\"Bellunopress - Dolomiti\" \/>\n<meta property=\"article:publisher\" content=\"https:\/\/www.facebook.com\/profile.php?id=100008943462799\" \/>\n<meta property=\"article:published_time\" content=\"2026-05-05T08:52:10+00:00\" \/>\n<meta property=\"og:image\" content=\"https:\/\/www.bellunopress.it\/wp-content\/uploads\/2026\/05\/Corte-delle-Dolomiti-ex-Villaggio-Eni-Borca.jpeg\" \/>\n\t<meta property=\"og:image:width\" content=\"500\" \/>\n\t<meta property=\"og:image:height\" content=\"356\" \/>\n\t<meta property=\"og:image:type\" content=\"image\/jpeg\" \/>\n<meta name=\"author\" content=\"redazione\" \/>\n<meta name=\"twitter:card\" content=\"summary_large_image\" \/>\n<meta name=\"twitter:creator\" content=\"@bellunopress\" \/>\n<meta name=\"twitter:site\" content=\"@bellunopress\" \/>\n<meta name=\"twitter:label1\" content=\"\u00c9crit par\" \/>\n\t<meta name=\"twitter:data1\" content=\"redazione\" \/>\n\t<meta name=\"twitter:label2\" content=\"Dur\u00e9e de lecture estim\u00e9e\" \/>\n\t<meta name=\"twitter:data2\" content=\"6 minutes\" \/>\n<script type=\"application\/ld+json\" class=\"yoast-schema-graph\">{\"@context\":\"https:\\\/\\\/schema.org\",\"@graph\":[{\"@type\":\"Article\",\"@id\":\"https:\\\/\\\/www.bellunopress.it\\\/2026\\\/05\\\/05\\\/torna-il-teimat-fest-a-corte-delle-dolomiti-di-borca-di-cadore\\\/#article\",\"isPartOf\":{\"@id\":\"https:\\\/\\\/www.bellunopress.it\\\/2026\\\/05\\\/05\\\/torna-il-teimat-fest-a-corte-delle-dolomiti-di-borca-di-cadore\\\/\"},\"author\":{\"name\":\"redazione\",\"@id\":\"https:\\\/\\\/www.bellunopress.it\\\/#\\\/schema\\\/person\\\/79bb06722b37ece1c03d3e94beb30d73\"},\"headline\":\"Torna il \u201cTeimat Fest\u201d a Corte delle Dolomiti di Borca di Cadore\",\"datePublished\":\"2026-05-05T08:52:10+00:00\",\"mainEntityOfPage\":{\"@id\":\"https:\\\/\\\/www.bellunopress.it\\\/2026\\\/05\\\/05\\\/torna-il-teimat-fest-a-corte-delle-dolomiti-di-borca-di-cadore\\\/\"},\"wordCount\":961,\"publisher\":{\"@id\":\"https:\\\/\\\/www.bellunopress.it\\\/#organization\"},\"image\":{\"@id\":\"https:\\\/\\\/www.bellunopress.it\\\/2026\\\/05\\\/05\\\/torna-il-teimat-fest-a-corte-delle-dolomiti-di-borca-di-cadore\\\/#primaryimage\"},\"thumbnailUrl\":\"https:\\\/\\\/www.bellunopress.it\\\/wp-content\\\/uploads\\\/2026\\\/05\\\/Corte-delle-Dolomiti-ex-Villaggio-Eni-Borca.jpeg\",\"articleSection\":[\"Pausa Caff\u00e8\",\"Sport, tempo libero\"],\"inLanguage\":\"fr-FR\"},{\"@type\":\"WebPage\",\"@id\":\"https:\\\/\\\/www.bellunopress.it\\\/2026\\\/05\\\/05\\\/torna-il-teimat-fest-a-corte-delle-dolomiti-di-borca-di-cadore\\\/\",\"url\":\"https:\\\/\\\/www.bellunopress.it\\\/2026\\\/05\\\/05\\\/torna-il-teimat-fest-a-corte-delle-dolomiti-di-borca-di-cadore\\\/\",\"name\":\"Torna il \u201cTeimat Fest\u201d a Corte delle Dolomiti di Borca di Cadore - Bellunopress - Dolomiti\",\"isPartOf\":{\"@id\":\"https:\\\/\\\/www.bellunopress.it\\\/#website\"},\"primaryImageOfPage\":{\"@id\":\"https:\\\/\\\/www.bellunopress.it\\\/2026\\\/05\\\/05\\\/torna-il-teimat-fest-a-corte-delle-dolomiti-di-borca-di-cadore\\\/#primaryimage\"},\"image\":{\"@id\":\"https:\\\/\\\/www.bellunopress.it\\\/2026\\\/05\\\/05\\\/torna-il-teimat-fest-a-corte-delle-dolomiti-di-borca-di-cadore\\\/#primaryimage\"},\"thumbnailUrl\":\"https:\\\/\\\/www.bellunopress.it\\\/wp-content\\\/uploads\\\/2026\\\/05\\\/Corte-delle-Dolomiti-ex-Villaggio-Eni-Borca.jpeg\",\"datePublished\":\"2026-05-05T08:52:10+00:00\",\"breadcrumb\":{\"@id\":\"https:\\\/\\\/www.bellunopress.it\\\/2026\\\/05\\\/05\\\/torna-il-teimat-fest-a-corte-delle-dolomiti-di-borca-di-cadore\\\/#breadcrumb\"},\"inLanguage\":\"fr-FR\",\"potentialAction\":[{\"@type\":\"ReadAction\",\"target\":[\"https:\\\/\\\/www.bellunopress.it\\\/2026\\\/05\\\/05\\\/torna-il-teimat-fest-a-corte-delle-dolomiti-di-borca-di-cadore\\\/\"]}]},{\"@type\":\"ImageObject\",\"inLanguage\":\"fr-FR\",\"@id\":\"https:\\\/\\\/www.bellunopress.it\\\/2026\\\/05\\\/05\\\/torna-il-teimat-fest-a-corte-delle-dolomiti-di-borca-di-cadore\\\/#primaryimage\",\"url\":\"https:\\\/\\\/www.bellunopress.it\\\/wp-content\\\/uploads\\\/2026\\\/05\\\/Corte-delle-Dolomiti-ex-Villaggio-Eni-Borca.jpeg\",\"contentUrl\":\"https:\\\/\\\/www.bellunopress.it\\\/wp-content\\\/uploads\\\/2026\\\/05\\\/Corte-delle-Dolomiti-ex-Villaggio-Eni-Borca.jpeg\",\"width\":500,\"height\":356,\"caption\":\"Corte delle Dolomiti ex Villaggio Eni Borca di Cadore (ph: \u00a9Teresa De Toni)\"},{\"@type\":\"BreadcrumbList\",\"@id\":\"https:\\\/\\\/www.bellunopress.it\\\/2026\\\/05\\\/05\\\/torna-il-teimat-fest-a-corte-delle-dolomiti-di-borca-di-cadore\\\/#breadcrumb\",\"itemListElement\":[{\"@type\":\"ListItem\",\"position\":1,\"name\":\"Home\",\"item\":\"https:\\\/\\\/www.bellunopress.it\\\/\"},{\"@type\":\"ListItem\",\"position\":2,\"name\":\"Torna il \u201cTeimat Fest\u201d a Corte delle Dolomiti di Borca di Cadore\"}]},{\"@type\":\"WebSite\",\"@id\":\"https:\\\/\\\/www.bellunopress.it\\\/#website\",\"url\":\"https:\\\/\\\/www.bellunopress.it\\\/\",\"name\":\"Bellunopress - Dolomiti\",\"description\":\"e-mail: redazione@bellunopress.it\",\"publisher\":{\"@id\":\"https:\\\/\\\/www.bellunopress.it\\\/#organization\"},\"potentialAction\":[{\"@type\":\"SearchAction\",\"target\":{\"@type\":\"EntryPoint\",\"urlTemplate\":\"https:\\\/\\\/www.bellunopress.it\\\/?s={search_term_string}\"},\"query-input\":{\"@type\":\"PropertyValueSpecification\",\"valueRequired\":true,\"valueName\":\"search_term_string\"}}],\"inLanguage\":\"fr-FR\"},{\"@type\":\"Organization\",\"@id\":\"https:\\\/\\\/www.bellunopress.it\\\/#organization\",\"name\":\"Bellunopress\",\"url\":\"https:\\\/\\\/www.bellunopress.it\\\/\",\"logo\":{\"@type\":\"ImageObject\",\"inLanguage\":\"fr-FR\",\"@id\":\"https:\\\/\\\/www.bellunopress.it\\\/#\\\/schema\\\/logo\\\/image\\\/\",\"url\":\"https:\\\/\\\/www.bellunopress.it\\\/wp-content\\\/uploads\\\/2011\\\/05\\\/cropped-logo-bellunopress-.jpg\",\"contentUrl\":\"https:\\\/\\\/www.bellunopress.it\\\/wp-content\\\/uploads\\\/2011\\\/05\\\/cropped-logo-bellunopress-.jpg\",\"width\":512,\"height\":512,\"caption\":\"Bellunopress\"},\"image\":{\"@id\":\"https:\\\/\\\/www.bellunopress.it\\\/#\\\/schema\\\/logo\\\/image\\\/\"},\"sameAs\":[\"https:\\\/\\\/www.facebook.com\\\/profile.php?id=100008943462799\",\"https:\\\/\\\/x.com\\\/bellunopress\",\"https:\\\/\\\/www.linkedin.com\\\/hp\\\/?dnr=JBzUWaJfMUw8vbXJJ2tVW5-I3jZKvC4wsoxE&amp;amp;amp;amp;amp;amp;trk=nav_responsive_tab_home\",\"https:\\\/\\\/www.youtube.com\\\/channel\\\/UCxL0wu1uN0_3_7hGG0306cw\"]},{\"@type\":\"Person\",\"@id\":\"https:\\\/\\\/www.bellunopress.it\\\/#\\\/schema\\\/person\\\/79bb06722b37ece1c03d3e94beb30d73\",\"name\":\"redazione\",\"image\":{\"@type\":\"ImageObject\",\"inLanguage\":\"fr-FR\",\"@id\":\"https:\\\/\\\/secure.gravatar.com\\\/avatar\\\/37d968a2e67a6fd04c169c4bdef102d0bc5d31b2546345219e348575eb80e9a0?s=96&d=mm&r=g\",\"url\":\"https:\\\/\\\/secure.gravatar.com\\\/avatar\\\/37d968a2e67a6fd04c169c4bdef102d0bc5d31b2546345219e348575eb80e9a0?s=96&d=mm&r=g\",\"contentUrl\":\"https:\\\/\\\/secure.gravatar.com\\\/avatar\\\/37d968a2e67a6fd04c169c4bdef102d0bc5d31b2546345219e348575eb80e9a0?s=96&d=mm&r=g\",\"caption\":\"redazione\"},\"sameAs\":[\"http:\\\/\\\/www.bellunopress.it\",\"https:\\\/\\\/x.com\\\/bellunopress\"],\"url\":\"https:\\\/\\\/www.bellunopress.it\\\/fr\\\/author\\\/redazione\\\/\"}]}<\/script>\n<!-- \/ Yoast SEO plugin. -->","yoast_head_json":{"title":"Torna il \u201cTeimat Fest\u201d a Corte delle Dolomiti di Borca di Cadore - Bellunopress - Dolomiti","robots":{"index":"index","follow":"follow","max-snippet":"max-snippet:-1","max-image-preview":"max-image-preview:large","max-video-preview":"max-video-preview:-1"},"canonical":"https:\/\/www.bellunopress.it\/fr\/2026\/05\/05\/torna-il-teimat-fest-a-corte-delle-dolomiti-di-borca-di-cadore\/","og_locale":"fr_FR","og_type":"article","og_title":"Torna il \u201cTeimat Fest\u201d a Corte delle Dolomiti di Borca di Cadore - Bellunopress - Dolomiti","og_description":"Sonorit\u00e0 innovative risuonano nell\u2019ex villaggio ENI, dal 5 al 7 giugno 2026 Borca di Cadore, 5 maggio 2026 \u2013 Per la quarta volta, Corte delle Dolomiti a Borca di Cadore, l\u2019ex Villaggio ENI voluto da Enrico Mattei alla fine degli anni \u201950 e realizzato dall\u2019architetto Edoardo Gellner, si trasforma in un laboratorio culturale d\u2019avanguardia grazie [&hellip;]","og_url":"https:\/\/www.bellunopress.it\/fr\/2026\/05\/05\/torna-il-teimat-fest-a-corte-delle-dolomiti-di-borca-di-cadore\/","og_site_name":"Bellunopress - Dolomiti","article_publisher":"https:\/\/www.facebook.com\/profile.php?id=100008943462799","article_published_time":"2026-05-05T08:52:10+00:00","og_image":[{"width":500,"height":356,"url":"https:\/\/www.bellunopress.it\/wp-content\/uploads\/2026\/05\/Corte-delle-Dolomiti-ex-Villaggio-Eni-Borca.jpeg","type":"image\/jpeg"}],"author":"redazione","twitter_card":"summary_large_image","twitter_creator":"@bellunopress","twitter_site":"@bellunopress","twitter_misc":{"\u00c9crit par":"redazione","Dur\u00e9e de lecture estim\u00e9e":"6 minutes"},"schema":{"@context":"https:\/\/schema.org","@graph":[{"@type":"Article","@id":"https:\/\/www.bellunopress.it\/2026\/05\/05\/torna-il-teimat-fest-a-corte-delle-dolomiti-di-borca-di-cadore\/#article","isPartOf":{"@id":"https:\/\/www.bellunopress.it\/2026\/05\/05\/torna-il-teimat-fest-a-corte-delle-dolomiti-di-borca-di-cadore\/"},"author":{"name":"redazione","@id":"https:\/\/www.bellunopress.it\/#\/schema\/person\/79bb06722b37ece1c03d3e94beb30d73"},"headline":"Torna il \u201cTeimat Fest\u201d a Corte delle Dolomiti di Borca di Cadore","datePublished":"2026-05-05T08:52:10+00:00","mainEntityOfPage":{"@id":"https:\/\/www.bellunopress.it\/2026\/05\/05\/torna-il-teimat-fest-a-corte-delle-dolomiti-di-borca-di-cadore\/"},"wordCount":961,"publisher":{"@id":"https:\/\/www.bellunopress.it\/#organization"},"image":{"@id":"https:\/\/www.bellunopress.it\/2026\/05\/05\/torna-il-teimat-fest-a-corte-delle-dolomiti-di-borca-di-cadore\/#primaryimage"},"thumbnailUrl":"https:\/\/www.bellunopress.it\/wp-content\/uploads\/2026\/05\/Corte-delle-Dolomiti-ex-Villaggio-Eni-Borca.jpeg","articleSection":["Pausa Caff\u00e8","Sport, tempo libero"],"inLanguage":"fr-FR"},{"@type":"WebPage","@id":"https:\/\/www.bellunopress.it\/2026\/05\/05\/torna-il-teimat-fest-a-corte-delle-dolomiti-di-borca-di-cadore\/","url":"https:\/\/www.bellunopress.it\/2026\/05\/05\/torna-il-teimat-fest-a-corte-delle-dolomiti-di-borca-di-cadore\/","name":"Torna il \u201cTeimat Fest\u201d a Corte delle Dolomiti di Borca di Cadore - Bellunopress - Dolomiti","isPartOf":{"@id":"https:\/\/www.bellunopress.it\/#website"},"primaryImageOfPage":{"@id":"https:\/\/www.bellunopress.it\/2026\/05\/05\/torna-il-teimat-fest-a-corte-delle-dolomiti-di-borca-di-cadore\/#primaryimage"},"image":{"@id":"https:\/\/www.bellunopress.it\/2026\/05\/05\/torna-il-teimat-fest-a-corte-delle-dolomiti-di-borca-di-cadore\/#primaryimage"},"thumbnailUrl":"https:\/\/www.bellunopress.it\/wp-content\/uploads\/2026\/05\/Corte-delle-Dolomiti-ex-Villaggio-Eni-Borca.jpeg","datePublished":"2026-05-05T08:52:10+00:00","breadcrumb":{"@id":"https:\/\/www.bellunopress.it\/2026\/05\/05\/torna-il-teimat-fest-a-corte-delle-dolomiti-di-borca-di-cadore\/#breadcrumb"},"inLanguage":"fr-FR","potentialAction":[{"@type":"ReadAction","target":["https:\/\/www.bellunopress.it\/2026\/05\/05\/torna-il-teimat-fest-a-corte-delle-dolomiti-di-borca-di-cadore\/"]}]},{"@type":"ImageObject","inLanguage":"fr-FR","@id":"https:\/\/www.bellunopress.it\/2026\/05\/05\/torna-il-teimat-fest-a-corte-delle-dolomiti-di-borca-di-cadore\/#primaryimage","url":"https:\/\/www.bellunopress.it\/wp-content\/uploads\/2026\/05\/Corte-delle-Dolomiti-ex-Villaggio-Eni-Borca.jpeg","contentUrl":"https:\/\/www.bellunopress.it\/wp-content\/uploads\/2026\/05\/Corte-delle-Dolomiti-ex-Villaggio-Eni-Borca.jpeg","width":500,"height":356,"caption":"Corte delle Dolomiti ex Villaggio Eni Borca di Cadore (ph: \u00a9Teresa De Toni)"},{"@type":"BreadcrumbList","@id":"https:\/\/www.bellunopress.it\/2026\/05\/05\/torna-il-teimat-fest-a-corte-delle-dolomiti-di-borca-di-cadore\/#breadcrumb","itemListElement":[{"@type":"ListItem","position":1,"name":"Home","item":"https:\/\/www.bellunopress.it\/"},{"@type":"ListItem","position":2,"name":"Torna il \u201cTeimat Fest\u201d a Corte delle Dolomiti di Borca di Cadore"}]},{"@type":"WebSite","@id":"https:\/\/www.bellunopress.it\/#website","url":"https:\/\/www.bellunopress.it\/","name":"Bellunopress - Dolomiti","description":"e-mail: redazione@bellunopress.it","publisher":{"@id":"https:\/\/www.bellunopress.it\/#organization"},"potentialAction":[{"@type":"SearchAction","target":{"@type":"EntryPoint","urlTemplate":"https:\/\/www.bellunopress.it\/?s={search_term_string}"},"query-input":{"@type":"PropertyValueSpecification","valueRequired":true,"valueName":"search_term_string"}}],"inLanguage":"fr-FR"},{"@type":"Organization","@id":"https:\/\/www.bellunopress.it\/#organization","name":"Bellunopress","url":"https:\/\/www.bellunopress.it\/","logo":{"@type":"ImageObject","inLanguage":"fr-FR","@id":"https:\/\/www.bellunopress.it\/#\/schema\/logo\/image\/","url":"https:\/\/www.bellunopress.it\/wp-content\/uploads\/2011\/05\/cropped-logo-bellunopress-.jpg","contentUrl":"https:\/\/www.bellunopress.it\/wp-content\/uploads\/2011\/05\/cropped-logo-bellunopress-.jpg","width":512,"height":512,"caption":"Bellunopress"},"image":{"@id":"https:\/\/www.bellunopress.it\/#\/schema\/logo\/image\/"},"sameAs":["https:\/\/www.facebook.com\/profile.php?id=100008943462799","https:\/\/x.com\/bellunopress","https:\/\/www.linkedin.com\/hp\/?dnr=JBzUWaJfMUw8vbXJJ2tVW5-I3jZKvC4wsoxE&amp;amp;amp;amp;amp;amp;trk=nav_responsive_tab_home","https:\/\/www.youtube.com\/channel\/UCxL0wu1uN0_3_7hGG0306cw"]},{"@type":"Person","@id":"https:\/\/www.bellunopress.it\/#\/schema\/person\/79bb06722b37ece1c03d3e94beb30d73","name":"r\u00e9daction","image":{"@type":"ImageObject","inLanguage":"fr-FR","@id":"https:\/\/secure.gravatar.com\/avatar\/37d968a2e67a6fd04c169c4bdef102d0bc5d31b2546345219e348575eb80e9a0?s=96&d=mm&r=g","url":"https:\/\/secure.gravatar.com\/avatar\/37d968a2e67a6fd04c169c4bdef102d0bc5d31b2546345219e348575eb80e9a0?s=96&d=mm&r=g","contentUrl":"https:\/\/secure.gravatar.com\/avatar\/37d968a2e67a6fd04c169c4bdef102d0bc5d31b2546345219e348575eb80e9a0?s=96&d=mm&r=g","caption":"redazione"},"sameAs":["http:\/\/www.bellunopress.it","https:\/\/x.com\/bellunopress"],"url":"https:\/\/www.bellunopress.it\/fr\/author\/redazione\/"}]}},"_links":{"self":[{"href":"https:\/\/www.bellunopress.it\/fr\/wp-json\/wp\/v2\/posts\/169787","targetHints":{"allow":["GET"]}}],"collection":[{"href":"https:\/\/www.bellunopress.it\/fr\/wp-json\/wp\/v2\/posts"}],"about":[{"href":"https:\/\/www.bellunopress.it\/fr\/wp-json\/wp\/v2\/types\/post"}],"author":[{"embeddable":true,"href":"https:\/\/www.bellunopress.it\/fr\/wp-json\/wp\/v2\/users\/2"}],"replies":[{"embeddable":true,"href":"https:\/\/www.bellunopress.it\/fr\/wp-json\/wp\/v2\/comments?post=169787"}],"version-history":[{"count":1,"href":"https:\/\/www.bellunopress.it\/fr\/wp-json\/wp\/v2\/posts\/169787\/revisions"}],"predecessor-version":[{"id":169789,"href":"https:\/\/www.bellunopress.it\/fr\/wp-json\/wp\/v2\/posts\/169787\/revisions\/169789"}],"wp:featuredmedia":[{"embeddable":true,"href":"https:\/\/www.bellunopress.it\/fr\/wp-json\/wp\/v2\/media\/169788"}],"wp:attachment":[{"href":"https:\/\/www.bellunopress.it\/fr\/wp-json\/wp\/v2\/media?parent=169787"}],"wp:term":[{"taxonomy":"category","embeddable":true,"href":"https:\/\/www.bellunopress.it\/fr\/wp-json\/wp\/v2\/categories?post=169787"},{"taxonomy":"post_tag","embeddable":true,"href":"https:\/\/www.bellunopress.it\/fr\/wp-json\/wp\/v2\/tags?post=169787"}],"curies":[{"name":"wp","href":"https:\/\/api.w.org\/{rel}","templated":true}]}}