{"id":169775,"date":"2026-05-04T20:20:12","date_gmt":"2026-05-04T18:20:12","guid":{"rendered":"https:\/\/www.bellunopress.it\/?p=169775"},"modified":"2026-05-04T20:46:11","modified_gmt":"2026-05-04T18:46:11","slug":"borgo-valbelluna-approvato-il-rendiconto-finanziati-cantieri-per-oltre-29-milioni-di-euro","status":"publish","type":"post","link":"https:\/\/www.bellunopress.it\/fr\/2026\/05\/04\/borgo-valbelluna-approvato-il-rendiconto-finanziati-cantieri-per-oltre-29-milioni-di-euro\/","title":{"rendered":"Borgo Valbelluna, approvato il rendiconto: finanziati cantieri per oltre 2,9 milioni di euro"},"content":{"rendered":"<p>Borgo Valbelluna, 4 maggio 2026 &#8211; Proseguono gli investimenti in opere pubbliche nel Comune di Borgo Valbelluna. Con l\u2019approvazione del rendiconto 2025 e la successiva variazione di bilancio, sono stati finanziati interventi \u2013 tra nuovi cantieri e completamenti di opere gi\u00e0 avviate \u2013 per un totale di 2.947.743,05 euro.<\/p>\n<p>\u00abCon l\u2019approvazione del rendiconto e la conseguente disponibilit\u00e0 dell\u2019avanzo di amministrazione libero, pari a circa 2 milioni di euro, abbiamo approvato una variazione di bilancio nella quale sono stati iscritti circa 700.000 euro di avanzo disponibile e circa 2,3 milioni di euro tra finanziamenti ottenuti e avanzo vincolato\u00bb, commenta il vicesindaco con delega ai Lavori Pubblici, Simone Deola.<\/p>\n<p>Tra le principali entrate si segnala il contributo O.C.D.P.C. 1086 del 18 giugno 2024, pari a circa 1,2 milioni di euro, destinato a numerosi interventi di messa in sicurezza idrogeologica del territorio. Tra questi spicca l\u2019intervento sulla frana di Valmaor, per un importo di 870.000 euro.<br \/>\nA questi si aggiungono 260.000 euro derivanti da un recente contributo PNRR, destinati all\u2019acquisto di arredi per strutture dedicate a nido e infanzia, in edifici oggetto delle medesime misure. In particolare, saranno acquistati arredi per il nido di Villa e per la scuola dell\u2019infanzia di Trichiana.<br \/>\n\u00c8 stato inoltre iscritto a bilancio un contributo di 200.000 euro, che finanzia parte di un progetto complessivo da 350.000 euro per la riqualificazione della Barchessa di Palazzo delle Contesse, sede del doposcuola pomeridiano per gli studenti delle scuole medie \u201cSpazio 32026\u201d.<\/p>\n<p>Rilevante anche il contributo dei cosiddetti Fondi Opere Indifferibili, pari a circa 223.000 euro, destinati a coprire gli aumenti dei prezzi riconosciuti alle imprese impegnate nei cantieri PNRR. In assenza di tale sostegno statale, tali costi graverebbero direttamente sul bilancio comunale.<br \/>\nTra gli ulteriori interventi finanziati rientrano il completamento, con arredi e attrezzature, della nuova cucina di Trichiana per 230.000 euro; il trasferimento di 200.000 euro a Valbelluna Servizi per manutenzioni straordinarie nelle tre RSA; il completamento e l\u2019implementazione del piano asfaltature 2025-2026 per 61.000 euro; opere di completamento degli spazi esterni del polo di Villa per 70.000 euro; interventi di manutenzione straordinaria dei cimiteri per 50.000 euro; l\u2019acquisto di immobili destinati all\u2019edilizia residenziale pubblica per 27.000 euro; e ulteriori interventi sugli immobili comunali per 80.000 euro.<\/p>\n<p>\u00abLa tendenza degli investimenti \u00e8 in linea con quella degli ultimi anni, che ci ha portato a realizzare oltre 30 milioni di euro di opere pubbliche \u2013 conclude Deola \u2013 interventi che stanno contribuendo a trasformare profondamente il nostro territorio, migliorando la sicurezza e la qualit\u00e0 delle scuole, la sicurezza idrogeologica e la riqualificazione degli spazi pubblici. Il restante avanzo di amministrazione, pari a circa 1,3 milioni di euro, \u00e8 stato al momento accantonato in attesa di valutare l\u2019evoluzione dei costi dell\u2019energia e delle materie prime. Una volta definito il quadro, tali risorse saranno destinate a nuove opere pubbliche a beneficio dello sviluppo e della qualit\u00e0 della vita della comunit\u00e0\u00bb.<\/p>\n<p>&nbsp;<\/p>","protected":false},"excerpt":{"rendered":"<p>Borgo Valbelluna, 4 maggio 2026 &#8211; Proseguono gli investimenti in opere pubbliche nel Comune di Borgo Valbelluna. Con l\u2019approvazione del rendiconto 2025 e la successiva variazione di bilancio, sono stati finanziati interventi \u2013 tra nuovi cantieri e completamenti di opere gi\u00e0 avviate \u2013 per un totale di 2.947.743,05 euro. \u00abCon l\u2019approvazione del rendiconto e la [&hellip;]<\/p>\n","protected":false},"author":2,"featured_media":151712,"comment_status":"closed","ping_status":"open","sticky":false,"template":"","format":"standard","meta":{"footnotes":""},"categories":[26,8],"tags":[],"class_list":["post-169775","post","type-post","status-publish","format-standard","has-post-thumbnail","category-prima-pagina","category-societa-istituzioni"],"yoast_head":"<!-- This site is optimized with the Yoast SEO plugin v28.4 - https:\/\/yoast.com\/product\/yoast-seo-wordpress\/ -->\n<title>Borgo Valbelluna, approvato il rendiconto: finanziati cantieri per oltre 2,9 milioni di euro - Bellunopress - Dolomiti<\/title>\n<meta name=\"robots\" content=\"index, follow, max-snippet:-1, max-image-preview:large, max-video-preview:-1\" \/>\n<link rel=\"canonical\" href=\"https:\/\/www.bellunopress.it\/fr\/2026\/05\/04\/borgo-valbelluna-approvato-il-rendiconto-finanziati-cantieri-per-oltre-29-milioni-di-euro\/\" \/>\n<meta property=\"og:locale\" content=\"fr_FR\" \/>\n<meta property=\"og:type\" content=\"article\" \/>\n<meta property=\"og:title\" content=\"Borgo Valbelluna, approvato il rendiconto: finanziati cantieri per oltre 2,9 milioni di euro - Bellunopress - Dolomiti\" \/>\n<meta property=\"og:description\" content=\"Borgo Valbelluna, 4 maggio 2026 &#8211; Proseguono gli investimenti in opere pubbliche nel Comune di Borgo Valbelluna. Con l\u2019approvazione del rendiconto 2025 e la successiva variazione di bilancio, sono stati finanziati interventi \u2013 tra nuovi cantieri e completamenti di opere gi\u00e0 avviate \u2013 per un totale di 2.947.743,05 euro. \u00abCon l\u2019approvazione del rendiconto e la [&hellip;]\" \/>\n<meta property=\"og:url\" content=\"https:\/\/www.bellunopress.it\/fr\/2026\/05\/04\/borgo-valbelluna-approvato-il-rendiconto-finanziati-cantieri-per-oltre-29-milioni-di-euro\/\" \/>\n<meta property=\"og:site_name\" content=\"Bellunopress - Dolomiti\" \/>\n<meta property=\"article:publisher\" content=\"https:\/\/www.facebook.com\/profile.php?id=100008943462799\" \/>\n<meta property=\"article:published_time\" content=\"2026-05-04T18:20:12+00:00\" \/>\n<meta property=\"article:modified_time\" content=\"2026-05-04T18:46:11+00:00\" \/>\n<meta property=\"og:image\" content=\"https:\/\/www.bellunopress.it\/wp-content\/uploads\/2024\/06\/Simone_Deola-assessore.jpg\" \/>\n\t<meta property=\"og:image:width\" content=\"928\" \/>\n\t<meta property=\"og:image:height\" content=\"1000\" \/>\n\t<meta property=\"og:image:type\" content=\"image\/jpeg\" \/>\n<meta name=\"author\" content=\"redazione\" \/>\n<meta name=\"twitter:card\" content=\"summary_large_image\" \/>\n<meta name=\"twitter:creator\" content=\"@bellunopress\" \/>\n<meta name=\"twitter:site\" content=\"@bellunopress\" \/>\n<meta name=\"twitter:label1\" content=\"\u00c9crit par\" \/>\n\t<meta name=\"twitter:data1\" content=\"redazione\" \/>\n\t<meta name=\"twitter:label2\" content=\"Dur\u00e9e de lecture estim\u00e9e\" \/>\n\t<meta name=\"twitter:data2\" content=\"3 minutes\" \/>\n<script type=\"application\/ld+json\" class=\"yoast-schema-graph\">{\"@context\":\"https:\\\/\\\/schema.org\",\"@graph\":[{\"@type\":\"Article\",\"@id\":\"https:\\\/\\\/www.bellunopress.it\\\/2026\\\/05\\\/04\\\/borgo-valbelluna-approvato-il-rendiconto-finanziati-cantieri-per-oltre-29-milioni-di-euro\\\/#article\",\"isPartOf\":{\"@id\":\"https:\\\/\\\/www.bellunopress.it\\\/2026\\\/05\\\/04\\\/borgo-valbelluna-approvato-il-rendiconto-finanziati-cantieri-per-oltre-29-milioni-di-euro\\\/\"},\"author\":{\"name\":\"redazione\",\"@id\":\"https:\\\/\\\/www.bellunopress.it\\\/#\\\/schema\\\/person\\\/79bb06722b37ece1c03d3e94beb30d73\"},\"headline\":\"Borgo Valbelluna, approvato il rendiconto: finanziati cantieri per oltre 2,9 milioni di euro\",\"datePublished\":\"2026-05-04T18:20:12+00:00\",\"dateModified\":\"2026-05-04T18:46:11+00:00\",\"mainEntityOfPage\":{\"@id\":\"https:\\\/\\\/www.bellunopress.it\\\/2026\\\/05\\\/04\\\/borgo-valbelluna-approvato-il-rendiconto-finanziati-cantieri-per-oltre-29-milioni-di-euro\\\/\"},\"wordCount\":473,\"publisher\":{\"@id\":\"https:\\\/\\\/www.bellunopress.it\\\/#organization\"},\"image\":{\"@id\":\"https:\\\/\\\/www.bellunopress.it\\\/2026\\\/05\\\/04\\\/borgo-valbelluna-approvato-il-rendiconto-finanziati-cantieri-per-oltre-29-milioni-di-euro\\\/#primaryimage\"},\"thumbnailUrl\":\"https:\\\/\\\/www.bellunopress.it\\\/wp-content\\\/uploads\\\/2024\\\/06\\\/Simone_Deola-assessore.jpg\",\"articleSection\":[\"Prima Pagina\",\"Societ\u00e0, Associazioni, Istituzioni\"],\"inLanguage\":\"fr-FR\"},{\"@type\":\"WebPage\",\"@id\":\"https:\\\/\\\/www.bellunopress.it\\\/2026\\\/05\\\/04\\\/borgo-valbelluna-approvato-il-rendiconto-finanziati-cantieri-per-oltre-29-milioni-di-euro\\\/\",\"url\":\"https:\\\/\\\/www.bellunopress.it\\\/2026\\\/05\\\/04\\\/borgo-valbelluna-approvato-il-rendiconto-finanziati-cantieri-per-oltre-29-milioni-di-euro\\\/\",\"name\":\"Borgo Valbelluna, approvato il rendiconto: finanziati cantieri per oltre 2,9 milioni di euro - Bellunopress - Dolomiti\",\"isPartOf\":{\"@id\":\"https:\\\/\\\/www.bellunopress.it\\\/#website\"},\"primaryImageOfPage\":{\"@id\":\"https:\\\/\\\/www.bellunopress.it\\\/2026\\\/05\\\/04\\\/borgo-valbelluna-approvato-il-rendiconto-finanziati-cantieri-per-oltre-29-milioni-di-euro\\\/#primaryimage\"},\"image\":{\"@id\":\"https:\\\/\\\/www.bellunopress.it\\\/2026\\\/05\\\/04\\\/borgo-valbelluna-approvato-il-rendiconto-finanziati-cantieri-per-oltre-29-milioni-di-euro\\\/#primaryimage\"},\"thumbnailUrl\":\"https:\\\/\\\/www.bellunopress.it\\\/wp-content\\\/uploads\\\/2024\\\/06\\\/Simone_Deola-assessore.jpg\",\"datePublished\":\"2026-05-04T18:20:12+00:00\",\"dateModified\":\"2026-05-04T18:46:11+00:00\",\"breadcrumb\":{\"@id\":\"https:\\\/\\\/www.bellunopress.it\\\/2026\\\/05\\\/04\\\/borgo-valbelluna-approvato-il-rendiconto-finanziati-cantieri-per-oltre-29-milioni-di-euro\\\/#breadcrumb\"},\"inLanguage\":\"fr-FR\",\"potentialAction\":[{\"@type\":\"ReadAction\",\"target\":[\"https:\\\/\\\/www.bellunopress.it\\\/2026\\\/05\\\/04\\\/borgo-valbelluna-approvato-il-rendiconto-finanziati-cantieri-per-oltre-29-milioni-di-euro\\\/\"]}]},{\"@type\":\"ImageObject\",\"inLanguage\":\"fr-FR\",\"@id\":\"https:\\\/\\\/www.bellunopress.it\\\/2026\\\/05\\\/04\\\/borgo-valbelluna-approvato-il-rendiconto-finanziati-cantieri-per-oltre-29-milioni-di-euro\\\/#primaryimage\",\"url\":\"https:\\\/\\\/www.bellunopress.it\\\/wp-content\\\/uploads\\\/2024\\\/06\\\/Simone_Deola-assessore.jpg\",\"contentUrl\":\"https:\\\/\\\/www.bellunopress.it\\\/wp-content\\\/uploads\\\/2024\\\/06\\\/Simone_Deola-assessore.jpg\",\"width\":928,\"height\":1000,\"caption\":\"Simone Deola, vicesindaco di Borgo Valbelluna\"},{\"@type\":\"BreadcrumbList\",\"@id\":\"https:\\\/\\\/www.bellunopress.it\\\/2026\\\/05\\\/04\\\/borgo-valbelluna-approvato-il-rendiconto-finanziati-cantieri-per-oltre-29-milioni-di-euro\\\/#breadcrumb\",\"itemListElement\":[{\"@type\":\"ListItem\",\"position\":1,\"name\":\"Home\",\"item\":\"https:\\\/\\\/www.bellunopress.it\\\/\"},{\"@type\":\"ListItem\",\"position\":2,\"name\":\"Borgo Valbelluna, approvato il rendiconto: finanziati cantieri per oltre 2,9 milioni di euro\"}]},{\"@type\":\"WebSite\",\"@id\":\"https:\\\/\\\/www.bellunopress.it\\\/#website\",\"url\":\"https:\\\/\\\/www.bellunopress.it\\\/\",\"name\":\"Bellunopress - Dolomiti\",\"description\":\"e-mail: redazione@bellunopress.it\",\"publisher\":{\"@id\":\"https:\\\/\\\/www.bellunopress.it\\\/#organization\"},\"potentialAction\":[{\"@type\":\"SearchAction\",\"target\":{\"@type\":\"EntryPoint\",\"urlTemplate\":\"https:\\\/\\\/www.bellunopress.it\\\/?s={search_term_string}\"},\"query-input\":{\"@type\":\"PropertyValueSpecification\",\"valueRequired\":true,\"valueName\":\"search_term_string\"}}],\"inLanguage\":\"fr-FR\"},{\"@type\":\"Organization\",\"@id\":\"https:\\\/\\\/www.bellunopress.it\\\/#organization\",\"name\":\"Bellunopress\",\"url\":\"https:\\\/\\\/www.bellunopress.it\\\/\",\"logo\":{\"@type\":\"ImageObject\",\"inLanguage\":\"fr-FR\",\"@id\":\"https:\\\/\\\/www.bellunopress.it\\\/#\\\/schema\\\/logo\\\/image\\\/\",\"url\":\"https:\\\/\\\/www.bellunopress.it\\\/wp-content\\\/uploads\\\/2011\\\/05\\\/cropped-logo-bellunopress-.jpg\",\"contentUrl\":\"https:\\\/\\\/www.bellunopress.it\\\/wp-content\\\/uploads\\\/2011\\\/05\\\/cropped-logo-bellunopress-.jpg\",\"width\":512,\"height\":512,\"caption\":\"Bellunopress\"},\"image\":{\"@id\":\"https:\\\/\\\/www.bellunopress.it\\\/#\\\/schema\\\/logo\\\/image\\\/\"},\"sameAs\":[\"https:\\\/\\\/www.facebook.com\\\/profile.php?id=100008943462799\",\"https:\\\/\\\/x.com\\\/bellunopress\",\"https:\\\/\\\/www.linkedin.com\\\/hp\\\/?dnr=JBzUWaJfMUw8vbXJJ2tVW5-I3jZKvC4wsoxE&amp;amp;amp;amp;amp;amp;trk=nav_responsive_tab_home\",\"https:\\\/\\\/www.youtube.com\\\/channel\\\/UCxL0wu1uN0_3_7hGG0306cw\"]},{\"@type\":\"Person\",\"@id\":\"https:\\\/\\\/www.bellunopress.it\\\/#\\\/schema\\\/person\\\/79bb06722b37ece1c03d3e94beb30d73\",\"name\":\"redazione\",\"image\":{\"@type\":\"ImageObject\",\"inLanguage\":\"fr-FR\",\"@id\":\"https:\\\/\\\/secure.gravatar.com\\\/avatar\\\/37d968a2e67a6fd04c169c4bdef102d0bc5d31b2546345219e348575eb80e9a0?s=96&d=mm&r=g\",\"url\":\"https:\\\/\\\/secure.gravatar.com\\\/avatar\\\/37d968a2e67a6fd04c169c4bdef102d0bc5d31b2546345219e348575eb80e9a0?s=96&d=mm&r=g\",\"contentUrl\":\"https:\\\/\\\/secure.gravatar.com\\\/avatar\\\/37d968a2e67a6fd04c169c4bdef102d0bc5d31b2546345219e348575eb80e9a0?s=96&d=mm&r=g\",\"caption\":\"redazione\"},\"sameAs\":[\"http:\\\/\\\/www.bellunopress.it\",\"https:\\\/\\\/x.com\\\/bellunopress\"],\"url\":\"https:\\\/\\\/www.bellunopress.it\\\/fr\\\/author\\\/redazione\\\/\"}]}<\/script>\n<!-- \/ Yoast SEO plugin. -->","yoast_head_json":{"title":"Borgo Valbelluna, approvato il rendiconto: finanziati cantieri per oltre 2,9 milioni di euro - Bellunopress - Dolomiti","robots":{"index":"index","follow":"follow","max-snippet":"max-snippet:-1","max-image-preview":"max-image-preview:large","max-video-preview":"max-video-preview:-1"},"canonical":"https:\/\/www.bellunopress.it\/fr\/2026\/05\/04\/borgo-valbelluna-approvato-il-rendiconto-finanziati-cantieri-per-oltre-29-milioni-di-euro\/","og_locale":"fr_FR","og_type":"article","og_title":"Borgo Valbelluna, approvato il rendiconto: finanziati cantieri per oltre 2,9 milioni di euro - Bellunopress - Dolomiti","og_description":"Borgo Valbelluna, 4 maggio 2026 &#8211; Proseguono gli investimenti in opere pubbliche nel Comune di Borgo Valbelluna. Con l\u2019approvazione del rendiconto 2025 e la successiva variazione di bilancio, sono stati finanziati interventi \u2013 tra nuovi cantieri e completamenti di opere gi\u00e0 avviate \u2013 per un totale di 2.947.743,05 euro. \u00abCon l\u2019approvazione del rendiconto e la [&hellip;]","og_url":"https:\/\/www.bellunopress.it\/fr\/2026\/05\/04\/borgo-valbelluna-approvato-il-rendiconto-finanziati-cantieri-per-oltre-29-milioni-di-euro\/","og_site_name":"Bellunopress - Dolomiti","article_publisher":"https:\/\/www.facebook.com\/profile.php?id=100008943462799","article_published_time":"2026-05-04T18:20:12+00:00","article_modified_time":"2026-05-04T18:46:11+00:00","og_image":[{"width":928,"height":1000,"url":"https:\/\/www.bellunopress.it\/wp-content\/uploads\/2024\/06\/Simone_Deola-assessore.jpg","type":"image\/jpeg"}],"author":"redazione","twitter_card":"summary_large_image","twitter_creator":"@bellunopress","twitter_site":"@bellunopress","twitter_misc":{"\u00c9crit par":"redazione","Dur\u00e9e de lecture estim\u00e9e":"3 minutes"},"schema":{"@context":"https:\/\/schema.org","@graph":[{"@type":"Article","@id":"https:\/\/www.bellunopress.it\/2026\/05\/04\/borgo-valbelluna-approvato-il-rendiconto-finanziati-cantieri-per-oltre-29-milioni-di-euro\/#article","isPartOf":{"@id":"https:\/\/www.bellunopress.it\/2026\/05\/04\/borgo-valbelluna-approvato-il-rendiconto-finanziati-cantieri-per-oltre-29-milioni-di-euro\/"},"author":{"name":"redazione","@id":"https:\/\/www.bellunopress.it\/#\/schema\/person\/79bb06722b37ece1c03d3e94beb30d73"},"headline":"Borgo Valbelluna, approvato il rendiconto: finanziati cantieri per oltre 2,9 milioni di euro","datePublished":"2026-05-04T18:20:12+00:00","dateModified":"2026-05-04T18:46:11+00:00","mainEntityOfPage":{"@id":"https:\/\/www.bellunopress.it\/2026\/05\/04\/borgo-valbelluna-approvato-il-rendiconto-finanziati-cantieri-per-oltre-29-milioni-di-euro\/"},"wordCount":473,"publisher":{"@id":"https:\/\/www.bellunopress.it\/#organization"},"image":{"@id":"https:\/\/www.bellunopress.it\/2026\/05\/04\/borgo-valbelluna-approvato-il-rendiconto-finanziati-cantieri-per-oltre-29-milioni-di-euro\/#primaryimage"},"thumbnailUrl":"https:\/\/www.bellunopress.it\/wp-content\/uploads\/2024\/06\/Simone_Deola-assessore.jpg","articleSection":["Prima Pagina","Societ\u00e0, Associazioni, Istituzioni"],"inLanguage":"fr-FR"},{"@type":"WebPage","@id":"https:\/\/www.bellunopress.it\/2026\/05\/04\/borgo-valbelluna-approvato-il-rendiconto-finanziati-cantieri-per-oltre-29-milioni-di-euro\/","url":"https:\/\/www.bellunopress.it\/2026\/05\/04\/borgo-valbelluna-approvato-il-rendiconto-finanziati-cantieri-per-oltre-29-milioni-di-euro\/","name":"Borgo Valbelluna, approvato il rendiconto: finanziati cantieri per oltre 2,9 milioni di euro - Bellunopress - Dolomiti","isPartOf":{"@id":"https:\/\/www.bellunopress.it\/#website"},"primaryImageOfPage":{"@id":"https:\/\/www.bellunopress.it\/2026\/05\/04\/borgo-valbelluna-approvato-il-rendiconto-finanziati-cantieri-per-oltre-29-milioni-di-euro\/#primaryimage"},"image":{"@id":"https:\/\/www.bellunopress.it\/2026\/05\/04\/borgo-valbelluna-approvato-il-rendiconto-finanziati-cantieri-per-oltre-29-milioni-di-euro\/#primaryimage"},"thumbnailUrl":"https:\/\/www.bellunopress.it\/wp-content\/uploads\/2024\/06\/Simone_Deola-assessore.jpg","datePublished":"2026-05-04T18:20:12+00:00","dateModified":"2026-05-04T18:46:11+00:00","breadcrumb":{"@id":"https:\/\/www.bellunopress.it\/2026\/05\/04\/borgo-valbelluna-approvato-il-rendiconto-finanziati-cantieri-per-oltre-29-milioni-di-euro\/#breadcrumb"},"inLanguage":"fr-FR","potentialAction":[{"@type":"ReadAction","target":["https:\/\/www.bellunopress.it\/2026\/05\/04\/borgo-valbelluna-approvato-il-rendiconto-finanziati-cantieri-per-oltre-29-milioni-di-euro\/"]}]},{"@type":"ImageObject","inLanguage":"fr-FR","@id":"https:\/\/www.bellunopress.it\/2026\/05\/04\/borgo-valbelluna-approvato-il-rendiconto-finanziati-cantieri-per-oltre-29-milioni-di-euro\/#primaryimage","url":"https:\/\/www.bellunopress.it\/wp-content\/uploads\/2024\/06\/Simone_Deola-assessore.jpg","contentUrl":"https:\/\/www.bellunopress.it\/wp-content\/uploads\/2024\/06\/Simone_Deola-assessore.jpg","width":928,"height":1000,"caption":"Simone Deola, vicesindaco di Borgo Valbelluna"},{"@type":"BreadcrumbList","@id":"https:\/\/www.bellunopress.it\/2026\/05\/04\/borgo-valbelluna-approvato-il-rendiconto-finanziati-cantieri-per-oltre-29-milioni-di-euro\/#breadcrumb","itemListElement":[{"@type":"ListItem","position":1,"name":"Home","item":"https:\/\/www.bellunopress.it\/"},{"@type":"ListItem","position":2,"name":"Borgo Valbelluna, approvato il rendiconto: finanziati cantieri per oltre 2,9 milioni di euro"}]},{"@type":"WebSite","@id":"https:\/\/www.bellunopress.it\/#website","url":"https:\/\/www.bellunopress.it\/","name":"Bellunopress - Dolomiti","description":"e-mail: redazione@bellunopress.it","publisher":{"@id":"https:\/\/www.bellunopress.it\/#organization"},"potentialAction":[{"@type":"SearchAction","target":{"@type":"EntryPoint","urlTemplate":"https:\/\/www.bellunopress.it\/?s={search_term_string}"},"query-input":{"@type":"PropertyValueSpecification","valueRequired":true,"valueName":"search_term_string"}}],"inLanguage":"fr-FR"},{"@type":"Organization","@id":"https:\/\/www.bellunopress.it\/#organization","name":"Bellunopress","url":"https:\/\/www.bellunopress.it\/","logo":{"@type":"ImageObject","inLanguage":"fr-FR","@id":"https:\/\/www.bellunopress.it\/#\/schema\/logo\/image\/","url":"https:\/\/www.bellunopress.it\/wp-content\/uploads\/2011\/05\/cropped-logo-bellunopress-.jpg","contentUrl":"https:\/\/www.bellunopress.it\/wp-content\/uploads\/2011\/05\/cropped-logo-bellunopress-.jpg","width":512,"height":512,"caption":"Bellunopress"},"image":{"@id":"https:\/\/www.bellunopress.it\/#\/schema\/logo\/image\/"},"sameAs":["https:\/\/www.facebook.com\/profile.php?id=100008943462799","https:\/\/x.com\/bellunopress","https:\/\/www.linkedin.com\/hp\/?dnr=JBzUWaJfMUw8vbXJJ2tVW5-I3jZKvC4wsoxE&amp;amp;amp;amp;amp;amp;trk=nav_responsive_tab_home","https:\/\/www.youtube.com\/channel\/UCxL0wu1uN0_3_7hGG0306cw"]},{"@type":"Person","@id":"https:\/\/www.bellunopress.it\/#\/schema\/person\/79bb06722b37ece1c03d3e94beb30d73","name":"r\u00e9daction","image":{"@type":"ImageObject","inLanguage":"fr-FR","@id":"https:\/\/secure.gravatar.com\/avatar\/37d968a2e67a6fd04c169c4bdef102d0bc5d31b2546345219e348575eb80e9a0?s=96&d=mm&r=g","url":"https:\/\/secure.gravatar.com\/avatar\/37d968a2e67a6fd04c169c4bdef102d0bc5d31b2546345219e348575eb80e9a0?s=96&d=mm&r=g","contentUrl":"https:\/\/secure.gravatar.com\/avatar\/37d968a2e67a6fd04c169c4bdef102d0bc5d31b2546345219e348575eb80e9a0?s=96&d=mm&r=g","caption":"redazione"},"sameAs":["http:\/\/www.bellunopress.it","https:\/\/x.com\/bellunopress"],"url":"https:\/\/www.bellunopress.it\/fr\/author\/redazione\/"}]}},"_links":{"self":[{"href":"https:\/\/www.bellunopress.it\/fr\/wp-json\/wp\/v2\/posts\/169775","targetHints":{"allow":["GET"]}}],"collection":[{"href":"https:\/\/www.bellunopress.it\/fr\/wp-json\/wp\/v2\/posts"}],"about":[{"href":"https:\/\/www.bellunopress.it\/fr\/wp-json\/wp\/v2\/types\/post"}],"author":[{"embeddable":true,"href":"https:\/\/www.bellunopress.it\/fr\/wp-json\/wp\/v2\/users\/2"}],"replies":[{"embeddable":true,"href":"https:\/\/www.bellunopress.it\/fr\/wp-json\/wp\/v2\/comments?post=169775"}],"version-history":[{"count":1,"href":"https:\/\/www.bellunopress.it\/fr\/wp-json\/wp\/v2\/posts\/169775\/revisions"}],"predecessor-version":[{"id":169776,"href":"https:\/\/www.bellunopress.it\/fr\/wp-json\/wp\/v2\/posts\/169775\/revisions\/169776"}],"wp:featuredmedia":[{"embeddable":true,"href":"https:\/\/www.bellunopress.it\/fr\/wp-json\/wp\/v2\/media\/151712"}],"wp:attachment":[{"href":"https:\/\/www.bellunopress.it\/fr\/wp-json\/wp\/v2\/media?parent=169775"}],"wp:term":[{"taxonomy":"category","embeddable":true,"href":"https:\/\/www.bellunopress.it\/fr\/wp-json\/wp\/v2\/categories?post=169775"},{"taxonomy":"post_tag","embeddable":true,"href":"https:\/\/www.bellunopress.it\/fr\/wp-json\/wp\/v2\/tags?post=169775"}],"curies":[{"name":"wp","href":"https:\/\/api.w.org\/{rel}","templated":true}]}}