{"id":169772,"date":"2026-05-04T20:42:28","date_gmt":"2026-05-04T18:42:28","guid":{"rendered":"https:\/\/www.bellunopress.it\/?p=169772"},"modified":"2026-05-04T20:42:28","modified_gmt":"2026-05-04T18:42:28","slug":"via-feltre-e-il-verde-urbano-di-anacleto-boranga","status":"publish","type":"post","link":"https:\/\/www.bellunopress.it\/fr\/2026\/05\/04\/via-feltre-e-il-verde-urbano-di-anacleto-boranga\/","title":{"rendered":"Via Feltre e il verde urbano  * di Anacleto Boranga"},"content":{"rendered":"<p>Belluno, 04\/05\/2026 &#8211; Il blog Dolomiti Belluno \u00e8 uscito in questi giorni sottolineando il serio problema della perdita di biodiversit\u00e0 a causa dell\u2019avanzata del bosco.<\/p>\n<p>Per questa emergenza \u00e8 intervenuto da tempo il Parco Nazionale Dolomiti Bellunesi e recentemente anche la Provincia di Belluno. Il problema non ha lasciato indifferenti le Associazioni Ambientali consapevoli della gravit\u00e0.<\/p>\n<p>Ci\u00f2 non deve indurre a trascurare o sottovalutare l\u2019importanza del verde urbano, strettamente collegato con la qualit\u00e0 della vita dei cittadini bellunesi preoccupati per la consistente perdita del polmone verde di via Feltre, che, non pu\u00f2 essere, per niente compensata, dalla avanzata del bosco extraurbano.<\/p>\n<p>Va ricordato che un albero maturo, come uno dei tigli abbattuti, pu\u00f2 assorbire, attorno a s\u00e9, fino al 20% degli inquinanti atmosferici, pu\u00f2 condizionare l\u2019aria mitigando il calore estivo, riducendo di diversi gradi la temperatura, grazie all\u2019ombra ed alla traspirazione delle foglie. L\u2019assenza di alberi nei parcheggi pu\u00f2 generare sulle superfici asfaltate o cementate dei parcheggi auto, l\u2019effetto isola di calore, rendendo invivibili gli spazi.<\/p>\n<p>Si pu\u00f2 aggiungere che Il verde urbano \u00e8 rilassante e, con la propria presenza, abbellisce la citt\u00e0 e nasconde certe brutture edilizie, come quelle degli anni &#8217;60, messe ora in evidenza in via Feltre, dopo l\u2019abbattimento dei tigli.<\/p>\n<p>Anacleto Boranga<\/p>","protected":false},"excerpt":{"rendered":"<p>Belluno, 04\/05\/2026 &#8211; Il blog Dolomiti Belluno \u00e8 uscito in questi giorni sottolineando il serio problema della perdita di biodiversit\u00e0 a causa dell\u2019avanzata del bosco. Per questa emergenza \u00e8 intervenuto da tempo il Parco Nazionale Dolomiti Bellunesi e recentemente anche la Provincia di Belluno. Il problema non ha lasciato indifferenti le Associazioni Ambientali consapevoli della [&hellip;]<\/p>\n","protected":false},"author":2,"featured_media":169773,"comment_status":"closed","ping_status":"open","sticky":false,"template":"","format":"standard","meta":{"footnotes":""},"categories":[1],"tags":[],"class_list":["post-169772","post","type-post","status-publish","format-standard","has-post-thumbnail","category-leo"],"yoast_head":"<!-- This site is optimized with the Yoast SEO plugin v28.4 - https:\/\/yoast.com\/product\/yoast-seo-wordpress\/ -->\n<title>Via Feltre e il verde urbano * di Anacleto Boranga - Bellunopress - Dolomiti<\/title>\n<meta name=\"robots\" content=\"index, follow, max-snippet:-1, max-image-preview:large, max-video-preview:-1\" \/>\n<link rel=\"canonical\" href=\"https:\/\/www.bellunopress.it\/fr\/2026\/05\/04\/via-feltre-e-il-verde-urbano-di-anacleto-boranga\/\" \/>\n<meta property=\"og:locale\" content=\"fr_FR\" \/>\n<meta property=\"og:type\" content=\"article\" \/>\n<meta property=\"og:title\" content=\"Via Feltre e il verde urbano * di Anacleto Boranga - Bellunopress - Dolomiti\" \/>\n<meta property=\"og:description\" content=\"Belluno, 04\/05\/2026 &#8211; Il blog Dolomiti Belluno \u00e8 uscito in questi giorni sottolineando il serio problema della perdita di biodiversit\u00e0 a causa dell\u2019avanzata del bosco. Per questa emergenza \u00e8 intervenuto da tempo il Parco Nazionale Dolomiti Bellunesi e recentemente anche la Provincia di Belluno. Il problema non ha lasciato indifferenti le Associazioni Ambientali consapevoli della [&hellip;]\" \/>\n<meta property=\"og:url\" content=\"https:\/\/www.bellunopress.it\/fr\/2026\/05\/04\/via-feltre-e-il-verde-urbano-di-anacleto-boranga\/\" \/>\n<meta property=\"og:site_name\" content=\"Bellunopress - Dolomiti\" \/>\n<meta property=\"article:publisher\" content=\"https:\/\/www.facebook.com\/profile.php?id=100008943462799\" \/>\n<meta property=\"article:published_time\" content=\"2026-05-04T18:42:28+00:00\" \/>\n<meta property=\"og:image\" content=\"https:\/\/www.bellunopress.it\/wp-content\/uploads\/2026\/05\/Anacleto-Boranga.jpg\" \/>\n\t<meta property=\"og:image:width\" content=\"500\" \/>\n\t<meta property=\"og:image:height\" content=\"487\" \/>\n\t<meta property=\"og:image:type\" content=\"image\/jpeg\" \/>\n<meta name=\"author\" content=\"redazione\" \/>\n<meta name=\"twitter:card\" content=\"summary_large_image\" \/>\n<meta name=\"twitter:creator\" content=\"@bellunopress\" \/>\n<meta name=\"twitter:site\" content=\"@bellunopress\" \/>\n<meta name=\"twitter:label1\" content=\"Written by\" \/>\n\t<meta name=\"twitter:data1\" content=\"redazione\" \/>\n\t<meta name=\"twitter:label2\" content=\"Est. reading time\" \/>\n\t<meta name=\"twitter:data2\" content=\"2 minutes\" \/>\n<script type=\"application\/ld+json\" class=\"yoast-schema-graph\">{\"@context\":\"https:\\\/\\\/schema.org\",\"@graph\":[{\"@type\":\"Article\",\"@id\":\"https:\\\/\\\/www.bellunopress.it\\\/2026\\\/05\\\/04\\\/via-feltre-e-il-verde-urbano-di-anacleto-boranga\\\/#article\",\"isPartOf\":{\"@id\":\"https:\\\/\\\/www.bellunopress.it\\\/2026\\\/05\\\/04\\\/via-feltre-e-il-verde-urbano-di-anacleto-boranga\\\/\"},\"author\":{\"name\":\"redazione\",\"@id\":\"https:\\\/\\\/www.bellunopress.it\\\/#\\\/schema\\\/person\\\/79bb06722b37ece1c03d3e94beb30d73\"},\"headline\":\"Via Feltre e il verde urbano * di Anacleto Boranga\",\"datePublished\":\"2026-05-04T18:42:28+00:00\",\"mainEntityOfPage\":{\"@id\":\"https:\\\/\\\/www.bellunopress.it\\\/2026\\\/05\\\/04\\\/via-feltre-e-il-verde-urbano-di-anacleto-boranga\\\/\"},\"wordCount\":216,\"publisher\":{\"@id\":\"https:\\\/\\\/www.bellunopress.it\\\/#organization\"},\"image\":{\"@id\":\"https:\\\/\\\/www.bellunopress.it\\\/2026\\\/05\\\/04\\\/via-feltre-e-il-verde-urbano-di-anacleto-boranga\\\/#primaryimage\"},\"thumbnailUrl\":\"https:\\\/\\\/www.bellunopress.it\\\/wp-content\\\/uploads\\\/2026\\\/05\\\/Anacleto-Boranga.jpg\",\"articleSection\":[\"Lettere Opinioni\"],\"inLanguage\":\"fr-FR\"},{\"@type\":\"WebPage\",\"@id\":\"https:\\\/\\\/www.bellunopress.it\\\/2026\\\/05\\\/04\\\/via-feltre-e-il-verde-urbano-di-anacleto-boranga\\\/\",\"url\":\"https:\\\/\\\/www.bellunopress.it\\\/2026\\\/05\\\/04\\\/via-feltre-e-il-verde-urbano-di-anacleto-boranga\\\/\",\"name\":\"Via Feltre e il verde urbano * di Anacleto Boranga - Bellunopress - Dolomiti\",\"isPartOf\":{\"@id\":\"https:\\\/\\\/www.bellunopress.it\\\/#website\"},\"primaryImageOfPage\":{\"@id\":\"https:\\\/\\\/www.bellunopress.it\\\/2026\\\/05\\\/04\\\/via-feltre-e-il-verde-urbano-di-anacleto-boranga\\\/#primaryimage\"},\"image\":{\"@id\":\"https:\\\/\\\/www.bellunopress.it\\\/2026\\\/05\\\/04\\\/via-feltre-e-il-verde-urbano-di-anacleto-boranga\\\/#primaryimage\"},\"thumbnailUrl\":\"https:\\\/\\\/www.bellunopress.it\\\/wp-content\\\/uploads\\\/2026\\\/05\\\/Anacleto-Boranga.jpg\",\"datePublished\":\"2026-05-04T18:42:28+00:00\",\"breadcrumb\":{\"@id\":\"https:\\\/\\\/www.bellunopress.it\\\/2026\\\/05\\\/04\\\/via-feltre-e-il-verde-urbano-di-anacleto-boranga\\\/#breadcrumb\"},\"inLanguage\":\"fr-FR\",\"potentialAction\":[{\"@type\":\"ReadAction\",\"target\":[\"https:\\\/\\\/www.bellunopress.it\\\/2026\\\/05\\\/04\\\/via-feltre-e-il-verde-urbano-di-anacleto-boranga\\\/\"]}]},{\"@type\":\"ImageObject\",\"inLanguage\":\"fr-FR\",\"@id\":\"https:\\\/\\\/www.bellunopress.it\\\/2026\\\/05\\\/04\\\/via-feltre-e-il-verde-urbano-di-anacleto-boranga\\\/#primaryimage\",\"url\":\"https:\\\/\\\/www.bellunopress.it\\\/wp-content\\\/uploads\\\/2026\\\/05\\\/Anacleto-Boranga.jpg\",\"contentUrl\":\"https:\\\/\\\/www.bellunopress.it\\\/wp-content\\\/uploads\\\/2026\\\/05\\\/Anacleto-Boranga.jpg\",\"width\":500,\"height\":487,\"caption\":\"Anacleto Boranga\"},{\"@type\":\"BreadcrumbList\",\"@id\":\"https:\\\/\\\/www.bellunopress.it\\\/2026\\\/05\\\/04\\\/via-feltre-e-il-verde-urbano-di-anacleto-boranga\\\/#breadcrumb\",\"itemListElement\":[{\"@type\":\"ListItem\",\"position\":1,\"name\":\"Home\",\"item\":\"https:\\\/\\\/www.bellunopress.it\\\/\"},{\"@type\":\"ListItem\",\"position\":2,\"name\":\"Via Feltre e il verde urbano * di Anacleto Boranga\"}]},{\"@type\":\"WebSite\",\"@id\":\"https:\\\/\\\/www.bellunopress.it\\\/#website\",\"url\":\"https:\\\/\\\/www.bellunopress.it\\\/\",\"name\":\"Bellunopress - Dolomiti\",\"description\":\"e-mail: redazione@bellunopress.it\",\"publisher\":{\"@id\":\"https:\\\/\\\/www.bellunopress.it\\\/#organization\"},\"potentialAction\":[{\"@type\":\"SearchAction\",\"target\":{\"@type\":\"EntryPoint\",\"urlTemplate\":\"https:\\\/\\\/www.bellunopress.it\\\/?s={search_term_string}\"},\"query-input\":{\"@type\":\"PropertyValueSpecification\",\"valueRequired\":true,\"valueName\":\"search_term_string\"}}],\"inLanguage\":\"fr-FR\"},{\"@type\":\"Organization\",\"@id\":\"https:\\\/\\\/www.bellunopress.it\\\/#organization\",\"name\":\"Bellunopress\",\"url\":\"https:\\\/\\\/www.bellunopress.it\\\/\",\"logo\":{\"@type\":\"ImageObject\",\"inLanguage\":\"fr-FR\",\"@id\":\"https:\\\/\\\/www.bellunopress.it\\\/#\\\/schema\\\/logo\\\/image\\\/\",\"url\":\"https:\\\/\\\/www.bellunopress.it\\\/wp-content\\\/uploads\\\/2011\\\/05\\\/cropped-logo-bellunopress-.jpg\",\"contentUrl\":\"https:\\\/\\\/www.bellunopress.it\\\/wp-content\\\/uploads\\\/2011\\\/05\\\/cropped-logo-bellunopress-.jpg\",\"width\":512,\"height\":512,\"caption\":\"Bellunopress\"},\"image\":{\"@id\":\"https:\\\/\\\/www.bellunopress.it\\\/#\\\/schema\\\/logo\\\/image\\\/\"},\"sameAs\":[\"https:\\\/\\\/www.facebook.com\\\/profile.php?id=100008943462799\",\"https:\\\/\\\/x.com\\\/bellunopress\",\"https:\\\/\\\/www.linkedin.com\\\/hp\\\/?dnr=JBzUWaJfMUw8vbXJJ2tVW5-I3jZKvC4wsoxE&amp;amp;amp;amp;amp;amp;trk=nav_responsive_tab_home\",\"https:\\\/\\\/www.youtube.com\\\/channel\\\/UCxL0wu1uN0_3_7hGG0306cw\"]},{\"@type\":\"Person\",\"@id\":\"https:\\\/\\\/www.bellunopress.it\\\/#\\\/schema\\\/person\\\/79bb06722b37ece1c03d3e94beb30d73\",\"name\":\"redazione\",\"image\":{\"@type\":\"ImageObject\",\"inLanguage\":\"fr-FR\",\"@id\":\"https:\\\/\\\/secure.gravatar.com\\\/avatar\\\/37d968a2e67a6fd04c169c4bdef102d0bc5d31b2546345219e348575eb80e9a0?s=96&d=mm&r=g\",\"url\":\"https:\\\/\\\/secure.gravatar.com\\\/avatar\\\/37d968a2e67a6fd04c169c4bdef102d0bc5d31b2546345219e348575eb80e9a0?s=96&d=mm&r=g\",\"contentUrl\":\"https:\\\/\\\/secure.gravatar.com\\\/avatar\\\/37d968a2e67a6fd04c169c4bdef102d0bc5d31b2546345219e348575eb80e9a0?s=96&d=mm&r=g\",\"caption\":\"redazione\"},\"sameAs\":[\"http:\\\/\\\/www.bellunopress.it\",\"https:\\\/\\\/x.com\\\/bellunopress\"],\"url\":\"https:\\\/\\\/www.bellunopress.it\\\/fr\\\/author\\\/redazione\\\/\"}]}<\/script>\n<!-- \/ Yoast SEO plugin. -->","yoast_head_json":{"title":"Via Feltre e il verde urbano * di Anacleto Boranga - Bellunopress - Dolomiti","robots":{"index":"index","follow":"follow","max-snippet":"max-snippet:-1","max-image-preview":"max-image-preview:large","max-video-preview":"max-video-preview:-1"},"canonical":"https:\/\/www.bellunopress.it\/fr\/2026\/05\/04\/via-feltre-e-il-verde-urbano-di-anacleto-boranga\/","og_locale":"fr_FR","og_type":"article","og_title":"Via Feltre e il verde urbano * di Anacleto Boranga - Bellunopress - Dolomiti","og_description":"Belluno, 04\/05\/2026 &#8211; Il blog Dolomiti Belluno \u00e8 uscito in questi giorni sottolineando il serio problema della perdita di biodiversit\u00e0 a causa dell\u2019avanzata del bosco. Per questa emergenza \u00e8 intervenuto da tempo il Parco Nazionale Dolomiti Bellunesi e recentemente anche la Provincia di Belluno. Il problema non ha lasciato indifferenti le Associazioni Ambientali consapevoli della [&hellip;]","og_url":"https:\/\/www.bellunopress.it\/fr\/2026\/05\/04\/via-feltre-e-il-verde-urbano-di-anacleto-boranga\/","og_site_name":"Bellunopress - Dolomiti","article_publisher":"https:\/\/www.facebook.com\/profile.php?id=100008943462799","article_published_time":"2026-05-04T18:42:28+00:00","og_image":[{"width":500,"height":487,"url":"https:\/\/www.bellunopress.it\/wp-content\/uploads\/2026\/05\/Anacleto-Boranga.jpg","type":"image\/jpeg"}],"author":"redazione","twitter_card":"summary_large_image","twitter_creator":"@bellunopress","twitter_site":"@bellunopress","twitter_misc":{"Written by":"redazione","Est. reading time":"2 minutes"},"schema":{"@context":"https:\/\/schema.org","@graph":[{"@type":"Article","@id":"https:\/\/www.bellunopress.it\/2026\/05\/04\/via-feltre-e-il-verde-urbano-di-anacleto-boranga\/#article","isPartOf":{"@id":"https:\/\/www.bellunopress.it\/2026\/05\/04\/via-feltre-e-il-verde-urbano-di-anacleto-boranga\/"},"author":{"name":"redazione","@id":"https:\/\/www.bellunopress.it\/#\/schema\/person\/79bb06722b37ece1c03d3e94beb30d73"},"headline":"Via Feltre e il verde urbano * di Anacleto Boranga","datePublished":"2026-05-04T18:42:28+00:00","mainEntityOfPage":{"@id":"https:\/\/www.bellunopress.it\/2026\/05\/04\/via-feltre-e-il-verde-urbano-di-anacleto-boranga\/"},"wordCount":216,"publisher":{"@id":"https:\/\/www.bellunopress.it\/#organization"},"image":{"@id":"https:\/\/www.bellunopress.it\/2026\/05\/04\/via-feltre-e-il-verde-urbano-di-anacleto-boranga\/#primaryimage"},"thumbnailUrl":"https:\/\/www.bellunopress.it\/wp-content\/uploads\/2026\/05\/Anacleto-Boranga.jpg","articleSection":["Lettere Opinioni"],"inLanguage":"fr-FR"},{"@type":"WebPage","@id":"https:\/\/www.bellunopress.it\/2026\/05\/04\/via-feltre-e-il-verde-urbano-di-anacleto-boranga\/","url":"https:\/\/www.bellunopress.it\/2026\/05\/04\/via-feltre-e-il-verde-urbano-di-anacleto-boranga\/","name":"Via Feltre e il verde urbano * di Anacleto Boranga - Bellunopress - Dolomiti","isPartOf":{"@id":"https:\/\/www.bellunopress.it\/#website"},"primaryImageOfPage":{"@id":"https:\/\/www.bellunopress.it\/2026\/05\/04\/via-feltre-e-il-verde-urbano-di-anacleto-boranga\/#primaryimage"},"image":{"@id":"https:\/\/www.bellunopress.it\/2026\/05\/04\/via-feltre-e-il-verde-urbano-di-anacleto-boranga\/#primaryimage"},"thumbnailUrl":"https:\/\/www.bellunopress.it\/wp-content\/uploads\/2026\/05\/Anacleto-Boranga.jpg","datePublished":"2026-05-04T18:42:28+00:00","breadcrumb":{"@id":"https:\/\/www.bellunopress.it\/2026\/05\/04\/via-feltre-e-il-verde-urbano-di-anacleto-boranga\/#breadcrumb"},"inLanguage":"fr-FR","potentialAction":[{"@type":"ReadAction","target":["https:\/\/www.bellunopress.it\/2026\/05\/04\/via-feltre-e-il-verde-urbano-di-anacleto-boranga\/"]}]},{"@type":"ImageObject","inLanguage":"fr-FR","@id":"https:\/\/www.bellunopress.it\/2026\/05\/04\/via-feltre-e-il-verde-urbano-di-anacleto-boranga\/#primaryimage","url":"https:\/\/www.bellunopress.it\/wp-content\/uploads\/2026\/05\/Anacleto-Boranga.jpg","contentUrl":"https:\/\/www.bellunopress.it\/wp-content\/uploads\/2026\/05\/Anacleto-Boranga.jpg","width":500,"height":487,"caption":"Anacleto Boranga"},{"@type":"BreadcrumbList","@id":"https:\/\/www.bellunopress.it\/2026\/05\/04\/via-feltre-e-il-verde-urbano-di-anacleto-boranga\/#breadcrumb","itemListElement":[{"@type":"ListItem","position":1,"name":"Home","item":"https:\/\/www.bellunopress.it\/"},{"@type":"ListItem","position":2,"name":"Via Feltre e il verde urbano * di Anacleto Boranga"}]},{"@type":"WebSite","@id":"https:\/\/www.bellunopress.it\/#website","url":"https:\/\/www.bellunopress.it\/","name":"Bellunopress - Dolomiti","description":"e-mail: redazione@bellunopress.it","publisher":{"@id":"https:\/\/www.bellunopress.it\/#organization"},"potentialAction":[{"@type":"SearchAction","target":{"@type":"EntryPoint","urlTemplate":"https:\/\/www.bellunopress.it\/?s={search_term_string}"},"query-input":{"@type":"PropertyValueSpecification","valueRequired":true,"valueName":"search_term_string"}}],"inLanguage":"fr-FR"},{"@type":"Organization","@id":"https:\/\/www.bellunopress.it\/#organization","name":"Bellunopress","url":"https:\/\/www.bellunopress.it\/","logo":{"@type":"ImageObject","inLanguage":"fr-FR","@id":"https:\/\/www.bellunopress.it\/#\/schema\/logo\/image\/","url":"https:\/\/www.bellunopress.it\/wp-content\/uploads\/2011\/05\/cropped-logo-bellunopress-.jpg","contentUrl":"https:\/\/www.bellunopress.it\/wp-content\/uploads\/2011\/05\/cropped-logo-bellunopress-.jpg","width":512,"height":512,"caption":"Bellunopress"},"image":{"@id":"https:\/\/www.bellunopress.it\/#\/schema\/logo\/image\/"},"sameAs":["https:\/\/www.facebook.com\/profile.php?id=100008943462799","https:\/\/x.com\/bellunopress","https:\/\/www.linkedin.com\/hp\/?dnr=JBzUWaJfMUw8vbXJJ2tVW5-I3jZKvC4wsoxE&amp;amp;amp;amp;amp;amp;trk=nav_responsive_tab_home","https:\/\/www.youtube.com\/channel\/UCxL0wu1uN0_3_7hGG0306cw"]},{"@type":"Person","@id":"https:\/\/www.bellunopress.it\/#\/schema\/person\/79bb06722b37ece1c03d3e94beb30d73","name":"r\u00e9daction","image":{"@type":"ImageObject","inLanguage":"fr-FR","@id":"https:\/\/secure.gravatar.com\/avatar\/37d968a2e67a6fd04c169c4bdef102d0bc5d31b2546345219e348575eb80e9a0?s=96&d=mm&r=g","url":"https:\/\/secure.gravatar.com\/avatar\/37d968a2e67a6fd04c169c4bdef102d0bc5d31b2546345219e348575eb80e9a0?s=96&d=mm&r=g","contentUrl":"https:\/\/secure.gravatar.com\/avatar\/37d968a2e67a6fd04c169c4bdef102d0bc5d31b2546345219e348575eb80e9a0?s=96&d=mm&r=g","caption":"redazione"},"sameAs":["http:\/\/www.bellunopress.it","https:\/\/x.com\/bellunopress"],"url":"https:\/\/www.bellunopress.it\/fr\/author\/redazione\/"}]}},"_links":{"self":[{"href":"https:\/\/www.bellunopress.it\/fr\/wp-json\/wp\/v2\/posts\/169772","targetHints":{"allow":["GET"]}}],"collection":[{"href":"https:\/\/www.bellunopress.it\/fr\/wp-json\/wp\/v2\/posts"}],"about":[{"href":"https:\/\/www.bellunopress.it\/fr\/wp-json\/wp\/v2\/types\/post"}],"author":[{"embeddable":true,"href":"https:\/\/www.bellunopress.it\/fr\/wp-json\/wp\/v2\/users\/2"}],"replies":[{"embeddable":true,"href":"https:\/\/www.bellunopress.it\/fr\/wp-json\/wp\/v2\/comments?post=169772"}],"version-history":[{"count":1,"href":"https:\/\/www.bellunopress.it\/fr\/wp-json\/wp\/v2\/posts\/169772\/revisions"}],"predecessor-version":[{"id":169774,"href":"https:\/\/www.bellunopress.it\/fr\/wp-json\/wp\/v2\/posts\/169772\/revisions\/169774"}],"wp:featuredmedia":[{"embeddable":true,"href":"https:\/\/www.bellunopress.it\/fr\/wp-json\/wp\/v2\/media\/169773"}],"wp:attachment":[{"href":"https:\/\/www.bellunopress.it\/fr\/wp-json\/wp\/v2\/media?parent=169772"}],"wp:term":[{"taxonomy":"category","embeddable":true,"href":"https:\/\/www.bellunopress.it\/fr\/wp-json\/wp\/v2\/categories?post=169772"},{"taxonomy":"post_tag","embeddable":true,"href":"https:\/\/www.bellunopress.it\/fr\/wp-json\/wp\/v2\/tags?post=169772"}],"curies":[{"name":"wp","href":"https:\/\/api.w.org\/{rel}","templated":true}]}}