{"id":169769,"date":"2026-05-04T20:08:04","date_gmt":"2026-05-04T18:08:04","guid":{"rendered":"https:\/\/www.bellunopress.it\/?p=169769"},"modified":"2026-05-04T20:08:04","modified_gmt":"2026-05-04T18:08:04","slug":"belluno-investe-su-formazione-e-turismo-its-academy-turismo-veneto-inaugura-nuovi-spazi-e-guarda-al-dopo-olimpiadi","status":"publish","type":"post","link":"https:\/\/www.bellunopress.it\/fr\/2026\/05\/04\/belluno-investe-su-formazione-e-turismo-its-academy-turismo-veneto-inaugura-nuovi-spazi-e-guarda-al-dopo-olimpiadi\/","title":{"rendered":"Belluno investe su formazione e turismo. ITS Academy Turismo Veneto inaugura nuovi spazi e guarda al dopo Olimpiadi"},"content":{"rendered":"<p>Belluno, 4 maggio 2026 \u2013 Formazione, esperienze concrete e connessione diretta con il mondo del lavoro: sono questi i pilastri al centro della presentazione promossa da ITS Academy Turismo Veneto e Camera di Commercio di Treviso \u2013 Belluno | Dolomiti.<\/p>\n<p>Nel corso dell\u2019incontro odiereno nella sede della Camera di Commercio di Belluno, sono stati presentati i percorsi formativi dell\u2019Academy e inaugurati i nuovi spazi didattici della sede camerale, pensati per accompagnare una formazione sempre pi\u00f9 orientata alle competenze richieste dal mercato turistico.<\/p>\n<p>\u201cCon orgoglio all\u2019Assemblea nazionale di Unioncamere a Roma, &#8211; ha detto Mario Pozza, presidente della Camera di Commercio di Treviso\u2013Belluno Dolomiti &#8211;\u00a0 ho ascoltato i numeri in forte crescita degli iscritti agli ITS. Un segnale che non \u00e8 frutto del caso, ma di un lavoro corale, costruito con metodo e visione a livello nazionale. La Camera di Commercio di Treviso-Belluno | Dolomiti \u00e8 parte attiva di questo sistema: crediamo nella formazione come leva di sviluppo del territorio, e quella convinzione si traduce in scelte concrete. Abbiamo investito in questi anni nelle borse di studio, nella creazione di nuove aule multimediali, spazi didattici moderni e accoglienti, aree di socialit\u00e0 e benessere, dai giardini agli spazi comuni, perch\u00e9 una formazione ambiziosa non pu\u00f2 prescindere da ambienti che ne sostengano la qualit\u00e0 e ne amplifichino il valore. Sono moderni, multifunzionali e progettati per rispondere alle esigenze di chi apprende e di chi insegna. Il turismo non \u00e8 solo un settore: \u00e8 la cifra identitaria dell\u2019economia italiana. Investire su chi lo far\u00e0 crescere, accogliendolo in spazi che parlano gi\u00e0 il linguaggio dell\u2019eccellenza, \u00e8 la scommessa pi\u00f9 concreta che possiamo vincere insieme\u201d<\/p>\n<p>\u201cL\u2019ITS Academy Turismo Veneto &#8211; ha detto Massimiliano Schiavon, presidente ITS Academy Turismo Veneto &#8211; rappresenta oggi una delle leve pi\u00f9 concrete su cui il nostro territorio pu\u00f2 contare per costruire futuro. Non parliamo solo di formazione, ma di una scelta strategica: mettere i giovani nelle condizioni di essere protagonisti del cambiamento, con competenze solide e immediatamente spendibili nel mondo del lavoro. In un contesto come quello del turismo veneto, che vive di eccellenze ma anche di grandi trasformazioni, investire sulla formazione significa investire sulla tenuta e sulla crescita del territorio. E lo abbiamo visto chiaramente anche nell\u2019esperienza legata al percorso verso Milano\u2013Cortina 2026: i ragazzi non sono stati semplici osservatori, ma parte attiva di un sistema complesso, fatto di responsabilit\u00e0, relazioni e lavoro vero. \u2013 aggiunge inoltre &#8211; Quella olimpica non \u00e8 stata solo una stagione di visibilit\u00e0 internazionale, ma un passaggio che ha lasciato un segno profondo. Un\u2019eredit\u00e0 che non si misura soltanto negli eventi, ma nelle competenze che restano, nei giovani che crescono e nelle imprese che possono contare su nuove energie qualificate. \u00c8 qui che si gioca la vera sfida: trasformare un\u2019occasione straordinaria in valore duraturo per le nostre comunit\u00e0<\/p>\n<p><strong>Formazione ITS: competenze, esperienza e occupazione<\/strong><br \/>\nAl centro della presentazione il Master \u201cDolomiti Tourism Marketing &amp; Communication\u201d, attivo da ottobre 2023 e oggi punto di riferimento per la formazione nel turismo di montagna.<br \/>\nSi tratta di un percorso di formazione tecnologica superiore, alternativo all\u2019universit\u00e0 e progettato insieme alle imprese, con l\u2019obiettivo di formare figure professionali immediatamente operative.<br \/>\nIl modello didattico si basa su un approccio pratico e applicativo. Il 60% delle attivit\u00e0 comprende lezioni in aula, arricchite da esercitazioni, project work, simulazioni e collaborazione con aziende, per favorire l\u2019apprendimento attivo. Il restante 40% \u00e8 dedicato allo stage, anche all\u2019estero grazie al programma Erasmus+.<br \/>\nIl percorso si inserisce nell\u2019offerta di ITS Academy Turismo Veneto, che conta oggi circa 400 studenti in formazione e oltre un migliaio di diplomati, con un tasso di occupazione complessivo superiore al 90% in ambiti coerenti con il percorso di studi.<\/p>\n<p><strong>Esperienze sul campo: vivere i grandi eventi<\/strong><br \/>\nDietro un grande evento ci sono persone, responsabilit\u00e0, collaborazione ed emozioni. Un aspetto che gli studenti del secondo anno hanno potuto vivere in prima persona attraverso un\u2019esperienza di stage unica.<br \/>\nNel percorso di avvicinamento alle Olimpiadi e le Paralimpiadi di Milano Cortina 2026, gli studenti sono stati coinvolti nelle attivit\u00e0 del Cortina Dolomiti Lounge, in collaborazione con Fondazione Cortina.<br \/>\nUn\u2019esperienza immersiva che li ha visti operare all\u2019interno dei team:<br \/>\n\u2022 hospitality, per la gestione dell\u2019accoglienza<br \/>\n\u2022 sponsorship, per il coordinamento con partner e sponsor<br \/>\n\u2022 comunicazione, per il racconto e la valorizzazione dell\u2019evento<br \/>\nUn\u2019opportunit\u00e0 concreta per entrare nel \u201cdietro le quinte\u201d di un grande evento internazionale, comprendendone dinamiche, complessit\u00e0 e responsabilit\u00e0.<\/p>\n<p><strong>Olimpiadi e territorio: un\u2019eredit\u00e0 che continua<\/strong><br \/>\nLe Olimpiadi hanno rappresentato un momento di visibilit\u00e0 globale per il territorio, ma anche un acceleratore di competenze.<br \/>\nIl Master ha integrato attivit\u00e0 legate ai grandi eventi anche nell\u2019ambito dell\u2019Education Programme Gen26 di Fondazione Milano Cortina 2026 , offrendo agli studenti la possibilit\u00e0 di partecipare attivamente al percorso olimpico.<br \/>\nTra i momenti simbolici, il passaggio della torcia olimpica a Belluno ha rappresentato un segno tangibile di continuit\u00e0 tra evento e territorio: un passaggio ideale di testimone tra generazioni, in cui i nostri corsisti sono stati selezionati come tedofori, rappresentando attivamente il coinvolgimento dei giovani nella costruzione del futuro turistico locale.<br \/>\nCollaborazioni e sistema territoriale<br \/>\nIl percorso nasce e si sviluppa grazie al coinvolgimento diretto del sistema economico locale, con il supporto della Camera di Commercio di Treviso-Belluno | Dolomiti (CCIAA), di Confcommercio Belluno e di Confindustria Belluno Dolomiti, oltre al contributo della DMO Dolomiti Belluno. Questi soggetti hanno sostenuto l\u2019avvio dell\u2019iniziativa e ne accompagnano l\u2019evoluzione nel tempo.<br \/>\nA questa solida base territoriale si affianca una rete di collaborazioni strategiche con realt\u00e0 di primo piano, tra cui la Fondazione Cortina e il programma Education Gen26 della Fondazione Milano Cortina 2026, che arricchiscono il percorso con esperienze altamente professionalizzanti e opportunit\u00e0 legate ai grandi eventi.<\/p>\n<p><strong>Iscrizioni aperte<\/strong><br \/>\nI percorsi ITS sono finanziati dal Ministero dell\u2019Istruzione e del Merito nell\u2019ambito del PNRR \u2013 NextGenerationEU e dalla Regione del Veneto. Sono previste borse di studio.<br \/>\nLe selezioni si terranno il 9, 10, 16 e 17 luglio presso il campus della Fondazione a Jesolo.<br \/>\nInformazioni e candidature: www.itsturismo.it\/iscrizioni<\/p>\n<p>&nbsp;<\/p>","protected":false},"excerpt":{"rendered":"<p>Belluno, 4 maggio 2026 \u2013 Formazione, esperienze concrete e connessione diretta con il mondo del lavoro: sono questi i pilastri al centro della presentazione promossa da ITS Academy Turismo Veneto e Camera di Commercio di Treviso \u2013 Belluno | Dolomiti. Nel corso dell\u2019incontro odiereno nella sede della Camera di Commercio di Belluno, sono stati presentati [&hellip;]<\/p>\n","protected":false},"author":2,"featured_media":169770,"comment_status":"closed","ping_status":"open","sticky":false,"template":"","format":"standard","meta":{"footnotes":""},"categories":[36,26],"tags":[],"class_list":["post-169769","post","type-post","status-publish","format-standard","has-post-thumbnail","category-lavoro-economia","category-prima-pagina"],"yoast_head":"<!-- This site is optimized with the Yoast SEO plugin v28.4 - https:\/\/yoast.com\/product\/yoast-seo-wordpress\/ -->\n<title>Belluno investe su formazione e turismo. ITS Academy Turismo Veneto inaugura nuovi spazi e guarda al dopo Olimpiadi - Bellunopress - Dolomiti<\/title>\n<meta name=\"robots\" content=\"index, follow, max-snippet:-1, max-image-preview:large, max-video-preview:-1\" \/>\n<link rel=\"canonical\" href=\"https:\/\/www.bellunopress.it\/fr\/2026\/05\/04\/belluno-investe-su-formazione-e-turismo-its-academy-turismo-veneto-inaugura-nuovi-spazi-e-guarda-al-dopo-olimpiadi\/\" \/>\n<meta property=\"og:locale\" content=\"fr_FR\" \/>\n<meta property=\"og:type\" content=\"article\" \/>\n<meta property=\"og:title\" content=\"Belluno investe su formazione e turismo. ITS Academy Turismo Veneto inaugura nuovi spazi e guarda al dopo Olimpiadi - Bellunopress - Dolomiti\" \/>\n<meta property=\"og:description\" content=\"Belluno, 4 maggio 2026 \u2013 Formazione, esperienze concrete e connessione diretta con il mondo del lavoro: sono questi i pilastri al centro della presentazione promossa da ITS Academy Turismo Veneto e Camera di Commercio di Treviso \u2013 Belluno | Dolomiti. Nel corso dell\u2019incontro odiereno nella sede della Camera di Commercio di Belluno, sono stati presentati [&hellip;]\" \/>\n<meta property=\"og:url\" content=\"https:\/\/www.bellunopress.it\/fr\/2026\/05\/04\/belluno-investe-su-formazione-e-turismo-its-academy-turismo-veneto-inaugura-nuovi-spazi-e-guarda-al-dopo-olimpiadi\/\" \/>\n<meta property=\"og:site_name\" content=\"Bellunopress - Dolomiti\" \/>\n<meta property=\"article:publisher\" content=\"https:\/\/www.facebook.com\/profile.php?id=100008943462799\" \/>\n<meta property=\"article:published_time\" content=\"2026-05-04T18:08:04+00:00\" \/>\n<meta property=\"og:image\" content=\"https:\/\/www.bellunopress.it\/wp-content\/uploads\/2026\/05\/Dolomiti-Tourism-Camera-Commercio.jpg\" \/>\n\t<meta property=\"og:image:width\" content=\"375\" \/>\n\t<meta property=\"og:image:height\" content=\"500\" \/>\n\t<meta property=\"og:image:type\" content=\"image\/jpeg\" \/>\n<meta name=\"author\" content=\"redazione\" \/>\n<meta name=\"twitter:card\" content=\"summary_large_image\" \/>\n<meta name=\"twitter:creator\" content=\"@bellunopress\" \/>\n<meta name=\"twitter:site\" content=\"@bellunopress\" \/>\n<meta name=\"twitter:label1\" content=\"\u00c9crit par\" \/>\n\t<meta name=\"twitter:data1\" content=\"redazione\" \/>\n\t<meta name=\"twitter:label2\" content=\"Dur\u00e9e de lecture estim\u00e9e\" \/>\n\t<meta name=\"twitter:data2\" content=\"6 minutes\" \/>\n<script type=\"application\/ld+json\" class=\"yoast-schema-graph\">{\"@context\":\"https:\\\/\\\/schema.org\",\"@graph\":[{\"@type\":\"Article\",\"@id\":\"https:\\\/\\\/www.bellunopress.it\\\/2026\\\/05\\\/04\\\/belluno-investe-su-formazione-e-turismo-its-academy-turismo-veneto-inaugura-nuovi-spazi-e-guarda-al-dopo-olimpiadi\\\/#article\",\"isPartOf\":{\"@id\":\"https:\\\/\\\/www.bellunopress.it\\\/2026\\\/05\\\/04\\\/belluno-investe-su-formazione-e-turismo-its-academy-turismo-veneto-inaugura-nuovi-spazi-e-guarda-al-dopo-olimpiadi\\\/\"},\"author\":{\"name\":\"redazione\",\"@id\":\"https:\\\/\\\/www.bellunopress.it\\\/#\\\/schema\\\/person\\\/79bb06722b37ece1c03d3e94beb30d73\"},\"headline\":\"Belluno investe su formazione e turismo. ITS Academy Turismo Veneto inaugura nuovi spazi e guarda al dopo Olimpiadi\",\"datePublished\":\"2026-05-04T18:08:04+00:00\",\"mainEntityOfPage\":{\"@id\":\"https:\\\/\\\/www.bellunopress.it\\\/2026\\\/05\\\/04\\\/belluno-investe-su-formazione-e-turismo-its-academy-turismo-veneto-inaugura-nuovi-spazi-e-guarda-al-dopo-olimpiadi\\\/\"},\"wordCount\":1002,\"publisher\":{\"@id\":\"https:\\\/\\\/www.bellunopress.it\\\/#organization\"},\"image\":{\"@id\":\"https:\\\/\\\/www.bellunopress.it\\\/2026\\\/05\\\/04\\\/belluno-investe-su-formazione-e-turismo-its-academy-turismo-veneto-inaugura-nuovi-spazi-e-guarda-al-dopo-olimpiadi\\\/#primaryimage\"},\"thumbnailUrl\":\"https:\\\/\\\/www.bellunopress.it\\\/wp-content\\\/uploads\\\/2026\\\/05\\\/Dolomiti-Tourism-Camera-Commercio.jpg\",\"articleSection\":[\"Lavoro, Economia, Turismo\",\"Prima Pagina\"],\"inLanguage\":\"fr-FR\"},{\"@type\":\"WebPage\",\"@id\":\"https:\\\/\\\/www.bellunopress.it\\\/2026\\\/05\\\/04\\\/belluno-investe-su-formazione-e-turismo-its-academy-turismo-veneto-inaugura-nuovi-spazi-e-guarda-al-dopo-olimpiadi\\\/\",\"url\":\"https:\\\/\\\/www.bellunopress.it\\\/2026\\\/05\\\/04\\\/belluno-investe-su-formazione-e-turismo-its-academy-turismo-veneto-inaugura-nuovi-spazi-e-guarda-al-dopo-olimpiadi\\\/\",\"name\":\"Belluno investe su formazione e turismo. ITS Academy Turismo Veneto inaugura nuovi spazi e guarda al dopo Olimpiadi - Bellunopress - Dolomiti\",\"isPartOf\":{\"@id\":\"https:\\\/\\\/www.bellunopress.it\\\/#website\"},\"primaryImageOfPage\":{\"@id\":\"https:\\\/\\\/www.bellunopress.it\\\/2026\\\/05\\\/04\\\/belluno-investe-su-formazione-e-turismo-its-academy-turismo-veneto-inaugura-nuovi-spazi-e-guarda-al-dopo-olimpiadi\\\/#primaryimage\"},\"image\":{\"@id\":\"https:\\\/\\\/www.bellunopress.it\\\/2026\\\/05\\\/04\\\/belluno-investe-su-formazione-e-turismo-its-academy-turismo-veneto-inaugura-nuovi-spazi-e-guarda-al-dopo-olimpiadi\\\/#primaryimage\"},\"thumbnailUrl\":\"https:\\\/\\\/www.bellunopress.it\\\/wp-content\\\/uploads\\\/2026\\\/05\\\/Dolomiti-Tourism-Camera-Commercio.jpg\",\"datePublished\":\"2026-05-04T18:08:04+00:00\",\"breadcrumb\":{\"@id\":\"https:\\\/\\\/www.bellunopress.it\\\/2026\\\/05\\\/04\\\/belluno-investe-su-formazione-e-turismo-its-academy-turismo-veneto-inaugura-nuovi-spazi-e-guarda-al-dopo-olimpiadi\\\/#breadcrumb\"},\"inLanguage\":\"fr-FR\",\"potentialAction\":[{\"@type\":\"ReadAction\",\"target\":[\"https:\\\/\\\/www.bellunopress.it\\\/2026\\\/05\\\/04\\\/belluno-investe-su-formazione-e-turismo-its-academy-turismo-veneto-inaugura-nuovi-spazi-e-guarda-al-dopo-olimpiadi\\\/\"]}]},{\"@type\":\"ImageObject\",\"inLanguage\":\"fr-FR\",\"@id\":\"https:\\\/\\\/www.bellunopress.it\\\/2026\\\/05\\\/04\\\/belluno-investe-su-formazione-e-turismo-its-academy-turismo-veneto-inaugura-nuovi-spazi-e-guarda-al-dopo-olimpiadi\\\/#primaryimage\",\"url\":\"https:\\\/\\\/www.bellunopress.it\\\/wp-content\\\/uploads\\\/2026\\\/05\\\/Dolomiti-Tourism-Camera-Commercio.jpg\",\"contentUrl\":\"https:\\\/\\\/www.bellunopress.it\\\/wp-content\\\/uploads\\\/2026\\\/05\\\/Dolomiti-Tourism-Camera-Commercio.jpg\",\"width\":375,\"height\":500},{\"@type\":\"BreadcrumbList\",\"@id\":\"https:\\\/\\\/www.bellunopress.it\\\/2026\\\/05\\\/04\\\/belluno-investe-su-formazione-e-turismo-its-academy-turismo-veneto-inaugura-nuovi-spazi-e-guarda-al-dopo-olimpiadi\\\/#breadcrumb\",\"itemListElement\":[{\"@type\":\"ListItem\",\"position\":1,\"name\":\"Home\",\"item\":\"https:\\\/\\\/www.bellunopress.it\\\/\"},{\"@type\":\"ListItem\",\"position\":2,\"name\":\"Belluno investe su formazione e turismo. ITS Academy Turismo Veneto inaugura nuovi spazi e guarda al dopo Olimpiadi\"}]},{\"@type\":\"WebSite\",\"@id\":\"https:\\\/\\\/www.bellunopress.it\\\/#website\",\"url\":\"https:\\\/\\\/www.bellunopress.it\\\/\",\"name\":\"Bellunopress - Dolomiti\",\"description\":\"e-mail: redazione@bellunopress.it\",\"publisher\":{\"@id\":\"https:\\\/\\\/www.bellunopress.it\\\/#organization\"},\"potentialAction\":[{\"@type\":\"SearchAction\",\"target\":{\"@type\":\"EntryPoint\",\"urlTemplate\":\"https:\\\/\\\/www.bellunopress.it\\\/?s={search_term_string}\"},\"query-input\":{\"@type\":\"PropertyValueSpecification\",\"valueRequired\":true,\"valueName\":\"search_term_string\"}}],\"inLanguage\":\"fr-FR\"},{\"@type\":\"Organization\",\"@id\":\"https:\\\/\\\/www.bellunopress.it\\\/#organization\",\"name\":\"Bellunopress\",\"url\":\"https:\\\/\\\/www.bellunopress.it\\\/\",\"logo\":{\"@type\":\"ImageObject\",\"inLanguage\":\"fr-FR\",\"@id\":\"https:\\\/\\\/www.bellunopress.it\\\/#\\\/schema\\\/logo\\\/image\\\/\",\"url\":\"https:\\\/\\\/www.bellunopress.it\\\/wp-content\\\/uploads\\\/2011\\\/05\\\/cropped-logo-bellunopress-.jpg\",\"contentUrl\":\"https:\\\/\\\/www.bellunopress.it\\\/wp-content\\\/uploads\\\/2011\\\/05\\\/cropped-logo-bellunopress-.jpg\",\"width\":512,\"height\":512,\"caption\":\"Bellunopress\"},\"image\":{\"@id\":\"https:\\\/\\\/www.bellunopress.it\\\/#\\\/schema\\\/logo\\\/image\\\/\"},\"sameAs\":[\"https:\\\/\\\/www.facebook.com\\\/profile.php?id=100008943462799\",\"https:\\\/\\\/x.com\\\/bellunopress\",\"https:\\\/\\\/www.linkedin.com\\\/hp\\\/?dnr=JBzUWaJfMUw8vbXJJ2tVW5-I3jZKvC4wsoxE&amp;amp;amp;amp;amp;amp;trk=nav_responsive_tab_home\",\"https:\\\/\\\/www.youtube.com\\\/channel\\\/UCxL0wu1uN0_3_7hGG0306cw\"]},{\"@type\":\"Person\",\"@id\":\"https:\\\/\\\/www.bellunopress.it\\\/#\\\/schema\\\/person\\\/79bb06722b37ece1c03d3e94beb30d73\",\"name\":\"redazione\",\"image\":{\"@type\":\"ImageObject\",\"inLanguage\":\"fr-FR\",\"@id\":\"https:\\\/\\\/secure.gravatar.com\\\/avatar\\\/37d968a2e67a6fd04c169c4bdef102d0bc5d31b2546345219e348575eb80e9a0?s=96&d=mm&r=g\",\"url\":\"https:\\\/\\\/secure.gravatar.com\\\/avatar\\\/37d968a2e67a6fd04c169c4bdef102d0bc5d31b2546345219e348575eb80e9a0?s=96&d=mm&r=g\",\"contentUrl\":\"https:\\\/\\\/secure.gravatar.com\\\/avatar\\\/37d968a2e67a6fd04c169c4bdef102d0bc5d31b2546345219e348575eb80e9a0?s=96&d=mm&r=g\",\"caption\":\"redazione\"},\"sameAs\":[\"http:\\\/\\\/www.bellunopress.it\",\"https:\\\/\\\/x.com\\\/bellunopress\"],\"url\":\"https:\\\/\\\/www.bellunopress.it\\\/fr\\\/author\\\/redazione\\\/\"}]}<\/script>\n<!-- \/ Yoast SEO plugin. -->","yoast_head_json":{"title":"Belluno investe su formazione e turismo. ITS Academy Turismo Veneto inaugura nuovi spazi e guarda al dopo Olimpiadi - Bellunopress - Dolomiti","robots":{"index":"index","follow":"follow","max-snippet":"max-snippet:-1","max-image-preview":"max-image-preview:large","max-video-preview":"max-video-preview:-1"},"canonical":"https:\/\/www.bellunopress.it\/fr\/2026\/05\/04\/belluno-investe-su-formazione-e-turismo-its-academy-turismo-veneto-inaugura-nuovi-spazi-e-guarda-al-dopo-olimpiadi\/","og_locale":"fr_FR","og_type":"article","og_title":"Belluno investe su formazione e turismo. ITS Academy Turismo Veneto inaugura nuovi spazi e guarda al dopo Olimpiadi - Bellunopress - Dolomiti","og_description":"Belluno, 4 maggio 2026 \u2013 Formazione, esperienze concrete e connessione diretta con il mondo del lavoro: sono questi i pilastri al centro della presentazione promossa da ITS Academy Turismo Veneto e Camera di Commercio di Treviso \u2013 Belluno | Dolomiti. Nel corso dell\u2019incontro odiereno nella sede della Camera di Commercio di Belluno, sono stati presentati [&hellip;]","og_url":"https:\/\/www.bellunopress.it\/fr\/2026\/05\/04\/belluno-investe-su-formazione-e-turismo-its-academy-turismo-veneto-inaugura-nuovi-spazi-e-guarda-al-dopo-olimpiadi\/","og_site_name":"Bellunopress - Dolomiti","article_publisher":"https:\/\/www.facebook.com\/profile.php?id=100008943462799","article_published_time":"2026-05-04T18:08:04+00:00","og_image":[{"width":375,"height":500,"url":"https:\/\/www.bellunopress.it\/wp-content\/uploads\/2026\/05\/Dolomiti-Tourism-Camera-Commercio.jpg","type":"image\/jpeg"}],"author":"redazione","twitter_card":"summary_large_image","twitter_creator":"@bellunopress","twitter_site":"@bellunopress","twitter_misc":{"\u00c9crit par":"redazione","Dur\u00e9e de lecture estim\u00e9e":"6 minutes"},"schema":{"@context":"https:\/\/schema.org","@graph":[{"@type":"Article","@id":"https:\/\/www.bellunopress.it\/2026\/05\/04\/belluno-investe-su-formazione-e-turismo-its-academy-turismo-veneto-inaugura-nuovi-spazi-e-guarda-al-dopo-olimpiadi\/#article","isPartOf":{"@id":"https:\/\/www.bellunopress.it\/2026\/05\/04\/belluno-investe-su-formazione-e-turismo-its-academy-turismo-veneto-inaugura-nuovi-spazi-e-guarda-al-dopo-olimpiadi\/"},"author":{"name":"redazione","@id":"https:\/\/www.bellunopress.it\/#\/schema\/person\/79bb06722b37ece1c03d3e94beb30d73"},"headline":"Belluno investe su formazione e turismo. ITS Academy Turismo Veneto inaugura nuovi spazi e guarda al dopo Olimpiadi","datePublished":"2026-05-04T18:08:04+00:00","mainEntityOfPage":{"@id":"https:\/\/www.bellunopress.it\/2026\/05\/04\/belluno-investe-su-formazione-e-turismo-its-academy-turismo-veneto-inaugura-nuovi-spazi-e-guarda-al-dopo-olimpiadi\/"},"wordCount":1002,"publisher":{"@id":"https:\/\/www.bellunopress.it\/#organization"},"image":{"@id":"https:\/\/www.bellunopress.it\/2026\/05\/04\/belluno-investe-su-formazione-e-turismo-its-academy-turismo-veneto-inaugura-nuovi-spazi-e-guarda-al-dopo-olimpiadi\/#primaryimage"},"thumbnailUrl":"https:\/\/www.bellunopress.it\/wp-content\/uploads\/2026\/05\/Dolomiti-Tourism-Camera-Commercio.jpg","articleSection":["Lavoro, Economia, Turismo","Prima Pagina"],"inLanguage":"fr-FR"},{"@type":"WebPage","@id":"https:\/\/www.bellunopress.it\/2026\/05\/04\/belluno-investe-su-formazione-e-turismo-its-academy-turismo-veneto-inaugura-nuovi-spazi-e-guarda-al-dopo-olimpiadi\/","url":"https:\/\/www.bellunopress.it\/2026\/05\/04\/belluno-investe-su-formazione-e-turismo-its-academy-turismo-veneto-inaugura-nuovi-spazi-e-guarda-al-dopo-olimpiadi\/","name":"Belluno investe su formazione e turismo. ITS Academy Turismo Veneto inaugura nuovi spazi e guarda al dopo Olimpiadi - Bellunopress - Dolomiti","isPartOf":{"@id":"https:\/\/www.bellunopress.it\/#website"},"primaryImageOfPage":{"@id":"https:\/\/www.bellunopress.it\/2026\/05\/04\/belluno-investe-su-formazione-e-turismo-its-academy-turismo-veneto-inaugura-nuovi-spazi-e-guarda-al-dopo-olimpiadi\/#primaryimage"},"image":{"@id":"https:\/\/www.bellunopress.it\/2026\/05\/04\/belluno-investe-su-formazione-e-turismo-its-academy-turismo-veneto-inaugura-nuovi-spazi-e-guarda-al-dopo-olimpiadi\/#primaryimage"},"thumbnailUrl":"https:\/\/www.bellunopress.it\/wp-content\/uploads\/2026\/05\/Dolomiti-Tourism-Camera-Commercio.jpg","datePublished":"2026-05-04T18:08:04+00:00","breadcrumb":{"@id":"https:\/\/www.bellunopress.it\/2026\/05\/04\/belluno-investe-su-formazione-e-turismo-its-academy-turismo-veneto-inaugura-nuovi-spazi-e-guarda-al-dopo-olimpiadi\/#breadcrumb"},"inLanguage":"fr-FR","potentialAction":[{"@type":"ReadAction","target":["https:\/\/www.bellunopress.it\/2026\/05\/04\/belluno-investe-su-formazione-e-turismo-its-academy-turismo-veneto-inaugura-nuovi-spazi-e-guarda-al-dopo-olimpiadi\/"]}]},{"@type":"ImageObject","inLanguage":"fr-FR","@id":"https:\/\/www.bellunopress.it\/2026\/05\/04\/belluno-investe-su-formazione-e-turismo-its-academy-turismo-veneto-inaugura-nuovi-spazi-e-guarda-al-dopo-olimpiadi\/#primaryimage","url":"https:\/\/www.bellunopress.it\/wp-content\/uploads\/2026\/05\/Dolomiti-Tourism-Camera-Commercio.jpg","contentUrl":"https:\/\/www.bellunopress.it\/wp-content\/uploads\/2026\/05\/Dolomiti-Tourism-Camera-Commercio.jpg","width":375,"height":500},{"@type":"BreadcrumbList","@id":"https:\/\/www.bellunopress.it\/2026\/05\/04\/belluno-investe-su-formazione-e-turismo-its-academy-turismo-veneto-inaugura-nuovi-spazi-e-guarda-al-dopo-olimpiadi\/#breadcrumb","itemListElement":[{"@type":"ListItem","position":1,"name":"Home","item":"https:\/\/www.bellunopress.it\/"},{"@type":"ListItem","position":2,"name":"Belluno investe su formazione e turismo. ITS Academy Turismo Veneto inaugura nuovi spazi e guarda al dopo Olimpiadi"}]},{"@type":"WebSite","@id":"https:\/\/www.bellunopress.it\/#website","url":"https:\/\/www.bellunopress.it\/","name":"Bellunopress - Dolomiti","description":"e-mail: redazione@bellunopress.it","publisher":{"@id":"https:\/\/www.bellunopress.it\/#organization"},"potentialAction":[{"@type":"SearchAction","target":{"@type":"EntryPoint","urlTemplate":"https:\/\/www.bellunopress.it\/?s={search_term_string}"},"query-input":{"@type":"PropertyValueSpecification","valueRequired":true,"valueName":"search_term_string"}}],"inLanguage":"fr-FR"},{"@type":"Organization","@id":"https:\/\/www.bellunopress.it\/#organization","name":"Bellunopress","url":"https:\/\/www.bellunopress.it\/","logo":{"@type":"ImageObject","inLanguage":"fr-FR","@id":"https:\/\/www.bellunopress.it\/#\/schema\/logo\/image\/","url":"https:\/\/www.bellunopress.it\/wp-content\/uploads\/2011\/05\/cropped-logo-bellunopress-.jpg","contentUrl":"https:\/\/www.bellunopress.it\/wp-content\/uploads\/2011\/05\/cropped-logo-bellunopress-.jpg","width":512,"height":512,"caption":"Bellunopress"},"image":{"@id":"https:\/\/www.bellunopress.it\/#\/schema\/logo\/image\/"},"sameAs":["https:\/\/www.facebook.com\/profile.php?id=100008943462799","https:\/\/x.com\/bellunopress","https:\/\/www.linkedin.com\/hp\/?dnr=JBzUWaJfMUw8vbXJJ2tVW5-I3jZKvC4wsoxE&amp;amp;amp;amp;amp;amp;trk=nav_responsive_tab_home","https:\/\/www.youtube.com\/channel\/UCxL0wu1uN0_3_7hGG0306cw"]},{"@type":"Person","@id":"https:\/\/www.bellunopress.it\/#\/schema\/person\/79bb06722b37ece1c03d3e94beb30d73","name":"r\u00e9daction","image":{"@type":"ImageObject","inLanguage":"fr-FR","@id":"https:\/\/secure.gravatar.com\/avatar\/37d968a2e67a6fd04c169c4bdef102d0bc5d31b2546345219e348575eb80e9a0?s=96&d=mm&r=g","url":"https:\/\/secure.gravatar.com\/avatar\/37d968a2e67a6fd04c169c4bdef102d0bc5d31b2546345219e348575eb80e9a0?s=96&d=mm&r=g","contentUrl":"https:\/\/secure.gravatar.com\/avatar\/37d968a2e67a6fd04c169c4bdef102d0bc5d31b2546345219e348575eb80e9a0?s=96&d=mm&r=g","caption":"redazione"},"sameAs":["http:\/\/www.bellunopress.it","https:\/\/x.com\/bellunopress"],"url":"https:\/\/www.bellunopress.it\/fr\/author\/redazione\/"}]}},"_links":{"self":[{"href":"https:\/\/www.bellunopress.it\/fr\/wp-json\/wp\/v2\/posts\/169769","targetHints":{"allow":["GET"]}}],"collection":[{"href":"https:\/\/www.bellunopress.it\/fr\/wp-json\/wp\/v2\/posts"}],"about":[{"href":"https:\/\/www.bellunopress.it\/fr\/wp-json\/wp\/v2\/types\/post"}],"author":[{"embeddable":true,"href":"https:\/\/www.bellunopress.it\/fr\/wp-json\/wp\/v2\/users\/2"}],"replies":[{"embeddable":true,"href":"https:\/\/www.bellunopress.it\/fr\/wp-json\/wp\/v2\/comments?post=169769"}],"version-history":[{"count":1,"href":"https:\/\/www.bellunopress.it\/fr\/wp-json\/wp\/v2\/posts\/169769\/revisions"}],"predecessor-version":[{"id":169771,"href":"https:\/\/www.bellunopress.it\/fr\/wp-json\/wp\/v2\/posts\/169769\/revisions\/169771"}],"wp:featuredmedia":[{"embeddable":true,"href":"https:\/\/www.bellunopress.it\/fr\/wp-json\/wp\/v2\/media\/169770"}],"wp:attachment":[{"href":"https:\/\/www.bellunopress.it\/fr\/wp-json\/wp\/v2\/media?parent=169769"}],"wp:term":[{"taxonomy":"category","embeddable":true,"href":"https:\/\/www.bellunopress.it\/fr\/wp-json\/wp\/v2\/categories?post=169769"},{"taxonomy":"post_tag","embeddable":true,"href":"https:\/\/www.bellunopress.it\/fr\/wp-json\/wp\/v2\/tags?post=169769"}],"curies":[{"name":"wp","href":"https:\/\/api.w.org\/{rel}","templated":true}]}}