{"id":169763,"date":"2026-05-10T11:00:31","date_gmt":"2026-05-10T09:00:31","guid":{"rendered":"https:\/\/www.bellunopress.it\/?p=169763"},"modified":"2026-05-11T08:29:56","modified_gmt":"2026-05-11T06:29:56","slug":"jesolo-la-laguna-diventa-arte-cento-opere-raccontano-il-fragile-equilibrio-tra-terra-e-acqua","status":"publish","type":"post","link":"https:\/\/www.bellunopress.it\/fr\/2026\/05\/10\/jesolo-la-laguna-diventa-arte-cento-opere-raccontano-il-fragile-equilibrio-tra-terra-e-acqua\/","title":{"rendered":"Jesolo, la Laguna diventa arte: cento opere raccontano il fragile equilibrio tra terra e acqua"},"content":{"rendered":"<p><strong>Dal 12 maggio 2026 al 10 gennaio 2027, il JMuseo presenta la mostra &#8220;Tra terra e acqua. La Laguna di Venezia e le Valli di Jesolo&#8221;, un progetto espositivo che attraverso oltre cento opere, tra dipinti, acquerelli e taccuini, racconta uno degli ecosistemi pi\u00f9 delicati e strategici del Mediterraneo<\/strong>.<\/p>\n<p>Realizzata su iniziativa del Comune di Jesolo, la mostra \u00e8 ideata e organizzata da Comediarting in partnership con Cuc\u00f9 e riunisce sei artisti naturalisti del collettivo Ars et Natura \u2014 Concetta Flore, Federico Gemma, Stefano Maugeri, Graziano Ottaviani, Marco Preziosi, Alessandro Troisi, guidati dall&#8217;ornitologo e coordinatore del progetto Fernando Spina \u2014 protagonisti di una ricerca che unisce osservazione diretta, rigore scientifico e restituzione artistica.<\/p>\n<p>L&#8217;iniziativa \u00e8 sostenuta da IMA Group come main sponsor e realizzata con la collaborazione di Fondazione Lotus, Swarovski Optik e Pandion, che cureranno laboratori e attivit\u00e0 sia al Museo che nelle Valli.<\/p>\n<p>Attraverso il linguaggio dell&#8217;arte naturalistica, la mostra propone una riflessione sul rapporto tra uomo e ambiente, restituendo una visione contemporanea della natura che intreccia conoscenza scientifica, sensibilit\u00e0 estetica e impegno per la conservazione. Le opere nascono da esperienze dirette sul campo \u2014 taccuini di viaggio, osservazioni dal vero, studi di luce e comportamento animale \u2014 e costruiscono un racconto visivo capace di restituire la complessit\u00e0 e la fragilit\u00e0 dei paesaggi lagunari.<\/p>\n<p>\u00c8 proprio questa fragilit\u00e0 a rendere le zone umide uno dei temi centrali del progetto. Un mondo senza zone umide sarebbe infatti un mondo senza acqua: questi ecosistemi rappresentano uno degli elementi fondamentali del ciclo globale idrico, contribuendo alla regolazione delle risorse d&#8217;acqua e fornendo servizi essenziali per l&#8217;umanit\u00e0, dalla depurazione naturale allo stoccaggio, fino alla protezione dalle inondazioni. In particolare, le lagune costiere svolgono un ruolo decisivo nella mitigazione degli effetti dell&#8217;innalzamento del livello del mare, sempre pi\u00f9 evidente nel contesto del cambiamento climatico.<\/p>\n<p>Nonostante occupino solo una piccola porzione della superficie terrestre, le zone umide ospitano una concentrazione straordinaria di biodiversit\u00e0, accogliendo circa il 40% delle specie animali e vegetali conosciute. Eppure, sono tra gli ecosistemi pi\u00f9 vulnerabili: negli ultimi decenni, una quota significativa \u00e8 andata perduta a causa dell&#8217;impatto umano, in una tendenza che continua a destare forte preoccupazione a livello globale.<\/p>\n<p>In questo scenario, la Laguna di Venezia e le valli di Jesolo assumono un valore strategico. L&#8217;Italia, da sempre ponte naturale tra Eurasia e Africa, trova nell&#8217;Alto Adriatico uno dei principali corridoi migratori del Mediterraneo. Qui, tra acque salmastre, canneti e barene, si sviluppa un mosaico di habitat che accoglie durante tutto l&#8217;anno un numero straordinario di specie, senza soluzione di continuit\u00e0 nei cicli migratori. I limicoli artici, le anatre, gli aironi e numerose altre specie trovano in questi ambienti un punto di sosta, alimentazione e svernamento di rilevanza internazionale, con concentrazioni che nei mesi invernali superano le centinaia di migliaia di individui.<\/p>\n<p>In questo contesto, la mostra si configura come un dispositivo di conoscenza e consapevolezza: un invito a osservare, comprendere e riconoscere il valore di ecosistemi complessi e indispensabili, attraverso uno sguardo che unisce arte e scienza.<\/p>\n<p>&nbsp;<\/p>\n<p><strong>Fernando Spina \u2013 curatore scientifico della Mostra<\/strong><\/p>\n<p>Gi\u00e0 Dirigente di ricerca presso ISPRA dove \u00e8 stato responsabile dell&#8217;area di Ricerca sulla migrazione degli uccelli e del Centro Nazionale di inanellamento italiano (1982-2022). Ha ideato e coordinato progetti di inanellamento come il P. Rondine EURING e il P. Piccole Isole. \u00c8 stato presidente dell&#8217;EURING (Unione europea per inanellamento, 1995-2005). Per la Convenzione di Bonn per la Conservazione delle specie migratrici ha presieduto il Consiglio Scientifico ed \u00e8 Consigliere esperto per la connettivit\u00e0 e le reti ecologiche. Ha pubblicato oltre 130 lavori scientifici ed \u00e8 primo autore dell&#8217;Atlante Italiano della migrazione degli uccelli e dell&#8217;Eurasian African Bird Migration Atlas.<\/p>\n<p>&nbsp;<\/p>\n<p>DICHIARAZIONI<\/p>\n<p>&nbsp;<\/p>\n<p><strong>Christofer De Zotti &#8211; Sindaco di Jesolo<\/strong><br \/>\n&#8220;Le Valli di Jesolo rappresentano uno dei paesaggi pi\u00f9 autentici e suggestivi del nostro territorio. In questi spazi sospesi tra acqua, cielo e terra si custodisce un patrimonio naturale prezioso, fatto di biodiversit\u00e0, silenzi e tradizioni che raccontano la storia della nostra comunit\u00e0. Questa mostra ci invita a riscoprire la bellezza di questi luoghi e il loro valore non solo ambientale, ma anche turistico. Jesolo \u00e8 infatti molto pi\u00f9 della sua spiaggia: \u00e8 una citt\u00e0 nella natura, dove mare, laguna e valli da pesca offrono esperienze uniche a cittadini e visitatori.<\/p>\n<p>Valorizzare le Valli di Jesolo significa promuovere un turismo sempre pi\u00f9 attento alla qualit\u00e0 del paesaggio e alla tutela di un ambiente che rappresenta una ricchezza per tutta la nostra comunit\u00e0.&#8221;<\/p>\n<p>&nbsp;<\/p>\n<p><strong>Alberto Vacchi \u2013 IMA Group<\/strong><\/p>\n<p>&#8220;Prendere coscienza della necessit\u00e0 di conoscere la Natura, anche per utilizzare e conservare la biodiversit\u00e0, \u00e8 una delle pi\u00f9 antiche aspirazioni dell&#8217;uomo.<\/p>\n<p>Con le prime pitture preistoriche inizi\u00f2 lo sforzo, mai spento, di integrare arte, trasferimento della conoscenza, bellezza ed utilit\u00e0.Nonostante l&#8217;avvento della fotografia, rappresentare con l&#8217;arte piante ed animali resta ancora una delle espressioni pi\u00f9 naturali e significative della specie umana.Su questi presupposti, IMA vuole condividere con Voi il lavoro di un gruppo di artisti della Natura, che recentemente hanno rappresentato le zone umide nord adriatiche italiane, in particolare le valli di Jesolo. Si tratta di una iniziativa per ricordare che vivere e conservare la Natura richiede sensibilit\u00e0, educazione, cultura, arte e scienza. IMA continua il suo impegno per uno sviluppo sostenibile capace di dare benessere a tutti i viventi del pianeta.&#8221;<\/p>\n<p>&nbsp;<\/p>\n<p><strong>Elisa Toffoli \u2013 Fondazione Lotus<\/strong><\/p>\n<p>La Fondazione Lotus promuove iniziative concrete per la tutela dell&#8217;ambiente, con particolare attenzione alla crisi climatica e alle risorse naturali.<\/p>\n<p>Nata da un&#8217;idea di Elisa, punta a modelli di sviluppo pi\u00f9 equi e sostenibili, basandosi sul principio che la salute del pianeta, delle comunit\u00e0 e degli esseri viventi sia interconnessa, e sostiene progetti con impatto visivo e misurabile.<\/p>\n<p>&#8220;Questa mostra racconta in modo straordinario la fragilit\u00e0 e allo stesso tempo la forza degli ecosistemi in cui viviamo, ricordandoci quanto tutto sia connesso: la salute degli ecosistemi, quella delle persone e il futuro delle prossime generazioni.<\/p>\n<p>L&#8217;arte qui diventa uno strumento prezioso per avvicinare le persone alla natura e riscoprirne il valore pi\u00f9 profondo&#8221;.<\/p>\n<p>&nbsp;<\/p>\n<p><strong>Franco Cernigliaro \u2013 Swarovski Optik Italia<\/strong><\/p>\n<p>&#8220;La Swarovski Optik Italia ha avuto il piacere di collaborare al progetto, con la propria attrezzatura, binocoli e cannocchiali, utilizzati dagli artisti naturalisti che hanno osservato e dipinto dal vero la biodiversit\u00e0 della laguna veneta, un ambiente unico da preservare. Durante la mostra presenteremo anche l&#8217;AX Visio, il primo binocolo con intelligenza artificiale capace di riconoscere le specie in tempo reale, offrendo al pubblico un&#8217;osservazione pi\u00f9 consapevole, accessibile a tutti e coinvolgente&#8221;.<\/p>\n<p>&nbsp;<\/p>\n<p><strong>Alessandro Troisi \u2013 Ars et Natura<\/strong><br \/>\n&#8220;Il progetto Ars et Natura nasce dall&#8217;iniziativa di un gruppo di pittori italiani che riscoprono la tradizione naturalistica, lavorando dal vivo a contatto con paesaggi, fauna e flora.<br \/>\nAttraverso opere realizzate en plein air e successivamente rielaborate in studio, il movimento unisce arte e osservazione scientifica con un forte messaggio di tutela ambientale, collaborando con istituzioni culturali e realt\u00e0 impegnate nella conservazione della natura. Attraverso mostre nazionali e internazionali e progetti editoriali, il collettivo di artisti naturalisti porta avanti una visione che intreccia Natura e Cultura su scala globale&#8221;.<\/p>","protected":false},"excerpt":{"rendered":"<p>Dal 12 maggio 2026 al 10 gennaio 2027, il JMuseo presenta la mostra &#8220;Tra terra e acqua. La Laguna di Venezia e le Valli di Jesolo&#8221;, un progetto espositivo che attraverso oltre cento opere, tra dipinti, acquerelli e taccuini, racconta uno degli ecosistemi pi\u00f9 delicati e strategici del Mediterraneo. Realizzata su iniziativa del Comune di [&hellip;]<\/p>\n","protected":false},"author":2,"featured_media":169764,"comment_status":"closed","ping_status":"open","sticky":false,"template":"","format":"standard","meta":{"footnotes":""},"categories":[27,3394,25],"tags":[],"class_list":["post-169763","post","type-post","status-publish","format-standard","has-post-thumbnail","category-appuntamenti","category-cultura-e-spettacoli-fuori-provincia","category-pausa-caffe"],"yoast_head":"<!-- This site is optimized with the Yoast SEO plugin v28.4 - https:\/\/yoast.com\/product\/yoast-seo-wordpress\/ -->\n<title>Jesolo, la Laguna diventa arte: cento opere raccontano il fragile equilibrio tra terra e acqua - Bellunopress - Dolomiti<\/title>\n<meta name=\"robots\" content=\"index, follow, max-snippet:-1, max-image-preview:large, max-video-preview:-1\" \/>\n<link rel=\"canonical\" href=\"https:\/\/www.bellunopress.it\/fr\/2026\/05\/10\/jesolo-la-laguna-diventa-arte-cento-opere-raccontano-il-fragile-equilibrio-tra-terra-e-acqua\/\" \/>\n<meta property=\"og:locale\" content=\"fr_FR\" \/>\n<meta property=\"og:type\" content=\"article\" \/>\n<meta property=\"og:title\" content=\"Jesolo, la Laguna diventa arte: cento opere raccontano il fragile equilibrio tra terra e acqua - Bellunopress - Dolomiti\" \/>\n<meta property=\"og:description\" content=\"Dal 12 maggio 2026 al 10 gennaio 2027, il JMuseo presenta la mostra &#8220;Tra terra e acqua. La Laguna di Venezia e le Valli di Jesolo&#8221;, un progetto espositivo che attraverso oltre cento opere, tra dipinti, acquerelli e taccuini, racconta uno degli ecosistemi pi\u00f9 delicati e strategici del Mediterraneo. Realizzata su iniziativa del Comune di [&hellip;]\" \/>\n<meta property=\"og:url\" content=\"https:\/\/www.bellunopress.it\/fr\/2026\/05\/10\/jesolo-la-laguna-diventa-arte-cento-opere-raccontano-il-fragile-equilibrio-tra-terra-e-acqua\/\" \/>\n<meta property=\"og:site_name\" content=\"Bellunopress - Dolomiti\" \/>\n<meta property=\"article:publisher\" content=\"https:\/\/www.facebook.com\/profile.php?id=100008943462799\" \/>\n<meta property=\"article:published_time\" content=\"2026-05-10T09:00:31+00:00\" \/>\n<meta property=\"article:modified_time\" content=\"2026-05-11T06:29:56+00:00\" \/>\n<meta property=\"og:image\" content=\"https:\/\/www.bellunopress.it\/wp-content\/uploads\/2026\/05\/Bilancione-per-la-pesca-sul-canale-\u2013-acquerello-\u2013-Stefano-Maugeri.jpg\" \/>\n\t<meta property=\"og:image:width\" content=\"600\" \/>\n\t<meta property=\"og:image:height\" content=\"350\" \/>\n\t<meta property=\"og:image:type\" content=\"image\/jpeg\" \/>\n<meta name=\"author\" content=\"redazione\" \/>\n<meta name=\"twitter:card\" content=\"summary_large_image\" \/>\n<meta name=\"twitter:creator\" content=\"@bellunopress\" \/>\n<meta name=\"twitter:site\" content=\"@bellunopress\" \/>\n<meta name=\"twitter:label1\" content=\"Written by\" \/>\n\t<meta name=\"twitter:data1\" content=\"redazione\" \/>\n\t<meta name=\"twitter:label2\" content=\"Est. reading time\" \/>\n\t<meta name=\"twitter:data2\" content=\"7 minutes\" \/>\n<script type=\"application\/ld+json\" class=\"yoast-schema-graph\">{\"@context\":\"https:\\\/\\\/schema.org\",\"@graph\":[{\"@type\":\"Article\",\"@id\":\"https:\\\/\\\/www.bellunopress.it\\\/2026\\\/05\\\/10\\\/jesolo-la-laguna-diventa-arte-cento-opere-raccontano-il-fragile-equilibrio-tra-terra-e-acqua\\\/#article\",\"isPartOf\":{\"@id\":\"https:\\\/\\\/www.bellunopress.it\\\/2026\\\/05\\\/10\\\/jesolo-la-laguna-diventa-arte-cento-opere-raccontano-il-fragile-equilibrio-tra-terra-e-acqua\\\/\"},\"author\":{\"name\":\"redazione\",\"@id\":\"https:\\\/\\\/www.bellunopress.it\\\/#\\\/schema\\\/person\\\/79bb06722b37ece1c03d3e94beb30d73\"},\"headline\":\"Jesolo, la Laguna diventa arte: cento opere raccontano il fragile equilibrio tra terra e acqua\",\"datePublished\":\"2026-05-10T09:00:31+00:00\",\"dateModified\":\"2026-05-11T06:29:56+00:00\",\"mainEntityOfPage\":{\"@id\":\"https:\\\/\\\/www.bellunopress.it\\\/2026\\\/05\\\/10\\\/jesolo-la-laguna-diventa-arte-cento-opere-raccontano-il-fragile-equilibrio-tra-terra-e-acqua\\\/\"},\"wordCount\":1187,\"publisher\":{\"@id\":\"https:\\\/\\\/www.bellunopress.it\\\/#organization\"},\"image\":{\"@id\":\"https:\\\/\\\/www.bellunopress.it\\\/2026\\\/05\\\/10\\\/jesolo-la-laguna-diventa-arte-cento-opere-raccontano-il-fragile-equilibrio-tra-terra-e-acqua\\\/#primaryimage\"},\"thumbnailUrl\":\"https:\\\/\\\/www.bellunopress.it\\\/wp-content\\\/uploads\\\/2026\\\/05\\\/Bilancione-per-la-pesca-sul-canale-\u2013-acquerello-\u2013-Stefano-Maugeri.jpg\",\"articleSection\":[\"Appuntamenti, Eventi\",\"Cultura e spettacoli, tempo libero, benessere, fuori provincia\",\"Pausa Caff\u00e8\"],\"inLanguage\":\"fr-FR\"},{\"@type\":\"WebPage\",\"@id\":\"https:\\\/\\\/www.bellunopress.it\\\/2026\\\/05\\\/10\\\/jesolo-la-laguna-diventa-arte-cento-opere-raccontano-il-fragile-equilibrio-tra-terra-e-acqua\\\/\",\"url\":\"https:\\\/\\\/www.bellunopress.it\\\/2026\\\/05\\\/10\\\/jesolo-la-laguna-diventa-arte-cento-opere-raccontano-il-fragile-equilibrio-tra-terra-e-acqua\\\/\",\"name\":\"Jesolo, la Laguna diventa arte: cento opere raccontano il fragile equilibrio tra terra e acqua - Bellunopress - Dolomiti\",\"isPartOf\":{\"@id\":\"https:\\\/\\\/www.bellunopress.it\\\/#website\"},\"primaryImageOfPage\":{\"@id\":\"https:\\\/\\\/www.bellunopress.it\\\/2026\\\/05\\\/10\\\/jesolo-la-laguna-diventa-arte-cento-opere-raccontano-il-fragile-equilibrio-tra-terra-e-acqua\\\/#primaryimage\"},\"image\":{\"@id\":\"https:\\\/\\\/www.bellunopress.it\\\/2026\\\/05\\\/10\\\/jesolo-la-laguna-diventa-arte-cento-opere-raccontano-il-fragile-equilibrio-tra-terra-e-acqua\\\/#primaryimage\"},\"thumbnailUrl\":\"https:\\\/\\\/www.bellunopress.it\\\/wp-content\\\/uploads\\\/2026\\\/05\\\/Bilancione-per-la-pesca-sul-canale-\u2013-acquerello-\u2013-Stefano-Maugeri.jpg\",\"datePublished\":\"2026-05-10T09:00:31+00:00\",\"dateModified\":\"2026-05-11T06:29:56+00:00\",\"breadcrumb\":{\"@id\":\"https:\\\/\\\/www.bellunopress.it\\\/2026\\\/05\\\/10\\\/jesolo-la-laguna-diventa-arte-cento-opere-raccontano-il-fragile-equilibrio-tra-terra-e-acqua\\\/#breadcrumb\"},\"inLanguage\":\"fr-FR\",\"potentialAction\":[{\"@type\":\"ReadAction\",\"target\":[\"https:\\\/\\\/www.bellunopress.it\\\/2026\\\/05\\\/10\\\/jesolo-la-laguna-diventa-arte-cento-opere-raccontano-il-fragile-equilibrio-tra-terra-e-acqua\\\/\"]}]},{\"@type\":\"ImageObject\",\"inLanguage\":\"fr-FR\",\"@id\":\"https:\\\/\\\/www.bellunopress.it\\\/2026\\\/05\\\/10\\\/jesolo-la-laguna-diventa-arte-cento-opere-raccontano-il-fragile-equilibrio-tra-terra-e-acqua\\\/#primaryimage\",\"url\":\"https:\\\/\\\/www.bellunopress.it\\\/wp-content\\\/uploads\\\/2026\\\/05\\\/Bilancione-per-la-pesca-sul-canale-\u2013-acquerello-\u2013-Stefano-Maugeri.jpg\",\"contentUrl\":\"https:\\\/\\\/www.bellunopress.it\\\/wp-content\\\/uploads\\\/2026\\\/05\\\/Bilancione-per-la-pesca-sul-canale-\u2013-acquerello-\u2013-Stefano-Maugeri.jpg\",\"width\":600,\"height\":350,\"caption\":\"Bilancione per la pesca sul canale \u2013 acquerello \u2013 Stefano Maugeri\"},{\"@type\":\"BreadcrumbList\",\"@id\":\"https:\\\/\\\/www.bellunopress.it\\\/2026\\\/05\\\/10\\\/jesolo-la-laguna-diventa-arte-cento-opere-raccontano-il-fragile-equilibrio-tra-terra-e-acqua\\\/#breadcrumb\",\"itemListElement\":[{\"@type\":\"ListItem\",\"position\":1,\"name\":\"Home\",\"item\":\"https:\\\/\\\/www.bellunopress.it\\\/\"},{\"@type\":\"ListItem\",\"position\":2,\"name\":\"Jesolo, la Laguna diventa arte: cento opere raccontano il fragile equilibrio tra terra e acqua\"}]},{\"@type\":\"WebSite\",\"@id\":\"https:\\\/\\\/www.bellunopress.it\\\/#website\",\"url\":\"https:\\\/\\\/www.bellunopress.it\\\/\",\"name\":\"Bellunopress - Dolomiti\",\"description\":\"e-mail: redazione@bellunopress.it\",\"publisher\":{\"@id\":\"https:\\\/\\\/www.bellunopress.it\\\/#organization\"},\"potentialAction\":[{\"@type\":\"SearchAction\",\"target\":{\"@type\":\"EntryPoint\",\"urlTemplate\":\"https:\\\/\\\/www.bellunopress.it\\\/?s={search_term_string}\"},\"query-input\":{\"@type\":\"PropertyValueSpecification\",\"valueRequired\":true,\"valueName\":\"search_term_string\"}}],\"inLanguage\":\"fr-FR\"},{\"@type\":\"Organization\",\"@id\":\"https:\\\/\\\/www.bellunopress.it\\\/#organization\",\"name\":\"Bellunopress\",\"url\":\"https:\\\/\\\/www.bellunopress.it\\\/\",\"logo\":{\"@type\":\"ImageObject\",\"inLanguage\":\"fr-FR\",\"@id\":\"https:\\\/\\\/www.bellunopress.it\\\/#\\\/schema\\\/logo\\\/image\\\/\",\"url\":\"https:\\\/\\\/www.bellunopress.it\\\/wp-content\\\/uploads\\\/2011\\\/05\\\/cropped-logo-bellunopress-.jpg\",\"contentUrl\":\"https:\\\/\\\/www.bellunopress.it\\\/wp-content\\\/uploads\\\/2011\\\/05\\\/cropped-logo-bellunopress-.jpg\",\"width\":512,\"height\":512,\"caption\":\"Bellunopress\"},\"image\":{\"@id\":\"https:\\\/\\\/www.bellunopress.it\\\/#\\\/schema\\\/logo\\\/image\\\/\"},\"sameAs\":[\"https:\\\/\\\/www.facebook.com\\\/profile.php?id=100008943462799\",\"https:\\\/\\\/x.com\\\/bellunopress\",\"https:\\\/\\\/www.linkedin.com\\\/hp\\\/?dnr=JBzUWaJfMUw8vbXJJ2tVW5-I3jZKvC4wsoxE&amp;amp;amp;amp;amp;amp;trk=nav_responsive_tab_home\",\"https:\\\/\\\/www.youtube.com\\\/channel\\\/UCxL0wu1uN0_3_7hGG0306cw\"]},{\"@type\":\"Person\",\"@id\":\"https:\\\/\\\/www.bellunopress.it\\\/#\\\/schema\\\/person\\\/79bb06722b37ece1c03d3e94beb30d73\",\"name\":\"redazione\",\"image\":{\"@type\":\"ImageObject\",\"inLanguage\":\"fr-FR\",\"@id\":\"https:\\\/\\\/secure.gravatar.com\\\/avatar\\\/37d968a2e67a6fd04c169c4bdef102d0bc5d31b2546345219e348575eb80e9a0?s=96&d=mm&r=g\",\"url\":\"https:\\\/\\\/secure.gravatar.com\\\/avatar\\\/37d968a2e67a6fd04c169c4bdef102d0bc5d31b2546345219e348575eb80e9a0?s=96&d=mm&r=g\",\"contentUrl\":\"https:\\\/\\\/secure.gravatar.com\\\/avatar\\\/37d968a2e67a6fd04c169c4bdef102d0bc5d31b2546345219e348575eb80e9a0?s=96&d=mm&r=g\",\"caption\":\"redazione\"},\"sameAs\":[\"http:\\\/\\\/www.bellunopress.it\",\"https:\\\/\\\/x.com\\\/bellunopress\"],\"url\":\"https:\\\/\\\/www.bellunopress.it\\\/fr\\\/author\\\/redazione\\\/\"}]}<\/script>\n<!-- \/ Yoast SEO plugin. -->","yoast_head_json":{"title":"Jesolo, la Laguna diventa arte: cento opere raccontano il fragile equilibrio tra terra e acqua - Bellunopress - Dolomiti","robots":{"index":"index","follow":"follow","max-snippet":"max-snippet:-1","max-image-preview":"max-image-preview:large","max-video-preview":"max-video-preview:-1"},"canonical":"https:\/\/www.bellunopress.it\/fr\/2026\/05\/10\/jesolo-la-laguna-diventa-arte-cento-opere-raccontano-il-fragile-equilibrio-tra-terra-e-acqua\/","og_locale":"fr_FR","og_type":"article","og_title":"Jesolo, la Laguna diventa arte: cento opere raccontano il fragile equilibrio tra terra e acqua - Bellunopress - Dolomiti","og_description":"Dal 12 maggio 2026 al 10 gennaio 2027, il JMuseo presenta la mostra &#8220;Tra terra e acqua. La Laguna di Venezia e le Valli di Jesolo&#8221;, un progetto espositivo che attraverso oltre cento opere, tra dipinti, acquerelli e taccuini, racconta uno degli ecosistemi pi\u00f9 delicati e strategici del Mediterraneo. Realizzata su iniziativa del Comune di [&hellip;]","og_url":"https:\/\/www.bellunopress.it\/fr\/2026\/05\/10\/jesolo-la-laguna-diventa-arte-cento-opere-raccontano-il-fragile-equilibrio-tra-terra-e-acqua\/","og_site_name":"Bellunopress - Dolomiti","article_publisher":"https:\/\/www.facebook.com\/profile.php?id=100008943462799","article_published_time":"2026-05-10T09:00:31+00:00","article_modified_time":"2026-05-11T06:29:56+00:00","og_image":[{"width":600,"height":350,"url":"https:\/\/www.bellunopress.it\/wp-content\/uploads\/2026\/05\/Bilancione-per-la-pesca-sul-canale-\u2013-acquerello-\u2013-Stefano-Maugeri.jpg","type":"image\/jpeg"}],"author":"redazione","twitter_card":"summary_large_image","twitter_creator":"@bellunopress","twitter_site":"@bellunopress","twitter_misc":{"Written by":"redazione","Est. reading time":"7 minutes"},"schema":{"@context":"https:\/\/schema.org","@graph":[{"@type":"Article","@id":"https:\/\/www.bellunopress.it\/2026\/05\/10\/jesolo-la-laguna-diventa-arte-cento-opere-raccontano-il-fragile-equilibrio-tra-terra-e-acqua\/#article","isPartOf":{"@id":"https:\/\/www.bellunopress.it\/2026\/05\/10\/jesolo-la-laguna-diventa-arte-cento-opere-raccontano-il-fragile-equilibrio-tra-terra-e-acqua\/"},"author":{"name":"redazione","@id":"https:\/\/www.bellunopress.it\/#\/schema\/person\/79bb06722b37ece1c03d3e94beb30d73"},"headline":"Jesolo, la Laguna diventa arte: cento opere raccontano il fragile equilibrio tra terra e acqua","datePublished":"2026-05-10T09:00:31+00:00","dateModified":"2026-05-11T06:29:56+00:00","mainEntityOfPage":{"@id":"https:\/\/www.bellunopress.it\/2026\/05\/10\/jesolo-la-laguna-diventa-arte-cento-opere-raccontano-il-fragile-equilibrio-tra-terra-e-acqua\/"},"wordCount":1187,"publisher":{"@id":"https:\/\/www.bellunopress.it\/#organization"},"image":{"@id":"https:\/\/www.bellunopress.it\/2026\/05\/10\/jesolo-la-laguna-diventa-arte-cento-opere-raccontano-il-fragile-equilibrio-tra-terra-e-acqua\/#primaryimage"},"thumbnailUrl":"https:\/\/www.bellunopress.it\/wp-content\/uploads\/2026\/05\/Bilancione-per-la-pesca-sul-canale-\u2013-acquerello-\u2013-Stefano-Maugeri.jpg","articleSection":["Appuntamenti, Eventi","Cultura e spettacoli, tempo libero, benessere, fuori provincia","Pausa Caff\u00e8"],"inLanguage":"fr-FR"},{"@type":"WebPage","@id":"https:\/\/www.bellunopress.it\/2026\/05\/10\/jesolo-la-laguna-diventa-arte-cento-opere-raccontano-il-fragile-equilibrio-tra-terra-e-acqua\/","url":"https:\/\/www.bellunopress.it\/2026\/05\/10\/jesolo-la-laguna-diventa-arte-cento-opere-raccontano-il-fragile-equilibrio-tra-terra-e-acqua\/","name":"Jesolo, la Laguna diventa arte: cento opere raccontano il fragile equilibrio tra terra e acqua - Bellunopress - Dolomiti","isPartOf":{"@id":"https:\/\/www.bellunopress.it\/#website"},"primaryImageOfPage":{"@id":"https:\/\/www.bellunopress.it\/2026\/05\/10\/jesolo-la-laguna-diventa-arte-cento-opere-raccontano-il-fragile-equilibrio-tra-terra-e-acqua\/#primaryimage"},"image":{"@id":"https:\/\/www.bellunopress.it\/2026\/05\/10\/jesolo-la-laguna-diventa-arte-cento-opere-raccontano-il-fragile-equilibrio-tra-terra-e-acqua\/#primaryimage"},"thumbnailUrl":"https:\/\/www.bellunopress.it\/wp-content\/uploads\/2026\/05\/Bilancione-per-la-pesca-sul-canale-\u2013-acquerello-\u2013-Stefano-Maugeri.jpg","datePublished":"2026-05-10T09:00:31+00:00","dateModified":"2026-05-11T06:29:56+00:00","breadcrumb":{"@id":"https:\/\/www.bellunopress.it\/2026\/05\/10\/jesolo-la-laguna-diventa-arte-cento-opere-raccontano-il-fragile-equilibrio-tra-terra-e-acqua\/#breadcrumb"},"inLanguage":"fr-FR","potentialAction":[{"@type":"ReadAction","target":["https:\/\/www.bellunopress.it\/2026\/05\/10\/jesolo-la-laguna-diventa-arte-cento-opere-raccontano-il-fragile-equilibrio-tra-terra-e-acqua\/"]}]},{"@type":"ImageObject","inLanguage":"fr-FR","@id":"https:\/\/www.bellunopress.it\/2026\/05\/10\/jesolo-la-laguna-diventa-arte-cento-opere-raccontano-il-fragile-equilibrio-tra-terra-e-acqua\/#primaryimage","url":"https:\/\/www.bellunopress.it\/wp-content\/uploads\/2026\/05\/Bilancione-per-la-pesca-sul-canale-\u2013-acquerello-\u2013-Stefano-Maugeri.jpg","contentUrl":"https:\/\/www.bellunopress.it\/wp-content\/uploads\/2026\/05\/Bilancione-per-la-pesca-sul-canale-\u2013-acquerello-\u2013-Stefano-Maugeri.jpg","width":600,"height":350,"caption":"Bilancione per la pesca sul canale \u2013 acquerello \u2013 Stefano Maugeri"},{"@type":"BreadcrumbList","@id":"https:\/\/www.bellunopress.it\/2026\/05\/10\/jesolo-la-laguna-diventa-arte-cento-opere-raccontano-il-fragile-equilibrio-tra-terra-e-acqua\/#breadcrumb","itemListElement":[{"@type":"ListItem","position":1,"name":"Home","item":"https:\/\/www.bellunopress.it\/"},{"@type":"ListItem","position":2,"name":"Jesolo, la Laguna diventa arte: cento opere raccontano il fragile equilibrio tra terra e acqua"}]},{"@type":"WebSite","@id":"https:\/\/www.bellunopress.it\/#website","url":"https:\/\/www.bellunopress.it\/","name":"Bellunopress - Dolomiti","description":"e-mail: redazione@bellunopress.it","publisher":{"@id":"https:\/\/www.bellunopress.it\/#organization"},"potentialAction":[{"@type":"SearchAction","target":{"@type":"EntryPoint","urlTemplate":"https:\/\/www.bellunopress.it\/?s={search_term_string}"},"query-input":{"@type":"PropertyValueSpecification","valueRequired":true,"valueName":"search_term_string"}}],"inLanguage":"fr-FR"},{"@type":"Organization","@id":"https:\/\/www.bellunopress.it\/#organization","name":"Bellunopress","url":"https:\/\/www.bellunopress.it\/","logo":{"@type":"ImageObject","inLanguage":"fr-FR","@id":"https:\/\/www.bellunopress.it\/#\/schema\/logo\/image\/","url":"https:\/\/www.bellunopress.it\/wp-content\/uploads\/2011\/05\/cropped-logo-bellunopress-.jpg","contentUrl":"https:\/\/www.bellunopress.it\/wp-content\/uploads\/2011\/05\/cropped-logo-bellunopress-.jpg","width":512,"height":512,"caption":"Bellunopress"},"image":{"@id":"https:\/\/www.bellunopress.it\/#\/schema\/logo\/image\/"},"sameAs":["https:\/\/www.facebook.com\/profile.php?id=100008943462799","https:\/\/x.com\/bellunopress","https:\/\/www.linkedin.com\/hp\/?dnr=JBzUWaJfMUw8vbXJJ2tVW5-I3jZKvC4wsoxE&amp;amp;amp;amp;amp;amp;trk=nav_responsive_tab_home","https:\/\/www.youtube.com\/channel\/UCxL0wu1uN0_3_7hGG0306cw"]},{"@type":"Person","@id":"https:\/\/www.bellunopress.it\/#\/schema\/person\/79bb06722b37ece1c03d3e94beb30d73","name":"r\u00e9daction","image":{"@type":"ImageObject","inLanguage":"fr-FR","@id":"https:\/\/secure.gravatar.com\/avatar\/37d968a2e67a6fd04c169c4bdef102d0bc5d31b2546345219e348575eb80e9a0?s=96&d=mm&r=g","url":"https:\/\/secure.gravatar.com\/avatar\/37d968a2e67a6fd04c169c4bdef102d0bc5d31b2546345219e348575eb80e9a0?s=96&d=mm&r=g","contentUrl":"https:\/\/secure.gravatar.com\/avatar\/37d968a2e67a6fd04c169c4bdef102d0bc5d31b2546345219e348575eb80e9a0?s=96&d=mm&r=g","caption":"redazione"},"sameAs":["http:\/\/www.bellunopress.it","https:\/\/x.com\/bellunopress"],"url":"https:\/\/www.bellunopress.it\/fr\/author\/redazione\/"}]}},"_links":{"self":[{"href":"https:\/\/www.bellunopress.it\/fr\/wp-json\/wp\/v2\/posts\/169763","targetHints":{"allow":["GET"]}}],"collection":[{"href":"https:\/\/www.bellunopress.it\/fr\/wp-json\/wp\/v2\/posts"}],"about":[{"href":"https:\/\/www.bellunopress.it\/fr\/wp-json\/wp\/v2\/types\/post"}],"author":[{"embeddable":true,"href":"https:\/\/www.bellunopress.it\/fr\/wp-json\/wp\/v2\/users\/2"}],"replies":[{"embeddable":true,"href":"https:\/\/www.bellunopress.it\/fr\/wp-json\/wp\/v2\/comments?post=169763"}],"version-history":[{"count":1,"href":"https:\/\/www.bellunopress.it\/fr\/wp-json\/wp\/v2\/posts\/169763\/revisions"}],"predecessor-version":[{"id":169765,"href":"https:\/\/www.bellunopress.it\/fr\/wp-json\/wp\/v2\/posts\/169763\/revisions\/169765"}],"wp:featuredmedia":[{"embeddable":true,"href":"https:\/\/www.bellunopress.it\/fr\/wp-json\/wp\/v2\/media\/169764"}],"wp:attachment":[{"href":"https:\/\/www.bellunopress.it\/fr\/wp-json\/wp\/v2\/media?parent=169763"}],"wp:term":[{"taxonomy":"category","embeddable":true,"href":"https:\/\/www.bellunopress.it\/fr\/wp-json\/wp\/v2\/categories?post=169763"},{"taxonomy":"post_tag","embeddable":true,"href":"https:\/\/www.bellunopress.it\/fr\/wp-json\/wp\/v2\/tags?post=169763"}],"curies":[{"name":"wp","href":"https:\/\/api.w.org\/{rel}","templated":true}]}}