{"id":169760,"date":"2026-05-04T15:38:10","date_gmt":"2026-05-04T13:38:10","guid":{"rendered":"https:\/\/www.bellunopress.it\/?p=169760"},"modified":"2026-05-04T15:38:10","modified_gmt":"2026-05-04T13:38:10","slug":"scuole-dellinfanzia-sedico-punta-allinnovazione-pronti-180mila-euro-per-arredi-e-didattica","status":"publish","type":"post","link":"https:\/\/www.bellunopress.it\/fr\/2026\/05\/04\/scuole-dellinfanzia-sedico-punta-allinnovazione-pronti-180mila-euro-per-arredi-e-didattica\/","title":{"rendered":"Scuole dell\u2019infanzia, Sedico punta all&#8217;innovazione: pronti 180mila euro per arredi e didattica"},"content":{"rendered":"<p><strong>Sindaco Christian Roldo: &#8220;La preparazione e la tempistica ci hanno premiato e siamo stati finanziati per complessivi 180.000 euro a fondo perduto&#8221;<\/strong><\/p>\n<p>Il Comune di Sedico ha presentato, nei primissimi minuti dall\u2019apertura della piattaforma ministeriale (ore 10.00 del 17 febbraio 2026), la candidatura al nuovo avviso pubblico del Ministero dell\u2019Istruzione e del Merito finalizzato a rafforzare e migliorare l\u2019offerta educativa nella fascia 0-6 anni attraverso la fornitura di arredi didattici innovativi.<\/p>\n<p>Il bando \u00e8 riservato agli enti locali che hanno gi\u00e0 realizzato interventi strutturali finanziati con fondi PNRR nell\u2019ambito della Missione 4 \u2013 Componente 1 \u2013 Investimento 1.1. La selezione avviene con modalit\u00e0 \u201ca sportello\u201d, sulla base dell\u2019ordine cronologico di presentazione delle domande fino ad esaurimento delle risorse disponibili: un meccanismo che rende determinante la tempestivit\u00e0 della candidatura.<\/p>\n<p>Grazie agli interventi completati nelle scuole dell\u2019infanzia del territorio, riferiti complessivamente a 184 posti oggetto di finanziamento e rendicontazione PNRR, il Comune pu\u00f2 ambire a un contributo di ben 180.000 euro, destinato esclusivamente alla fornitura di arredi didattici innovativi e alla qualificazione degli ambienti educativi.<\/p>\n<p>Gli interventi riguardano:<br \/>\n\u2022 la scuola dell\u2019infanzia di Roe, appartenente all\u2019Istituto Comprensivo \u201cSedico-Sospirolo\u201d;<br \/>\n\u2022 la scuola dell\u2019infanzia paritaria Ca\u2019 Gioiosa, gestita da Sedico Servizi, che nel proprio polo educativo comprende anche il servizio di asilo nido.<\/p>\n<p>Per la scuola di Roe il progetto prevede il riammodernamento degli ambienti interni ed esterni attraverso l\u2019introduzione di giochi innovativi e attrezzature pensate per una didattica sempre pi\u00f9 dinamica, inclusiva e laboratoriale. Un\u2019attenzione particolare sar\u00e0 riservata anche agli spazi all\u2019aperto, affinch\u00e9 diventino luoghi di esperienza educativa a tutti gli effetti.<\/p>\n<p>\u00abAbbiamo voluto farci trovare pronti \u2013 dichiara il Sindaco Christian Roldo \u2013 perch\u00e9 oggi la capacit\u00e0 di intercettare risorse passa anche dalla rapidit\u00e0 e dalla preparazione\u00a0tecnica degli uffici. La preparazione e la tempistica ci hanno premiato e siamo stati finanziati appunto per 180.000\u20ac complessivi. Dopo aver rispettato i cronoprogrammi del PNRR e portato a termine gli interventi strutturali, era importante cogliere questa ulteriore opportunit\u00e0 per investire sulla qualit\u00e0 degli spazi educativi. Il nostro impegno \u00e8 sostenere e rafforzare tutte le tipologie di offerta presenti sul territorio, a partire dall\u2019asilo nido, garantendo attenzione non solo ai plessi situati nel capoluogo ma anche alle realt\u00e0 delle frazioni, che rappresentano un presidio fondamentale per la vita delle comunit\u00e0 locali.\u00bb<\/p>\n<p>Per quanto riguarda la scuola Ca\u2019 Gioiosa, il progetto consentirebbe di completare il percorso di potenziamento avviato con il PNRR, in vista dell\u2019attivazione, nell\u2019anno scolastico 2026\/2027, della terza e ultima sezione della scuola dell\u2019infanzia.<br \/>\n\u00abPer Ca\u2019 Gioiosa \u2013 sottolinea il Presidente di Sedico Servizi Roberto Maraga \u2013 questo finanziamento rappresenterebbe un passaggio decisivo. Oltre all\u2019arredamento della nuova sezione in partenza dal prossimo anno scolastico, potremo riqualificare completamente l\u2019area giochi esterna, con la realizzazione di una pavimentazione antitrauma e l\u2019installazione di attrezzature multifunzionali e sensoriali. L\u2019obiettivo \u00e8 offrire ai bambini ambienti sicuri, inclusivi e stimolanti, dove l\u2019esperienza educativa possa svilupparsi anche all\u2019aperto, attraverso il gioco, il movimento e l\u2019esplorazione.\u00bb<\/p>\n<p>Con questa candidatura, il Comune di Sedico conferma l\u2019attenzione strategica verso i servizi educativi per la prima infanzia e la volont\u00e0 di investire non solo nelle strutture, ma nella qualit\u00e0 degli ambienti di apprendimento, rafforzando un sistema territoriale diffuso e attento alle esigenze di tutte le famiglie.<\/p>\n<p>&nbsp;<\/p>","protected":false},"excerpt":{"rendered":"<p>Sindaco Christian Roldo: &#8220;La preparazione e la tempistica ci hanno premiato e siamo stati finanziati per complessivi 180.000 euro a fondo perduto&#8221; Il Comune di Sedico ha presentato, nei primissimi minuti dall\u2019apertura della piattaforma ministeriale (ore 10.00 del 17 febbraio 2026), la candidatura al nuovo avviso pubblico del Ministero dell\u2019Istruzione e del Merito finalizzato a [&hellip;]<\/p>\n","protected":false},"author":2,"featured_media":169761,"comment_status":"closed","ping_status":"open","sticky":false,"template":"","format":"standard","meta":{"footnotes":""},"categories":[15],"tags":[],"class_list":["post-169760","post","type-post","status-publish","format-standard","has-post-thumbnail","category-scuola"],"yoast_head":"<!-- This site is optimized with the Yoast SEO plugin v28.4 - https:\/\/yoast.com\/product\/yoast-seo-wordpress\/ -->\n<title>Scuole dell\u2019infanzia, Sedico punta all&#039;innovazione: pronti 180mila euro per arredi e didattica - Bellunopress - Dolomiti<\/title>\n<meta name=\"robots\" content=\"index, follow, max-snippet:-1, max-image-preview:large, max-video-preview:-1\" \/>\n<link rel=\"canonical\" href=\"https:\/\/www.bellunopress.it\/fr\/2026\/05\/04\/scuole-dellinfanzia-sedico-punta-allinnovazione-pronti-180mila-euro-per-arredi-e-didattica\/\" \/>\n<meta property=\"og:locale\" content=\"fr_FR\" \/>\n<meta property=\"og:type\" content=\"article\" \/>\n<meta property=\"og:title\" content=\"Scuole dell\u2019infanzia, Sedico punta all&#039;innovazione: pronti 180mila euro per arredi e didattica - Bellunopress - Dolomiti\" \/>\n<meta property=\"og:description\" content=\"Sindaco Christian Roldo: &#8220;La preparazione e la tempistica ci hanno premiato e siamo stati finanziati per complessivi 180.000 euro a fondo perduto&#8221; Il Comune di Sedico ha presentato, nei primissimi minuti dall\u2019apertura della piattaforma ministeriale (ore 10.00 del 17 febbraio 2026), la candidatura al nuovo avviso pubblico del Ministero dell\u2019Istruzione e del Merito finalizzato a [&hellip;]\" \/>\n<meta property=\"og:url\" content=\"https:\/\/www.bellunopress.it\/fr\/2026\/05\/04\/scuole-dellinfanzia-sedico-punta-allinnovazione-pronti-180mila-euro-per-arredi-e-didattica\/\" \/>\n<meta property=\"og:site_name\" content=\"Bellunopress - Dolomiti\" \/>\n<meta property=\"article:publisher\" content=\"https:\/\/www.facebook.com\/profile.php?id=100008943462799\" \/>\n<meta property=\"article:published_time\" content=\"2026-05-04T13:38:10+00:00\" \/>\n<meta property=\"og:image\" content=\"https:\/\/www.bellunopress.it\/wp-content\/uploads\/2026\/05\/Christian-Roldo-sindaco-di-Sedico.jpg\" \/>\n\t<meta property=\"og:image:width\" content=\"500\" \/>\n\t<meta property=\"og:image:height\" content=\"382\" \/>\n\t<meta property=\"og:image:type\" content=\"image\/jpeg\" \/>\n<meta name=\"author\" content=\"redazione\" \/>\n<meta name=\"twitter:card\" content=\"summary_large_image\" \/>\n<meta name=\"twitter:creator\" content=\"@bellunopress\" \/>\n<meta name=\"twitter:site\" content=\"@bellunopress\" \/>\n<meta name=\"twitter:label1\" content=\"\u00c9crit par\" \/>\n\t<meta name=\"twitter:data1\" content=\"redazione\" \/>\n\t<meta name=\"twitter:label2\" content=\"Dur\u00e9e de lecture estim\u00e9e\" \/>\n\t<meta name=\"twitter:data2\" content=\"3 minutes\" \/>\n<script type=\"application\/ld+json\" class=\"yoast-schema-graph\">{\"@context\":\"https:\\\/\\\/schema.org\",\"@graph\":[{\"@type\":\"Article\",\"@id\":\"https:\\\/\\\/www.bellunopress.it\\\/2026\\\/05\\\/04\\\/scuole-dellinfanzia-sedico-punta-allinnovazione-pronti-180mila-euro-per-arredi-e-didattica\\\/#article\",\"isPartOf\":{\"@id\":\"https:\\\/\\\/www.bellunopress.it\\\/2026\\\/05\\\/04\\\/scuole-dellinfanzia-sedico-punta-allinnovazione-pronti-180mila-euro-per-arredi-e-didattica\\\/\"},\"author\":{\"name\":\"redazione\",\"@id\":\"https:\\\/\\\/www.bellunopress.it\\\/#\\\/schema\\\/person\\\/79bb06722b37ece1c03d3e94beb30d73\"},\"headline\":\"Scuole dell\u2019infanzia, Sedico punta all&#8217;innovazione: pronti 180mila euro per arredi e didattica\",\"datePublished\":\"2026-05-04T13:38:10+00:00\",\"mainEntityOfPage\":{\"@id\":\"https:\\\/\\\/www.bellunopress.it\\\/2026\\\/05\\\/04\\\/scuole-dellinfanzia-sedico-punta-allinnovazione-pronti-180mila-euro-per-arredi-e-didattica\\\/\"},\"wordCount\":548,\"publisher\":{\"@id\":\"https:\\\/\\\/www.bellunopress.it\\\/#organization\"},\"image\":{\"@id\":\"https:\\\/\\\/www.bellunopress.it\\\/2026\\\/05\\\/04\\\/scuole-dellinfanzia-sedico-punta-allinnovazione-pronti-180mila-euro-per-arredi-e-didattica\\\/#primaryimage\"},\"thumbnailUrl\":\"https:\\\/\\\/www.bellunopress.it\\\/wp-content\\\/uploads\\\/2026\\\/05\\\/Christian-Roldo-sindaco-di-Sedico.jpg\",\"articleSection\":[\"Scuola\"],\"inLanguage\":\"fr-FR\"},{\"@type\":\"WebPage\",\"@id\":\"https:\\\/\\\/www.bellunopress.it\\\/2026\\\/05\\\/04\\\/scuole-dellinfanzia-sedico-punta-allinnovazione-pronti-180mila-euro-per-arredi-e-didattica\\\/\",\"url\":\"https:\\\/\\\/www.bellunopress.it\\\/2026\\\/05\\\/04\\\/scuole-dellinfanzia-sedico-punta-allinnovazione-pronti-180mila-euro-per-arredi-e-didattica\\\/\",\"name\":\"Scuole dell\u2019infanzia, Sedico punta all'innovazione: pronti 180mila euro per arredi e didattica - Bellunopress - Dolomiti\",\"isPartOf\":{\"@id\":\"https:\\\/\\\/www.bellunopress.it\\\/#website\"},\"primaryImageOfPage\":{\"@id\":\"https:\\\/\\\/www.bellunopress.it\\\/2026\\\/05\\\/04\\\/scuole-dellinfanzia-sedico-punta-allinnovazione-pronti-180mila-euro-per-arredi-e-didattica\\\/#primaryimage\"},\"image\":{\"@id\":\"https:\\\/\\\/www.bellunopress.it\\\/2026\\\/05\\\/04\\\/scuole-dellinfanzia-sedico-punta-allinnovazione-pronti-180mila-euro-per-arredi-e-didattica\\\/#primaryimage\"},\"thumbnailUrl\":\"https:\\\/\\\/www.bellunopress.it\\\/wp-content\\\/uploads\\\/2026\\\/05\\\/Christian-Roldo-sindaco-di-Sedico.jpg\",\"datePublished\":\"2026-05-04T13:38:10+00:00\",\"breadcrumb\":{\"@id\":\"https:\\\/\\\/www.bellunopress.it\\\/2026\\\/05\\\/04\\\/scuole-dellinfanzia-sedico-punta-allinnovazione-pronti-180mila-euro-per-arredi-e-didattica\\\/#breadcrumb\"},\"inLanguage\":\"fr-FR\",\"potentialAction\":[{\"@type\":\"ReadAction\",\"target\":[\"https:\\\/\\\/www.bellunopress.it\\\/2026\\\/05\\\/04\\\/scuole-dellinfanzia-sedico-punta-allinnovazione-pronti-180mila-euro-per-arredi-e-didattica\\\/\"]}]},{\"@type\":\"ImageObject\",\"inLanguage\":\"fr-FR\",\"@id\":\"https:\\\/\\\/www.bellunopress.it\\\/2026\\\/05\\\/04\\\/scuole-dellinfanzia-sedico-punta-allinnovazione-pronti-180mila-euro-per-arredi-e-didattica\\\/#primaryimage\",\"url\":\"https:\\\/\\\/www.bellunopress.it\\\/wp-content\\\/uploads\\\/2026\\\/05\\\/Christian-Roldo-sindaco-di-Sedico.jpg\",\"contentUrl\":\"https:\\\/\\\/www.bellunopress.it\\\/wp-content\\\/uploads\\\/2026\\\/05\\\/Christian-Roldo-sindaco-di-Sedico.jpg\",\"width\":500,\"height\":382,\"caption\":\"Christian Roldo - Sindaco di Sedico\"},{\"@type\":\"BreadcrumbList\",\"@id\":\"https:\\\/\\\/www.bellunopress.it\\\/2026\\\/05\\\/04\\\/scuole-dellinfanzia-sedico-punta-allinnovazione-pronti-180mila-euro-per-arredi-e-didattica\\\/#breadcrumb\",\"itemListElement\":[{\"@type\":\"ListItem\",\"position\":1,\"name\":\"Home\",\"item\":\"https:\\\/\\\/www.bellunopress.it\\\/\"},{\"@type\":\"ListItem\",\"position\":2,\"name\":\"Scuole dell\u2019infanzia, Sedico punta all&#8217;innovazione: pronti 180mila euro per arredi e didattica\"}]},{\"@type\":\"WebSite\",\"@id\":\"https:\\\/\\\/www.bellunopress.it\\\/#website\",\"url\":\"https:\\\/\\\/www.bellunopress.it\\\/\",\"name\":\"Bellunopress - Dolomiti\",\"description\":\"e-mail: redazione@bellunopress.it\",\"publisher\":{\"@id\":\"https:\\\/\\\/www.bellunopress.it\\\/#organization\"},\"potentialAction\":[{\"@type\":\"SearchAction\",\"target\":{\"@type\":\"EntryPoint\",\"urlTemplate\":\"https:\\\/\\\/www.bellunopress.it\\\/?s={search_term_string}\"},\"query-input\":{\"@type\":\"PropertyValueSpecification\",\"valueRequired\":true,\"valueName\":\"search_term_string\"}}],\"inLanguage\":\"fr-FR\"},{\"@type\":\"Organization\",\"@id\":\"https:\\\/\\\/www.bellunopress.it\\\/#organization\",\"name\":\"Bellunopress\",\"url\":\"https:\\\/\\\/www.bellunopress.it\\\/\",\"logo\":{\"@type\":\"ImageObject\",\"inLanguage\":\"fr-FR\",\"@id\":\"https:\\\/\\\/www.bellunopress.it\\\/#\\\/schema\\\/logo\\\/image\\\/\",\"url\":\"https:\\\/\\\/www.bellunopress.it\\\/wp-content\\\/uploads\\\/2011\\\/05\\\/cropped-logo-bellunopress-.jpg\",\"contentUrl\":\"https:\\\/\\\/www.bellunopress.it\\\/wp-content\\\/uploads\\\/2011\\\/05\\\/cropped-logo-bellunopress-.jpg\",\"width\":512,\"height\":512,\"caption\":\"Bellunopress\"},\"image\":{\"@id\":\"https:\\\/\\\/www.bellunopress.it\\\/#\\\/schema\\\/logo\\\/image\\\/\"},\"sameAs\":[\"https:\\\/\\\/www.facebook.com\\\/profile.php?id=100008943462799\",\"https:\\\/\\\/x.com\\\/bellunopress\",\"https:\\\/\\\/www.linkedin.com\\\/hp\\\/?dnr=JBzUWaJfMUw8vbXJJ2tVW5-I3jZKvC4wsoxE&amp;amp;amp;amp;amp;amp;trk=nav_responsive_tab_home\",\"https:\\\/\\\/www.youtube.com\\\/channel\\\/UCxL0wu1uN0_3_7hGG0306cw\"]},{\"@type\":\"Person\",\"@id\":\"https:\\\/\\\/www.bellunopress.it\\\/#\\\/schema\\\/person\\\/79bb06722b37ece1c03d3e94beb30d73\",\"name\":\"redazione\",\"image\":{\"@type\":\"ImageObject\",\"inLanguage\":\"fr-FR\",\"@id\":\"https:\\\/\\\/secure.gravatar.com\\\/avatar\\\/37d968a2e67a6fd04c169c4bdef102d0bc5d31b2546345219e348575eb80e9a0?s=96&d=mm&r=g\",\"url\":\"https:\\\/\\\/secure.gravatar.com\\\/avatar\\\/37d968a2e67a6fd04c169c4bdef102d0bc5d31b2546345219e348575eb80e9a0?s=96&d=mm&r=g\",\"contentUrl\":\"https:\\\/\\\/secure.gravatar.com\\\/avatar\\\/37d968a2e67a6fd04c169c4bdef102d0bc5d31b2546345219e348575eb80e9a0?s=96&d=mm&r=g\",\"caption\":\"redazione\"},\"sameAs\":[\"http:\\\/\\\/www.bellunopress.it\",\"https:\\\/\\\/x.com\\\/bellunopress\"],\"url\":\"https:\\\/\\\/www.bellunopress.it\\\/fr\\\/author\\\/redazione\\\/\"}]}<\/script>\n<!-- \/ Yoast SEO plugin. -->","yoast_head_json":{"title":"Scuole dell\u2019infanzia, Sedico punta all'innovazione: pronti 180mila euro per arredi e didattica - Bellunopress - Dolomiti","robots":{"index":"index","follow":"follow","max-snippet":"max-snippet:-1","max-image-preview":"max-image-preview:large","max-video-preview":"max-video-preview:-1"},"canonical":"https:\/\/www.bellunopress.it\/fr\/2026\/05\/04\/scuole-dellinfanzia-sedico-punta-allinnovazione-pronti-180mila-euro-per-arredi-e-didattica\/","og_locale":"fr_FR","og_type":"article","og_title":"Scuole dell\u2019infanzia, Sedico punta all'innovazione: pronti 180mila euro per arredi e didattica - Bellunopress - Dolomiti","og_description":"Sindaco Christian Roldo: &#8220;La preparazione e la tempistica ci hanno premiato e siamo stati finanziati per complessivi 180.000 euro a fondo perduto&#8221; Il Comune di Sedico ha presentato, nei primissimi minuti dall\u2019apertura della piattaforma ministeriale (ore 10.00 del 17 febbraio 2026), la candidatura al nuovo avviso pubblico del Ministero dell\u2019Istruzione e del Merito finalizzato a [&hellip;]","og_url":"https:\/\/www.bellunopress.it\/fr\/2026\/05\/04\/scuole-dellinfanzia-sedico-punta-allinnovazione-pronti-180mila-euro-per-arredi-e-didattica\/","og_site_name":"Bellunopress - Dolomiti","article_publisher":"https:\/\/www.facebook.com\/profile.php?id=100008943462799","article_published_time":"2026-05-04T13:38:10+00:00","og_image":[{"width":500,"height":382,"url":"https:\/\/www.bellunopress.it\/wp-content\/uploads\/2026\/05\/Christian-Roldo-sindaco-di-Sedico.jpg","type":"image\/jpeg"}],"author":"redazione","twitter_card":"summary_large_image","twitter_creator":"@bellunopress","twitter_site":"@bellunopress","twitter_misc":{"\u00c9crit par":"redazione","Dur\u00e9e de lecture estim\u00e9e":"3 minutes"},"schema":{"@context":"https:\/\/schema.org","@graph":[{"@type":"Article","@id":"https:\/\/www.bellunopress.it\/2026\/05\/04\/scuole-dellinfanzia-sedico-punta-allinnovazione-pronti-180mila-euro-per-arredi-e-didattica\/#article","isPartOf":{"@id":"https:\/\/www.bellunopress.it\/2026\/05\/04\/scuole-dellinfanzia-sedico-punta-allinnovazione-pronti-180mila-euro-per-arredi-e-didattica\/"},"author":{"name":"redazione","@id":"https:\/\/www.bellunopress.it\/#\/schema\/person\/79bb06722b37ece1c03d3e94beb30d73"},"headline":"Scuole dell\u2019infanzia, Sedico punta all&#8217;innovazione: pronti 180mila euro per arredi e didattica","datePublished":"2026-05-04T13:38:10+00:00","mainEntityOfPage":{"@id":"https:\/\/www.bellunopress.it\/2026\/05\/04\/scuole-dellinfanzia-sedico-punta-allinnovazione-pronti-180mila-euro-per-arredi-e-didattica\/"},"wordCount":548,"publisher":{"@id":"https:\/\/www.bellunopress.it\/#organization"},"image":{"@id":"https:\/\/www.bellunopress.it\/2026\/05\/04\/scuole-dellinfanzia-sedico-punta-allinnovazione-pronti-180mila-euro-per-arredi-e-didattica\/#primaryimage"},"thumbnailUrl":"https:\/\/www.bellunopress.it\/wp-content\/uploads\/2026\/05\/Christian-Roldo-sindaco-di-Sedico.jpg","articleSection":["Scuola"],"inLanguage":"fr-FR"},{"@type":"WebPage","@id":"https:\/\/www.bellunopress.it\/2026\/05\/04\/scuole-dellinfanzia-sedico-punta-allinnovazione-pronti-180mila-euro-per-arredi-e-didattica\/","url":"https:\/\/www.bellunopress.it\/2026\/05\/04\/scuole-dellinfanzia-sedico-punta-allinnovazione-pronti-180mila-euro-per-arredi-e-didattica\/","name":"Scuole dell\u2019infanzia, Sedico punta all'innovazione: pronti 180mila euro per arredi e didattica - Bellunopress - Dolomiti","isPartOf":{"@id":"https:\/\/www.bellunopress.it\/#website"},"primaryImageOfPage":{"@id":"https:\/\/www.bellunopress.it\/2026\/05\/04\/scuole-dellinfanzia-sedico-punta-allinnovazione-pronti-180mila-euro-per-arredi-e-didattica\/#primaryimage"},"image":{"@id":"https:\/\/www.bellunopress.it\/2026\/05\/04\/scuole-dellinfanzia-sedico-punta-allinnovazione-pronti-180mila-euro-per-arredi-e-didattica\/#primaryimage"},"thumbnailUrl":"https:\/\/www.bellunopress.it\/wp-content\/uploads\/2026\/05\/Christian-Roldo-sindaco-di-Sedico.jpg","datePublished":"2026-05-04T13:38:10+00:00","breadcrumb":{"@id":"https:\/\/www.bellunopress.it\/2026\/05\/04\/scuole-dellinfanzia-sedico-punta-allinnovazione-pronti-180mila-euro-per-arredi-e-didattica\/#breadcrumb"},"inLanguage":"fr-FR","potentialAction":[{"@type":"ReadAction","target":["https:\/\/www.bellunopress.it\/2026\/05\/04\/scuole-dellinfanzia-sedico-punta-allinnovazione-pronti-180mila-euro-per-arredi-e-didattica\/"]}]},{"@type":"ImageObject","inLanguage":"fr-FR","@id":"https:\/\/www.bellunopress.it\/2026\/05\/04\/scuole-dellinfanzia-sedico-punta-allinnovazione-pronti-180mila-euro-per-arredi-e-didattica\/#primaryimage","url":"https:\/\/www.bellunopress.it\/wp-content\/uploads\/2026\/05\/Christian-Roldo-sindaco-di-Sedico.jpg","contentUrl":"https:\/\/www.bellunopress.it\/wp-content\/uploads\/2026\/05\/Christian-Roldo-sindaco-di-Sedico.jpg","width":500,"height":382,"caption":"Christian Roldo - Sindaco di Sedico"},{"@type":"BreadcrumbList","@id":"https:\/\/www.bellunopress.it\/2026\/05\/04\/scuole-dellinfanzia-sedico-punta-allinnovazione-pronti-180mila-euro-per-arredi-e-didattica\/#breadcrumb","itemListElement":[{"@type":"ListItem","position":1,"name":"Home","item":"https:\/\/www.bellunopress.it\/"},{"@type":"ListItem","position":2,"name":"Scuole dell\u2019infanzia, Sedico punta all&#8217;innovazione: pronti 180mila euro per arredi e didattica"}]},{"@type":"WebSite","@id":"https:\/\/www.bellunopress.it\/#website","url":"https:\/\/www.bellunopress.it\/","name":"Bellunopress - Dolomiti","description":"e-mail: redazione@bellunopress.it","publisher":{"@id":"https:\/\/www.bellunopress.it\/#organization"},"potentialAction":[{"@type":"SearchAction","target":{"@type":"EntryPoint","urlTemplate":"https:\/\/www.bellunopress.it\/?s={search_term_string}"},"query-input":{"@type":"PropertyValueSpecification","valueRequired":true,"valueName":"search_term_string"}}],"inLanguage":"fr-FR"},{"@type":"Organization","@id":"https:\/\/www.bellunopress.it\/#organization","name":"Bellunopress","url":"https:\/\/www.bellunopress.it\/","logo":{"@type":"ImageObject","inLanguage":"fr-FR","@id":"https:\/\/www.bellunopress.it\/#\/schema\/logo\/image\/","url":"https:\/\/www.bellunopress.it\/wp-content\/uploads\/2011\/05\/cropped-logo-bellunopress-.jpg","contentUrl":"https:\/\/www.bellunopress.it\/wp-content\/uploads\/2011\/05\/cropped-logo-bellunopress-.jpg","width":512,"height":512,"caption":"Bellunopress"},"image":{"@id":"https:\/\/www.bellunopress.it\/#\/schema\/logo\/image\/"},"sameAs":["https:\/\/www.facebook.com\/profile.php?id=100008943462799","https:\/\/x.com\/bellunopress","https:\/\/www.linkedin.com\/hp\/?dnr=JBzUWaJfMUw8vbXJJ2tVW5-I3jZKvC4wsoxE&amp;amp;amp;amp;amp;amp;trk=nav_responsive_tab_home","https:\/\/www.youtube.com\/channel\/UCxL0wu1uN0_3_7hGG0306cw"]},{"@type":"Person","@id":"https:\/\/www.bellunopress.it\/#\/schema\/person\/79bb06722b37ece1c03d3e94beb30d73","name":"r\u00e9daction","image":{"@type":"ImageObject","inLanguage":"fr-FR","@id":"https:\/\/secure.gravatar.com\/avatar\/37d968a2e67a6fd04c169c4bdef102d0bc5d31b2546345219e348575eb80e9a0?s=96&d=mm&r=g","url":"https:\/\/secure.gravatar.com\/avatar\/37d968a2e67a6fd04c169c4bdef102d0bc5d31b2546345219e348575eb80e9a0?s=96&d=mm&r=g","contentUrl":"https:\/\/secure.gravatar.com\/avatar\/37d968a2e67a6fd04c169c4bdef102d0bc5d31b2546345219e348575eb80e9a0?s=96&d=mm&r=g","caption":"redazione"},"sameAs":["http:\/\/www.bellunopress.it","https:\/\/x.com\/bellunopress"],"url":"https:\/\/www.bellunopress.it\/fr\/author\/redazione\/"}]}},"_links":{"self":[{"href":"https:\/\/www.bellunopress.it\/fr\/wp-json\/wp\/v2\/posts\/169760","targetHints":{"allow":["GET"]}}],"collection":[{"href":"https:\/\/www.bellunopress.it\/fr\/wp-json\/wp\/v2\/posts"}],"about":[{"href":"https:\/\/www.bellunopress.it\/fr\/wp-json\/wp\/v2\/types\/post"}],"author":[{"embeddable":true,"href":"https:\/\/www.bellunopress.it\/fr\/wp-json\/wp\/v2\/users\/2"}],"replies":[{"embeddable":true,"href":"https:\/\/www.bellunopress.it\/fr\/wp-json\/wp\/v2\/comments?post=169760"}],"version-history":[{"count":1,"href":"https:\/\/www.bellunopress.it\/fr\/wp-json\/wp\/v2\/posts\/169760\/revisions"}],"predecessor-version":[{"id":169762,"href":"https:\/\/www.bellunopress.it\/fr\/wp-json\/wp\/v2\/posts\/169760\/revisions\/169762"}],"wp:featuredmedia":[{"embeddable":true,"href":"https:\/\/www.bellunopress.it\/fr\/wp-json\/wp\/v2\/media\/169761"}],"wp:attachment":[{"href":"https:\/\/www.bellunopress.it\/fr\/wp-json\/wp\/v2\/media?parent=169760"}],"wp:term":[{"taxonomy":"category","embeddable":true,"href":"https:\/\/www.bellunopress.it\/fr\/wp-json\/wp\/v2\/categories?post=169760"},{"taxonomy":"post_tag","embeddable":true,"href":"https:\/\/www.bellunopress.it\/fr\/wp-json\/wp\/v2\/tags?post=169760"}],"curies":[{"name":"wp","href":"https:\/\/api.w.org\/{rel}","templated":true}]}}