{"id":169754,"date":"2026-05-04T08:47:18","date_gmt":"2026-05-04T06:47:18","guid":{"rendered":"https:\/\/www.bellunopress.it\/?p=169754"},"modified":"2026-05-04T08:47:18","modified_gmt":"2026-05-04T06:47:18","slug":"valdobbiadene-jazz-festival-2026-due-nuovi-appuntamenti-questo-fine-settimana-il-programma-completo","status":"publish","type":"post","link":"https:\/\/www.bellunopress.it\/fr\/2026\/05\/04\/valdobbiadene-jazz-festival-2026-due-nuovi-appuntamenti-questo-fine-settimana-il-programma-completo\/","title":{"rendered":"Valdobbiadene Jazz Festival 2026: due nuovi appuntamenti questo fine settimana. Il programma completo"},"content":{"rendered":"<p>Dopo il weekend di eventi a Valdobbiadene appena trascorso, il ValdobbiadeneJazz Festival 2026 prosegue il proprio percorso con un nuovo fine settimana di musica, ascolto e scoperta, confermando la vocazione diffusa della rassegna e il suo legame<br \/>\ncon luoghi, comunit\u00e0 e paesaggio.<\/p>\n<p>Sabato 9 e domenica 10 maggio, la sezione ValdobbiadeneJazz Master accompagner\u00e0 il pubblico in tre appuntamenti diversi per atmosfera e linguaggio:<br \/>\ndal viaggio sonoro di Mauro Ottolini \u201cTrio Osaki\u201d al Teatro Bice Lazzari di Quero, al concerto immerso nelle Colline del Prosecco di Conegliano e Valdobbiadene con Zaninotto Zanette Rinaldi Trio presso Merotto, fino alla rilettura jazzistica e contemporanea del repertorio dei Beatles proposta da Sara Longo &amp; Alvise Seggi con \u201cMystery Tour\u201d all\u2019Auditorium Santo Stefano di Farra di Soligo.<br \/>\nUn weekend che racconta ancora una volta l\u2019identit\u00e0 del Festival: un jazz aperto, vivo e accessibile, capace di attraversare generi, territori e immaginari diversi, trasformando ogni concerto in un\u2019esperienza di incontro tra musica, luoghi e<br \/>\npubblico.<\/p>\n<p><strong>Il programma<\/strong><\/p>\n<p>Sabato 9 maggio 2026<br \/>\n\u25cf ore 21:00 \u2013 Mauro Ottolini \u201cTrio Osaki\u201d \u2013 Teatro Bice Lazzari, Quero (BL)<br \/>\nDomenica 10 maggio 2026<br \/>\n\u25cf ore 17:00 \u2013 Zaninotto Zanette Rinaldi Trio \u2013 Merotto, Col San Martino (TV)<br \/>\n\u25cf ore 20:30 \u2013 Sara Longo &amp; Alvise Seggi \u2013 \u201cMystery Tour\u201d \u2013 Auditorium<br \/>\nSanto Stefano, Farra di Soligo (TV)<br \/>\nDurante questa nuova fase della rassegna, il pubblico sar\u00e0 inoltre invitato a vivere il<br \/>\nFestival anche attraverso l\u2019iniziativa promossa con Deutsche Bank Italia, Main<br \/>\nSponsor dell\u2019edizione 2026, che rafforza il legame tra esperienza culturale, territorio<br \/>\ne partecipazione. La presenza del Main Sponsor accompagna cos\u00ec un\u2019edizione che\u00a0segna una crescita del Festival anche<br \/>\nsul piano delle collaborazioni strategiche e della sua capacit\u00e0 di fare rete.<br \/>\nVivi il ValdobbiadeneJazz con Deutsche Bank attraverso uno sguardo d\u2019autore &#8211; In<br \/>\noccasione del ValdobbiadeneJazz, Deutsche Bank propone un\u2019esperienza che intreccia<br \/>\nmusica, territorio e narrazione visiva, invitando il pubblico a scoprire il festival attraverso uno<br \/>\nsguardo d\u2019autore.<br \/>\nAttraverso <a href=\"https:\/\/secure.deutschebank.it\/pac\/valdobbiadene_jazz_festival_sguardo_autore\">questo link dedicato<\/a> \u00e8 possibile registrarsi per ricevere, al termine del festival, un<br \/>\nracconto fotografico d\u2019autore che restituisce l\u2019atmosfera dell\u2019evento e del territorio, tra<br \/>\npaesaggi e protagonisti musicali.<br \/>\nGli scatti realizzati da Alessia Banterla, vincitrice del premio Faces Award come Miglior<br \/>\nRitrattista dell\u2019Anno 2025, saranno accompagnati da una breve narrazione artistica.<\/p>\n<p>Con questi appuntamenti, ValdobbiadeneJazz continua a portare la musica fuori dai luoghi consueti, intrecciando ricerca artistica, ascolto, paesaggio e convivialit\u00e0.<br \/>\nLa rassegna proseguir\u00e0 poi fino al 17 maggio, accompagnando il pubblico verso gli ultimi eventi della sezione Master e il concerto finale con Lou Marini &amp; The Italian Groovers.<br \/>\nPer maggiori informazioni e prenotazioni, il programma del Festival \u00e8 consultabile su www.valdobbiadenejazz.com e sui canali social ufficiali.<\/p>\n<p><strong>SABATO 9 MAGGIO 2026<\/strong><br \/>\nMAURO OTTOLINI \u201cTRIO OSAKI\u201d<br \/>\nOre 21:00 \u2013 Teatro Bice Lazzari, Quero (BL)<br \/>\nIngresso a pagamento \u20ac12,00 \u2013 gratuito under 14 anni<br \/>\nPrenotazioni: info@centroculturalequero.it \/ WhatsApp 348 5934258<br \/>\nMauro Ottolini, tra le voci pi\u00f9 originali del jazz italiano ed europeo, incontra il Trio Osaki in un dialogo sonoro<br \/>\nsorprendente e ricco di sfumature. Il concerto accompagna il pubblico in un viaggio musicale che attraversa<br \/>\nquasi un secolo di storia del jazz, tra composizioni originali, suggestioni popolari e nuovi linguaggi<br \/>\ncontemporanei.<br \/>\nLa spiccata personalit\u00e0 creativa dei musicisti d\u00e0 vita a un intreccio sonoro unico, dove strumenti come ottoni,<br \/>\nfisarmonica, chitarra e persino conchiglie diventano parte di un racconto musicale libero, visionario e in continua<br \/>\nevoluzione.<br \/>\nUn\u2019esperienza coinvolgente, tra invenzione, improvvisazione e racconto, capace di restituire al jazz la sua<br \/>\ndimensione pi\u00f9 aperta, curiosa e sorprendente.<br \/>\nLine up<br \/>\nMauro Ottolini \u2013 trombone, tromba bassa, conchiglie, voce<br \/>\nThomas Sinigaglia \u2013 fisarmonica, looper<br \/>\nMarco Bianchi \u2013 chitarra classica<\/p>\n<p><strong>DOMENICA 10 MAGGIO 2026<\/strong><br \/>\nZANINOTTO ZANETTE RINALDI TRIO<br \/>\nOre 17:00 \u2013 Merotto, Piazza Rovere 16, Col San Martino (TV)<br \/>\nIngresso libero<br \/>\nUn concerto tra luce, paesaggio e ascolto.<br \/>\nNel cuore delle Colline del Prosecco di Conegliano e Valdobbiadene, la musica accompagna il tardo pomeriggio<br \/>\nin uno dei momenti pi\u00f9 suggestivi della giornata, quando i colori si fanno pi\u00f9 caldi e il tempo rallenta.<br \/>\nIl trio formato da Nevio Zaninotto, Jacopo Zanette e Gianpaolo Rinaldi propone un dialogo musicale ricco e<br \/>\ndinamico, che attraversa la tradizione jazzistica aprendosi a sonorit\u00e0 contemporanee. Sax, batteria e organo<br \/>\nHammond si intrecciano tra scrittura e improvvisazione, dando vita a un suono in continua evoluzione, tra<br \/>\nenergia, ricerca e libert\u00e0 espressiva.<br \/>\nIl progetto unisce repertori legati ai grandi autori del jazz a composizioni originali, costruendo un equilibrio tra<br \/>\nmemoria e sperimentazione.<br \/>\nUn\u2019esperienza da vivere immersi nel paesaggio, tra musica e territorio.<br \/>\nLine up<br \/>\nNevio Zaninotto \u2013 sax<br \/>\nJacopo Zanette \u2013 batteria<br \/>\nGianpaolo Rinaldi \u2013 organo Hammond<\/p>\n<p><strong>DOMENICA 10 MAGGIO 2026<\/strong><br \/>\nSARA LONGO &amp; ALVISE SEGGI \u2013<br \/>\n\u201cMYSTERY TOUR\u201d<br \/>\nOre 20:30 \u2013 Auditorium Santo Stefano, Via Cal Nova 16, Farra di Soligo (TV)<br \/>\nIngresso libero<br \/>\n\u201cMystery Tour\u201d \u00e8 il progetto della cantante italo-francese Sara Longo e del violoncellista e polistrumentista Alvise<br \/>\nSeggi: un duo essenziale e intenso che rilegge la musica dei Beatles attraverso una sensibilit\u00e0 jazzistica<br \/>\ncontemporanea.<br \/>\nVoce e violoncello si intrecciano in un dialogo intimo e ricco di contrasti, tra bordoni ipnotici, elettronica dal vivo,<br \/>\nritmi sincopati e richiami blues. Le melodie diventano materia da esplorare, trasformandosi in nuove forme<br \/>\nsonore grazie a un interplay profondo e dinamico.<br \/>\nIl pubblico riconosce, partecipa, si lascia guidare. E ogni brano diventa un viaggio condiviso.<br \/>\nIl progetto, dopo due anni di collaborazione, prende forma nel disco \u201cMystery Tour\u201d, pubblicato nel 2025<br \/>\ndall\u2019etichetta francese Fr\u00e9meaux et Associ\u00e9s.<br \/>\nUn concerto raffinato e immersivo, dove la semplicit\u00e0 diventa spazio creativo.<br \/>\nLine up<br \/>\nSara Longo \u2013 voce, percussioni, live electronics<br \/>\nAlvise Seggi \u2013 violoncello, percussioni, live electronics<\/p>","protected":false},"excerpt":{"rendered":"<p>Dopo il weekend di eventi a Valdobbiadene appena trascorso, il ValdobbiadeneJazz Festival 2026 prosegue il proprio percorso con un nuovo fine settimana di musica, ascolto e scoperta, confermando la vocazione diffusa della rassegna e il suo legame con luoghi, comunit\u00e0 e paesaggio. Sabato 9 e domenica 10 maggio, la sezione ValdobbiadeneJazz Master accompagner\u00e0 il pubblico [&hellip;]<\/p>\n","protected":false},"author":2,"featured_media":169755,"comment_status":"closed","ping_status":"open","sticky":false,"template":"","format":"standard","meta":{"footnotes":""},"categories":[27,3394],"tags":[],"class_list":["post-169754","post","type-post","status-publish","format-standard","has-post-thumbnail","category-appuntamenti","category-cultura-e-spettacoli-fuori-provincia"],"yoast_head":"<!-- This site is optimized with the Yoast SEO plugin v28.4 - https:\/\/yoast.com\/product\/yoast-seo-wordpress\/ -->\n<title>Valdobbiadene Jazz Festival 2026: due nuovi appuntamenti questo fine settimana. Il programma completo - Bellunopress - Dolomiti<\/title>\n<meta name=\"robots\" content=\"index, follow, max-snippet:-1, max-image-preview:large, max-video-preview:-1\" \/>\n<link rel=\"canonical\" href=\"https:\/\/www.bellunopress.it\/fr\/2026\/05\/04\/valdobbiadene-jazz-festival-2026-due-nuovi-appuntamenti-questo-fine-settimana-il-programma-completo\/\" \/>\n<meta property=\"og:locale\" content=\"fr_FR\" \/>\n<meta property=\"og:type\" content=\"article\" \/>\n<meta property=\"og:title\" content=\"Valdobbiadene Jazz Festival 2026: due nuovi appuntamenti questo fine settimana. Il programma completo - Bellunopress - Dolomiti\" \/>\n<meta property=\"og:description\" content=\"Dopo il weekend di eventi a Valdobbiadene appena trascorso, il ValdobbiadeneJazz Festival 2026 prosegue il proprio percorso con un nuovo fine settimana di musica, ascolto e scoperta, confermando la vocazione diffusa della rassegna e il suo legame con luoghi, comunit\u00e0 e paesaggio. Sabato 9 e domenica 10 maggio, la sezione ValdobbiadeneJazz Master accompagner\u00e0 il pubblico [&hellip;]\" \/>\n<meta property=\"og:url\" content=\"https:\/\/www.bellunopress.it\/fr\/2026\/05\/04\/valdobbiadene-jazz-festival-2026-due-nuovi-appuntamenti-questo-fine-settimana-il-programma-completo\/\" \/>\n<meta property=\"og:site_name\" content=\"Bellunopress - Dolomiti\" \/>\n<meta property=\"article:publisher\" content=\"https:\/\/www.facebook.com\/profile.php?id=100008943462799\" \/>\n<meta property=\"article:published_time\" content=\"2026-05-04T06:47:18+00:00\" \/>\n<meta property=\"og:image\" content=\"https:\/\/www.bellunopress.it\/wp-content\/uploads\/2026\/05\/Valdobbiadene-Jazz-Festival-2026-Sara-Longo-Alvise-Seggi.jpg\" \/>\n\t<meta property=\"og:image:width\" content=\"500\" \/>\n\t<meta property=\"og:image:height\" content=\"364\" \/>\n\t<meta property=\"og:image:type\" content=\"image\/jpeg\" \/>\n<meta name=\"author\" content=\"redazione\" \/>\n<meta name=\"twitter:card\" content=\"summary_large_image\" \/>\n<meta name=\"twitter:creator\" content=\"@bellunopress\" \/>\n<meta name=\"twitter:site\" content=\"@bellunopress\" \/>\n<meta name=\"twitter:label1\" content=\"\u00c9crit par\" \/>\n\t<meta name=\"twitter:data1\" content=\"redazione\" \/>\n\t<meta name=\"twitter:label2\" content=\"Dur\u00e9e de lecture estim\u00e9e\" \/>\n\t<meta name=\"twitter:data2\" content=\"5 minutes\" \/>\n<script type=\"application\/ld+json\" class=\"yoast-schema-graph\">{\"@context\":\"https:\\\/\\\/schema.org\",\"@graph\":[{\"@type\":\"Article\",\"@id\":\"https:\\\/\\\/www.bellunopress.it\\\/2026\\\/05\\\/04\\\/valdobbiadene-jazz-festival-2026-due-nuovi-appuntamenti-questo-fine-settimana-il-programma-completo\\\/#article\",\"isPartOf\":{\"@id\":\"https:\\\/\\\/www.bellunopress.it\\\/2026\\\/05\\\/04\\\/valdobbiadene-jazz-festival-2026-due-nuovi-appuntamenti-questo-fine-settimana-il-programma-completo\\\/\"},\"author\":{\"name\":\"redazione\",\"@id\":\"https:\\\/\\\/www.bellunopress.it\\\/#\\\/schema\\\/person\\\/79bb06722b37ece1c03d3e94beb30d73\"},\"headline\":\"Valdobbiadene Jazz Festival 2026: due nuovi appuntamenti questo fine settimana. Il programma completo\",\"datePublished\":\"2026-05-04T06:47:18+00:00\",\"mainEntityOfPage\":{\"@id\":\"https:\\\/\\\/www.bellunopress.it\\\/2026\\\/05\\\/04\\\/valdobbiadene-jazz-festival-2026-due-nuovi-appuntamenti-questo-fine-settimana-il-programma-completo\\\/\"},\"wordCount\":896,\"publisher\":{\"@id\":\"https:\\\/\\\/www.bellunopress.it\\\/#organization\"},\"image\":{\"@id\":\"https:\\\/\\\/www.bellunopress.it\\\/2026\\\/05\\\/04\\\/valdobbiadene-jazz-festival-2026-due-nuovi-appuntamenti-questo-fine-settimana-il-programma-completo\\\/#primaryimage\"},\"thumbnailUrl\":\"https:\\\/\\\/www.bellunopress.it\\\/wp-content\\\/uploads\\\/2026\\\/05\\\/Valdobbiadene-Jazz-Festival-2026-Sara-Longo-Alvise-Seggi.jpg\",\"articleSection\":[\"Appuntamenti, Eventi\",\"Cultura e spettacoli, tempo libero, benessere, fuori provincia\"],\"inLanguage\":\"fr-FR\"},{\"@type\":\"WebPage\",\"@id\":\"https:\\\/\\\/www.bellunopress.it\\\/2026\\\/05\\\/04\\\/valdobbiadene-jazz-festival-2026-due-nuovi-appuntamenti-questo-fine-settimana-il-programma-completo\\\/\",\"url\":\"https:\\\/\\\/www.bellunopress.it\\\/2026\\\/05\\\/04\\\/valdobbiadene-jazz-festival-2026-due-nuovi-appuntamenti-questo-fine-settimana-il-programma-completo\\\/\",\"name\":\"Valdobbiadene Jazz Festival 2026: due nuovi appuntamenti questo fine settimana. Il programma completo - Bellunopress - Dolomiti\",\"isPartOf\":{\"@id\":\"https:\\\/\\\/www.bellunopress.it\\\/#website\"},\"primaryImageOfPage\":{\"@id\":\"https:\\\/\\\/www.bellunopress.it\\\/2026\\\/05\\\/04\\\/valdobbiadene-jazz-festival-2026-due-nuovi-appuntamenti-questo-fine-settimana-il-programma-completo\\\/#primaryimage\"},\"image\":{\"@id\":\"https:\\\/\\\/www.bellunopress.it\\\/2026\\\/05\\\/04\\\/valdobbiadene-jazz-festival-2026-due-nuovi-appuntamenti-questo-fine-settimana-il-programma-completo\\\/#primaryimage\"},\"thumbnailUrl\":\"https:\\\/\\\/www.bellunopress.it\\\/wp-content\\\/uploads\\\/2026\\\/05\\\/Valdobbiadene-Jazz-Festival-2026-Sara-Longo-Alvise-Seggi.jpg\",\"datePublished\":\"2026-05-04T06:47:18+00:00\",\"breadcrumb\":{\"@id\":\"https:\\\/\\\/www.bellunopress.it\\\/2026\\\/05\\\/04\\\/valdobbiadene-jazz-festival-2026-due-nuovi-appuntamenti-questo-fine-settimana-il-programma-completo\\\/#breadcrumb\"},\"inLanguage\":\"fr-FR\",\"potentialAction\":[{\"@type\":\"ReadAction\",\"target\":[\"https:\\\/\\\/www.bellunopress.it\\\/2026\\\/05\\\/04\\\/valdobbiadene-jazz-festival-2026-due-nuovi-appuntamenti-questo-fine-settimana-il-programma-completo\\\/\"]}]},{\"@type\":\"ImageObject\",\"inLanguage\":\"fr-FR\",\"@id\":\"https:\\\/\\\/www.bellunopress.it\\\/2026\\\/05\\\/04\\\/valdobbiadene-jazz-festival-2026-due-nuovi-appuntamenti-questo-fine-settimana-il-programma-completo\\\/#primaryimage\",\"url\":\"https:\\\/\\\/www.bellunopress.it\\\/wp-content\\\/uploads\\\/2026\\\/05\\\/Valdobbiadene-Jazz-Festival-2026-Sara-Longo-Alvise-Seggi.jpg\",\"contentUrl\":\"https:\\\/\\\/www.bellunopress.it\\\/wp-content\\\/uploads\\\/2026\\\/05\\\/Valdobbiadene-Jazz-Festival-2026-Sara-Longo-Alvise-Seggi.jpg\",\"width\":500,\"height\":364,\"caption\":\"Valdobbiadene Jazz Festival 2026 - Sara Longo & Alvise Seggi\"},{\"@type\":\"BreadcrumbList\",\"@id\":\"https:\\\/\\\/www.bellunopress.it\\\/2026\\\/05\\\/04\\\/valdobbiadene-jazz-festival-2026-due-nuovi-appuntamenti-questo-fine-settimana-il-programma-completo\\\/#breadcrumb\",\"itemListElement\":[{\"@type\":\"ListItem\",\"position\":1,\"name\":\"Home\",\"item\":\"https:\\\/\\\/www.bellunopress.it\\\/\"},{\"@type\":\"ListItem\",\"position\":2,\"name\":\"Valdobbiadene Jazz Festival 2026: due nuovi appuntamenti questo fine settimana. Il programma completo\"}]},{\"@type\":\"WebSite\",\"@id\":\"https:\\\/\\\/www.bellunopress.it\\\/#website\",\"url\":\"https:\\\/\\\/www.bellunopress.it\\\/\",\"name\":\"Bellunopress - Dolomiti\",\"description\":\"e-mail: redazione@bellunopress.it\",\"publisher\":{\"@id\":\"https:\\\/\\\/www.bellunopress.it\\\/#organization\"},\"potentialAction\":[{\"@type\":\"SearchAction\",\"target\":{\"@type\":\"EntryPoint\",\"urlTemplate\":\"https:\\\/\\\/www.bellunopress.it\\\/?s={search_term_string}\"},\"query-input\":{\"@type\":\"PropertyValueSpecification\",\"valueRequired\":true,\"valueName\":\"search_term_string\"}}],\"inLanguage\":\"fr-FR\"},{\"@type\":\"Organization\",\"@id\":\"https:\\\/\\\/www.bellunopress.it\\\/#organization\",\"name\":\"Bellunopress\",\"url\":\"https:\\\/\\\/www.bellunopress.it\\\/\",\"logo\":{\"@type\":\"ImageObject\",\"inLanguage\":\"fr-FR\",\"@id\":\"https:\\\/\\\/www.bellunopress.it\\\/#\\\/schema\\\/logo\\\/image\\\/\",\"url\":\"https:\\\/\\\/www.bellunopress.it\\\/wp-content\\\/uploads\\\/2011\\\/05\\\/cropped-logo-bellunopress-.jpg\",\"contentUrl\":\"https:\\\/\\\/www.bellunopress.it\\\/wp-content\\\/uploads\\\/2011\\\/05\\\/cropped-logo-bellunopress-.jpg\",\"width\":512,\"height\":512,\"caption\":\"Bellunopress\"},\"image\":{\"@id\":\"https:\\\/\\\/www.bellunopress.it\\\/#\\\/schema\\\/logo\\\/image\\\/\"},\"sameAs\":[\"https:\\\/\\\/www.facebook.com\\\/profile.php?id=100008943462799\",\"https:\\\/\\\/x.com\\\/bellunopress\",\"https:\\\/\\\/www.linkedin.com\\\/hp\\\/?dnr=JBzUWaJfMUw8vbXJJ2tVW5-I3jZKvC4wsoxE&amp;amp;amp;amp;amp;amp;trk=nav_responsive_tab_home\",\"https:\\\/\\\/www.youtube.com\\\/channel\\\/UCxL0wu1uN0_3_7hGG0306cw\"]},{\"@type\":\"Person\",\"@id\":\"https:\\\/\\\/www.bellunopress.it\\\/#\\\/schema\\\/person\\\/79bb06722b37ece1c03d3e94beb30d73\",\"name\":\"redazione\",\"image\":{\"@type\":\"ImageObject\",\"inLanguage\":\"fr-FR\",\"@id\":\"https:\\\/\\\/secure.gravatar.com\\\/avatar\\\/37d968a2e67a6fd04c169c4bdef102d0bc5d31b2546345219e348575eb80e9a0?s=96&d=mm&r=g\",\"url\":\"https:\\\/\\\/secure.gravatar.com\\\/avatar\\\/37d968a2e67a6fd04c169c4bdef102d0bc5d31b2546345219e348575eb80e9a0?s=96&d=mm&r=g\",\"contentUrl\":\"https:\\\/\\\/secure.gravatar.com\\\/avatar\\\/37d968a2e67a6fd04c169c4bdef102d0bc5d31b2546345219e348575eb80e9a0?s=96&d=mm&r=g\",\"caption\":\"redazione\"},\"sameAs\":[\"http:\\\/\\\/www.bellunopress.it\",\"https:\\\/\\\/x.com\\\/bellunopress\"],\"url\":\"https:\\\/\\\/www.bellunopress.it\\\/fr\\\/author\\\/redazione\\\/\"}]}<\/script>\n<!-- \/ Yoast SEO plugin. -->","yoast_head_json":{"title":"Valdobbiadene Jazz Festival 2026: due nuovi appuntamenti questo fine settimana. Il programma completo - Bellunopress - Dolomiti","robots":{"index":"index","follow":"follow","max-snippet":"max-snippet:-1","max-image-preview":"max-image-preview:large","max-video-preview":"max-video-preview:-1"},"canonical":"https:\/\/www.bellunopress.it\/fr\/2026\/05\/04\/valdobbiadene-jazz-festival-2026-due-nuovi-appuntamenti-questo-fine-settimana-il-programma-completo\/","og_locale":"fr_FR","og_type":"article","og_title":"Valdobbiadene Jazz Festival 2026: due nuovi appuntamenti questo fine settimana. Il programma completo - Bellunopress - Dolomiti","og_description":"Dopo il weekend di eventi a Valdobbiadene appena trascorso, il ValdobbiadeneJazz Festival 2026 prosegue il proprio percorso con un nuovo fine settimana di musica, ascolto e scoperta, confermando la vocazione diffusa della rassegna e il suo legame con luoghi, comunit\u00e0 e paesaggio. Sabato 9 e domenica 10 maggio, la sezione ValdobbiadeneJazz Master accompagner\u00e0 il pubblico [&hellip;]","og_url":"https:\/\/www.bellunopress.it\/fr\/2026\/05\/04\/valdobbiadene-jazz-festival-2026-due-nuovi-appuntamenti-questo-fine-settimana-il-programma-completo\/","og_site_name":"Bellunopress - Dolomiti","article_publisher":"https:\/\/www.facebook.com\/profile.php?id=100008943462799","article_published_time":"2026-05-04T06:47:18+00:00","og_image":[{"width":500,"height":364,"url":"https:\/\/www.bellunopress.it\/wp-content\/uploads\/2026\/05\/Valdobbiadene-Jazz-Festival-2026-Sara-Longo-Alvise-Seggi.jpg","type":"image\/jpeg"}],"author":"redazione","twitter_card":"summary_large_image","twitter_creator":"@bellunopress","twitter_site":"@bellunopress","twitter_misc":{"\u00c9crit par":"redazione","Dur\u00e9e de lecture estim\u00e9e":"5 minutes"},"schema":{"@context":"https:\/\/schema.org","@graph":[{"@type":"Article","@id":"https:\/\/www.bellunopress.it\/2026\/05\/04\/valdobbiadene-jazz-festival-2026-due-nuovi-appuntamenti-questo-fine-settimana-il-programma-completo\/#article","isPartOf":{"@id":"https:\/\/www.bellunopress.it\/2026\/05\/04\/valdobbiadene-jazz-festival-2026-due-nuovi-appuntamenti-questo-fine-settimana-il-programma-completo\/"},"author":{"name":"redazione","@id":"https:\/\/www.bellunopress.it\/#\/schema\/person\/79bb06722b37ece1c03d3e94beb30d73"},"headline":"Valdobbiadene Jazz Festival 2026: due nuovi appuntamenti questo fine settimana. Il programma completo","datePublished":"2026-05-04T06:47:18+00:00","mainEntityOfPage":{"@id":"https:\/\/www.bellunopress.it\/2026\/05\/04\/valdobbiadene-jazz-festival-2026-due-nuovi-appuntamenti-questo-fine-settimana-il-programma-completo\/"},"wordCount":896,"publisher":{"@id":"https:\/\/www.bellunopress.it\/#organization"},"image":{"@id":"https:\/\/www.bellunopress.it\/2026\/05\/04\/valdobbiadene-jazz-festival-2026-due-nuovi-appuntamenti-questo-fine-settimana-il-programma-completo\/#primaryimage"},"thumbnailUrl":"https:\/\/www.bellunopress.it\/wp-content\/uploads\/2026\/05\/Valdobbiadene-Jazz-Festival-2026-Sara-Longo-Alvise-Seggi.jpg","articleSection":["Appuntamenti, Eventi","Cultura e spettacoli, tempo libero, benessere, fuori provincia"],"inLanguage":"fr-FR"},{"@type":"WebPage","@id":"https:\/\/www.bellunopress.it\/2026\/05\/04\/valdobbiadene-jazz-festival-2026-due-nuovi-appuntamenti-questo-fine-settimana-il-programma-completo\/","url":"https:\/\/www.bellunopress.it\/2026\/05\/04\/valdobbiadene-jazz-festival-2026-due-nuovi-appuntamenti-questo-fine-settimana-il-programma-completo\/","name":"Valdobbiadene Jazz Festival 2026: due nuovi appuntamenti questo fine settimana. Il programma completo - Bellunopress - Dolomiti","isPartOf":{"@id":"https:\/\/www.bellunopress.it\/#website"},"primaryImageOfPage":{"@id":"https:\/\/www.bellunopress.it\/2026\/05\/04\/valdobbiadene-jazz-festival-2026-due-nuovi-appuntamenti-questo-fine-settimana-il-programma-completo\/#primaryimage"},"image":{"@id":"https:\/\/www.bellunopress.it\/2026\/05\/04\/valdobbiadene-jazz-festival-2026-due-nuovi-appuntamenti-questo-fine-settimana-il-programma-completo\/#primaryimage"},"thumbnailUrl":"https:\/\/www.bellunopress.it\/wp-content\/uploads\/2026\/05\/Valdobbiadene-Jazz-Festival-2026-Sara-Longo-Alvise-Seggi.jpg","datePublished":"2026-05-04T06:47:18+00:00","breadcrumb":{"@id":"https:\/\/www.bellunopress.it\/2026\/05\/04\/valdobbiadene-jazz-festival-2026-due-nuovi-appuntamenti-questo-fine-settimana-il-programma-completo\/#breadcrumb"},"inLanguage":"fr-FR","potentialAction":[{"@type":"ReadAction","target":["https:\/\/www.bellunopress.it\/2026\/05\/04\/valdobbiadene-jazz-festival-2026-due-nuovi-appuntamenti-questo-fine-settimana-il-programma-completo\/"]}]},{"@type":"ImageObject","inLanguage":"fr-FR","@id":"https:\/\/www.bellunopress.it\/2026\/05\/04\/valdobbiadene-jazz-festival-2026-due-nuovi-appuntamenti-questo-fine-settimana-il-programma-completo\/#primaryimage","url":"https:\/\/www.bellunopress.it\/wp-content\/uploads\/2026\/05\/Valdobbiadene-Jazz-Festival-2026-Sara-Longo-Alvise-Seggi.jpg","contentUrl":"https:\/\/www.bellunopress.it\/wp-content\/uploads\/2026\/05\/Valdobbiadene-Jazz-Festival-2026-Sara-Longo-Alvise-Seggi.jpg","width":500,"height":364,"caption":"Valdobbiadene Jazz Festival 2026 - Sara Longo & Alvise Seggi"},{"@type":"BreadcrumbList","@id":"https:\/\/www.bellunopress.it\/2026\/05\/04\/valdobbiadene-jazz-festival-2026-due-nuovi-appuntamenti-questo-fine-settimana-il-programma-completo\/#breadcrumb","itemListElement":[{"@type":"ListItem","position":1,"name":"Home","item":"https:\/\/www.bellunopress.it\/"},{"@type":"ListItem","position":2,"name":"Valdobbiadene Jazz Festival 2026: due nuovi appuntamenti questo fine settimana. Il programma completo"}]},{"@type":"WebSite","@id":"https:\/\/www.bellunopress.it\/#website","url":"https:\/\/www.bellunopress.it\/","name":"Bellunopress - Dolomiti","description":"e-mail: redazione@bellunopress.it","publisher":{"@id":"https:\/\/www.bellunopress.it\/#organization"},"potentialAction":[{"@type":"SearchAction","target":{"@type":"EntryPoint","urlTemplate":"https:\/\/www.bellunopress.it\/?s={search_term_string}"},"query-input":{"@type":"PropertyValueSpecification","valueRequired":true,"valueName":"search_term_string"}}],"inLanguage":"fr-FR"},{"@type":"Organization","@id":"https:\/\/www.bellunopress.it\/#organization","name":"Bellunopress","url":"https:\/\/www.bellunopress.it\/","logo":{"@type":"ImageObject","inLanguage":"fr-FR","@id":"https:\/\/www.bellunopress.it\/#\/schema\/logo\/image\/","url":"https:\/\/www.bellunopress.it\/wp-content\/uploads\/2011\/05\/cropped-logo-bellunopress-.jpg","contentUrl":"https:\/\/www.bellunopress.it\/wp-content\/uploads\/2011\/05\/cropped-logo-bellunopress-.jpg","width":512,"height":512,"caption":"Bellunopress"},"image":{"@id":"https:\/\/www.bellunopress.it\/#\/schema\/logo\/image\/"},"sameAs":["https:\/\/www.facebook.com\/profile.php?id=100008943462799","https:\/\/x.com\/bellunopress","https:\/\/www.linkedin.com\/hp\/?dnr=JBzUWaJfMUw8vbXJJ2tVW5-I3jZKvC4wsoxE&amp;amp;amp;amp;amp;amp;trk=nav_responsive_tab_home","https:\/\/www.youtube.com\/channel\/UCxL0wu1uN0_3_7hGG0306cw"]},{"@type":"Person","@id":"https:\/\/www.bellunopress.it\/#\/schema\/person\/79bb06722b37ece1c03d3e94beb30d73","name":"r\u00e9daction","image":{"@type":"ImageObject","inLanguage":"fr-FR","@id":"https:\/\/secure.gravatar.com\/avatar\/37d968a2e67a6fd04c169c4bdef102d0bc5d31b2546345219e348575eb80e9a0?s=96&d=mm&r=g","url":"https:\/\/secure.gravatar.com\/avatar\/37d968a2e67a6fd04c169c4bdef102d0bc5d31b2546345219e348575eb80e9a0?s=96&d=mm&r=g","contentUrl":"https:\/\/secure.gravatar.com\/avatar\/37d968a2e67a6fd04c169c4bdef102d0bc5d31b2546345219e348575eb80e9a0?s=96&d=mm&r=g","caption":"redazione"},"sameAs":["http:\/\/www.bellunopress.it","https:\/\/x.com\/bellunopress"],"url":"https:\/\/www.bellunopress.it\/fr\/author\/redazione\/"}]}},"_links":{"self":[{"href":"https:\/\/www.bellunopress.it\/fr\/wp-json\/wp\/v2\/posts\/169754","targetHints":{"allow":["GET"]}}],"collection":[{"href":"https:\/\/www.bellunopress.it\/fr\/wp-json\/wp\/v2\/posts"}],"about":[{"href":"https:\/\/www.bellunopress.it\/fr\/wp-json\/wp\/v2\/types\/post"}],"author":[{"embeddable":true,"href":"https:\/\/www.bellunopress.it\/fr\/wp-json\/wp\/v2\/users\/2"}],"replies":[{"embeddable":true,"href":"https:\/\/www.bellunopress.it\/fr\/wp-json\/wp\/v2\/comments?post=169754"}],"version-history":[{"count":1,"href":"https:\/\/www.bellunopress.it\/fr\/wp-json\/wp\/v2\/posts\/169754\/revisions"}],"predecessor-version":[{"id":169756,"href":"https:\/\/www.bellunopress.it\/fr\/wp-json\/wp\/v2\/posts\/169754\/revisions\/169756"}],"wp:featuredmedia":[{"embeddable":true,"href":"https:\/\/www.bellunopress.it\/fr\/wp-json\/wp\/v2\/media\/169755"}],"wp:attachment":[{"href":"https:\/\/www.bellunopress.it\/fr\/wp-json\/wp\/v2\/media?parent=169754"}],"wp:term":[{"taxonomy":"category","embeddable":true,"href":"https:\/\/www.bellunopress.it\/fr\/wp-json\/wp\/v2\/categories?post=169754"},{"taxonomy":"post_tag","embeddable":true,"href":"https:\/\/www.bellunopress.it\/fr\/wp-json\/wp\/v2\/tags?post=169754"}],"curies":[{"name":"wp","href":"https:\/\/api.w.org\/{rel}","templated":true}]}}