{"id":169732,"date":"2026-05-03T07:18:56","date_gmt":"2026-05-03T05:18:56","guid":{"rendered":"https:\/\/www.bellunopress.it\/?p=169732"},"modified":"2026-05-03T07:18:56","modified_gmt":"2026-05-03T05:18:56","slug":"giornata-per-la-liberta-di-stampa-non-solo-memoria-ma-lotta-contro-linvisibilita-dei-diritti","status":"publish","type":"post","link":"https:\/\/www.bellunopress.it\/fr\/2026\/05\/03\/giornata-per-la-liberta-di-stampa-non-solo-memoria-ma-lotta-contro-linvisibilita-dei-diritti\/","title":{"rendered":"Giornata per la libert\u00e0 di stampa: non solo memoria, ma lotta contro l&#8217;invisibilit\u00e0 dei diritti"},"content":{"rendered":"<div class=\"container\">\n<div id=\"model-response-message-contentr_be879568e5c430c5\" class=\"markdown markdown-main-panel enable-updated-hr-color\" dir=\"ltr\" aria-live=\"polite\" aria-busy=\"false\">\n<p data-path-to-node=\"3\"><b data-path-to-node=\"3\" data-index-in-node=\"0\">In occasione del 3 maggio, il CNDDU commemora i giornalisti caduti e lancia un allarme sulle nuove forme di censura: &#8220;Il rischio oggi \u00e8 l&#8217;invisibilizzazione sistemica dei diritti civili&#8221;. La proposta: osservatori permanenti nelle scuole.<\/b><\/p>\n<p data-path-to-node=\"5\">Il 3 maggio non \u00e8 una ricorrenza come le altre. Nella Giornata internazionale per la libert\u00e0 di stampa, il Coordinamento Nazionale Docenti della disciplina dei Diritti Umani (CNDDU) invita a una riflessione che supera la semplice celebrazione. Ricordare chi ha perso la vita per raccontare la verit\u00e0 non \u00e8 un rito, ma un &#8220;atto di responsabilit\u00e0 civile&#8221; necessario per proteggere una conquista che appare sempre pi\u00f9 fragile.<\/p>\n<h3 data-path-to-node=\"6\">Il Pantheon della verit\u00e0: dai martiri di mafia ai reporter di guerra<\/h3>\n<p data-path-to-node=\"7\">La storia dell&#8217;informazione in Italia \u00e8 bagnata dal sangue di chi non ha accettato il silenzio. Il CNDDU richiama i nomi di pionieri come Cosimo Cristina e Mauro De Mauro, e di coloro che hanno sfidato il terrorismo e la criminalit\u00e0 organizzata: Carlo Casalegno, Walter Tobagi, Giuseppe Fava, Giancarlo Siani, Mario Francese e Peppino Impastato. Uomini spesso isolati, che hanno rappresentato l&#8217;unico baluardo contro l&#8217;opacit\u00e0 del potere.<\/p>\n<p data-path-to-node=\"8\">Il sacrificio italiano si estende oltre i confini nazionali con i nomi di Ilaria Alpi, Miran Hrovatin, Antonio Russo, fino ai pi\u00f9 recenti Andrea Rocchelli e Fabio Polenghi. Una scia di sangue che si unisce ai dati drammatici dell&#8217;UNESCO: oltre 1.600 giornalisti uccisi dal 1993 a oggi nel mondo, con un tasso di impunit\u00e0 che resta spaventosamente alto.<\/p>\n<h3 data-path-to-node=\"9\">La nuova censura: algoritmi e marginalizzazione<\/h3>\n<p data-path-to-node=\"10\">Tuttavia, il messaggio del prof. Romano Pesavento, presidente del CNDDU, si sposta su un terreno nuovo e insidioso. Se la violenza fisica resta una minaccia estrema nei regimi autoritari e nei teatri di guerra (come dimostrano i casi di Jamal Khashoggi e Shireen Abu Akleh), nelle democrazie occidentali si sta facendo strada una &#8220;censura silenziosa&#8221;.<\/p>\n<p data-path-to-node=\"11\">&#8220;Il rischio pi\u00f9 profondo oggi non \u00e8 solo la censura esplicita, ma una forma di invisibilizzazione sistemica&#8221;, spiega il comunicato. I diritti delle minoranze, dei migranti, delle donne e le disuguaglianze sociali faticano a trovare spazio nell&#8217;informazione <i data-path-to-node=\"11\" data-index-in-node=\"257\">mainstream<\/i>. Il motivo? Una selezione delle notizie basata su criteri economici e logiche algoritmiche che privilegiano ci\u00f2 che \u00e8 polarizzante o monetizzabile, a discapito di ci\u00f2 che \u00e8 civile e rilevante.<\/p>\n<p data-path-to-node=\"12\">In questo ecosistema digitale, la libert\u00e0 di stampa non deve essere intesa solo come assenza di bavagli, ma come &#8220;accesso equo e significativo alla sfera pubblica&#8221;. Se un tema non produce <i data-path-to-node=\"12\" data-index-in-node=\"188\">click<\/i>, scompare dal dibattito, diventando di fatto inesistente per l&#8217;opinione pubblica.<\/p>\n<h3 data-path-to-node=\"13\">La scuola come presidio di contro-narrazione<\/h3>\n<p data-path-to-node=\"14\">Per contrastare questa deriva, il CNDDU non si limita all&#8217;analisi, ma avanza una proposta concreta per le istituzioni scolastiche: l&#8217;istituzione di Osservatori permanenti sull&#8217;informazione e i diritti umani.<\/p>\n<p data-path-to-node=\"15\">L&#8217;obiettivo non \u00e8 solo formare lettori critici, ma creare comunit\u00e0 capaci di monitorare l&#8217;assenza dei temi civili nei media e di produrre &#8220;contro-narrazioni&#8221; basate sul rigore e sulla verifica. L&#8217;idea di fondo \u00e8 che la democrazia non si misuri solo da ci\u00f2 che pu\u00f2 essere detto, ma da ci\u00f2 che viene effettivamente ascoltato.<\/p>\n<p data-path-to-node=\"16\">In un mondo che tende a rimuovere la complessit\u00e0 in favore del profitto, la sfida lanciata dai docenti \u00e8 chiara: trasformare la memoria dei giornalisti uccisi in una leva per cambiare il presente, restituendo visibilit\u00e0 a chi non ha voce. Perch\u00e9 la libert\u00e0 di stampa, oggi, passa soprattutto dalla lotta contro l&#8217;indifferenza.<\/p>\n<\/div>\n<\/div>","protected":false},"excerpt":{"rendered":"<p>In occasione del 3 maggio, il CNDDU commemora i giornalisti caduti e lancia un allarme sulle nuove forme di censura: &#8220;Il rischio oggi \u00e8 l&#8217;invisibilizzazione sistemica dei diritti civili&#8221;. La proposta: osservatori permanenti nelle scuole. Il 3 maggio non \u00e8 una ricorrenza come le altre. Nella Giornata internazionale per la libert\u00e0 di stampa, il Coordinamento [&hellip;]<\/p>\n","protected":false},"author":2,"featured_media":169733,"comment_status":"closed","ping_status":"open","sticky":false,"template":"","format":"standard","meta":{"footnotes":""},"categories":[26,8],"tags":[],"class_list":["post-169732","post","type-post","status-publish","format-standard","has-post-thumbnail","category-prima-pagina","category-societa-istituzioni"],"yoast_head":"<!-- This site is optimized with the Yoast SEO plugin v28.4 - https:\/\/yoast.com\/product\/yoast-seo-wordpress\/ -->\n<title>Giornata per la libert\u00e0 di stampa: non solo memoria, ma lotta contro l&#039;invisibilit\u00e0 dei diritti - Bellunopress - Dolomiti<\/title>\n<meta name=\"robots\" content=\"index, follow, max-snippet:-1, max-image-preview:large, max-video-preview:-1\" \/>\n<link rel=\"canonical\" href=\"https:\/\/www.bellunopress.it\/fr\/2026\/05\/03\/giornata-per-la-liberta-di-stampa-non-solo-memoria-ma-lotta-contro-linvisibilita-dei-diritti\/\" \/>\n<meta property=\"og:locale\" content=\"fr_FR\" \/>\n<meta property=\"og:type\" content=\"article\" \/>\n<meta property=\"og:title\" content=\"Giornata per la libert\u00e0 di stampa: non solo memoria, ma lotta contro l&#039;invisibilit\u00e0 dei diritti - Bellunopress - Dolomiti\" \/>\n<meta property=\"og:description\" content=\"In occasione del 3 maggio, il CNDDU commemora i giornalisti caduti e lancia un allarme sulle nuove forme di censura: &#8220;Il rischio oggi \u00e8 l&#8217;invisibilizzazione sistemica dei diritti civili&#8221;. La proposta: osservatori permanenti nelle scuole. Il 3 maggio non \u00e8 una ricorrenza come le altre. Nella Giornata internazionale per la libert\u00e0 di stampa, il Coordinamento [&hellip;]\" \/>\n<meta property=\"og:url\" content=\"https:\/\/www.bellunopress.it\/fr\/2026\/05\/03\/giornata-per-la-liberta-di-stampa-non-solo-memoria-ma-lotta-contro-linvisibilita-dei-diritti\/\" \/>\n<meta property=\"og:site_name\" content=\"Bellunopress - Dolomiti\" \/>\n<meta property=\"article:publisher\" content=\"https:\/\/www.facebook.com\/profile.php?id=100008943462799\" \/>\n<meta property=\"article:published_time\" content=\"2026-05-03T05:18:56+00:00\" \/>\n<meta property=\"og:image\" content=\"https:\/\/www.bellunopress.it\/wp-content\/uploads\/2026\/05\/redazione-giornalisti-liberta-di-stampa.jpg\" \/>\n\t<meta property=\"og:image:width\" content=\"600\" \/>\n\t<meta property=\"og:image:height\" content=\"357\" \/>\n\t<meta property=\"og:image:type\" content=\"image\/jpeg\" \/>\n<meta name=\"author\" content=\"redazione\" \/>\n<meta name=\"twitter:card\" content=\"summary_large_image\" \/>\n<meta name=\"twitter:creator\" content=\"@bellunopress\" \/>\n<meta name=\"twitter:site\" content=\"@bellunopress\" \/>\n<meta name=\"twitter:label1\" content=\"Written by\" \/>\n\t<meta name=\"twitter:data1\" content=\"redazione\" \/>\n\t<meta name=\"twitter:label2\" content=\"Est. reading time\" \/>\n\t<meta name=\"twitter:data2\" content=\"4 minutes\" \/>\n<script type=\"application\/ld+json\" class=\"yoast-schema-graph\">{\"@context\":\"https:\\\/\\\/schema.org\",\"@graph\":[{\"@type\":\"Article\",\"@id\":\"https:\\\/\\\/www.bellunopress.it\\\/2026\\\/05\\\/03\\\/giornata-per-la-liberta-di-stampa-non-solo-memoria-ma-lotta-contro-linvisibilita-dei-diritti\\\/#article\",\"isPartOf\":{\"@id\":\"https:\\\/\\\/www.bellunopress.it\\\/2026\\\/05\\\/03\\\/giornata-per-la-liberta-di-stampa-non-solo-memoria-ma-lotta-contro-linvisibilita-dei-diritti\\\/\"},\"author\":{\"name\":\"redazione\",\"@id\":\"https:\\\/\\\/www.bellunopress.it\\\/#\\\/schema\\\/person\\\/79bb06722b37ece1c03d3e94beb30d73\"},\"headline\":\"Giornata per la libert\u00e0 di stampa: non solo memoria, ma lotta contro l&#8217;invisibilit\u00e0 dei diritti\",\"datePublished\":\"2026-05-03T05:18:56+00:00\",\"mainEntityOfPage\":{\"@id\":\"https:\\\/\\\/www.bellunopress.it\\\/2026\\\/05\\\/03\\\/giornata-per-la-liberta-di-stampa-non-solo-memoria-ma-lotta-contro-linvisibilita-dei-diritti\\\/\"},\"wordCount\":565,\"publisher\":{\"@id\":\"https:\\\/\\\/www.bellunopress.it\\\/#organization\"},\"image\":{\"@id\":\"https:\\\/\\\/www.bellunopress.it\\\/2026\\\/05\\\/03\\\/giornata-per-la-liberta-di-stampa-non-solo-memoria-ma-lotta-contro-linvisibilita-dei-diritti\\\/#primaryimage\"},\"thumbnailUrl\":\"https:\\\/\\\/www.bellunopress.it\\\/wp-content\\\/uploads\\\/2026\\\/05\\\/redazione-giornalisti-liberta-di-stampa.jpg\",\"articleSection\":[\"Prima Pagina\",\"Societ\u00e0, Associazioni, Istituzioni\"],\"inLanguage\":\"fr-FR\"},{\"@type\":\"WebPage\",\"@id\":\"https:\\\/\\\/www.bellunopress.it\\\/2026\\\/05\\\/03\\\/giornata-per-la-liberta-di-stampa-non-solo-memoria-ma-lotta-contro-linvisibilita-dei-diritti\\\/\",\"url\":\"https:\\\/\\\/www.bellunopress.it\\\/2026\\\/05\\\/03\\\/giornata-per-la-liberta-di-stampa-non-solo-memoria-ma-lotta-contro-linvisibilita-dei-diritti\\\/\",\"name\":\"Giornata per la libert\u00e0 di stampa: non solo memoria, ma lotta contro l'invisibilit\u00e0 dei diritti - Bellunopress - Dolomiti\",\"isPartOf\":{\"@id\":\"https:\\\/\\\/www.bellunopress.it\\\/#website\"},\"primaryImageOfPage\":{\"@id\":\"https:\\\/\\\/www.bellunopress.it\\\/2026\\\/05\\\/03\\\/giornata-per-la-liberta-di-stampa-non-solo-memoria-ma-lotta-contro-linvisibilita-dei-diritti\\\/#primaryimage\"},\"image\":{\"@id\":\"https:\\\/\\\/www.bellunopress.it\\\/2026\\\/05\\\/03\\\/giornata-per-la-liberta-di-stampa-non-solo-memoria-ma-lotta-contro-linvisibilita-dei-diritti\\\/#primaryimage\"},\"thumbnailUrl\":\"https:\\\/\\\/www.bellunopress.it\\\/wp-content\\\/uploads\\\/2026\\\/05\\\/redazione-giornalisti-liberta-di-stampa.jpg\",\"datePublished\":\"2026-05-03T05:18:56+00:00\",\"breadcrumb\":{\"@id\":\"https:\\\/\\\/www.bellunopress.it\\\/2026\\\/05\\\/03\\\/giornata-per-la-liberta-di-stampa-non-solo-memoria-ma-lotta-contro-linvisibilita-dei-diritti\\\/#breadcrumb\"},\"inLanguage\":\"fr-FR\",\"potentialAction\":[{\"@type\":\"ReadAction\",\"target\":[\"https:\\\/\\\/www.bellunopress.it\\\/2026\\\/05\\\/03\\\/giornata-per-la-liberta-di-stampa-non-solo-memoria-ma-lotta-contro-linvisibilita-dei-diritti\\\/\"]}]},{\"@type\":\"ImageObject\",\"inLanguage\":\"fr-FR\",\"@id\":\"https:\\\/\\\/www.bellunopress.it\\\/2026\\\/05\\\/03\\\/giornata-per-la-liberta-di-stampa-non-solo-memoria-ma-lotta-contro-linvisibilita-dei-diritti\\\/#primaryimage\",\"url\":\"https:\\\/\\\/www.bellunopress.it\\\/wp-content\\\/uploads\\\/2026\\\/05\\\/redazione-giornalisti-liberta-di-stampa.jpg\",\"contentUrl\":\"https:\\\/\\\/www.bellunopress.it\\\/wp-content\\\/uploads\\\/2026\\\/05\\\/redazione-giornalisti-liberta-di-stampa.jpg\",\"width\":600,\"height\":357},{\"@type\":\"BreadcrumbList\",\"@id\":\"https:\\\/\\\/www.bellunopress.it\\\/2026\\\/05\\\/03\\\/giornata-per-la-liberta-di-stampa-non-solo-memoria-ma-lotta-contro-linvisibilita-dei-diritti\\\/#breadcrumb\",\"itemListElement\":[{\"@type\":\"ListItem\",\"position\":1,\"name\":\"Home\",\"item\":\"https:\\\/\\\/www.bellunopress.it\\\/\"},{\"@type\":\"ListItem\",\"position\":2,\"name\":\"Giornata per la libert\u00e0 di stampa: non solo memoria, ma lotta contro l&#8217;invisibilit\u00e0 dei diritti\"}]},{\"@type\":\"WebSite\",\"@id\":\"https:\\\/\\\/www.bellunopress.it\\\/#website\",\"url\":\"https:\\\/\\\/www.bellunopress.it\\\/\",\"name\":\"Bellunopress - Dolomiti\",\"description\":\"e-mail: redazione@bellunopress.it\",\"publisher\":{\"@id\":\"https:\\\/\\\/www.bellunopress.it\\\/#organization\"},\"potentialAction\":[{\"@type\":\"SearchAction\",\"target\":{\"@type\":\"EntryPoint\",\"urlTemplate\":\"https:\\\/\\\/www.bellunopress.it\\\/?s={search_term_string}\"},\"query-input\":{\"@type\":\"PropertyValueSpecification\",\"valueRequired\":true,\"valueName\":\"search_term_string\"}}],\"inLanguage\":\"fr-FR\"},{\"@type\":\"Organization\",\"@id\":\"https:\\\/\\\/www.bellunopress.it\\\/#organization\",\"name\":\"Bellunopress\",\"url\":\"https:\\\/\\\/www.bellunopress.it\\\/\",\"logo\":{\"@type\":\"ImageObject\",\"inLanguage\":\"fr-FR\",\"@id\":\"https:\\\/\\\/www.bellunopress.it\\\/#\\\/schema\\\/logo\\\/image\\\/\",\"url\":\"https:\\\/\\\/www.bellunopress.it\\\/wp-content\\\/uploads\\\/2011\\\/05\\\/cropped-logo-bellunopress-.jpg\",\"contentUrl\":\"https:\\\/\\\/www.bellunopress.it\\\/wp-content\\\/uploads\\\/2011\\\/05\\\/cropped-logo-bellunopress-.jpg\",\"width\":512,\"height\":512,\"caption\":\"Bellunopress\"},\"image\":{\"@id\":\"https:\\\/\\\/www.bellunopress.it\\\/#\\\/schema\\\/logo\\\/image\\\/\"},\"sameAs\":[\"https:\\\/\\\/www.facebook.com\\\/profile.php?id=100008943462799\",\"https:\\\/\\\/x.com\\\/bellunopress\",\"https:\\\/\\\/www.linkedin.com\\\/hp\\\/?dnr=JBzUWaJfMUw8vbXJJ2tVW5-I3jZKvC4wsoxE&amp;amp;amp;amp;amp;amp;trk=nav_responsive_tab_home\",\"https:\\\/\\\/www.youtube.com\\\/channel\\\/UCxL0wu1uN0_3_7hGG0306cw\"]},{\"@type\":\"Person\",\"@id\":\"https:\\\/\\\/www.bellunopress.it\\\/#\\\/schema\\\/person\\\/79bb06722b37ece1c03d3e94beb30d73\",\"name\":\"redazione\",\"image\":{\"@type\":\"ImageObject\",\"inLanguage\":\"fr-FR\",\"@id\":\"https:\\\/\\\/secure.gravatar.com\\\/avatar\\\/37d968a2e67a6fd04c169c4bdef102d0bc5d31b2546345219e348575eb80e9a0?s=96&d=mm&r=g\",\"url\":\"https:\\\/\\\/secure.gravatar.com\\\/avatar\\\/37d968a2e67a6fd04c169c4bdef102d0bc5d31b2546345219e348575eb80e9a0?s=96&d=mm&r=g\",\"contentUrl\":\"https:\\\/\\\/secure.gravatar.com\\\/avatar\\\/37d968a2e67a6fd04c169c4bdef102d0bc5d31b2546345219e348575eb80e9a0?s=96&d=mm&r=g\",\"caption\":\"redazione\"},\"sameAs\":[\"http:\\\/\\\/www.bellunopress.it\",\"https:\\\/\\\/x.com\\\/bellunopress\"],\"url\":\"https:\\\/\\\/www.bellunopress.it\\\/fr\\\/author\\\/redazione\\\/\"}]}<\/script>\n<!-- \/ Yoast SEO plugin. -->","yoast_head_json":{"title":"Giornata per la libert\u00e0 di stampa: non solo memoria, ma lotta contro l'invisibilit\u00e0 dei diritti - Bellunopress - Dolomiti","robots":{"index":"index","follow":"follow","max-snippet":"max-snippet:-1","max-image-preview":"max-image-preview:large","max-video-preview":"max-video-preview:-1"},"canonical":"https:\/\/www.bellunopress.it\/fr\/2026\/05\/03\/giornata-per-la-liberta-di-stampa-non-solo-memoria-ma-lotta-contro-linvisibilita-dei-diritti\/","og_locale":"fr_FR","og_type":"article","og_title":"Giornata per la libert\u00e0 di stampa: non solo memoria, ma lotta contro l'invisibilit\u00e0 dei diritti - Bellunopress - Dolomiti","og_description":"In occasione del 3 maggio, il CNDDU commemora i giornalisti caduti e lancia un allarme sulle nuove forme di censura: &#8220;Il rischio oggi \u00e8 l&#8217;invisibilizzazione sistemica dei diritti civili&#8221;. La proposta: osservatori permanenti nelle scuole. Il 3 maggio non \u00e8 una ricorrenza come le altre. Nella Giornata internazionale per la libert\u00e0 di stampa, il Coordinamento [&hellip;]","og_url":"https:\/\/www.bellunopress.it\/fr\/2026\/05\/03\/giornata-per-la-liberta-di-stampa-non-solo-memoria-ma-lotta-contro-linvisibilita-dei-diritti\/","og_site_name":"Bellunopress - Dolomiti","article_publisher":"https:\/\/www.facebook.com\/profile.php?id=100008943462799","article_published_time":"2026-05-03T05:18:56+00:00","og_image":[{"width":600,"height":357,"url":"https:\/\/www.bellunopress.it\/wp-content\/uploads\/2026\/05\/redazione-giornalisti-liberta-di-stampa.jpg","type":"image\/jpeg"}],"author":"redazione","twitter_card":"summary_large_image","twitter_creator":"@bellunopress","twitter_site":"@bellunopress","twitter_misc":{"Written by":"redazione","Est. reading time":"4 minutes"},"schema":{"@context":"https:\/\/schema.org","@graph":[{"@type":"Article","@id":"https:\/\/www.bellunopress.it\/2026\/05\/03\/giornata-per-la-liberta-di-stampa-non-solo-memoria-ma-lotta-contro-linvisibilita-dei-diritti\/#article","isPartOf":{"@id":"https:\/\/www.bellunopress.it\/2026\/05\/03\/giornata-per-la-liberta-di-stampa-non-solo-memoria-ma-lotta-contro-linvisibilita-dei-diritti\/"},"author":{"name":"redazione","@id":"https:\/\/www.bellunopress.it\/#\/schema\/person\/79bb06722b37ece1c03d3e94beb30d73"},"headline":"Giornata per la libert\u00e0 di stampa: non solo memoria, ma lotta contro l&#8217;invisibilit\u00e0 dei diritti","datePublished":"2026-05-03T05:18:56+00:00","mainEntityOfPage":{"@id":"https:\/\/www.bellunopress.it\/2026\/05\/03\/giornata-per-la-liberta-di-stampa-non-solo-memoria-ma-lotta-contro-linvisibilita-dei-diritti\/"},"wordCount":565,"publisher":{"@id":"https:\/\/www.bellunopress.it\/#organization"},"image":{"@id":"https:\/\/www.bellunopress.it\/2026\/05\/03\/giornata-per-la-liberta-di-stampa-non-solo-memoria-ma-lotta-contro-linvisibilita-dei-diritti\/#primaryimage"},"thumbnailUrl":"https:\/\/www.bellunopress.it\/wp-content\/uploads\/2026\/05\/redazione-giornalisti-liberta-di-stampa.jpg","articleSection":["Prima Pagina","Societ\u00e0, Associazioni, Istituzioni"],"inLanguage":"fr-FR"},{"@type":"WebPage","@id":"https:\/\/www.bellunopress.it\/2026\/05\/03\/giornata-per-la-liberta-di-stampa-non-solo-memoria-ma-lotta-contro-linvisibilita-dei-diritti\/","url":"https:\/\/www.bellunopress.it\/2026\/05\/03\/giornata-per-la-liberta-di-stampa-non-solo-memoria-ma-lotta-contro-linvisibilita-dei-diritti\/","name":"Giornata per la libert\u00e0 di stampa: non solo memoria, ma lotta contro l'invisibilit\u00e0 dei diritti - Bellunopress - Dolomiti","isPartOf":{"@id":"https:\/\/www.bellunopress.it\/#website"},"primaryImageOfPage":{"@id":"https:\/\/www.bellunopress.it\/2026\/05\/03\/giornata-per-la-liberta-di-stampa-non-solo-memoria-ma-lotta-contro-linvisibilita-dei-diritti\/#primaryimage"},"image":{"@id":"https:\/\/www.bellunopress.it\/2026\/05\/03\/giornata-per-la-liberta-di-stampa-non-solo-memoria-ma-lotta-contro-linvisibilita-dei-diritti\/#primaryimage"},"thumbnailUrl":"https:\/\/www.bellunopress.it\/wp-content\/uploads\/2026\/05\/redazione-giornalisti-liberta-di-stampa.jpg","datePublished":"2026-05-03T05:18:56+00:00","breadcrumb":{"@id":"https:\/\/www.bellunopress.it\/2026\/05\/03\/giornata-per-la-liberta-di-stampa-non-solo-memoria-ma-lotta-contro-linvisibilita-dei-diritti\/#breadcrumb"},"inLanguage":"fr-FR","potentialAction":[{"@type":"ReadAction","target":["https:\/\/www.bellunopress.it\/2026\/05\/03\/giornata-per-la-liberta-di-stampa-non-solo-memoria-ma-lotta-contro-linvisibilita-dei-diritti\/"]}]},{"@type":"ImageObject","inLanguage":"fr-FR","@id":"https:\/\/www.bellunopress.it\/2026\/05\/03\/giornata-per-la-liberta-di-stampa-non-solo-memoria-ma-lotta-contro-linvisibilita-dei-diritti\/#primaryimage","url":"https:\/\/www.bellunopress.it\/wp-content\/uploads\/2026\/05\/redazione-giornalisti-liberta-di-stampa.jpg","contentUrl":"https:\/\/www.bellunopress.it\/wp-content\/uploads\/2026\/05\/redazione-giornalisti-liberta-di-stampa.jpg","width":600,"height":357},{"@type":"BreadcrumbList","@id":"https:\/\/www.bellunopress.it\/2026\/05\/03\/giornata-per-la-liberta-di-stampa-non-solo-memoria-ma-lotta-contro-linvisibilita-dei-diritti\/#breadcrumb","itemListElement":[{"@type":"ListItem","position":1,"name":"Home","item":"https:\/\/www.bellunopress.it\/"},{"@type":"ListItem","position":2,"name":"Giornata per la libert\u00e0 di stampa: non solo memoria, ma lotta contro l&#8217;invisibilit\u00e0 dei diritti"}]},{"@type":"WebSite","@id":"https:\/\/www.bellunopress.it\/#website","url":"https:\/\/www.bellunopress.it\/","name":"Bellunopress - Dolomiti","description":"e-mail: redazione@bellunopress.it","publisher":{"@id":"https:\/\/www.bellunopress.it\/#organization"},"potentialAction":[{"@type":"SearchAction","target":{"@type":"EntryPoint","urlTemplate":"https:\/\/www.bellunopress.it\/?s={search_term_string}"},"query-input":{"@type":"PropertyValueSpecification","valueRequired":true,"valueName":"search_term_string"}}],"inLanguage":"fr-FR"},{"@type":"Organization","@id":"https:\/\/www.bellunopress.it\/#organization","name":"Bellunopress","url":"https:\/\/www.bellunopress.it\/","logo":{"@type":"ImageObject","inLanguage":"fr-FR","@id":"https:\/\/www.bellunopress.it\/#\/schema\/logo\/image\/","url":"https:\/\/www.bellunopress.it\/wp-content\/uploads\/2011\/05\/cropped-logo-bellunopress-.jpg","contentUrl":"https:\/\/www.bellunopress.it\/wp-content\/uploads\/2011\/05\/cropped-logo-bellunopress-.jpg","width":512,"height":512,"caption":"Bellunopress"},"image":{"@id":"https:\/\/www.bellunopress.it\/#\/schema\/logo\/image\/"},"sameAs":["https:\/\/www.facebook.com\/profile.php?id=100008943462799","https:\/\/x.com\/bellunopress","https:\/\/www.linkedin.com\/hp\/?dnr=JBzUWaJfMUw8vbXJJ2tVW5-I3jZKvC4wsoxE&amp;amp;amp;amp;amp;amp;trk=nav_responsive_tab_home","https:\/\/www.youtube.com\/channel\/UCxL0wu1uN0_3_7hGG0306cw"]},{"@type":"Person","@id":"https:\/\/www.bellunopress.it\/#\/schema\/person\/79bb06722b37ece1c03d3e94beb30d73","name":"r\u00e9daction","image":{"@type":"ImageObject","inLanguage":"fr-FR","@id":"https:\/\/secure.gravatar.com\/avatar\/37d968a2e67a6fd04c169c4bdef102d0bc5d31b2546345219e348575eb80e9a0?s=96&d=mm&r=g","url":"https:\/\/secure.gravatar.com\/avatar\/37d968a2e67a6fd04c169c4bdef102d0bc5d31b2546345219e348575eb80e9a0?s=96&d=mm&r=g","contentUrl":"https:\/\/secure.gravatar.com\/avatar\/37d968a2e67a6fd04c169c4bdef102d0bc5d31b2546345219e348575eb80e9a0?s=96&d=mm&r=g","caption":"redazione"},"sameAs":["http:\/\/www.bellunopress.it","https:\/\/x.com\/bellunopress"],"url":"https:\/\/www.bellunopress.it\/fr\/author\/redazione\/"}]}},"_links":{"self":[{"href":"https:\/\/www.bellunopress.it\/fr\/wp-json\/wp\/v2\/posts\/169732","targetHints":{"allow":["GET"]}}],"collection":[{"href":"https:\/\/www.bellunopress.it\/fr\/wp-json\/wp\/v2\/posts"}],"about":[{"href":"https:\/\/www.bellunopress.it\/fr\/wp-json\/wp\/v2\/types\/post"}],"author":[{"embeddable":true,"href":"https:\/\/www.bellunopress.it\/fr\/wp-json\/wp\/v2\/users\/2"}],"replies":[{"embeddable":true,"href":"https:\/\/www.bellunopress.it\/fr\/wp-json\/wp\/v2\/comments?post=169732"}],"version-history":[{"count":1,"href":"https:\/\/www.bellunopress.it\/fr\/wp-json\/wp\/v2\/posts\/169732\/revisions"}],"predecessor-version":[{"id":169734,"href":"https:\/\/www.bellunopress.it\/fr\/wp-json\/wp\/v2\/posts\/169732\/revisions\/169734"}],"wp:featuredmedia":[{"embeddable":true,"href":"https:\/\/www.bellunopress.it\/fr\/wp-json\/wp\/v2\/media\/169733"}],"wp:attachment":[{"href":"https:\/\/www.bellunopress.it\/fr\/wp-json\/wp\/v2\/media?parent=169732"}],"wp:term":[{"taxonomy":"category","embeddable":true,"href":"https:\/\/www.bellunopress.it\/fr\/wp-json\/wp\/v2\/categories?post=169732"},{"taxonomy":"post_tag","embeddable":true,"href":"https:\/\/www.bellunopress.it\/fr\/wp-json\/wp\/v2\/tags?post=169732"}],"curies":[{"name":"wp","href":"https:\/\/api.w.org\/{rel}","templated":true}]}}