{"id":169727,"date":"2026-05-02T21:54:06","date_gmt":"2026-05-02T19:54:06","guid":{"rendered":"https:\/\/www.bellunopress.it\/?p=169727"},"modified":"2026-05-02T21:54:06","modified_gmt":"2026-05-02T19:54:06","slug":"sanita-bellunese-lallarme-di-generazione-europa-sulla-fuga-dei-medici-di-base","status":"publish","type":"post","link":"https:\/\/www.bellunopress.it\/fr\/2026\/05\/02\/sanita-bellunese-lallarme-di-generazione-europa-sulla-fuga-dei-medici-di-base\/","title":{"rendered":"Sanit\u00e0 bellunese: l\u2019allarme di Generazione Europa sulla fuga dei medici di base"},"content":{"rendered":"<p data-path-to-node=\"3\"><b data-path-to-node=\"3\" data-index-in-node=\"0\">Ambulatori a rischio chiusura e &#8220;fuga&#8221; dei professionisti. Senza ricambio generazionale, addio alla sanit\u00e0 di prossimit\u00e0. Sotto pressione soprattutto Cadore, Agordino e Comelico.<\/b><\/p>\n<p data-path-to-node=\"4\">Belluno, 02\/05\/2026 &#8211;\u00a0 Nonostante i segnali di ripresa del comparto ospedaliero, la &#8220;prima linea&#8221; della sanit\u00e0 bellunese \u2013 quella dei medici di medicina generale \u2013 sta scivolando in una crisi senza precedenti. L\u2019allarme arriva forte e chiaro da Generazione Europa Liberali e Democratici Bellunesi (GEL), che dipinge un quadro preoccupante per il futuro dell\u2019assistenza territoriale in provincia.<\/p>\n<p data-path-to-node=\"6\">Il problema non \u00e8 solo la difficolt\u00e0 nel trovare nuovi camici bianchi disposti a lavorare tra le Dolomiti, ma anche la loro permanenza. Secondo i dati raccolti, l\u2019ULSS 1 Dolomiti fatica a garantire stabilit\u00e0: molti medici, dopo aver accettato l&#8217;incarico, rassegnano le dimissioni dopo appena pochi mesi. Un turnover frenetico che lascia migliaia di cittadini senza un punto di riferimento certo.<\/p>\n<p data-path-to-node=\"7\">\u00abSenza l&#8217;arrivo di nuovi professionisti \u2013 avverte Jurgen Ismaili, vicepresidente di GEL \u2013 si rischia la chiusura di molte realt\u00e0 sanitarie locali. Questo scenario avrebbe conseguenze dirette e drammatiche sulla qualit\u00e0 della vita dei cittadini, specialmente i pi\u00f9 fragili\u00bb.<\/p>\n<p data-path-to-node=\"9\">Se un tempo gli incentivi economici sembravano la soluzione, oggi la realt\u00e0 racconta un\u2019altra storia. Nemmeno i bonus finanziari riescono a compensare un carico di lavoro diventato insostenibile. Tra le cause principali della crisi vengono identificati:<\/p>\n<ul data-path-to-node=\"10\">\n<li>\n<p data-path-to-node=\"10,0,0\">La burocrazia asfissiante: che sottrae tempo prezioso alla cura dei pazienti.<\/p>\n<\/li>\n<li>\n<p data-path-to-node=\"10,1,0\">Il numero di assistiti: massimali sempre pi\u00f9 alti per sopperire alle carenze, con conseguente aumento dello stress per il medico.<\/p>\n<\/li>\n<li>\n<p data-path-to-node=\"10,2,0\">La programmazione nazionale: ritenuta inadeguata a coprire il reale fabbisogno del territorio.<\/p>\n<\/li>\n<\/ul>\n<p data-path-to-node=\"12\">La situazione appare critica in tutto il territorio, ma diventa emergenza nelle aree montane come il Cadore, il Comelico e l&#8217;Agordino. In queste zone, dove le distanze dagli ospedali sono significative, il medico di base non \u00e8 solo un prescrittore di farmaci, ma un vero e proprio presidio di sicurezza e prevenzione.<\/p>\n<p data-path-to-node=\"13\">A peggiorare il quadro \u00e8 la cosiddetta &#8220;gobba pensionistica&#8221;: tra il 2024 e il 2025, un numero massiccio di medici storici lascer\u00e0 il servizio per limiti di et\u00e0. In assenza di un ricambio generazionale pronto e motivato, il rischio di veder chiudere definitivamente gli ambulatori di paese \u00e8 ormai una possibilit\u00e0 concreta.<\/p>\n<p data-path-to-node=\"15\">Per Generazione Europa, il tempo delle soluzioni tampone \u00e8 scaduto. La sfida per gli amministratori locali e per i vertici sanitari \u00e8 ora quella di rendere nuovamente &#8220;attrattiva&#8221; la professione nel Bellunese. Non si tratta solo di stipendi, ma di servizi, infrastrutture e supporto logistico che permettano a un giovane medico di scegliere la montagna non come un ripiego temporaneo, ma come una scelta di vita e di carriera.<\/p>\n<p data-path-to-node=\"16\">La sanit\u00e0 bellunese \u00e8 a un bivio: o si interviene in modo strutturale, o il diritto alla salute nelle &#8220;aree alte&#8221; rischia di diventare un ricordo del passato.<\/p>","protected":false},"excerpt":{"rendered":"<p>Ambulatori a rischio chiusura e &#8220;fuga&#8221; dei professionisti. Senza ricambio generazionale, addio alla sanit\u00e0 di prossimit\u00e0. Sotto pressione soprattutto Cadore, Agordino e Comelico. Belluno, 02\/05\/2026 &#8211;\u00a0 Nonostante i segnali di ripresa del comparto ospedaliero, la &#8220;prima linea&#8221; della sanit\u00e0 bellunese \u2013 quella dei medici di medicina generale \u2013 sta scivolando in una crisi senza precedenti. [&hellip;]<\/p>\n","protected":false},"author":2,"featured_media":157221,"comment_status":"closed","ping_status":"open","sticky":false,"template":"","format":"standard","meta":{"footnotes":""},"categories":[17],"tags":[],"class_list":["post-169727","post","type-post","status-publish","format-standard","has-post-thumbnail","category-sanita"],"yoast_head":"<!-- This site is optimized with the Yoast SEO plugin v28.4 - https:\/\/yoast.com\/product\/yoast-seo-wordpress\/ -->\n<title>Sanit\u00e0 bellunese: l\u2019allarme di Generazione Europa sulla fuga dei medici di base - Bellunopress - Dolomiti<\/title>\n<meta name=\"robots\" content=\"index, follow, max-snippet:-1, max-image-preview:large, max-video-preview:-1\" \/>\n<link rel=\"canonical\" href=\"https:\/\/www.bellunopress.it\/fr\/2026\/05\/02\/sanita-bellunese-lallarme-di-generazione-europa-sulla-fuga-dei-medici-di-base\/\" \/>\n<meta property=\"og:locale\" content=\"fr_FR\" \/>\n<meta property=\"og:type\" content=\"article\" \/>\n<meta property=\"og:title\" content=\"Sanit\u00e0 bellunese: l\u2019allarme di Generazione Europa sulla fuga dei medici di base - Bellunopress - Dolomiti\" \/>\n<meta property=\"og:description\" content=\"Ambulatori a rischio chiusura e &#8220;fuga&#8221; dei professionisti. Senza ricambio generazionale, addio alla sanit\u00e0 di prossimit\u00e0. Sotto pressione soprattutto Cadore, Agordino e Comelico. Belluno, 02\/05\/2026 &#8211;\u00a0 Nonostante i segnali di ripresa del comparto ospedaliero, la &#8220;prima linea&#8221; della sanit\u00e0 bellunese \u2013 quella dei medici di medicina generale \u2013 sta scivolando in una crisi senza precedenti. [&hellip;]\" \/>\n<meta property=\"og:url\" content=\"https:\/\/www.bellunopress.it\/fr\/2026\/05\/02\/sanita-bellunese-lallarme-di-generazione-europa-sulla-fuga-dei-medici-di-base\/\" \/>\n<meta property=\"og:site_name\" content=\"Bellunopress - Dolomiti\" \/>\n<meta property=\"article:publisher\" content=\"https:\/\/www.facebook.com\/profile.php?id=100008943462799\" \/>\n<meta property=\"article:published_time\" content=\"2026-05-02T19:54:06+00:00\" \/>\n<meta property=\"og:image\" content=\"https:\/\/www.bellunopress.it\/wp-content\/uploads\/2025\/01\/Generazione-Europa_edited.jpg\" \/>\n\t<meta property=\"og:image:width\" content=\"719\" \/>\n\t<meta property=\"og:image:height\" content=\"718\" \/>\n\t<meta property=\"og:image:type\" content=\"image\/jpeg\" \/>\n<meta name=\"author\" content=\"redazione\" \/>\n<meta name=\"twitter:card\" content=\"summary_large_image\" \/>\n<meta name=\"twitter:creator\" content=\"@bellunopress\" \/>\n<meta name=\"twitter:site\" content=\"@bellunopress\" \/>\n<meta name=\"twitter:label1\" content=\"Written by\" \/>\n\t<meta name=\"twitter:data1\" content=\"redazione\" \/>\n\t<meta name=\"twitter:label2\" content=\"Est. reading time\" \/>\n\t<meta name=\"twitter:data2\" content=\"3 minutes\" \/>\n<script type=\"application\/ld+json\" class=\"yoast-schema-graph\">{\"@context\":\"https:\\\/\\\/schema.org\",\"@graph\":[{\"@type\":\"Article\",\"@id\":\"https:\\\/\\\/www.bellunopress.it\\\/2026\\\/05\\\/02\\\/sanita-bellunese-lallarme-di-generazione-europa-sulla-fuga-dei-medici-di-base\\\/#article\",\"isPartOf\":{\"@id\":\"https:\\\/\\\/www.bellunopress.it\\\/2026\\\/05\\\/02\\\/sanita-bellunese-lallarme-di-generazione-europa-sulla-fuga-dei-medici-di-base\\\/\"},\"author\":{\"name\":\"redazione\",\"@id\":\"https:\\\/\\\/www.bellunopress.it\\\/#\\\/schema\\\/person\\\/79bb06722b37ece1c03d3e94beb30d73\"},\"headline\":\"Sanit\u00e0 bellunese: l\u2019allarme di Generazione Europa sulla fuga dei medici di base\",\"datePublished\":\"2026-05-02T19:54:06+00:00\",\"mainEntityOfPage\":{\"@id\":\"https:\\\/\\\/www.bellunopress.it\\\/2026\\\/05\\\/02\\\/sanita-bellunese-lallarme-di-generazione-europa-sulla-fuga-dei-medici-di-base\\\/\"},\"wordCount\":465,\"publisher\":{\"@id\":\"https:\\\/\\\/www.bellunopress.it\\\/#organization\"},\"image\":{\"@id\":\"https:\\\/\\\/www.bellunopress.it\\\/2026\\\/05\\\/02\\\/sanita-bellunese-lallarme-di-generazione-europa-sulla-fuga-dei-medici-di-base\\\/#primaryimage\"},\"thumbnailUrl\":\"https:\\\/\\\/www.bellunopress.it\\\/wp-content\\\/uploads\\\/2025\\\/01\\\/Generazione-Europa_edited.jpg\",\"articleSection\":[\"Sanit\u00e0 Medicina\"],\"inLanguage\":\"fr-FR\"},{\"@type\":\"WebPage\",\"@id\":\"https:\\\/\\\/www.bellunopress.it\\\/2026\\\/05\\\/02\\\/sanita-bellunese-lallarme-di-generazione-europa-sulla-fuga-dei-medici-di-base\\\/\",\"url\":\"https:\\\/\\\/www.bellunopress.it\\\/2026\\\/05\\\/02\\\/sanita-bellunese-lallarme-di-generazione-europa-sulla-fuga-dei-medici-di-base\\\/\",\"name\":\"Sanit\u00e0 bellunese: l\u2019allarme di Generazione Europa sulla fuga dei medici di base - Bellunopress - Dolomiti\",\"isPartOf\":{\"@id\":\"https:\\\/\\\/www.bellunopress.it\\\/#website\"},\"primaryImageOfPage\":{\"@id\":\"https:\\\/\\\/www.bellunopress.it\\\/2026\\\/05\\\/02\\\/sanita-bellunese-lallarme-di-generazione-europa-sulla-fuga-dei-medici-di-base\\\/#primaryimage\"},\"image\":{\"@id\":\"https:\\\/\\\/www.bellunopress.it\\\/2026\\\/05\\\/02\\\/sanita-bellunese-lallarme-di-generazione-europa-sulla-fuga-dei-medici-di-base\\\/#primaryimage\"},\"thumbnailUrl\":\"https:\\\/\\\/www.bellunopress.it\\\/wp-content\\\/uploads\\\/2025\\\/01\\\/Generazione-Europa_edited.jpg\",\"datePublished\":\"2026-05-02T19:54:06+00:00\",\"breadcrumb\":{\"@id\":\"https:\\\/\\\/www.bellunopress.it\\\/2026\\\/05\\\/02\\\/sanita-bellunese-lallarme-di-generazione-europa-sulla-fuga-dei-medici-di-base\\\/#breadcrumb\"},\"inLanguage\":\"fr-FR\",\"potentialAction\":[{\"@type\":\"ReadAction\",\"target\":[\"https:\\\/\\\/www.bellunopress.it\\\/2026\\\/05\\\/02\\\/sanita-bellunese-lallarme-di-generazione-europa-sulla-fuga-dei-medici-di-base\\\/\"]}]},{\"@type\":\"ImageObject\",\"inLanguage\":\"fr-FR\",\"@id\":\"https:\\\/\\\/www.bellunopress.it\\\/2026\\\/05\\\/02\\\/sanita-bellunese-lallarme-di-generazione-europa-sulla-fuga-dei-medici-di-base\\\/#primaryimage\",\"url\":\"https:\\\/\\\/www.bellunopress.it\\\/wp-content\\\/uploads\\\/2025\\\/01\\\/Generazione-Europa_edited.jpg\",\"contentUrl\":\"https:\\\/\\\/www.bellunopress.it\\\/wp-content\\\/uploads\\\/2025\\\/01\\\/Generazione-Europa_edited.jpg\",\"width\":719,\"height\":718,\"caption\":\"Luigi Filippo Daniele, GEL\"},{\"@type\":\"BreadcrumbList\",\"@id\":\"https:\\\/\\\/www.bellunopress.it\\\/2026\\\/05\\\/02\\\/sanita-bellunese-lallarme-di-generazione-europa-sulla-fuga-dei-medici-di-base\\\/#breadcrumb\",\"itemListElement\":[{\"@type\":\"ListItem\",\"position\":1,\"name\":\"Home\",\"item\":\"https:\\\/\\\/www.bellunopress.it\\\/\"},{\"@type\":\"ListItem\",\"position\":2,\"name\":\"Sanit\u00e0 bellunese: l\u2019allarme di Generazione Europa sulla fuga dei medici di base\"}]},{\"@type\":\"WebSite\",\"@id\":\"https:\\\/\\\/www.bellunopress.it\\\/#website\",\"url\":\"https:\\\/\\\/www.bellunopress.it\\\/\",\"name\":\"Bellunopress - Dolomiti\",\"description\":\"e-mail: redazione@bellunopress.it\",\"publisher\":{\"@id\":\"https:\\\/\\\/www.bellunopress.it\\\/#organization\"},\"potentialAction\":[{\"@type\":\"SearchAction\",\"target\":{\"@type\":\"EntryPoint\",\"urlTemplate\":\"https:\\\/\\\/www.bellunopress.it\\\/?s={search_term_string}\"},\"query-input\":{\"@type\":\"PropertyValueSpecification\",\"valueRequired\":true,\"valueName\":\"search_term_string\"}}],\"inLanguage\":\"fr-FR\"},{\"@type\":\"Organization\",\"@id\":\"https:\\\/\\\/www.bellunopress.it\\\/#organization\",\"name\":\"Bellunopress\",\"url\":\"https:\\\/\\\/www.bellunopress.it\\\/\",\"logo\":{\"@type\":\"ImageObject\",\"inLanguage\":\"fr-FR\",\"@id\":\"https:\\\/\\\/www.bellunopress.it\\\/#\\\/schema\\\/logo\\\/image\\\/\",\"url\":\"https:\\\/\\\/www.bellunopress.it\\\/wp-content\\\/uploads\\\/2011\\\/05\\\/cropped-logo-bellunopress-.jpg\",\"contentUrl\":\"https:\\\/\\\/www.bellunopress.it\\\/wp-content\\\/uploads\\\/2011\\\/05\\\/cropped-logo-bellunopress-.jpg\",\"width\":512,\"height\":512,\"caption\":\"Bellunopress\"},\"image\":{\"@id\":\"https:\\\/\\\/www.bellunopress.it\\\/#\\\/schema\\\/logo\\\/image\\\/\"},\"sameAs\":[\"https:\\\/\\\/www.facebook.com\\\/profile.php?id=100008943462799\",\"https:\\\/\\\/x.com\\\/bellunopress\",\"https:\\\/\\\/www.linkedin.com\\\/hp\\\/?dnr=JBzUWaJfMUw8vbXJJ2tVW5-I3jZKvC4wsoxE&amp;amp;amp;amp;amp;amp;trk=nav_responsive_tab_home\",\"https:\\\/\\\/www.youtube.com\\\/channel\\\/UCxL0wu1uN0_3_7hGG0306cw\"]},{\"@type\":\"Person\",\"@id\":\"https:\\\/\\\/www.bellunopress.it\\\/#\\\/schema\\\/person\\\/79bb06722b37ece1c03d3e94beb30d73\",\"name\":\"redazione\",\"image\":{\"@type\":\"ImageObject\",\"inLanguage\":\"fr-FR\",\"@id\":\"https:\\\/\\\/secure.gravatar.com\\\/avatar\\\/37d968a2e67a6fd04c169c4bdef102d0bc5d31b2546345219e348575eb80e9a0?s=96&d=mm&r=g\",\"url\":\"https:\\\/\\\/secure.gravatar.com\\\/avatar\\\/37d968a2e67a6fd04c169c4bdef102d0bc5d31b2546345219e348575eb80e9a0?s=96&d=mm&r=g\",\"contentUrl\":\"https:\\\/\\\/secure.gravatar.com\\\/avatar\\\/37d968a2e67a6fd04c169c4bdef102d0bc5d31b2546345219e348575eb80e9a0?s=96&d=mm&r=g\",\"caption\":\"redazione\"},\"sameAs\":[\"http:\\\/\\\/www.bellunopress.it\",\"https:\\\/\\\/x.com\\\/bellunopress\"],\"url\":\"https:\\\/\\\/www.bellunopress.it\\\/fr\\\/author\\\/redazione\\\/\"}]}<\/script>\n<!-- \/ Yoast SEO plugin. -->","yoast_head_json":{"title":"Sanit\u00e0 bellunese: l\u2019allarme di Generazione Europa sulla fuga dei medici di base - Bellunopress - Dolomiti","robots":{"index":"index","follow":"follow","max-snippet":"max-snippet:-1","max-image-preview":"max-image-preview:large","max-video-preview":"max-video-preview:-1"},"canonical":"https:\/\/www.bellunopress.it\/fr\/2026\/05\/02\/sanita-bellunese-lallarme-di-generazione-europa-sulla-fuga-dei-medici-di-base\/","og_locale":"fr_FR","og_type":"article","og_title":"Sanit\u00e0 bellunese: l\u2019allarme di Generazione Europa sulla fuga dei medici di base - Bellunopress - Dolomiti","og_description":"Ambulatori a rischio chiusura e &#8220;fuga&#8221; dei professionisti. Senza ricambio generazionale, addio alla sanit\u00e0 di prossimit\u00e0. Sotto pressione soprattutto Cadore, Agordino e Comelico. Belluno, 02\/05\/2026 &#8211;\u00a0 Nonostante i segnali di ripresa del comparto ospedaliero, la &#8220;prima linea&#8221; della sanit\u00e0 bellunese \u2013 quella dei medici di medicina generale \u2013 sta scivolando in una crisi senza precedenti. [&hellip;]","og_url":"https:\/\/www.bellunopress.it\/fr\/2026\/05\/02\/sanita-bellunese-lallarme-di-generazione-europa-sulla-fuga-dei-medici-di-base\/","og_site_name":"Bellunopress - Dolomiti","article_publisher":"https:\/\/www.facebook.com\/profile.php?id=100008943462799","article_published_time":"2026-05-02T19:54:06+00:00","og_image":[{"width":719,"height":718,"url":"https:\/\/www.bellunopress.it\/wp-content\/uploads\/2025\/01\/Generazione-Europa_edited.jpg","type":"image\/jpeg"}],"author":"redazione","twitter_card":"summary_large_image","twitter_creator":"@bellunopress","twitter_site":"@bellunopress","twitter_misc":{"Written by":"redazione","Est. reading time":"3 minutes"},"schema":{"@context":"https:\/\/schema.org","@graph":[{"@type":"Article","@id":"https:\/\/www.bellunopress.it\/2026\/05\/02\/sanita-bellunese-lallarme-di-generazione-europa-sulla-fuga-dei-medici-di-base\/#article","isPartOf":{"@id":"https:\/\/www.bellunopress.it\/2026\/05\/02\/sanita-bellunese-lallarme-di-generazione-europa-sulla-fuga-dei-medici-di-base\/"},"author":{"name":"redazione","@id":"https:\/\/www.bellunopress.it\/#\/schema\/person\/79bb06722b37ece1c03d3e94beb30d73"},"headline":"Sanit\u00e0 bellunese: l\u2019allarme di Generazione Europa sulla fuga dei medici di base","datePublished":"2026-05-02T19:54:06+00:00","mainEntityOfPage":{"@id":"https:\/\/www.bellunopress.it\/2026\/05\/02\/sanita-bellunese-lallarme-di-generazione-europa-sulla-fuga-dei-medici-di-base\/"},"wordCount":465,"publisher":{"@id":"https:\/\/www.bellunopress.it\/#organization"},"image":{"@id":"https:\/\/www.bellunopress.it\/2026\/05\/02\/sanita-bellunese-lallarme-di-generazione-europa-sulla-fuga-dei-medici-di-base\/#primaryimage"},"thumbnailUrl":"https:\/\/www.bellunopress.it\/wp-content\/uploads\/2025\/01\/Generazione-Europa_edited.jpg","articleSection":["Sanit\u00e0 Medicina"],"inLanguage":"fr-FR"},{"@type":"WebPage","@id":"https:\/\/www.bellunopress.it\/2026\/05\/02\/sanita-bellunese-lallarme-di-generazione-europa-sulla-fuga-dei-medici-di-base\/","url":"https:\/\/www.bellunopress.it\/2026\/05\/02\/sanita-bellunese-lallarme-di-generazione-europa-sulla-fuga-dei-medici-di-base\/","name":"Sanit\u00e0 bellunese: l\u2019allarme di Generazione Europa sulla fuga dei medici di base - Bellunopress - Dolomiti","isPartOf":{"@id":"https:\/\/www.bellunopress.it\/#website"},"primaryImageOfPage":{"@id":"https:\/\/www.bellunopress.it\/2026\/05\/02\/sanita-bellunese-lallarme-di-generazione-europa-sulla-fuga-dei-medici-di-base\/#primaryimage"},"image":{"@id":"https:\/\/www.bellunopress.it\/2026\/05\/02\/sanita-bellunese-lallarme-di-generazione-europa-sulla-fuga-dei-medici-di-base\/#primaryimage"},"thumbnailUrl":"https:\/\/www.bellunopress.it\/wp-content\/uploads\/2025\/01\/Generazione-Europa_edited.jpg","datePublished":"2026-05-02T19:54:06+00:00","breadcrumb":{"@id":"https:\/\/www.bellunopress.it\/2026\/05\/02\/sanita-bellunese-lallarme-di-generazione-europa-sulla-fuga-dei-medici-di-base\/#breadcrumb"},"inLanguage":"fr-FR","potentialAction":[{"@type":"ReadAction","target":["https:\/\/www.bellunopress.it\/2026\/05\/02\/sanita-bellunese-lallarme-di-generazione-europa-sulla-fuga-dei-medici-di-base\/"]}]},{"@type":"ImageObject","inLanguage":"fr-FR","@id":"https:\/\/www.bellunopress.it\/2026\/05\/02\/sanita-bellunese-lallarme-di-generazione-europa-sulla-fuga-dei-medici-di-base\/#primaryimage","url":"https:\/\/www.bellunopress.it\/wp-content\/uploads\/2025\/01\/Generazione-Europa_edited.jpg","contentUrl":"https:\/\/www.bellunopress.it\/wp-content\/uploads\/2025\/01\/Generazione-Europa_edited.jpg","width":719,"height":718,"caption":"Luigi Filippo Daniele, GEL"},{"@type":"BreadcrumbList","@id":"https:\/\/www.bellunopress.it\/2026\/05\/02\/sanita-bellunese-lallarme-di-generazione-europa-sulla-fuga-dei-medici-di-base\/#breadcrumb","itemListElement":[{"@type":"ListItem","position":1,"name":"Home","item":"https:\/\/www.bellunopress.it\/"},{"@type":"ListItem","position":2,"name":"Sanit\u00e0 bellunese: l\u2019allarme di Generazione Europa sulla fuga dei medici di base"}]},{"@type":"WebSite","@id":"https:\/\/www.bellunopress.it\/#website","url":"https:\/\/www.bellunopress.it\/","name":"Bellunopress - Dolomiti","description":"e-mail: redazione@bellunopress.it","publisher":{"@id":"https:\/\/www.bellunopress.it\/#organization"},"potentialAction":[{"@type":"SearchAction","target":{"@type":"EntryPoint","urlTemplate":"https:\/\/www.bellunopress.it\/?s={search_term_string}"},"query-input":{"@type":"PropertyValueSpecification","valueRequired":true,"valueName":"search_term_string"}}],"inLanguage":"fr-FR"},{"@type":"Organization","@id":"https:\/\/www.bellunopress.it\/#organization","name":"Bellunopress","url":"https:\/\/www.bellunopress.it\/","logo":{"@type":"ImageObject","inLanguage":"fr-FR","@id":"https:\/\/www.bellunopress.it\/#\/schema\/logo\/image\/","url":"https:\/\/www.bellunopress.it\/wp-content\/uploads\/2011\/05\/cropped-logo-bellunopress-.jpg","contentUrl":"https:\/\/www.bellunopress.it\/wp-content\/uploads\/2011\/05\/cropped-logo-bellunopress-.jpg","width":512,"height":512,"caption":"Bellunopress"},"image":{"@id":"https:\/\/www.bellunopress.it\/#\/schema\/logo\/image\/"},"sameAs":["https:\/\/www.facebook.com\/profile.php?id=100008943462799","https:\/\/x.com\/bellunopress","https:\/\/www.linkedin.com\/hp\/?dnr=JBzUWaJfMUw8vbXJJ2tVW5-I3jZKvC4wsoxE&amp;amp;amp;amp;amp;amp;trk=nav_responsive_tab_home","https:\/\/www.youtube.com\/channel\/UCxL0wu1uN0_3_7hGG0306cw"]},{"@type":"Person","@id":"https:\/\/www.bellunopress.it\/#\/schema\/person\/79bb06722b37ece1c03d3e94beb30d73","name":"r\u00e9daction","image":{"@type":"ImageObject","inLanguage":"fr-FR","@id":"https:\/\/secure.gravatar.com\/avatar\/37d968a2e67a6fd04c169c4bdef102d0bc5d31b2546345219e348575eb80e9a0?s=96&d=mm&r=g","url":"https:\/\/secure.gravatar.com\/avatar\/37d968a2e67a6fd04c169c4bdef102d0bc5d31b2546345219e348575eb80e9a0?s=96&d=mm&r=g","contentUrl":"https:\/\/secure.gravatar.com\/avatar\/37d968a2e67a6fd04c169c4bdef102d0bc5d31b2546345219e348575eb80e9a0?s=96&d=mm&r=g","caption":"redazione"},"sameAs":["http:\/\/www.bellunopress.it","https:\/\/x.com\/bellunopress"],"url":"https:\/\/www.bellunopress.it\/fr\/author\/redazione\/"}]}},"_links":{"self":[{"href":"https:\/\/www.bellunopress.it\/fr\/wp-json\/wp\/v2\/posts\/169727","targetHints":{"allow":["GET"]}}],"collection":[{"href":"https:\/\/www.bellunopress.it\/fr\/wp-json\/wp\/v2\/posts"}],"about":[{"href":"https:\/\/www.bellunopress.it\/fr\/wp-json\/wp\/v2\/types\/post"}],"author":[{"embeddable":true,"href":"https:\/\/www.bellunopress.it\/fr\/wp-json\/wp\/v2\/users\/2"}],"replies":[{"embeddable":true,"href":"https:\/\/www.bellunopress.it\/fr\/wp-json\/wp\/v2\/comments?post=169727"}],"version-history":[{"count":1,"href":"https:\/\/www.bellunopress.it\/fr\/wp-json\/wp\/v2\/posts\/169727\/revisions"}],"predecessor-version":[{"id":169728,"href":"https:\/\/www.bellunopress.it\/fr\/wp-json\/wp\/v2\/posts\/169727\/revisions\/169728"}],"wp:featuredmedia":[{"embeddable":true,"href":"https:\/\/www.bellunopress.it\/fr\/wp-json\/wp\/v2\/media\/157221"}],"wp:attachment":[{"href":"https:\/\/www.bellunopress.it\/fr\/wp-json\/wp\/v2\/media?parent=169727"}],"wp:term":[{"taxonomy":"category","embeddable":true,"href":"https:\/\/www.bellunopress.it\/fr\/wp-json\/wp\/v2\/categories?post=169727"},{"taxonomy":"post_tag","embeddable":true,"href":"https:\/\/www.bellunopress.it\/fr\/wp-json\/wp\/v2\/tags?post=169727"}],"curies":[{"name":"wp","href":"https:\/\/api.w.org\/{rel}","templated":true}]}}