{"id":169714,"date":"2026-05-02T16:20:04","date_gmt":"2026-05-02T14:20:04","guid":{"rendered":"https:\/\/www.bellunopress.it\/?p=169714"},"modified":"2026-05-02T16:20:04","modified_gmt":"2026-05-02T14:20:04","slug":"belluno-capitale-del-paracadutismo-torna-la-dolomiti-cup-tra-adrenalina-e-precisione","status":"publish","type":"post","link":"https:\/\/www.bellunopress.it\/fr\/2026\/05\/02\/belluno-capitale-del-paracadutismo-torna-la-dolomiti-cup-tra-adrenalina-e-precisione\/","title":{"rendered":"Belluno, capitale del paracadutismo: torna la Dolomiti Cup tra adrenalina e precisione"},"content":{"rendered":"<p><strong>All&#8217;aeroporto &#8220;Arturo Dell&#8217;Oro&#8221; di Belluno via la 17\u00aa edizione della manifestazione. Ventidue team internazionali pronti alla sfida, mentre cresce l&#8217;attesa per il sold-out record del Trofeo Citt\u00e0 di Belluno in agosto<\/strong><\/p>\n<p>Belluno, 2 maggio 2026 \u2013 Il cielo sopra le Dolomiti si tinge di colori e adrenalina. Sabato 2 e domenica 3 maggio, l\u2019aeroporto &#8220;Arturo Dell&#8217;Oro&#8221; di Belluno torna a essere la capitale del paracadutismo internazionale con la 17\u00aa edizione della Dolomiti Cup. L\u2019evento, ormai un classico del calendario sportivo bellunese, \u00e8 organizzato dall&#8217;Associazione Paracadutismo Belluno e vedr\u00e0 i migliori specialisti dell&#8217;atterraggio di precisione sfidarsi per il podio.<\/p>\n<p>Le prove ufficiali sono gi\u00e0 iniziate da alcuni giorni, con gli atleti impegnati a testare correnti e traiettorie sulla pista cittadina. Sono circa venti le formazioni che prenderanno parte alla competizione, in rappresentanza di gran parte d&#8217;Europa: Italia, Austria, Croazia, Germania, Ungheria, Svizzera e Danimarca.<\/p>\n<p><img loading=\"lazy\" decoding=\"async\" class=\"aligncenter size-full wp-image-169715\" src=\"https:\/\/www.bellunopress.it\/wp-content\/uploads\/2026\/05\/paracadutismo-precisione-belluno.jpg\" alt=\"\" width=\"536\" height=\"600\" srcset=\"https:\/\/www.bellunopress.it\/wp-content\/uploads\/2026\/05\/paracadutismo-precisione-belluno.jpg 536w, https:\/\/www.bellunopress.it\/wp-content\/uploads\/2026\/05\/paracadutismo-precisione-belluno-447x500.jpg 447w, https:\/\/www.bellunopress.it\/wp-content\/uploads\/2026\/05\/paracadutismo-precisione-belluno-375x420.jpg 375w, https:\/\/www.bellunopress.it\/wp-content\/uploads\/2026\/05\/paracadutismo-precisione-belluno-150x168.jpg 150w, https:\/\/www.bellunopress.it\/wp-content\/uploads\/2026\/05\/paracadutismo-precisione-belluno-300x336.jpg 300w\" sizes=\"auto, (max-width: 536px) 100vw, 536px\" \/>Nonostante l&#8217;alto livello tecnico, non manca un pizzico di rammarico per alcune defezioni dell&#8217;ultimo minuto legate al contesto geopolitico. \u00abPeccato non aver presenti Qatar, Emirati Arabi, Oman e il Bahrain, che sarebbe stata la vera novit\u00e0 di quest&#8217;anno\u00bb ha spiegato Corrado Marchet, coordinatore dell&#8217;organizzazione. \u00abPurtroppo le note vicende nel Golfo hanno costretto queste delegazioni a rinunciare\u00bb.<\/p>\n<p>Se la Dolomiti Cup rappresenta lo spettacolo del weekend, l&#8217;entusiasmo nell&#8217;ambiente del paracadutismo \u00e8 gi\u00e0 proiettato verso l\u2019evento clou dell\u2019estate: il 37\u00b0 Trofeo Citt\u00e0 di Belluno, previsto dal 7 al 9 agosto.<\/p>\n<p>Le iscrizioni per l&#8217;appuntamento agostano hanno fatto registrare numeri da capogiro, lasciando gli stessi organizzatori a bocca aperta. Una volta aperti i registri mercoled\u00ec scorso, il &#8220;tutto esaurito&#8221; \u00e8 arrivato in una manciata di minuti:<\/p>\n<p>Tempo di iscrizione: Sold out in circa 20 minuti.<\/p>\n<p>Richieste pervenute: 58 team.<\/p>\n<p>Capacit\u00e0 massima: Circa 50 formazioni.<\/p>\n<p>\u00abSiamo davvero soddisfatti e piacevolmente stupiti\u00bb conclude Marchet. \u00abPurtroppo, a malincuore, non potremo accettare tutte le richieste, ma questo entusiasmo conferma Belluno come una delle tappe pi\u00f9 ambite a livello mondiale per questa disciplina\u00bb.<\/p>\n<p>L&#8217;invito per i cittadini e gli appassionati \u00e8 dunque per questo fine settimana: naso all&#8217;ins\u00f9 per godersi lo spettacolo della precisione in volo, un &#8220;antipasto&#8221; di alta quota in attesa della grande festa di agosto.<\/p>","protected":false},"excerpt":{"rendered":"<p>All&#8217;aeroporto &#8220;Arturo Dell&#8217;Oro&#8221; di Belluno via la 17\u00aa edizione della manifestazione. Ventidue team internazionali pronti alla sfida, mentre cresce l&#8217;attesa per il sold-out record del Trofeo Citt\u00e0 di Belluno in agosto Belluno, 2 maggio 2026 \u2013 Il cielo sopra le Dolomiti si tinge di colori e adrenalina. Sabato 2 e domenica 3 maggio, l\u2019aeroporto &#8220;Arturo [&hellip;]<\/p>\n","protected":false},"author":2,"featured_media":169716,"comment_status":"closed","ping_status":"open","sticky":false,"template":"","format":"standard","meta":{"footnotes":""},"categories":[26,4],"tags":[],"class_list":["post-169714","post","type-post","status-publish","format-standard","has-post-thumbnail","category-prima-pagina","category-sport"],"yoast_head":"<!-- This site is optimized with the Yoast SEO plugin v28.4 - https:\/\/yoast.com\/product\/yoast-seo-wordpress\/ -->\n<title>Belluno, capitale del paracadutismo: torna la Dolomiti Cup tra adrenalina e precisione - Bellunopress - Dolomiti<\/title>\n<meta name=\"robots\" content=\"index, follow, max-snippet:-1, max-image-preview:large, max-video-preview:-1\" \/>\n<link rel=\"canonical\" href=\"https:\/\/www.bellunopress.it\/fr\/2026\/05\/02\/belluno-capitale-del-paracadutismo-torna-la-dolomiti-cup-tra-adrenalina-e-precisione\/\" \/>\n<meta property=\"og:locale\" content=\"fr_FR\" \/>\n<meta property=\"og:type\" content=\"article\" \/>\n<meta property=\"og:title\" content=\"Belluno, capitale del paracadutismo: torna la Dolomiti Cup tra adrenalina e precisione - Bellunopress - Dolomiti\" \/>\n<meta property=\"og:description\" content=\"All&#8217;aeroporto &#8220;Arturo Dell&#8217;Oro&#8221; di Belluno via la 17\u00aa edizione della manifestazione. Ventidue team internazionali pronti alla sfida, mentre cresce l&#8217;attesa per il sold-out record del Trofeo Citt\u00e0 di Belluno in agosto Belluno, 2 maggio 2026 \u2013 Il cielo sopra le Dolomiti si tinge di colori e adrenalina. Sabato 2 e domenica 3 maggio, l\u2019aeroporto &#8220;Arturo [&hellip;]\" \/>\n<meta property=\"og:url\" content=\"https:\/\/www.bellunopress.it\/fr\/2026\/05\/02\/belluno-capitale-del-paracadutismo-torna-la-dolomiti-cup-tra-adrenalina-e-precisione\/\" \/>\n<meta property=\"og:site_name\" content=\"Bellunopress - Dolomiti\" \/>\n<meta property=\"article:publisher\" content=\"https:\/\/www.facebook.com\/profile.php?id=100008943462799\" \/>\n<meta property=\"article:published_time\" content=\"2026-05-02T14:20:04+00:00\" \/>\n<meta property=\"og:image\" content=\"https:\/\/www.bellunopress.it\/wp-content\/uploads\/2026\/05\/paracadutismo-belluno.jpg\" \/>\n\t<meta property=\"og:image:width\" content=\"600\" \/>\n\t<meta property=\"og:image:height\" content=\"377\" \/>\n\t<meta property=\"og:image:type\" content=\"image\/jpeg\" \/>\n<meta name=\"author\" content=\"redazione\" \/>\n<meta name=\"twitter:card\" content=\"summary_large_image\" \/>\n<meta name=\"twitter:creator\" content=\"@bellunopress\" \/>\n<meta name=\"twitter:site\" content=\"@bellunopress\" \/>\n<meta name=\"twitter:label1\" content=\"\u00c9crit par\" \/>\n\t<meta name=\"twitter:data1\" content=\"redazione\" \/>\n\t<meta name=\"twitter:label2\" content=\"Dur\u00e9e de lecture estim\u00e9e\" \/>\n\t<meta name=\"twitter:data2\" content=\"3 minutes\" \/>\n<script type=\"application\/ld+json\" class=\"yoast-schema-graph\">{\"@context\":\"https:\\\/\\\/schema.org\",\"@graph\":[{\"@type\":\"Article\",\"@id\":\"https:\\\/\\\/www.bellunopress.it\\\/2026\\\/05\\\/02\\\/belluno-capitale-del-paracadutismo-torna-la-dolomiti-cup-tra-adrenalina-e-precisione\\\/#article\",\"isPartOf\":{\"@id\":\"https:\\\/\\\/www.bellunopress.it\\\/2026\\\/05\\\/02\\\/belluno-capitale-del-paracadutismo-torna-la-dolomiti-cup-tra-adrenalina-e-precisione\\\/\"},\"author\":{\"name\":\"redazione\",\"@id\":\"https:\\\/\\\/www.bellunopress.it\\\/#\\\/schema\\\/person\\\/79bb06722b37ece1c03d3e94beb30d73\"},\"headline\":\"Belluno, capitale del paracadutismo: torna la Dolomiti Cup tra adrenalina e precisione\",\"datePublished\":\"2026-05-02T14:20:04+00:00\",\"mainEntityOfPage\":{\"@id\":\"https:\\\/\\\/www.bellunopress.it\\\/2026\\\/05\\\/02\\\/belluno-capitale-del-paracadutismo-torna-la-dolomiti-cup-tra-adrenalina-e-precisione\\\/\"},\"wordCount\":368,\"publisher\":{\"@id\":\"https:\\\/\\\/www.bellunopress.it\\\/#organization\"},\"image\":{\"@id\":\"https:\\\/\\\/www.bellunopress.it\\\/2026\\\/05\\\/02\\\/belluno-capitale-del-paracadutismo-torna-la-dolomiti-cup-tra-adrenalina-e-precisione\\\/#primaryimage\"},\"thumbnailUrl\":\"https:\\\/\\\/www.bellunopress.it\\\/wp-content\\\/uploads\\\/2026\\\/05\\\/paracadutismo-belluno.jpg\",\"articleSection\":[\"Prima Pagina\",\"Sport, tempo libero\"],\"inLanguage\":\"fr-FR\"},{\"@type\":\"WebPage\",\"@id\":\"https:\\\/\\\/www.bellunopress.it\\\/2026\\\/05\\\/02\\\/belluno-capitale-del-paracadutismo-torna-la-dolomiti-cup-tra-adrenalina-e-precisione\\\/\",\"url\":\"https:\\\/\\\/www.bellunopress.it\\\/2026\\\/05\\\/02\\\/belluno-capitale-del-paracadutismo-torna-la-dolomiti-cup-tra-adrenalina-e-precisione\\\/\",\"name\":\"Belluno, capitale del paracadutismo: torna la Dolomiti Cup tra adrenalina e precisione - Bellunopress - Dolomiti\",\"isPartOf\":{\"@id\":\"https:\\\/\\\/www.bellunopress.it\\\/#website\"},\"primaryImageOfPage\":{\"@id\":\"https:\\\/\\\/www.bellunopress.it\\\/2026\\\/05\\\/02\\\/belluno-capitale-del-paracadutismo-torna-la-dolomiti-cup-tra-adrenalina-e-precisione\\\/#primaryimage\"},\"image\":{\"@id\":\"https:\\\/\\\/www.bellunopress.it\\\/2026\\\/05\\\/02\\\/belluno-capitale-del-paracadutismo-torna-la-dolomiti-cup-tra-adrenalina-e-precisione\\\/#primaryimage\"},\"thumbnailUrl\":\"https:\\\/\\\/www.bellunopress.it\\\/wp-content\\\/uploads\\\/2026\\\/05\\\/paracadutismo-belluno.jpg\",\"datePublished\":\"2026-05-02T14:20:04+00:00\",\"breadcrumb\":{\"@id\":\"https:\\\/\\\/www.bellunopress.it\\\/2026\\\/05\\\/02\\\/belluno-capitale-del-paracadutismo-torna-la-dolomiti-cup-tra-adrenalina-e-precisione\\\/#breadcrumb\"},\"inLanguage\":\"fr-FR\",\"potentialAction\":[{\"@type\":\"ReadAction\",\"target\":[\"https:\\\/\\\/www.bellunopress.it\\\/2026\\\/05\\\/02\\\/belluno-capitale-del-paracadutismo-torna-la-dolomiti-cup-tra-adrenalina-e-precisione\\\/\"]}]},{\"@type\":\"ImageObject\",\"inLanguage\":\"fr-FR\",\"@id\":\"https:\\\/\\\/www.bellunopress.it\\\/2026\\\/05\\\/02\\\/belluno-capitale-del-paracadutismo-torna-la-dolomiti-cup-tra-adrenalina-e-precisione\\\/#primaryimage\",\"url\":\"https:\\\/\\\/www.bellunopress.it\\\/wp-content\\\/uploads\\\/2026\\\/05\\\/paracadutismo-belluno.jpg\",\"contentUrl\":\"https:\\\/\\\/www.bellunopress.it\\\/wp-content\\\/uploads\\\/2026\\\/05\\\/paracadutismo-belluno.jpg\",\"width\":600,\"height\":377},{\"@type\":\"BreadcrumbList\",\"@id\":\"https:\\\/\\\/www.bellunopress.it\\\/2026\\\/05\\\/02\\\/belluno-capitale-del-paracadutismo-torna-la-dolomiti-cup-tra-adrenalina-e-precisione\\\/#breadcrumb\",\"itemListElement\":[{\"@type\":\"ListItem\",\"position\":1,\"name\":\"Home\",\"item\":\"https:\\\/\\\/www.bellunopress.it\\\/\"},{\"@type\":\"ListItem\",\"position\":2,\"name\":\"Belluno, capitale del paracadutismo: torna la Dolomiti Cup tra adrenalina e precisione\"}]},{\"@type\":\"WebSite\",\"@id\":\"https:\\\/\\\/www.bellunopress.it\\\/#website\",\"url\":\"https:\\\/\\\/www.bellunopress.it\\\/\",\"name\":\"Bellunopress - Dolomiti\",\"description\":\"e-mail: redazione@bellunopress.it\",\"publisher\":{\"@id\":\"https:\\\/\\\/www.bellunopress.it\\\/#organization\"},\"potentialAction\":[{\"@type\":\"SearchAction\",\"target\":{\"@type\":\"EntryPoint\",\"urlTemplate\":\"https:\\\/\\\/www.bellunopress.it\\\/?s={search_term_string}\"},\"query-input\":{\"@type\":\"PropertyValueSpecification\",\"valueRequired\":true,\"valueName\":\"search_term_string\"}}],\"inLanguage\":\"fr-FR\"},{\"@type\":\"Organization\",\"@id\":\"https:\\\/\\\/www.bellunopress.it\\\/#organization\",\"name\":\"Bellunopress\",\"url\":\"https:\\\/\\\/www.bellunopress.it\\\/\",\"logo\":{\"@type\":\"ImageObject\",\"inLanguage\":\"fr-FR\",\"@id\":\"https:\\\/\\\/www.bellunopress.it\\\/#\\\/schema\\\/logo\\\/image\\\/\",\"url\":\"https:\\\/\\\/www.bellunopress.it\\\/wp-content\\\/uploads\\\/2011\\\/05\\\/cropped-logo-bellunopress-.jpg\",\"contentUrl\":\"https:\\\/\\\/www.bellunopress.it\\\/wp-content\\\/uploads\\\/2011\\\/05\\\/cropped-logo-bellunopress-.jpg\",\"width\":512,\"height\":512,\"caption\":\"Bellunopress\"},\"image\":{\"@id\":\"https:\\\/\\\/www.bellunopress.it\\\/#\\\/schema\\\/logo\\\/image\\\/\"},\"sameAs\":[\"https:\\\/\\\/www.facebook.com\\\/profile.php?id=100008943462799\",\"https:\\\/\\\/x.com\\\/bellunopress\",\"https:\\\/\\\/www.linkedin.com\\\/hp\\\/?dnr=JBzUWaJfMUw8vbXJJ2tVW5-I3jZKvC4wsoxE&amp;amp;amp;amp;amp;amp;trk=nav_responsive_tab_home\",\"https:\\\/\\\/www.youtube.com\\\/channel\\\/UCxL0wu1uN0_3_7hGG0306cw\"]},{\"@type\":\"Person\",\"@id\":\"https:\\\/\\\/www.bellunopress.it\\\/#\\\/schema\\\/person\\\/79bb06722b37ece1c03d3e94beb30d73\",\"name\":\"redazione\",\"image\":{\"@type\":\"ImageObject\",\"inLanguage\":\"fr-FR\",\"@id\":\"https:\\\/\\\/secure.gravatar.com\\\/avatar\\\/37d968a2e67a6fd04c169c4bdef102d0bc5d31b2546345219e348575eb80e9a0?s=96&d=mm&r=g\",\"url\":\"https:\\\/\\\/secure.gravatar.com\\\/avatar\\\/37d968a2e67a6fd04c169c4bdef102d0bc5d31b2546345219e348575eb80e9a0?s=96&d=mm&r=g\",\"contentUrl\":\"https:\\\/\\\/secure.gravatar.com\\\/avatar\\\/37d968a2e67a6fd04c169c4bdef102d0bc5d31b2546345219e348575eb80e9a0?s=96&d=mm&r=g\",\"caption\":\"redazione\"},\"sameAs\":[\"http:\\\/\\\/www.bellunopress.it\",\"https:\\\/\\\/x.com\\\/bellunopress\"],\"url\":\"https:\\\/\\\/www.bellunopress.it\\\/fr\\\/author\\\/redazione\\\/\"}]}<\/script>\n<!-- \/ Yoast SEO plugin. -->","yoast_head_json":{"title":"Belluno, capitale del paracadutismo: torna la Dolomiti Cup tra adrenalina e precisione - Bellunopress - Dolomiti","robots":{"index":"index","follow":"follow","max-snippet":"max-snippet:-1","max-image-preview":"max-image-preview:large","max-video-preview":"max-video-preview:-1"},"canonical":"https:\/\/www.bellunopress.it\/fr\/2026\/05\/02\/belluno-capitale-del-paracadutismo-torna-la-dolomiti-cup-tra-adrenalina-e-precisione\/","og_locale":"fr_FR","og_type":"article","og_title":"Belluno, capitale del paracadutismo: torna la Dolomiti Cup tra adrenalina e precisione - Bellunopress - Dolomiti","og_description":"All&#8217;aeroporto &#8220;Arturo Dell&#8217;Oro&#8221; di Belluno via la 17\u00aa edizione della manifestazione. Ventidue team internazionali pronti alla sfida, mentre cresce l&#8217;attesa per il sold-out record del Trofeo Citt\u00e0 di Belluno in agosto Belluno, 2 maggio 2026 \u2013 Il cielo sopra le Dolomiti si tinge di colori e adrenalina. Sabato 2 e domenica 3 maggio, l\u2019aeroporto &#8220;Arturo [&hellip;]","og_url":"https:\/\/www.bellunopress.it\/fr\/2026\/05\/02\/belluno-capitale-del-paracadutismo-torna-la-dolomiti-cup-tra-adrenalina-e-precisione\/","og_site_name":"Bellunopress - Dolomiti","article_publisher":"https:\/\/www.facebook.com\/profile.php?id=100008943462799","article_published_time":"2026-05-02T14:20:04+00:00","og_image":[{"width":600,"height":377,"url":"https:\/\/www.bellunopress.it\/wp-content\/uploads\/2026\/05\/paracadutismo-belluno.jpg","type":"image\/jpeg"}],"author":"redazione","twitter_card":"summary_large_image","twitter_creator":"@bellunopress","twitter_site":"@bellunopress","twitter_misc":{"\u00c9crit par":"redazione","Dur\u00e9e de lecture estim\u00e9e":"3 minutes"},"schema":{"@context":"https:\/\/schema.org","@graph":[{"@type":"Article","@id":"https:\/\/www.bellunopress.it\/2026\/05\/02\/belluno-capitale-del-paracadutismo-torna-la-dolomiti-cup-tra-adrenalina-e-precisione\/#article","isPartOf":{"@id":"https:\/\/www.bellunopress.it\/2026\/05\/02\/belluno-capitale-del-paracadutismo-torna-la-dolomiti-cup-tra-adrenalina-e-precisione\/"},"author":{"name":"redazione","@id":"https:\/\/www.bellunopress.it\/#\/schema\/person\/79bb06722b37ece1c03d3e94beb30d73"},"headline":"Belluno, capitale del paracadutismo: torna la Dolomiti Cup tra adrenalina e precisione","datePublished":"2026-05-02T14:20:04+00:00","mainEntityOfPage":{"@id":"https:\/\/www.bellunopress.it\/2026\/05\/02\/belluno-capitale-del-paracadutismo-torna-la-dolomiti-cup-tra-adrenalina-e-precisione\/"},"wordCount":368,"publisher":{"@id":"https:\/\/www.bellunopress.it\/#organization"},"image":{"@id":"https:\/\/www.bellunopress.it\/2026\/05\/02\/belluno-capitale-del-paracadutismo-torna-la-dolomiti-cup-tra-adrenalina-e-precisione\/#primaryimage"},"thumbnailUrl":"https:\/\/www.bellunopress.it\/wp-content\/uploads\/2026\/05\/paracadutismo-belluno.jpg","articleSection":["Prima Pagina","Sport, tempo libero"],"inLanguage":"fr-FR"},{"@type":"WebPage","@id":"https:\/\/www.bellunopress.it\/2026\/05\/02\/belluno-capitale-del-paracadutismo-torna-la-dolomiti-cup-tra-adrenalina-e-precisione\/","url":"https:\/\/www.bellunopress.it\/2026\/05\/02\/belluno-capitale-del-paracadutismo-torna-la-dolomiti-cup-tra-adrenalina-e-precisione\/","name":"Belluno, capitale del paracadutismo: torna la Dolomiti Cup tra adrenalina e precisione - Bellunopress - Dolomiti","isPartOf":{"@id":"https:\/\/www.bellunopress.it\/#website"},"primaryImageOfPage":{"@id":"https:\/\/www.bellunopress.it\/2026\/05\/02\/belluno-capitale-del-paracadutismo-torna-la-dolomiti-cup-tra-adrenalina-e-precisione\/#primaryimage"},"image":{"@id":"https:\/\/www.bellunopress.it\/2026\/05\/02\/belluno-capitale-del-paracadutismo-torna-la-dolomiti-cup-tra-adrenalina-e-precisione\/#primaryimage"},"thumbnailUrl":"https:\/\/www.bellunopress.it\/wp-content\/uploads\/2026\/05\/paracadutismo-belluno.jpg","datePublished":"2026-05-02T14:20:04+00:00","breadcrumb":{"@id":"https:\/\/www.bellunopress.it\/2026\/05\/02\/belluno-capitale-del-paracadutismo-torna-la-dolomiti-cup-tra-adrenalina-e-precisione\/#breadcrumb"},"inLanguage":"fr-FR","potentialAction":[{"@type":"ReadAction","target":["https:\/\/www.bellunopress.it\/2026\/05\/02\/belluno-capitale-del-paracadutismo-torna-la-dolomiti-cup-tra-adrenalina-e-precisione\/"]}]},{"@type":"ImageObject","inLanguage":"fr-FR","@id":"https:\/\/www.bellunopress.it\/2026\/05\/02\/belluno-capitale-del-paracadutismo-torna-la-dolomiti-cup-tra-adrenalina-e-precisione\/#primaryimage","url":"https:\/\/www.bellunopress.it\/wp-content\/uploads\/2026\/05\/paracadutismo-belluno.jpg","contentUrl":"https:\/\/www.bellunopress.it\/wp-content\/uploads\/2026\/05\/paracadutismo-belluno.jpg","width":600,"height":377},{"@type":"BreadcrumbList","@id":"https:\/\/www.bellunopress.it\/2026\/05\/02\/belluno-capitale-del-paracadutismo-torna-la-dolomiti-cup-tra-adrenalina-e-precisione\/#breadcrumb","itemListElement":[{"@type":"ListItem","position":1,"name":"Home","item":"https:\/\/www.bellunopress.it\/"},{"@type":"ListItem","position":2,"name":"Belluno, capitale del paracadutismo: torna la Dolomiti Cup tra adrenalina e precisione"}]},{"@type":"WebSite","@id":"https:\/\/www.bellunopress.it\/#website","url":"https:\/\/www.bellunopress.it\/","name":"Bellunopress - Dolomiti","description":"e-mail: redazione@bellunopress.it","publisher":{"@id":"https:\/\/www.bellunopress.it\/#organization"},"potentialAction":[{"@type":"SearchAction","target":{"@type":"EntryPoint","urlTemplate":"https:\/\/www.bellunopress.it\/?s={search_term_string}"},"query-input":{"@type":"PropertyValueSpecification","valueRequired":true,"valueName":"search_term_string"}}],"inLanguage":"fr-FR"},{"@type":"Organization","@id":"https:\/\/www.bellunopress.it\/#organization","name":"Bellunopress","url":"https:\/\/www.bellunopress.it\/","logo":{"@type":"ImageObject","inLanguage":"fr-FR","@id":"https:\/\/www.bellunopress.it\/#\/schema\/logo\/image\/","url":"https:\/\/www.bellunopress.it\/wp-content\/uploads\/2011\/05\/cropped-logo-bellunopress-.jpg","contentUrl":"https:\/\/www.bellunopress.it\/wp-content\/uploads\/2011\/05\/cropped-logo-bellunopress-.jpg","width":512,"height":512,"caption":"Bellunopress"},"image":{"@id":"https:\/\/www.bellunopress.it\/#\/schema\/logo\/image\/"},"sameAs":["https:\/\/www.facebook.com\/profile.php?id=100008943462799","https:\/\/x.com\/bellunopress","https:\/\/www.linkedin.com\/hp\/?dnr=JBzUWaJfMUw8vbXJJ2tVW5-I3jZKvC4wsoxE&amp;amp;amp;amp;amp;amp;trk=nav_responsive_tab_home","https:\/\/www.youtube.com\/channel\/UCxL0wu1uN0_3_7hGG0306cw"]},{"@type":"Person","@id":"https:\/\/www.bellunopress.it\/#\/schema\/person\/79bb06722b37ece1c03d3e94beb30d73","name":"r\u00e9daction","image":{"@type":"ImageObject","inLanguage":"fr-FR","@id":"https:\/\/secure.gravatar.com\/avatar\/37d968a2e67a6fd04c169c4bdef102d0bc5d31b2546345219e348575eb80e9a0?s=96&d=mm&r=g","url":"https:\/\/secure.gravatar.com\/avatar\/37d968a2e67a6fd04c169c4bdef102d0bc5d31b2546345219e348575eb80e9a0?s=96&d=mm&r=g","contentUrl":"https:\/\/secure.gravatar.com\/avatar\/37d968a2e67a6fd04c169c4bdef102d0bc5d31b2546345219e348575eb80e9a0?s=96&d=mm&r=g","caption":"redazione"},"sameAs":["http:\/\/www.bellunopress.it","https:\/\/x.com\/bellunopress"],"url":"https:\/\/www.bellunopress.it\/fr\/author\/redazione\/"}]}},"_links":{"self":[{"href":"https:\/\/www.bellunopress.it\/fr\/wp-json\/wp\/v2\/posts\/169714","targetHints":{"allow":["GET"]}}],"collection":[{"href":"https:\/\/www.bellunopress.it\/fr\/wp-json\/wp\/v2\/posts"}],"about":[{"href":"https:\/\/www.bellunopress.it\/fr\/wp-json\/wp\/v2\/types\/post"}],"author":[{"embeddable":true,"href":"https:\/\/www.bellunopress.it\/fr\/wp-json\/wp\/v2\/users\/2"}],"replies":[{"embeddable":true,"href":"https:\/\/www.bellunopress.it\/fr\/wp-json\/wp\/v2\/comments?post=169714"}],"version-history":[{"count":1,"href":"https:\/\/www.bellunopress.it\/fr\/wp-json\/wp\/v2\/posts\/169714\/revisions"}],"predecessor-version":[{"id":169717,"href":"https:\/\/www.bellunopress.it\/fr\/wp-json\/wp\/v2\/posts\/169714\/revisions\/169717"}],"wp:featuredmedia":[{"embeddable":true,"href":"https:\/\/www.bellunopress.it\/fr\/wp-json\/wp\/v2\/media\/169716"}],"wp:attachment":[{"href":"https:\/\/www.bellunopress.it\/fr\/wp-json\/wp\/v2\/media?parent=169714"}],"wp:term":[{"taxonomy":"category","embeddable":true,"href":"https:\/\/www.bellunopress.it\/fr\/wp-json\/wp\/v2\/categories?post=169714"},{"taxonomy":"post_tag","embeddable":true,"href":"https:\/\/www.bellunopress.it\/fr\/wp-json\/wp\/v2\/tags?post=169714"}],"curies":[{"name":"wp","href":"https:\/\/api.w.org\/{rel}","templated":true}]}}