{"id":169711,"date":"2026-05-02T09:58:01","date_gmt":"2026-05-02T07:58:01","guid":{"rendered":"https:\/\/www.bellunopress.it\/?p=169711"},"modified":"2026-05-02T09:58:01","modified_gmt":"2026-05-02T07:58:01","slug":"champions-pulcini-festa-internazionale-del-calcio-giovanile-trionfa-lhellas-verona","status":"publish","type":"post","link":"https:\/\/www.bellunopress.it\/fr\/2026\/05\/02\/champions-pulcini-festa-internazionale-del-calcio-giovanile-trionfa-lhellas-verona\/","title":{"rendered":"&#8220;Champions Pulcini&#8221;, festa internazionale del calcio giovanile: trionfa l&#8217;Hellas Verona"},"content":{"rendered":"<p>Il futuro del calcio parla tante lingue, ma ha un&#8217;unica casa: il campo. E per due giorni, tra il Centro sportivo di Rasai e lo stadio Zugni Tauro di Feltre, quella casa \u00e8 stata l&#8217;edizione numero 38 del torneo &#8220;Champions Pulcini&#8221;, organizzato dalla Dolomiti Bellunesi e nobilitato da ben 41 formazioni per un totale di circa 650 bambini impegnati sul rettangolo verde.<\/p>\n<p>Un&#8217;edizione che ha confermato il profilo internazionale dell&#8217;evento, grazie alla presenza di tre compagini croate: NK Istra 1961, NK Pomorac Kostrena e HNK Rijeka. Un autentico valore aggiunto, in grado di arricchire il confronto sportivo e culturale. E di offrire ai giovani atleti un&#8217;esperienza che va ben oltre il risultato. A incidere per la prima volta la propria denominazione nell&#8217;albo d&#8217;oro \u00e8 stato l&#8217;Hellas Verona: i giallobl\u00f9 si sono imposti in finalissima sul Rijeka, al termine di una sfida combattuta. Sul terzo gradino del podio \u00e8 salito il Bologna, quarta piazza per NK Istra 1961. E il Donatello ha ricevuto la palma di miglior squadra dilettantistica.<\/p>\n<p>Ma ridurre la &#8220;Champions Pulcini&#8221; a una classifica sarebbe limitante. Perch\u00e9 il torneo, ancora una volta, ha saputo mettere al centro i valori pi\u00f9 autentici dello sport. A partire dall&#8217;inclusione, testimoniata dal match che ha visto protagonisti i ragazzi della squadra Premium: un momento intenso, capace di unire pubblico e partecipanti in un applauso condiviso.<\/p>\n<p>Per quanto riguarda i riconoscimenti individuali, Matteo Dal Piero (Hellas Verona) \u00e8 stato eletto miglior giocatore e Ivano Iamcie (Rijeka) miglior portiere, mentre il premo FairPlay, ideato da Confindustria Belluno Dolomiti, \u00e8 andato a Manuele Viola del Valboite. E la borsa di studio, intitolata alla memoria di Mauro De Menech, \u00e8 stata consegnata dalla signora Silvana Pizzolotto nelle mani di Francesco Gandin: atleta dell&#8217;Under 19 dolomitica, impegnata nel campionato Primavera 4.<\/p>\n<p>Suggestiva pure la cornice della finalissima, anticipata da un momento spettacolare: il pallone \u00e8 arrivato direttamente dal cielo, portato dal Para Delta Club Feltre per un&#8217;istantanea di grande impatto simbolico. E destinata a restare nella memoria di questo primo maggio feltrino.<\/p>\n<p>Alla cerimonia di chiusura non \u00e8 mancata la presenza delle istituzioni: in prima fila, i sindaci di Feltre e Sedico, Viviana Fusaro e Christian Roldo, l&#8217;assessore regionale Dario Bond, il consigliere provinciale Alberto Vettoretto, oltre al delegato bellunese della Figc Orazio Zanin, a sottolineare il valore di una manifestazione che coinvolge il territorio e ne rappresenta una splendida vetrina.<\/p>\n<p>Soddisfazione pure nelle parole del presidente della Dolomiti Bellunesi, Paolo De Cian: \u00abLa &#8220;Champions Pulcini&#8221; \u00e8 il risultato di un enorme lavoro di squadra. Voglio ringraziare i volontari, senza i quali sarebbe impossibile dare vita a un torneo di questo tipo. C&#8217;\u00e8 una macchina organizzativa che lavora con passione e competenza, ma soprattutto c&#8217;\u00e8 un&#8217;idea di sport che va il rettangolo verde. Qui parliamo di bambini, del loro entusiasmo, della loro crescita. Parliamo della parte pi\u00f9 bella del calcio e del suo futuro\u00bb. Un futuro che, ancora una volta, \u00e8 passato da Rasai e Feltre. E che d\u00e0 appuntamento al prossimo anno, per la trentanovesima edizione.<\/p>","protected":false},"excerpt":{"rendered":"<p>Il futuro del calcio parla tante lingue, ma ha un&#8217;unica casa: il campo. E per due giorni, tra il Centro sportivo di Rasai e lo stadio Zugni Tauro di Feltre, quella casa \u00e8 stata l&#8217;edizione numero 38 del torneo &#8220;Champions Pulcini&#8221;, organizzato dalla Dolomiti Bellunesi e nobilitato da ben 41 formazioni per un totale di [&hellip;]<\/p>\n","protected":false},"author":2,"featured_media":169712,"comment_status":"closed","ping_status":"open","sticky":false,"template":"","format":"standard","meta":{"footnotes":""},"categories":[4],"tags":[],"class_list":["post-169711","post","type-post","status-publish","format-standard","has-post-thumbnail","category-sport"],"yoast_head":"<!-- This site is optimized with the Yoast SEO plugin v28.4 - https:\/\/yoast.com\/product\/yoast-seo-wordpress\/ -->\n<title>&quot;Champions Pulcini&quot;, festa internazionale del calcio giovanile: trionfa l&#039;Hellas Verona - Bellunopress - Dolomiti<\/title>\n<meta name=\"robots\" content=\"index, follow, max-snippet:-1, max-image-preview:large, max-video-preview:-1\" \/>\n<link rel=\"canonical\" href=\"https:\/\/www.bellunopress.it\/fr\/2026\/05\/02\/champions-pulcini-festa-internazionale-del-calcio-giovanile-trionfa-lhellas-verona\/\" \/>\n<meta property=\"og:locale\" content=\"fr_FR\" \/>\n<meta property=\"og:type\" content=\"article\" \/>\n<meta property=\"og:title\" content=\"&quot;Champions Pulcini&quot;, festa internazionale del calcio giovanile: trionfa l&#039;Hellas Verona - Bellunopress - Dolomiti\" \/>\n<meta property=\"og:description\" content=\"Il futuro del calcio parla tante lingue, ma ha un&#8217;unica casa: il campo. E per due giorni, tra il Centro sportivo di Rasai e lo stadio Zugni Tauro di Feltre, quella casa \u00e8 stata l&#8217;edizione numero 38 del torneo &#8220;Champions Pulcini&#8221;, organizzato dalla Dolomiti Bellunesi e nobilitato da ben 41 formazioni per un totale di [&hellip;]\" \/>\n<meta property=\"og:url\" content=\"https:\/\/www.bellunopress.it\/fr\/2026\/05\/02\/champions-pulcini-festa-internazionale-del-calcio-giovanile-trionfa-lhellas-verona\/\" \/>\n<meta property=\"og:site_name\" content=\"Bellunopress - Dolomiti\" \/>\n<meta property=\"article:publisher\" content=\"https:\/\/www.facebook.com\/profile.php?id=100008943462799\" \/>\n<meta property=\"article:published_time\" content=\"2026-05-02T07:58:01+00:00\" \/>\n<meta property=\"og:image\" content=\"https:\/\/www.bellunopress.it\/wp-content\/uploads\/2026\/05\/Donatello_miglior_squadra_dilettantistica.jpg\" \/>\n\t<meta property=\"og:image:width\" content=\"600\" \/>\n\t<meta property=\"og:image:height\" content=\"336\" \/>\n\t<meta property=\"og:image:type\" content=\"image\/jpeg\" \/>\n<meta name=\"author\" content=\"redazione\" \/>\n<meta name=\"twitter:card\" content=\"summary_large_image\" \/>\n<meta name=\"twitter:creator\" content=\"@bellunopress\" \/>\n<meta name=\"twitter:site\" content=\"@bellunopress\" \/>\n<meta name=\"twitter:label1\" content=\"\u00c9crit par\" \/>\n\t<meta name=\"twitter:data1\" content=\"redazione\" \/>\n\t<meta name=\"twitter:label2\" content=\"Dur\u00e9e de lecture estim\u00e9e\" \/>\n\t<meta name=\"twitter:data2\" content=\"3 minutes\" \/>\n<script type=\"application\/ld+json\" class=\"yoast-schema-graph\">{\"@context\":\"https:\\\/\\\/schema.org\",\"@graph\":[{\"@type\":\"Article\",\"@id\":\"https:\\\/\\\/www.bellunopress.it\\\/2026\\\/05\\\/02\\\/champions-pulcini-festa-internazionale-del-calcio-giovanile-trionfa-lhellas-verona\\\/#article\",\"isPartOf\":{\"@id\":\"https:\\\/\\\/www.bellunopress.it\\\/2026\\\/05\\\/02\\\/champions-pulcini-festa-internazionale-del-calcio-giovanile-trionfa-lhellas-verona\\\/\"},\"author\":{\"name\":\"redazione\",\"@id\":\"https:\\\/\\\/www.bellunopress.it\\\/#\\\/schema\\\/person\\\/79bb06722b37ece1c03d3e94beb30d73\"},\"headline\":\"&#8220;Champions Pulcini&#8221;, festa internazionale del calcio giovanile: trionfa l&#8217;Hellas Verona\",\"datePublished\":\"2026-05-02T07:58:01+00:00\",\"mainEntityOfPage\":{\"@id\":\"https:\\\/\\\/www.bellunopress.it\\\/2026\\\/05\\\/02\\\/champions-pulcini-festa-internazionale-del-calcio-giovanile-trionfa-lhellas-verona\\\/\"},\"wordCount\":507,\"publisher\":{\"@id\":\"https:\\\/\\\/www.bellunopress.it\\\/#organization\"},\"image\":{\"@id\":\"https:\\\/\\\/www.bellunopress.it\\\/2026\\\/05\\\/02\\\/champions-pulcini-festa-internazionale-del-calcio-giovanile-trionfa-lhellas-verona\\\/#primaryimage\"},\"thumbnailUrl\":\"https:\\\/\\\/www.bellunopress.it\\\/wp-content\\\/uploads\\\/2026\\\/05\\\/Donatello_miglior_squadra_dilettantistica.jpg\",\"articleSection\":[\"Sport, tempo libero\"],\"inLanguage\":\"fr-FR\"},{\"@type\":\"WebPage\",\"@id\":\"https:\\\/\\\/www.bellunopress.it\\\/2026\\\/05\\\/02\\\/champions-pulcini-festa-internazionale-del-calcio-giovanile-trionfa-lhellas-verona\\\/\",\"url\":\"https:\\\/\\\/www.bellunopress.it\\\/2026\\\/05\\\/02\\\/champions-pulcini-festa-internazionale-del-calcio-giovanile-trionfa-lhellas-verona\\\/\",\"name\":\"\\\"Champions Pulcini\\\", festa internazionale del calcio giovanile: trionfa l'Hellas Verona - Bellunopress - Dolomiti\",\"isPartOf\":{\"@id\":\"https:\\\/\\\/www.bellunopress.it\\\/#website\"},\"primaryImageOfPage\":{\"@id\":\"https:\\\/\\\/www.bellunopress.it\\\/2026\\\/05\\\/02\\\/champions-pulcini-festa-internazionale-del-calcio-giovanile-trionfa-lhellas-verona\\\/#primaryimage\"},\"image\":{\"@id\":\"https:\\\/\\\/www.bellunopress.it\\\/2026\\\/05\\\/02\\\/champions-pulcini-festa-internazionale-del-calcio-giovanile-trionfa-lhellas-verona\\\/#primaryimage\"},\"thumbnailUrl\":\"https:\\\/\\\/www.bellunopress.it\\\/wp-content\\\/uploads\\\/2026\\\/05\\\/Donatello_miglior_squadra_dilettantistica.jpg\",\"datePublished\":\"2026-05-02T07:58:01+00:00\",\"breadcrumb\":{\"@id\":\"https:\\\/\\\/www.bellunopress.it\\\/2026\\\/05\\\/02\\\/champions-pulcini-festa-internazionale-del-calcio-giovanile-trionfa-lhellas-verona\\\/#breadcrumb\"},\"inLanguage\":\"fr-FR\",\"potentialAction\":[{\"@type\":\"ReadAction\",\"target\":[\"https:\\\/\\\/www.bellunopress.it\\\/2026\\\/05\\\/02\\\/champions-pulcini-festa-internazionale-del-calcio-giovanile-trionfa-lhellas-verona\\\/\"]}]},{\"@type\":\"ImageObject\",\"inLanguage\":\"fr-FR\",\"@id\":\"https:\\\/\\\/www.bellunopress.it\\\/2026\\\/05\\\/02\\\/champions-pulcini-festa-internazionale-del-calcio-giovanile-trionfa-lhellas-verona\\\/#primaryimage\",\"url\":\"https:\\\/\\\/www.bellunopress.it\\\/wp-content\\\/uploads\\\/2026\\\/05\\\/Donatello_miglior_squadra_dilettantistica.jpg\",\"contentUrl\":\"https:\\\/\\\/www.bellunopress.it\\\/wp-content\\\/uploads\\\/2026\\\/05\\\/Donatello_miglior_squadra_dilettantistica.jpg\",\"width\":600,\"height\":336,\"caption\":\"Donatello, miglior squadra dilettantistica\"},{\"@type\":\"BreadcrumbList\",\"@id\":\"https:\\\/\\\/www.bellunopress.it\\\/2026\\\/05\\\/02\\\/champions-pulcini-festa-internazionale-del-calcio-giovanile-trionfa-lhellas-verona\\\/#breadcrumb\",\"itemListElement\":[{\"@type\":\"ListItem\",\"position\":1,\"name\":\"Home\",\"item\":\"https:\\\/\\\/www.bellunopress.it\\\/\"},{\"@type\":\"ListItem\",\"position\":2,\"name\":\"&#8220;Champions Pulcini&#8221;, festa internazionale del calcio giovanile: trionfa l&#8217;Hellas Verona\"}]},{\"@type\":\"WebSite\",\"@id\":\"https:\\\/\\\/www.bellunopress.it\\\/#website\",\"url\":\"https:\\\/\\\/www.bellunopress.it\\\/\",\"name\":\"Bellunopress - Dolomiti\",\"description\":\"e-mail: redazione@bellunopress.it\",\"publisher\":{\"@id\":\"https:\\\/\\\/www.bellunopress.it\\\/#organization\"},\"potentialAction\":[{\"@type\":\"SearchAction\",\"target\":{\"@type\":\"EntryPoint\",\"urlTemplate\":\"https:\\\/\\\/www.bellunopress.it\\\/?s={search_term_string}\"},\"query-input\":{\"@type\":\"PropertyValueSpecification\",\"valueRequired\":true,\"valueName\":\"search_term_string\"}}],\"inLanguage\":\"fr-FR\"},{\"@type\":\"Organization\",\"@id\":\"https:\\\/\\\/www.bellunopress.it\\\/#organization\",\"name\":\"Bellunopress\",\"url\":\"https:\\\/\\\/www.bellunopress.it\\\/\",\"logo\":{\"@type\":\"ImageObject\",\"inLanguage\":\"fr-FR\",\"@id\":\"https:\\\/\\\/www.bellunopress.it\\\/#\\\/schema\\\/logo\\\/image\\\/\",\"url\":\"https:\\\/\\\/www.bellunopress.it\\\/wp-content\\\/uploads\\\/2011\\\/05\\\/cropped-logo-bellunopress-.jpg\",\"contentUrl\":\"https:\\\/\\\/www.bellunopress.it\\\/wp-content\\\/uploads\\\/2011\\\/05\\\/cropped-logo-bellunopress-.jpg\",\"width\":512,\"height\":512,\"caption\":\"Bellunopress\"},\"image\":{\"@id\":\"https:\\\/\\\/www.bellunopress.it\\\/#\\\/schema\\\/logo\\\/image\\\/\"},\"sameAs\":[\"https:\\\/\\\/www.facebook.com\\\/profile.php?id=100008943462799\",\"https:\\\/\\\/x.com\\\/bellunopress\",\"https:\\\/\\\/www.linkedin.com\\\/hp\\\/?dnr=JBzUWaJfMUw8vbXJJ2tVW5-I3jZKvC4wsoxE&amp;amp;amp;amp;amp;amp;trk=nav_responsive_tab_home\",\"https:\\\/\\\/www.youtube.com\\\/channel\\\/UCxL0wu1uN0_3_7hGG0306cw\"]},{\"@type\":\"Person\",\"@id\":\"https:\\\/\\\/www.bellunopress.it\\\/#\\\/schema\\\/person\\\/79bb06722b37ece1c03d3e94beb30d73\",\"name\":\"redazione\",\"image\":{\"@type\":\"ImageObject\",\"inLanguage\":\"fr-FR\",\"@id\":\"https:\\\/\\\/secure.gravatar.com\\\/avatar\\\/37d968a2e67a6fd04c169c4bdef102d0bc5d31b2546345219e348575eb80e9a0?s=96&d=mm&r=g\",\"url\":\"https:\\\/\\\/secure.gravatar.com\\\/avatar\\\/37d968a2e67a6fd04c169c4bdef102d0bc5d31b2546345219e348575eb80e9a0?s=96&d=mm&r=g\",\"contentUrl\":\"https:\\\/\\\/secure.gravatar.com\\\/avatar\\\/37d968a2e67a6fd04c169c4bdef102d0bc5d31b2546345219e348575eb80e9a0?s=96&d=mm&r=g\",\"caption\":\"redazione\"},\"sameAs\":[\"http:\\\/\\\/www.bellunopress.it\",\"https:\\\/\\\/x.com\\\/bellunopress\"],\"url\":\"https:\\\/\\\/www.bellunopress.it\\\/fr\\\/author\\\/redazione\\\/\"}]}<\/script>\n<!-- \/ Yoast SEO plugin. -->","yoast_head_json":{"title":"\"Champions Pulcini\", festa internazionale del calcio giovanile: trionfa l'Hellas Verona - Bellunopress - Dolomiti","robots":{"index":"index","follow":"follow","max-snippet":"max-snippet:-1","max-image-preview":"max-image-preview:large","max-video-preview":"max-video-preview:-1"},"canonical":"https:\/\/www.bellunopress.it\/fr\/2026\/05\/02\/champions-pulcini-festa-internazionale-del-calcio-giovanile-trionfa-lhellas-verona\/","og_locale":"fr_FR","og_type":"article","og_title":"\"Champions Pulcini\", festa internazionale del calcio giovanile: trionfa l'Hellas Verona - Bellunopress - Dolomiti","og_description":"Il futuro del calcio parla tante lingue, ma ha un&#8217;unica casa: il campo. E per due giorni, tra il Centro sportivo di Rasai e lo stadio Zugni Tauro di Feltre, quella casa \u00e8 stata l&#8217;edizione numero 38 del torneo &#8220;Champions Pulcini&#8221;, organizzato dalla Dolomiti Bellunesi e nobilitato da ben 41 formazioni per un totale di [&hellip;]","og_url":"https:\/\/www.bellunopress.it\/fr\/2026\/05\/02\/champions-pulcini-festa-internazionale-del-calcio-giovanile-trionfa-lhellas-verona\/","og_site_name":"Bellunopress - Dolomiti","article_publisher":"https:\/\/www.facebook.com\/profile.php?id=100008943462799","article_published_time":"2026-05-02T07:58:01+00:00","og_image":[{"width":600,"height":336,"url":"https:\/\/www.bellunopress.it\/wp-content\/uploads\/2026\/05\/Donatello_miglior_squadra_dilettantistica.jpg","type":"image\/jpeg"}],"author":"redazione","twitter_card":"summary_large_image","twitter_creator":"@bellunopress","twitter_site":"@bellunopress","twitter_misc":{"\u00c9crit par":"redazione","Dur\u00e9e de lecture estim\u00e9e":"3 minutes"},"schema":{"@context":"https:\/\/schema.org","@graph":[{"@type":"Article","@id":"https:\/\/www.bellunopress.it\/2026\/05\/02\/champions-pulcini-festa-internazionale-del-calcio-giovanile-trionfa-lhellas-verona\/#article","isPartOf":{"@id":"https:\/\/www.bellunopress.it\/2026\/05\/02\/champions-pulcini-festa-internazionale-del-calcio-giovanile-trionfa-lhellas-verona\/"},"author":{"name":"redazione","@id":"https:\/\/www.bellunopress.it\/#\/schema\/person\/79bb06722b37ece1c03d3e94beb30d73"},"headline":"&#8220;Champions Pulcini&#8221;, festa internazionale del calcio giovanile: trionfa l&#8217;Hellas Verona","datePublished":"2026-05-02T07:58:01+00:00","mainEntityOfPage":{"@id":"https:\/\/www.bellunopress.it\/2026\/05\/02\/champions-pulcini-festa-internazionale-del-calcio-giovanile-trionfa-lhellas-verona\/"},"wordCount":507,"publisher":{"@id":"https:\/\/www.bellunopress.it\/#organization"},"image":{"@id":"https:\/\/www.bellunopress.it\/2026\/05\/02\/champions-pulcini-festa-internazionale-del-calcio-giovanile-trionfa-lhellas-verona\/#primaryimage"},"thumbnailUrl":"https:\/\/www.bellunopress.it\/wp-content\/uploads\/2026\/05\/Donatello_miglior_squadra_dilettantistica.jpg","articleSection":["Sport, tempo libero"],"inLanguage":"fr-FR"},{"@type":"WebPage","@id":"https:\/\/www.bellunopress.it\/2026\/05\/02\/champions-pulcini-festa-internazionale-del-calcio-giovanile-trionfa-lhellas-verona\/","url":"https:\/\/www.bellunopress.it\/2026\/05\/02\/champions-pulcini-festa-internazionale-del-calcio-giovanile-trionfa-lhellas-verona\/","name":"\"Champions Pulcini\", festa internazionale del calcio giovanile: trionfa l'Hellas Verona - Bellunopress - Dolomiti","isPartOf":{"@id":"https:\/\/www.bellunopress.it\/#website"},"primaryImageOfPage":{"@id":"https:\/\/www.bellunopress.it\/2026\/05\/02\/champions-pulcini-festa-internazionale-del-calcio-giovanile-trionfa-lhellas-verona\/#primaryimage"},"image":{"@id":"https:\/\/www.bellunopress.it\/2026\/05\/02\/champions-pulcini-festa-internazionale-del-calcio-giovanile-trionfa-lhellas-verona\/#primaryimage"},"thumbnailUrl":"https:\/\/www.bellunopress.it\/wp-content\/uploads\/2026\/05\/Donatello_miglior_squadra_dilettantistica.jpg","datePublished":"2026-05-02T07:58:01+00:00","breadcrumb":{"@id":"https:\/\/www.bellunopress.it\/2026\/05\/02\/champions-pulcini-festa-internazionale-del-calcio-giovanile-trionfa-lhellas-verona\/#breadcrumb"},"inLanguage":"fr-FR","potentialAction":[{"@type":"ReadAction","target":["https:\/\/www.bellunopress.it\/2026\/05\/02\/champions-pulcini-festa-internazionale-del-calcio-giovanile-trionfa-lhellas-verona\/"]}]},{"@type":"ImageObject","inLanguage":"fr-FR","@id":"https:\/\/www.bellunopress.it\/2026\/05\/02\/champions-pulcini-festa-internazionale-del-calcio-giovanile-trionfa-lhellas-verona\/#primaryimage","url":"https:\/\/www.bellunopress.it\/wp-content\/uploads\/2026\/05\/Donatello_miglior_squadra_dilettantistica.jpg","contentUrl":"https:\/\/www.bellunopress.it\/wp-content\/uploads\/2026\/05\/Donatello_miglior_squadra_dilettantistica.jpg","width":600,"height":336,"caption":"Donatello, miglior squadra dilettantistica"},{"@type":"BreadcrumbList","@id":"https:\/\/www.bellunopress.it\/2026\/05\/02\/champions-pulcini-festa-internazionale-del-calcio-giovanile-trionfa-lhellas-verona\/#breadcrumb","itemListElement":[{"@type":"ListItem","position":1,"name":"Home","item":"https:\/\/www.bellunopress.it\/"},{"@type":"ListItem","position":2,"name":"&#8220;Champions Pulcini&#8221;, festa internazionale del calcio giovanile: trionfa l&#8217;Hellas Verona"}]},{"@type":"WebSite","@id":"https:\/\/www.bellunopress.it\/#website","url":"https:\/\/www.bellunopress.it\/","name":"Bellunopress - Dolomiti","description":"e-mail: redazione@bellunopress.it","publisher":{"@id":"https:\/\/www.bellunopress.it\/#organization"},"potentialAction":[{"@type":"SearchAction","target":{"@type":"EntryPoint","urlTemplate":"https:\/\/www.bellunopress.it\/?s={search_term_string}"},"query-input":{"@type":"PropertyValueSpecification","valueRequired":true,"valueName":"search_term_string"}}],"inLanguage":"fr-FR"},{"@type":"Organization","@id":"https:\/\/www.bellunopress.it\/#organization","name":"Bellunopress","url":"https:\/\/www.bellunopress.it\/","logo":{"@type":"ImageObject","inLanguage":"fr-FR","@id":"https:\/\/www.bellunopress.it\/#\/schema\/logo\/image\/","url":"https:\/\/www.bellunopress.it\/wp-content\/uploads\/2011\/05\/cropped-logo-bellunopress-.jpg","contentUrl":"https:\/\/www.bellunopress.it\/wp-content\/uploads\/2011\/05\/cropped-logo-bellunopress-.jpg","width":512,"height":512,"caption":"Bellunopress"},"image":{"@id":"https:\/\/www.bellunopress.it\/#\/schema\/logo\/image\/"},"sameAs":["https:\/\/www.facebook.com\/profile.php?id=100008943462799","https:\/\/x.com\/bellunopress","https:\/\/www.linkedin.com\/hp\/?dnr=JBzUWaJfMUw8vbXJJ2tVW5-I3jZKvC4wsoxE&amp;amp;amp;amp;amp;amp;trk=nav_responsive_tab_home","https:\/\/www.youtube.com\/channel\/UCxL0wu1uN0_3_7hGG0306cw"]},{"@type":"Person","@id":"https:\/\/www.bellunopress.it\/#\/schema\/person\/79bb06722b37ece1c03d3e94beb30d73","name":"r\u00e9daction","image":{"@type":"ImageObject","inLanguage":"fr-FR","@id":"https:\/\/secure.gravatar.com\/avatar\/37d968a2e67a6fd04c169c4bdef102d0bc5d31b2546345219e348575eb80e9a0?s=96&d=mm&r=g","url":"https:\/\/secure.gravatar.com\/avatar\/37d968a2e67a6fd04c169c4bdef102d0bc5d31b2546345219e348575eb80e9a0?s=96&d=mm&r=g","contentUrl":"https:\/\/secure.gravatar.com\/avatar\/37d968a2e67a6fd04c169c4bdef102d0bc5d31b2546345219e348575eb80e9a0?s=96&d=mm&r=g","caption":"redazione"},"sameAs":["http:\/\/www.bellunopress.it","https:\/\/x.com\/bellunopress"],"url":"https:\/\/www.bellunopress.it\/fr\/author\/redazione\/"}]}},"_links":{"self":[{"href":"https:\/\/www.bellunopress.it\/fr\/wp-json\/wp\/v2\/posts\/169711","targetHints":{"allow":["GET"]}}],"collection":[{"href":"https:\/\/www.bellunopress.it\/fr\/wp-json\/wp\/v2\/posts"}],"about":[{"href":"https:\/\/www.bellunopress.it\/fr\/wp-json\/wp\/v2\/types\/post"}],"author":[{"embeddable":true,"href":"https:\/\/www.bellunopress.it\/fr\/wp-json\/wp\/v2\/users\/2"}],"replies":[{"embeddable":true,"href":"https:\/\/www.bellunopress.it\/fr\/wp-json\/wp\/v2\/comments?post=169711"}],"version-history":[{"count":1,"href":"https:\/\/www.bellunopress.it\/fr\/wp-json\/wp\/v2\/posts\/169711\/revisions"}],"predecessor-version":[{"id":169713,"href":"https:\/\/www.bellunopress.it\/fr\/wp-json\/wp\/v2\/posts\/169711\/revisions\/169713"}],"wp:featuredmedia":[{"embeddable":true,"href":"https:\/\/www.bellunopress.it\/fr\/wp-json\/wp\/v2\/media\/169712"}],"wp:attachment":[{"href":"https:\/\/www.bellunopress.it\/fr\/wp-json\/wp\/v2\/media?parent=169711"}],"wp:term":[{"taxonomy":"category","embeddable":true,"href":"https:\/\/www.bellunopress.it\/fr\/wp-json\/wp\/v2\/categories?post=169711"},{"taxonomy":"post_tag","embeddable":true,"href":"https:\/\/www.bellunopress.it\/fr\/wp-json\/wp\/v2\/tags?post=169711"}],"curies":[{"name":"wp","href":"https:\/\/api.w.org\/{rel}","templated":true}]}}