{"id":169690,"date":"2026-05-01T18:40:54","date_gmt":"2026-05-01T16:40:54","guid":{"rendered":"https:\/\/www.bellunopress.it\/?p=169690"},"modified":"2026-05-01T18:40:54","modified_gmt":"2026-05-01T16:40:54","slug":"pane-e-rose-la-tradizione-studentesca-del-1-maggio","status":"publish","type":"post","link":"https:\/\/www.bellunopress.it\/fr\/2026\/05\/01\/pane-e-rose-la-tradizione-studentesca-del-1-maggio\/","title":{"rendered":"Pane e rose, la tradizione studentesca del 1\u00b0 maggio"},"content":{"rendered":"<p>In occasione del 1\u00b0 maggio, Festa dei Lavoratori, la Rete degli Studenti Medi del Veneto e l&#8217;Unione degli Universitari di Verona, Padova e Venezia hanno promosso in tutto il Veneto una mobilitazione simbolica distribuendo rose alle lavoratrici e ai lavoratori impegnati durante la giornata di festa.<\/p>\n<p>Un gesto semplice ma carico di significato: riconoscere il valore di chi ogni giorno manda avanti il Paese, spesso in condizioni precarie e senza adeguate tutele.<\/p>\n<p>&#8220;Questa mobilitazione affonda le sue radici nel 12 gennaio 1912, quando gli operai delle quattro fabbriche tessili di Lawrence, in Massachusetts, scesero in sciopero contro la riduzione dei salari. Molte erano donne, spesso accompagnate dai propri figli. Lavorare per sopravvivere non basta: quella lotta rappresentava la sfida ai ricatti dello sfruttamento. Ancora oggi rivendichiamo lo stesso principio: il diritto a tutele, sicurezza e dignit\u00e0&#8221;, dichiara Viola Carollo, Coordinatrice Regionale della Rete degli Studenti Medi del Veneto.<\/p>\n<p>Molte lavoratrici e molti lavoratori il Primo Maggio, la Festa del lavoro, sono costretti a lavorare come in qualsiasi altro giorno dell&#8217;anno. E&#8217; cos\u00ec, per esempio, per molti dipendenti della grande distribuzione e del commercio, non certo dei servizi essenziale come la sanit\u00e0 o i trasporti pubblici. Nessuno ci pensa, ma chi l&#8217;ha detto che solo alcuni possono festeggiare e godersi la giornata senza lavorare? Noi vogliamo che il Primo Maggio sia la Festa di tutti i lavoratori e non quella dei proprietari dei centri commerciali.<\/p>\n<p>Proprio per questo, quest&#8217;anno, abbiamo deciso di dedicare un po&#8217; del nostro tempo festeggiando il Primo Maggio insieme a chi \u2013 per necessit\u00e0 o per obbligo \u2013 lo passa a lavorare. Per non perdere di vista lo scopo e il significato di questa giornata storica \u00e8 necessario ribadire e ricordarci che le persone e i loro diritti hanno pi\u00f9 valore di ogni esigenza di mercato.<\/p>\n<p>Come giovani donne e uomini provenienti da tutto il Veneto, studentesse e studenti, crediamo sia fondamentale, per dare dignit\u00e0 al lavoro, sottolinearne l&#8217;importanza e proprio per questo luned\u00ec primo maggio invitiamo tutti a venire con noi nei negozi e nei centri commerciali, non per fare shopping, ma per regalare rose rosse a tutte le lavoratrici e a tutti i lavoratori che con i loro sacrifici rappresentano il cuore vero di un Paese che troppo spesso si \u00e8 dimenticato del valore del lavoro e delle persone.&#8221; Conclude Carollo<\/p>\n<p>&nbsp;<\/p>","protected":false},"excerpt":{"rendered":"<p>In occasione del 1\u00b0 maggio, Festa dei Lavoratori, la Rete degli Studenti Medi del Veneto e l&#8217;Unione degli Universitari di Verona, Padova e Venezia hanno promosso in tutto il Veneto una mobilitazione simbolica distribuendo rose alle lavoratrici e ai lavoratori impegnati durante la giornata di festa. Un gesto semplice ma carico di significato: riconoscere il [&hellip;]<\/p>\n","protected":false},"author":2,"featured_media":169691,"comment_status":"closed","ping_status":"open","sticky":false,"template":"","format":"standard","meta":{"footnotes":""},"categories":[15],"tags":[],"class_list":["post-169690","post","type-post","status-publish","format-standard","has-post-thumbnail","category-scuola"],"yoast_head":"<!-- This site is optimized with the Yoast SEO plugin v28.4 - https:\/\/yoast.com\/product\/yoast-seo-wordpress\/ -->\n<title>Pane e rose, la tradizione studentesca del 1\u00b0 maggio - Bellunopress - Dolomiti<\/title>\n<meta name=\"robots\" content=\"index, follow, max-snippet:-1, max-image-preview:large, max-video-preview:-1\" \/>\n<link rel=\"canonical\" href=\"https:\/\/www.bellunopress.it\/fr\/2026\/05\/01\/pane-e-rose-la-tradizione-studentesca-del-1-maggio\/\" \/>\n<meta property=\"og:locale\" content=\"fr_FR\" \/>\n<meta property=\"og:type\" content=\"article\" \/>\n<meta property=\"og:title\" content=\"Pane e rose, la tradizione studentesca del 1\u00b0 maggio - Bellunopress - Dolomiti\" \/>\n<meta property=\"og:description\" content=\"In occasione del 1\u00b0 maggio, Festa dei Lavoratori, la Rete degli Studenti Medi del Veneto e l&#8217;Unione degli Universitari di Verona, Padova e Venezia hanno promosso in tutto il Veneto una mobilitazione simbolica distribuendo rose alle lavoratrici e ai lavoratori impegnati durante la giornata di festa. Un gesto semplice ma carico di significato: riconoscere il [&hellip;]\" \/>\n<meta property=\"og:url\" content=\"https:\/\/www.bellunopress.it\/fr\/2026\/05\/01\/pane-e-rose-la-tradizione-studentesca-del-1-maggio\/\" \/>\n<meta property=\"og:site_name\" content=\"Bellunopress - Dolomiti\" \/>\n<meta property=\"article:publisher\" content=\"https:\/\/www.facebook.com\/profile.php?id=100008943462799\" \/>\n<meta property=\"article:published_time\" content=\"2026-05-01T16:40:54+00:00\" \/>\n<meta property=\"og:image\" content=\"https:\/\/www.bellunopress.it\/wp-content\/uploads\/2026\/05\/Pane-e-rose-1-maggio-rete-studenti-medi-veneto.jpg\" \/>\n\t<meta property=\"og:image:width\" content=\"500\" \/>\n\t<meta property=\"og:image:height\" content=\"358\" \/>\n\t<meta property=\"og:image:type\" content=\"image\/jpeg\" \/>\n<meta name=\"author\" content=\"redazione\" \/>\n<meta name=\"twitter:card\" content=\"summary_large_image\" \/>\n<meta name=\"twitter:creator\" content=\"@bellunopress\" \/>\n<meta name=\"twitter:site\" content=\"@bellunopress\" \/>\n<meta name=\"twitter:label1\" content=\"\u00c9crit par\" \/>\n\t<meta name=\"twitter:data1\" content=\"redazione\" \/>\n\t<meta name=\"twitter:label2\" content=\"Dur\u00e9e de lecture estim\u00e9e\" \/>\n\t<meta name=\"twitter:data2\" content=\"3 minutes\" \/>\n<script type=\"application\/ld+json\" class=\"yoast-schema-graph\">{\"@context\":\"https:\\\/\\\/schema.org\",\"@graph\":[{\"@type\":\"Article\",\"@id\":\"https:\\\/\\\/www.bellunopress.it\\\/2026\\\/05\\\/01\\\/pane-e-rose-la-tradizione-studentesca-del-1-maggio\\\/#article\",\"isPartOf\":{\"@id\":\"https:\\\/\\\/www.bellunopress.it\\\/2026\\\/05\\\/01\\\/pane-e-rose-la-tradizione-studentesca-del-1-maggio\\\/\"},\"author\":{\"name\":\"redazione\",\"@id\":\"https:\\\/\\\/www.bellunopress.it\\\/#\\\/schema\\\/person\\\/79bb06722b37ece1c03d3e94beb30d73\"},\"headline\":\"Pane e rose, la tradizione studentesca del 1\u00b0 maggio\",\"datePublished\":\"2026-05-01T16:40:54+00:00\",\"mainEntityOfPage\":{\"@id\":\"https:\\\/\\\/www.bellunopress.it\\\/2026\\\/05\\\/01\\\/pane-e-rose-la-tradizione-studentesca-del-1-maggio\\\/\"},\"wordCount\":393,\"publisher\":{\"@id\":\"https:\\\/\\\/www.bellunopress.it\\\/#organization\"},\"image\":{\"@id\":\"https:\\\/\\\/www.bellunopress.it\\\/2026\\\/05\\\/01\\\/pane-e-rose-la-tradizione-studentesca-del-1-maggio\\\/#primaryimage\"},\"thumbnailUrl\":\"https:\\\/\\\/www.bellunopress.it\\\/wp-content\\\/uploads\\\/2026\\\/05\\\/Pane-e-rose-1-maggio-rete-studenti-medi-veneto.jpg\",\"articleSection\":[\"Scuola\"],\"inLanguage\":\"fr-FR\"},{\"@type\":\"WebPage\",\"@id\":\"https:\\\/\\\/www.bellunopress.it\\\/2026\\\/05\\\/01\\\/pane-e-rose-la-tradizione-studentesca-del-1-maggio\\\/\",\"url\":\"https:\\\/\\\/www.bellunopress.it\\\/2026\\\/05\\\/01\\\/pane-e-rose-la-tradizione-studentesca-del-1-maggio\\\/\",\"name\":\"Pane e rose, la tradizione studentesca del 1\u00b0 maggio - Bellunopress - Dolomiti\",\"isPartOf\":{\"@id\":\"https:\\\/\\\/www.bellunopress.it\\\/#website\"},\"primaryImageOfPage\":{\"@id\":\"https:\\\/\\\/www.bellunopress.it\\\/2026\\\/05\\\/01\\\/pane-e-rose-la-tradizione-studentesca-del-1-maggio\\\/#primaryimage\"},\"image\":{\"@id\":\"https:\\\/\\\/www.bellunopress.it\\\/2026\\\/05\\\/01\\\/pane-e-rose-la-tradizione-studentesca-del-1-maggio\\\/#primaryimage\"},\"thumbnailUrl\":\"https:\\\/\\\/www.bellunopress.it\\\/wp-content\\\/uploads\\\/2026\\\/05\\\/Pane-e-rose-1-maggio-rete-studenti-medi-veneto.jpg\",\"datePublished\":\"2026-05-01T16:40:54+00:00\",\"breadcrumb\":{\"@id\":\"https:\\\/\\\/www.bellunopress.it\\\/2026\\\/05\\\/01\\\/pane-e-rose-la-tradizione-studentesca-del-1-maggio\\\/#breadcrumb\"},\"inLanguage\":\"fr-FR\",\"potentialAction\":[{\"@type\":\"ReadAction\",\"target\":[\"https:\\\/\\\/www.bellunopress.it\\\/2026\\\/05\\\/01\\\/pane-e-rose-la-tradizione-studentesca-del-1-maggio\\\/\"]}]},{\"@type\":\"ImageObject\",\"inLanguage\":\"fr-FR\",\"@id\":\"https:\\\/\\\/www.bellunopress.it\\\/2026\\\/05\\\/01\\\/pane-e-rose-la-tradizione-studentesca-del-1-maggio\\\/#primaryimage\",\"url\":\"https:\\\/\\\/www.bellunopress.it\\\/wp-content\\\/uploads\\\/2026\\\/05\\\/Pane-e-rose-1-maggio-rete-studenti-medi-veneto.jpg\",\"contentUrl\":\"https:\\\/\\\/www.bellunopress.it\\\/wp-content\\\/uploads\\\/2026\\\/05\\\/Pane-e-rose-1-maggio-rete-studenti-medi-veneto.jpg\",\"width\":500,\"height\":358,\"caption\":\"Pane e rose, manifestazione del 1\u00b0 maggio della Rete degli studenti medi del Veneto\"},{\"@type\":\"BreadcrumbList\",\"@id\":\"https:\\\/\\\/www.bellunopress.it\\\/2026\\\/05\\\/01\\\/pane-e-rose-la-tradizione-studentesca-del-1-maggio\\\/#breadcrumb\",\"itemListElement\":[{\"@type\":\"ListItem\",\"position\":1,\"name\":\"Home\",\"item\":\"https:\\\/\\\/www.bellunopress.it\\\/\"},{\"@type\":\"ListItem\",\"position\":2,\"name\":\"Pane e rose, la tradizione studentesca del 1\u00b0 maggio\"}]},{\"@type\":\"WebSite\",\"@id\":\"https:\\\/\\\/www.bellunopress.it\\\/#website\",\"url\":\"https:\\\/\\\/www.bellunopress.it\\\/\",\"name\":\"Bellunopress - Dolomiti\",\"description\":\"e-mail: redazione@bellunopress.it\",\"publisher\":{\"@id\":\"https:\\\/\\\/www.bellunopress.it\\\/#organization\"},\"potentialAction\":[{\"@type\":\"SearchAction\",\"target\":{\"@type\":\"EntryPoint\",\"urlTemplate\":\"https:\\\/\\\/www.bellunopress.it\\\/?s={search_term_string}\"},\"query-input\":{\"@type\":\"PropertyValueSpecification\",\"valueRequired\":true,\"valueName\":\"search_term_string\"}}],\"inLanguage\":\"fr-FR\"},{\"@type\":\"Organization\",\"@id\":\"https:\\\/\\\/www.bellunopress.it\\\/#organization\",\"name\":\"Bellunopress\",\"url\":\"https:\\\/\\\/www.bellunopress.it\\\/\",\"logo\":{\"@type\":\"ImageObject\",\"inLanguage\":\"fr-FR\",\"@id\":\"https:\\\/\\\/www.bellunopress.it\\\/#\\\/schema\\\/logo\\\/image\\\/\",\"url\":\"https:\\\/\\\/www.bellunopress.it\\\/wp-content\\\/uploads\\\/2011\\\/05\\\/cropped-logo-bellunopress-.jpg\",\"contentUrl\":\"https:\\\/\\\/www.bellunopress.it\\\/wp-content\\\/uploads\\\/2011\\\/05\\\/cropped-logo-bellunopress-.jpg\",\"width\":512,\"height\":512,\"caption\":\"Bellunopress\"},\"image\":{\"@id\":\"https:\\\/\\\/www.bellunopress.it\\\/#\\\/schema\\\/logo\\\/image\\\/\"},\"sameAs\":[\"https:\\\/\\\/www.facebook.com\\\/profile.php?id=100008943462799\",\"https:\\\/\\\/x.com\\\/bellunopress\",\"https:\\\/\\\/www.linkedin.com\\\/hp\\\/?dnr=JBzUWaJfMUw8vbXJJ2tVW5-I3jZKvC4wsoxE&amp;amp;amp;amp;amp;amp;trk=nav_responsive_tab_home\",\"https:\\\/\\\/www.youtube.com\\\/channel\\\/UCxL0wu1uN0_3_7hGG0306cw\"]},{\"@type\":\"Person\",\"@id\":\"https:\\\/\\\/www.bellunopress.it\\\/#\\\/schema\\\/person\\\/79bb06722b37ece1c03d3e94beb30d73\",\"name\":\"redazione\",\"image\":{\"@type\":\"ImageObject\",\"inLanguage\":\"fr-FR\",\"@id\":\"https:\\\/\\\/secure.gravatar.com\\\/avatar\\\/37d968a2e67a6fd04c169c4bdef102d0bc5d31b2546345219e348575eb80e9a0?s=96&d=mm&r=g\",\"url\":\"https:\\\/\\\/secure.gravatar.com\\\/avatar\\\/37d968a2e67a6fd04c169c4bdef102d0bc5d31b2546345219e348575eb80e9a0?s=96&d=mm&r=g\",\"contentUrl\":\"https:\\\/\\\/secure.gravatar.com\\\/avatar\\\/37d968a2e67a6fd04c169c4bdef102d0bc5d31b2546345219e348575eb80e9a0?s=96&d=mm&r=g\",\"caption\":\"redazione\"},\"sameAs\":[\"http:\\\/\\\/www.bellunopress.it\",\"https:\\\/\\\/x.com\\\/bellunopress\"],\"url\":\"https:\\\/\\\/www.bellunopress.it\\\/fr\\\/author\\\/redazione\\\/\"}]}<\/script>\n<!-- \/ Yoast SEO plugin. -->","yoast_head_json":{"title":"Pane e rose, la tradizione studentesca del 1\u00b0 maggio - Bellunopress - Dolomiti","robots":{"index":"index","follow":"follow","max-snippet":"max-snippet:-1","max-image-preview":"max-image-preview:large","max-video-preview":"max-video-preview:-1"},"canonical":"https:\/\/www.bellunopress.it\/fr\/2026\/05\/01\/pane-e-rose-la-tradizione-studentesca-del-1-maggio\/","og_locale":"fr_FR","og_type":"article","og_title":"Pane e rose, la tradizione studentesca del 1\u00b0 maggio - Bellunopress - Dolomiti","og_description":"In occasione del 1\u00b0 maggio, Festa dei Lavoratori, la Rete degli Studenti Medi del Veneto e l&#8217;Unione degli Universitari di Verona, Padova e Venezia hanno promosso in tutto il Veneto una mobilitazione simbolica distribuendo rose alle lavoratrici e ai lavoratori impegnati durante la giornata di festa. Un gesto semplice ma carico di significato: riconoscere il [&hellip;]","og_url":"https:\/\/www.bellunopress.it\/fr\/2026\/05\/01\/pane-e-rose-la-tradizione-studentesca-del-1-maggio\/","og_site_name":"Bellunopress - Dolomiti","article_publisher":"https:\/\/www.facebook.com\/profile.php?id=100008943462799","article_published_time":"2026-05-01T16:40:54+00:00","og_image":[{"width":500,"height":358,"url":"https:\/\/www.bellunopress.it\/wp-content\/uploads\/2026\/05\/Pane-e-rose-1-maggio-rete-studenti-medi-veneto.jpg","type":"image\/jpeg"}],"author":"redazione","twitter_card":"summary_large_image","twitter_creator":"@bellunopress","twitter_site":"@bellunopress","twitter_misc":{"\u00c9crit par":"redazione","Dur\u00e9e de lecture estim\u00e9e":"3 minutes"},"schema":{"@context":"https:\/\/schema.org","@graph":[{"@type":"Article","@id":"https:\/\/www.bellunopress.it\/2026\/05\/01\/pane-e-rose-la-tradizione-studentesca-del-1-maggio\/#article","isPartOf":{"@id":"https:\/\/www.bellunopress.it\/2026\/05\/01\/pane-e-rose-la-tradizione-studentesca-del-1-maggio\/"},"author":{"name":"redazione","@id":"https:\/\/www.bellunopress.it\/#\/schema\/person\/79bb06722b37ece1c03d3e94beb30d73"},"headline":"Pane e rose, la tradizione studentesca del 1\u00b0 maggio","datePublished":"2026-05-01T16:40:54+00:00","mainEntityOfPage":{"@id":"https:\/\/www.bellunopress.it\/2026\/05\/01\/pane-e-rose-la-tradizione-studentesca-del-1-maggio\/"},"wordCount":393,"publisher":{"@id":"https:\/\/www.bellunopress.it\/#organization"},"image":{"@id":"https:\/\/www.bellunopress.it\/2026\/05\/01\/pane-e-rose-la-tradizione-studentesca-del-1-maggio\/#primaryimage"},"thumbnailUrl":"https:\/\/www.bellunopress.it\/wp-content\/uploads\/2026\/05\/Pane-e-rose-1-maggio-rete-studenti-medi-veneto.jpg","articleSection":["Scuola"],"inLanguage":"fr-FR"},{"@type":"WebPage","@id":"https:\/\/www.bellunopress.it\/2026\/05\/01\/pane-e-rose-la-tradizione-studentesca-del-1-maggio\/","url":"https:\/\/www.bellunopress.it\/2026\/05\/01\/pane-e-rose-la-tradizione-studentesca-del-1-maggio\/","name":"Pane e rose, la tradizione studentesca del 1\u00b0 maggio - Bellunopress - Dolomiti","isPartOf":{"@id":"https:\/\/www.bellunopress.it\/#website"},"primaryImageOfPage":{"@id":"https:\/\/www.bellunopress.it\/2026\/05\/01\/pane-e-rose-la-tradizione-studentesca-del-1-maggio\/#primaryimage"},"image":{"@id":"https:\/\/www.bellunopress.it\/2026\/05\/01\/pane-e-rose-la-tradizione-studentesca-del-1-maggio\/#primaryimage"},"thumbnailUrl":"https:\/\/www.bellunopress.it\/wp-content\/uploads\/2026\/05\/Pane-e-rose-1-maggio-rete-studenti-medi-veneto.jpg","datePublished":"2026-05-01T16:40:54+00:00","breadcrumb":{"@id":"https:\/\/www.bellunopress.it\/2026\/05\/01\/pane-e-rose-la-tradizione-studentesca-del-1-maggio\/#breadcrumb"},"inLanguage":"fr-FR","potentialAction":[{"@type":"ReadAction","target":["https:\/\/www.bellunopress.it\/2026\/05\/01\/pane-e-rose-la-tradizione-studentesca-del-1-maggio\/"]}]},{"@type":"ImageObject","inLanguage":"fr-FR","@id":"https:\/\/www.bellunopress.it\/2026\/05\/01\/pane-e-rose-la-tradizione-studentesca-del-1-maggio\/#primaryimage","url":"https:\/\/www.bellunopress.it\/wp-content\/uploads\/2026\/05\/Pane-e-rose-1-maggio-rete-studenti-medi-veneto.jpg","contentUrl":"https:\/\/www.bellunopress.it\/wp-content\/uploads\/2026\/05\/Pane-e-rose-1-maggio-rete-studenti-medi-veneto.jpg","width":500,"height":358,"caption":"Pane e rose, manifestazione del 1\u00b0 maggio della Rete degli studenti medi del Veneto"},{"@type":"BreadcrumbList","@id":"https:\/\/www.bellunopress.it\/2026\/05\/01\/pane-e-rose-la-tradizione-studentesca-del-1-maggio\/#breadcrumb","itemListElement":[{"@type":"ListItem","position":1,"name":"Home","item":"https:\/\/www.bellunopress.it\/"},{"@type":"ListItem","position":2,"name":"Pane e rose, la tradizione studentesca del 1\u00b0 maggio"}]},{"@type":"WebSite","@id":"https:\/\/www.bellunopress.it\/#website","url":"https:\/\/www.bellunopress.it\/","name":"Bellunopress - Dolomiti","description":"e-mail: redazione@bellunopress.it","publisher":{"@id":"https:\/\/www.bellunopress.it\/#organization"},"potentialAction":[{"@type":"SearchAction","target":{"@type":"EntryPoint","urlTemplate":"https:\/\/www.bellunopress.it\/?s={search_term_string}"},"query-input":{"@type":"PropertyValueSpecification","valueRequired":true,"valueName":"search_term_string"}}],"inLanguage":"fr-FR"},{"@type":"Organization","@id":"https:\/\/www.bellunopress.it\/#organization","name":"Bellunopress","url":"https:\/\/www.bellunopress.it\/","logo":{"@type":"ImageObject","inLanguage":"fr-FR","@id":"https:\/\/www.bellunopress.it\/#\/schema\/logo\/image\/","url":"https:\/\/www.bellunopress.it\/wp-content\/uploads\/2011\/05\/cropped-logo-bellunopress-.jpg","contentUrl":"https:\/\/www.bellunopress.it\/wp-content\/uploads\/2011\/05\/cropped-logo-bellunopress-.jpg","width":512,"height":512,"caption":"Bellunopress"},"image":{"@id":"https:\/\/www.bellunopress.it\/#\/schema\/logo\/image\/"},"sameAs":["https:\/\/www.facebook.com\/profile.php?id=100008943462799","https:\/\/x.com\/bellunopress","https:\/\/www.linkedin.com\/hp\/?dnr=JBzUWaJfMUw8vbXJJ2tVW5-I3jZKvC4wsoxE&amp;amp;amp;amp;amp;amp;trk=nav_responsive_tab_home","https:\/\/www.youtube.com\/channel\/UCxL0wu1uN0_3_7hGG0306cw"]},{"@type":"Person","@id":"https:\/\/www.bellunopress.it\/#\/schema\/person\/79bb06722b37ece1c03d3e94beb30d73","name":"r\u00e9daction","image":{"@type":"ImageObject","inLanguage":"fr-FR","@id":"https:\/\/secure.gravatar.com\/avatar\/37d968a2e67a6fd04c169c4bdef102d0bc5d31b2546345219e348575eb80e9a0?s=96&d=mm&r=g","url":"https:\/\/secure.gravatar.com\/avatar\/37d968a2e67a6fd04c169c4bdef102d0bc5d31b2546345219e348575eb80e9a0?s=96&d=mm&r=g","contentUrl":"https:\/\/secure.gravatar.com\/avatar\/37d968a2e67a6fd04c169c4bdef102d0bc5d31b2546345219e348575eb80e9a0?s=96&d=mm&r=g","caption":"redazione"},"sameAs":["http:\/\/www.bellunopress.it","https:\/\/x.com\/bellunopress"],"url":"https:\/\/www.bellunopress.it\/fr\/author\/redazione\/"}]}},"_links":{"self":[{"href":"https:\/\/www.bellunopress.it\/fr\/wp-json\/wp\/v2\/posts\/169690","targetHints":{"allow":["GET"]}}],"collection":[{"href":"https:\/\/www.bellunopress.it\/fr\/wp-json\/wp\/v2\/posts"}],"about":[{"href":"https:\/\/www.bellunopress.it\/fr\/wp-json\/wp\/v2\/types\/post"}],"author":[{"embeddable":true,"href":"https:\/\/www.bellunopress.it\/fr\/wp-json\/wp\/v2\/users\/2"}],"replies":[{"embeddable":true,"href":"https:\/\/www.bellunopress.it\/fr\/wp-json\/wp\/v2\/comments?post=169690"}],"version-history":[{"count":1,"href":"https:\/\/www.bellunopress.it\/fr\/wp-json\/wp\/v2\/posts\/169690\/revisions"}],"predecessor-version":[{"id":169692,"href":"https:\/\/www.bellunopress.it\/fr\/wp-json\/wp\/v2\/posts\/169690\/revisions\/169692"}],"wp:featuredmedia":[{"embeddable":true,"href":"https:\/\/www.bellunopress.it\/fr\/wp-json\/wp\/v2\/media\/169691"}],"wp:attachment":[{"href":"https:\/\/www.bellunopress.it\/fr\/wp-json\/wp\/v2\/media?parent=169690"}],"wp:term":[{"taxonomy":"category","embeddable":true,"href":"https:\/\/www.bellunopress.it\/fr\/wp-json\/wp\/v2\/categories?post=169690"},{"taxonomy":"post_tag","embeddable":true,"href":"https:\/\/www.bellunopress.it\/fr\/wp-json\/wp\/v2\/tags?post=169690"}],"curies":[{"name":"wp","href":"https:\/\/api.w.org\/{rel}","templated":true}]}}