{"id":169681,"date":"2026-05-01T14:11:05","date_gmt":"2026-05-01T12:11:05","guid":{"rendered":"https:\/\/www.bellunopress.it\/?p=169681"},"modified":"2026-05-01T14:11:05","modified_gmt":"2026-05-01T12:11:05","slug":"laltare-e-la-scheda-quando-il-voto-identitario-diventa-mercato-elettorale","status":"publish","type":"post","link":"https:\/\/www.bellunopress.it\/fr\/2026\/05\/01\/laltare-e-la-scheda-quando-il-voto-identitario-diventa-mercato-elettorale\/","title":{"rendered":"L\u2019altare e la scheda: quando il voto identitario diventa mercato elettorale"},"content":{"rendered":"<p data-path-to-node=\"1\">C\u2019\u00e8 un paradosso che attraversa lo stivale, da est a ovest, unendo le nebbie della Lomellina ai canali della Laguna. \u00c8 il paradosso della caccia all&#8217;ultimo voto musulmano, una prassi che sta trasformando la competizione politica dove la cittadinanza arretra e l\u2019appartenenza religiosa diventa il nuovo vessillo elettorale.<\/p>\n<p data-path-to-node=\"2\">Non \u00e8 pi\u00f9 una questione di destra o sinistra, ma di puro pragmatismo numerico che sembra aver travolto i vecchi steccati ideologici.<\/p>\n<h3 data-path-to-node=\"4\">Il caso Venezia del Pd con la &#8220;Lista Azzurra&#8221;<\/h3>\n<p data-path-to-node=\"5\">A Venezia, il Partito Democratico ha schierato sei candidati di origine bengalese nelle proprie liste. Un\u2019operazione che, se da un lato viene sbandierata come il massimo dell\u2019inclusione, dall&#8217;altro solleva interrogativi profondi sulla tenuta identitaria del partito.\u00a0Le critiche non arrivano solo dagli avversari di Fratelli d\u2019Italia, che denunciano il rischio di una &#8220;societ\u00e0 parallela&#8221;, ma toccano un nervo scoperto: come possono convivere le battaglie storiche del PD su diritti LGBT, adozioni e autodeterminazione della donna con le istanze di una comunit\u00e0 che, spesso, si muove su binari di profondo conservatorismo religioso? Il sospetto, alimentato dai messaggi in lingua bengalese che invocano il nome di Allah per sostenere i dem, \u00e8 che si tratti di una strumentalizzazione reciproca: voti in cambio di riconoscimento (una moschea a Mestre?), a scapito di un progetto politico davvero condiviso.<\/p>\n<h3 data-path-to-node=\"7\">Il caso Vigevano e il cortocircuito della Lega<\/h3>\n<p data-path-to-node=\"8\">Se l\u2019operazione del PD pu\u00f2 apparire coerente con i principi di multiculturalismo, ci\u00f2 che accade a Vigevano con la Lega va oltre ogni immaginazione. Qui, il partito che per anni ha fatto della difesa dei &#8220;valori giudaico-cristiani&#8221; della lotta all&#8217;islamizzazione il proprio cavallo di battaglia, si ritrova a inseguire il consenso in lingua araba, invocando &#8220;Allah il misericordioso&#8221; per racimolare preferenze. \u00c8 la resa culturale travestita da tattica, come fa sapere Luca Sforzini, presidente del Centro Studi Rinascimento Nazionale, think tank di Futuro Nazionale con Vannacci.\u00a0Quando un partito identitario accetta di trasformare la religione in un soggetto politico per pure esigenze di scranno, non sta integrando: sta legittimando il comunitarismo. Il rischio \u00e8 la creazione di un &#8220;mosaico di blocchi etnici&#8221;, dove il candidato non parla pi\u00f9 alla citt\u00e0 o alla nazione, ma alla moschea di riferimento.<\/p>\n<p data-path-to-node=\"12\">Il filo rosso che unisce Vigevano e Venezia, dunque, \u00e8 la sostituzione del concetto di cittadino con quello di fedele.<\/p>\n<ol data-path-to-node=\"13\">\n<li>\n<p data-path-to-node=\"13,0,0\">A sinistra, si punta sulla frammentazione in gruppi per fare massa critica contro le destre.<\/p>\n<\/li>\n<li>\n<p data-path-to-node=\"13,1,0\">A destra, si sacrifica la coerenza ideologica sull&#8217;altare del realismo elettorale.<\/p>\n<\/li>\n<\/ol>\n<p data-path-to-node=\"13,1,0\">Ebbene, se l&#8217;integrazione passa dalla lingua comune, dalla legge comune<span style=\"color: #111111; font-family: Roboto, sans-serif; font-size: 16px;\"> e dalla condivisione di valori non negoziabili, siamo davvero certi che le leggi dello Stato italiano e i valori non negoziabili prevarranno, se eletti, sulle istanze che questi nuovi amministratori metteranno sul piatto della contrattazione politica?\u00a0<\/span><\/p>\n<p data-path-to-node=\"15\">Se la politica rinuncia a questo ruolo di sintesi per diventare un ufficio di collocamensiamo di blocchi religiosi separati, il prezzo da pagare nel medio-lungo termine sar\u00e0 altissimo. Non si tratta di essere &#8220;contro&#8221; qualcuno, ma di decidere se l&#8217;Italia debba restare una nazione fondata su una cittadinanza unitaria o trasformarsi in una somma di ghetti elettorali pronti a essere venduti al miglior offerente.<\/p>\n<p data-path-to-node=\"16\">","protected":false},"excerpt":{"rendered":"<p>C\u2019\u00e8 un paradosso che attraversa lo stivale, da est a ovest, unendo le nebbie della Lomellina ai canali della Laguna. \u00c8 il paradosso della caccia all&#8217;ultimo voto musulmano, una prassi che sta trasformando la competizione politica dove la cittadinanza arretra e l\u2019appartenenza religiosa diventa il nuovo vessillo elettorale. Non \u00e8 pi\u00f9 una questione di destra [&hellip;]<\/p>\n","protected":false},"author":2,"featured_media":169684,"comment_status":"closed","ping_status":"open","sticky":false,"template":"","format":"standard","meta":{"footnotes":""},"categories":[5],"tags":[],"class_list":["post-169681","post","type-post","status-publish","format-standard","has-post-thumbnail","category-cronaca"],"yoast_head":"<!-- This site is optimized with the Yoast SEO plugin v28.4 - https:\/\/yoast.com\/product\/yoast-seo-wordpress\/ -->\n<title>L\u2019altare e la scheda: quando il voto identitario diventa mercato elettorale - Bellunopress - Dolomiti<\/title>\n<meta name=\"robots\" content=\"index, follow, max-snippet:-1, max-image-preview:large, max-video-preview:-1\" \/>\n<link rel=\"canonical\" href=\"https:\/\/www.bellunopress.it\/fr\/2026\/05\/01\/laltare-e-la-scheda-quando-il-voto-identitario-diventa-mercato-elettorale\/\" \/>\n<meta property=\"og:locale\" content=\"fr_FR\" \/>\n<meta property=\"og:type\" content=\"article\" \/>\n<meta property=\"og:title\" content=\"L\u2019altare e la scheda: quando il voto identitario diventa mercato elettorale - Bellunopress - Dolomiti\" \/>\n<meta property=\"og:description\" content=\"C\u2019\u00e8 un paradosso che attraversa lo stivale, da est a ovest, unendo le nebbie della Lomellina ai canali della Laguna. \u00c8 il paradosso della caccia all&#8217;ultimo voto musulmano, una prassi che sta trasformando la competizione politica dove la cittadinanza arretra e l\u2019appartenenza religiosa diventa il nuovo vessillo elettorale. Non \u00e8 pi\u00f9 una questione di destra [&hellip;]\" \/>\n<meta property=\"og:url\" content=\"https:\/\/www.bellunopress.it\/fr\/2026\/05\/01\/laltare-e-la-scheda-quando-il-voto-identitario-diventa-mercato-elettorale\/\" \/>\n<meta property=\"og:site_name\" content=\"Bellunopress - Dolomiti\" \/>\n<meta property=\"article:publisher\" content=\"https:\/\/www.facebook.com\/profile.php?id=100008943462799\" \/>\n<meta property=\"article:published_time\" content=\"2026-05-01T12:11:05+00:00\" \/>\n<meta property=\"og:image\" content=\"https:\/\/www.bellunopress.it\/wp-content\/uploads\/2026\/05\/Lega-VIgevano-Pd-Venezia-elezioni.jpg\" \/>\n\t<meta property=\"og:image:width\" content=\"517\" \/>\n\t<meta property=\"og:image:height\" content=\"292\" \/>\n\t<meta property=\"og:image:type\" content=\"image\/jpeg\" \/>\n<meta name=\"author\" content=\"redazione\" \/>\n<meta name=\"twitter:card\" content=\"summary_large_image\" \/>\n<meta name=\"twitter:creator\" content=\"@bellunopress\" \/>\n<meta name=\"twitter:site\" content=\"@bellunopress\" \/>\n<meta name=\"twitter:label1\" content=\"\u00c9crit par\" \/>\n\t<meta name=\"twitter:data1\" content=\"redazione\" \/>\n\t<meta name=\"twitter:label2\" content=\"Dur\u00e9e de lecture estim\u00e9e\" \/>\n\t<meta name=\"twitter:data2\" content=\"3 minutes\" \/>\n<script type=\"application\/ld+json\" class=\"yoast-schema-graph\">{\"@context\":\"https:\\\/\\\/schema.org\",\"@graph\":[{\"@type\":\"Article\",\"@id\":\"https:\\\/\\\/www.bellunopress.it\\\/2026\\\/05\\\/01\\\/laltare-e-la-scheda-quando-il-voto-identitario-diventa-mercato-elettorale\\\/#article\",\"isPartOf\":{\"@id\":\"https:\\\/\\\/www.bellunopress.it\\\/2026\\\/05\\\/01\\\/laltare-e-la-scheda-quando-il-voto-identitario-diventa-mercato-elettorale\\\/\"},\"author\":{\"name\":\"redazione\",\"@id\":\"https:\\\/\\\/www.bellunopress.it\\\/#\\\/schema\\\/person\\\/79bb06722b37ece1c03d3e94beb30d73\"},\"headline\":\"L\u2019altare e la scheda: quando il voto identitario diventa mercato elettorale\",\"datePublished\":\"2026-05-01T12:11:05+00:00\",\"mainEntityOfPage\":{\"@id\":\"https:\\\/\\\/www.bellunopress.it\\\/2026\\\/05\\\/01\\\/laltare-e-la-scheda-quando-il-voto-identitario-diventa-mercato-elettorale\\\/\"},\"wordCount\":532,\"publisher\":{\"@id\":\"https:\\\/\\\/www.bellunopress.it\\\/#organization\"},\"image\":{\"@id\":\"https:\\\/\\\/www.bellunopress.it\\\/2026\\\/05\\\/01\\\/laltare-e-la-scheda-quando-il-voto-identitario-diventa-mercato-elettorale\\\/#primaryimage\"},\"thumbnailUrl\":\"https:\\\/\\\/www.bellunopress.it\\\/wp-content\\\/uploads\\\/2026\\\/05\\\/Lega-VIgevano-Pd-Venezia-elezioni.jpg\",\"articleSection\":[\"Cronaca\\\/Politica\"],\"inLanguage\":\"fr-FR\"},{\"@type\":\"WebPage\",\"@id\":\"https:\\\/\\\/www.bellunopress.it\\\/2026\\\/05\\\/01\\\/laltare-e-la-scheda-quando-il-voto-identitario-diventa-mercato-elettorale\\\/\",\"url\":\"https:\\\/\\\/www.bellunopress.it\\\/2026\\\/05\\\/01\\\/laltare-e-la-scheda-quando-il-voto-identitario-diventa-mercato-elettorale\\\/\",\"name\":\"L\u2019altare e la scheda: quando il voto identitario diventa mercato elettorale - Bellunopress - Dolomiti\",\"isPartOf\":{\"@id\":\"https:\\\/\\\/www.bellunopress.it\\\/#website\"},\"primaryImageOfPage\":{\"@id\":\"https:\\\/\\\/www.bellunopress.it\\\/2026\\\/05\\\/01\\\/laltare-e-la-scheda-quando-il-voto-identitario-diventa-mercato-elettorale\\\/#primaryimage\"},\"image\":{\"@id\":\"https:\\\/\\\/www.bellunopress.it\\\/2026\\\/05\\\/01\\\/laltare-e-la-scheda-quando-il-voto-identitario-diventa-mercato-elettorale\\\/#primaryimage\"},\"thumbnailUrl\":\"https:\\\/\\\/www.bellunopress.it\\\/wp-content\\\/uploads\\\/2026\\\/05\\\/Lega-VIgevano-Pd-Venezia-elezioni.jpg\",\"datePublished\":\"2026-05-01T12:11:05+00:00\",\"breadcrumb\":{\"@id\":\"https:\\\/\\\/www.bellunopress.it\\\/2026\\\/05\\\/01\\\/laltare-e-la-scheda-quando-il-voto-identitario-diventa-mercato-elettorale\\\/#breadcrumb\"},\"inLanguage\":\"fr-FR\",\"potentialAction\":[{\"@type\":\"ReadAction\",\"target\":[\"https:\\\/\\\/www.bellunopress.it\\\/2026\\\/05\\\/01\\\/laltare-e-la-scheda-quando-il-voto-identitario-diventa-mercato-elettorale\\\/\"]}]},{\"@type\":\"ImageObject\",\"inLanguage\":\"fr-FR\",\"@id\":\"https:\\\/\\\/www.bellunopress.it\\\/2026\\\/05\\\/01\\\/laltare-e-la-scheda-quando-il-voto-identitario-diventa-mercato-elettorale\\\/#primaryimage\",\"url\":\"https:\\\/\\\/www.bellunopress.it\\\/wp-content\\\/uploads\\\/2026\\\/05\\\/Lega-VIgevano-Pd-Venezia-elezioni.jpg\",\"contentUrl\":\"https:\\\/\\\/www.bellunopress.it\\\/wp-content\\\/uploads\\\/2026\\\/05\\\/Lega-VIgevano-Pd-Venezia-elezioni.jpg\",\"width\":517,\"height\":292},{\"@type\":\"BreadcrumbList\",\"@id\":\"https:\\\/\\\/www.bellunopress.it\\\/2026\\\/05\\\/01\\\/laltare-e-la-scheda-quando-il-voto-identitario-diventa-mercato-elettorale\\\/#breadcrumb\",\"itemListElement\":[{\"@type\":\"ListItem\",\"position\":1,\"name\":\"Home\",\"item\":\"https:\\\/\\\/www.bellunopress.it\\\/\"},{\"@type\":\"ListItem\",\"position\":2,\"name\":\"L\u2019altare e la scheda: quando il voto identitario diventa mercato elettorale\"}]},{\"@type\":\"WebSite\",\"@id\":\"https:\\\/\\\/www.bellunopress.it\\\/#website\",\"url\":\"https:\\\/\\\/www.bellunopress.it\\\/\",\"name\":\"Bellunopress - Dolomiti\",\"description\":\"e-mail: redazione@bellunopress.it\",\"publisher\":{\"@id\":\"https:\\\/\\\/www.bellunopress.it\\\/#organization\"},\"potentialAction\":[{\"@type\":\"SearchAction\",\"target\":{\"@type\":\"EntryPoint\",\"urlTemplate\":\"https:\\\/\\\/www.bellunopress.it\\\/?s={search_term_string}\"},\"query-input\":{\"@type\":\"PropertyValueSpecification\",\"valueRequired\":true,\"valueName\":\"search_term_string\"}}],\"inLanguage\":\"fr-FR\"},{\"@type\":\"Organization\",\"@id\":\"https:\\\/\\\/www.bellunopress.it\\\/#organization\",\"name\":\"Bellunopress\",\"url\":\"https:\\\/\\\/www.bellunopress.it\\\/\",\"logo\":{\"@type\":\"ImageObject\",\"inLanguage\":\"fr-FR\",\"@id\":\"https:\\\/\\\/www.bellunopress.it\\\/#\\\/schema\\\/logo\\\/image\\\/\",\"url\":\"https:\\\/\\\/www.bellunopress.it\\\/wp-content\\\/uploads\\\/2011\\\/05\\\/cropped-logo-bellunopress-.jpg\",\"contentUrl\":\"https:\\\/\\\/www.bellunopress.it\\\/wp-content\\\/uploads\\\/2011\\\/05\\\/cropped-logo-bellunopress-.jpg\",\"width\":512,\"height\":512,\"caption\":\"Bellunopress\"},\"image\":{\"@id\":\"https:\\\/\\\/www.bellunopress.it\\\/#\\\/schema\\\/logo\\\/image\\\/\"},\"sameAs\":[\"https:\\\/\\\/www.facebook.com\\\/profile.php?id=100008943462799\",\"https:\\\/\\\/x.com\\\/bellunopress\",\"https:\\\/\\\/www.linkedin.com\\\/hp\\\/?dnr=JBzUWaJfMUw8vbXJJ2tVW5-I3jZKvC4wsoxE&amp;amp;amp;amp;amp;amp;trk=nav_responsive_tab_home\",\"https:\\\/\\\/www.youtube.com\\\/channel\\\/UCxL0wu1uN0_3_7hGG0306cw\"]},{\"@type\":\"Person\",\"@id\":\"https:\\\/\\\/www.bellunopress.it\\\/#\\\/schema\\\/person\\\/79bb06722b37ece1c03d3e94beb30d73\",\"name\":\"redazione\",\"image\":{\"@type\":\"ImageObject\",\"inLanguage\":\"fr-FR\",\"@id\":\"https:\\\/\\\/secure.gravatar.com\\\/avatar\\\/37d968a2e67a6fd04c169c4bdef102d0bc5d31b2546345219e348575eb80e9a0?s=96&d=mm&r=g\",\"url\":\"https:\\\/\\\/secure.gravatar.com\\\/avatar\\\/37d968a2e67a6fd04c169c4bdef102d0bc5d31b2546345219e348575eb80e9a0?s=96&d=mm&r=g\",\"contentUrl\":\"https:\\\/\\\/secure.gravatar.com\\\/avatar\\\/37d968a2e67a6fd04c169c4bdef102d0bc5d31b2546345219e348575eb80e9a0?s=96&d=mm&r=g\",\"caption\":\"redazione\"},\"sameAs\":[\"http:\\\/\\\/www.bellunopress.it\",\"https:\\\/\\\/x.com\\\/bellunopress\"],\"url\":\"https:\\\/\\\/www.bellunopress.it\\\/fr\\\/author\\\/redazione\\\/\"}]}<\/script>\n<!-- \/ Yoast SEO plugin. -->","yoast_head_json":{"title":"L\u2019altare e la scheda: quando il voto identitario diventa mercato elettorale - Bellunopress - Dolomiti","robots":{"index":"index","follow":"follow","max-snippet":"max-snippet:-1","max-image-preview":"max-image-preview:large","max-video-preview":"max-video-preview:-1"},"canonical":"https:\/\/www.bellunopress.it\/fr\/2026\/05\/01\/laltare-e-la-scheda-quando-il-voto-identitario-diventa-mercato-elettorale\/","og_locale":"fr_FR","og_type":"article","og_title":"L\u2019altare e la scheda: quando il voto identitario diventa mercato elettorale - Bellunopress - Dolomiti","og_description":"C\u2019\u00e8 un paradosso che attraversa lo stivale, da est a ovest, unendo le nebbie della Lomellina ai canali della Laguna. \u00c8 il paradosso della caccia all&#8217;ultimo voto musulmano, una prassi che sta trasformando la competizione politica dove la cittadinanza arretra e l\u2019appartenenza religiosa diventa il nuovo vessillo elettorale. Non \u00e8 pi\u00f9 una questione di destra [&hellip;]","og_url":"https:\/\/www.bellunopress.it\/fr\/2026\/05\/01\/laltare-e-la-scheda-quando-il-voto-identitario-diventa-mercato-elettorale\/","og_site_name":"Bellunopress - Dolomiti","article_publisher":"https:\/\/www.facebook.com\/profile.php?id=100008943462799","article_published_time":"2026-05-01T12:11:05+00:00","og_image":[{"width":517,"height":292,"url":"https:\/\/www.bellunopress.it\/wp-content\/uploads\/2026\/05\/Lega-VIgevano-Pd-Venezia-elezioni.jpg","type":"image\/jpeg"}],"author":"redazione","twitter_card":"summary_large_image","twitter_creator":"@bellunopress","twitter_site":"@bellunopress","twitter_misc":{"\u00c9crit par":"redazione","Dur\u00e9e de lecture estim\u00e9e":"3 minutes"},"schema":{"@context":"https:\/\/schema.org","@graph":[{"@type":"Article","@id":"https:\/\/www.bellunopress.it\/2026\/05\/01\/laltare-e-la-scheda-quando-il-voto-identitario-diventa-mercato-elettorale\/#article","isPartOf":{"@id":"https:\/\/www.bellunopress.it\/2026\/05\/01\/laltare-e-la-scheda-quando-il-voto-identitario-diventa-mercato-elettorale\/"},"author":{"name":"redazione","@id":"https:\/\/www.bellunopress.it\/#\/schema\/person\/79bb06722b37ece1c03d3e94beb30d73"},"headline":"L\u2019altare e la scheda: quando il voto identitario diventa mercato elettorale","datePublished":"2026-05-01T12:11:05+00:00","mainEntityOfPage":{"@id":"https:\/\/www.bellunopress.it\/2026\/05\/01\/laltare-e-la-scheda-quando-il-voto-identitario-diventa-mercato-elettorale\/"},"wordCount":532,"publisher":{"@id":"https:\/\/www.bellunopress.it\/#organization"},"image":{"@id":"https:\/\/www.bellunopress.it\/2026\/05\/01\/laltare-e-la-scheda-quando-il-voto-identitario-diventa-mercato-elettorale\/#primaryimage"},"thumbnailUrl":"https:\/\/www.bellunopress.it\/wp-content\/uploads\/2026\/05\/Lega-VIgevano-Pd-Venezia-elezioni.jpg","articleSection":["Cronaca\/Politica"],"inLanguage":"fr-FR"},{"@type":"WebPage","@id":"https:\/\/www.bellunopress.it\/2026\/05\/01\/laltare-e-la-scheda-quando-il-voto-identitario-diventa-mercato-elettorale\/","url":"https:\/\/www.bellunopress.it\/2026\/05\/01\/laltare-e-la-scheda-quando-il-voto-identitario-diventa-mercato-elettorale\/","name":"L\u2019altare e la scheda: quando il voto identitario diventa mercato elettorale - Bellunopress - Dolomiti","isPartOf":{"@id":"https:\/\/www.bellunopress.it\/#website"},"primaryImageOfPage":{"@id":"https:\/\/www.bellunopress.it\/2026\/05\/01\/laltare-e-la-scheda-quando-il-voto-identitario-diventa-mercato-elettorale\/#primaryimage"},"image":{"@id":"https:\/\/www.bellunopress.it\/2026\/05\/01\/laltare-e-la-scheda-quando-il-voto-identitario-diventa-mercato-elettorale\/#primaryimage"},"thumbnailUrl":"https:\/\/www.bellunopress.it\/wp-content\/uploads\/2026\/05\/Lega-VIgevano-Pd-Venezia-elezioni.jpg","datePublished":"2026-05-01T12:11:05+00:00","breadcrumb":{"@id":"https:\/\/www.bellunopress.it\/2026\/05\/01\/laltare-e-la-scheda-quando-il-voto-identitario-diventa-mercato-elettorale\/#breadcrumb"},"inLanguage":"fr-FR","potentialAction":[{"@type":"ReadAction","target":["https:\/\/www.bellunopress.it\/2026\/05\/01\/laltare-e-la-scheda-quando-il-voto-identitario-diventa-mercato-elettorale\/"]}]},{"@type":"ImageObject","inLanguage":"fr-FR","@id":"https:\/\/www.bellunopress.it\/2026\/05\/01\/laltare-e-la-scheda-quando-il-voto-identitario-diventa-mercato-elettorale\/#primaryimage","url":"https:\/\/www.bellunopress.it\/wp-content\/uploads\/2026\/05\/Lega-VIgevano-Pd-Venezia-elezioni.jpg","contentUrl":"https:\/\/www.bellunopress.it\/wp-content\/uploads\/2026\/05\/Lega-VIgevano-Pd-Venezia-elezioni.jpg","width":517,"height":292},{"@type":"BreadcrumbList","@id":"https:\/\/www.bellunopress.it\/2026\/05\/01\/laltare-e-la-scheda-quando-il-voto-identitario-diventa-mercato-elettorale\/#breadcrumb","itemListElement":[{"@type":"ListItem","position":1,"name":"Home","item":"https:\/\/www.bellunopress.it\/"},{"@type":"ListItem","position":2,"name":"L\u2019altare e la scheda: quando il voto identitario diventa mercato elettorale"}]},{"@type":"WebSite","@id":"https:\/\/www.bellunopress.it\/#website","url":"https:\/\/www.bellunopress.it\/","name":"Bellunopress - Dolomiti","description":"e-mail: redazione@bellunopress.it","publisher":{"@id":"https:\/\/www.bellunopress.it\/#organization"},"potentialAction":[{"@type":"SearchAction","target":{"@type":"EntryPoint","urlTemplate":"https:\/\/www.bellunopress.it\/?s={search_term_string}"},"query-input":{"@type":"PropertyValueSpecification","valueRequired":true,"valueName":"search_term_string"}}],"inLanguage":"fr-FR"},{"@type":"Organization","@id":"https:\/\/www.bellunopress.it\/#organization","name":"Bellunopress","url":"https:\/\/www.bellunopress.it\/","logo":{"@type":"ImageObject","inLanguage":"fr-FR","@id":"https:\/\/www.bellunopress.it\/#\/schema\/logo\/image\/","url":"https:\/\/www.bellunopress.it\/wp-content\/uploads\/2011\/05\/cropped-logo-bellunopress-.jpg","contentUrl":"https:\/\/www.bellunopress.it\/wp-content\/uploads\/2011\/05\/cropped-logo-bellunopress-.jpg","width":512,"height":512,"caption":"Bellunopress"},"image":{"@id":"https:\/\/www.bellunopress.it\/#\/schema\/logo\/image\/"},"sameAs":["https:\/\/www.facebook.com\/profile.php?id=100008943462799","https:\/\/x.com\/bellunopress","https:\/\/www.linkedin.com\/hp\/?dnr=JBzUWaJfMUw8vbXJJ2tVW5-I3jZKvC4wsoxE&amp;amp;amp;amp;amp;amp;trk=nav_responsive_tab_home","https:\/\/www.youtube.com\/channel\/UCxL0wu1uN0_3_7hGG0306cw"]},{"@type":"Person","@id":"https:\/\/www.bellunopress.it\/#\/schema\/person\/79bb06722b37ece1c03d3e94beb30d73","name":"r\u00e9daction","image":{"@type":"ImageObject","inLanguage":"fr-FR","@id":"https:\/\/secure.gravatar.com\/avatar\/37d968a2e67a6fd04c169c4bdef102d0bc5d31b2546345219e348575eb80e9a0?s=96&d=mm&r=g","url":"https:\/\/secure.gravatar.com\/avatar\/37d968a2e67a6fd04c169c4bdef102d0bc5d31b2546345219e348575eb80e9a0?s=96&d=mm&r=g","contentUrl":"https:\/\/secure.gravatar.com\/avatar\/37d968a2e67a6fd04c169c4bdef102d0bc5d31b2546345219e348575eb80e9a0?s=96&d=mm&r=g","caption":"redazione"},"sameAs":["http:\/\/www.bellunopress.it","https:\/\/x.com\/bellunopress"],"url":"https:\/\/www.bellunopress.it\/fr\/author\/redazione\/"}]}},"_links":{"self":[{"href":"https:\/\/www.bellunopress.it\/fr\/wp-json\/wp\/v2\/posts\/169681","targetHints":{"allow":["GET"]}}],"collection":[{"href":"https:\/\/www.bellunopress.it\/fr\/wp-json\/wp\/v2\/posts"}],"about":[{"href":"https:\/\/www.bellunopress.it\/fr\/wp-json\/wp\/v2\/types\/post"}],"author":[{"embeddable":true,"href":"https:\/\/www.bellunopress.it\/fr\/wp-json\/wp\/v2\/users\/2"}],"replies":[{"embeddable":true,"href":"https:\/\/www.bellunopress.it\/fr\/wp-json\/wp\/v2\/comments?post=169681"}],"version-history":[{"count":1,"href":"https:\/\/www.bellunopress.it\/fr\/wp-json\/wp\/v2\/posts\/169681\/revisions"}],"predecessor-version":[{"id":169685,"href":"https:\/\/www.bellunopress.it\/fr\/wp-json\/wp\/v2\/posts\/169681\/revisions\/169685"}],"wp:featuredmedia":[{"embeddable":true,"href":"https:\/\/www.bellunopress.it\/fr\/wp-json\/wp\/v2\/media\/169684"}],"wp:attachment":[{"href":"https:\/\/www.bellunopress.it\/fr\/wp-json\/wp\/v2\/media?parent=169681"}],"wp:term":[{"taxonomy":"category","embeddable":true,"href":"https:\/\/www.bellunopress.it\/fr\/wp-json\/wp\/v2\/categories?post=169681"},{"taxonomy":"post_tag","embeddable":true,"href":"https:\/\/www.bellunopress.it\/fr\/wp-json\/wp\/v2\/tags?post=169681"}],"curies":[{"name":"wp","href":"https:\/\/api.w.org\/{rel}","templated":true}]}}