{"id":169655,"date":"2026-04-30T23:38:22","date_gmt":"2026-04-30T21:38:22","guid":{"rendered":"https:\/\/www.bellunopress.it\/?p=169655"},"modified":"2026-04-30T23:38:22","modified_gmt":"2026-04-30T21:38:22","slug":"il-gran-finale-del-faloria-un-weekend-di-festa-in-quota","status":"publish","type":"post","link":"https:\/\/www.bellunopress.it\/fr\/2026\/04\/30\/il-gran-finale-del-faloria-un-weekend-di-festa-in-quota\/","title":{"rendered":"Il gran finale del Faloria: un weekend di festa in quota"},"content":{"rendered":"<p><em>Con il lungo weekend del 1\u00b0 maggio a Cortina d&#8217;Ampezzo si conclude una stagione invernale straordinaria, segnata dalle Olimpiadi e Paralimpiadi Invernali Milano Cortina 2026. Il Faloria celebra il finale con un weekend di eventi tra Super G e Rifugio Capanna Tondi. Ultimo giorno di sci domenica 3 maggio<\/em><\/p>\n<p>Cortina d&#8217;Ampezzo, 30 aprile 2026_ Cortina d&#8217;Ampezzo si prepara a salutare una stagione invernale fuori dal comune, segnata dall&#8217;eco delle Olimpiadi e Paralimpiadi Milano Cortina 2026 che hanno animato, nei mesi di febbraio e marzo, l&#8217;intera cittadina, trasformandola in una delle capitali dello sport pi\u00f9 desiderate a livello internazionale.<\/p>\n<p>In questo contesto l&#8217;area sciistica Faloria-Cristallo \u00e8 rimasta sempre accessibile, garantendo agli appassionati dello sci e della neve piste perfettamente preparate e tanto divertimento grazie anche a una novit\u00e0 importante: l&#8217;arrivo del Super G, che per il weekend di chiusura \u2013 venerd\u00ec 1\u00b0 maggio e sabato 2 \u2013 ha programmato una serie di appuntamenti imperdibili pensati come un&#8217;unica grande celebrazione giornaliera. Per tre giorni, dalle 13.00 alle 18.00, festa non stop. Da luned\u00ec 27 aprile l&#8217;accesso alle piste \u00e8 possibile esclusivamente tramite la funivia Faloria; non sar\u00e0 pi\u00f9 possibile accedere tramite il collegamento da Rio Gere.<\/p>\n<p>Venerd\u00ec 1\u00b0 maggio il mood si accende con &#8220;Desperate Skierwives Day&#8221;, un format ironico, al femminile, che gioca con l&#8217;immaginario lifestyle della montagna. Protagonisti della giornata saranno la voce di Alison e le performance di Alox Sax, in un mix coinvolgente di musica live e DJ set firmato dal resident Alessandro Mero. Il pubblico sar\u00e0 invitato a partecipare attivamente anche attraverso un dress code &#8220;red touch&#8221;, mentre l&#8217;esperienza si arricchir\u00e0 con un&#8217;inedita &#8220;Burraco experience&#8221;, per unire socialit\u00e0, gioco e divertimento in quota.<\/p>\n<p>Il giorno successivo, sabato 2 maggio, sar\u00e0 la volta de &#8220;Il Diavolo Veste Faloria Day&#8221;, un appuntamento che strizza l&#8217;occhio al mondo fashion con un tocco irriverente e contemporaneo. Ancora protagonista Alox Sax insieme al DJ set di Alessandro Mero, per un pomeriggio che fonde musica, stile e panorama, in un perfetto equilibrio tra eleganza e festa. Anche in questo caso, gradito un &#8220;red touch&#8221; come dress code.<\/p>\n<p>Un calendario che suggella una prima stagione di grande successo per Super G Faloria, capace di imporsi come nuovo punto di riferimento dell&#8217;intrattenimento in quota a Cortina. Con una programmazione quotidiana di apr\u00e8s-ski, il format ha animato l&#8217;inverno con 149 appuntamenti complessivi, tra cui 48 eventi strutturati e 24 ospiti speciali, affiancati da collaborazioni di rilievo con brand come Brancamenta, Grana Padano e Mastercard.<\/p>\n<p>Un percorso che ha trovato riscontro anche sul piano digitale, con oltre 8,6 milioni di visualizzazioni e una community in costante crescita, costruita a partire da settembre fino ad oggi. Numeri che raccontano non solo il successo di una stagione, ma anche il potenziale di un progetto destinato a consolidarsi e crescere ulteriormente, a partire proprio da questo atteso gran finale.<\/p>\n<p>A completare il weekend di chiusura, sempre in Faloria, i festeggiamenti si estenderanno anche pi\u00f9 in alto, al Rifugio Capanna Tondi, a 2.327 metri, dove andr\u00e0 in scena &#8220;Last Run&#8221;: un appuntamento che unisce DJ set ad una proposta gastronomica contemporanea a base di sushi per vivere fino all&#8217;ultima discesa lo spirito pi\u00f9 autentico di una stagione &#8220;su-sci&#8221;.<\/p>\n<p>A fare da cornice, il paesaggio unico delle Dolomiti e l&#8217;atmosfera inconfondibile del Faloria, che ancora una volta si conferma non solo come ultimo comprensorio a chiudere la stagione a Cortina d&#8217;Ampezzo con 150 giorni di apertura, ma anche come luogo simbolo di innovazione e tendenza nell&#8217;esperienza della montagna.<\/p>\n<p>Un finale che non \u00e8 solo una chiusura, ma una celebrazione collettiva di una stagione memorabile, che ha gi\u00e0 saputo lasciare il segno.<\/p>","protected":false},"excerpt":{"rendered":"<p>Con il lungo weekend del 1\u00b0 maggio a Cortina d&#8217;Ampezzo si conclude una stagione invernale straordinaria, segnata dalle Olimpiadi e Paralimpiadi Invernali Milano Cortina 2026. Il Faloria celebra il finale con un weekend di eventi tra Super G e Rifugio Capanna Tondi. Ultimo giorno di sci domenica 3 maggio Cortina d&#8217;Ampezzo, 30 aprile 2026_ Cortina [&hellip;]<\/p>\n","protected":false},"author":2,"featured_media":169656,"comment_status":"closed","ping_status":"open","sticky":false,"template":"","format":"standard","meta":{"footnotes":""},"categories":[4],"tags":[],"class_list":["post-169655","post","type-post","status-publish","format-standard","has-post-thumbnail","category-sport"],"yoast_head":"<!-- This site is optimized with the Yoast SEO plugin v28.4 - https:\/\/yoast.com\/product\/yoast-seo-wordpress\/ -->\n<title>Il gran finale del Faloria: un weekend di festa in quota - Bellunopress - Dolomiti<\/title>\n<meta name=\"robots\" content=\"index, follow, max-snippet:-1, max-image-preview:large, max-video-preview:-1\" \/>\n<link rel=\"canonical\" href=\"https:\/\/www.bellunopress.it\/fr\/2026\/04\/30\/il-gran-finale-del-faloria-un-weekend-di-festa-in-quota\/\" \/>\n<meta property=\"og:locale\" content=\"fr_FR\" \/>\n<meta property=\"og:type\" content=\"article\" \/>\n<meta property=\"og:title\" content=\"Il gran finale del Faloria: un weekend di festa in quota - Bellunopress - Dolomiti\" \/>\n<meta property=\"og:description\" content=\"Con il lungo weekend del 1\u00b0 maggio a Cortina d&#8217;Ampezzo si conclude una stagione invernale straordinaria, segnata dalle Olimpiadi e Paralimpiadi Invernali Milano Cortina 2026. Il Faloria celebra il finale con un weekend di eventi tra Super G e Rifugio Capanna Tondi. Ultimo giorno di sci domenica 3 maggio Cortina d&#8217;Ampezzo, 30 aprile 2026_ Cortina [&hellip;]\" \/>\n<meta property=\"og:url\" content=\"https:\/\/www.bellunopress.it\/fr\/2026\/04\/30\/il-gran-finale-del-faloria-un-weekend-di-festa-in-quota\/\" \/>\n<meta property=\"og:site_name\" content=\"Bellunopress - Dolomiti\" \/>\n<meta property=\"article:publisher\" content=\"https:\/\/www.facebook.com\/profile.php?id=100008943462799\" \/>\n<meta property=\"article:published_time\" content=\"2026-04-30T21:38:22+00:00\" \/>\n<meta property=\"og:image\" content=\"https:\/\/www.bellunopress.it\/wp-content\/uploads\/2026\/04\/Faloria.jpg\" \/>\n\t<meta property=\"og:image:width\" content=\"570\" \/>\n\t<meta property=\"og:image:height\" content=\"351\" \/>\n\t<meta property=\"og:image:type\" content=\"image\/jpeg\" \/>\n<meta name=\"author\" content=\"redazione\" \/>\n<meta name=\"twitter:card\" content=\"summary_large_image\" \/>\n<meta name=\"twitter:creator\" content=\"@bellunopress\" \/>\n<meta name=\"twitter:site\" content=\"@bellunopress\" \/>\n<meta name=\"twitter:label1\" content=\"\u00c9crit par\" \/>\n\t<meta name=\"twitter:data1\" content=\"redazione\" \/>\n\t<meta name=\"twitter:label2\" content=\"Dur\u00e9e de lecture estim\u00e9e\" \/>\n\t<meta name=\"twitter:data2\" content=\"4 minutes\" \/>\n<script type=\"application\/ld+json\" class=\"yoast-schema-graph\">{\"@context\":\"https:\\\/\\\/schema.org\",\"@graph\":[{\"@type\":\"Article\",\"@id\":\"https:\\\/\\\/www.bellunopress.it\\\/2026\\\/04\\\/30\\\/il-gran-finale-del-faloria-un-weekend-di-festa-in-quota\\\/#article\",\"isPartOf\":{\"@id\":\"https:\\\/\\\/www.bellunopress.it\\\/2026\\\/04\\\/30\\\/il-gran-finale-del-faloria-un-weekend-di-festa-in-quota\\\/\"},\"author\":{\"name\":\"redazione\",\"@id\":\"https:\\\/\\\/www.bellunopress.it\\\/#\\\/schema\\\/person\\\/79bb06722b37ece1c03d3e94beb30d73\"},\"headline\":\"Il gran finale del Faloria: un weekend di festa in quota\",\"datePublished\":\"2026-04-30T21:38:22+00:00\",\"mainEntityOfPage\":{\"@id\":\"https:\\\/\\\/www.bellunopress.it\\\/2026\\\/04\\\/30\\\/il-gran-finale-del-faloria-un-weekend-di-festa-in-quota\\\/\"},\"wordCount\":606,\"publisher\":{\"@id\":\"https:\\\/\\\/www.bellunopress.it\\\/#organization\"},\"image\":{\"@id\":\"https:\\\/\\\/www.bellunopress.it\\\/2026\\\/04\\\/30\\\/il-gran-finale-del-faloria-un-weekend-di-festa-in-quota\\\/#primaryimage\"},\"thumbnailUrl\":\"https:\\\/\\\/www.bellunopress.it\\\/wp-content\\\/uploads\\\/2026\\\/04\\\/Faloria.jpg\",\"articleSection\":[\"Sport, tempo libero\"],\"inLanguage\":\"fr-FR\"},{\"@type\":\"WebPage\",\"@id\":\"https:\\\/\\\/www.bellunopress.it\\\/2026\\\/04\\\/30\\\/il-gran-finale-del-faloria-un-weekend-di-festa-in-quota\\\/\",\"url\":\"https:\\\/\\\/www.bellunopress.it\\\/2026\\\/04\\\/30\\\/il-gran-finale-del-faloria-un-weekend-di-festa-in-quota\\\/\",\"name\":\"Il gran finale del Faloria: un weekend di festa in quota - Bellunopress - Dolomiti\",\"isPartOf\":{\"@id\":\"https:\\\/\\\/www.bellunopress.it\\\/#website\"},\"primaryImageOfPage\":{\"@id\":\"https:\\\/\\\/www.bellunopress.it\\\/2026\\\/04\\\/30\\\/il-gran-finale-del-faloria-un-weekend-di-festa-in-quota\\\/#primaryimage\"},\"image\":{\"@id\":\"https:\\\/\\\/www.bellunopress.it\\\/2026\\\/04\\\/30\\\/il-gran-finale-del-faloria-un-weekend-di-festa-in-quota\\\/#primaryimage\"},\"thumbnailUrl\":\"https:\\\/\\\/www.bellunopress.it\\\/wp-content\\\/uploads\\\/2026\\\/04\\\/Faloria.jpg\",\"datePublished\":\"2026-04-30T21:38:22+00:00\",\"breadcrumb\":{\"@id\":\"https:\\\/\\\/www.bellunopress.it\\\/2026\\\/04\\\/30\\\/il-gran-finale-del-faloria-un-weekend-di-festa-in-quota\\\/#breadcrumb\"},\"inLanguage\":\"fr-FR\",\"potentialAction\":[{\"@type\":\"ReadAction\",\"target\":[\"https:\\\/\\\/www.bellunopress.it\\\/2026\\\/04\\\/30\\\/il-gran-finale-del-faloria-un-weekend-di-festa-in-quota\\\/\"]}]},{\"@type\":\"ImageObject\",\"inLanguage\":\"fr-FR\",\"@id\":\"https:\\\/\\\/www.bellunopress.it\\\/2026\\\/04\\\/30\\\/il-gran-finale-del-faloria-un-weekend-di-festa-in-quota\\\/#primaryimage\",\"url\":\"https:\\\/\\\/www.bellunopress.it\\\/wp-content\\\/uploads\\\/2026\\\/04\\\/Faloria.jpg\",\"contentUrl\":\"https:\\\/\\\/www.bellunopress.it\\\/wp-content\\\/uploads\\\/2026\\\/04\\\/Faloria.jpg\",\"width\":570,\"height\":351},{\"@type\":\"BreadcrumbList\",\"@id\":\"https:\\\/\\\/www.bellunopress.it\\\/2026\\\/04\\\/30\\\/il-gran-finale-del-faloria-un-weekend-di-festa-in-quota\\\/#breadcrumb\",\"itemListElement\":[{\"@type\":\"ListItem\",\"position\":1,\"name\":\"Home\",\"item\":\"https:\\\/\\\/www.bellunopress.it\\\/\"},{\"@type\":\"ListItem\",\"position\":2,\"name\":\"Il gran finale del Faloria: un weekend di festa in quota\"}]},{\"@type\":\"WebSite\",\"@id\":\"https:\\\/\\\/www.bellunopress.it\\\/#website\",\"url\":\"https:\\\/\\\/www.bellunopress.it\\\/\",\"name\":\"Bellunopress - Dolomiti\",\"description\":\"e-mail: redazione@bellunopress.it\",\"publisher\":{\"@id\":\"https:\\\/\\\/www.bellunopress.it\\\/#organization\"},\"potentialAction\":[{\"@type\":\"SearchAction\",\"target\":{\"@type\":\"EntryPoint\",\"urlTemplate\":\"https:\\\/\\\/www.bellunopress.it\\\/?s={search_term_string}\"},\"query-input\":{\"@type\":\"PropertyValueSpecification\",\"valueRequired\":true,\"valueName\":\"search_term_string\"}}],\"inLanguage\":\"fr-FR\"},{\"@type\":\"Organization\",\"@id\":\"https:\\\/\\\/www.bellunopress.it\\\/#organization\",\"name\":\"Bellunopress\",\"url\":\"https:\\\/\\\/www.bellunopress.it\\\/\",\"logo\":{\"@type\":\"ImageObject\",\"inLanguage\":\"fr-FR\",\"@id\":\"https:\\\/\\\/www.bellunopress.it\\\/#\\\/schema\\\/logo\\\/image\\\/\",\"url\":\"https:\\\/\\\/www.bellunopress.it\\\/wp-content\\\/uploads\\\/2011\\\/05\\\/cropped-logo-bellunopress-.jpg\",\"contentUrl\":\"https:\\\/\\\/www.bellunopress.it\\\/wp-content\\\/uploads\\\/2011\\\/05\\\/cropped-logo-bellunopress-.jpg\",\"width\":512,\"height\":512,\"caption\":\"Bellunopress\"},\"image\":{\"@id\":\"https:\\\/\\\/www.bellunopress.it\\\/#\\\/schema\\\/logo\\\/image\\\/\"},\"sameAs\":[\"https:\\\/\\\/www.facebook.com\\\/profile.php?id=100008943462799\",\"https:\\\/\\\/x.com\\\/bellunopress\",\"https:\\\/\\\/www.linkedin.com\\\/hp\\\/?dnr=JBzUWaJfMUw8vbXJJ2tVW5-I3jZKvC4wsoxE&amp;amp;amp;amp;amp;amp;trk=nav_responsive_tab_home\",\"https:\\\/\\\/www.youtube.com\\\/channel\\\/UCxL0wu1uN0_3_7hGG0306cw\"]},{\"@type\":\"Person\",\"@id\":\"https:\\\/\\\/www.bellunopress.it\\\/#\\\/schema\\\/person\\\/79bb06722b37ece1c03d3e94beb30d73\",\"name\":\"redazione\",\"image\":{\"@type\":\"ImageObject\",\"inLanguage\":\"fr-FR\",\"@id\":\"https:\\\/\\\/secure.gravatar.com\\\/avatar\\\/37d968a2e67a6fd04c169c4bdef102d0bc5d31b2546345219e348575eb80e9a0?s=96&d=mm&r=g\",\"url\":\"https:\\\/\\\/secure.gravatar.com\\\/avatar\\\/37d968a2e67a6fd04c169c4bdef102d0bc5d31b2546345219e348575eb80e9a0?s=96&d=mm&r=g\",\"contentUrl\":\"https:\\\/\\\/secure.gravatar.com\\\/avatar\\\/37d968a2e67a6fd04c169c4bdef102d0bc5d31b2546345219e348575eb80e9a0?s=96&d=mm&r=g\",\"caption\":\"redazione\"},\"sameAs\":[\"http:\\\/\\\/www.bellunopress.it\",\"https:\\\/\\\/x.com\\\/bellunopress\"],\"url\":\"https:\\\/\\\/www.bellunopress.it\\\/fr\\\/author\\\/redazione\\\/\"}]}<\/script>\n<!-- \/ Yoast SEO plugin. -->","yoast_head_json":{"title":"Il gran finale del Faloria: un weekend di festa in quota - Bellunopress - Dolomiti","robots":{"index":"index","follow":"follow","max-snippet":"max-snippet:-1","max-image-preview":"max-image-preview:large","max-video-preview":"max-video-preview:-1"},"canonical":"https:\/\/www.bellunopress.it\/fr\/2026\/04\/30\/il-gran-finale-del-faloria-un-weekend-di-festa-in-quota\/","og_locale":"fr_FR","og_type":"article","og_title":"Il gran finale del Faloria: un weekend di festa in quota - Bellunopress - Dolomiti","og_description":"Con il lungo weekend del 1\u00b0 maggio a Cortina d&#8217;Ampezzo si conclude una stagione invernale straordinaria, segnata dalle Olimpiadi e Paralimpiadi Invernali Milano Cortina 2026. Il Faloria celebra il finale con un weekend di eventi tra Super G e Rifugio Capanna Tondi. Ultimo giorno di sci domenica 3 maggio Cortina d&#8217;Ampezzo, 30 aprile 2026_ Cortina [&hellip;]","og_url":"https:\/\/www.bellunopress.it\/fr\/2026\/04\/30\/il-gran-finale-del-faloria-un-weekend-di-festa-in-quota\/","og_site_name":"Bellunopress - Dolomiti","article_publisher":"https:\/\/www.facebook.com\/profile.php?id=100008943462799","article_published_time":"2026-04-30T21:38:22+00:00","og_image":[{"width":570,"height":351,"url":"https:\/\/www.bellunopress.it\/wp-content\/uploads\/2026\/04\/Faloria.jpg","type":"image\/jpeg"}],"author":"redazione","twitter_card":"summary_large_image","twitter_creator":"@bellunopress","twitter_site":"@bellunopress","twitter_misc":{"\u00c9crit par":"redazione","Dur\u00e9e de lecture estim\u00e9e":"4 minutes"},"schema":{"@context":"https:\/\/schema.org","@graph":[{"@type":"Article","@id":"https:\/\/www.bellunopress.it\/2026\/04\/30\/il-gran-finale-del-faloria-un-weekend-di-festa-in-quota\/#article","isPartOf":{"@id":"https:\/\/www.bellunopress.it\/2026\/04\/30\/il-gran-finale-del-faloria-un-weekend-di-festa-in-quota\/"},"author":{"name":"redazione","@id":"https:\/\/www.bellunopress.it\/#\/schema\/person\/79bb06722b37ece1c03d3e94beb30d73"},"headline":"Il gran finale del Faloria: un weekend di festa in quota","datePublished":"2026-04-30T21:38:22+00:00","mainEntityOfPage":{"@id":"https:\/\/www.bellunopress.it\/2026\/04\/30\/il-gran-finale-del-faloria-un-weekend-di-festa-in-quota\/"},"wordCount":606,"publisher":{"@id":"https:\/\/www.bellunopress.it\/#organization"},"image":{"@id":"https:\/\/www.bellunopress.it\/2026\/04\/30\/il-gran-finale-del-faloria-un-weekend-di-festa-in-quota\/#primaryimage"},"thumbnailUrl":"https:\/\/www.bellunopress.it\/wp-content\/uploads\/2026\/04\/Faloria.jpg","articleSection":["Sport, tempo libero"],"inLanguage":"fr-FR"},{"@type":"WebPage","@id":"https:\/\/www.bellunopress.it\/2026\/04\/30\/il-gran-finale-del-faloria-un-weekend-di-festa-in-quota\/","url":"https:\/\/www.bellunopress.it\/2026\/04\/30\/il-gran-finale-del-faloria-un-weekend-di-festa-in-quota\/","name":"Il gran finale del Faloria: un weekend di festa in quota - Bellunopress - Dolomiti","isPartOf":{"@id":"https:\/\/www.bellunopress.it\/#website"},"primaryImageOfPage":{"@id":"https:\/\/www.bellunopress.it\/2026\/04\/30\/il-gran-finale-del-faloria-un-weekend-di-festa-in-quota\/#primaryimage"},"image":{"@id":"https:\/\/www.bellunopress.it\/2026\/04\/30\/il-gran-finale-del-faloria-un-weekend-di-festa-in-quota\/#primaryimage"},"thumbnailUrl":"https:\/\/www.bellunopress.it\/wp-content\/uploads\/2026\/04\/Faloria.jpg","datePublished":"2026-04-30T21:38:22+00:00","breadcrumb":{"@id":"https:\/\/www.bellunopress.it\/2026\/04\/30\/il-gran-finale-del-faloria-un-weekend-di-festa-in-quota\/#breadcrumb"},"inLanguage":"fr-FR","potentialAction":[{"@type":"ReadAction","target":["https:\/\/www.bellunopress.it\/2026\/04\/30\/il-gran-finale-del-faloria-un-weekend-di-festa-in-quota\/"]}]},{"@type":"ImageObject","inLanguage":"fr-FR","@id":"https:\/\/www.bellunopress.it\/2026\/04\/30\/il-gran-finale-del-faloria-un-weekend-di-festa-in-quota\/#primaryimage","url":"https:\/\/www.bellunopress.it\/wp-content\/uploads\/2026\/04\/Faloria.jpg","contentUrl":"https:\/\/www.bellunopress.it\/wp-content\/uploads\/2026\/04\/Faloria.jpg","width":570,"height":351},{"@type":"BreadcrumbList","@id":"https:\/\/www.bellunopress.it\/2026\/04\/30\/il-gran-finale-del-faloria-un-weekend-di-festa-in-quota\/#breadcrumb","itemListElement":[{"@type":"ListItem","position":1,"name":"Home","item":"https:\/\/www.bellunopress.it\/"},{"@type":"ListItem","position":2,"name":"Il gran finale del Faloria: un weekend di festa in quota"}]},{"@type":"WebSite","@id":"https:\/\/www.bellunopress.it\/#website","url":"https:\/\/www.bellunopress.it\/","name":"Bellunopress - Dolomiti","description":"e-mail: redazione@bellunopress.it","publisher":{"@id":"https:\/\/www.bellunopress.it\/#organization"},"potentialAction":[{"@type":"SearchAction","target":{"@type":"EntryPoint","urlTemplate":"https:\/\/www.bellunopress.it\/?s={search_term_string}"},"query-input":{"@type":"PropertyValueSpecification","valueRequired":true,"valueName":"search_term_string"}}],"inLanguage":"fr-FR"},{"@type":"Organization","@id":"https:\/\/www.bellunopress.it\/#organization","name":"Bellunopress","url":"https:\/\/www.bellunopress.it\/","logo":{"@type":"ImageObject","inLanguage":"fr-FR","@id":"https:\/\/www.bellunopress.it\/#\/schema\/logo\/image\/","url":"https:\/\/www.bellunopress.it\/wp-content\/uploads\/2011\/05\/cropped-logo-bellunopress-.jpg","contentUrl":"https:\/\/www.bellunopress.it\/wp-content\/uploads\/2011\/05\/cropped-logo-bellunopress-.jpg","width":512,"height":512,"caption":"Bellunopress"},"image":{"@id":"https:\/\/www.bellunopress.it\/#\/schema\/logo\/image\/"},"sameAs":["https:\/\/www.facebook.com\/profile.php?id=100008943462799","https:\/\/x.com\/bellunopress","https:\/\/www.linkedin.com\/hp\/?dnr=JBzUWaJfMUw8vbXJJ2tVW5-I3jZKvC4wsoxE&amp;amp;amp;amp;amp;amp;trk=nav_responsive_tab_home","https:\/\/www.youtube.com\/channel\/UCxL0wu1uN0_3_7hGG0306cw"]},{"@type":"Person","@id":"https:\/\/www.bellunopress.it\/#\/schema\/person\/79bb06722b37ece1c03d3e94beb30d73","name":"r\u00e9daction","image":{"@type":"ImageObject","inLanguage":"fr-FR","@id":"https:\/\/secure.gravatar.com\/avatar\/37d968a2e67a6fd04c169c4bdef102d0bc5d31b2546345219e348575eb80e9a0?s=96&d=mm&r=g","url":"https:\/\/secure.gravatar.com\/avatar\/37d968a2e67a6fd04c169c4bdef102d0bc5d31b2546345219e348575eb80e9a0?s=96&d=mm&r=g","contentUrl":"https:\/\/secure.gravatar.com\/avatar\/37d968a2e67a6fd04c169c4bdef102d0bc5d31b2546345219e348575eb80e9a0?s=96&d=mm&r=g","caption":"redazione"},"sameAs":["http:\/\/www.bellunopress.it","https:\/\/x.com\/bellunopress"],"url":"https:\/\/www.bellunopress.it\/fr\/author\/redazione\/"}]}},"_links":{"self":[{"href":"https:\/\/www.bellunopress.it\/fr\/wp-json\/wp\/v2\/posts\/169655","targetHints":{"allow":["GET"]}}],"collection":[{"href":"https:\/\/www.bellunopress.it\/fr\/wp-json\/wp\/v2\/posts"}],"about":[{"href":"https:\/\/www.bellunopress.it\/fr\/wp-json\/wp\/v2\/types\/post"}],"author":[{"embeddable":true,"href":"https:\/\/www.bellunopress.it\/fr\/wp-json\/wp\/v2\/users\/2"}],"replies":[{"embeddable":true,"href":"https:\/\/www.bellunopress.it\/fr\/wp-json\/wp\/v2\/comments?post=169655"}],"version-history":[{"count":1,"href":"https:\/\/www.bellunopress.it\/fr\/wp-json\/wp\/v2\/posts\/169655\/revisions"}],"predecessor-version":[{"id":169657,"href":"https:\/\/www.bellunopress.it\/fr\/wp-json\/wp\/v2\/posts\/169655\/revisions\/169657"}],"wp:featuredmedia":[{"embeddable":true,"href":"https:\/\/www.bellunopress.it\/fr\/wp-json\/wp\/v2\/media\/169656"}],"wp:attachment":[{"href":"https:\/\/www.bellunopress.it\/fr\/wp-json\/wp\/v2\/media?parent=169655"}],"wp:term":[{"taxonomy":"category","embeddable":true,"href":"https:\/\/www.bellunopress.it\/fr\/wp-json\/wp\/v2\/categories?post=169655"},{"taxonomy":"post_tag","embeddable":true,"href":"https:\/\/www.bellunopress.it\/fr\/wp-json\/wp\/v2\/tags?post=169655"}],"curies":[{"name":"wp","href":"https:\/\/api.w.org\/{rel}","templated":true}]}}