{"id":169649,"date":"2026-04-30T21:47:57","date_gmt":"2026-04-30T19:47:57","guid":{"rendered":"https:\/\/www.bellunopress.it\/?p=169649"},"modified":"2026-04-30T21:47:57","modified_gmt":"2026-04-30T19:47:57","slug":"non-una-di-meno-belluno-1-maggio-non-ce-niente-da-brindare","status":"publish","type":"post","link":"https:\/\/www.bellunopress.it\/fr\/2026\/04\/30\/non-una-di-meno-belluno-1-maggio-non-ce-niente-da-brindare\/","title":{"rendered":"Non Una di Meno Belluno: 1\u00b0 maggio, non c\u2019\u00e8 niente da brindare"},"content":{"rendered":"<p>Come tutte le madri, in questo paese senza bambini ma fondato sulla mistica della maternit\u00e0 e della cura, anche le madri lavoratrici devono essere sempre sorridenti e accondiscendenti.<br \/>\nNonostante la fatica, tutte, madri e non, dovremmo sentirci riconoscenti, applaudire se ci fanno statue della &#8220;Maternit\u00e0&#8221; e sorridere se in Ostetricia verr\u00e0 calendarizzata la Giornata della Vita. La possibilit\u00e0 di interrompere una gravidanza non voluta invece non si pu\u00f2 festeggiare, anche perch\u00e9 non \u00e8 scontato che sia garantita.<\/p>\n<p>Per questo Primo Maggio, festa del Lavoro ma per noi delle Lavoratore, gridiamo con forza<br \/>\nche no, non siamo grate. Non lo siamo in genere e nello specifico, perch\u00e9 molto \u00e8 stato fatto, anche solo in quest\u2019ultimo anno, per smantellare quella rete di diritti e servizi che<br \/>\npermetterebbero di rendere la genitorialit\u00e0 (perch\u00e9, se ve lo foste perso, pu\u00f2 anche accadere che i genitori siano due) una scelta pi\u00f9 consapevole e, di conseguenza, libera.<\/p>\n<p>C\u2019\u00e8 un divario, non solo salariale, tra la vita delle donne e degli uomini in ambito lavorativo,<br \/>\ndivario che si allarga in caso si sia anche genitori.<br \/>\nOltre a non vederlo, lo state acuendo: il 27 marzo 2026 in regione Veneto viene bocciato<br \/>\nl&#8217;emendamento che avrebbe sostenuto le imprese nell\u2019introduzione di congedi paritari<br \/>\naggiuntivi, oltre i (risicati ed impari) limiti di legge attuali.<\/p>\n<p>La maggioranza, oltre ad averlo bocciato, non ha saputo proporre alternative: ma come, in<br \/>\nun territorio olimpionico, dove le aziende ottengono la certificazione di parit\u00e0 di genere<br \/>\n(UNI\/PdR 125:2022), non abbiamo strumenti per garantire la genitorialit\u00e0?<\/p>\n<p>B\u00e8, certo. La soluzione pi\u00f9 efficace \u00e8 sicuramente quella della rinuncia volontariamente<br \/>\nindotta al lavoro.<br \/>\nChi monitora le aziende per tali politiche? Cosa certifica? Abbiamo potuto constatare con<br \/>\nmolta rabbia che, nel nostro vivere di lavoro, parola bella che regge la Democrazia<br \/>\nCostituzionale, le situazioni reali sono assai diverse da quelle promosse dallo Spirito<br \/>\nCostituente.<\/p>\n<p>Se sei madre e lavoratrice interinale il tuo percorso lavorativo non \u00e8 tutelato.<br \/>\nSono recenti gli episodi sulla stampa, ma molti di pi\u00f9 se ne possono ascoltare se si chiede<br \/>\nalle donne: casi in cui lavoratrici somministrate si sono viste un contratto non rinnovato alla<br \/>\ncomunicazione della loro gravidanza.<br \/>\nPer molte, sono ricordi amari, parole svilenti rispetto all\u2019irresponsabilit\u00e0 delle proprie scelte:<br \/>\nperch\u00e9 trovarsi incinte se mancava cos\u00ec poco a passare fisse? \u201cNon potevi aspettare?\u201d<br \/>\nCome si pu\u00f2 essere tanto cinici, nel celebrare la vita e rendere un incubo quella di chi sar\u00e0<br \/>\nmadre e un lavoro non ce l\u2019ha pi\u00f9?<\/p>\n<p>Se ci occupassimo davvero di parit\u00e0 di genere nel lavoro, se lo facessero coloro che<br \/>\namministrano questo territorio e il suo \u201ctessuto industriale\u201d, dovrebbero intanto riconoscere<br \/>\nche il divario c&#8217;\u00e8.<br \/>\nServono strategie adeguate per tutelare la genitorialit\u00e0, perch\u00e9 una donna possa avere<br \/>\ngaranzie in gravidanza, indipendentemente dal tipo di contratto lavorativo, affinch\u00e9 sia lei e<br \/>\nsolo lei a scegliere della propria esistenza.<\/p>\n<p>Non serve essere madri per capirlo, non serve essere donne.<br \/>\nNoi ci siamo.<br \/>\nPer oggi le madri lavoratrici non festeggiano.<br \/>\nMa continuano a combattere.<\/p>\n<p><strong>Non una di Meno Bellunese<\/strong><\/p>","protected":false},"excerpt":{"rendered":"<p>Come tutte le madri, in questo paese senza bambini ma fondato sulla mistica della maternit\u00e0 e della cura, anche le madri lavoratrici devono essere sempre sorridenti e accondiscendenti. Nonostante la fatica, tutte, madri e non, dovremmo sentirci riconoscenti, applaudire se ci fanno statue della &#8220;Maternit\u00e0&#8221; e sorridere se in Ostetricia verr\u00e0 calendarizzata la Giornata della [&hellip;]<\/p>\n","protected":false},"author":2,"featured_media":169650,"comment_status":"closed","ping_status":"open","sticky":false,"template":"","format":"standard","meta":{"footnotes":""},"categories":[1],"tags":[],"class_list":["post-169649","post","type-post","status-publish","format-standard","has-post-thumbnail","category-leo"],"yoast_head":"<!-- This site is optimized with the Yoast SEO plugin v28.4 - https:\/\/yoast.com\/product\/yoast-seo-wordpress\/ -->\n<title>Non Una di Meno Belluno: 1\u00b0 maggio, non c\u2019\u00e8 niente da brindare - Bellunopress - Dolomiti<\/title>\n<meta name=\"robots\" content=\"index, follow, max-snippet:-1, max-image-preview:large, max-video-preview:-1\" \/>\n<link rel=\"canonical\" href=\"https:\/\/www.bellunopress.it\/fr\/2026\/04\/30\/non-una-di-meno-belluno-1-maggio-non-ce-niente-da-brindare\/\" \/>\n<meta property=\"og:locale\" content=\"fr_FR\" \/>\n<meta property=\"og:type\" content=\"article\" \/>\n<meta property=\"og:title\" content=\"Non Una di Meno Belluno: 1\u00b0 maggio, non c\u2019\u00e8 niente da brindare - Bellunopress - Dolomiti\" \/>\n<meta property=\"og:description\" content=\"Come tutte le madri, in questo paese senza bambini ma fondato sulla mistica della maternit\u00e0 e della cura, anche le madri lavoratrici devono essere sempre sorridenti e accondiscendenti. Nonostante la fatica, tutte, madri e non, dovremmo sentirci riconoscenti, applaudire se ci fanno statue della &#8220;Maternit\u00e0&#8221; e sorridere se in Ostetricia verr\u00e0 calendarizzata la Giornata della [&hellip;]\" \/>\n<meta property=\"og:url\" content=\"https:\/\/www.bellunopress.it\/fr\/2026\/04\/30\/non-una-di-meno-belluno-1-maggio-non-ce-niente-da-brindare\/\" \/>\n<meta property=\"og:site_name\" content=\"Bellunopress - Dolomiti\" \/>\n<meta property=\"article:publisher\" content=\"https:\/\/www.facebook.com\/profile.php?id=100008943462799\" \/>\n<meta property=\"article:published_time\" content=\"2026-04-30T19:47:57+00:00\" \/>\n<meta property=\"og:image\" content=\"https:\/\/www.bellunopress.it\/wp-content\/uploads\/2026\/04\/Non-Una-di-Meno-Belluno.jpg\" \/>\n\t<meta property=\"og:image:width\" content=\"410\" \/>\n\t<meta property=\"og:image:height\" content=\"419\" \/>\n\t<meta property=\"og:image:type\" content=\"image\/jpeg\" \/>\n<meta name=\"author\" content=\"redazione\" \/>\n<meta name=\"twitter:card\" content=\"summary_large_image\" \/>\n<meta name=\"twitter:creator\" content=\"@bellunopress\" \/>\n<meta name=\"twitter:site\" content=\"@bellunopress\" \/>\n<meta name=\"twitter:label1\" content=\"Written by\" \/>\n\t<meta name=\"twitter:data1\" content=\"redazione\" \/>\n\t<meta name=\"twitter:label2\" content=\"Est. reading time\" \/>\n\t<meta name=\"twitter:data2\" content=\"3 minutes\" \/>\n<script type=\"application\/ld+json\" class=\"yoast-schema-graph\">{\"@context\":\"https:\\\/\\\/schema.org\",\"@graph\":[{\"@type\":\"Article\",\"@id\":\"https:\\\/\\\/www.bellunopress.it\\\/2026\\\/04\\\/30\\\/non-una-di-meno-belluno-1-maggio-non-ce-niente-da-brindare\\\/#article\",\"isPartOf\":{\"@id\":\"https:\\\/\\\/www.bellunopress.it\\\/2026\\\/04\\\/30\\\/non-una-di-meno-belluno-1-maggio-non-ce-niente-da-brindare\\\/\"},\"author\":{\"name\":\"redazione\",\"@id\":\"https:\\\/\\\/www.bellunopress.it\\\/#\\\/schema\\\/person\\\/79bb06722b37ece1c03d3e94beb30d73\"},\"headline\":\"Non Una di Meno Belluno: 1\u00b0 maggio, non c\u2019\u00e8 niente da brindare\",\"datePublished\":\"2026-04-30T19:47:57+00:00\",\"mainEntityOfPage\":{\"@id\":\"https:\\\/\\\/www.bellunopress.it\\\/2026\\\/04\\\/30\\\/non-una-di-meno-belluno-1-maggio-non-ce-niente-da-brindare\\\/\"},\"wordCount\":506,\"publisher\":{\"@id\":\"https:\\\/\\\/www.bellunopress.it\\\/#organization\"},\"image\":{\"@id\":\"https:\\\/\\\/www.bellunopress.it\\\/2026\\\/04\\\/30\\\/non-una-di-meno-belluno-1-maggio-non-ce-niente-da-brindare\\\/#primaryimage\"},\"thumbnailUrl\":\"https:\\\/\\\/www.bellunopress.it\\\/wp-content\\\/uploads\\\/2026\\\/04\\\/Non-Una-di-Meno-Belluno.jpg\",\"articleSection\":[\"Lettere Opinioni\"],\"inLanguage\":\"fr-FR\"},{\"@type\":\"WebPage\",\"@id\":\"https:\\\/\\\/www.bellunopress.it\\\/2026\\\/04\\\/30\\\/non-una-di-meno-belluno-1-maggio-non-ce-niente-da-brindare\\\/\",\"url\":\"https:\\\/\\\/www.bellunopress.it\\\/2026\\\/04\\\/30\\\/non-una-di-meno-belluno-1-maggio-non-ce-niente-da-brindare\\\/\",\"name\":\"Non Una di Meno Belluno: 1\u00b0 maggio, non c\u2019\u00e8 niente da brindare - Bellunopress - Dolomiti\",\"isPartOf\":{\"@id\":\"https:\\\/\\\/www.bellunopress.it\\\/#website\"},\"primaryImageOfPage\":{\"@id\":\"https:\\\/\\\/www.bellunopress.it\\\/2026\\\/04\\\/30\\\/non-una-di-meno-belluno-1-maggio-non-ce-niente-da-brindare\\\/#primaryimage\"},\"image\":{\"@id\":\"https:\\\/\\\/www.bellunopress.it\\\/2026\\\/04\\\/30\\\/non-una-di-meno-belluno-1-maggio-non-ce-niente-da-brindare\\\/#primaryimage\"},\"thumbnailUrl\":\"https:\\\/\\\/www.bellunopress.it\\\/wp-content\\\/uploads\\\/2026\\\/04\\\/Non-Una-di-Meno-Belluno.jpg\",\"datePublished\":\"2026-04-30T19:47:57+00:00\",\"breadcrumb\":{\"@id\":\"https:\\\/\\\/www.bellunopress.it\\\/2026\\\/04\\\/30\\\/non-una-di-meno-belluno-1-maggio-non-ce-niente-da-brindare\\\/#breadcrumb\"},\"inLanguage\":\"fr-FR\",\"potentialAction\":[{\"@type\":\"ReadAction\",\"target\":[\"https:\\\/\\\/www.bellunopress.it\\\/2026\\\/04\\\/30\\\/non-una-di-meno-belluno-1-maggio-non-ce-niente-da-brindare\\\/\"]}]},{\"@type\":\"ImageObject\",\"inLanguage\":\"fr-FR\",\"@id\":\"https:\\\/\\\/www.bellunopress.it\\\/2026\\\/04\\\/30\\\/non-una-di-meno-belluno-1-maggio-non-ce-niente-da-brindare\\\/#primaryimage\",\"url\":\"https:\\\/\\\/www.bellunopress.it\\\/wp-content\\\/uploads\\\/2026\\\/04\\\/Non-Una-di-Meno-Belluno.jpg\",\"contentUrl\":\"https:\\\/\\\/www.bellunopress.it\\\/wp-content\\\/uploads\\\/2026\\\/04\\\/Non-Una-di-Meno-Belluno.jpg\",\"width\":410,\"height\":419},{\"@type\":\"BreadcrumbList\",\"@id\":\"https:\\\/\\\/www.bellunopress.it\\\/2026\\\/04\\\/30\\\/non-una-di-meno-belluno-1-maggio-non-ce-niente-da-brindare\\\/#breadcrumb\",\"itemListElement\":[{\"@type\":\"ListItem\",\"position\":1,\"name\":\"Home\",\"item\":\"https:\\\/\\\/www.bellunopress.it\\\/\"},{\"@type\":\"ListItem\",\"position\":2,\"name\":\"Non Una di Meno Belluno: 1\u00b0 maggio, non c\u2019\u00e8 niente da brindare\"}]},{\"@type\":\"WebSite\",\"@id\":\"https:\\\/\\\/www.bellunopress.it\\\/#website\",\"url\":\"https:\\\/\\\/www.bellunopress.it\\\/\",\"name\":\"Bellunopress - Dolomiti\",\"description\":\"e-mail: redazione@bellunopress.it\",\"publisher\":{\"@id\":\"https:\\\/\\\/www.bellunopress.it\\\/#organization\"},\"potentialAction\":[{\"@type\":\"SearchAction\",\"target\":{\"@type\":\"EntryPoint\",\"urlTemplate\":\"https:\\\/\\\/www.bellunopress.it\\\/?s={search_term_string}\"},\"query-input\":{\"@type\":\"PropertyValueSpecification\",\"valueRequired\":true,\"valueName\":\"search_term_string\"}}],\"inLanguage\":\"fr-FR\"},{\"@type\":\"Organization\",\"@id\":\"https:\\\/\\\/www.bellunopress.it\\\/#organization\",\"name\":\"Bellunopress\",\"url\":\"https:\\\/\\\/www.bellunopress.it\\\/\",\"logo\":{\"@type\":\"ImageObject\",\"inLanguage\":\"fr-FR\",\"@id\":\"https:\\\/\\\/www.bellunopress.it\\\/#\\\/schema\\\/logo\\\/image\\\/\",\"url\":\"https:\\\/\\\/www.bellunopress.it\\\/wp-content\\\/uploads\\\/2011\\\/05\\\/cropped-logo-bellunopress-.jpg\",\"contentUrl\":\"https:\\\/\\\/www.bellunopress.it\\\/wp-content\\\/uploads\\\/2011\\\/05\\\/cropped-logo-bellunopress-.jpg\",\"width\":512,\"height\":512,\"caption\":\"Bellunopress\"},\"image\":{\"@id\":\"https:\\\/\\\/www.bellunopress.it\\\/#\\\/schema\\\/logo\\\/image\\\/\"},\"sameAs\":[\"https:\\\/\\\/www.facebook.com\\\/profile.php?id=100008943462799\",\"https:\\\/\\\/x.com\\\/bellunopress\",\"https:\\\/\\\/www.linkedin.com\\\/hp\\\/?dnr=JBzUWaJfMUw8vbXJJ2tVW5-I3jZKvC4wsoxE&amp;amp;amp;amp;amp;amp;trk=nav_responsive_tab_home\",\"https:\\\/\\\/www.youtube.com\\\/channel\\\/UCxL0wu1uN0_3_7hGG0306cw\"]},{\"@type\":\"Person\",\"@id\":\"https:\\\/\\\/www.bellunopress.it\\\/#\\\/schema\\\/person\\\/79bb06722b37ece1c03d3e94beb30d73\",\"name\":\"redazione\",\"image\":{\"@type\":\"ImageObject\",\"inLanguage\":\"fr-FR\",\"@id\":\"https:\\\/\\\/secure.gravatar.com\\\/avatar\\\/37d968a2e67a6fd04c169c4bdef102d0bc5d31b2546345219e348575eb80e9a0?s=96&d=mm&r=g\",\"url\":\"https:\\\/\\\/secure.gravatar.com\\\/avatar\\\/37d968a2e67a6fd04c169c4bdef102d0bc5d31b2546345219e348575eb80e9a0?s=96&d=mm&r=g\",\"contentUrl\":\"https:\\\/\\\/secure.gravatar.com\\\/avatar\\\/37d968a2e67a6fd04c169c4bdef102d0bc5d31b2546345219e348575eb80e9a0?s=96&d=mm&r=g\",\"caption\":\"redazione\"},\"sameAs\":[\"http:\\\/\\\/www.bellunopress.it\",\"https:\\\/\\\/x.com\\\/bellunopress\"],\"url\":\"https:\\\/\\\/www.bellunopress.it\\\/fr\\\/author\\\/redazione\\\/\"}]}<\/script>\n<!-- \/ Yoast SEO plugin. -->","yoast_head_json":{"title":"Non Una di Meno Belluno: 1\u00b0 maggio, non c\u2019\u00e8 niente da brindare - Bellunopress - Dolomiti","robots":{"index":"index","follow":"follow","max-snippet":"max-snippet:-1","max-image-preview":"max-image-preview:large","max-video-preview":"max-video-preview:-1"},"canonical":"https:\/\/www.bellunopress.it\/fr\/2026\/04\/30\/non-una-di-meno-belluno-1-maggio-non-ce-niente-da-brindare\/","og_locale":"fr_FR","og_type":"article","og_title":"Non Una di Meno Belluno: 1\u00b0 maggio, non c\u2019\u00e8 niente da brindare - Bellunopress - Dolomiti","og_description":"Come tutte le madri, in questo paese senza bambini ma fondato sulla mistica della maternit\u00e0 e della cura, anche le madri lavoratrici devono essere sempre sorridenti e accondiscendenti. Nonostante la fatica, tutte, madri e non, dovremmo sentirci riconoscenti, applaudire se ci fanno statue della &#8220;Maternit\u00e0&#8221; e sorridere se in Ostetricia verr\u00e0 calendarizzata la Giornata della [&hellip;]","og_url":"https:\/\/www.bellunopress.it\/fr\/2026\/04\/30\/non-una-di-meno-belluno-1-maggio-non-ce-niente-da-brindare\/","og_site_name":"Bellunopress - Dolomiti","article_publisher":"https:\/\/www.facebook.com\/profile.php?id=100008943462799","article_published_time":"2026-04-30T19:47:57+00:00","og_image":[{"width":410,"height":419,"url":"https:\/\/www.bellunopress.it\/wp-content\/uploads\/2026\/04\/Non-Una-di-Meno-Belluno.jpg","type":"image\/jpeg"}],"author":"redazione","twitter_card":"summary_large_image","twitter_creator":"@bellunopress","twitter_site":"@bellunopress","twitter_misc":{"Written by":"redazione","Est. reading time":"3 minutes"},"schema":{"@context":"https:\/\/schema.org","@graph":[{"@type":"Article","@id":"https:\/\/www.bellunopress.it\/2026\/04\/30\/non-una-di-meno-belluno-1-maggio-non-ce-niente-da-brindare\/#article","isPartOf":{"@id":"https:\/\/www.bellunopress.it\/2026\/04\/30\/non-una-di-meno-belluno-1-maggio-non-ce-niente-da-brindare\/"},"author":{"name":"redazione","@id":"https:\/\/www.bellunopress.it\/#\/schema\/person\/79bb06722b37ece1c03d3e94beb30d73"},"headline":"Non Una di Meno Belluno: 1\u00b0 maggio, non c\u2019\u00e8 niente da brindare","datePublished":"2026-04-30T19:47:57+00:00","mainEntityOfPage":{"@id":"https:\/\/www.bellunopress.it\/2026\/04\/30\/non-una-di-meno-belluno-1-maggio-non-ce-niente-da-brindare\/"},"wordCount":506,"publisher":{"@id":"https:\/\/www.bellunopress.it\/#organization"},"image":{"@id":"https:\/\/www.bellunopress.it\/2026\/04\/30\/non-una-di-meno-belluno-1-maggio-non-ce-niente-da-brindare\/#primaryimage"},"thumbnailUrl":"https:\/\/www.bellunopress.it\/wp-content\/uploads\/2026\/04\/Non-Una-di-Meno-Belluno.jpg","articleSection":["Lettere Opinioni"],"inLanguage":"fr-FR"},{"@type":"WebPage","@id":"https:\/\/www.bellunopress.it\/2026\/04\/30\/non-una-di-meno-belluno-1-maggio-non-ce-niente-da-brindare\/","url":"https:\/\/www.bellunopress.it\/2026\/04\/30\/non-una-di-meno-belluno-1-maggio-non-ce-niente-da-brindare\/","name":"Non Una di Meno Belluno: 1\u00b0 maggio, non c\u2019\u00e8 niente da brindare - Bellunopress - Dolomiti","isPartOf":{"@id":"https:\/\/www.bellunopress.it\/#website"},"primaryImageOfPage":{"@id":"https:\/\/www.bellunopress.it\/2026\/04\/30\/non-una-di-meno-belluno-1-maggio-non-ce-niente-da-brindare\/#primaryimage"},"image":{"@id":"https:\/\/www.bellunopress.it\/2026\/04\/30\/non-una-di-meno-belluno-1-maggio-non-ce-niente-da-brindare\/#primaryimage"},"thumbnailUrl":"https:\/\/www.bellunopress.it\/wp-content\/uploads\/2026\/04\/Non-Una-di-Meno-Belluno.jpg","datePublished":"2026-04-30T19:47:57+00:00","breadcrumb":{"@id":"https:\/\/www.bellunopress.it\/2026\/04\/30\/non-una-di-meno-belluno-1-maggio-non-ce-niente-da-brindare\/#breadcrumb"},"inLanguage":"fr-FR","potentialAction":[{"@type":"ReadAction","target":["https:\/\/www.bellunopress.it\/2026\/04\/30\/non-una-di-meno-belluno-1-maggio-non-ce-niente-da-brindare\/"]}]},{"@type":"ImageObject","inLanguage":"fr-FR","@id":"https:\/\/www.bellunopress.it\/2026\/04\/30\/non-una-di-meno-belluno-1-maggio-non-ce-niente-da-brindare\/#primaryimage","url":"https:\/\/www.bellunopress.it\/wp-content\/uploads\/2026\/04\/Non-Una-di-Meno-Belluno.jpg","contentUrl":"https:\/\/www.bellunopress.it\/wp-content\/uploads\/2026\/04\/Non-Una-di-Meno-Belluno.jpg","width":410,"height":419},{"@type":"BreadcrumbList","@id":"https:\/\/www.bellunopress.it\/2026\/04\/30\/non-una-di-meno-belluno-1-maggio-non-ce-niente-da-brindare\/#breadcrumb","itemListElement":[{"@type":"ListItem","position":1,"name":"Home","item":"https:\/\/www.bellunopress.it\/"},{"@type":"ListItem","position":2,"name":"Non Una di Meno Belluno: 1\u00b0 maggio, non c\u2019\u00e8 niente da brindare"}]},{"@type":"WebSite","@id":"https:\/\/www.bellunopress.it\/#website","url":"https:\/\/www.bellunopress.it\/","name":"Bellunopress - Dolomiti","description":"e-mail: redazione@bellunopress.it","publisher":{"@id":"https:\/\/www.bellunopress.it\/#organization"},"potentialAction":[{"@type":"SearchAction","target":{"@type":"EntryPoint","urlTemplate":"https:\/\/www.bellunopress.it\/?s={search_term_string}"},"query-input":{"@type":"PropertyValueSpecification","valueRequired":true,"valueName":"search_term_string"}}],"inLanguage":"fr-FR"},{"@type":"Organization","@id":"https:\/\/www.bellunopress.it\/#organization","name":"Bellunopress","url":"https:\/\/www.bellunopress.it\/","logo":{"@type":"ImageObject","inLanguage":"fr-FR","@id":"https:\/\/www.bellunopress.it\/#\/schema\/logo\/image\/","url":"https:\/\/www.bellunopress.it\/wp-content\/uploads\/2011\/05\/cropped-logo-bellunopress-.jpg","contentUrl":"https:\/\/www.bellunopress.it\/wp-content\/uploads\/2011\/05\/cropped-logo-bellunopress-.jpg","width":512,"height":512,"caption":"Bellunopress"},"image":{"@id":"https:\/\/www.bellunopress.it\/#\/schema\/logo\/image\/"},"sameAs":["https:\/\/www.facebook.com\/profile.php?id=100008943462799","https:\/\/x.com\/bellunopress","https:\/\/www.linkedin.com\/hp\/?dnr=JBzUWaJfMUw8vbXJJ2tVW5-I3jZKvC4wsoxE&amp;amp;amp;amp;amp;amp;trk=nav_responsive_tab_home","https:\/\/www.youtube.com\/channel\/UCxL0wu1uN0_3_7hGG0306cw"]},{"@type":"Person","@id":"https:\/\/www.bellunopress.it\/#\/schema\/person\/79bb06722b37ece1c03d3e94beb30d73","name":"r\u00e9daction","image":{"@type":"ImageObject","inLanguage":"fr-FR","@id":"https:\/\/secure.gravatar.com\/avatar\/37d968a2e67a6fd04c169c4bdef102d0bc5d31b2546345219e348575eb80e9a0?s=96&d=mm&r=g","url":"https:\/\/secure.gravatar.com\/avatar\/37d968a2e67a6fd04c169c4bdef102d0bc5d31b2546345219e348575eb80e9a0?s=96&d=mm&r=g","contentUrl":"https:\/\/secure.gravatar.com\/avatar\/37d968a2e67a6fd04c169c4bdef102d0bc5d31b2546345219e348575eb80e9a0?s=96&d=mm&r=g","caption":"redazione"},"sameAs":["http:\/\/www.bellunopress.it","https:\/\/x.com\/bellunopress"],"url":"https:\/\/www.bellunopress.it\/fr\/author\/redazione\/"}]}},"_links":{"self":[{"href":"https:\/\/www.bellunopress.it\/fr\/wp-json\/wp\/v2\/posts\/169649","targetHints":{"allow":["GET"]}}],"collection":[{"href":"https:\/\/www.bellunopress.it\/fr\/wp-json\/wp\/v2\/posts"}],"about":[{"href":"https:\/\/www.bellunopress.it\/fr\/wp-json\/wp\/v2\/types\/post"}],"author":[{"embeddable":true,"href":"https:\/\/www.bellunopress.it\/fr\/wp-json\/wp\/v2\/users\/2"}],"replies":[{"embeddable":true,"href":"https:\/\/www.bellunopress.it\/fr\/wp-json\/wp\/v2\/comments?post=169649"}],"version-history":[{"count":1,"href":"https:\/\/www.bellunopress.it\/fr\/wp-json\/wp\/v2\/posts\/169649\/revisions"}],"predecessor-version":[{"id":169651,"href":"https:\/\/www.bellunopress.it\/fr\/wp-json\/wp\/v2\/posts\/169649\/revisions\/169651"}],"wp:featuredmedia":[{"embeddable":true,"href":"https:\/\/www.bellunopress.it\/fr\/wp-json\/wp\/v2\/media\/169650"}],"wp:attachment":[{"href":"https:\/\/www.bellunopress.it\/fr\/wp-json\/wp\/v2\/media?parent=169649"}],"wp:term":[{"taxonomy":"category","embeddable":true,"href":"https:\/\/www.bellunopress.it\/fr\/wp-json\/wp\/v2\/categories?post=169649"},{"taxonomy":"post_tag","embeddable":true,"href":"https:\/\/www.bellunopress.it\/fr\/wp-json\/wp\/v2\/tags?post=169649"}],"curies":[{"name":"wp","href":"https:\/\/api.w.org\/{rel}","templated":true}]}}