{"id":169639,"date":"2026-04-30T12:53:13","date_gmt":"2026-04-30T10:53:13","guid":{"rendered":"https:\/\/www.bellunopress.it\/?p=169639"},"modified":"2026-04-30T12:53:13","modified_gmt":"2026-04-30T10:53:13","slug":"sicurezza-sul-lavoro-e-contrasto-al-sommerso-i-carabinieri-del-nil-di-belluno-passano-al-setaccio-la-provincia-8-denunce-e-3-chiusure","status":"publish","type":"post","link":"https:\/\/www.bellunopress.it\/fr\/2026\/04\/30\/sicurezza-sul-lavoro-e-contrasto-al-sommerso-i-carabinieri-del-nil-di-belluno-passano-al-setaccio-la-provincia-8-denunce-e-3-chiusure\/","title":{"rendered":"Sicurezza sul lavoro e contrasto al sommerso: i Carabinieri del NIL di Belluno passano al setaccio la provincia. 8 denunce e 3 chiusure"},"content":{"rendered":"<p>Belluno, 30\/04\/2026 &#8211; Le attivit\u00e0 di vigilanza del Nucleo Carabinieri Ispettorato del Lavoro di Belluno continuano a monitorare il territorio provinciale per garantire la tutela dei lavoratori e il rispetto delle norme antinfortunistiche. In sinergia con i militari del Comando Provinciale e delle Stazioni locali, \u00e8 stata portata a termine una vasta operazione di controllo che ha interessato diverse realt\u00e0 economiche.<\/p>\n<p>Al termine di una complessa attivit\u00e0 ispettiva, estesa a numerosi comuni della provincia tra cui Belluno, Domegge di Cadore, Alleghe, Cortina d\u2019Ampezzo, Agordo, Pedavena, Longarone, Santa Giustina e Setteville, concentrata in particolare nei settori dei pubblici esercizi, dei servizi e dell&#8217;artigianato, sono state deferite in stato di libert\u00e0 8 persone, tutte in qualit\u00e0 di titolari, legali rappresentanti o datori di lavoro di diverse realt\u00e0 imprenditoriali operanti nel territorio bellunese.<br \/>\nIl quadro delle violazioni rilevate \u00e8 ampio: si va dall\u2019impiego di attrezzature prive dei requisiti di sicurezza alla mancata formazione del personale, fino all\u2019assenza di sorveglianza sanitaria e all&#8217;installazione irregolare di sistemi di videosorveglianza.<\/p>\n<p>Sono state riscontrate inoltre gravi carenze nella protezione dei singoli dipendenti, come l&#8217;omessa consegna dei dispositivi di protezione (DPI) e la mancata nomina delle figure di controllo previste dalla legge.<br \/>\nL&#8217;Arma ha dovuto procedere all&#8217;adozione di tre provvedimenti di sospensione dell&#8217;attivit\u00e0. Di questi, due sono scaturiti dalla mancata elaborazione dei piani di emergenza ed evacuazione, una carenza ritenuta grave da non permettere la prosecuzione del lavoro in sicurezza. La terza sospensione ha invece colpito un locale a Setteville, dove \u00e8 stata accertata la presenza di un lavoratore &#8220;in nero\u201d, su otto dipendenti totali, sorpreso dai militari a lavorare come pizzaiolo.<br \/>\nL\u2019intervento sottolinea l\u2019impegno costante dei Carabinieri nel prevenire gli infortuni e nel contrastare lo sfruttamento del lavoro, assicurando che ogni attivit\u00e0 imprenditoriale operi nel pieno rispetto della dignit\u00e0 e della salute dei propri collaboratori.<\/p>","protected":false},"excerpt":{"rendered":"<p>Belluno, 30\/04\/2026 &#8211; Le attivit\u00e0 di vigilanza del Nucleo Carabinieri Ispettorato del Lavoro di Belluno continuano a monitorare il territorio provinciale per garantire la tutela dei lavoratori e il rispetto delle norme antinfortunistiche. In sinergia con i militari del Comando Provinciale e delle Stazioni locali, \u00e8 stata portata a termine una vasta operazione di controllo [&hellip;]<\/p>\n","protected":false},"author":2,"featured_media":163601,"comment_status":"closed","ping_status":"open","sticky":false,"template":"","format":"standard","meta":{"footnotes":""},"categories":[5],"tags":[],"class_list":["post-169639","post","type-post","status-publish","format-standard","has-post-thumbnail","category-cronaca"],"yoast_head":"<!-- This site is optimized with the Yoast SEO plugin v28.4 - https:\/\/yoast.com\/product\/yoast-seo-wordpress\/ -->\n<title>Sicurezza sul lavoro e contrasto al sommerso: i Carabinieri del NIL di Belluno passano al setaccio la provincia. 8 denunce e 3 chiusure - Bellunopress - Dolomiti<\/title>\n<meta name=\"robots\" content=\"index, follow, max-snippet:-1, max-image-preview:large, max-video-preview:-1\" \/>\n<link rel=\"canonical\" href=\"https:\/\/www.bellunopress.it\/fr\/2026\/04\/30\/sicurezza-sul-lavoro-e-contrasto-al-sommerso-i-carabinieri-del-nil-di-belluno-passano-al-setaccio-la-provincia-8-denunce-e-3-chiusure\/\" \/>\n<meta property=\"og:locale\" content=\"fr_FR\" \/>\n<meta property=\"og:type\" content=\"article\" \/>\n<meta property=\"og:title\" content=\"Sicurezza sul lavoro e contrasto al sommerso: i Carabinieri del NIL di Belluno passano al setaccio la provincia. 8 denunce e 3 chiusure - Bellunopress - Dolomiti\" \/>\n<meta property=\"og:description\" content=\"Belluno, 30\/04\/2026 &#8211; Le attivit\u00e0 di vigilanza del Nucleo Carabinieri Ispettorato del Lavoro di Belluno continuano a monitorare il territorio provinciale per garantire la tutela dei lavoratori e il rispetto delle norme antinfortunistiche. In sinergia con i militari del Comando Provinciale e delle Stazioni locali, \u00e8 stata portata a termine una vasta operazione di controllo [&hellip;]\" \/>\n<meta property=\"og:url\" content=\"https:\/\/www.bellunopress.it\/fr\/2026\/04\/30\/sicurezza-sul-lavoro-e-contrasto-al-sommerso-i-carabinieri-del-nil-di-belluno-passano-al-setaccio-la-provincia-8-denunce-e-3-chiusure\/\" \/>\n<meta property=\"og:site_name\" content=\"Bellunopress - Dolomiti\" \/>\n<meta property=\"article:publisher\" content=\"https:\/\/www.facebook.com\/profile.php?id=100008943462799\" \/>\n<meta property=\"article:published_time\" content=\"2026-04-30T10:53:13+00:00\" \/>\n<meta property=\"og:image\" content=\"https:\/\/www.bellunopress.it\/wp-content\/uploads\/2025\/09\/Nucleo-Ispettorato-del-Lavoro-dei-Carabinieri-NIS.jpg\" \/>\n\t<meta property=\"og:image:width\" content=\"800\" \/>\n\t<meta property=\"og:image:height\" content=\"561\" \/>\n\t<meta property=\"og:image:type\" content=\"image\/jpeg\" \/>\n<meta name=\"author\" content=\"redazione\" \/>\n<meta name=\"twitter:card\" content=\"summary_large_image\" \/>\n<meta name=\"twitter:creator\" content=\"@bellunopress\" \/>\n<meta name=\"twitter:site\" content=\"@bellunopress\" \/>\n<meta name=\"twitter:label1\" content=\"\u00c9crit par\" \/>\n\t<meta name=\"twitter:data1\" content=\"redazione\" \/>\n\t<meta name=\"twitter:label2\" content=\"Dur\u00e9e de lecture estim\u00e9e\" \/>\n\t<meta name=\"twitter:data2\" content=\"2 minutes\" \/>\n<script type=\"application\/ld+json\" class=\"yoast-schema-graph\">{\"@context\":\"https:\\\/\\\/schema.org\",\"@graph\":[{\"@type\":\"Article\",\"@id\":\"https:\\\/\\\/www.bellunopress.it\\\/2026\\\/04\\\/30\\\/sicurezza-sul-lavoro-e-contrasto-al-sommerso-i-carabinieri-del-nil-di-belluno-passano-al-setaccio-la-provincia-8-denunce-e-3-chiusure\\\/#article\",\"isPartOf\":{\"@id\":\"https:\\\/\\\/www.bellunopress.it\\\/2026\\\/04\\\/30\\\/sicurezza-sul-lavoro-e-contrasto-al-sommerso-i-carabinieri-del-nil-di-belluno-passano-al-setaccio-la-provincia-8-denunce-e-3-chiusure\\\/\"},\"author\":{\"name\":\"redazione\",\"@id\":\"https:\\\/\\\/www.bellunopress.it\\\/#\\\/schema\\\/person\\\/79bb06722b37ece1c03d3e94beb30d73\"},\"headline\":\"Sicurezza sul lavoro e contrasto al sommerso: i Carabinieri del NIL di Belluno passano al setaccio la provincia. 8 denunce e 3 chiusure\",\"datePublished\":\"2026-04-30T10:53:13+00:00\",\"mainEntityOfPage\":{\"@id\":\"https:\\\/\\\/www.bellunopress.it\\\/2026\\\/04\\\/30\\\/sicurezza-sul-lavoro-e-contrasto-al-sommerso-i-carabinieri-del-nil-di-belluno-passano-al-setaccio-la-provincia-8-denunce-e-3-chiusure\\\/\"},\"wordCount\":325,\"publisher\":{\"@id\":\"https:\\\/\\\/www.bellunopress.it\\\/#organization\"},\"image\":{\"@id\":\"https:\\\/\\\/www.bellunopress.it\\\/2026\\\/04\\\/30\\\/sicurezza-sul-lavoro-e-contrasto-al-sommerso-i-carabinieri-del-nil-di-belluno-passano-al-setaccio-la-provincia-8-denunce-e-3-chiusure\\\/#primaryimage\"},\"thumbnailUrl\":\"https:\\\/\\\/www.bellunopress.it\\\/wp-content\\\/uploads\\\/2025\\\/09\\\/Nucleo-Ispettorato-del-Lavoro-dei-Carabinieri-NIS.jpg\",\"articleSection\":[\"Cronaca\\\/Politica\"],\"inLanguage\":\"fr-FR\"},{\"@type\":\"WebPage\",\"@id\":\"https:\\\/\\\/www.bellunopress.it\\\/2026\\\/04\\\/30\\\/sicurezza-sul-lavoro-e-contrasto-al-sommerso-i-carabinieri-del-nil-di-belluno-passano-al-setaccio-la-provincia-8-denunce-e-3-chiusure\\\/\",\"url\":\"https:\\\/\\\/www.bellunopress.it\\\/2026\\\/04\\\/30\\\/sicurezza-sul-lavoro-e-contrasto-al-sommerso-i-carabinieri-del-nil-di-belluno-passano-al-setaccio-la-provincia-8-denunce-e-3-chiusure\\\/\",\"name\":\"Sicurezza sul lavoro e contrasto al sommerso: i Carabinieri del NIL di Belluno passano al setaccio la provincia. 8 denunce e 3 chiusure - Bellunopress - Dolomiti\",\"isPartOf\":{\"@id\":\"https:\\\/\\\/www.bellunopress.it\\\/#website\"},\"primaryImageOfPage\":{\"@id\":\"https:\\\/\\\/www.bellunopress.it\\\/2026\\\/04\\\/30\\\/sicurezza-sul-lavoro-e-contrasto-al-sommerso-i-carabinieri-del-nil-di-belluno-passano-al-setaccio-la-provincia-8-denunce-e-3-chiusure\\\/#primaryimage\"},\"image\":{\"@id\":\"https:\\\/\\\/www.bellunopress.it\\\/2026\\\/04\\\/30\\\/sicurezza-sul-lavoro-e-contrasto-al-sommerso-i-carabinieri-del-nil-di-belluno-passano-al-setaccio-la-provincia-8-denunce-e-3-chiusure\\\/#primaryimage\"},\"thumbnailUrl\":\"https:\\\/\\\/www.bellunopress.it\\\/wp-content\\\/uploads\\\/2025\\\/09\\\/Nucleo-Ispettorato-del-Lavoro-dei-Carabinieri-NIS.jpg\",\"datePublished\":\"2026-04-30T10:53:13+00:00\",\"breadcrumb\":{\"@id\":\"https:\\\/\\\/www.bellunopress.it\\\/2026\\\/04\\\/30\\\/sicurezza-sul-lavoro-e-contrasto-al-sommerso-i-carabinieri-del-nil-di-belluno-passano-al-setaccio-la-provincia-8-denunce-e-3-chiusure\\\/#breadcrumb\"},\"inLanguage\":\"fr-FR\",\"potentialAction\":[{\"@type\":\"ReadAction\",\"target\":[\"https:\\\/\\\/www.bellunopress.it\\\/2026\\\/04\\\/30\\\/sicurezza-sul-lavoro-e-contrasto-al-sommerso-i-carabinieri-del-nil-di-belluno-passano-al-setaccio-la-provincia-8-denunce-e-3-chiusure\\\/\"]}]},{\"@type\":\"ImageObject\",\"inLanguage\":\"fr-FR\",\"@id\":\"https:\\\/\\\/www.bellunopress.it\\\/2026\\\/04\\\/30\\\/sicurezza-sul-lavoro-e-contrasto-al-sommerso-i-carabinieri-del-nil-di-belluno-passano-al-setaccio-la-provincia-8-denunce-e-3-chiusure\\\/#primaryimage\",\"url\":\"https:\\\/\\\/www.bellunopress.it\\\/wp-content\\\/uploads\\\/2025\\\/09\\\/Nucleo-Ispettorato-del-Lavoro-dei-Carabinieri-NIS.jpg\",\"contentUrl\":\"https:\\\/\\\/www.bellunopress.it\\\/wp-content\\\/uploads\\\/2025\\\/09\\\/Nucleo-Ispettorato-del-Lavoro-dei-Carabinieri-NIS.jpg\",\"width\":800,\"height\":561,\"caption\":\"NIL\"},{\"@type\":\"BreadcrumbList\",\"@id\":\"https:\\\/\\\/www.bellunopress.it\\\/2026\\\/04\\\/30\\\/sicurezza-sul-lavoro-e-contrasto-al-sommerso-i-carabinieri-del-nil-di-belluno-passano-al-setaccio-la-provincia-8-denunce-e-3-chiusure\\\/#breadcrumb\",\"itemListElement\":[{\"@type\":\"ListItem\",\"position\":1,\"name\":\"Home\",\"item\":\"https:\\\/\\\/www.bellunopress.it\\\/\"},{\"@type\":\"ListItem\",\"position\":2,\"name\":\"Sicurezza sul lavoro e contrasto al sommerso: i Carabinieri del NIL di Belluno passano al setaccio la provincia. 8 denunce e 3 chiusure\"}]},{\"@type\":\"WebSite\",\"@id\":\"https:\\\/\\\/www.bellunopress.it\\\/#website\",\"url\":\"https:\\\/\\\/www.bellunopress.it\\\/\",\"name\":\"Bellunopress - Dolomiti\",\"description\":\"e-mail: redazione@bellunopress.it\",\"publisher\":{\"@id\":\"https:\\\/\\\/www.bellunopress.it\\\/#organization\"},\"potentialAction\":[{\"@type\":\"SearchAction\",\"target\":{\"@type\":\"EntryPoint\",\"urlTemplate\":\"https:\\\/\\\/www.bellunopress.it\\\/?s={search_term_string}\"},\"query-input\":{\"@type\":\"PropertyValueSpecification\",\"valueRequired\":true,\"valueName\":\"search_term_string\"}}],\"inLanguage\":\"fr-FR\"},{\"@type\":\"Organization\",\"@id\":\"https:\\\/\\\/www.bellunopress.it\\\/#organization\",\"name\":\"Bellunopress\",\"url\":\"https:\\\/\\\/www.bellunopress.it\\\/\",\"logo\":{\"@type\":\"ImageObject\",\"inLanguage\":\"fr-FR\",\"@id\":\"https:\\\/\\\/www.bellunopress.it\\\/#\\\/schema\\\/logo\\\/image\\\/\",\"url\":\"https:\\\/\\\/www.bellunopress.it\\\/wp-content\\\/uploads\\\/2011\\\/05\\\/cropped-logo-bellunopress-.jpg\",\"contentUrl\":\"https:\\\/\\\/www.bellunopress.it\\\/wp-content\\\/uploads\\\/2011\\\/05\\\/cropped-logo-bellunopress-.jpg\",\"width\":512,\"height\":512,\"caption\":\"Bellunopress\"},\"image\":{\"@id\":\"https:\\\/\\\/www.bellunopress.it\\\/#\\\/schema\\\/logo\\\/image\\\/\"},\"sameAs\":[\"https:\\\/\\\/www.facebook.com\\\/profile.php?id=100008943462799\",\"https:\\\/\\\/x.com\\\/bellunopress\",\"https:\\\/\\\/www.linkedin.com\\\/hp\\\/?dnr=JBzUWaJfMUw8vbXJJ2tVW5-I3jZKvC4wsoxE&amp;amp;amp;amp;amp;amp;trk=nav_responsive_tab_home\",\"https:\\\/\\\/www.youtube.com\\\/channel\\\/UCxL0wu1uN0_3_7hGG0306cw\"]},{\"@type\":\"Person\",\"@id\":\"https:\\\/\\\/www.bellunopress.it\\\/#\\\/schema\\\/person\\\/79bb06722b37ece1c03d3e94beb30d73\",\"name\":\"redazione\",\"image\":{\"@type\":\"ImageObject\",\"inLanguage\":\"fr-FR\",\"@id\":\"https:\\\/\\\/secure.gravatar.com\\\/avatar\\\/37d968a2e67a6fd04c169c4bdef102d0bc5d31b2546345219e348575eb80e9a0?s=96&d=mm&r=g\",\"url\":\"https:\\\/\\\/secure.gravatar.com\\\/avatar\\\/37d968a2e67a6fd04c169c4bdef102d0bc5d31b2546345219e348575eb80e9a0?s=96&d=mm&r=g\",\"contentUrl\":\"https:\\\/\\\/secure.gravatar.com\\\/avatar\\\/37d968a2e67a6fd04c169c4bdef102d0bc5d31b2546345219e348575eb80e9a0?s=96&d=mm&r=g\",\"caption\":\"redazione\"},\"sameAs\":[\"http:\\\/\\\/www.bellunopress.it\",\"https:\\\/\\\/x.com\\\/bellunopress\"],\"url\":\"https:\\\/\\\/www.bellunopress.it\\\/fr\\\/author\\\/redazione\\\/\"}]}<\/script>\n<!-- \/ Yoast SEO plugin. -->","yoast_head_json":{"title":"Sicurezza sul lavoro e contrasto al sommerso: i Carabinieri del NIL di Belluno passano al setaccio la provincia. 8 denunce e 3 chiusure - Bellunopress - Dolomiti","robots":{"index":"index","follow":"follow","max-snippet":"max-snippet:-1","max-image-preview":"max-image-preview:large","max-video-preview":"max-video-preview:-1"},"canonical":"https:\/\/www.bellunopress.it\/fr\/2026\/04\/30\/sicurezza-sul-lavoro-e-contrasto-al-sommerso-i-carabinieri-del-nil-di-belluno-passano-al-setaccio-la-provincia-8-denunce-e-3-chiusure\/","og_locale":"fr_FR","og_type":"article","og_title":"Sicurezza sul lavoro e contrasto al sommerso: i Carabinieri del NIL di Belluno passano al setaccio la provincia. 8 denunce e 3 chiusure - Bellunopress - Dolomiti","og_description":"Belluno, 30\/04\/2026 &#8211; Le attivit\u00e0 di vigilanza del Nucleo Carabinieri Ispettorato del Lavoro di Belluno continuano a monitorare il territorio provinciale per garantire la tutela dei lavoratori e il rispetto delle norme antinfortunistiche. In sinergia con i militari del Comando Provinciale e delle Stazioni locali, \u00e8 stata portata a termine una vasta operazione di controllo [&hellip;]","og_url":"https:\/\/www.bellunopress.it\/fr\/2026\/04\/30\/sicurezza-sul-lavoro-e-contrasto-al-sommerso-i-carabinieri-del-nil-di-belluno-passano-al-setaccio-la-provincia-8-denunce-e-3-chiusure\/","og_site_name":"Bellunopress - Dolomiti","article_publisher":"https:\/\/www.facebook.com\/profile.php?id=100008943462799","article_published_time":"2026-04-30T10:53:13+00:00","og_image":[{"width":800,"height":561,"url":"https:\/\/www.bellunopress.it\/wp-content\/uploads\/2025\/09\/Nucleo-Ispettorato-del-Lavoro-dei-Carabinieri-NIS.jpg","type":"image\/jpeg"}],"author":"redazione","twitter_card":"summary_large_image","twitter_creator":"@bellunopress","twitter_site":"@bellunopress","twitter_misc":{"\u00c9crit par":"redazione","Dur\u00e9e de lecture estim\u00e9e":"2 minutes"},"schema":{"@context":"https:\/\/schema.org","@graph":[{"@type":"Article","@id":"https:\/\/www.bellunopress.it\/2026\/04\/30\/sicurezza-sul-lavoro-e-contrasto-al-sommerso-i-carabinieri-del-nil-di-belluno-passano-al-setaccio-la-provincia-8-denunce-e-3-chiusure\/#article","isPartOf":{"@id":"https:\/\/www.bellunopress.it\/2026\/04\/30\/sicurezza-sul-lavoro-e-contrasto-al-sommerso-i-carabinieri-del-nil-di-belluno-passano-al-setaccio-la-provincia-8-denunce-e-3-chiusure\/"},"author":{"name":"redazione","@id":"https:\/\/www.bellunopress.it\/#\/schema\/person\/79bb06722b37ece1c03d3e94beb30d73"},"headline":"Sicurezza sul lavoro e contrasto al sommerso: i Carabinieri del NIL di Belluno passano al setaccio la provincia. 8 denunce e 3 chiusure","datePublished":"2026-04-30T10:53:13+00:00","mainEntityOfPage":{"@id":"https:\/\/www.bellunopress.it\/2026\/04\/30\/sicurezza-sul-lavoro-e-contrasto-al-sommerso-i-carabinieri-del-nil-di-belluno-passano-al-setaccio-la-provincia-8-denunce-e-3-chiusure\/"},"wordCount":325,"publisher":{"@id":"https:\/\/www.bellunopress.it\/#organization"},"image":{"@id":"https:\/\/www.bellunopress.it\/2026\/04\/30\/sicurezza-sul-lavoro-e-contrasto-al-sommerso-i-carabinieri-del-nil-di-belluno-passano-al-setaccio-la-provincia-8-denunce-e-3-chiusure\/#primaryimage"},"thumbnailUrl":"https:\/\/www.bellunopress.it\/wp-content\/uploads\/2025\/09\/Nucleo-Ispettorato-del-Lavoro-dei-Carabinieri-NIS.jpg","articleSection":["Cronaca\/Politica"],"inLanguage":"fr-FR"},{"@type":"WebPage","@id":"https:\/\/www.bellunopress.it\/2026\/04\/30\/sicurezza-sul-lavoro-e-contrasto-al-sommerso-i-carabinieri-del-nil-di-belluno-passano-al-setaccio-la-provincia-8-denunce-e-3-chiusure\/","url":"https:\/\/www.bellunopress.it\/2026\/04\/30\/sicurezza-sul-lavoro-e-contrasto-al-sommerso-i-carabinieri-del-nil-di-belluno-passano-al-setaccio-la-provincia-8-denunce-e-3-chiusure\/","name":"Sicurezza sul lavoro e contrasto al sommerso: i Carabinieri del NIL di Belluno passano al setaccio la provincia. 8 denunce e 3 chiusure - Bellunopress - Dolomiti","isPartOf":{"@id":"https:\/\/www.bellunopress.it\/#website"},"primaryImageOfPage":{"@id":"https:\/\/www.bellunopress.it\/2026\/04\/30\/sicurezza-sul-lavoro-e-contrasto-al-sommerso-i-carabinieri-del-nil-di-belluno-passano-al-setaccio-la-provincia-8-denunce-e-3-chiusure\/#primaryimage"},"image":{"@id":"https:\/\/www.bellunopress.it\/2026\/04\/30\/sicurezza-sul-lavoro-e-contrasto-al-sommerso-i-carabinieri-del-nil-di-belluno-passano-al-setaccio-la-provincia-8-denunce-e-3-chiusure\/#primaryimage"},"thumbnailUrl":"https:\/\/www.bellunopress.it\/wp-content\/uploads\/2025\/09\/Nucleo-Ispettorato-del-Lavoro-dei-Carabinieri-NIS.jpg","datePublished":"2026-04-30T10:53:13+00:00","breadcrumb":{"@id":"https:\/\/www.bellunopress.it\/2026\/04\/30\/sicurezza-sul-lavoro-e-contrasto-al-sommerso-i-carabinieri-del-nil-di-belluno-passano-al-setaccio-la-provincia-8-denunce-e-3-chiusure\/#breadcrumb"},"inLanguage":"fr-FR","potentialAction":[{"@type":"ReadAction","target":["https:\/\/www.bellunopress.it\/2026\/04\/30\/sicurezza-sul-lavoro-e-contrasto-al-sommerso-i-carabinieri-del-nil-di-belluno-passano-al-setaccio-la-provincia-8-denunce-e-3-chiusure\/"]}]},{"@type":"ImageObject","inLanguage":"fr-FR","@id":"https:\/\/www.bellunopress.it\/2026\/04\/30\/sicurezza-sul-lavoro-e-contrasto-al-sommerso-i-carabinieri-del-nil-di-belluno-passano-al-setaccio-la-provincia-8-denunce-e-3-chiusure\/#primaryimage","url":"https:\/\/www.bellunopress.it\/wp-content\/uploads\/2025\/09\/Nucleo-Ispettorato-del-Lavoro-dei-Carabinieri-NIS.jpg","contentUrl":"https:\/\/www.bellunopress.it\/wp-content\/uploads\/2025\/09\/Nucleo-Ispettorato-del-Lavoro-dei-Carabinieri-NIS.jpg","width":800,"height":561,"caption":"NIL"},{"@type":"BreadcrumbList","@id":"https:\/\/www.bellunopress.it\/2026\/04\/30\/sicurezza-sul-lavoro-e-contrasto-al-sommerso-i-carabinieri-del-nil-di-belluno-passano-al-setaccio-la-provincia-8-denunce-e-3-chiusure\/#breadcrumb","itemListElement":[{"@type":"ListItem","position":1,"name":"Home","item":"https:\/\/www.bellunopress.it\/"},{"@type":"ListItem","position":2,"name":"Sicurezza sul lavoro e contrasto al sommerso: i Carabinieri del NIL di Belluno passano al setaccio la provincia. 8 denunce e 3 chiusure"}]},{"@type":"WebSite","@id":"https:\/\/www.bellunopress.it\/#website","url":"https:\/\/www.bellunopress.it\/","name":"Bellunopress - Dolomiti","description":"e-mail: redazione@bellunopress.it","publisher":{"@id":"https:\/\/www.bellunopress.it\/#organization"},"potentialAction":[{"@type":"SearchAction","target":{"@type":"EntryPoint","urlTemplate":"https:\/\/www.bellunopress.it\/?s={search_term_string}"},"query-input":{"@type":"PropertyValueSpecification","valueRequired":true,"valueName":"search_term_string"}}],"inLanguage":"fr-FR"},{"@type":"Organization","@id":"https:\/\/www.bellunopress.it\/#organization","name":"Bellunopress","url":"https:\/\/www.bellunopress.it\/","logo":{"@type":"ImageObject","inLanguage":"fr-FR","@id":"https:\/\/www.bellunopress.it\/#\/schema\/logo\/image\/","url":"https:\/\/www.bellunopress.it\/wp-content\/uploads\/2011\/05\/cropped-logo-bellunopress-.jpg","contentUrl":"https:\/\/www.bellunopress.it\/wp-content\/uploads\/2011\/05\/cropped-logo-bellunopress-.jpg","width":512,"height":512,"caption":"Bellunopress"},"image":{"@id":"https:\/\/www.bellunopress.it\/#\/schema\/logo\/image\/"},"sameAs":["https:\/\/www.facebook.com\/profile.php?id=100008943462799","https:\/\/x.com\/bellunopress","https:\/\/www.linkedin.com\/hp\/?dnr=JBzUWaJfMUw8vbXJJ2tVW5-I3jZKvC4wsoxE&amp;amp;amp;amp;amp;amp;trk=nav_responsive_tab_home","https:\/\/www.youtube.com\/channel\/UCxL0wu1uN0_3_7hGG0306cw"]},{"@type":"Person","@id":"https:\/\/www.bellunopress.it\/#\/schema\/person\/79bb06722b37ece1c03d3e94beb30d73","name":"r\u00e9daction","image":{"@type":"ImageObject","inLanguage":"fr-FR","@id":"https:\/\/secure.gravatar.com\/avatar\/37d968a2e67a6fd04c169c4bdef102d0bc5d31b2546345219e348575eb80e9a0?s=96&d=mm&r=g","url":"https:\/\/secure.gravatar.com\/avatar\/37d968a2e67a6fd04c169c4bdef102d0bc5d31b2546345219e348575eb80e9a0?s=96&d=mm&r=g","contentUrl":"https:\/\/secure.gravatar.com\/avatar\/37d968a2e67a6fd04c169c4bdef102d0bc5d31b2546345219e348575eb80e9a0?s=96&d=mm&r=g","caption":"redazione"},"sameAs":["http:\/\/www.bellunopress.it","https:\/\/x.com\/bellunopress"],"url":"https:\/\/www.bellunopress.it\/fr\/author\/redazione\/"}]}},"_links":{"self":[{"href":"https:\/\/www.bellunopress.it\/fr\/wp-json\/wp\/v2\/posts\/169639","targetHints":{"allow":["GET"]}}],"collection":[{"href":"https:\/\/www.bellunopress.it\/fr\/wp-json\/wp\/v2\/posts"}],"about":[{"href":"https:\/\/www.bellunopress.it\/fr\/wp-json\/wp\/v2\/types\/post"}],"author":[{"embeddable":true,"href":"https:\/\/www.bellunopress.it\/fr\/wp-json\/wp\/v2\/users\/2"}],"replies":[{"embeddable":true,"href":"https:\/\/www.bellunopress.it\/fr\/wp-json\/wp\/v2\/comments?post=169639"}],"version-history":[{"count":1,"href":"https:\/\/www.bellunopress.it\/fr\/wp-json\/wp\/v2\/posts\/169639\/revisions"}],"predecessor-version":[{"id":169640,"href":"https:\/\/www.bellunopress.it\/fr\/wp-json\/wp\/v2\/posts\/169639\/revisions\/169640"}],"wp:featuredmedia":[{"embeddable":true,"href":"https:\/\/www.bellunopress.it\/fr\/wp-json\/wp\/v2\/media\/163601"}],"wp:attachment":[{"href":"https:\/\/www.bellunopress.it\/fr\/wp-json\/wp\/v2\/media?parent=169639"}],"wp:term":[{"taxonomy":"category","embeddable":true,"href":"https:\/\/www.bellunopress.it\/fr\/wp-json\/wp\/v2\/categories?post=169639"},{"taxonomy":"post_tag","embeddable":true,"href":"https:\/\/www.bellunopress.it\/fr\/wp-json\/wp\/v2\/tags?post=169639"}],"curies":[{"name":"wp","href":"https:\/\/api.w.org\/{rel}","templated":true}]}}