{"id":169631,"date":"2026-04-30T10:00:32","date_gmt":"2026-04-30T08:00:32","guid":{"rendered":"https:\/\/www.bellunopress.it\/?p=169631"},"modified":"2026-04-30T11:36:26","modified_gmt":"2026-04-30T09:36:26","slug":"dalle-vette-di-belluno-alla-voie-sacree-luigi-da-pont-maresciallo-della-legione-straniera-e-la-nobilta-del-servizio","status":"publish","type":"post","link":"https:\/\/www.bellunopress.it\/fr\/2026\/04\/30\/dalle-vette-di-belluno-alla-voie-sacree-luigi-da-pont-maresciallo-della-legione-straniera-e-la-nobilta-del-servizio\/","title":{"rendered":"Dalle vette di Belluno alla &#8220;Voie Sacr\u00e9e&#8221;: Luigi Da Pont, maresciallo della Legione Straniera, e la nobilt\u00e0 del servizio"},"content":{"rendered":"<p data-path-to-node=\"1\">Oggi, 30 aprile 2026, mentre il sole illumina la piazza d&#8217;armi di Aubagne, nel quartier generale della Legione Straniera, un pezzo di storia bellunese sfiler\u00e0 davanti agli occhi del Principe Alberto II di Monaco e dei vertici militari francesi. \u00c8 il Giorno di Camerone, la celebrazione pi\u00f9 sacra del Corpo, e quest&#8217;anno un protagonista assoluto sar\u00e0 il Primo Maresciallo Luigi Da Pont, originario di San Gregorio nelle Alpi.<\/p>\n<h3 data-path-to-node=\"2\">Un onore riservato a pochi<\/h3>\n<figure id=\"attachment_45381\" aria-describedby=\"caption-attachment-45381\" style=\"width: 175px\" class=\"wp-caption aligncenter\"><img loading=\"lazy\" decoding=\"async\" class=\"size-full wp-image-45381\" src=\"https:\/\/www.bellunopress.it\/wp-content\/uploads\/2013\/01\/Luigi-Da-Pont-legionario.jpg\" alt=\"\" width=\"175\" height=\"350\" \/><figcaption id=\"caption-attachment-45381\" class=\"wp-caption-text\">Luigi Da Pont, Primo maresciallo della Legione Straniera premiato il 30 aprile 2026 a Aubagne (Francia)<\/figcaption><\/figure>\n<p data-path-to-node=\"3\">La cerimonia di Camerone commemora l&#8217;eroica battaglia del 1863 in Messico, simbolo di dedizione assoluta al dovere. Il momento culminante \u00e8 la processione della mano di legno del Capitano Danjou, una reliquia portata lungo la <i data-path-to-node=\"3\" data-index-in-node=\"226\">Voie Sacr\u00e9e<\/i> da veterani che hanno segnato la storia della Legione.<\/p>\n<p data-path-to-node=\"4\">Quest&#8217;anno, il tema \u00e8 &#8220;La noblesse de servir&#8221; (La nobilt\u00e0 del servizio), un concetto che Da Pont incarna perfettamente. Accompagner\u00e0 il Generale d&#8217;Armata Thierry Burkhard, ex Capo di Stato Maggiore della Difesa francese, in un terzetto d&#8217;eccezione che comprende anche il veterano danese J\u00f6rgen Madsen. Per un ex alpino del Battaglione Feltre, trovarsi in cima alla gerarchia simbolica della Legione \u00e8 il riconoscimento di una vita spesa tra avventura e sacrificio.<\/p>\n<h3 data-path-to-node=\"5\">Dal &#8220;Feltre&#8221; al deserto: la scelta dell&#8217;avventura<\/h3>\n<p data-path-to-node=\"6\">La storia di Luigi Da Pont inizia in modo quasi ordinario. Nel 1961, a 25 anni, Luigi ha davanti a s\u00e9 una strada spianata: la falegnameria di famiglia a San Gregorio o l&#8217;emigrazione sicura verso il Canada. Ma il richiamo dell&#8217;ignoto \u00e8 pi\u00f9 forte della stabilit\u00e0.<\/p>\n<blockquote data-path-to-node=\"7\">\n<h6 style=\"text-align: left;\" data-path-to-node=\"7,0\">&#8220;C\u2019\u00e8 chi ha il coraggio, la determinazione, oppure solo l\u2019incoscienza di scegliere semplicemente ci\u00f2 che gli piace: l\u2019avventura ad ogni costo.&#8221;<\/h6>\n<\/blockquote>\n<p data-path-to-node=\"8\">Il 2 settembre 1961 firma l&#8217;arruolamento a Nizza. Da l\u00ec, il salto \u00e8 vertiginoso: dall&#8217;addestramento a Sidi-Bel-Abbes in Algeria, alle dune del Sahara, fino ai reparti d&#8217;\u00e9lite del 2\u00b0 REP (reggimento paracadutisti) e della 13\u00b0 DBLE.<\/p>\n<h3 data-path-to-node=\"9\">Una vita per la Francia, tra sport e fuoco<\/h3>\n<p data-path-to-node=\"10\">La carriera di Da Pont \u00e8 un mosaico di eccellenza. Inizialmente inquadrato nel reparto sportivo per le sue doti fisiche, ha rappresentato la Francia nel pentathlon, guadagnandosi la Medaglia d\u2019argento degli sportivi. Ma \u00e8 sul campo che il suo nome diventa leggenda:<\/p>\n<ul data-path-to-node=\"11\">\n<li>\n<p data-path-to-node=\"11,0,0\">Ciad (1969): Durante una missione per sedare rivolte al confine con la Libia, un proiettile espansivo gli spappola un braccio. Solo una serie di circostanze fortuite gli evita l&#8217;amputazione, permettendogli di tornare in servizio dopo nove mesi di cure.<\/p>\n<\/li>\n<li>\n<p data-path-to-node=\"11,1,0\">Zaire (1978): Partecipa alla celebre &#8220;Operazione Leopardo&#8221; a Kolwezi. Ottocento paracadutisti furono lanciati per fermare l&#8217;invasione dei gendarmi del Congo e liberare i civili europei prigionieri nelle miniere. Per questa azione ricevette la citazione al valor militare con palma.<\/p>\n<\/li>\n<\/ul>\n<p data-path-to-node=\"12\">Dopo 25 anni di servizio, conclusi nel 1987 con il grado di maresciallo maggiore e il titolo di Cavaliere dell\u2019ordine nazionale, Da Pont ha riposto le armi, ma non lo spirito di servizio.<\/p>\n<h3 data-path-to-node=\"14\">Dalle armi al volontariato: la nobilt\u00e0 continua<\/h3>\n<p data-path-to-node=\"15\">Oggi, il legionario che un tempo combatteva tra le dune del Sahara si dedica a salvare vite. Incoraggiato dalla moglie, Da Pont ha applicato il rigore e la professionalit\u00e0 appresi nella Legione al mondo della Protezione Civile e del soccorso.<\/p>\n<p data-path-to-node=\"16\">Dalla ricerca di persone scomparse agli interventi nelle calamit\u00e0 internazionali, la sua missione \u00e8 cambiata radicalmente negli obiettivi, ma non nella sostanza: la nobilt\u00e0 del servizio rimane il filo conduttore. Mentre sfiler\u00e0 ad Aubagne in questo aprile 2026, Luigi Da Pont non rappresenter\u00e0 solo la storia della Legione, ma l&#8217;orgoglio di una terra, quella bellunese, capace di generare uomini pronti a servire con onore, in guerra come in pace.<\/p>\n<p data-path-to-node=\"16\">Congratulazioni Maresciallo.<\/p>\n<p data-path-to-node=\"16\">Roberto De Nart<\/p>","protected":false},"excerpt":{"rendered":"<p>Oggi, 30 aprile 2026, mentre il sole illumina la piazza d&#8217;armi di Aubagne, nel quartier generale della Legione Straniera, un pezzo di storia bellunese sfiler\u00e0 davanti agli occhi del Principe Alberto II di Monaco e dei vertici militari francesi. \u00c8 il Giorno di Camerone, la celebrazione pi\u00f9 sacra del Corpo, e quest&#8217;anno un protagonista assoluto [&hellip;]<\/p>\n","protected":false},"author":2,"featured_media":169633,"comment_status":"closed","ping_status":"open","sticky":false,"template":"","format":"standard","meta":{"footnotes":""},"categories":[3446,49,26],"tags":[],"class_list":["post-169631","post","type-post","status-publish","format-standard","has-post-thumbnail","category-featured","category-speciali","category-prima-pagina"],"yoast_head":"<!-- This site is optimized with the Yoast SEO plugin v28.4 - https:\/\/yoast.com\/product\/yoast-seo-wordpress\/ -->\n<title>Dalle vette di Belluno alla &quot;Voie Sacr\u00e9e&quot;: Luigi Da Pont, maresciallo della Legione Straniera, e la nobilt\u00e0 del servizio - Bellunopress - Dolomiti<\/title>\n<meta name=\"robots\" content=\"index, follow, max-snippet:-1, max-image-preview:large, max-video-preview:-1\" \/>\n<link rel=\"canonical\" href=\"https:\/\/www.bellunopress.it\/fr\/2026\/04\/30\/dalle-vette-di-belluno-alla-voie-sacree-luigi-da-pont-maresciallo-della-legione-straniera-e-la-nobilta-del-servizio\/\" \/>\n<meta property=\"og:locale\" content=\"fr_FR\" \/>\n<meta property=\"og:type\" content=\"article\" \/>\n<meta property=\"og:title\" content=\"Dalle vette di Belluno alla &quot;Voie Sacr\u00e9e&quot;: Luigi Da Pont, maresciallo della Legione Straniera, e la nobilt\u00e0 del servizio - Bellunopress - Dolomiti\" \/>\n<meta property=\"og:description\" content=\"Oggi, 30 aprile 2026, mentre il sole illumina la piazza d&#8217;armi di Aubagne, nel quartier generale della Legione Straniera, un pezzo di storia bellunese sfiler\u00e0 davanti agli occhi del Principe Alberto II di Monaco e dei vertici militari francesi. \u00c8 il Giorno di Camerone, la celebrazione pi\u00f9 sacra del Corpo, e quest&#8217;anno un protagonista assoluto [&hellip;]\" \/>\n<meta property=\"og:url\" content=\"https:\/\/www.bellunopress.it\/fr\/2026\/04\/30\/dalle-vette-di-belluno-alla-voie-sacree-luigi-da-pont-maresciallo-della-legione-straniera-e-la-nobilta-del-servizio\/\" \/>\n<meta property=\"og:site_name\" content=\"Bellunopress - Dolomiti\" \/>\n<meta property=\"article:publisher\" content=\"https:\/\/www.facebook.com\/profile.php?id=100008943462799\" \/>\n<meta property=\"article:published_time\" content=\"2026-04-30T08:00:32+00:00\" \/>\n<meta property=\"article:modified_time\" content=\"2026-04-30T09:36:26+00:00\" \/>\n<meta property=\"og:image\" content=\"https:\/\/www.bellunopress.it\/wp-content\/uploads\/2026\/04\/Aubagne-Caserma-della-Legione-Staniera.jpg\" \/>\n\t<meta property=\"og:image:width\" content=\"600\" \/>\n\t<meta property=\"og:image:height\" content=\"409\" \/>\n\t<meta property=\"og:image:type\" content=\"image\/jpeg\" \/>\n<meta name=\"author\" content=\"redazione\" \/>\n<meta name=\"twitter:card\" content=\"summary_large_image\" \/>\n<meta name=\"twitter:creator\" content=\"@bellunopress\" \/>\n<meta name=\"twitter:site\" content=\"@bellunopress\" \/>\n<meta name=\"twitter:label1\" content=\"Written by\" \/>\n\t<meta name=\"twitter:data1\" content=\"redazione\" \/>\n\t<meta name=\"twitter:label2\" content=\"Est. reading time\" \/>\n\t<meta name=\"twitter:data2\" content=\"4 minutes\" \/>\n<script type=\"application\/ld+json\" class=\"yoast-schema-graph\">{\"@context\":\"https:\\\/\\\/schema.org\",\"@graph\":[{\"@type\":\"Article\",\"@id\":\"https:\\\/\\\/www.bellunopress.it\\\/2026\\\/04\\\/30\\\/dalle-vette-di-belluno-alla-voie-sacree-luigi-da-pont-maresciallo-della-legione-straniera-e-la-nobilta-del-servizio\\\/#article\",\"isPartOf\":{\"@id\":\"https:\\\/\\\/www.bellunopress.it\\\/2026\\\/04\\\/30\\\/dalle-vette-di-belluno-alla-voie-sacree-luigi-da-pont-maresciallo-della-legione-straniera-e-la-nobilta-del-servizio\\\/\"},\"author\":{\"name\":\"redazione\",\"@id\":\"https:\\\/\\\/www.bellunopress.it\\\/#\\\/schema\\\/person\\\/79bb06722b37ece1c03d3e94beb30d73\"},\"headline\":\"Dalle vette di Belluno alla &#8220;Voie Sacr\u00e9e&#8221;: Luigi Da Pont, maresciallo della Legione Straniera, e la nobilt\u00e0 del servizio\",\"datePublished\":\"2026-04-30T08:00:32+00:00\",\"dateModified\":\"2026-04-30T09:36:26+00:00\",\"mainEntityOfPage\":{\"@id\":\"https:\\\/\\\/www.bellunopress.it\\\/2026\\\/04\\\/30\\\/dalle-vette-di-belluno-alla-voie-sacree-luigi-da-pont-maresciallo-della-legione-straniera-e-la-nobilta-del-servizio\\\/\"},\"wordCount\":622,\"publisher\":{\"@id\":\"https:\\\/\\\/www.bellunopress.it\\\/#organization\"},\"image\":{\"@id\":\"https:\\\/\\\/www.bellunopress.it\\\/2026\\\/04\\\/30\\\/dalle-vette-di-belluno-alla-voie-sacree-luigi-da-pont-maresciallo-della-legione-straniera-e-la-nobilta-del-servizio\\\/#primaryimage\"},\"thumbnailUrl\":\"https:\\\/\\\/www.bellunopress.it\\\/wp-content\\\/uploads\\\/2026\\\/04\\\/Aubagne-Caserma-della-Legione-Staniera.jpg\",\"articleSection\":[\"Featured\",\"Gli speciali di Bellunopress\",\"Prima Pagina\"],\"inLanguage\":\"fr-FR\"},{\"@type\":\"WebPage\",\"@id\":\"https:\\\/\\\/www.bellunopress.it\\\/2026\\\/04\\\/30\\\/dalle-vette-di-belluno-alla-voie-sacree-luigi-da-pont-maresciallo-della-legione-straniera-e-la-nobilta-del-servizio\\\/\",\"url\":\"https:\\\/\\\/www.bellunopress.it\\\/2026\\\/04\\\/30\\\/dalle-vette-di-belluno-alla-voie-sacree-luigi-da-pont-maresciallo-della-legione-straniera-e-la-nobilta-del-servizio\\\/\",\"name\":\"Dalle vette di Belluno alla \\\"Voie Sacr\u00e9e\\\": Luigi Da Pont, maresciallo della Legione Straniera, e la nobilt\u00e0 del servizio - Bellunopress - Dolomiti\",\"isPartOf\":{\"@id\":\"https:\\\/\\\/www.bellunopress.it\\\/#website\"},\"primaryImageOfPage\":{\"@id\":\"https:\\\/\\\/www.bellunopress.it\\\/2026\\\/04\\\/30\\\/dalle-vette-di-belluno-alla-voie-sacree-luigi-da-pont-maresciallo-della-legione-straniera-e-la-nobilta-del-servizio\\\/#primaryimage\"},\"image\":{\"@id\":\"https:\\\/\\\/www.bellunopress.it\\\/2026\\\/04\\\/30\\\/dalle-vette-di-belluno-alla-voie-sacree-luigi-da-pont-maresciallo-della-legione-straniera-e-la-nobilta-del-servizio\\\/#primaryimage\"},\"thumbnailUrl\":\"https:\\\/\\\/www.bellunopress.it\\\/wp-content\\\/uploads\\\/2026\\\/04\\\/Aubagne-Caserma-della-Legione-Staniera.jpg\",\"datePublished\":\"2026-04-30T08:00:32+00:00\",\"dateModified\":\"2026-04-30T09:36:26+00:00\",\"breadcrumb\":{\"@id\":\"https:\\\/\\\/www.bellunopress.it\\\/2026\\\/04\\\/30\\\/dalle-vette-di-belluno-alla-voie-sacree-luigi-da-pont-maresciallo-della-legione-straniera-e-la-nobilta-del-servizio\\\/#breadcrumb\"},\"inLanguage\":\"fr-FR\",\"potentialAction\":[{\"@type\":\"ReadAction\",\"target\":[\"https:\\\/\\\/www.bellunopress.it\\\/2026\\\/04\\\/30\\\/dalle-vette-di-belluno-alla-voie-sacree-luigi-da-pont-maresciallo-della-legione-straniera-e-la-nobilta-del-servizio\\\/\"]}]},{\"@type\":\"ImageObject\",\"inLanguage\":\"fr-FR\",\"@id\":\"https:\\\/\\\/www.bellunopress.it\\\/2026\\\/04\\\/30\\\/dalle-vette-di-belluno-alla-voie-sacree-luigi-da-pont-maresciallo-della-legione-straniera-e-la-nobilta-del-servizio\\\/#primaryimage\",\"url\":\"https:\\\/\\\/www.bellunopress.it\\\/wp-content\\\/uploads\\\/2026\\\/04\\\/Aubagne-Caserma-della-Legione-Staniera.jpg\",\"contentUrl\":\"https:\\\/\\\/www.bellunopress.it\\\/wp-content\\\/uploads\\\/2026\\\/04\\\/Aubagne-Caserma-della-Legione-Staniera.jpg\",\"width\":600,\"height\":409,\"caption\":\"Aubagne (Francia) Caserma della Legione Staniera\"},{\"@type\":\"BreadcrumbList\",\"@id\":\"https:\\\/\\\/www.bellunopress.it\\\/2026\\\/04\\\/30\\\/dalle-vette-di-belluno-alla-voie-sacree-luigi-da-pont-maresciallo-della-legione-straniera-e-la-nobilta-del-servizio\\\/#breadcrumb\",\"itemListElement\":[{\"@type\":\"ListItem\",\"position\":1,\"name\":\"Home\",\"item\":\"https:\\\/\\\/www.bellunopress.it\\\/\"},{\"@type\":\"ListItem\",\"position\":2,\"name\":\"Dalle vette di Belluno alla &#8220;Voie Sacr\u00e9e&#8221;: Luigi Da Pont, maresciallo della Legione Straniera, e la nobilt\u00e0 del servizio\"}]},{\"@type\":\"WebSite\",\"@id\":\"https:\\\/\\\/www.bellunopress.it\\\/#website\",\"url\":\"https:\\\/\\\/www.bellunopress.it\\\/\",\"name\":\"Bellunopress - Dolomiti\",\"description\":\"e-mail: redazione@bellunopress.it\",\"publisher\":{\"@id\":\"https:\\\/\\\/www.bellunopress.it\\\/#organization\"},\"potentialAction\":[{\"@type\":\"SearchAction\",\"target\":{\"@type\":\"EntryPoint\",\"urlTemplate\":\"https:\\\/\\\/www.bellunopress.it\\\/?s={search_term_string}\"},\"query-input\":{\"@type\":\"PropertyValueSpecification\",\"valueRequired\":true,\"valueName\":\"search_term_string\"}}],\"inLanguage\":\"fr-FR\"},{\"@type\":\"Organization\",\"@id\":\"https:\\\/\\\/www.bellunopress.it\\\/#organization\",\"name\":\"Bellunopress\",\"url\":\"https:\\\/\\\/www.bellunopress.it\\\/\",\"logo\":{\"@type\":\"ImageObject\",\"inLanguage\":\"fr-FR\",\"@id\":\"https:\\\/\\\/www.bellunopress.it\\\/#\\\/schema\\\/logo\\\/image\\\/\",\"url\":\"https:\\\/\\\/www.bellunopress.it\\\/wp-content\\\/uploads\\\/2011\\\/05\\\/cropped-logo-bellunopress-.jpg\",\"contentUrl\":\"https:\\\/\\\/www.bellunopress.it\\\/wp-content\\\/uploads\\\/2011\\\/05\\\/cropped-logo-bellunopress-.jpg\",\"width\":512,\"height\":512,\"caption\":\"Bellunopress\"},\"image\":{\"@id\":\"https:\\\/\\\/www.bellunopress.it\\\/#\\\/schema\\\/logo\\\/image\\\/\"},\"sameAs\":[\"https:\\\/\\\/www.facebook.com\\\/profile.php?id=100008943462799\",\"https:\\\/\\\/x.com\\\/bellunopress\",\"https:\\\/\\\/www.linkedin.com\\\/hp\\\/?dnr=JBzUWaJfMUw8vbXJJ2tVW5-I3jZKvC4wsoxE&amp;amp;amp;amp;amp;amp;trk=nav_responsive_tab_home\",\"https:\\\/\\\/www.youtube.com\\\/channel\\\/UCxL0wu1uN0_3_7hGG0306cw\"]},{\"@type\":\"Person\",\"@id\":\"https:\\\/\\\/www.bellunopress.it\\\/#\\\/schema\\\/person\\\/79bb06722b37ece1c03d3e94beb30d73\",\"name\":\"redazione\",\"image\":{\"@type\":\"ImageObject\",\"inLanguage\":\"fr-FR\",\"@id\":\"https:\\\/\\\/secure.gravatar.com\\\/avatar\\\/37d968a2e67a6fd04c169c4bdef102d0bc5d31b2546345219e348575eb80e9a0?s=96&d=mm&r=g\",\"url\":\"https:\\\/\\\/secure.gravatar.com\\\/avatar\\\/37d968a2e67a6fd04c169c4bdef102d0bc5d31b2546345219e348575eb80e9a0?s=96&d=mm&r=g\",\"contentUrl\":\"https:\\\/\\\/secure.gravatar.com\\\/avatar\\\/37d968a2e67a6fd04c169c4bdef102d0bc5d31b2546345219e348575eb80e9a0?s=96&d=mm&r=g\",\"caption\":\"redazione\"},\"sameAs\":[\"http:\\\/\\\/www.bellunopress.it\",\"https:\\\/\\\/x.com\\\/bellunopress\"],\"url\":\"https:\\\/\\\/www.bellunopress.it\\\/fr\\\/author\\\/redazione\\\/\"}]}<\/script>\n<!-- \/ Yoast SEO plugin. -->","yoast_head_json":{"title":"Dalle vette di Belluno alla \"Voie Sacr\u00e9e\": Luigi Da Pont, maresciallo della Legione Straniera, e la nobilt\u00e0 del servizio - Bellunopress - Dolomiti","robots":{"index":"index","follow":"follow","max-snippet":"max-snippet:-1","max-image-preview":"max-image-preview:large","max-video-preview":"max-video-preview:-1"},"canonical":"https:\/\/www.bellunopress.it\/fr\/2026\/04\/30\/dalle-vette-di-belluno-alla-voie-sacree-luigi-da-pont-maresciallo-della-legione-straniera-e-la-nobilta-del-servizio\/","og_locale":"fr_FR","og_type":"article","og_title":"Dalle vette di Belluno alla \"Voie Sacr\u00e9e\": Luigi Da Pont, maresciallo della Legione Straniera, e la nobilt\u00e0 del servizio - Bellunopress - Dolomiti","og_description":"Oggi, 30 aprile 2026, mentre il sole illumina la piazza d&#8217;armi di Aubagne, nel quartier generale della Legione Straniera, un pezzo di storia bellunese sfiler\u00e0 davanti agli occhi del Principe Alberto II di Monaco e dei vertici militari francesi. \u00c8 il Giorno di Camerone, la celebrazione pi\u00f9 sacra del Corpo, e quest&#8217;anno un protagonista assoluto [&hellip;]","og_url":"https:\/\/www.bellunopress.it\/fr\/2026\/04\/30\/dalle-vette-di-belluno-alla-voie-sacree-luigi-da-pont-maresciallo-della-legione-straniera-e-la-nobilta-del-servizio\/","og_site_name":"Bellunopress - Dolomiti","article_publisher":"https:\/\/www.facebook.com\/profile.php?id=100008943462799","article_published_time":"2026-04-30T08:00:32+00:00","article_modified_time":"2026-04-30T09:36:26+00:00","og_image":[{"width":600,"height":409,"url":"https:\/\/www.bellunopress.it\/wp-content\/uploads\/2026\/04\/Aubagne-Caserma-della-Legione-Staniera.jpg","type":"image\/jpeg"}],"author":"redazione","twitter_card":"summary_large_image","twitter_creator":"@bellunopress","twitter_site":"@bellunopress","twitter_misc":{"Written by":"redazione","Est. reading time":"4 minutes"},"schema":{"@context":"https:\/\/schema.org","@graph":[{"@type":"Article","@id":"https:\/\/www.bellunopress.it\/2026\/04\/30\/dalle-vette-di-belluno-alla-voie-sacree-luigi-da-pont-maresciallo-della-legione-straniera-e-la-nobilta-del-servizio\/#article","isPartOf":{"@id":"https:\/\/www.bellunopress.it\/2026\/04\/30\/dalle-vette-di-belluno-alla-voie-sacree-luigi-da-pont-maresciallo-della-legione-straniera-e-la-nobilta-del-servizio\/"},"author":{"name":"redazione","@id":"https:\/\/www.bellunopress.it\/#\/schema\/person\/79bb06722b37ece1c03d3e94beb30d73"},"headline":"Dalle vette di Belluno alla &#8220;Voie Sacr\u00e9e&#8221;: Luigi Da Pont, maresciallo della Legione Straniera, e la nobilt\u00e0 del servizio","datePublished":"2026-04-30T08:00:32+00:00","dateModified":"2026-04-30T09:36:26+00:00","mainEntityOfPage":{"@id":"https:\/\/www.bellunopress.it\/2026\/04\/30\/dalle-vette-di-belluno-alla-voie-sacree-luigi-da-pont-maresciallo-della-legione-straniera-e-la-nobilta-del-servizio\/"},"wordCount":622,"publisher":{"@id":"https:\/\/www.bellunopress.it\/#organization"},"image":{"@id":"https:\/\/www.bellunopress.it\/2026\/04\/30\/dalle-vette-di-belluno-alla-voie-sacree-luigi-da-pont-maresciallo-della-legione-straniera-e-la-nobilta-del-servizio\/#primaryimage"},"thumbnailUrl":"https:\/\/www.bellunopress.it\/wp-content\/uploads\/2026\/04\/Aubagne-Caserma-della-Legione-Staniera.jpg","articleSection":["Featured","Gli speciali di Bellunopress","Prima Pagina"],"inLanguage":"fr-FR"},{"@type":"WebPage","@id":"https:\/\/www.bellunopress.it\/2026\/04\/30\/dalle-vette-di-belluno-alla-voie-sacree-luigi-da-pont-maresciallo-della-legione-straniera-e-la-nobilta-del-servizio\/","url":"https:\/\/www.bellunopress.it\/2026\/04\/30\/dalle-vette-di-belluno-alla-voie-sacree-luigi-da-pont-maresciallo-della-legione-straniera-e-la-nobilta-del-servizio\/","name":"Dalle vette di Belluno alla \"Voie Sacr\u00e9e\": Luigi Da Pont, maresciallo della Legione Straniera, e la nobilt\u00e0 del servizio - Bellunopress - Dolomiti","isPartOf":{"@id":"https:\/\/www.bellunopress.it\/#website"},"primaryImageOfPage":{"@id":"https:\/\/www.bellunopress.it\/2026\/04\/30\/dalle-vette-di-belluno-alla-voie-sacree-luigi-da-pont-maresciallo-della-legione-straniera-e-la-nobilta-del-servizio\/#primaryimage"},"image":{"@id":"https:\/\/www.bellunopress.it\/2026\/04\/30\/dalle-vette-di-belluno-alla-voie-sacree-luigi-da-pont-maresciallo-della-legione-straniera-e-la-nobilta-del-servizio\/#primaryimage"},"thumbnailUrl":"https:\/\/www.bellunopress.it\/wp-content\/uploads\/2026\/04\/Aubagne-Caserma-della-Legione-Staniera.jpg","datePublished":"2026-04-30T08:00:32+00:00","dateModified":"2026-04-30T09:36:26+00:00","breadcrumb":{"@id":"https:\/\/www.bellunopress.it\/2026\/04\/30\/dalle-vette-di-belluno-alla-voie-sacree-luigi-da-pont-maresciallo-della-legione-straniera-e-la-nobilta-del-servizio\/#breadcrumb"},"inLanguage":"fr-FR","potentialAction":[{"@type":"ReadAction","target":["https:\/\/www.bellunopress.it\/2026\/04\/30\/dalle-vette-di-belluno-alla-voie-sacree-luigi-da-pont-maresciallo-della-legione-straniera-e-la-nobilta-del-servizio\/"]}]},{"@type":"ImageObject","inLanguage":"fr-FR","@id":"https:\/\/www.bellunopress.it\/2026\/04\/30\/dalle-vette-di-belluno-alla-voie-sacree-luigi-da-pont-maresciallo-della-legione-straniera-e-la-nobilta-del-servizio\/#primaryimage","url":"https:\/\/www.bellunopress.it\/wp-content\/uploads\/2026\/04\/Aubagne-Caserma-della-Legione-Staniera.jpg","contentUrl":"https:\/\/www.bellunopress.it\/wp-content\/uploads\/2026\/04\/Aubagne-Caserma-della-Legione-Staniera.jpg","width":600,"height":409,"caption":"Aubagne (Francia) Caserma della Legione Staniera"},{"@type":"BreadcrumbList","@id":"https:\/\/www.bellunopress.it\/2026\/04\/30\/dalle-vette-di-belluno-alla-voie-sacree-luigi-da-pont-maresciallo-della-legione-straniera-e-la-nobilta-del-servizio\/#breadcrumb","itemListElement":[{"@type":"ListItem","position":1,"name":"Home","item":"https:\/\/www.bellunopress.it\/"},{"@type":"ListItem","position":2,"name":"Dalle vette di Belluno alla &#8220;Voie Sacr\u00e9e&#8221;: Luigi Da Pont, maresciallo della Legione Straniera, e la nobilt\u00e0 del servizio"}]},{"@type":"WebSite","@id":"https:\/\/www.bellunopress.it\/#website","url":"https:\/\/www.bellunopress.it\/","name":"Bellunopress - Dolomiti","description":"e-mail: redazione@bellunopress.it","publisher":{"@id":"https:\/\/www.bellunopress.it\/#organization"},"potentialAction":[{"@type":"SearchAction","target":{"@type":"EntryPoint","urlTemplate":"https:\/\/www.bellunopress.it\/?s={search_term_string}"},"query-input":{"@type":"PropertyValueSpecification","valueRequired":true,"valueName":"search_term_string"}}],"inLanguage":"fr-FR"},{"@type":"Organization","@id":"https:\/\/www.bellunopress.it\/#organization","name":"Bellunopress","url":"https:\/\/www.bellunopress.it\/","logo":{"@type":"ImageObject","inLanguage":"fr-FR","@id":"https:\/\/www.bellunopress.it\/#\/schema\/logo\/image\/","url":"https:\/\/www.bellunopress.it\/wp-content\/uploads\/2011\/05\/cropped-logo-bellunopress-.jpg","contentUrl":"https:\/\/www.bellunopress.it\/wp-content\/uploads\/2011\/05\/cropped-logo-bellunopress-.jpg","width":512,"height":512,"caption":"Bellunopress"},"image":{"@id":"https:\/\/www.bellunopress.it\/#\/schema\/logo\/image\/"},"sameAs":["https:\/\/www.facebook.com\/profile.php?id=100008943462799","https:\/\/x.com\/bellunopress","https:\/\/www.linkedin.com\/hp\/?dnr=JBzUWaJfMUw8vbXJJ2tVW5-I3jZKvC4wsoxE&amp;amp;amp;amp;amp;amp;trk=nav_responsive_tab_home","https:\/\/www.youtube.com\/channel\/UCxL0wu1uN0_3_7hGG0306cw"]},{"@type":"Person","@id":"https:\/\/www.bellunopress.it\/#\/schema\/person\/79bb06722b37ece1c03d3e94beb30d73","name":"r\u00e9daction","image":{"@type":"ImageObject","inLanguage":"fr-FR","@id":"https:\/\/secure.gravatar.com\/avatar\/37d968a2e67a6fd04c169c4bdef102d0bc5d31b2546345219e348575eb80e9a0?s=96&d=mm&r=g","url":"https:\/\/secure.gravatar.com\/avatar\/37d968a2e67a6fd04c169c4bdef102d0bc5d31b2546345219e348575eb80e9a0?s=96&d=mm&r=g","contentUrl":"https:\/\/secure.gravatar.com\/avatar\/37d968a2e67a6fd04c169c4bdef102d0bc5d31b2546345219e348575eb80e9a0?s=96&d=mm&r=g","caption":"redazione"},"sameAs":["http:\/\/www.bellunopress.it","https:\/\/x.com\/bellunopress"],"url":"https:\/\/www.bellunopress.it\/fr\/author\/redazione\/"}]}},"_links":{"self":[{"href":"https:\/\/www.bellunopress.it\/fr\/wp-json\/wp\/v2\/posts\/169631","targetHints":{"allow":["GET"]}}],"collection":[{"href":"https:\/\/www.bellunopress.it\/fr\/wp-json\/wp\/v2\/posts"}],"about":[{"href":"https:\/\/www.bellunopress.it\/fr\/wp-json\/wp\/v2\/types\/post"}],"author":[{"embeddable":true,"href":"https:\/\/www.bellunopress.it\/fr\/wp-json\/wp\/v2\/users\/2"}],"replies":[{"embeddable":true,"href":"https:\/\/www.bellunopress.it\/fr\/wp-json\/wp\/v2\/comments?post=169631"}],"version-history":[{"count":3,"href":"https:\/\/www.bellunopress.it\/fr\/wp-json\/wp\/v2\/posts\/169631\/revisions"}],"predecessor-version":[{"id":169638,"href":"https:\/\/www.bellunopress.it\/fr\/wp-json\/wp\/v2\/posts\/169631\/revisions\/169638"}],"wp:featuredmedia":[{"embeddable":true,"href":"https:\/\/www.bellunopress.it\/fr\/wp-json\/wp\/v2\/media\/169633"}],"wp:attachment":[{"href":"https:\/\/www.bellunopress.it\/fr\/wp-json\/wp\/v2\/media?parent=169631"}],"wp:term":[{"taxonomy":"category","embeddable":true,"href":"https:\/\/www.bellunopress.it\/fr\/wp-json\/wp\/v2\/categories?post=169631"},{"taxonomy":"post_tag","embeddable":true,"href":"https:\/\/www.bellunopress.it\/fr\/wp-json\/wp\/v2\/tags?post=169631"}],"curies":[{"name":"wp","href":"https:\/\/api.w.org\/{rel}","templated":true}]}}