{"id":169627,"date":"2026-04-30T12:15:41","date_gmt":"2026-04-30T10:15:41","guid":{"rendered":"https:\/\/www.bellunopress.it\/?p=169627"},"modified":"2026-04-30T12:46:52","modified_gmt":"2026-04-30T10:46:52","slug":"lavori-e-attivita-delle-consulte-frazionali-a-borgo-valbelluna","status":"publish","type":"post","link":"https:\/\/www.bellunopress.it\/fr\/2026\/04\/30\/lavori-e-attivita-delle-consulte-frazionali-a-borgo-valbelluna\/","title":{"rendered":"Lavori e attivit\u00e0 delle Consulte Frazionali a Borgo Valbelluna"},"content":{"rendered":"<p>Borgo Valbelluna, 30 aprile 2026 &#8211; Prosegue con grande impegno e partecipazione l\u2019attivit\u00e0 delle Consulte Frazionali del Comune di Borgo Valbelluna, protagoniste di numerose iniziative dedicate alla manutenzione, alla pulizia, all\u2019abbellimento dei paesi e alla promozione della coesione sociale nelle diverse comunit\u00e0 locali.<\/p>\n<p>Sono stati ordinati proprio in questi giorni i fiori richiesti dalle Consulte all\u2019Amministrazione Comunale nell\u2019ambito del progetto \u201cMunicipal Flowers 2026\u201d. Complessivamente, il Comune di Borgo Valbelluna acquister\u00e0 dalla Cooperativa Arcobaleno 2.800 piante floreali richieste dalle frazioni, che saranno successivamente messe a dimora e curate dalle varie frazioni con l\u2019obiettivo di valorizzare e rendere ancora pi\u00f9 accogliente il territorio comunale.<br \/>\nIl progetto, attivo da diversi anni, registra di edizione in edizione un crescente entusiasmo e rappresenta un contributo concreto e significativo al decoro urbano dei paesi.<\/p>\n<p>Accanto a questa iniziativa, numerose Consulte sono impegnate anche in interventi di piccola manutenzione, realizzati in sinergia con il Comune che fornisce materiali e supporto operativo. Tra questi rientrano la sistemazione di panchine, staccionate e altri spazi pubblici. Si tratta di attivit\u00e0 di grande valore per la collettivit\u00e0, che consentono di rispondere in modo tempestivo a molte esigenze diffuse sul territorio.<br \/>\nImportante anche l\u2019impegno sul fronte ambientale, attraverso le giornate ecologiche comunali e le attivit\u00e0 di sfalcio e pulizia dei paesi. Anche in questi casi, le frazioni operano in stretto coordinamento con l\u2019Amministrazione, contribuendo in maniera concreta alla cura e al mantenimento del territorio.<\/p>\n<p>\u201cIl rapporto con le Consulte Frazionali \u00e8 costante e molto positivo \u2013 commenta il consigliere con delega ai rapporti con le frazioni, Daniel Dal Magro \u2013. Ringrazio tutti i presidenti delle 42 Consulte Frazionali di Borgo Valbelluna perch\u00e9, attraverso questi piccoli ma grandi gesti, testimoniano ogni giorno collaborazione, senso civico e volont\u00e0 di fare del bene per il nostro territorio e per la nostra comunit\u00e0\u201d.<\/p>\n<p>L\u2019Amministrazione Comunale rinnova il proprio ringraziamento a tutti i volontari e ai cittadini che, con dedizione e spirito di servizio, contribuiscono a rendere Borgo Valbelluna un Comune sempre pi\u00f9 curato, accogliente e partecipato.<\/p>\n<p>&nbsp;<\/p>","protected":false},"excerpt":{"rendered":"<p>Borgo Valbelluna, 30 aprile 2026 &#8211; Prosegue con grande impegno e partecipazione l\u2019attivit\u00e0 delle Consulte Frazionali del Comune di Borgo Valbelluna, protagoniste di numerose iniziative dedicate alla manutenzione, alla pulizia, all\u2019abbellimento dei paesi e alla promozione della coesione sociale nelle diverse comunit\u00e0 locali. Sono stati ordinati proprio in questi giorni i fiori richiesti dalle Consulte [&hellip;]<\/p>\n","protected":false},"author":2,"featured_media":160003,"comment_status":"closed","ping_status":"open","sticky":false,"template":"","format":"standard","meta":{"footnotes":""},"categories":[8],"tags":[],"class_list":["post-169627","post","type-post","status-publish","format-standard","has-post-thumbnail","category-societa-istituzioni"],"yoast_head":"<!-- This site is optimized with the Yoast SEO plugin v28.4 - https:\/\/yoast.com\/product\/yoast-seo-wordpress\/ -->\n<title>Lavori e attivit\u00e0 delle Consulte Frazionali a Borgo Valbelluna - Bellunopress - Dolomiti<\/title>\n<meta name=\"robots\" content=\"index, follow, max-snippet:-1, max-image-preview:large, max-video-preview:-1\" \/>\n<link rel=\"canonical\" href=\"https:\/\/www.bellunopress.it\/fr\/2026\/04\/30\/lavori-e-attivita-delle-consulte-frazionali-a-borgo-valbelluna\/\" \/>\n<meta property=\"og:locale\" content=\"fr_FR\" \/>\n<meta property=\"og:type\" content=\"article\" \/>\n<meta property=\"og:title\" content=\"Lavori e attivit\u00e0 delle Consulte Frazionali a Borgo Valbelluna - Bellunopress - Dolomiti\" \/>\n<meta property=\"og:description\" content=\"Borgo Valbelluna, 30 aprile 2026 &#8211; Prosegue con grande impegno e partecipazione l\u2019attivit\u00e0 delle Consulte Frazionali del Comune di Borgo Valbelluna, protagoniste di numerose iniziative dedicate alla manutenzione, alla pulizia, all\u2019abbellimento dei paesi e alla promozione della coesione sociale nelle diverse comunit\u00e0 locali. Sono stati ordinati proprio in questi giorni i fiori richiesti dalle Consulte [&hellip;]\" \/>\n<meta property=\"og:url\" content=\"https:\/\/www.bellunopress.it\/fr\/2026\/04\/30\/lavori-e-attivita-delle-consulte-frazionali-a-borgo-valbelluna\/\" \/>\n<meta property=\"og:site_name\" content=\"Bellunopress - Dolomiti\" \/>\n<meta property=\"article:publisher\" content=\"https:\/\/www.facebook.com\/profile.php?id=100008943462799\" \/>\n<meta property=\"article:published_time\" content=\"2026-04-30T10:15:41+00:00\" \/>\n<meta property=\"article:modified_time\" content=\"2026-04-30T10:46:52+00:00\" \/>\n<meta property=\"og:image\" content=\"https:\/\/www.bellunopress.it\/wp-content\/uploads\/2025\/05\/Daniel-Dal-Magro-consigliere-Borgo-Valbelluna.jpg\" \/>\n\t<meta property=\"og:image:width\" content=\"410\" \/>\n\t<meta property=\"og:image:height\" content=\"522\" \/>\n\t<meta property=\"og:image:type\" content=\"image\/jpeg\" \/>\n<meta name=\"author\" content=\"redazione\" \/>\n<meta name=\"twitter:card\" content=\"summary_large_image\" \/>\n<meta name=\"twitter:creator\" content=\"@bellunopress\" \/>\n<meta name=\"twitter:site\" content=\"@bellunopress\" \/>\n<meta name=\"twitter:label1\" content=\"Written by\" \/>\n\t<meta name=\"twitter:data1\" content=\"redazione\" \/>\n\t<meta name=\"twitter:label2\" content=\"Est. reading time\" \/>\n\t<meta name=\"twitter:data2\" content=\"2 minutes\" \/>\n<script type=\"application\/ld+json\" class=\"yoast-schema-graph\">{\"@context\":\"https:\\\/\\\/schema.org\",\"@graph\":[{\"@type\":\"Article\",\"@id\":\"https:\\\/\\\/www.bellunopress.it\\\/2026\\\/04\\\/30\\\/lavori-e-attivita-delle-consulte-frazionali-a-borgo-valbelluna\\\/#article\",\"isPartOf\":{\"@id\":\"https:\\\/\\\/www.bellunopress.it\\\/2026\\\/04\\\/30\\\/lavori-e-attivita-delle-consulte-frazionali-a-borgo-valbelluna\\\/\"},\"author\":{\"name\":\"redazione\",\"@id\":\"https:\\\/\\\/www.bellunopress.it\\\/#\\\/schema\\\/person\\\/79bb06722b37ece1c03d3e94beb30d73\"},\"headline\":\"Lavori e attivit\u00e0 delle Consulte Frazionali a Borgo Valbelluna\",\"datePublished\":\"2026-04-30T10:15:41+00:00\",\"dateModified\":\"2026-04-30T10:46:52+00:00\",\"mainEntityOfPage\":{\"@id\":\"https:\\\/\\\/www.bellunopress.it\\\/2026\\\/04\\\/30\\\/lavori-e-attivita-delle-consulte-frazionali-a-borgo-valbelluna\\\/\"},\"wordCount\":340,\"publisher\":{\"@id\":\"https:\\\/\\\/www.bellunopress.it\\\/#organization\"},\"image\":{\"@id\":\"https:\\\/\\\/www.bellunopress.it\\\/2026\\\/04\\\/30\\\/lavori-e-attivita-delle-consulte-frazionali-a-borgo-valbelluna\\\/#primaryimage\"},\"thumbnailUrl\":\"https:\\\/\\\/www.bellunopress.it\\\/wp-content\\\/uploads\\\/2025\\\/05\\\/Daniel-Dal-Magro-consigliere-Borgo-Valbelluna.jpg\",\"articleSection\":[\"Societ\u00e0, Associazioni, Istituzioni\"],\"inLanguage\":\"fr-FR\"},{\"@type\":\"WebPage\",\"@id\":\"https:\\\/\\\/www.bellunopress.it\\\/2026\\\/04\\\/30\\\/lavori-e-attivita-delle-consulte-frazionali-a-borgo-valbelluna\\\/\",\"url\":\"https:\\\/\\\/www.bellunopress.it\\\/2026\\\/04\\\/30\\\/lavori-e-attivita-delle-consulte-frazionali-a-borgo-valbelluna\\\/\",\"name\":\"Lavori e attivit\u00e0 delle Consulte Frazionali a Borgo Valbelluna - Bellunopress - Dolomiti\",\"isPartOf\":{\"@id\":\"https:\\\/\\\/www.bellunopress.it\\\/#website\"},\"primaryImageOfPage\":{\"@id\":\"https:\\\/\\\/www.bellunopress.it\\\/2026\\\/04\\\/30\\\/lavori-e-attivita-delle-consulte-frazionali-a-borgo-valbelluna\\\/#primaryimage\"},\"image\":{\"@id\":\"https:\\\/\\\/www.bellunopress.it\\\/2026\\\/04\\\/30\\\/lavori-e-attivita-delle-consulte-frazionali-a-borgo-valbelluna\\\/#primaryimage\"},\"thumbnailUrl\":\"https:\\\/\\\/www.bellunopress.it\\\/wp-content\\\/uploads\\\/2025\\\/05\\\/Daniel-Dal-Magro-consigliere-Borgo-Valbelluna.jpg\",\"datePublished\":\"2026-04-30T10:15:41+00:00\",\"dateModified\":\"2026-04-30T10:46:52+00:00\",\"breadcrumb\":{\"@id\":\"https:\\\/\\\/www.bellunopress.it\\\/2026\\\/04\\\/30\\\/lavori-e-attivita-delle-consulte-frazionali-a-borgo-valbelluna\\\/#breadcrumb\"},\"inLanguage\":\"fr-FR\",\"potentialAction\":[{\"@type\":\"ReadAction\",\"target\":[\"https:\\\/\\\/www.bellunopress.it\\\/2026\\\/04\\\/30\\\/lavori-e-attivita-delle-consulte-frazionali-a-borgo-valbelluna\\\/\"]}]},{\"@type\":\"ImageObject\",\"inLanguage\":\"fr-FR\",\"@id\":\"https:\\\/\\\/www.bellunopress.it\\\/2026\\\/04\\\/30\\\/lavori-e-attivita-delle-consulte-frazionali-a-borgo-valbelluna\\\/#primaryimage\",\"url\":\"https:\\\/\\\/www.bellunopress.it\\\/wp-content\\\/uploads\\\/2025\\\/05\\\/Daniel-Dal-Magro-consigliere-Borgo-Valbelluna.jpg\",\"contentUrl\":\"https:\\\/\\\/www.bellunopress.it\\\/wp-content\\\/uploads\\\/2025\\\/05\\\/Daniel-Dal-Magro-consigliere-Borgo-Valbelluna.jpg\",\"width\":410,\"height\":522,\"caption\":\"Daniel Dal Magro, consigliere comunale con delega ai rapporti con le frazioni di Borgo Valbelluna, con delega ai rapporti con le frazioni\"},{\"@type\":\"BreadcrumbList\",\"@id\":\"https:\\\/\\\/www.bellunopress.it\\\/2026\\\/04\\\/30\\\/lavori-e-attivita-delle-consulte-frazionali-a-borgo-valbelluna\\\/#breadcrumb\",\"itemListElement\":[{\"@type\":\"ListItem\",\"position\":1,\"name\":\"Home\",\"item\":\"https:\\\/\\\/www.bellunopress.it\\\/\"},{\"@type\":\"ListItem\",\"position\":2,\"name\":\"Lavori e attivit\u00e0 delle Consulte Frazionali a Borgo Valbelluna\"}]},{\"@type\":\"WebSite\",\"@id\":\"https:\\\/\\\/www.bellunopress.it\\\/#website\",\"url\":\"https:\\\/\\\/www.bellunopress.it\\\/\",\"name\":\"Bellunopress - Dolomiti\",\"description\":\"e-mail: redazione@bellunopress.it\",\"publisher\":{\"@id\":\"https:\\\/\\\/www.bellunopress.it\\\/#organization\"},\"potentialAction\":[{\"@type\":\"SearchAction\",\"target\":{\"@type\":\"EntryPoint\",\"urlTemplate\":\"https:\\\/\\\/www.bellunopress.it\\\/?s={search_term_string}\"},\"query-input\":{\"@type\":\"PropertyValueSpecification\",\"valueRequired\":true,\"valueName\":\"search_term_string\"}}],\"inLanguage\":\"fr-FR\"},{\"@type\":\"Organization\",\"@id\":\"https:\\\/\\\/www.bellunopress.it\\\/#organization\",\"name\":\"Bellunopress\",\"url\":\"https:\\\/\\\/www.bellunopress.it\\\/\",\"logo\":{\"@type\":\"ImageObject\",\"inLanguage\":\"fr-FR\",\"@id\":\"https:\\\/\\\/www.bellunopress.it\\\/#\\\/schema\\\/logo\\\/image\\\/\",\"url\":\"https:\\\/\\\/www.bellunopress.it\\\/wp-content\\\/uploads\\\/2011\\\/05\\\/cropped-logo-bellunopress-.jpg\",\"contentUrl\":\"https:\\\/\\\/www.bellunopress.it\\\/wp-content\\\/uploads\\\/2011\\\/05\\\/cropped-logo-bellunopress-.jpg\",\"width\":512,\"height\":512,\"caption\":\"Bellunopress\"},\"image\":{\"@id\":\"https:\\\/\\\/www.bellunopress.it\\\/#\\\/schema\\\/logo\\\/image\\\/\"},\"sameAs\":[\"https:\\\/\\\/www.facebook.com\\\/profile.php?id=100008943462799\",\"https:\\\/\\\/x.com\\\/bellunopress\",\"https:\\\/\\\/www.linkedin.com\\\/hp\\\/?dnr=JBzUWaJfMUw8vbXJJ2tVW5-I3jZKvC4wsoxE&amp;amp;amp;amp;amp;amp;trk=nav_responsive_tab_home\",\"https:\\\/\\\/www.youtube.com\\\/channel\\\/UCxL0wu1uN0_3_7hGG0306cw\"]},{\"@type\":\"Person\",\"@id\":\"https:\\\/\\\/www.bellunopress.it\\\/#\\\/schema\\\/person\\\/79bb06722b37ece1c03d3e94beb30d73\",\"name\":\"redazione\",\"image\":{\"@type\":\"ImageObject\",\"inLanguage\":\"fr-FR\",\"@id\":\"https:\\\/\\\/secure.gravatar.com\\\/avatar\\\/37d968a2e67a6fd04c169c4bdef102d0bc5d31b2546345219e348575eb80e9a0?s=96&d=mm&r=g\",\"url\":\"https:\\\/\\\/secure.gravatar.com\\\/avatar\\\/37d968a2e67a6fd04c169c4bdef102d0bc5d31b2546345219e348575eb80e9a0?s=96&d=mm&r=g\",\"contentUrl\":\"https:\\\/\\\/secure.gravatar.com\\\/avatar\\\/37d968a2e67a6fd04c169c4bdef102d0bc5d31b2546345219e348575eb80e9a0?s=96&d=mm&r=g\",\"caption\":\"redazione\"},\"sameAs\":[\"http:\\\/\\\/www.bellunopress.it\",\"https:\\\/\\\/x.com\\\/bellunopress\"],\"url\":\"https:\\\/\\\/www.bellunopress.it\\\/fr\\\/author\\\/redazione\\\/\"}]}<\/script>\n<!-- \/ Yoast SEO plugin. -->","yoast_head_json":{"title":"Lavori e attivit\u00e0 delle Consulte Frazionali a Borgo Valbelluna - Bellunopress - Dolomiti","robots":{"index":"index","follow":"follow","max-snippet":"max-snippet:-1","max-image-preview":"max-image-preview:large","max-video-preview":"max-video-preview:-1"},"canonical":"https:\/\/www.bellunopress.it\/fr\/2026\/04\/30\/lavori-e-attivita-delle-consulte-frazionali-a-borgo-valbelluna\/","og_locale":"fr_FR","og_type":"article","og_title":"Lavori e attivit\u00e0 delle Consulte Frazionali a Borgo Valbelluna - Bellunopress - Dolomiti","og_description":"Borgo Valbelluna, 30 aprile 2026 &#8211; Prosegue con grande impegno e partecipazione l\u2019attivit\u00e0 delle Consulte Frazionali del Comune di Borgo Valbelluna, protagoniste di numerose iniziative dedicate alla manutenzione, alla pulizia, all\u2019abbellimento dei paesi e alla promozione della coesione sociale nelle diverse comunit\u00e0 locali. Sono stati ordinati proprio in questi giorni i fiori richiesti dalle Consulte [&hellip;]","og_url":"https:\/\/www.bellunopress.it\/fr\/2026\/04\/30\/lavori-e-attivita-delle-consulte-frazionali-a-borgo-valbelluna\/","og_site_name":"Bellunopress - Dolomiti","article_publisher":"https:\/\/www.facebook.com\/profile.php?id=100008943462799","article_published_time":"2026-04-30T10:15:41+00:00","article_modified_time":"2026-04-30T10:46:52+00:00","og_image":[{"width":410,"height":522,"url":"https:\/\/www.bellunopress.it\/wp-content\/uploads\/2025\/05\/Daniel-Dal-Magro-consigliere-Borgo-Valbelluna.jpg","type":"image\/jpeg"}],"author":"redazione","twitter_card":"summary_large_image","twitter_creator":"@bellunopress","twitter_site":"@bellunopress","twitter_misc":{"Written by":"redazione","Est. reading time":"2 minutes"},"schema":{"@context":"https:\/\/schema.org","@graph":[{"@type":"Article","@id":"https:\/\/www.bellunopress.it\/2026\/04\/30\/lavori-e-attivita-delle-consulte-frazionali-a-borgo-valbelluna\/#article","isPartOf":{"@id":"https:\/\/www.bellunopress.it\/2026\/04\/30\/lavori-e-attivita-delle-consulte-frazionali-a-borgo-valbelluna\/"},"author":{"name":"redazione","@id":"https:\/\/www.bellunopress.it\/#\/schema\/person\/79bb06722b37ece1c03d3e94beb30d73"},"headline":"Lavori e attivit\u00e0 delle Consulte Frazionali a Borgo Valbelluna","datePublished":"2026-04-30T10:15:41+00:00","dateModified":"2026-04-30T10:46:52+00:00","mainEntityOfPage":{"@id":"https:\/\/www.bellunopress.it\/2026\/04\/30\/lavori-e-attivita-delle-consulte-frazionali-a-borgo-valbelluna\/"},"wordCount":340,"publisher":{"@id":"https:\/\/www.bellunopress.it\/#organization"},"image":{"@id":"https:\/\/www.bellunopress.it\/2026\/04\/30\/lavori-e-attivita-delle-consulte-frazionali-a-borgo-valbelluna\/#primaryimage"},"thumbnailUrl":"https:\/\/www.bellunopress.it\/wp-content\/uploads\/2025\/05\/Daniel-Dal-Magro-consigliere-Borgo-Valbelluna.jpg","articleSection":["Societ\u00e0, Associazioni, Istituzioni"],"inLanguage":"fr-FR"},{"@type":"WebPage","@id":"https:\/\/www.bellunopress.it\/2026\/04\/30\/lavori-e-attivita-delle-consulte-frazionali-a-borgo-valbelluna\/","url":"https:\/\/www.bellunopress.it\/2026\/04\/30\/lavori-e-attivita-delle-consulte-frazionali-a-borgo-valbelluna\/","name":"Lavori e attivit\u00e0 delle Consulte Frazionali a Borgo Valbelluna - Bellunopress - Dolomiti","isPartOf":{"@id":"https:\/\/www.bellunopress.it\/#website"},"primaryImageOfPage":{"@id":"https:\/\/www.bellunopress.it\/2026\/04\/30\/lavori-e-attivita-delle-consulte-frazionali-a-borgo-valbelluna\/#primaryimage"},"image":{"@id":"https:\/\/www.bellunopress.it\/2026\/04\/30\/lavori-e-attivita-delle-consulte-frazionali-a-borgo-valbelluna\/#primaryimage"},"thumbnailUrl":"https:\/\/www.bellunopress.it\/wp-content\/uploads\/2025\/05\/Daniel-Dal-Magro-consigliere-Borgo-Valbelluna.jpg","datePublished":"2026-04-30T10:15:41+00:00","dateModified":"2026-04-30T10:46:52+00:00","breadcrumb":{"@id":"https:\/\/www.bellunopress.it\/2026\/04\/30\/lavori-e-attivita-delle-consulte-frazionali-a-borgo-valbelluna\/#breadcrumb"},"inLanguage":"fr-FR","potentialAction":[{"@type":"ReadAction","target":["https:\/\/www.bellunopress.it\/2026\/04\/30\/lavori-e-attivita-delle-consulte-frazionali-a-borgo-valbelluna\/"]}]},{"@type":"ImageObject","inLanguage":"fr-FR","@id":"https:\/\/www.bellunopress.it\/2026\/04\/30\/lavori-e-attivita-delle-consulte-frazionali-a-borgo-valbelluna\/#primaryimage","url":"https:\/\/www.bellunopress.it\/wp-content\/uploads\/2025\/05\/Daniel-Dal-Magro-consigliere-Borgo-Valbelluna.jpg","contentUrl":"https:\/\/www.bellunopress.it\/wp-content\/uploads\/2025\/05\/Daniel-Dal-Magro-consigliere-Borgo-Valbelluna.jpg","width":410,"height":522,"caption":"Daniel Dal Magro, consigliere comunale con delega ai rapporti con le frazioni di Borgo Valbelluna, con delega ai rapporti con le frazioni"},{"@type":"BreadcrumbList","@id":"https:\/\/www.bellunopress.it\/2026\/04\/30\/lavori-e-attivita-delle-consulte-frazionali-a-borgo-valbelluna\/#breadcrumb","itemListElement":[{"@type":"ListItem","position":1,"name":"Home","item":"https:\/\/www.bellunopress.it\/"},{"@type":"ListItem","position":2,"name":"Lavori e attivit\u00e0 delle Consulte Frazionali a Borgo Valbelluna"}]},{"@type":"WebSite","@id":"https:\/\/www.bellunopress.it\/#website","url":"https:\/\/www.bellunopress.it\/","name":"Bellunopress - Dolomiti","description":"e-mail: redazione@bellunopress.it","publisher":{"@id":"https:\/\/www.bellunopress.it\/#organization"},"potentialAction":[{"@type":"SearchAction","target":{"@type":"EntryPoint","urlTemplate":"https:\/\/www.bellunopress.it\/?s={search_term_string}"},"query-input":{"@type":"PropertyValueSpecification","valueRequired":true,"valueName":"search_term_string"}}],"inLanguage":"fr-FR"},{"@type":"Organization","@id":"https:\/\/www.bellunopress.it\/#organization","name":"Bellunopress","url":"https:\/\/www.bellunopress.it\/","logo":{"@type":"ImageObject","inLanguage":"fr-FR","@id":"https:\/\/www.bellunopress.it\/#\/schema\/logo\/image\/","url":"https:\/\/www.bellunopress.it\/wp-content\/uploads\/2011\/05\/cropped-logo-bellunopress-.jpg","contentUrl":"https:\/\/www.bellunopress.it\/wp-content\/uploads\/2011\/05\/cropped-logo-bellunopress-.jpg","width":512,"height":512,"caption":"Bellunopress"},"image":{"@id":"https:\/\/www.bellunopress.it\/#\/schema\/logo\/image\/"},"sameAs":["https:\/\/www.facebook.com\/profile.php?id=100008943462799","https:\/\/x.com\/bellunopress","https:\/\/www.linkedin.com\/hp\/?dnr=JBzUWaJfMUw8vbXJJ2tVW5-I3jZKvC4wsoxE&amp;amp;amp;amp;amp;amp;trk=nav_responsive_tab_home","https:\/\/www.youtube.com\/channel\/UCxL0wu1uN0_3_7hGG0306cw"]},{"@type":"Person","@id":"https:\/\/www.bellunopress.it\/#\/schema\/person\/79bb06722b37ece1c03d3e94beb30d73","name":"r\u00e9daction","image":{"@type":"ImageObject","inLanguage":"fr-FR","@id":"https:\/\/secure.gravatar.com\/avatar\/37d968a2e67a6fd04c169c4bdef102d0bc5d31b2546345219e348575eb80e9a0?s=96&d=mm&r=g","url":"https:\/\/secure.gravatar.com\/avatar\/37d968a2e67a6fd04c169c4bdef102d0bc5d31b2546345219e348575eb80e9a0?s=96&d=mm&r=g","contentUrl":"https:\/\/secure.gravatar.com\/avatar\/37d968a2e67a6fd04c169c4bdef102d0bc5d31b2546345219e348575eb80e9a0?s=96&d=mm&r=g","caption":"redazione"},"sameAs":["http:\/\/www.bellunopress.it","https:\/\/x.com\/bellunopress"],"url":"https:\/\/www.bellunopress.it\/fr\/author\/redazione\/"}]}},"_links":{"self":[{"href":"https:\/\/www.bellunopress.it\/fr\/wp-json\/wp\/v2\/posts\/169627","targetHints":{"allow":["GET"]}}],"collection":[{"href":"https:\/\/www.bellunopress.it\/fr\/wp-json\/wp\/v2\/posts"}],"about":[{"href":"https:\/\/www.bellunopress.it\/fr\/wp-json\/wp\/v2\/types\/post"}],"author":[{"embeddable":true,"href":"https:\/\/www.bellunopress.it\/fr\/wp-json\/wp\/v2\/users\/2"}],"replies":[{"embeddable":true,"href":"https:\/\/www.bellunopress.it\/fr\/wp-json\/wp\/v2\/comments?post=169627"}],"version-history":[{"count":1,"href":"https:\/\/www.bellunopress.it\/fr\/wp-json\/wp\/v2\/posts\/169627\/revisions"}],"predecessor-version":[{"id":169628,"href":"https:\/\/www.bellunopress.it\/fr\/wp-json\/wp\/v2\/posts\/169627\/revisions\/169628"}],"wp:featuredmedia":[{"embeddable":true,"href":"https:\/\/www.bellunopress.it\/fr\/wp-json\/wp\/v2\/media\/160003"}],"wp:attachment":[{"href":"https:\/\/www.bellunopress.it\/fr\/wp-json\/wp\/v2\/media?parent=169627"}],"wp:term":[{"taxonomy":"category","embeddable":true,"href":"https:\/\/www.bellunopress.it\/fr\/wp-json\/wp\/v2\/categories?post=169627"},{"taxonomy":"post_tag","embeddable":true,"href":"https:\/\/www.bellunopress.it\/fr\/wp-json\/wp\/v2\/tags?post=169627"}],"curies":[{"name":"wp","href":"https:\/\/api.w.org\/{rel}","templated":true}]}}