{"id":169624,"date":"2026-04-30T00:28:54","date_gmt":"2026-04-29T22:28:54","guid":{"rendered":"https:\/\/www.bellunopress.it\/?p=169624"},"modified":"2026-04-30T00:28:54","modified_gmt":"2026-04-29T22:28:54","slug":"solenne-bocciatura-del-progetto-del-comune-di-riqualificazione-di-via-feltre-le-proposte-di-modifica","status":"publish","type":"post","link":"https:\/\/www.bellunopress.it\/fr\/2026\/04\/30\/solenne-bocciatura-del-progetto-del-comune-di-riqualificazione-di-via-feltre-le-proposte-di-modifica\/","title":{"rendered":"Solenne bocciatura del progetto del Comune di riqualificazione di via Feltre. Le proposte di modifica"},"content":{"rendered":"<p>Belluno, 29 aprile 2026 \u2013 Folto pubblico in Sala Bianchi di Belluno questa sera, per l\u2019incontro pubblico organizzato dalla Fiab (Federazione italiana amici della bicicletta) dal titolo \u201cDal piano urbano di mobilit\u00e0 sostenibile al progetto di via Feltre\u201d, relativo al <a href=\"https:\/\/www.comune.belluno.it\/home\/dettaglio\/news\/riqualificazione-di-via-feltre\">Piano di riqualificazione di via Feltre del Comune di Belluno<\/a><\/p>\n<p><strong>Pierluigi Trevisan<\/strong> (FIAB Federazione Italiana Amici della Bicicletta) di Belluno, ha introdotto la serata ricordando i vari passaggi che hanno caratterizzato la vicenda. Ecco i punti principali del suo intervento:<br \/>\nStoria del Progetto &#8220;Bcipolitana&#8221;: Nel 2020, FIAB Belluno ha presentato al Comune una petizione con 1.500 firme per la creazione di una &#8220;bicipolitana&#8221;, una rete ciclabile urbana strutturata su tre linee per collegare quartieri, centro, stazione, ospedale e scuole. La petizione \u00e8 stata accolta e approvata dal Consiglio Comunale nel settembre 2020, includendo gi\u00e0 la richiesta per una ciclabile in via Feltre.<br \/>\nImportanza Strategica di via Feltre: Trevisan sottolinea che via Feltre \u00e8 uno snodo fondamentale sia per la mobilit\u00e0 urbana (collegando la ciclabile di via Prade alla stazione ferroviaria, all&#8217;ospedale e ai quartieri circostanti) sia per il cicloturismo, facendo parte dell&#8217;anello della Val Belluna che unisce Belluno e Feltre.<br \/>\nSostegno ai Piani di Mobilit\u00e0 Sostenibile: FIAB esprime un giudizio molto positivo sui nuovi piani adottati dall&#8217;attuale amministrazione nel febbraio 2025 (PUMS e PGTU), che mirano a incentivare gli spostamenti a piedi e in bicicletta per ridurre il traffico e il decongestionamento urbano.<br \/>\nRichiesta di una Ciclabile Bidirezionale: L&#8217;associazione chiede che via Feltre sia dotata di una pista ciclabile bidirezionale situata accanto e non sopra il marciapiede, in linea con quanto previsto dai piani tecnici.<br \/>\nAccesso ai Progetti Comunali: Trevisan menziona che il Comune ha recentemente pubblicato sul proprio sito i dettagli e i render del progetto di via Feltre. Ma c&#8217;\u00e8 un avviso di tutela del diritto d&#8217;autore che proibirebbe &#8211; secondo la dubbia interpretazione dell\u2019amministrazione comunale, in aperto conflitto con il diritto all\u2019informazione e trasparenza, e libert\u00e0 di critica &#8211; l&#8217;uso del materiale in contesti di dibattito pubblico.<\/p>\n<p><strong>L&#8217;architetto Giulia De Negri,<\/strong> urbanista allo studio Gehl di Copenaghen (Danimarca), nel video riprodotto in sala, sottolinea come il ridisegno delle strade, prendendo spunto da esempi europei in Spagna e Francia, dimostri che il cambiamento \u00e8 possibile quando si sceglie di dare pi\u00f9 spazio alle persone. I punti chiave del suo intervento sono:<br \/>\nNuova visione dello spazio pubblico: la domanda fondamentale non deve essere come far scorrere meglio il traffico, ma che tipo di spazio pubblico si vuole creare.<br \/>\nEquilibrio tra gli utenti: l&#8217;obiettivo \u00e8 trasformare le strade da luoghi dominati dalle auto a spazi equilibrati per tutti gli utenti, favorendo la sosta e l&#8217;incontro invece della sola velocit\u00e0.<br \/>\nElementi progettuali concreti: una strada moderna deve includere marciapiedi continui e accessibili, spazi sicuri per le biciclette, alberature per migliorare il microclima e punti di sosta ben distribuiti.<br \/>\nSguardo al futuro e resilienza: la progettazione deve considerare il cambiamento climatico (utilizzando superfici drenanti invece dell&#8217;asfalto) e le esigenze di una popolazione che invecchia, necessitando di spazi confortevoli.<br \/>\nSemplicit\u00e0 e coerenza: le trasformazioni urbane di successo spesso non derivano da soluzioni spettacolari, ma da scelte coerenti, semplici e mantenute nel tempo.<\/p>\n<p><strong>Claudio Giacchetti,<\/strong> presidente della FIAB di Belluno, nel suo intervento esprime una posizione critica sul progetto di riqualificazione di via Feltre. Ecco i punti principali della sua analisi:<br \/>\nImportanza Strategica di via Feltre: la definisce un asse urbano fondamentale, lungo circa un chilometro, che ospita numerose attivit\u00e0 commerciali e servizi pubblici e privati.<br \/>\nProblematiche Attuali: evidenzia che la via soffre di traffico intenso, numerosi accessi carrabili, inquinamento atmosferico e acustico, e uno stato di trascuratezza dovuto alla scarsa manutenzione.<br \/>\nCritiche al Progetto Comunale:<br \/>\nEliminazione della Ciclabile Riservata: Giacchetti contesta la sostituzione della pista ciclabile esistente in sede riservata con una bidirezionale, ritenendola una soluzione non idonea a garantire sicurezza a ciclisti e pedoni.<br \/>\nMantenimento dei Parcheggi: critica la scelta di mantenere gli stalli di sosta nella parte sud, sostenendo che la loro eliminazione permetterebbe di raddoppiare la pista ciclabile e rendere il traffico pi\u00f9 fluido.<br \/>\nTaglio dei 147 tigli: esprime forte preoccupazione per il previsto abbattimento degli alberi che svolgono un ruolo fondamentale nella mitigazione del calore estivo e nell&#8217;assorbimento dell&#8217;inquinamento.<br \/>\nRotatoria di Piazzale Marconi: segnala che l&#8217;ampliamento previsto non include soluzioni dedicate alla ciclabilit\u00e0, nonostante sia uno snodo cruciale per i collegamenti verso la stazione e il centro.<br \/>\nMancato Coinvolgimento: lamenta che la FIAB, pur rappresentando centinaia di cittadini e migliaia di firmatari, non sia stata coinvolta nella fase di elaborazione del progetto, nonostante le dichiarazioni del sindaco sulla volont\u00e0 di ascoltare i cittadini.<\/p>\n<p><strong>Anacleto Boranga,<\/strong> noto esperto naturalista e divulgatore, si sofferma sul valore degli alberi per il benessere psicofisico e ambientale, criticando duramente le scelte dell&#8217;amministrazione riguardo a via Feltre. I punti salienti del suo discorso sono:<br \/>\nContrasto con le direttive europee: Boranga evidenzia un paradosso; mentre l&#8217;Unione Europea ha emanato una direttiva che prevede di piantare 3 miliardi di alberi entro il 2030, il Comune di Belluno procede in &#8220;controtendenza&#8221; prevedendo l&#8217;abbattimento delle 147 piante.<br \/>\nImportanza ambientale: ricorda che gli alberi, specialmente quelli adulti e maturi, sono fondamentali per l&#8217;assorbimento delle emissioni di carbonio e per la mitigazione del microclima urbano.<br \/>\nIl problema dei marciapiedi: Boranga affronta la questione dei marciapiedi, spesso usata come motivazione per gli abbattimenti (a causa delle radici che sollevano il manto), suggerendo implicitamente che esistano altre soluzioni progettuali prima di ricorrere al taglio.<br \/>\nValore degli alberi maturi: sottolinea come un albero adulto abbia benefici ambientali non paragonabili a quelli di una pianta giovane appena messa a dimora, contestando cos\u00ec l&#8217;idea che la semplice sostituzione compensi la perdita.<\/p>\n<p><strong>Stefano Spadaro<\/strong>, dottore in diritto dell\u2019economia, introduce una visione multidisciplinare sulla sostenibilit\u00e0 e la mobilit\u00e0 urbana:<br \/>\nSpadaro articola il concetto di sostenibilit\u00e0 su tre pilastri fondamentali: ambientale, sociale ed economico. Affinch\u00e9 un sistema funzioni, la sostenibilit\u00e0 deve essere a misura di persona, calata in situazioni concrete e rappresentare un vantaggio, non un costo, per la comunit\u00e0. Ecco i punti chiave del suo intervento:<br \/>\nResilienza alle crisi petrolifere: Spadaro critica l&#8217;approccio italiano di &#8220;sperare che la crisi non si ripresenti&#8221;, proponendo invece di agire su tre livelli: statale e regionale (riduzione bollette tramite rinnovabili e finanziamento al trasporto pubblico) e comunale.<br \/>\nAlternative all&#8217;auto: a livello comunale, sostiene che non si possa colpevolizzare il cittadino che usa l&#8217;auto se non gli vengono offerte alternative pratiche e funzionali, come una rete ciclabile e pedonale efficiente.<br \/>\nInvestimento economico: presenta un piano per la mobilit\u00e0 ciclabile dal costo stimato di 3,5 milioni di euro, basato su tabelle ministeriali.<br \/>\nBenefici per la salute: cita dati secondo cui 30 minuti di bicicletta al giorno (come il tragitto casa-lavoro) riducono il rischio di infarto del 50%.<\/p>\n<p><strong>Luca Frare,<\/strong> dottore in ingegneria civile, ha analizzato il progetto di riqualificazione di via Feltre a Belluno, mettendo a confronto le previsioni dei piani comunali con il progetto esecutivo presentato dall&#8217;amministrazione. Ecco i punti principali del suo intervento:<br \/>\nConformit\u00e0 ai Piani Comunali: Frare ricorda che il PUMS (Piano Urbano della Mobilit\u00e0 Sostenibile) e il PGTU (Piano Generale del Traffico Urbano) del Comune di Belluno prevedono per via Feltre un percorso ciclabile bidirezionale affiancato al marciapiede.<br \/>\nAspetti Positivi del Progetto: riconosce alcuni miglioramenti rispetto alla situazione attuale, tra cui la moderazione del traffico con il limite di 30 km\/h, la realizzazione di attraversamenti rialzati e il rifacimento delle superfici degradate.<br \/>\nCriticit\u00e0 del Progetto:<br \/>\nRiduzione del Verde: contesta la forte riduzione della copertura alberata. Al posto dei due filari attuali che garantiscono ombra, il progetto ne prevede sostanzialmente solo uno sul lato nord con alberi giovani, rendendo il marciapiede molto caldo in estate.<br \/>\nSicurezza e Convivenza: critica la scelta di una pista ciclabile non separata fisicamente dal marciapiede, definendola un &#8220;intralcio per le bici e un pericolo per i pedoni&#8221;.<br \/>\nProposte di Miglioramento:<br \/>\nPiazzale Marconi: propone una rotatoria con diametro ridotto (28 metri invece di 34) per ricavare un anello ciclabile tutto intorno, fondamentale per connettere via Feltre alla stazione e alla rete urbana.<br \/>\nRevisione degli Spazi: suggerisce di eliminare i parcheggi sul lato sud per raddoppiare la larghezza della pista ciclabile, permettendo cos\u00ec di mantenere entrambi i filari di alberi e garantire percorsi sicuri e ombreggiati.<br \/>\nRiqualificazione urbana e commercio: la ciclabilit\u00e0 non serve solo a muoversi, ma a ridisegnare lo spazio pubblico, favorire l&#8217;invecchiamento attivo e sostenere il commercio locale e il cicloturismo.<br \/>\nLibert\u00e0 di scelta: sottolinea che l&#8217;obiettivo non \u00e8 cancellare le auto, ma fornire ai cittadini una possibilit\u00e0 di scelta in pi\u00f9 per i propri spostamenti.<\/p>","protected":false},"excerpt":{"rendered":"<p>Belluno, 29 aprile 2026 \u2013 Folto pubblico in Sala Bianchi di Belluno questa sera, per l\u2019incontro pubblico organizzato dalla Fiab (Federazione italiana amici della bicicletta) dal titolo \u201cDal piano urbano di mobilit\u00e0 sostenibile al progetto di via Feltre\u201d, relativo al Piano di riqualificazione di via Feltre del Comune di Belluno Pierluigi Trevisan (FIAB Federazione Italiana [&hellip;]<\/p>\n","protected":false},"author":2,"featured_media":169625,"comment_status":"closed","ping_status":"open","sticky":false,"template":"","format":"standard","meta":{"footnotes":""},"categories":[5,3446,26],"tags":[],"class_list":["post-169624","post","type-post","status-publish","format-standard","has-post-thumbnail","category-cronaca","category-featured","category-prima-pagina"],"yoast_head":"<!-- This site is optimized with the Yoast SEO plugin v28.4 - https:\/\/yoast.com\/product\/yoast-seo-wordpress\/ -->\n<title>Solenne bocciatura del progetto del Comune di riqualificazione di via Feltre. Le proposte di modifica - Bellunopress - Dolomiti<\/title>\n<meta name=\"robots\" content=\"index, follow, max-snippet:-1, max-image-preview:large, max-video-preview:-1\" \/>\n<link rel=\"canonical\" href=\"https:\/\/www.bellunopress.it\/fr\/2026\/04\/30\/solenne-bocciatura-del-progetto-del-comune-di-riqualificazione-di-via-feltre-le-proposte-di-modifica\/\" \/>\n<meta property=\"og:locale\" content=\"fr_FR\" \/>\n<meta property=\"og:type\" content=\"article\" \/>\n<meta property=\"og:title\" content=\"Solenne bocciatura del progetto del Comune di riqualificazione di via Feltre. Le proposte di modifica - Bellunopress - Dolomiti\" \/>\n<meta property=\"og:description\" content=\"Belluno, 29 aprile 2026 \u2013 Folto pubblico in Sala Bianchi di Belluno questa sera, per l\u2019incontro pubblico organizzato dalla Fiab (Federazione italiana amici della bicicletta) dal titolo \u201cDal piano urbano di mobilit\u00e0 sostenibile al progetto di via Feltre\u201d, relativo al Piano di riqualificazione di via Feltre del Comune di Belluno Pierluigi Trevisan (FIAB Federazione Italiana [&hellip;]\" \/>\n<meta property=\"og:url\" content=\"https:\/\/www.bellunopress.it\/fr\/2026\/04\/30\/solenne-bocciatura-del-progetto-del-comune-di-riqualificazione-di-via-feltre-le-proposte-di-modifica\/\" \/>\n<meta property=\"og:site_name\" content=\"Bellunopress - Dolomiti\" \/>\n<meta property=\"article:publisher\" content=\"https:\/\/www.facebook.com\/profile.php?id=100008943462799\" \/>\n<meta property=\"article:published_time\" content=\"2026-04-29T22:28:54+00:00\" \/>\n<meta property=\"og:image\" content=\"https:\/\/www.bellunopress.it\/wp-content\/uploads\/2026\/04\/Sala-Bianchi-incontro-pubblico-su-progetto-via-Feltre.jpg\" \/>\n\t<meta property=\"og:image:width\" content=\"600\" \/>\n\t<meta property=\"og:image:height\" content=\"368\" \/>\n\t<meta property=\"og:image:type\" content=\"image\/jpeg\" \/>\n<meta name=\"author\" content=\"redazione\" \/>\n<meta name=\"twitter:card\" content=\"summary_large_image\" \/>\n<meta name=\"twitter:creator\" content=\"@bellunopress\" \/>\n<meta name=\"twitter:site\" content=\"@bellunopress\" \/>\n<meta name=\"twitter:label1\" content=\"Written by\" \/>\n\t<meta name=\"twitter:data1\" content=\"redazione\" \/>\n\t<meta name=\"twitter:label2\" content=\"Est. reading time\" \/>\n\t<meta name=\"twitter:data2\" content=\"7 minutes\" \/>\n<script type=\"application\/ld+json\" class=\"yoast-schema-graph\">{\"@context\":\"https:\\\/\\\/schema.org\",\"@graph\":[{\"@type\":\"Article\",\"@id\":\"https:\\\/\\\/www.bellunopress.it\\\/2026\\\/04\\\/30\\\/solenne-bocciatura-del-progetto-del-comune-di-riqualificazione-di-via-feltre-le-proposte-di-modifica\\\/#article\",\"isPartOf\":{\"@id\":\"https:\\\/\\\/www.bellunopress.it\\\/2026\\\/04\\\/30\\\/solenne-bocciatura-del-progetto-del-comune-di-riqualificazione-di-via-feltre-le-proposte-di-modifica\\\/\"},\"author\":{\"name\":\"redazione\",\"@id\":\"https:\\\/\\\/www.bellunopress.it\\\/#\\\/schema\\\/person\\\/79bb06722b37ece1c03d3e94beb30d73\"},\"headline\":\"Solenne bocciatura del progetto del Comune di riqualificazione di via Feltre. Le proposte di modifica\",\"datePublished\":\"2026-04-29T22:28:54+00:00\",\"mainEntityOfPage\":{\"@id\":\"https:\\\/\\\/www.bellunopress.it\\\/2026\\\/04\\\/30\\\/solenne-bocciatura-del-progetto-del-comune-di-riqualificazione-di-via-feltre-le-proposte-di-modifica\\\/\"},\"wordCount\":1423,\"publisher\":{\"@id\":\"https:\\\/\\\/www.bellunopress.it\\\/#organization\"},\"image\":{\"@id\":\"https:\\\/\\\/www.bellunopress.it\\\/2026\\\/04\\\/30\\\/solenne-bocciatura-del-progetto-del-comune-di-riqualificazione-di-via-feltre-le-proposte-di-modifica\\\/#primaryimage\"},\"thumbnailUrl\":\"https:\\\/\\\/www.bellunopress.it\\\/wp-content\\\/uploads\\\/2026\\\/04\\\/Sala-Bianchi-incontro-pubblico-su-progetto-via-Feltre.jpg\",\"articleSection\":[\"Cronaca\\\/Politica\",\"Featured\",\"Prima Pagina\"],\"inLanguage\":\"fr-FR\"},{\"@type\":\"WebPage\",\"@id\":\"https:\\\/\\\/www.bellunopress.it\\\/2026\\\/04\\\/30\\\/solenne-bocciatura-del-progetto-del-comune-di-riqualificazione-di-via-feltre-le-proposte-di-modifica\\\/\",\"url\":\"https:\\\/\\\/www.bellunopress.it\\\/2026\\\/04\\\/30\\\/solenne-bocciatura-del-progetto-del-comune-di-riqualificazione-di-via-feltre-le-proposte-di-modifica\\\/\",\"name\":\"Solenne bocciatura del progetto del Comune di riqualificazione di via Feltre. Le proposte di modifica - Bellunopress - Dolomiti\",\"isPartOf\":{\"@id\":\"https:\\\/\\\/www.bellunopress.it\\\/#website\"},\"primaryImageOfPage\":{\"@id\":\"https:\\\/\\\/www.bellunopress.it\\\/2026\\\/04\\\/30\\\/solenne-bocciatura-del-progetto-del-comune-di-riqualificazione-di-via-feltre-le-proposte-di-modifica\\\/#primaryimage\"},\"image\":{\"@id\":\"https:\\\/\\\/www.bellunopress.it\\\/2026\\\/04\\\/30\\\/solenne-bocciatura-del-progetto-del-comune-di-riqualificazione-di-via-feltre-le-proposte-di-modifica\\\/#primaryimage\"},\"thumbnailUrl\":\"https:\\\/\\\/www.bellunopress.it\\\/wp-content\\\/uploads\\\/2026\\\/04\\\/Sala-Bianchi-incontro-pubblico-su-progetto-via-Feltre.jpg\",\"datePublished\":\"2026-04-29T22:28:54+00:00\",\"breadcrumb\":{\"@id\":\"https:\\\/\\\/www.bellunopress.it\\\/2026\\\/04\\\/30\\\/solenne-bocciatura-del-progetto-del-comune-di-riqualificazione-di-via-feltre-le-proposte-di-modifica\\\/#breadcrumb\"},\"inLanguage\":\"fr-FR\",\"potentialAction\":[{\"@type\":\"ReadAction\",\"target\":[\"https:\\\/\\\/www.bellunopress.it\\\/2026\\\/04\\\/30\\\/solenne-bocciatura-del-progetto-del-comune-di-riqualificazione-di-via-feltre-le-proposte-di-modifica\\\/\"]}]},{\"@type\":\"ImageObject\",\"inLanguage\":\"fr-FR\",\"@id\":\"https:\\\/\\\/www.bellunopress.it\\\/2026\\\/04\\\/30\\\/solenne-bocciatura-del-progetto-del-comune-di-riqualificazione-di-via-feltre-le-proposte-di-modifica\\\/#primaryimage\",\"url\":\"https:\\\/\\\/www.bellunopress.it\\\/wp-content\\\/uploads\\\/2026\\\/04\\\/Sala-Bianchi-incontro-pubblico-su-progetto-via-Feltre.jpg\",\"contentUrl\":\"https:\\\/\\\/www.bellunopress.it\\\/wp-content\\\/uploads\\\/2026\\\/04\\\/Sala-Bianchi-incontro-pubblico-su-progetto-via-Feltre.jpg\",\"width\":600,\"height\":368,\"caption\":\"L'incontro pubblico organizzato dalla Fiab in Sala Bianchi a Belluno il 29\\\/04\\\/2026\"},{\"@type\":\"BreadcrumbList\",\"@id\":\"https:\\\/\\\/www.bellunopress.it\\\/2026\\\/04\\\/30\\\/solenne-bocciatura-del-progetto-del-comune-di-riqualificazione-di-via-feltre-le-proposte-di-modifica\\\/#breadcrumb\",\"itemListElement\":[{\"@type\":\"ListItem\",\"position\":1,\"name\":\"Home\",\"item\":\"https:\\\/\\\/www.bellunopress.it\\\/\"},{\"@type\":\"ListItem\",\"position\":2,\"name\":\"Solenne bocciatura del progetto del Comune di riqualificazione di via Feltre. Le proposte di modifica\"}]},{\"@type\":\"WebSite\",\"@id\":\"https:\\\/\\\/www.bellunopress.it\\\/#website\",\"url\":\"https:\\\/\\\/www.bellunopress.it\\\/\",\"name\":\"Bellunopress - Dolomiti\",\"description\":\"e-mail: redazione@bellunopress.it\",\"publisher\":{\"@id\":\"https:\\\/\\\/www.bellunopress.it\\\/#organization\"},\"potentialAction\":[{\"@type\":\"SearchAction\",\"target\":{\"@type\":\"EntryPoint\",\"urlTemplate\":\"https:\\\/\\\/www.bellunopress.it\\\/?s={search_term_string}\"},\"query-input\":{\"@type\":\"PropertyValueSpecification\",\"valueRequired\":true,\"valueName\":\"search_term_string\"}}],\"inLanguage\":\"fr-FR\"},{\"@type\":\"Organization\",\"@id\":\"https:\\\/\\\/www.bellunopress.it\\\/#organization\",\"name\":\"Bellunopress\",\"url\":\"https:\\\/\\\/www.bellunopress.it\\\/\",\"logo\":{\"@type\":\"ImageObject\",\"inLanguage\":\"fr-FR\",\"@id\":\"https:\\\/\\\/www.bellunopress.it\\\/#\\\/schema\\\/logo\\\/image\\\/\",\"url\":\"https:\\\/\\\/www.bellunopress.it\\\/wp-content\\\/uploads\\\/2011\\\/05\\\/cropped-logo-bellunopress-.jpg\",\"contentUrl\":\"https:\\\/\\\/www.bellunopress.it\\\/wp-content\\\/uploads\\\/2011\\\/05\\\/cropped-logo-bellunopress-.jpg\",\"width\":512,\"height\":512,\"caption\":\"Bellunopress\"},\"image\":{\"@id\":\"https:\\\/\\\/www.bellunopress.it\\\/#\\\/schema\\\/logo\\\/image\\\/\"},\"sameAs\":[\"https:\\\/\\\/www.facebook.com\\\/profile.php?id=100008943462799\",\"https:\\\/\\\/x.com\\\/bellunopress\",\"https:\\\/\\\/www.linkedin.com\\\/hp\\\/?dnr=JBzUWaJfMUw8vbXJJ2tVW5-I3jZKvC4wsoxE&amp;amp;amp;amp;amp;amp;trk=nav_responsive_tab_home\",\"https:\\\/\\\/www.youtube.com\\\/channel\\\/UCxL0wu1uN0_3_7hGG0306cw\"]},{\"@type\":\"Person\",\"@id\":\"https:\\\/\\\/www.bellunopress.it\\\/#\\\/schema\\\/person\\\/79bb06722b37ece1c03d3e94beb30d73\",\"name\":\"redazione\",\"image\":{\"@type\":\"ImageObject\",\"inLanguage\":\"fr-FR\",\"@id\":\"https:\\\/\\\/secure.gravatar.com\\\/avatar\\\/37d968a2e67a6fd04c169c4bdef102d0bc5d31b2546345219e348575eb80e9a0?s=96&d=mm&r=g\",\"url\":\"https:\\\/\\\/secure.gravatar.com\\\/avatar\\\/37d968a2e67a6fd04c169c4bdef102d0bc5d31b2546345219e348575eb80e9a0?s=96&d=mm&r=g\",\"contentUrl\":\"https:\\\/\\\/secure.gravatar.com\\\/avatar\\\/37d968a2e67a6fd04c169c4bdef102d0bc5d31b2546345219e348575eb80e9a0?s=96&d=mm&r=g\",\"caption\":\"redazione\"},\"sameAs\":[\"http:\\\/\\\/www.bellunopress.it\",\"https:\\\/\\\/x.com\\\/bellunopress\"],\"url\":\"https:\\\/\\\/www.bellunopress.it\\\/fr\\\/author\\\/redazione\\\/\"}]}<\/script>\n<!-- \/ Yoast SEO plugin. -->","yoast_head_json":{"title":"Solenne bocciatura del progetto del Comune di riqualificazione di via Feltre. Le proposte di modifica - Bellunopress - Dolomiti","robots":{"index":"index","follow":"follow","max-snippet":"max-snippet:-1","max-image-preview":"max-image-preview:large","max-video-preview":"max-video-preview:-1"},"canonical":"https:\/\/www.bellunopress.it\/fr\/2026\/04\/30\/solenne-bocciatura-del-progetto-del-comune-di-riqualificazione-di-via-feltre-le-proposte-di-modifica\/","og_locale":"fr_FR","og_type":"article","og_title":"Solenne bocciatura del progetto del Comune di riqualificazione di via Feltre. Le proposte di modifica - Bellunopress - Dolomiti","og_description":"Belluno, 29 aprile 2026 \u2013 Folto pubblico in Sala Bianchi di Belluno questa sera, per l\u2019incontro pubblico organizzato dalla Fiab (Federazione italiana amici della bicicletta) dal titolo \u201cDal piano urbano di mobilit\u00e0 sostenibile al progetto di via Feltre\u201d, relativo al Piano di riqualificazione di via Feltre del Comune di Belluno Pierluigi Trevisan (FIAB Federazione Italiana [&hellip;]","og_url":"https:\/\/www.bellunopress.it\/fr\/2026\/04\/30\/solenne-bocciatura-del-progetto-del-comune-di-riqualificazione-di-via-feltre-le-proposte-di-modifica\/","og_site_name":"Bellunopress - Dolomiti","article_publisher":"https:\/\/www.facebook.com\/profile.php?id=100008943462799","article_published_time":"2026-04-29T22:28:54+00:00","og_image":[{"width":600,"height":368,"url":"https:\/\/www.bellunopress.it\/wp-content\/uploads\/2026\/04\/Sala-Bianchi-incontro-pubblico-su-progetto-via-Feltre.jpg","type":"image\/jpeg"}],"author":"redazione","twitter_card":"summary_large_image","twitter_creator":"@bellunopress","twitter_site":"@bellunopress","twitter_misc":{"Written by":"redazione","Est. reading time":"7 minutes"},"schema":{"@context":"https:\/\/schema.org","@graph":[{"@type":"Article","@id":"https:\/\/www.bellunopress.it\/2026\/04\/30\/solenne-bocciatura-del-progetto-del-comune-di-riqualificazione-di-via-feltre-le-proposte-di-modifica\/#article","isPartOf":{"@id":"https:\/\/www.bellunopress.it\/2026\/04\/30\/solenne-bocciatura-del-progetto-del-comune-di-riqualificazione-di-via-feltre-le-proposte-di-modifica\/"},"author":{"name":"redazione","@id":"https:\/\/www.bellunopress.it\/#\/schema\/person\/79bb06722b37ece1c03d3e94beb30d73"},"headline":"Solenne bocciatura del progetto del Comune di riqualificazione di via Feltre. Le proposte di modifica","datePublished":"2026-04-29T22:28:54+00:00","mainEntityOfPage":{"@id":"https:\/\/www.bellunopress.it\/2026\/04\/30\/solenne-bocciatura-del-progetto-del-comune-di-riqualificazione-di-via-feltre-le-proposte-di-modifica\/"},"wordCount":1423,"publisher":{"@id":"https:\/\/www.bellunopress.it\/#organization"},"image":{"@id":"https:\/\/www.bellunopress.it\/2026\/04\/30\/solenne-bocciatura-del-progetto-del-comune-di-riqualificazione-di-via-feltre-le-proposte-di-modifica\/#primaryimage"},"thumbnailUrl":"https:\/\/www.bellunopress.it\/wp-content\/uploads\/2026\/04\/Sala-Bianchi-incontro-pubblico-su-progetto-via-Feltre.jpg","articleSection":["Cronaca\/Politica","Featured","Prima Pagina"],"inLanguage":"fr-FR"},{"@type":"WebPage","@id":"https:\/\/www.bellunopress.it\/2026\/04\/30\/solenne-bocciatura-del-progetto-del-comune-di-riqualificazione-di-via-feltre-le-proposte-di-modifica\/","url":"https:\/\/www.bellunopress.it\/2026\/04\/30\/solenne-bocciatura-del-progetto-del-comune-di-riqualificazione-di-via-feltre-le-proposte-di-modifica\/","name":"Solenne bocciatura del progetto del Comune di riqualificazione di via Feltre. Le proposte di modifica - Bellunopress - Dolomiti","isPartOf":{"@id":"https:\/\/www.bellunopress.it\/#website"},"primaryImageOfPage":{"@id":"https:\/\/www.bellunopress.it\/2026\/04\/30\/solenne-bocciatura-del-progetto-del-comune-di-riqualificazione-di-via-feltre-le-proposte-di-modifica\/#primaryimage"},"image":{"@id":"https:\/\/www.bellunopress.it\/2026\/04\/30\/solenne-bocciatura-del-progetto-del-comune-di-riqualificazione-di-via-feltre-le-proposte-di-modifica\/#primaryimage"},"thumbnailUrl":"https:\/\/www.bellunopress.it\/wp-content\/uploads\/2026\/04\/Sala-Bianchi-incontro-pubblico-su-progetto-via-Feltre.jpg","datePublished":"2026-04-29T22:28:54+00:00","breadcrumb":{"@id":"https:\/\/www.bellunopress.it\/2026\/04\/30\/solenne-bocciatura-del-progetto-del-comune-di-riqualificazione-di-via-feltre-le-proposte-di-modifica\/#breadcrumb"},"inLanguage":"fr-FR","potentialAction":[{"@type":"ReadAction","target":["https:\/\/www.bellunopress.it\/2026\/04\/30\/solenne-bocciatura-del-progetto-del-comune-di-riqualificazione-di-via-feltre-le-proposte-di-modifica\/"]}]},{"@type":"ImageObject","inLanguage":"fr-FR","@id":"https:\/\/www.bellunopress.it\/2026\/04\/30\/solenne-bocciatura-del-progetto-del-comune-di-riqualificazione-di-via-feltre-le-proposte-di-modifica\/#primaryimage","url":"https:\/\/www.bellunopress.it\/wp-content\/uploads\/2026\/04\/Sala-Bianchi-incontro-pubblico-su-progetto-via-Feltre.jpg","contentUrl":"https:\/\/www.bellunopress.it\/wp-content\/uploads\/2026\/04\/Sala-Bianchi-incontro-pubblico-su-progetto-via-Feltre.jpg","width":600,"height":368,"caption":"L'incontro pubblico organizzato dalla Fiab in Sala Bianchi a Belluno il 29\/04\/2026"},{"@type":"BreadcrumbList","@id":"https:\/\/www.bellunopress.it\/2026\/04\/30\/solenne-bocciatura-del-progetto-del-comune-di-riqualificazione-di-via-feltre-le-proposte-di-modifica\/#breadcrumb","itemListElement":[{"@type":"ListItem","position":1,"name":"Home","item":"https:\/\/www.bellunopress.it\/"},{"@type":"ListItem","position":2,"name":"Solenne bocciatura del progetto del Comune di riqualificazione di via Feltre. Le proposte di modifica"}]},{"@type":"WebSite","@id":"https:\/\/www.bellunopress.it\/#website","url":"https:\/\/www.bellunopress.it\/","name":"Bellunopress - Dolomiti","description":"e-mail: redazione@bellunopress.it","publisher":{"@id":"https:\/\/www.bellunopress.it\/#organization"},"potentialAction":[{"@type":"SearchAction","target":{"@type":"EntryPoint","urlTemplate":"https:\/\/www.bellunopress.it\/?s={search_term_string}"},"query-input":{"@type":"PropertyValueSpecification","valueRequired":true,"valueName":"search_term_string"}}],"inLanguage":"fr-FR"},{"@type":"Organization","@id":"https:\/\/www.bellunopress.it\/#organization","name":"Bellunopress","url":"https:\/\/www.bellunopress.it\/","logo":{"@type":"ImageObject","inLanguage":"fr-FR","@id":"https:\/\/www.bellunopress.it\/#\/schema\/logo\/image\/","url":"https:\/\/www.bellunopress.it\/wp-content\/uploads\/2011\/05\/cropped-logo-bellunopress-.jpg","contentUrl":"https:\/\/www.bellunopress.it\/wp-content\/uploads\/2011\/05\/cropped-logo-bellunopress-.jpg","width":512,"height":512,"caption":"Bellunopress"},"image":{"@id":"https:\/\/www.bellunopress.it\/#\/schema\/logo\/image\/"},"sameAs":["https:\/\/www.facebook.com\/profile.php?id=100008943462799","https:\/\/x.com\/bellunopress","https:\/\/www.linkedin.com\/hp\/?dnr=JBzUWaJfMUw8vbXJJ2tVW5-I3jZKvC4wsoxE&amp;amp;amp;amp;amp;amp;trk=nav_responsive_tab_home","https:\/\/www.youtube.com\/channel\/UCxL0wu1uN0_3_7hGG0306cw"]},{"@type":"Person","@id":"https:\/\/www.bellunopress.it\/#\/schema\/person\/79bb06722b37ece1c03d3e94beb30d73","name":"r\u00e9daction","image":{"@type":"ImageObject","inLanguage":"fr-FR","@id":"https:\/\/secure.gravatar.com\/avatar\/37d968a2e67a6fd04c169c4bdef102d0bc5d31b2546345219e348575eb80e9a0?s=96&d=mm&r=g","url":"https:\/\/secure.gravatar.com\/avatar\/37d968a2e67a6fd04c169c4bdef102d0bc5d31b2546345219e348575eb80e9a0?s=96&d=mm&r=g","contentUrl":"https:\/\/secure.gravatar.com\/avatar\/37d968a2e67a6fd04c169c4bdef102d0bc5d31b2546345219e348575eb80e9a0?s=96&d=mm&r=g","caption":"redazione"},"sameAs":["http:\/\/www.bellunopress.it","https:\/\/x.com\/bellunopress"],"url":"https:\/\/www.bellunopress.it\/fr\/author\/redazione\/"}]}},"_links":{"self":[{"href":"https:\/\/www.bellunopress.it\/fr\/wp-json\/wp\/v2\/posts\/169624","targetHints":{"allow":["GET"]}}],"collection":[{"href":"https:\/\/www.bellunopress.it\/fr\/wp-json\/wp\/v2\/posts"}],"about":[{"href":"https:\/\/www.bellunopress.it\/fr\/wp-json\/wp\/v2\/types\/post"}],"author":[{"embeddable":true,"href":"https:\/\/www.bellunopress.it\/fr\/wp-json\/wp\/v2\/users\/2"}],"replies":[{"embeddable":true,"href":"https:\/\/www.bellunopress.it\/fr\/wp-json\/wp\/v2\/comments?post=169624"}],"version-history":[{"count":1,"href":"https:\/\/www.bellunopress.it\/fr\/wp-json\/wp\/v2\/posts\/169624\/revisions"}],"predecessor-version":[{"id":169626,"href":"https:\/\/www.bellunopress.it\/fr\/wp-json\/wp\/v2\/posts\/169624\/revisions\/169626"}],"wp:featuredmedia":[{"embeddable":true,"href":"https:\/\/www.bellunopress.it\/fr\/wp-json\/wp\/v2\/media\/169625"}],"wp:attachment":[{"href":"https:\/\/www.bellunopress.it\/fr\/wp-json\/wp\/v2\/media?parent=169624"}],"wp:term":[{"taxonomy":"category","embeddable":true,"href":"https:\/\/www.bellunopress.it\/fr\/wp-json\/wp\/v2\/categories?post=169624"},{"taxonomy":"post_tag","embeddable":true,"href":"https:\/\/www.bellunopress.it\/fr\/wp-json\/wp\/v2\/tags?post=169624"}],"curies":[{"name":"wp","href":"https:\/\/api.w.org\/{rel}","templated":true}]}}