{"id":169597,"date":"2026-05-01T11:28:11","date_gmt":"2026-05-01T09:28:11","guid":{"rendered":"https:\/\/www.bellunopress.it\/?p=169597"},"modified":"2026-05-12T08:14:12","modified_gmt":"2026-05-12T06:14:12","slug":"un-viaggio-musicale-a-mel-con-i-giovani-archi-bellunesi","status":"publish","type":"post","link":"https:\/\/www.bellunopress.it\/fr\/2026\/05\/01\/un-viaggio-musicale-a-mel-con-i-giovani-archi-bellunesi\/","title":{"rendered":"Un viaggio musicale a Mel con i Giovani Archi Bellunesi"},"content":{"rendered":"<p data-path-to-node=\"3\">Borgo Valbelluna si prepara a vivere una serata all&#8217;insegna della grande musica classica. Venerd\u00ec 8 maggio 2026, alle ore 18:30, l\u2019Auditorium di Mel aprir\u00e0 le sue porte per un appuntamento imperdibile che vedr\u00e0 protagonisti il talento e la passione delle nuove generazioni di musicisti locali.<\/p>\n<p data-path-to-node=\"5\">Il cuore della serata sar\u00e0 dedicato a uno dei capolavori del classicismo viennese: il Concerto per pianoforte e orchestra n. 12 in La magg. KV 414 di Wolfgang Amadeus Mozart. A rendere speciale l&#8217;esecuzione sar\u00e0 l&#8217;alternanza dei solisti al pianoforte: Davide Brancaleone, Angela Pastore e Luca Renon, giovani promesse che dialogheranno con la compagine orchestrale.<\/p>\n<p data-path-to-node=\"6\">Ma l&#8217;offerta musicale non si ferma qui. L\u2019Orchestra Miari spazier\u00e0 attraverso secoli di storia della musica, proponendo brani di giganti del repertorio come:<\/p>\n<ul data-path-to-node=\"7\">\n<li>\n<p data-path-to-node=\"7,0,0\">Ludwig van Beethoven<\/p>\n<\/li>\n<li>\n<p data-path-to-node=\"7,1,0\">Eduard Grieg<\/p>\n<\/li>\n<li>\n<p data-path-to-node=\"7,2,0\">Ottorino Respighi<\/p>\n<\/li>\n<\/ul>\n<p data-path-to-node=\"9\">L&#8217;evento rappresenta una vetrina d\u2019eccezione per l\u2019Orchestra Miari e i Giovani Archi Bellunesi, realt\u00e0 che testimoniano la vivacit\u00e0 educativa e artistica della nostra provincia. Il concerto \u00e8 realizzato in collaborazione con prestigiose istituzioni, tra cui la Scuola di Musica &#8220;Antonio Miari&#8221; di Belluno e il Conservatorio di Musica &#8220;Agostino Steffani&#8221;, con il supporto dell\u2019Associazione Culturale &#8220;Arte Nuova&#8221; e l&#8217;Associazione &#8220;Feltre Musica&#8221;.<\/p>\n<p data-path-to-node=\"11\">L&#8217;iniziativa, patrocinata dal Comune di Borgo Valbelluna, si presenta come &#8220;un viaggio musicale tra talento e passione&#8221;, un&#8217;occasione per la cittadinanza di riappropriarsi degli spazi storici dell&#8217;Auditorium attraverso l&#8217;arte.<\/p>","protected":false},"excerpt":{"rendered":"<p>Borgo Valbelluna si prepara a vivere una serata all&#8217;insegna della grande musica classica. Venerd\u00ec 8 maggio 2026, alle ore 18:30, l\u2019Auditorium di Mel aprir\u00e0 le sue porte per un appuntamento imperdibile che vedr\u00e0 protagonisti il talento e la passione delle nuove generazioni di musicisti locali. Il cuore della serata sar\u00e0 dedicato a uno dei capolavori [&hellip;]<\/p>\n","protected":false},"author":2,"featured_media":168879,"comment_status":"closed","ping_status":"open","sticky":false,"template":"","format":"standard","meta":{"footnotes":""},"categories":[27,3,25],"tags":[],"class_list":["post-169597","post","type-post","status-publish","format-standard","has-post-thumbnail","category-appuntamenti","category-arte-cultura-spettacoli-scienza-archivi","category-pausa-caffe"],"yoast_head":"<!-- This site is optimized with the Yoast SEO plugin v28.4 - https:\/\/yoast.com\/product\/yoast-seo-wordpress\/ -->\n<title>Un viaggio musicale a Mel con i Giovani Archi Bellunesi - Bellunopress - Dolomiti<\/title>\n<meta name=\"robots\" content=\"index, follow, max-snippet:-1, max-image-preview:large, max-video-preview:-1\" \/>\n<link rel=\"canonical\" href=\"https:\/\/www.bellunopress.it\/fr\/2026\/05\/01\/un-viaggio-musicale-a-mel-con-i-giovani-archi-bellunesi\/\" \/>\n<meta property=\"og:locale\" content=\"fr_FR\" \/>\n<meta property=\"og:type\" content=\"article\" \/>\n<meta property=\"og:title\" content=\"Un viaggio musicale a Mel con i Giovani Archi Bellunesi - Bellunopress - Dolomiti\" \/>\n<meta property=\"og:description\" content=\"Borgo Valbelluna si prepara a vivere una serata all&#8217;insegna della grande musica classica. Venerd\u00ec 8 maggio 2026, alle ore 18:30, l\u2019Auditorium di Mel aprir\u00e0 le sue porte per un appuntamento imperdibile che vedr\u00e0 protagonisti il talento e la passione delle nuove generazioni di musicisti locali. Il cuore della serata sar\u00e0 dedicato a uno dei capolavori [&hellip;]\" \/>\n<meta property=\"og:url\" content=\"https:\/\/www.bellunopress.it\/fr\/2026\/05\/01\/un-viaggio-musicale-a-mel-con-i-giovani-archi-bellunesi\/\" \/>\n<meta property=\"og:site_name\" content=\"Bellunopress - Dolomiti\" \/>\n<meta property=\"article:publisher\" content=\"https:\/\/www.facebook.com\/profile.php?id=100008943462799\" \/>\n<meta property=\"article:published_time\" content=\"2026-05-01T09:28:11+00:00\" \/>\n<meta property=\"article:modified_time\" content=\"2026-05-12T06:14:12+00:00\" \/>\n<meta property=\"og:image\" content=\"https:\/\/www.bellunopress.it\/wp-content\/uploads\/2026\/04\/Auditorium-di-San-Pietro-ex-chiesa-a-Mel.jpg\" \/>\n\t<meta property=\"og:image:width\" content=\"600\" \/>\n\t<meta property=\"og:image:height\" content=\"506\" \/>\n\t<meta property=\"og:image:type\" content=\"image\/jpeg\" \/>\n<meta name=\"author\" content=\"redazione\" \/>\n<meta name=\"twitter:card\" content=\"summary_large_image\" \/>\n<meta name=\"twitter:creator\" content=\"@bellunopress\" \/>\n<meta name=\"twitter:site\" content=\"@bellunopress\" \/>\n<meta name=\"twitter:label1\" content=\"\u00c9crit par\" \/>\n\t<meta name=\"twitter:data1\" content=\"redazione\" \/>\n\t<meta name=\"twitter:label2\" content=\"Dur\u00e9e de lecture estim\u00e9e\" \/>\n\t<meta name=\"twitter:data2\" content=\"2 minutes\" \/>\n<script type=\"application\/ld+json\" class=\"yoast-schema-graph\">{\"@context\":\"https:\\\/\\\/schema.org\",\"@graph\":[{\"@type\":\"Article\",\"@id\":\"https:\\\/\\\/www.bellunopress.it\\\/2026\\\/05\\\/01\\\/un-viaggio-musicale-a-mel-con-i-giovani-archi-bellunesi\\\/#article\",\"isPartOf\":{\"@id\":\"https:\\\/\\\/www.bellunopress.it\\\/2026\\\/05\\\/01\\\/un-viaggio-musicale-a-mel-con-i-giovani-archi-bellunesi\\\/\"},\"author\":{\"name\":\"redazione\",\"@id\":\"https:\\\/\\\/www.bellunopress.it\\\/#\\\/schema\\\/person\\\/79bb06722b37ece1c03d3e94beb30d73\"},\"headline\":\"Un viaggio musicale a Mel con i Giovani Archi Bellunesi\",\"datePublished\":\"2026-05-01T09:28:11+00:00\",\"dateModified\":\"2026-05-12T06:14:12+00:00\",\"mainEntityOfPage\":{\"@id\":\"https:\\\/\\\/www.bellunopress.it\\\/2026\\\/05\\\/01\\\/un-viaggio-musicale-a-mel-con-i-giovani-archi-bellunesi\\\/\"},\"wordCount\":239,\"publisher\":{\"@id\":\"https:\\\/\\\/www.bellunopress.it\\\/#organization\"},\"image\":{\"@id\":\"https:\\\/\\\/www.bellunopress.it\\\/2026\\\/05\\\/01\\\/un-viaggio-musicale-a-mel-con-i-giovani-archi-bellunesi\\\/#primaryimage\"},\"thumbnailUrl\":\"https:\\\/\\\/www.bellunopress.it\\\/wp-content\\\/uploads\\\/2026\\\/04\\\/Auditorium-di-San-Pietro-ex-chiesa-a-Mel.jpg\",\"articleSection\":[\"Appuntamenti, Eventi\",\"Arte, Cultura, Spettacoli, Scienza\",\"Pausa Caff\u00e8\"],\"inLanguage\":\"fr-FR\"},{\"@type\":\"WebPage\",\"@id\":\"https:\\\/\\\/www.bellunopress.it\\\/2026\\\/05\\\/01\\\/un-viaggio-musicale-a-mel-con-i-giovani-archi-bellunesi\\\/\",\"url\":\"https:\\\/\\\/www.bellunopress.it\\\/2026\\\/05\\\/01\\\/un-viaggio-musicale-a-mel-con-i-giovani-archi-bellunesi\\\/\",\"name\":\"Un viaggio musicale a Mel con i Giovani Archi Bellunesi - Bellunopress - Dolomiti\",\"isPartOf\":{\"@id\":\"https:\\\/\\\/www.bellunopress.it\\\/#website\"},\"primaryImageOfPage\":{\"@id\":\"https:\\\/\\\/www.bellunopress.it\\\/2026\\\/05\\\/01\\\/un-viaggio-musicale-a-mel-con-i-giovani-archi-bellunesi\\\/#primaryimage\"},\"image\":{\"@id\":\"https:\\\/\\\/www.bellunopress.it\\\/2026\\\/05\\\/01\\\/un-viaggio-musicale-a-mel-con-i-giovani-archi-bellunesi\\\/#primaryimage\"},\"thumbnailUrl\":\"https:\\\/\\\/www.bellunopress.it\\\/wp-content\\\/uploads\\\/2026\\\/04\\\/Auditorium-di-San-Pietro-ex-chiesa-a-Mel.jpg\",\"datePublished\":\"2026-05-01T09:28:11+00:00\",\"dateModified\":\"2026-05-12T06:14:12+00:00\",\"breadcrumb\":{\"@id\":\"https:\\\/\\\/www.bellunopress.it\\\/2026\\\/05\\\/01\\\/un-viaggio-musicale-a-mel-con-i-giovani-archi-bellunesi\\\/#breadcrumb\"},\"inLanguage\":\"fr-FR\",\"potentialAction\":[{\"@type\":\"ReadAction\",\"target\":[\"https:\\\/\\\/www.bellunopress.it\\\/2026\\\/05\\\/01\\\/un-viaggio-musicale-a-mel-con-i-giovani-archi-bellunesi\\\/\"]}]},{\"@type\":\"ImageObject\",\"inLanguage\":\"fr-FR\",\"@id\":\"https:\\\/\\\/www.bellunopress.it\\\/2026\\\/05\\\/01\\\/un-viaggio-musicale-a-mel-con-i-giovani-archi-bellunesi\\\/#primaryimage\",\"url\":\"https:\\\/\\\/www.bellunopress.it\\\/wp-content\\\/uploads\\\/2026\\\/04\\\/Auditorium-di-San-Pietro-ex-chiesa-a-Mel.jpg\",\"contentUrl\":\"https:\\\/\\\/www.bellunopress.it\\\/wp-content\\\/uploads\\\/2026\\\/04\\\/Auditorium-di-San-Pietro-ex-chiesa-a-Mel.jpg\",\"width\":600,\"height\":506,\"caption\":\"Auditorium di San Pietro, ex chiesa a Mel (Borgo Valbelluna)\"},{\"@type\":\"BreadcrumbList\",\"@id\":\"https:\\\/\\\/www.bellunopress.it\\\/2026\\\/05\\\/01\\\/un-viaggio-musicale-a-mel-con-i-giovani-archi-bellunesi\\\/#breadcrumb\",\"itemListElement\":[{\"@type\":\"ListItem\",\"position\":1,\"name\":\"Home\",\"item\":\"https:\\\/\\\/www.bellunopress.it\\\/\"},{\"@type\":\"ListItem\",\"position\":2,\"name\":\"Un viaggio musicale a Mel con i Giovani Archi Bellunesi\"}]},{\"@type\":\"WebSite\",\"@id\":\"https:\\\/\\\/www.bellunopress.it\\\/#website\",\"url\":\"https:\\\/\\\/www.bellunopress.it\\\/\",\"name\":\"Bellunopress - Dolomiti\",\"description\":\"e-mail: redazione@bellunopress.it\",\"publisher\":{\"@id\":\"https:\\\/\\\/www.bellunopress.it\\\/#organization\"},\"potentialAction\":[{\"@type\":\"SearchAction\",\"target\":{\"@type\":\"EntryPoint\",\"urlTemplate\":\"https:\\\/\\\/www.bellunopress.it\\\/?s={search_term_string}\"},\"query-input\":{\"@type\":\"PropertyValueSpecification\",\"valueRequired\":true,\"valueName\":\"search_term_string\"}}],\"inLanguage\":\"fr-FR\"},{\"@type\":\"Organization\",\"@id\":\"https:\\\/\\\/www.bellunopress.it\\\/#organization\",\"name\":\"Bellunopress\",\"url\":\"https:\\\/\\\/www.bellunopress.it\\\/\",\"logo\":{\"@type\":\"ImageObject\",\"inLanguage\":\"fr-FR\",\"@id\":\"https:\\\/\\\/www.bellunopress.it\\\/#\\\/schema\\\/logo\\\/image\\\/\",\"url\":\"https:\\\/\\\/www.bellunopress.it\\\/wp-content\\\/uploads\\\/2011\\\/05\\\/cropped-logo-bellunopress-.jpg\",\"contentUrl\":\"https:\\\/\\\/www.bellunopress.it\\\/wp-content\\\/uploads\\\/2011\\\/05\\\/cropped-logo-bellunopress-.jpg\",\"width\":512,\"height\":512,\"caption\":\"Bellunopress\"},\"image\":{\"@id\":\"https:\\\/\\\/www.bellunopress.it\\\/#\\\/schema\\\/logo\\\/image\\\/\"},\"sameAs\":[\"https:\\\/\\\/www.facebook.com\\\/profile.php?id=100008943462799\",\"https:\\\/\\\/x.com\\\/bellunopress\",\"https:\\\/\\\/www.linkedin.com\\\/hp\\\/?dnr=JBzUWaJfMUw8vbXJJ2tVW5-I3jZKvC4wsoxE&amp;amp;amp;amp;amp;amp;trk=nav_responsive_tab_home\",\"https:\\\/\\\/www.youtube.com\\\/channel\\\/UCxL0wu1uN0_3_7hGG0306cw\"]},{\"@type\":\"Person\",\"@id\":\"https:\\\/\\\/www.bellunopress.it\\\/#\\\/schema\\\/person\\\/79bb06722b37ece1c03d3e94beb30d73\",\"name\":\"redazione\",\"image\":{\"@type\":\"ImageObject\",\"inLanguage\":\"fr-FR\",\"@id\":\"https:\\\/\\\/secure.gravatar.com\\\/avatar\\\/37d968a2e67a6fd04c169c4bdef102d0bc5d31b2546345219e348575eb80e9a0?s=96&d=mm&r=g\",\"url\":\"https:\\\/\\\/secure.gravatar.com\\\/avatar\\\/37d968a2e67a6fd04c169c4bdef102d0bc5d31b2546345219e348575eb80e9a0?s=96&d=mm&r=g\",\"contentUrl\":\"https:\\\/\\\/secure.gravatar.com\\\/avatar\\\/37d968a2e67a6fd04c169c4bdef102d0bc5d31b2546345219e348575eb80e9a0?s=96&d=mm&r=g\",\"caption\":\"redazione\"},\"sameAs\":[\"http:\\\/\\\/www.bellunopress.it\",\"https:\\\/\\\/x.com\\\/bellunopress\"],\"url\":\"https:\\\/\\\/www.bellunopress.it\\\/fr\\\/author\\\/redazione\\\/\"}]}<\/script>\n<!-- \/ Yoast SEO plugin. -->","yoast_head_json":{"title":"Un viaggio musicale a Mel con i Giovani Archi Bellunesi - Bellunopress - Dolomiti","robots":{"index":"index","follow":"follow","max-snippet":"max-snippet:-1","max-image-preview":"max-image-preview:large","max-video-preview":"max-video-preview:-1"},"canonical":"https:\/\/www.bellunopress.it\/fr\/2026\/05\/01\/un-viaggio-musicale-a-mel-con-i-giovani-archi-bellunesi\/","og_locale":"fr_FR","og_type":"article","og_title":"Un viaggio musicale a Mel con i Giovani Archi Bellunesi - Bellunopress - Dolomiti","og_description":"Borgo Valbelluna si prepara a vivere una serata all&#8217;insegna della grande musica classica. Venerd\u00ec 8 maggio 2026, alle ore 18:30, l\u2019Auditorium di Mel aprir\u00e0 le sue porte per un appuntamento imperdibile che vedr\u00e0 protagonisti il talento e la passione delle nuove generazioni di musicisti locali. Il cuore della serata sar\u00e0 dedicato a uno dei capolavori [&hellip;]","og_url":"https:\/\/www.bellunopress.it\/fr\/2026\/05\/01\/un-viaggio-musicale-a-mel-con-i-giovani-archi-bellunesi\/","og_site_name":"Bellunopress - Dolomiti","article_publisher":"https:\/\/www.facebook.com\/profile.php?id=100008943462799","article_published_time":"2026-05-01T09:28:11+00:00","article_modified_time":"2026-05-12T06:14:12+00:00","og_image":[{"width":600,"height":506,"url":"https:\/\/www.bellunopress.it\/wp-content\/uploads\/2026\/04\/Auditorium-di-San-Pietro-ex-chiesa-a-Mel.jpg","type":"image\/jpeg"}],"author":"redazione","twitter_card":"summary_large_image","twitter_creator":"@bellunopress","twitter_site":"@bellunopress","twitter_misc":{"\u00c9crit par":"redazione","Dur\u00e9e de lecture estim\u00e9e":"2 minutes"},"schema":{"@context":"https:\/\/schema.org","@graph":[{"@type":"Article","@id":"https:\/\/www.bellunopress.it\/2026\/05\/01\/un-viaggio-musicale-a-mel-con-i-giovani-archi-bellunesi\/#article","isPartOf":{"@id":"https:\/\/www.bellunopress.it\/2026\/05\/01\/un-viaggio-musicale-a-mel-con-i-giovani-archi-bellunesi\/"},"author":{"name":"redazione","@id":"https:\/\/www.bellunopress.it\/#\/schema\/person\/79bb06722b37ece1c03d3e94beb30d73"},"headline":"Un viaggio musicale a Mel con i Giovani Archi Bellunesi","datePublished":"2026-05-01T09:28:11+00:00","dateModified":"2026-05-12T06:14:12+00:00","mainEntityOfPage":{"@id":"https:\/\/www.bellunopress.it\/2026\/05\/01\/un-viaggio-musicale-a-mel-con-i-giovani-archi-bellunesi\/"},"wordCount":239,"publisher":{"@id":"https:\/\/www.bellunopress.it\/#organization"},"image":{"@id":"https:\/\/www.bellunopress.it\/2026\/05\/01\/un-viaggio-musicale-a-mel-con-i-giovani-archi-bellunesi\/#primaryimage"},"thumbnailUrl":"https:\/\/www.bellunopress.it\/wp-content\/uploads\/2026\/04\/Auditorium-di-San-Pietro-ex-chiesa-a-Mel.jpg","articleSection":["Appuntamenti, Eventi","Arte, Cultura, Spettacoli, Scienza","Pausa Caff\u00e8"],"inLanguage":"fr-FR"},{"@type":"WebPage","@id":"https:\/\/www.bellunopress.it\/2026\/05\/01\/un-viaggio-musicale-a-mel-con-i-giovani-archi-bellunesi\/","url":"https:\/\/www.bellunopress.it\/2026\/05\/01\/un-viaggio-musicale-a-mel-con-i-giovani-archi-bellunesi\/","name":"Un viaggio musicale a Mel con i Giovani Archi Bellunesi - Bellunopress - Dolomiti","isPartOf":{"@id":"https:\/\/www.bellunopress.it\/#website"},"primaryImageOfPage":{"@id":"https:\/\/www.bellunopress.it\/2026\/05\/01\/un-viaggio-musicale-a-mel-con-i-giovani-archi-bellunesi\/#primaryimage"},"image":{"@id":"https:\/\/www.bellunopress.it\/2026\/05\/01\/un-viaggio-musicale-a-mel-con-i-giovani-archi-bellunesi\/#primaryimage"},"thumbnailUrl":"https:\/\/www.bellunopress.it\/wp-content\/uploads\/2026\/04\/Auditorium-di-San-Pietro-ex-chiesa-a-Mel.jpg","datePublished":"2026-05-01T09:28:11+00:00","dateModified":"2026-05-12T06:14:12+00:00","breadcrumb":{"@id":"https:\/\/www.bellunopress.it\/2026\/05\/01\/un-viaggio-musicale-a-mel-con-i-giovani-archi-bellunesi\/#breadcrumb"},"inLanguage":"fr-FR","potentialAction":[{"@type":"ReadAction","target":["https:\/\/www.bellunopress.it\/2026\/05\/01\/un-viaggio-musicale-a-mel-con-i-giovani-archi-bellunesi\/"]}]},{"@type":"ImageObject","inLanguage":"fr-FR","@id":"https:\/\/www.bellunopress.it\/2026\/05\/01\/un-viaggio-musicale-a-mel-con-i-giovani-archi-bellunesi\/#primaryimage","url":"https:\/\/www.bellunopress.it\/wp-content\/uploads\/2026\/04\/Auditorium-di-San-Pietro-ex-chiesa-a-Mel.jpg","contentUrl":"https:\/\/www.bellunopress.it\/wp-content\/uploads\/2026\/04\/Auditorium-di-San-Pietro-ex-chiesa-a-Mel.jpg","width":600,"height":506,"caption":"Auditorium di San Pietro, ex chiesa a Mel (Borgo Valbelluna)"},{"@type":"BreadcrumbList","@id":"https:\/\/www.bellunopress.it\/2026\/05\/01\/un-viaggio-musicale-a-mel-con-i-giovani-archi-bellunesi\/#breadcrumb","itemListElement":[{"@type":"ListItem","position":1,"name":"Home","item":"https:\/\/www.bellunopress.it\/"},{"@type":"ListItem","position":2,"name":"Un viaggio musicale a Mel con i Giovani Archi Bellunesi"}]},{"@type":"WebSite","@id":"https:\/\/www.bellunopress.it\/#website","url":"https:\/\/www.bellunopress.it\/","name":"Bellunopress - Dolomiti","description":"e-mail: redazione@bellunopress.it","publisher":{"@id":"https:\/\/www.bellunopress.it\/#organization"},"potentialAction":[{"@type":"SearchAction","target":{"@type":"EntryPoint","urlTemplate":"https:\/\/www.bellunopress.it\/?s={search_term_string}"},"query-input":{"@type":"PropertyValueSpecification","valueRequired":true,"valueName":"search_term_string"}}],"inLanguage":"fr-FR"},{"@type":"Organization","@id":"https:\/\/www.bellunopress.it\/#organization","name":"Bellunopress","url":"https:\/\/www.bellunopress.it\/","logo":{"@type":"ImageObject","inLanguage":"fr-FR","@id":"https:\/\/www.bellunopress.it\/#\/schema\/logo\/image\/","url":"https:\/\/www.bellunopress.it\/wp-content\/uploads\/2011\/05\/cropped-logo-bellunopress-.jpg","contentUrl":"https:\/\/www.bellunopress.it\/wp-content\/uploads\/2011\/05\/cropped-logo-bellunopress-.jpg","width":512,"height":512,"caption":"Bellunopress"},"image":{"@id":"https:\/\/www.bellunopress.it\/#\/schema\/logo\/image\/"},"sameAs":["https:\/\/www.facebook.com\/profile.php?id=100008943462799","https:\/\/x.com\/bellunopress","https:\/\/www.linkedin.com\/hp\/?dnr=JBzUWaJfMUw8vbXJJ2tVW5-I3jZKvC4wsoxE&amp;amp;amp;amp;amp;amp;trk=nav_responsive_tab_home","https:\/\/www.youtube.com\/channel\/UCxL0wu1uN0_3_7hGG0306cw"]},{"@type":"Person","@id":"https:\/\/www.bellunopress.it\/#\/schema\/person\/79bb06722b37ece1c03d3e94beb30d73","name":"r\u00e9daction","image":{"@type":"ImageObject","inLanguage":"fr-FR","@id":"https:\/\/secure.gravatar.com\/avatar\/37d968a2e67a6fd04c169c4bdef102d0bc5d31b2546345219e348575eb80e9a0?s=96&d=mm&r=g","url":"https:\/\/secure.gravatar.com\/avatar\/37d968a2e67a6fd04c169c4bdef102d0bc5d31b2546345219e348575eb80e9a0?s=96&d=mm&r=g","contentUrl":"https:\/\/secure.gravatar.com\/avatar\/37d968a2e67a6fd04c169c4bdef102d0bc5d31b2546345219e348575eb80e9a0?s=96&d=mm&r=g","caption":"redazione"},"sameAs":["http:\/\/www.bellunopress.it","https:\/\/x.com\/bellunopress"],"url":"https:\/\/www.bellunopress.it\/fr\/author\/redazione\/"}]}},"_links":{"self":[{"href":"https:\/\/www.bellunopress.it\/fr\/wp-json\/wp\/v2\/posts\/169597","targetHints":{"allow":["GET"]}}],"collection":[{"href":"https:\/\/www.bellunopress.it\/fr\/wp-json\/wp\/v2\/posts"}],"about":[{"href":"https:\/\/www.bellunopress.it\/fr\/wp-json\/wp\/v2\/types\/post"}],"author":[{"embeddable":true,"href":"https:\/\/www.bellunopress.it\/fr\/wp-json\/wp\/v2\/users\/2"}],"replies":[{"embeddable":true,"href":"https:\/\/www.bellunopress.it\/fr\/wp-json\/wp\/v2\/comments?post=169597"}],"version-history":[{"count":1,"href":"https:\/\/www.bellunopress.it\/fr\/wp-json\/wp\/v2\/posts\/169597\/revisions"}],"predecessor-version":[{"id":169598,"href":"https:\/\/www.bellunopress.it\/fr\/wp-json\/wp\/v2\/posts\/169597\/revisions\/169598"}],"wp:attachment":[{"href":"https:\/\/www.bellunopress.it\/fr\/wp-json\/wp\/v2\/media?parent=169597"}],"wp:term":[{"taxonomy":"category","embeddable":true,"href":"https:\/\/www.bellunopress.it\/fr\/wp-json\/wp\/v2\/categories?post=169597"},{"taxonomy":"post_tag","embeddable":true,"href":"https:\/\/www.bellunopress.it\/fr\/wp-json\/wp\/v2\/tags?post=169597"}],"curies":[{"name":"wp","href":"https:\/\/api.w.org\/{rel}","templated":true}]}}