{"id":169594,"date":"2026-04-29T10:24:41","date_gmt":"2026-04-29T08:24:41","guid":{"rendered":"https:\/\/www.bellunopress.it\/?p=169594"},"modified":"2026-04-29T10:24:41","modified_gmt":"2026-04-29T08:24:41","slug":"sulle-dolomiti-bellunesi-la-rivoluzione-solidale-della-cer-monte-pizzocco-dove-lenergia-rinnovabile-diventa-welfare","status":"publish","type":"post","link":"https:\/\/www.bellunopress.it\/fr\/2026\/04\/29\/sulle-dolomiti-bellunesi-la-rivoluzione-solidale-della-cer-monte-pizzocco-dove-lenergia-rinnovabile-diventa-welfare\/","title":{"rendered":"Sulle Dolomiti bellunesi la rivoluzione solidale della CER &#8220;Monte Pizzocco&#8221;, dove l&#8217;energia rinnovabile diventa welfare"},"content":{"rendered":"<p>Un modello inedito per le aree montane: la Comunit\u00e0 Energetica Rinnovabile rinuncia alla ripartizione degli utili tra i singoli soci e il 100% degli incentivi derivanti dall&#8217;energia condivisa della CER viene versato ai piccoli Comuni montani per finanziare la spesa sociale<\/p>\n<p>Produrre energia rinnovabile sul territorio per finanziare i costi sociali del proprio territorio come l&#8217;assistenza agli anziani, l&#8217;aiuto alle famiglie in difficolt\u00e0, il supporto scolastico e i servizi per le disabilit\u00e0. Accade nella Valbelluna, all&#8217;ombra delle Dolomiti Bellunesi, dove la Comunit\u00e0 Energetica Rinnovabile (CER) &#8220;Monte Pizzocco&#8221; ha introdotto un modello di ripartizione che promette di fare scuola in Italia, unendo transizione ecologica e contrasto allo spopolamento montano.<\/p>\n<p>A differenza delle tradizionali CER, dove i ricavi generati dalla condivisione dell&#8217;energia vengono spartiti tra i soci iscritti, la &#8220;Monte Pizzocco&#8221; ha compiuto una scelta di campo radicale: la quota di incentivo generata dall&#8217;energia condivisa e distribuita dal GSE non viene trattenuta dalla CER n\u00e9 redistribuita ai singoli soci. L&#8217;intero importo viene infatti trasferito ai piccoli comuni montani, soci e non, che sottendono alla cabina primaria di riferimento.<\/p>\n<p>Questi ultimi, in conformit\u00e0 con gli obblighi definiti da regolamento della CER, sono tenuti a impiegare tali risorse esclusivamente a sostegno della spesa sociale del proprio bilancio comunale. Ogni kilowattora condiviso tra produttori e consumatori si traduce cos\u00ec in risorse aggiuntive per i servizi di welfare territoriale: dal sostegno alle famiglie in difficolt\u00e0 economica, ai servizi per persone con disabilit\u00e0.<\/p>\n<p>&#8220;Per i soci consumer, la partecipazione alla CER non genera incentivi economici diretti nella loro sfera personale o nelle loro bollette. Il valore della loro adesione risiede nel contributo che forniscono al sistema collettivo e, di riflesso, ai servizi sociali del loro territorio.&#8221; riferisce Michele Argenta, presidente della CER.<\/p>\n<p><strong>I primi risultati concreti: 4.000 euro per il sociale<\/strong><\/p>\n<p>Iscritta ufficialmente al GSE dal 1\u00b0 settembre 2024, la CER ha da poco approvato il bilancio relativo al biennio di avvio 2024\/2025, dimostrando che il modello funziona ed ha ricadute effettive sul territorio. L&#8217;efficacia dell&#8217;autoconsumo collettivo ha generato un incentivo totale di oltre 5.600 euro. Di questi, tolte le fisiologiche spese di gestione, l&#8217;assemblea ha deliberato di stanziare un avanzo netto di ben 4.000 euro da destinare interamente al fondo per i &#8220;Progetti Speciali&#8221;. Questi fondi non andranno nelle tasche dei singoli privati, ma sono stati ripartiti tra i Comuni sottesi alla cabina primaria di riferimento \u2013 San Gregorio nelle Alpi, Sospirolo, Borgo Valbelluna, Santa Giustina e Sedico \u2013 con il vincolo assoluto di utilizzarli per interventi in ambito sociale.<\/p>\n<p>Secondo Enrico Lanciano, vicesindaco del Comune di San Gregorio Nelle Alpi, &#8220;Come Comune promotore siamo molto orgogliosi di vedere i primi risultati concreti della CER Monte Pizzocco. Ricevere i primi incentivi \u00e8 una vittoria per tutta la comunit\u00e0 ed \u00e8 la dimostrazione che investire nelle rinnovabili significa anche investire nel territorio e nelle fasce della popolazione che sono pi\u00f9 vulnerabili&#8221;<\/p>\n<p><strong>Una Comunit\u00e0 in espansione<\/strong><\/p>\n<p>La risposta del territorio \u00e8 stata entusiasta. Ad oggi, la CER conta gi\u00e0 decine di adesioni, con 94 contatori (POD) iscritti in anagrafica. Di questi, ben 71 sono gi\u00e0 stati formalmente validati dal GSE e partecipano attivamente al sistema di incentivazione nazionale (69 semplici consumatori e 2 produttori). L&#8217;obiettivo strategico per il 2026 \u00e8 ora quello di massimizzare il numero di soci che installano impianti di produzione propri, trasformandoli in &#8220;prosumer&#8221; attivi, riducendo cos\u00ec la dipendenza energetica dell&#8217;intero territorio montano e aumentando la consapevolezza energetica in questo contesto geopolitico dove le rinnovabili sono protagoniste della sovranit\u00e0 energetica.<\/p>\n<p>La transizione energetica, per la CER Monte Pizzocco, diventa cos\u00ec la chiave per garantire un futuro sostenibile ed equo ai piccoli comuni di montagna, trasformando l&#8217;energia rinnovabile in una vera opportunit\u00e0 per il territorio.<\/p>\n<p>&nbsp;<\/p>","protected":false},"excerpt":{"rendered":"<p>Un modello inedito per le aree montane: la Comunit\u00e0 Energetica Rinnovabile rinuncia alla ripartizione degli utili tra i singoli soci e il 100% degli incentivi derivanti dall&#8217;energia condivisa della CER viene versato ai piccoli Comuni montani per finanziare la spesa sociale Produrre energia rinnovabile sul territorio per finanziare i costi sociali del proprio territorio come [&hellip;]<\/p>\n","protected":false},"author":2,"featured_media":169595,"comment_status":"closed","ping_status":"open","sticky":false,"template":"","format":"standard","meta":{"footnotes":""},"categories":[36],"tags":[],"class_list":["post-169594","post","type-post","status-publish","format-standard","has-post-thumbnail","category-lavoro-economia"],"yoast_head":"<!-- This site is optimized with the Yoast SEO plugin v28.4 - https:\/\/yoast.com\/product\/yoast-seo-wordpress\/ -->\n<title>Sulle Dolomiti bellunesi la rivoluzione solidale della CER &quot;Monte Pizzocco&quot;, dove l&#039;energia rinnovabile diventa welfare - Bellunopress - Dolomiti<\/title>\n<meta name=\"robots\" content=\"index, follow, max-snippet:-1, max-image-preview:large, max-video-preview:-1\" \/>\n<link rel=\"canonical\" href=\"https:\/\/www.bellunopress.it\/fr\/2026\/04\/29\/sulle-dolomiti-bellunesi-la-rivoluzione-solidale-della-cer-monte-pizzocco-dove-lenergia-rinnovabile-diventa-welfare\/\" \/>\n<meta property=\"og:locale\" content=\"fr_FR\" \/>\n<meta property=\"og:type\" content=\"article\" \/>\n<meta property=\"og:title\" content=\"Sulle Dolomiti bellunesi la rivoluzione solidale della CER &quot;Monte Pizzocco&quot;, dove l&#039;energia rinnovabile diventa welfare - Bellunopress - Dolomiti\" \/>\n<meta property=\"og:description\" content=\"Un modello inedito per le aree montane: la Comunit\u00e0 Energetica Rinnovabile rinuncia alla ripartizione degli utili tra i singoli soci e il 100% degli incentivi derivanti dall&#8217;energia condivisa della CER viene versato ai piccoli Comuni montani per finanziare la spesa sociale Produrre energia rinnovabile sul territorio per finanziare i costi sociali del proprio territorio come [&hellip;]\" \/>\n<meta property=\"og:url\" content=\"https:\/\/www.bellunopress.it\/fr\/2026\/04\/29\/sulle-dolomiti-bellunesi-la-rivoluzione-solidale-della-cer-monte-pizzocco-dove-lenergia-rinnovabile-diventa-welfare\/\" \/>\n<meta property=\"og:site_name\" content=\"Bellunopress - Dolomiti\" \/>\n<meta property=\"article:publisher\" content=\"https:\/\/www.facebook.com\/profile.php?id=100008943462799\" \/>\n<meta property=\"article:published_time\" content=\"2026-04-29T08:24:41+00:00\" \/>\n<meta property=\"og:image\" content=\"https:\/\/www.bellunopress.it\/wp-content\/uploads\/2026\/04\/enrico-lanciano-vicesindaco-s-gregorio.jpg\" \/>\n\t<meta property=\"og:image:width\" content=\"486\" \/>\n\t<meta property=\"og:image:height\" content=\"501\" \/>\n\t<meta property=\"og:image:type\" content=\"image\/jpeg\" \/>\n<meta name=\"author\" content=\"redazione\" \/>\n<meta name=\"twitter:card\" content=\"summary_large_image\" \/>\n<meta name=\"twitter:creator\" content=\"@bellunopress\" \/>\n<meta name=\"twitter:site\" content=\"@bellunopress\" \/>\n<meta name=\"twitter:label1\" content=\"\u00c9crit par\" \/>\n\t<meta name=\"twitter:data1\" content=\"redazione\" \/>\n\t<meta name=\"twitter:label2\" content=\"Dur\u00e9e de lecture estim\u00e9e\" \/>\n\t<meta name=\"twitter:data2\" content=\"3 minutes\" \/>\n<script type=\"application\/ld+json\" class=\"yoast-schema-graph\">{\"@context\":\"https:\\\/\\\/schema.org\",\"@graph\":[{\"@type\":\"Article\",\"@id\":\"https:\\\/\\\/www.bellunopress.it\\\/2026\\\/04\\\/29\\\/sulle-dolomiti-bellunesi-la-rivoluzione-solidale-della-cer-monte-pizzocco-dove-lenergia-rinnovabile-diventa-welfare\\\/#article\",\"isPartOf\":{\"@id\":\"https:\\\/\\\/www.bellunopress.it\\\/2026\\\/04\\\/29\\\/sulle-dolomiti-bellunesi-la-rivoluzione-solidale-della-cer-monte-pizzocco-dove-lenergia-rinnovabile-diventa-welfare\\\/\"},\"author\":{\"name\":\"redazione\",\"@id\":\"https:\\\/\\\/www.bellunopress.it\\\/#\\\/schema\\\/person\\\/79bb06722b37ece1c03d3e94beb30d73\"},\"headline\":\"Sulle Dolomiti bellunesi la rivoluzione solidale della CER &#8220;Monte Pizzocco&#8221;, dove l&#8217;energia rinnovabile diventa welfare\",\"datePublished\":\"2026-04-29T08:24:41+00:00\",\"mainEntityOfPage\":{\"@id\":\"https:\\\/\\\/www.bellunopress.it\\\/2026\\\/04\\\/29\\\/sulle-dolomiti-bellunesi-la-rivoluzione-solidale-della-cer-monte-pizzocco-dove-lenergia-rinnovabile-diventa-welfare\\\/\"},\"wordCount\":621,\"publisher\":{\"@id\":\"https:\\\/\\\/www.bellunopress.it\\\/#organization\"},\"image\":{\"@id\":\"https:\\\/\\\/www.bellunopress.it\\\/2026\\\/04\\\/29\\\/sulle-dolomiti-bellunesi-la-rivoluzione-solidale-della-cer-monte-pizzocco-dove-lenergia-rinnovabile-diventa-welfare\\\/#primaryimage\"},\"thumbnailUrl\":\"https:\\\/\\\/www.bellunopress.it\\\/wp-content\\\/uploads\\\/2026\\\/04\\\/enrico-lanciano-vicesindaco-s-gregorio.jpg\",\"articleSection\":[\"Lavoro, Economia, Turismo\"],\"inLanguage\":\"fr-FR\"},{\"@type\":\"WebPage\",\"@id\":\"https:\\\/\\\/www.bellunopress.it\\\/2026\\\/04\\\/29\\\/sulle-dolomiti-bellunesi-la-rivoluzione-solidale-della-cer-monte-pizzocco-dove-lenergia-rinnovabile-diventa-welfare\\\/\",\"url\":\"https:\\\/\\\/www.bellunopress.it\\\/2026\\\/04\\\/29\\\/sulle-dolomiti-bellunesi-la-rivoluzione-solidale-della-cer-monte-pizzocco-dove-lenergia-rinnovabile-diventa-welfare\\\/\",\"name\":\"Sulle Dolomiti bellunesi la rivoluzione solidale della CER \\\"Monte Pizzocco\\\", dove l'energia rinnovabile diventa welfare - Bellunopress - Dolomiti\",\"isPartOf\":{\"@id\":\"https:\\\/\\\/www.bellunopress.it\\\/#website\"},\"primaryImageOfPage\":{\"@id\":\"https:\\\/\\\/www.bellunopress.it\\\/2026\\\/04\\\/29\\\/sulle-dolomiti-bellunesi-la-rivoluzione-solidale-della-cer-monte-pizzocco-dove-lenergia-rinnovabile-diventa-welfare\\\/#primaryimage\"},\"image\":{\"@id\":\"https:\\\/\\\/www.bellunopress.it\\\/2026\\\/04\\\/29\\\/sulle-dolomiti-bellunesi-la-rivoluzione-solidale-della-cer-monte-pizzocco-dove-lenergia-rinnovabile-diventa-welfare\\\/#primaryimage\"},\"thumbnailUrl\":\"https:\\\/\\\/www.bellunopress.it\\\/wp-content\\\/uploads\\\/2026\\\/04\\\/enrico-lanciano-vicesindaco-s-gregorio.jpg\",\"datePublished\":\"2026-04-29T08:24:41+00:00\",\"breadcrumb\":{\"@id\":\"https:\\\/\\\/www.bellunopress.it\\\/2026\\\/04\\\/29\\\/sulle-dolomiti-bellunesi-la-rivoluzione-solidale-della-cer-monte-pizzocco-dove-lenergia-rinnovabile-diventa-welfare\\\/#breadcrumb\"},\"inLanguage\":\"fr-FR\",\"potentialAction\":[{\"@type\":\"ReadAction\",\"target\":[\"https:\\\/\\\/www.bellunopress.it\\\/2026\\\/04\\\/29\\\/sulle-dolomiti-bellunesi-la-rivoluzione-solidale-della-cer-monte-pizzocco-dove-lenergia-rinnovabile-diventa-welfare\\\/\"]}]},{\"@type\":\"ImageObject\",\"inLanguage\":\"fr-FR\",\"@id\":\"https:\\\/\\\/www.bellunopress.it\\\/2026\\\/04\\\/29\\\/sulle-dolomiti-bellunesi-la-rivoluzione-solidale-della-cer-monte-pizzocco-dove-lenergia-rinnovabile-diventa-welfare\\\/#primaryimage\",\"url\":\"https:\\\/\\\/www.bellunopress.it\\\/wp-content\\\/uploads\\\/2026\\\/04\\\/enrico-lanciano-vicesindaco-s-gregorio.jpg\",\"contentUrl\":\"https:\\\/\\\/www.bellunopress.it\\\/wp-content\\\/uploads\\\/2026\\\/04\\\/enrico-lanciano-vicesindaco-s-gregorio.jpg\",\"width\":486,\"height\":501,\"caption\":\"Enrico Lanciano, vicesindaco di San Gregorio nelle Alpi\"},{\"@type\":\"BreadcrumbList\",\"@id\":\"https:\\\/\\\/www.bellunopress.it\\\/2026\\\/04\\\/29\\\/sulle-dolomiti-bellunesi-la-rivoluzione-solidale-della-cer-monte-pizzocco-dove-lenergia-rinnovabile-diventa-welfare\\\/#breadcrumb\",\"itemListElement\":[{\"@type\":\"ListItem\",\"position\":1,\"name\":\"Home\",\"item\":\"https:\\\/\\\/www.bellunopress.it\\\/\"},{\"@type\":\"ListItem\",\"position\":2,\"name\":\"Sulle Dolomiti bellunesi la rivoluzione solidale della CER &#8220;Monte Pizzocco&#8221;, dove l&#8217;energia rinnovabile diventa welfare\"}]},{\"@type\":\"WebSite\",\"@id\":\"https:\\\/\\\/www.bellunopress.it\\\/#website\",\"url\":\"https:\\\/\\\/www.bellunopress.it\\\/\",\"name\":\"Bellunopress - Dolomiti\",\"description\":\"e-mail: redazione@bellunopress.it\",\"publisher\":{\"@id\":\"https:\\\/\\\/www.bellunopress.it\\\/#organization\"},\"potentialAction\":[{\"@type\":\"SearchAction\",\"target\":{\"@type\":\"EntryPoint\",\"urlTemplate\":\"https:\\\/\\\/www.bellunopress.it\\\/?s={search_term_string}\"},\"query-input\":{\"@type\":\"PropertyValueSpecification\",\"valueRequired\":true,\"valueName\":\"search_term_string\"}}],\"inLanguage\":\"fr-FR\"},{\"@type\":\"Organization\",\"@id\":\"https:\\\/\\\/www.bellunopress.it\\\/#organization\",\"name\":\"Bellunopress\",\"url\":\"https:\\\/\\\/www.bellunopress.it\\\/\",\"logo\":{\"@type\":\"ImageObject\",\"inLanguage\":\"fr-FR\",\"@id\":\"https:\\\/\\\/www.bellunopress.it\\\/#\\\/schema\\\/logo\\\/image\\\/\",\"url\":\"https:\\\/\\\/www.bellunopress.it\\\/wp-content\\\/uploads\\\/2011\\\/05\\\/cropped-logo-bellunopress-.jpg\",\"contentUrl\":\"https:\\\/\\\/www.bellunopress.it\\\/wp-content\\\/uploads\\\/2011\\\/05\\\/cropped-logo-bellunopress-.jpg\",\"width\":512,\"height\":512,\"caption\":\"Bellunopress\"},\"image\":{\"@id\":\"https:\\\/\\\/www.bellunopress.it\\\/#\\\/schema\\\/logo\\\/image\\\/\"},\"sameAs\":[\"https:\\\/\\\/www.facebook.com\\\/profile.php?id=100008943462799\",\"https:\\\/\\\/x.com\\\/bellunopress\",\"https:\\\/\\\/www.linkedin.com\\\/hp\\\/?dnr=JBzUWaJfMUw8vbXJJ2tVW5-I3jZKvC4wsoxE&amp;amp;amp;amp;amp;amp;trk=nav_responsive_tab_home\",\"https:\\\/\\\/www.youtube.com\\\/channel\\\/UCxL0wu1uN0_3_7hGG0306cw\"]},{\"@type\":\"Person\",\"@id\":\"https:\\\/\\\/www.bellunopress.it\\\/#\\\/schema\\\/person\\\/79bb06722b37ece1c03d3e94beb30d73\",\"name\":\"redazione\",\"image\":{\"@type\":\"ImageObject\",\"inLanguage\":\"fr-FR\",\"@id\":\"https:\\\/\\\/secure.gravatar.com\\\/avatar\\\/37d968a2e67a6fd04c169c4bdef102d0bc5d31b2546345219e348575eb80e9a0?s=96&d=mm&r=g\",\"url\":\"https:\\\/\\\/secure.gravatar.com\\\/avatar\\\/37d968a2e67a6fd04c169c4bdef102d0bc5d31b2546345219e348575eb80e9a0?s=96&d=mm&r=g\",\"contentUrl\":\"https:\\\/\\\/secure.gravatar.com\\\/avatar\\\/37d968a2e67a6fd04c169c4bdef102d0bc5d31b2546345219e348575eb80e9a0?s=96&d=mm&r=g\",\"caption\":\"redazione\"},\"sameAs\":[\"http:\\\/\\\/www.bellunopress.it\",\"https:\\\/\\\/x.com\\\/bellunopress\"],\"url\":\"https:\\\/\\\/www.bellunopress.it\\\/fr\\\/author\\\/redazione\\\/\"}]}<\/script>\n<!-- \/ Yoast SEO plugin. -->","yoast_head_json":{"title":"Sulle Dolomiti bellunesi la rivoluzione solidale della CER \"Monte Pizzocco\", dove l'energia rinnovabile diventa welfare - Bellunopress - Dolomiti","robots":{"index":"index","follow":"follow","max-snippet":"max-snippet:-1","max-image-preview":"max-image-preview:large","max-video-preview":"max-video-preview:-1"},"canonical":"https:\/\/www.bellunopress.it\/fr\/2026\/04\/29\/sulle-dolomiti-bellunesi-la-rivoluzione-solidale-della-cer-monte-pizzocco-dove-lenergia-rinnovabile-diventa-welfare\/","og_locale":"fr_FR","og_type":"article","og_title":"Sulle Dolomiti bellunesi la rivoluzione solidale della CER \"Monte Pizzocco\", dove l'energia rinnovabile diventa welfare - Bellunopress - Dolomiti","og_description":"Un modello inedito per le aree montane: la Comunit\u00e0 Energetica Rinnovabile rinuncia alla ripartizione degli utili tra i singoli soci e il 100% degli incentivi derivanti dall&#8217;energia condivisa della CER viene versato ai piccoli Comuni montani per finanziare la spesa sociale Produrre energia rinnovabile sul territorio per finanziare i costi sociali del proprio territorio come [&hellip;]","og_url":"https:\/\/www.bellunopress.it\/fr\/2026\/04\/29\/sulle-dolomiti-bellunesi-la-rivoluzione-solidale-della-cer-monte-pizzocco-dove-lenergia-rinnovabile-diventa-welfare\/","og_site_name":"Bellunopress - Dolomiti","article_publisher":"https:\/\/www.facebook.com\/profile.php?id=100008943462799","article_published_time":"2026-04-29T08:24:41+00:00","og_image":[{"width":486,"height":501,"url":"https:\/\/www.bellunopress.it\/wp-content\/uploads\/2026\/04\/enrico-lanciano-vicesindaco-s-gregorio.jpg","type":"image\/jpeg"}],"author":"redazione","twitter_card":"summary_large_image","twitter_creator":"@bellunopress","twitter_site":"@bellunopress","twitter_misc":{"\u00c9crit par":"redazione","Dur\u00e9e de lecture estim\u00e9e":"3 minutes"},"schema":{"@context":"https:\/\/schema.org","@graph":[{"@type":"Article","@id":"https:\/\/www.bellunopress.it\/2026\/04\/29\/sulle-dolomiti-bellunesi-la-rivoluzione-solidale-della-cer-monte-pizzocco-dove-lenergia-rinnovabile-diventa-welfare\/#article","isPartOf":{"@id":"https:\/\/www.bellunopress.it\/2026\/04\/29\/sulle-dolomiti-bellunesi-la-rivoluzione-solidale-della-cer-monte-pizzocco-dove-lenergia-rinnovabile-diventa-welfare\/"},"author":{"name":"redazione","@id":"https:\/\/www.bellunopress.it\/#\/schema\/person\/79bb06722b37ece1c03d3e94beb30d73"},"headline":"Sulle Dolomiti bellunesi la rivoluzione solidale della CER &#8220;Monte Pizzocco&#8221;, dove l&#8217;energia rinnovabile diventa welfare","datePublished":"2026-04-29T08:24:41+00:00","mainEntityOfPage":{"@id":"https:\/\/www.bellunopress.it\/2026\/04\/29\/sulle-dolomiti-bellunesi-la-rivoluzione-solidale-della-cer-monte-pizzocco-dove-lenergia-rinnovabile-diventa-welfare\/"},"wordCount":621,"publisher":{"@id":"https:\/\/www.bellunopress.it\/#organization"},"image":{"@id":"https:\/\/www.bellunopress.it\/2026\/04\/29\/sulle-dolomiti-bellunesi-la-rivoluzione-solidale-della-cer-monte-pizzocco-dove-lenergia-rinnovabile-diventa-welfare\/#primaryimage"},"thumbnailUrl":"https:\/\/www.bellunopress.it\/wp-content\/uploads\/2026\/04\/enrico-lanciano-vicesindaco-s-gregorio.jpg","articleSection":["Lavoro, Economia, Turismo"],"inLanguage":"fr-FR"},{"@type":"WebPage","@id":"https:\/\/www.bellunopress.it\/2026\/04\/29\/sulle-dolomiti-bellunesi-la-rivoluzione-solidale-della-cer-monte-pizzocco-dove-lenergia-rinnovabile-diventa-welfare\/","url":"https:\/\/www.bellunopress.it\/2026\/04\/29\/sulle-dolomiti-bellunesi-la-rivoluzione-solidale-della-cer-monte-pizzocco-dove-lenergia-rinnovabile-diventa-welfare\/","name":"Sulle Dolomiti bellunesi la rivoluzione solidale della CER \"Monte Pizzocco\", dove l'energia rinnovabile diventa welfare - Bellunopress - Dolomiti","isPartOf":{"@id":"https:\/\/www.bellunopress.it\/#website"},"primaryImageOfPage":{"@id":"https:\/\/www.bellunopress.it\/2026\/04\/29\/sulle-dolomiti-bellunesi-la-rivoluzione-solidale-della-cer-monte-pizzocco-dove-lenergia-rinnovabile-diventa-welfare\/#primaryimage"},"image":{"@id":"https:\/\/www.bellunopress.it\/2026\/04\/29\/sulle-dolomiti-bellunesi-la-rivoluzione-solidale-della-cer-monte-pizzocco-dove-lenergia-rinnovabile-diventa-welfare\/#primaryimage"},"thumbnailUrl":"https:\/\/www.bellunopress.it\/wp-content\/uploads\/2026\/04\/enrico-lanciano-vicesindaco-s-gregorio.jpg","datePublished":"2026-04-29T08:24:41+00:00","breadcrumb":{"@id":"https:\/\/www.bellunopress.it\/2026\/04\/29\/sulle-dolomiti-bellunesi-la-rivoluzione-solidale-della-cer-monte-pizzocco-dove-lenergia-rinnovabile-diventa-welfare\/#breadcrumb"},"inLanguage":"fr-FR","potentialAction":[{"@type":"ReadAction","target":["https:\/\/www.bellunopress.it\/2026\/04\/29\/sulle-dolomiti-bellunesi-la-rivoluzione-solidale-della-cer-monte-pizzocco-dove-lenergia-rinnovabile-diventa-welfare\/"]}]},{"@type":"ImageObject","inLanguage":"fr-FR","@id":"https:\/\/www.bellunopress.it\/2026\/04\/29\/sulle-dolomiti-bellunesi-la-rivoluzione-solidale-della-cer-monte-pizzocco-dove-lenergia-rinnovabile-diventa-welfare\/#primaryimage","url":"https:\/\/www.bellunopress.it\/wp-content\/uploads\/2026\/04\/enrico-lanciano-vicesindaco-s-gregorio.jpg","contentUrl":"https:\/\/www.bellunopress.it\/wp-content\/uploads\/2026\/04\/enrico-lanciano-vicesindaco-s-gregorio.jpg","width":486,"height":501,"caption":"Enrico Lanciano, vicesindaco di San Gregorio nelle Alpi"},{"@type":"BreadcrumbList","@id":"https:\/\/www.bellunopress.it\/2026\/04\/29\/sulle-dolomiti-bellunesi-la-rivoluzione-solidale-della-cer-monte-pizzocco-dove-lenergia-rinnovabile-diventa-welfare\/#breadcrumb","itemListElement":[{"@type":"ListItem","position":1,"name":"Home","item":"https:\/\/www.bellunopress.it\/"},{"@type":"ListItem","position":2,"name":"Sulle Dolomiti bellunesi la rivoluzione solidale della CER &#8220;Monte Pizzocco&#8221;, dove l&#8217;energia rinnovabile diventa welfare"}]},{"@type":"WebSite","@id":"https:\/\/www.bellunopress.it\/#website","url":"https:\/\/www.bellunopress.it\/","name":"Bellunopress - Dolomiti","description":"e-mail: redazione@bellunopress.it","publisher":{"@id":"https:\/\/www.bellunopress.it\/#organization"},"potentialAction":[{"@type":"SearchAction","target":{"@type":"EntryPoint","urlTemplate":"https:\/\/www.bellunopress.it\/?s={search_term_string}"},"query-input":{"@type":"PropertyValueSpecification","valueRequired":true,"valueName":"search_term_string"}}],"inLanguage":"fr-FR"},{"@type":"Organization","@id":"https:\/\/www.bellunopress.it\/#organization","name":"Bellunopress","url":"https:\/\/www.bellunopress.it\/","logo":{"@type":"ImageObject","inLanguage":"fr-FR","@id":"https:\/\/www.bellunopress.it\/#\/schema\/logo\/image\/","url":"https:\/\/www.bellunopress.it\/wp-content\/uploads\/2011\/05\/cropped-logo-bellunopress-.jpg","contentUrl":"https:\/\/www.bellunopress.it\/wp-content\/uploads\/2011\/05\/cropped-logo-bellunopress-.jpg","width":512,"height":512,"caption":"Bellunopress"},"image":{"@id":"https:\/\/www.bellunopress.it\/#\/schema\/logo\/image\/"},"sameAs":["https:\/\/www.facebook.com\/profile.php?id=100008943462799","https:\/\/x.com\/bellunopress","https:\/\/www.linkedin.com\/hp\/?dnr=JBzUWaJfMUw8vbXJJ2tVW5-I3jZKvC4wsoxE&amp;amp;amp;amp;amp;amp;trk=nav_responsive_tab_home","https:\/\/www.youtube.com\/channel\/UCxL0wu1uN0_3_7hGG0306cw"]},{"@type":"Person","@id":"https:\/\/www.bellunopress.it\/#\/schema\/person\/79bb06722b37ece1c03d3e94beb30d73","name":"r\u00e9daction","image":{"@type":"ImageObject","inLanguage":"fr-FR","@id":"https:\/\/secure.gravatar.com\/avatar\/37d968a2e67a6fd04c169c4bdef102d0bc5d31b2546345219e348575eb80e9a0?s=96&d=mm&r=g","url":"https:\/\/secure.gravatar.com\/avatar\/37d968a2e67a6fd04c169c4bdef102d0bc5d31b2546345219e348575eb80e9a0?s=96&d=mm&r=g","contentUrl":"https:\/\/secure.gravatar.com\/avatar\/37d968a2e67a6fd04c169c4bdef102d0bc5d31b2546345219e348575eb80e9a0?s=96&d=mm&r=g","caption":"redazione"},"sameAs":["http:\/\/www.bellunopress.it","https:\/\/x.com\/bellunopress"],"url":"https:\/\/www.bellunopress.it\/fr\/author\/redazione\/"}]}},"_links":{"self":[{"href":"https:\/\/www.bellunopress.it\/fr\/wp-json\/wp\/v2\/posts\/169594","targetHints":{"allow":["GET"]}}],"collection":[{"href":"https:\/\/www.bellunopress.it\/fr\/wp-json\/wp\/v2\/posts"}],"about":[{"href":"https:\/\/www.bellunopress.it\/fr\/wp-json\/wp\/v2\/types\/post"}],"author":[{"embeddable":true,"href":"https:\/\/www.bellunopress.it\/fr\/wp-json\/wp\/v2\/users\/2"}],"replies":[{"embeddable":true,"href":"https:\/\/www.bellunopress.it\/fr\/wp-json\/wp\/v2\/comments?post=169594"}],"version-history":[{"count":1,"href":"https:\/\/www.bellunopress.it\/fr\/wp-json\/wp\/v2\/posts\/169594\/revisions"}],"predecessor-version":[{"id":169596,"href":"https:\/\/www.bellunopress.it\/fr\/wp-json\/wp\/v2\/posts\/169594\/revisions\/169596"}],"wp:featuredmedia":[{"embeddable":true,"href":"https:\/\/www.bellunopress.it\/fr\/wp-json\/wp\/v2\/media\/169595"}],"wp:attachment":[{"href":"https:\/\/www.bellunopress.it\/fr\/wp-json\/wp\/v2\/media?parent=169594"}],"wp:term":[{"taxonomy":"category","embeddable":true,"href":"https:\/\/www.bellunopress.it\/fr\/wp-json\/wp\/v2\/categories?post=169594"},{"taxonomy":"post_tag","embeddable":true,"href":"https:\/\/www.bellunopress.it\/fr\/wp-json\/wp\/v2\/tags?post=169594"}],"curies":[{"name":"wp","href":"https:\/\/api.w.org\/{rel}","templated":true}]}}