{"id":169591,"date":"2026-04-29T08:03:52","date_gmt":"2026-04-29T06:03:52","guid":{"rendered":"https:\/\/www.bellunopress.it\/?p=169591"},"modified":"2026-04-29T08:04:28","modified_gmt":"2026-04-29T06:04:28","slug":"sospensione-scuolabus-a-pieve-di-cadore-intervento-del-cnddu","status":"publish","type":"post","link":"https:\/\/www.bellunopress.it\/fr\/2026\/04\/29\/sospensione-scuolabus-a-pieve-di-cadore-intervento-del-cnddu\/","title":{"rendered":"Sospensione scuolabus a Pieve di Cadore. Intervento del CNDDU"},"content":{"rendered":"<p class=\"subject\"><strong>Richiamato il rispetto degli artt. 3, 34 e 97 Cost. e la continuit\u00e0 dei servizi scolastici essenziali nelle aree periferiche\u00a0<\/strong><\/p>\n<p>Il Coordinamento Nazionale Docenti della disciplina dei Diritti Umani interviene in relazione alla vicenda segnalata dalla stampa in data 28 aprile 2026, concernente la sospensione del servizio di trasporto scolastico nel Comune di Pieve di Cadore, in provincia di Belluno, determinata dall\u2019assenza dell\u2019unico autista e con effetti fino all\u20198 maggio, che comporta l\u2019impossibilit\u00e0 per le alunne e gli alunni della scuola dell\u2019infanzia e primaria di fruire di un servizio essenziale ai fini dell\u2019effettivo esercizio del diritto all\u2019istruzione .<\/p>\n<p>Tale circostanza impone una riflessione che travalica il dato contingente e richiama direttamente i principi sanciti dall\u2019ordinamento costituzionale. L\u2019articolo 34 della Costituzione afferma con chiarezza che la scuola \u00e8 aperta a tutti, configurando un diritto soggettivo pieno la cui effettivit\u00e0 non pu\u00f2 essere subordinata a fattori di natura organizzativa o logistica. In stretta connessione, l\u2019articolo 3, secondo comma, impone alla Repubblica di rimuovere gli ostacoli di ordine economico e sociale che, limitando di fatto la libert\u00e0 e l\u2019uguaglianza dei cittadini, impediscono il pieno sviluppo della persona umana. In tale prospettiva, il servizio di trasporto scolastico, pur qualificabile come servizio pubblico locale, assume una funzione strumentale imprescindibile, soprattutto nei contesti territoriali caratterizzati da dispersione abitativa e difficolt\u00e0 di collegamento.<\/p>\n<p>La sospensione del servizio, seppur motivata da oggettive criticit\u00e0 legate alla carenza di personale, evidenzia una vulnerabilit\u00e0 strutturale incompatibile con il principio di continuit\u00e0 dell\u2019azione amministrativa e con il buon andamento della pubblica amministrazione, sancito dall\u2019articolo 97 della Costituzione. La dipendenza del servizio da un\u2019unica unit\u00e0 lavorativa, priva di adeguati meccanismi sostitutivi, configura infatti una situazione che espone il diritto allo studio a un rischio concreto di compressione, in contrasto anche con gli obblighi derivanti dalla normativa vigente in materia di servizi pubblici essenziali e con i principi desumibili dal decreto legislativo n. 63 del 2017, che promuove l\u2019accesso e la partecipazione piena ai percorsi di istruzione.<\/p>\n<p>Particolarmente rilevante appare il contesto territoriale, nel quale le condizioni geografiche e infrastrutturali incidono in maniera determinante sull\u2019effettiva fruizione dei servizi scolastici. In tali ambiti, la giurisprudenza amministrativa ha pi\u00f9 volte ribadito come le amministrazioni siano tenute ad adottare misure idonee a garantire un accesso non discriminatorio all\u2019istruzione, evitando che la residenza in aree periferiche o montane si traduca in una compressione dei diritti fondamentali. Ne deriva che eventuali limitazioni o sospensioni dei servizi devono essere valutate alla luce del principio di proporzionalit\u00e0 e accompagnate da soluzioni alternative adeguate, atte a scongiurare pregiudizi per l\u2019utenza pi\u00f9 vulnerabile.<\/p>\n<p>Il CNDDU, pur riconoscendo le difficolt\u00e0 operative degli enti locali, sottolinea la necessit\u00e0 di un intervento strutturale che consenta di superare tali criticit\u00e0 mediante un rafforzamento degli organici, una programmazione pi\u00f9 efficace dei servizi e il ricorso a forme di cooperazione istituzionale, in linea con il principio di leale collaborazione tra livelli di governo. Solo attraverso un approccio sistemico sar\u00e0 possibile garantire la continuit\u00e0 e l\u2019affidabilit\u00e0 dei servizi connessi al diritto all\u2019istruzione.<\/p>\n<p>Alla luce di quanto esposto, si auspica che la vicenda in oggetto costituisca occasione per un ripensamento complessivo delle politiche pubbliche in materia, affinch\u00e9 il diritto allo studio, quale diritto fondamentale della persona, sia assicurato in modo uniforme sull\u2019intero territorio nazionale, senza che condizioni contingenti o carenze organizzative possano incidere sulla sua piena ed effettiva fruizione.<\/p>\n<p><strong>prof. Romano Pesavento <\/strong><br \/>\n<strong>presidente CNDDU<\/strong><\/p>","protected":false},"excerpt":{"rendered":"<p>Richiamato il rispetto degli artt. 3, 34 e 97 Cost. e la continuit\u00e0 dei servizi scolastici essenziali nelle aree periferiche\u00a0 Il Coordinamento Nazionale Docenti della disciplina dei Diritti Umani interviene in relazione alla vicenda segnalata dalla stampa in data 28 aprile 2026, concernente la sospensione del servizio di trasporto scolastico nel Comune di Pieve di [&hellip;]<\/p>\n","protected":false},"author":2,"featured_media":168764,"comment_status":"closed","ping_status":"open","sticky":false,"template":"","format":"standard","meta":{"footnotes":""},"categories":[15],"tags":[],"class_list":["post-169591","post","type-post","status-publish","format-standard","has-post-thumbnail","category-scuola"],"yoast_head":"<!-- This site is optimized with the Yoast SEO plugin v28.4 - https:\/\/yoast.com\/product\/yoast-seo-wordpress\/ -->\n<title>Sospensione scuolabus a Pieve di Cadore. Intervento del CNDDU - Bellunopress - Dolomiti<\/title>\n<meta name=\"robots\" content=\"index, follow, max-snippet:-1, max-image-preview:large, max-video-preview:-1\" \/>\n<link rel=\"canonical\" href=\"https:\/\/www.bellunopress.it\/fr\/2026\/04\/29\/sospensione-scuolabus-a-pieve-di-cadore-intervento-del-cnddu\/\" \/>\n<meta property=\"og:locale\" content=\"fr_FR\" \/>\n<meta property=\"og:type\" content=\"article\" \/>\n<meta property=\"og:title\" content=\"Sospensione scuolabus a Pieve di Cadore. Intervento del CNDDU - Bellunopress - Dolomiti\" \/>\n<meta property=\"og:description\" content=\"Richiamato il rispetto degli artt. 3, 34 e 97 Cost. e la continuit\u00e0 dei servizi scolastici essenziali nelle aree periferiche\u00a0 Il Coordinamento Nazionale Docenti della disciplina dei Diritti Umani interviene in relazione alla vicenda segnalata dalla stampa in data 28 aprile 2026, concernente la sospensione del servizio di trasporto scolastico nel Comune di Pieve di [&hellip;]\" \/>\n<meta property=\"og:url\" content=\"https:\/\/www.bellunopress.it\/fr\/2026\/04\/29\/sospensione-scuolabus-a-pieve-di-cadore-intervento-del-cnddu\/\" \/>\n<meta property=\"og:site_name\" content=\"Bellunopress - Dolomiti\" \/>\n<meta property=\"article:publisher\" content=\"https:\/\/www.facebook.com\/profile.php?id=100008943462799\" \/>\n<meta property=\"article:published_time\" content=\"2026-04-29T06:03:52+00:00\" \/>\n<meta property=\"article:modified_time\" content=\"2026-04-29T06:04:28+00:00\" \/>\n<meta property=\"og:image\" content=\"https:\/\/www.bellunopress.it\/wp-content\/uploads\/2026\/04\/prof.-Romano-Pesavento-presidente-CNDDU.jpg\" \/>\n\t<meta property=\"og:image:width\" content=\"500\" \/>\n\t<meta property=\"og:image:height\" content=\"360\" \/>\n\t<meta property=\"og:image:type\" content=\"image\/jpeg\" \/>\n<meta name=\"author\" content=\"redazione\" \/>\n<meta name=\"twitter:card\" content=\"summary_large_image\" \/>\n<meta name=\"twitter:creator\" content=\"@bellunopress\" \/>\n<meta name=\"twitter:site\" content=\"@bellunopress\" \/>\n<meta name=\"twitter:label1\" content=\"\u00c9crit par\" \/>\n\t<meta name=\"twitter:data1\" content=\"redazione\" \/>\n\t<meta name=\"twitter:label2\" content=\"Dur\u00e9e de lecture estim\u00e9e\" \/>\n\t<meta name=\"twitter:data2\" content=\"3 minutes\" \/>\n<script type=\"application\/ld+json\" class=\"yoast-schema-graph\">{\"@context\":\"https:\\\/\\\/schema.org\",\"@graph\":[{\"@type\":\"Article\",\"@id\":\"https:\\\/\\\/www.bellunopress.it\\\/2026\\\/04\\\/29\\\/sospensione-scuolabus-a-pieve-di-cadore-intervento-del-cnddu\\\/#article\",\"isPartOf\":{\"@id\":\"https:\\\/\\\/www.bellunopress.it\\\/2026\\\/04\\\/29\\\/sospensione-scuolabus-a-pieve-di-cadore-intervento-del-cnddu\\\/\"},\"author\":{\"name\":\"redazione\",\"@id\":\"https:\\\/\\\/www.bellunopress.it\\\/#\\\/schema\\\/person\\\/79bb06722b37ece1c03d3e94beb30d73\"},\"headline\":\"Sospensione scuolabus a Pieve di Cadore. Intervento del CNDDU\",\"datePublished\":\"2026-04-29T06:03:52+00:00\",\"dateModified\":\"2026-04-29T06:04:28+00:00\",\"mainEntityOfPage\":{\"@id\":\"https:\\\/\\\/www.bellunopress.it\\\/2026\\\/04\\\/29\\\/sospensione-scuolabus-a-pieve-di-cadore-intervento-del-cnddu\\\/\"},\"wordCount\":570,\"publisher\":{\"@id\":\"https:\\\/\\\/www.bellunopress.it\\\/#organization\"},\"image\":{\"@id\":\"https:\\\/\\\/www.bellunopress.it\\\/2026\\\/04\\\/29\\\/sospensione-scuolabus-a-pieve-di-cadore-intervento-del-cnddu\\\/#primaryimage\"},\"thumbnailUrl\":\"https:\\\/\\\/www.bellunopress.it\\\/wp-content\\\/uploads\\\/2026\\\/04\\\/prof.-Romano-Pesavento-presidente-CNDDU.jpg\",\"articleSection\":[\"Scuola\"],\"inLanguage\":\"fr-FR\"},{\"@type\":\"WebPage\",\"@id\":\"https:\\\/\\\/www.bellunopress.it\\\/2026\\\/04\\\/29\\\/sospensione-scuolabus-a-pieve-di-cadore-intervento-del-cnddu\\\/\",\"url\":\"https:\\\/\\\/www.bellunopress.it\\\/2026\\\/04\\\/29\\\/sospensione-scuolabus-a-pieve-di-cadore-intervento-del-cnddu\\\/\",\"name\":\"Sospensione scuolabus a Pieve di Cadore. Intervento del CNDDU - Bellunopress - Dolomiti\",\"isPartOf\":{\"@id\":\"https:\\\/\\\/www.bellunopress.it\\\/#website\"},\"primaryImageOfPage\":{\"@id\":\"https:\\\/\\\/www.bellunopress.it\\\/2026\\\/04\\\/29\\\/sospensione-scuolabus-a-pieve-di-cadore-intervento-del-cnddu\\\/#primaryimage\"},\"image\":{\"@id\":\"https:\\\/\\\/www.bellunopress.it\\\/2026\\\/04\\\/29\\\/sospensione-scuolabus-a-pieve-di-cadore-intervento-del-cnddu\\\/#primaryimage\"},\"thumbnailUrl\":\"https:\\\/\\\/www.bellunopress.it\\\/wp-content\\\/uploads\\\/2026\\\/04\\\/prof.-Romano-Pesavento-presidente-CNDDU.jpg\",\"datePublished\":\"2026-04-29T06:03:52+00:00\",\"dateModified\":\"2026-04-29T06:04:28+00:00\",\"breadcrumb\":{\"@id\":\"https:\\\/\\\/www.bellunopress.it\\\/2026\\\/04\\\/29\\\/sospensione-scuolabus-a-pieve-di-cadore-intervento-del-cnddu\\\/#breadcrumb\"},\"inLanguage\":\"fr-FR\",\"potentialAction\":[{\"@type\":\"ReadAction\",\"target\":[\"https:\\\/\\\/www.bellunopress.it\\\/2026\\\/04\\\/29\\\/sospensione-scuolabus-a-pieve-di-cadore-intervento-del-cnddu\\\/\"]}]},{\"@type\":\"ImageObject\",\"inLanguage\":\"fr-FR\",\"@id\":\"https:\\\/\\\/www.bellunopress.it\\\/2026\\\/04\\\/29\\\/sospensione-scuolabus-a-pieve-di-cadore-intervento-del-cnddu\\\/#primaryimage\",\"url\":\"https:\\\/\\\/www.bellunopress.it\\\/wp-content\\\/uploads\\\/2026\\\/04\\\/prof.-Romano-Pesavento-presidente-CNDDU.jpg\",\"contentUrl\":\"https:\\\/\\\/www.bellunopress.it\\\/wp-content\\\/uploads\\\/2026\\\/04\\\/prof.-Romano-Pesavento-presidente-CNDDU.jpg\",\"width\":500,\"height\":360,\"caption\":\"Prof. Romano Pesavento - presidente CNDDU\"},{\"@type\":\"BreadcrumbList\",\"@id\":\"https:\\\/\\\/www.bellunopress.it\\\/2026\\\/04\\\/29\\\/sospensione-scuolabus-a-pieve-di-cadore-intervento-del-cnddu\\\/#breadcrumb\",\"itemListElement\":[{\"@type\":\"ListItem\",\"position\":1,\"name\":\"Home\",\"item\":\"https:\\\/\\\/www.bellunopress.it\\\/\"},{\"@type\":\"ListItem\",\"position\":2,\"name\":\"Sospensione scuolabus a Pieve di Cadore. Intervento del CNDDU\"}]},{\"@type\":\"WebSite\",\"@id\":\"https:\\\/\\\/www.bellunopress.it\\\/#website\",\"url\":\"https:\\\/\\\/www.bellunopress.it\\\/\",\"name\":\"Bellunopress - Dolomiti\",\"description\":\"e-mail: redazione@bellunopress.it\",\"publisher\":{\"@id\":\"https:\\\/\\\/www.bellunopress.it\\\/#organization\"},\"potentialAction\":[{\"@type\":\"SearchAction\",\"target\":{\"@type\":\"EntryPoint\",\"urlTemplate\":\"https:\\\/\\\/www.bellunopress.it\\\/?s={search_term_string}\"},\"query-input\":{\"@type\":\"PropertyValueSpecification\",\"valueRequired\":true,\"valueName\":\"search_term_string\"}}],\"inLanguage\":\"fr-FR\"},{\"@type\":\"Organization\",\"@id\":\"https:\\\/\\\/www.bellunopress.it\\\/#organization\",\"name\":\"Bellunopress\",\"url\":\"https:\\\/\\\/www.bellunopress.it\\\/\",\"logo\":{\"@type\":\"ImageObject\",\"inLanguage\":\"fr-FR\",\"@id\":\"https:\\\/\\\/www.bellunopress.it\\\/#\\\/schema\\\/logo\\\/image\\\/\",\"url\":\"https:\\\/\\\/www.bellunopress.it\\\/wp-content\\\/uploads\\\/2011\\\/05\\\/cropped-logo-bellunopress-.jpg\",\"contentUrl\":\"https:\\\/\\\/www.bellunopress.it\\\/wp-content\\\/uploads\\\/2011\\\/05\\\/cropped-logo-bellunopress-.jpg\",\"width\":512,\"height\":512,\"caption\":\"Bellunopress\"},\"image\":{\"@id\":\"https:\\\/\\\/www.bellunopress.it\\\/#\\\/schema\\\/logo\\\/image\\\/\"},\"sameAs\":[\"https:\\\/\\\/www.facebook.com\\\/profile.php?id=100008943462799\",\"https:\\\/\\\/x.com\\\/bellunopress\",\"https:\\\/\\\/www.linkedin.com\\\/hp\\\/?dnr=JBzUWaJfMUw8vbXJJ2tVW5-I3jZKvC4wsoxE&amp;amp;amp;amp;amp;amp;trk=nav_responsive_tab_home\",\"https:\\\/\\\/www.youtube.com\\\/channel\\\/UCxL0wu1uN0_3_7hGG0306cw\"]},{\"@type\":\"Person\",\"@id\":\"https:\\\/\\\/www.bellunopress.it\\\/#\\\/schema\\\/person\\\/79bb06722b37ece1c03d3e94beb30d73\",\"name\":\"redazione\",\"image\":{\"@type\":\"ImageObject\",\"inLanguage\":\"fr-FR\",\"@id\":\"https:\\\/\\\/secure.gravatar.com\\\/avatar\\\/37d968a2e67a6fd04c169c4bdef102d0bc5d31b2546345219e348575eb80e9a0?s=96&d=mm&r=g\",\"url\":\"https:\\\/\\\/secure.gravatar.com\\\/avatar\\\/37d968a2e67a6fd04c169c4bdef102d0bc5d31b2546345219e348575eb80e9a0?s=96&d=mm&r=g\",\"contentUrl\":\"https:\\\/\\\/secure.gravatar.com\\\/avatar\\\/37d968a2e67a6fd04c169c4bdef102d0bc5d31b2546345219e348575eb80e9a0?s=96&d=mm&r=g\",\"caption\":\"redazione\"},\"sameAs\":[\"http:\\\/\\\/www.bellunopress.it\",\"https:\\\/\\\/x.com\\\/bellunopress\"],\"url\":\"https:\\\/\\\/www.bellunopress.it\\\/fr\\\/author\\\/redazione\\\/\"}]}<\/script>\n<!-- \/ Yoast SEO plugin. -->","yoast_head_json":{"title":"Sospensione scuolabus a Pieve di Cadore. Intervento del CNDDU - Bellunopress - Dolomiti","robots":{"index":"index","follow":"follow","max-snippet":"max-snippet:-1","max-image-preview":"max-image-preview:large","max-video-preview":"max-video-preview:-1"},"canonical":"https:\/\/www.bellunopress.it\/fr\/2026\/04\/29\/sospensione-scuolabus-a-pieve-di-cadore-intervento-del-cnddu\/","og_locale":"fr_FR","og_type":"article","og_title":"Sospensione scuolabus a Pieve di Cadore. Intervento del CNDDU - Bellunopress - Dolomiti","og_description":"Richiamato il rispetto degli artt. 3, 34 e 97 Cost. e la continuit\u00e0 dei servizi scolastici essenziali nelle aree periferiche\u00a0 Il Coordinamento Nazionale Docenti della disciplina dei Diritti Umani interviene in relazione alla vicenda segnalata dalla stampa in data 28 aprile 2026, concernente la sospensione del servizio di trasporto scolastico nel Comune di Pieve di [&hellip;]","og_url":"https:\/\/www.bellunopress.it\/fr\/2026\/04\/29\/sospensione-scuolabus-a-pieve-di-cadore-intervento-del-cnddu\/","og_site_name":"Bellunopress - Dolomiti","article_publisher":"https:\/\/www.facebook.com\/profile.php?id=100008943462799","article_published_time":"2026-04-29T06:03:52+00:00","article_modified_time":"2026-04-29T06:04:28+00:00","og_image":[{"width":500,"height":360,"url":"https:\/\/www.bellunopress.it\/wp-content\/uploads\/2026\/04\/prof.-Romano-Pesavento-presidente-CNDDU.jpg","type":"image\/jpeg"}],"author":"redazione","twitter_card":"summary_large_image","twitter_creator":"@bellunopress","twitter_site":"@bellunopress","twitter_misc":{"\u00c9crit par":"redazione","Dur\u00e9e de lecture estim\u00e9e":"3 minutes"},"schema":{"@context":"https:\/\/schema.org","@graph":[{"@type":"Article","@id":"https:\/\/www.bellunopress.it\/2026\/04\/29\/sospensione-scuolabus-a-pieve-di-cadore-intervento-del-cnddu\/#article","isPartOf":{"@id":"https:\/\/www.bellunopress.it\/2026\/04\/29\/sospensione-scuolabus-a-pieve-di-cadore-intervento-del-cnddu\/"},"author":{"name":"redazione","@id":"https:\/\/www.bellunopress.it\/#\/schema\/person\/79bb06722b37ece1c03d3e94beb30d73"},"headline":"Sospensione scuolabus a Pieve di Cadore. Intervento del CNDDU","datePublished":"2026-04-29T06:03:52+00:00","dateModified":"2026-04-29T06:04:28+00:00","mainEntityOfPage":{"@id":"https:\/\/www.bellunopress.it\/2026\/04\/29\/sospensione-scuolabus-a-pieve-di-cadore-intervento-del-cnddu\/"},"wordCount":570,"publisher":{"@id":"https:\/\/www.bellunopress.it\/#organization"},"image":{"@id":"https:\/\/www.bellunopress.it\/2026\/04\/29\/sospensione-scuolabus-a-pieve-di-cadore-intervento-del-cnddu\/#primaryimage"},"thumbnailUrl":"https:\/\/www.bellunopress.it\/wp-content\/uploads\/2026\/04\/prof.-Romano-Pesavento-presidente-CNDDU.jpg","articleSection":["Scuola"],"inLanguage":"fr-FR"},{"@type":"WebPage","@id":"https:\/\/www.bellunopress.it\/2026\/04\/29\/sospensione-scuolabus-a-pieve-di-cadore-intervento-del-cnddu\/","url":"https:\/\/www.bellunopress.it\/2026\/04\/29\/sospensione-scuolabus-a-pieve-di-cadore-intervento-del-cnddu\/","name":"Sospensione scuolabus a Pieve di Cadore. Intervento del CNDDU - Bellunopress - Dolomiti","isPartOf":{"@id":"https:\/\/www.bellunopress.it\/#website"},"primaryImageOfPage":{"@id":"https:\/\/www.bellunopress.it\/2026\/04\/29\/sospensione-scuolabus-a-pieve-di-cadore-intervento-del-cnddu\/#primaryimage"},"image":{"@id":"https:\/\/www.bellunopress.it\/2026\/04\/29\/sospensione-scuolabus-a-pieve-di-cadore-intervento-del-cnddu\/#primaryimage"},"thumbnailUrl":"https:\/\/www.bellunopress.it\/wp-content\/uploads\/2026\/04\/prof.-Romano-Pesavento-presidente-CNDDU.jpg","datePublished":"2026-04-29T06:03:52+00:00","dateModified":"2026-04-29T06:04:28+00:00","breadcrumb":{"@id":"https:\/\/www.bellunopress.it\/2026\/04\/29\/sospensione-scuolabus-a-pieve-di-cadore-intervento-del-cnddu\/#breadcrumb"},"inLanguage":"fr-FR","potentialAction":[{"@type":"ReadAction","target":["https:\/\/www.bellunopress.it\/2026\/04\/29\/sospensione-scuolabus-a-pieve-di-cadore-intervento-del-cnddu\/"]}]},{"@type":"ImageObject","inLanguage":"fr-FR","@id":"https:\/\/www.bellunopress.it\/2026\/04\/29\/sospensione-scuolabus-a-pieve-di-cadore-intervento-del-cnddu\/#primaryimage","url":"https:\/\/www.bellunopress.it\/wp-content\/uploads\/2026\/04\/prof.-Romano-Pesavento-presidente-CNDDU.jpg","contentUrl":"https:\/\/www.bellunopress.it\/wp-content\/uploads\/2026\/04\/prof.-Romano-Pesavento-presidente-CNDDU.jpg","width":500,"height":360,"caption":"Prof. Romano Pesavento - presidente CNDDU"},{"@type":"BreadcrumbList","@id":"https:\/\/www.bellunopress.it\/2026\/04\/29\/sospensione-scuolabus-a-pieve-di-cadore-intervento-del-cnddu\/#breadcrumb","itemListElement":[{"@type":"ListItem","position":1,"name":"Home","item":"https:\/\/www.bellunopress.it\/"},{"@type":"ListItem","position":2,"name":"Sospensione scuolabus a Pieve di Cadore. Intervento del CNDDU"}]},{"@type":"WebSite","@id":"https:\/\/www.bellunopress.it\/#website","url":"https:\/\/www.bellunopress.it\/","name":"Bellunopress - Dolomiti","description":"e-mail: redazione@bellunopress.it","publisher":{"@id":"https:\/\/www.bellunopress.it\/#organization"},"potentialAction":[{"@type":"SearchAction","target":{"@type":"EntryPoint","urlTemplate":"https:\/\/www.bellunopress.it\/?s={search_term_string}"},"query-input":{"@type":"PropertyValueSpecification","valueRequired":true,"valueName":"search_term_string"}}],"inLanguage":"fr-FR"},{"@type":"Organization","@id":"https:\/\/www.bellunopress.it\/#organization","name":"Bellunopress","url":"https:\/\/www.bellunopress.it\/","logo":{"@type":"ImageObject","inLanguage":"fr-FR","@id":"https:\/\/www.bellunopress.it\/#\/schema\/logo\/image\/","url":"https:\/\/www.bellunopress.it\/wp-content\/uploads\/2011\/05\/cropped-logo-bellunopress-.jpg","contentUrl":"https:\/\/www.bellunopress.it\/wp-content\/uploads\/2011\/05\/cropped-logo-bellunopress-.jpg","width":512,"height":512,"caption":"Bellunopress"},"image":{"@id":"https:\/\/www.bellunopress.it\/#\/schema\/logo\/image\/"},"sameAs":["https:\/\/www.facebook.com\/profile.php?id=100008943462799","https:\/\/x.com\/bellunopress","https:\/\/www.linkedin.com\/hp\/?dnr=JBzUWaJfMUw8vbXJJ2tVW5-I3jZKvC4wsoxE&amp;amp;amp;amp;amp;amp;trk=nav_responsive_tab_home","https:\/\/www.youtube.com\/channel\/UCxL0wu1uN0_3_7hGG0306cw"]},{"@type":"Person","@id":"https:\/\/www.bellunopress.it\/#\/schema\/person\/79bb06722b37ece1c03d3e94beb30d73","name":"r\u00e9daction","image":{"@type":"ImageObject","inLanguage":"fr-FR","@id":"https:\/\/secure.gravatar.com\/avatar\/37d968a2e67a6fd04c169c4bdef102d0bc5d31b2546345219e348575eb80e9a0?s=96&d=mm&r=g","url":"https:\/\/secure.gravatar.com\/avatar\/37d968a2e67a6fd04c169c4bdef102d0bc5d31b2546345219e348575eb80e9a0?s=96&d=mm&r=g","contentUrl":"https:\/\/secure.gravatar.com\/avatar\/37d968a2e67a6fd04c169c4bdef102d0bc5d31b2546345219e348575eb80e9a0?s=96&d=mm&r=g","caption":"redazione"},"sameAs":["http:\/\/www.bellunopress.it","https:\/\/x.com\/bellunopress"],"url":"https:\/\/www.bellunopress.it\/fr\/author\/redazione\/"}]}},"_links":{"self":[{"href":"https:\/\/www.bellunopress.it\/fr\/wp-json\/wp\/v2\/posts\/169591","targetHints":{"allow":["GET"]}}],"collection":[{"href":"https:\/\/www.bellunopress.it\/fr\/wp-json\/wp\/v2\/posts"}],"about":[{"href":"https:\/\/www.bellunopress.it\/fr\/wp-json\/wp\/v2\/types\/post"}],"author":[{"embeddable":true,"href":"https:\/\/www.bellunopress.it\/fr\/wp-json\/wp\/v2\/users\/2"}],"replies":[{"embeddable":true,"href":"https:\/\/www.bellunopress.it\/fr\/wp-json\/wp\/v2\/comments?post=169591"}],"version-history":[{"count":2,"href":"https:\/\/www.bellunopress.it\/fr\/wp-json\/wp\/v2\/posts\/169591\/revisions"}],"predecessor-version":[{"id":169593,"href":"https:\/\/www.bellunopress.it\/fr\/wp-json\/wp\/v2\/posts\/169591\/revisions\/169593"}],"wp:featuredmedia":[{"embeddable":true,"href":"https:\/\/www.bellunopress.it\/fr\/wp-json\/wp\/v2\/media\/168764"}],"wp:attachment":[{"href":"https:\/\/www.bellunopress.it\/fr\/wp-json\/wp\/v2\/media?parent=169591"}],"wp:term":[{"taxonomy":"category","embeddable":true,"href":"https:\/\/www.bellunopress.it\/fr\/wp-json\/wp\/v2\/categories?post=169591"},{"taxonomy":"post_tag","embeddable":true,"href":"https:\/\/www.bellunopress.it\/fr\/wp-json\/wp\/v2\/tags?post=169591"}],"curies":[{"name":"wp","href":"https:\/\/api.w.org\/{rel}","templated":true}]}}