{"id":169588,"date":"2026-04-28T21:15:33","date_gmt":"2026-04-28T19:15:33","guid":{"rendered":"https:\/\/www.bellunopress.it\/?p=169588"},"modified":"2026-04-28T21:15:33","modified_gmt":"2026-04-28T19:15:33","slug":"upi-veneto-nominati-i-consiglieri-che-parteciperanno-allassemblea-di-roma-il-13-maggio","status":"publish","type":"post","link":"https:\/\/www.bellunopress.it\/fr\/2026\/04\/28\/upi-veneto-nominati-i-consiglieri-che-parteciperanno-allassemblea-di-roma-il-13-maggio\/","title":{"rendered":"UPI Veneto: nominati i Consiglieri che parteciperanno all\u2019Assemblea di Roma il 13 maggio"},"content":{"rendered":"<p><strong>Per Belluno sono Marco Staunovo Polacco, presidente Provincia, e Massimo Bortoluzzi, consigliere Comune di Alpago<\/strong><\/p>\n<p><strong>Presidenti delle Province e delegati da tutta Italia voteranno per l\u2019elezione del nuovo presidente UPI nazionale<\/strong><\/p>\n<p>Anche quest\u2019anno l\u2019Unione Province del Veneto parteciper\u00e0 ai lavori dell\u2019Assemblea Generale dell\u2019Unione Province d\u2019Italia, in programma il 13 maggio nella Sala \u201cNazionale Spazio Eventi\u201d a Roma: all\u2019ordine del giorno, l\u2019elezione del nuovo Presidente di UPI nazionale che subentrer\u00e0 a Pasquale Gandolfi, eletto a dicembre 2024. In rappresentanza delle Province venete, insieme al neo incaricato presidente di UPI Veneto Flavio Massimo Pasini, che svolge anche il ruolo di vicepresidente vicario UPI nazionale oltre che di presidente della Provincia di Verona, saranno presenti:<\/p>\n<p>per la Provincia di Belluno<br \/>\n\u2022 Marco Staunovo Polacco (presidente Provincia di Belluno)<br \/>\n\u2022 Massimo Bortoluzzi (consigliere Comune di Alpago)<br \/>\nper la Provincia di Padova<br \/>\n\u2022 Sergio Giordani (presidente Provincia di Padova)<br \/>\n\u2022 Daniele Canella (sindaco Comune San Giorgio delle Pertiche)<br \/>\n\u2022 Vincenzo Gottardo (consigliere Comune di Campodoro)<br \/>\n\u2022 Paola Martin (consigliere Comune di Piove di Sacco)<br \/>\nper la Provincia di Rovigo<br \/>\n\u2022 Enrico Ferrarese (presidente Provincia di Rovigo)<br \/>\n\u2022 Giovanni Rossi (sindaco Comune di Badia Polesine)<br \/>\nper la Provincia di Treviso<br \/>\n\u2022 Marco Donadel (presidente Provincia di Treviso)<br \/>\n\u2022 Olga Rilampa (consigliere Comune di Conegliano)<br \/>\n\u2022 Diego Zanchetta (sindaco Comune di Gaiarine)<br \/>\nper la Provincia di Verona<br \/>\n\u2022 Flavio Massimo Pasini (presidente Provincia di Verona e presidente UPI Veneto)<br \/>\n\u2022 David Di Michele (vicesindaco Comune di Lavagno)<br \/>\n\u2022 Alberto Mazzurana (consigliere Comune di Brentino Belluno)<br \/>\n\u2022 Sara Moretto (sindaco Comune di Buttapietra)<br \/>\nper la Provincia di Vicenza<br \/>\n\u2022 Andrea Nardin (presidente Provincia di Vicenza e vicepresidente UPI Veneto)<br \/>\n\u2022 Maria Cristina Franco (consigliere Comune di Costabissara)<br \/>\n\u2022 Filippo Negro (sindaco Comune di Chiampo)<br \/>\n\u2022 Roberto Campagnolo (consigliere Comune di Bassano del Grappa)<\/p>\n<p>La delegazione veneta parteciper\u00e0 all\u2019Assemblea del 13 maggio quale momento di confronto istituzionale a livello nazionale, volto a condividere strategie, priorit\u00e0 e prospettive per il rafforzamento del ruolo delle Province e lo sviluppo dei territori, nonch\u00e9, naturalmente, per dare il proprio contributo nell\u2019ambito delle votazioni per l\u2019elezione del nuovo presidente UPI, che rappresenter\u00e0 le Province in tutto il Paese.<\/p>","protected":false},"excerpt":{"rendered":"<p>Per Belluno sono Marco Staunovo Polacco, presidente Provincia, e Massimo Bortoluzzi, consigliere Comune di Alpago Presidenti delle Province e delegati da tutta Italia voteranno per l\u2019elezione del nuovo presidente UPI nazionale Anche quest\u2019anno l\u2019Unione Province del Veneto parteciper\u00e0 ai lavori dell\u2019Assemblea Generale dell\u2019Unione Province d\u2019Italia, in programma il 13 maggio nella Sala \u201cNazionale Spazio Eventi\u201d [&hellip;]<\/p>\n","protected":false},"author":2,"featured_media":169589,"comment_status":"closed","ping_status":"open","sticky":false,"template":"","format":"standard","meta":{"footnotes":""},"categories":[5,26],"tags":[],"class_list":["post-169588","post","type-post","status-publish","format-standard","has-post-thumbnail","category-cronaca","category-prima-pagina"],"yoast_head":"<!-- This site is optimized with the Yoast SEO plugin v28.4 - https:\/\/yoast.com\/product\/yoast-seo-wordpress\/ -->\n<title>UPI Veneto: nominati i Consiglieri che parteciperanno all\u2019Assemblea di Roma il 13 maggio - Bellunopress - Dolomiti<\/title>\n<meta name=\"robots\" content=\"index, follow, max-snippet:-1, max-image-preview:large, max-video-preview:-1\" \/>\n<link rel=\"canonical\" href=\"https:\/\/www.bellunopress.it\/fr\/2026\/04\/28\/upi-veneto-nominati-i-consiglieri-che-parteciperanno-allassemblea-di-roma-il-13-maggio\/\" \/>\n<meta property=\"og:locale\" content=\"fr_FR\" \/>\n<meta property=\"og:type\" content=\"article\" \/>\n<meta property=\"og:title\" content=\"UPI Veneto: nominati i Consiglieri che parteciperanno all\u2019Assemblea di Roma il 13 maggio - Bellunopress - Dolomiti\" \/>\n<meta property=\"og:description\" content=\"Per Belluno sono Marco Staunovo Polacco, presidente Provincia, e Massimo Bortoluzzi, consigliere Comune di Alpago Presidenti delle Province e delegati da tutta Italia voteranno per l\u2019elezione del nuovo presidente UPI nazionale Anche quest\u2019anno l\u2019Unione Province del Veneto parteciper\u00e0 ai lavori dell\u2019Assemblea Generale dell\u2019Unione Province d\u2019Italia, in programma il 13 maggio nella Sala \u201cNazionale Spazio Eventi\u201d [&hellip;]\" \/>\n<meta property=\"og:url\" content=\"https:\/\/www.bellunopress.it\/fr\/2026\/04\/28\/upi-veneto-nominati-i-consiglieri-che-parteciperanno-allassemblea-di-roma-il-13-maggio\/\" \/>\n<meta property=\"og:site_name\" content=\"Bellunopress - Dolomiti\" \/>\n<meta property=\"article:publisher\" content=\"https:\/\/www.facebook.com\/profile.php?id=100008943462799\" \/>\n<meta property=\"article:published_time\" content=\"2026-04-28T19:15:33+00:00\" \/>\n<meta property=\"og:image\" content=\"https:\/\/www.bellunopress.it\/wp-content\/uploads\/2026\/04\/UPI-Veneto-Unione-Province.jpg\" \/>\n\t<meta property=\"og:image:width\" content=\"348\" \/>\n\t<meta property=\"og:image:height\" content=\"348\" \/>\n\t<meta property=\"og:image:type\" content=\"image\/jpeg\" \/>\n<meta name=\"author\" content=\"redazione\" \/>\n<meta name=\"twitter:card\" content=\"summary_large_image\" \/>\n<meta name=\"twitter:creator\" content=\"@bellunopress\" \/>\n<meta name=\"twitter:site\" content=\"@bellunopress\" \/>\n<meta name=\"twitter:label1\" content=\"\u00c9crit par\" \/>\n\t<meta name=\"twitter:data1\" content=\"redazione\" \/>\n\t<meta name=\"twitter:label2\" content=\"Dur\u00e9e de lecture estim\u00e9e\" \/>\n\t<meta name=\"twitter:data2\" content=\"2 minutes\" \/>\n<script type=\"application\/ld+json\" class=\"yoast-schema-graph\">{\"@context\":\"https:\\\/\\\/schema.org\",\"@graph\":[{\"@type\":\"Article\",\"@id\":\"https:\\\/\\\/www.bellunopress.it\\\/2026\\\/04\\\/28\\\/upi-veneto-nominati-i-consiglieri-che-parteciperanno-allassemblea-di-roma-il-13-maggio\\\/#article\",\"isPartOf\":{\"@id\":\"https:\\\/\\\/www.bellunopress.it\\\/2026\\\/04\\\/28\\\/upi-veneto-nominati-i-consiglieri-che-parteciperanno-allassemblea-di-roma-il-13-maggio\\\/\"},\"author\":{\"name\":\"redazione\",\"@id\":\"https:\\\/\\\/www.bellunopress.it\\\/#\\\/schema\\\/person\\\/79bb06722b37ece1c03d3e94beb30d73\"},\"headline\":\"UPI Veneto: nominati i Consiglieri che parteciperanno all\u2019Assemblea di Roma il 13 maggio\",\"datePublished\":\"2026-04-28T19:15:33+00:00\",\"mainEntityOfPage\":{\"@id\":\"https:\\\/\\\/www.bellunopress.it\\\/2026\\\/04\\\/28\\\/upi-veneto-nominati-i-consiglieri-che-parteciperanno-allassemblea-di-roma-il-13-maggio\\\/\"},\"wordCount\":356,\"publisher\":{\"@id\":\"https:\\\/\\\/www.bellunopress.it\\\/#organization\"},\"image\":{\"@id\":\"https:\\\/\\\/www.bellunopress.it\\\/2026\\\/04\\\/28\\\/upi-veneto-nominati-i-consiglieri-che-parteciperanno-allassemblea-di-roma-il-13-maggio\\\/#primaryimage\"},\"thumbnailUrl\":\"https:\\\/\\\/www.bellunopress.it\\\/wp-content\\\/uploads\\\/2026\\\/04\\\/UPI-Veneto-Unione-Province.jpg\",\"articleSection\":[\"Cronaca\\\/Politica\",\"Prima Pagina\"],\"inLanguage\":\"fr-FR\"},{\"@type\":\"WebPage\",\"@id\":\"https:\\\/\\\/www.bellunopress.it\\\/2026\\\/04\\\/28\\\/upi-veneto-nominati-i-consiglieri-che-parteciperanno-allassemblea-di-roma-il-13-maggio\\\/\",\"url\":\"https:\\\/\\\/www.bellunopress.it\\\/2026\\\/04\\\/28\\\/upi-veneto-nominati-i-consiglieri-che-parteciperanno-allassemblea-di-roma-il-13-maggio\\\/\",\"name\":\"UPI Veneto: nominati i Consiglieri che parteciperanno all\u2019Assemblea di Roma il 13 maggio - Bellunopress - Dolomiti\",\"isPartOf\":{\"@id\":\"https:\\\/\\\/www.bellunopress.it\\\/#website\"},\"primaryImageOfPage\":{\"@id\":\"https:\\\/\\\/www.bellunopress.it\\\/2026\\\/04\\\/28\\\/upi-veneto-nominati-i-consiglieri-che-parteciperanno-allassemblea-di-roma-il-13-maggio\\\/#primaryimage\"},\"image\":{\"@id\":\"https:\\\/\\\/www.bellunopress.it\\\/2026\\\/04\\\/28\\\/upi-veneto-nominati-i-consiglieri-che-parteciperanno-allassemblea-di-roma-il-13-maggio\\\/#primaryimage\"},\"thumbnailUrl\":\"https:\\\/\\\/www.bellunopress.it\\\/wp-content\\\/uploads\\\/2026\\\/04\\\/UPI-Veneto-Unione-Province.jpg\",\"datePublished\":\"2026-04-28T19:15:33+00:00\",\"breadcrumb\":{\"@id\":\"https:\\\/\\\/www.bellunopress.it\\\/2026\\\/04\\\/28\\\/upi-veneto-nominati-i-consiglieri-che-parteciperanno-allassemblea-di-roma-il-13-maggio\\\/#breadcrumb\"},\"inLanguage\":\"fr-FR\",\"potentialAction\":[{\"@type\":\"ReadAction\",\"target\":[\"https:\\\/\\\/www.bellunopress.it\\\/2026\\\/04\\\/28\\\/upi-veneto-nominati-i-consiglieri-che-parteciperanno-allassemblea-di-roma-il-13-maggio\\\/\"]}]},{\"@type\":\"ImageObject\",\"inLanguage\":\"fr-FR\",\"@id\":\"https:\\\/\\\/www.bellunopress.it\\\/2026\\\/04\\\/28\\\/upi-veneto-nominati-i-consiglieri-che-parteciperanno-allassemblea-di-roma-il-13-maggio\\\/#primaryimage\",\"url\":\"https:\\\/\\\/www.bellunopress.it\\\/wp-content\\\/uploads\\\/2026\\\/04\\\/UPI-Veneto-Unione-Province.jpg\",\"contentUrl\":\"https:\\\/\\\/www.bellunopress.it\\\/wp-content\\\/uploads\\\/2026\\\/04\\\/UPI-Veneto-Unione-Province.jpg\",\"width\":348,\"height\":348},{\"@type\":\"BreadcrumbList\",\"@id\":\"https:\\\/\\\/www.bellunopress.it\\\/2026\\\/04\\\/28\\\/upi-veneto-nominati-i-consiglieri-che-parteciperanno-allassemblea-di-roma-il-13-maggio\\\/#breadcrumb\",\"itemListElement\":[{\"@type\":\"ListItem\",\"position\":1,\"name\":\"Home\",\"item\":\"https:\\\/\\\/www.bellunopress.it\\\/\"},{\"@type\":\"ListItem\",\"position\":2,\"name\":\"UPI Veneto: nominati i Consiglieri che parteciperanno all\u2019Assemblea di Roma il 13 maggio\"}]},{\"@type\":\"WebSite\",\"@id\":\"https:\\\/\\\/www.bellunopress.it\\\/#website\",\"url\":\"https:\\\/\\\/www.bellunopress.it\\\/\",\"name\":\"Bellunopress - Dolomiti\",\"description\":\"e-mail: redazione@bellunopress.it\",\"publisher\":{\"@id\":\"https:\\\/\\\/www.bellunopress.it\\\/#organization\"},\"potentialAction\":[{\"@type\":\"SearchAction\",\"target\":{\"@type\":\"EntryPoint\",\"urlTemplate\":\"https:\\\/\\\/www.bellunopress.it\\\/?s={search_term_string}\"},\"query-input\":{\"@type\":\"PropertyValueSpecification\",\"valueRequired\":true,\"valueName\":\"search_term_string\"}}],\"inLanguage\":\"fr-FR\"},{\"@type\":\"Organization\",\"@id\":\"https:\\\/\\\/www.bellunopress.it\\\/#organization\",\"name\":\"Bellunopress\",\"url\":\"https:\\\/\\\/www.bellunopress.it\\\/\",\"logo\":{\"@type\":\"ImageObject\",\"inLanguage\":\"fr-FR\",\"@id\":\"https:\\\/\\\/www.bellunopress.it\\\/#\\\/schema\\\/logo\\\/image\\\/\",\"url\":\"https:\\\/\\\/www.bellunopress.it\\\/wp-content\\\/uploads\\\/2011\\\/05\\\/cropped-logo-bellunopress-.jpg\",\"contentUrl\":\"https:\\\/\\\/www.bellunopress.it\\\/wp-content\\\/uploads\\\/2011\\\/05\\\/cropped-logo-bellunopress-.jpg\",\"width\":512,\"height\":512,\"caption\":\"Bellunopress\"},\"image\":{\"@id\":\"https:\\\/\\\/www.bellunopress.it\\\/#\\\/schema\\\/logo\\\/image\\\/\"},\"sameAs\":[\"https:\\\/\\\/www.facebook.com\\\/profile.php?id=100008943462799\",\"https:\\\/\\\/x.com\\\/bellunopress\",\"https:\\\/\\\/www.linkedin.com\\\/hp\\\/?dnr=JBzUWaJfMUw8vbXJJ2tVW5-I3jZKvC4wsoxE&amp;amp;amp;amp;amp;amp;trk=nav_responsive_tab_home\",\"https:\\\/\\\/www.youtube.com\\\/channel\\\/UCxL0wu1uN0_3_7hGG0306cw\"]},{\"@type\":\"Person\",\"@id\":\"https:\\\/\\\/www.bellunopress.it\\\/#\\\/schema\\\/person\\\/79bb06722b37ece1c03d3e94beb30d73\",\"name\":\"redazione\",\"image\":{\"@type\":\"ImageObject\",\"inLanguage\":\"fr-FR\",\"@id\":\"https:\\\/\\\/secure.gravatar.com\\\/avatar\\\/37d968a2e67a6fd04c169c4bdef102d0bc5d31b2546345219e348575eb80e9a0?s=96&d=mm&r=g\",\"url\":\"https:\\\/\\\/secure.gravatar.com\\\/avatar\\\/37d968a2e67a6fd04c169c4bdef102d0bc5d31b2546345219e348575eb80e9a0?s=96&d=mm&r=g\",\"contentUrl\":\"https:\\\/\\\/secure.gravatar.com\\\/avatar\\\/37d968a2e67a6fd04c169c4bdef102d0bc5d31b2546345219e348575eb80e9a0?s=96&d=mm&r=g\",\"caption\":\"redazione\"},\"sameAs\":[\"http:\\\/\\\/www.bellunopress.it\",\"https:\\\/\\\/x.com\\\/bellunopress\"],\"url\":\"https:\\\/\\\/www.bellunopress.it\\\/fr\\\/author\\\/redazione\\\/\"}]}<\/script>\n<!-- \/ Yoast SEO plugin. -->","yoast_head_json":{"title":"UPI Veneto: nominati i Consiglieri che parteciperanno all\u2019Assemblea di Roma il 13 maggio - Bellunopress - Dolomiti","robots":{"index":"index","follow":"follow","max-snippet":"max-snippet:-1","max-image-preview":"max-image-preview:large","max-video-preview":"max-video-preview:-1"},"canonical":"https:\/\/www.bellunopress.it\/fr\/2026\/04\/28\/upi-veneto-nominati-i-consiglieri-che-parteciperanno-allassemblea-di-roma-il-13-maggio\/","og_locale":"fr_FR","og_type":"article","og_title":"UPI Veneto: nominati i Consiglieri che parteciperanno all\u2019Assemblea di Roma il 13 maggio - Bellunopress - Dolomiti","og_description":"Per Belluno sono Marco Staunovo Polacco, presidente Provincia, e Massimo Bortoluzzi, consigliere Comune di Alpago Presidenti delle Province e delegati da tutta Italia voteranno per l\u2019elezione del nuovo presidente UPI nazionale Anche quest\u2019anno l\u2019Unione Province del Veneto parteciper\u00e0 ai lavori dell\u2019Assemblea Generale dell\u2019Unione Province d\u2019Italia, in programma il 13 maggio nella Sala \u201cNazionale Spazio Eventi\u201d [&hellip;]","og_url":"https:\/\/www.bellunopress.it\/fr\/2026\/04\/28\/upi-veneto-nominati-i-consiglieri-che-parteciperanno-allassemblea-di-roma-il-13-maggio\/","og_site_name":"Bellunopress - Dolomiti","article_publisher":"https:\/\/www.facebook.com\/profile.php?id=100008943462799","article_published_time":"2026-04-28T19:15:33+00:00","og_image":[{"width":348,"height":348,"url":"https:\/\/www.bellunopress.it\/wp-content\/uploads\/2026\/04\/UPI-Veneto-Unione-Province.jpg","type":"image\/jpeg"}],"author":"redazione","twitter_card":"summary_large_image","twitter_creator":"@bellunopress","twitter_site":"@bellunopress","twitter_misc":{"\u00c9crit par":"redazione","Dur\u00e9e de lecture estim\u00e9e":"2 minutes"},"schema":{"@context":"https:\/\/schema.org","@graph":[{"@type":"Article","@id":"https:\/\/www.bellunopress.it\/2026\/04\/28\/upi-veneto-nominati-i-consiglieri-che-parteciperanno-allassemblea-di-roma-il-13-maggio\/#article","isPartOf":{"@id":"https:\/\/www.bellunopress.it\/2026\/04\/28\/upi-veneto-nominati-i-consiglieri-che-parteciperanno-allassemblea-di-roma-il-13-maggio\/"},"author":{"name":"redazione","@id":"https:\/\/www.bellunopress.it\/#\/schema\/person\/79bb06722b37ece1c03d3e94beb30d73"},"headline":"UPI Veneto: nominati i Consiglieri che parteciperanno all\u2019Assemblea di Roma il 13 maggio","datePublished":"2026-04-28T19:15:33+00:00","mainEntityOfPage":{"@id":"https:\/\/www.bellunopress.it\/2026\/04\/28\/upi-veneto-nominati-i-consiglieri-che-parteciperanno-allassemblea-di-roma-il-13-maggio\/"},"wordCount":356,"publisher":{"@id":"https:\/\/www.bellunopress.it\/#organization"},"image":{"@id":"https:\/\/www.bellunopress.it\/2026\/04\/28\/upi-veneto-nominati-i-consiglieri-che-parteciperanno-allassemblea-di-roma-il-13-maggio\/#primaryimage"},"thumbnailUrl":"https:\/\/www.bellunopress.it\/wp-content\/uploads\/2026\/04\/UPI-Veneto-Unione-Province.jpg","articleSection":["Cronaca\/Politica","Prima Pagina"],"inLanguage":"fr-FR"},{"@type":"WebPage","@id":"https:\/\/www.bellunopress.it\/2026\/04\/28\/upi-veneto-nominati-i-consiglieri-che-parteciperanno-allassemblea-di-roma-il-13-maggio\/","url":"https:\/\/www.bellunopress.it\/2026\/04\/28\/upi-veneto-nominati-i-consiglieri-che-parteciperanno-allassemblea-di-roma-il-13-maggio\/","name":"UPI Veneto: nominati i Consiglieri che parteciperanno all\u2019Assemblea di Roma il 13 maggio - Bellunopress - Dolomiti","isPartOf":{"@id":"https:\/\/www.bellunopress.it\/#website"},"primaryImageOfPage":{"@id":"https:\/\/www.bellunopress.it\/2026\/04\/28\/upi-veneto-nominati-i-consiglieri-che-parteciperanno-allassemblea-di-roma-il-13-maggio\/#primaryimage"},"image":{"@id":"https:\/\/www.bellunopress.it\/2026\/04\/28\/upi-veneto-nominati-i-consiglieri-che-parteciperanno-allassemblea-di-roma-il-13-maggio\/#primaryimage"},"thumbnailUrl":"https:\/\/www.bellunopress.it\/wp-content\/uploads\/2026\/04\/UPI-Veneto-Unione-Province.jpg","datePublished":"2026-04-28T19:15:33+00:00","breadcrumb":{"@id":"https:\/\/www.bellunopress.it\/2026\/04\/28\/upi-veneto-nominati-i-consiglieri-che-parteciperanno-allassemblea-di-roma-il-13-maggio\/#breadcrumb"},"inLanguage":"fr-FR","potentialAction":[{"@type":"ReadAction","target":["https:\/\/www.bellunopress.it\/2026\/04\/28\/upi-veneto-nominati-i-consiglieri-che-parteciperanno-allassemblea-di-roma-il-13-maggio\/"]}]},{"@type":"ImageObject","inLanguage":"fr-FR","@id":"https:\/\/www.bellunopress.it\/2026\/04\/28\/upi-veneto-nominati-i-consiglieri-che-parteciperanno-allassemblea-di-roma-il-13-maggio\/#primaryimage","url":"https:\/\/www.bellunopress.it\/wp-content\/uploads\/2026\/04\/UPI-Veneto-Unione-Province.jpg","contentUrl":"https:\/\/www.bellunopress.it\/wp-content\/uploads\/2026\/04\/UPI-Veneto-Unione-Province.jpg","width":348,"height":348},{"@type":"BreadcrumbList","@id":"https:\/\/www.bellunopress.it\/2026\/04\/28\/upi-veneto-nominati-i-consiglieri-che-parteciperanno-allassemblea-di-roma-il-13-maggio\/#breadcrumb","itemListElement":[{"@type":"ListItem","position":1,"name":"Home","item":"https:\/\/www.bellunopress.it\/"},{"@type":"ListItem","position":2,"name":"UPI Veneto: nominati i Consiglieri che parteciperanno all\u2019Assemblea di Roma il 13 maggio"}]},{"@type":"WebSite","@id":"https:\/\/www.bellunopress.it\/#website","url":"https:\/\/www.bellunopress.it\/","name":"Bellunopress - Dolomiti","description":"e-mail: redazione@bellunopress.it","publisher":{"@id":"https:\/\/www.bellunopress.it\/#organization"},"potentialAction":[{"@type":"SearchAction","target":{"@type":"EntryPoint","urlTemplate":"https:\/\/www.bellunopress.it\/?s={search_term_string}"},"query-input":{"@type":"PropertyValueSpecification","valueRequired":true,"valueName":"search_term_string"}}],"inLanguage":"fr-FR"},{"@type":"Organization","@id":"https:\/\/www.bellunopress.it\/#organization","name":"Bellunopress","url":"https:\/\/www.bellunopress.it\/","logo":{"@type":"ImageObject","inLanguage":"fr-FR","@id":"https:\/\/www.bellunopress.it\/#\/schema\/logo\/image\/","url":"https:\/\/www.bellunopress.it\/wp-content\/uploads\/2011\/05\/cropped-logo-bellunopress-.jpg","contentUrl":"https:\/\/www.bellunopress.it\/wp-content\/uploads\/2011\/05\/cropped-logo-bellunopress-.jpg","width":512,"height":512,"caption":"Bellunopress"},"image":{"@id":"https:\/\/www.bellunopress.it\/#\/schema\/logo\/image\/"},"sameAs":["https:\/\/www.facebook.com\/profile.php?id=100008943462799","https:\/\/x.com\/bellunopress","https:\/\/www.linkedin.com\/hp\/?dnr=JBzUWaJfMUw8vbXJJ2tVW5-I3jZKvC4wsoxE&amp;amp;amp;amp;amp;amp;trk=nav_responsive_tab_home","https:\/\/www.youtube.com\/channel\/UCxL0wu1uN0_3_7hGG0306cw"]},{"@type":"Person","@id":"https:\/\/www.bellunopress.it\/#\/schema\/person\/79bb06722b37ece1c03d3e94beb30d73","name":"r\u00e9daction","image":{"@type":"ImageObject","inLanguage":"fr-FR","@id":"https:\/\/secure.gravatar.com\/avatar\/37d968a2e67a6fd04c169c4bdef102d0bc5d31b2546345219e348575eb80e9a0?s=96&d=mm&r=g","url":"https:\/\/secure.gravatar.com\/avatar\/37d968a2e67a6fd04c169c4bdef102d0bc5d31b2546345219e348575eb80e9a0?s=96&d=mm&r=g","contentUrl":"https:\/\/secure.gravatar.com\/avatar\/37d968a2e67a6fd04c169c4bdef102d0bc5d31b2546345219e348575eb80e9a0?s=96&d=mm&r=g","caption":"redazione"},"sameAs":["http:\/\/www.bellunopress.it","https:\/\/x.com\/bellunopress"],"url":"https:\/\/www.bellunopress.it\/fr\/author\/redazione\/"}]}},"_links":{"self":[{"href":"https:\/\/www.bellunopress.it\/fr\/wp-json\/wp\/v2\/posts\/169588","targetHints":{"allow":["GET"]}}],"collection":[{"href":"https:\/\/www.bellunopress.it\/fr\/wp-json\/wp\/v2\/posts"}],"about":[{"href":"https:\/\/www.bellunopress.it\/fr\/wp-json\/wp\/v2\/types\/post"}],"author":[{"embeddable":true,"href":"https:\/\/www.bellunopress.it\/fr\/wp-json\/wp\/v2\/users\/2"}],"replies":[{"embeddable":true,"href":"https:\/\/www.bellunopress.it\/fr\/wp-json\/wp\/v2\/comments?post=169588"}],"version-history":[{"count":1,"href":"https:\/\/www.bellunopress.it\/fr\/wp-json\/wp\/v2\/posts\/169588\/revisions"}],"predecessor-version":[{"id":169590,"href":"https:\/\/www.bellunopress.it\/fr\/wp-json\/wp\/v2\/posts\/169588\/revisions\/169590"}],"wp:featuredmedia":[{"embeddable":true,"href":"https:\/\/www.bellunopress.it\/fr\/wp-json\/wp\/v2\/media\/169589"}],"wp:attachment":[{"href":"https:\/\/www.bellunopress.it\/fr\/wp-json\/wp\/v2\/media?parent=169588"}],"wp:term":[{"taxonomy":"category","embeddable":true,"href":"https:\/\/www.bellunopress.it\/fr\/wp-json\/wp\/v2\/categories?post=169588"},{"taxonomy":"post_tag","embeddable":true,"href":"https:\/\/www.bellunopress.it\/fr\/wp-json\/wp\/v2\/tags?post=169588"}],"curies":[{"name":"wp","href":"https:\/\/api.w.org\/{rel}","templated":true}]}}