{"id":169586,"date":"2026-04-28T20:34:06","date_gmt":"2026-04-28T18:34:06","guid":{"rendered":"https:\/\/www.bellunopress.it\/?p=169586"},"modified":"2026-04-28T20:34:06","modified_gmt":"2026-04-28T18:34:06","slug":"21-nuovi-maestri-del-lavoro-bellunesi","status":"publish","type":"post","link":"https:\/\/www.bellunopress.it\/fr\/2026\/04\/28\/21-nuovi-maestri-del-lavoro-bellunesi\/","title":{"rendered":"21 nuovi Maestri del Lavoro bellunesi"},"content":{"rendered":"<p>Quest\u2019anno sono ventuno i bellunesi insigniti della &#8220;Stella al Merito del Lavoro&#8221;.\u00a0Si tratta di un prestigioso riconoscimento, istituito nel 1923, che premia lavoratrici e lavoratori che si sono distinti per meriti di perizia, laboriosit\u00e0 e buona condotta morale. La \u201cStella\u201d, per legge, comporta il titolo di Maestro del Lavoro e viene concessa, ogni anno, ad un ristretto numero di lavoratori dipendenti.<\/p>\n<p>Un numero significativo di Maestri che riflette la grande operosit\u00e0 e professionalit\u00e0 presente nella nostra area, dimostrando come il tessuto produttivo bellunese sia composto da persone di grande valore e dedizione.<br \/>\nI premiati sono persone che, nel corso della loro carriera, hanno contribuito in modo significativo alla crescita e allo sviluppo delle loro rispettive Aziende e Settori. Sono modelli di professionalit\u00e0 ed integrit\u00e0, rappresentando il meglio del mondo del lavoro italiano e sono fonte di ispirazione per tutti.<\/p>\n<p>La \u201cStella al Merito del Lavoro\u201d \u00e8 quindi molto pi\u00f9 di un semplice premio: \u00e8 il simbolo di una vita dedicata al lavoro con passione ed integrit\u00e0.<br \/>\nIl riconoscimento, decretato dal Presidente della Repubblica, sar\u00e0 consegnato ai premiati il prossimo 1\u00b0 maggio durante una cerimonia ufficiale organizzata dalla Prefettura di Venezia presso il Teatro Toniolo a Mestre.<\/p>\n<p><strong>Questi i nuovi Maestri bellunesi: <\/strong><\/p>\n<p>Adriana Alfonsi (Blackfin S.p.A., Taibon Agordino), Lucia Benvegn\u00f9 (Imap S.r.l., Sedico), Michele Bristot (Luxottica S.r.l., Agordo), Massimo Calderini (De Rigo Vision S.p.A., Longarone), Stefano Casal ( NPE S.r.l., Longarone), Alessandra Casanova (Luxottica S.r.l., Agordo), Livio Cassol (Acil S.r.l., Sedico), Nicola Da Rin (SGM S.r.l., Auronzo di Cadore), Stephanie De Valerio (De Rigo Vision S.p.A., Longarone), Andrea Del Longo (Enel Green Power Italia S.r.l., Soverzene), Giovanna Fornasier (Safilo S.p.A., Padova), Silvana Lucchetta (Meccanostampi S.r.l. Limana), Fabrizio Moretti (Luxottica Group S.p.A., Sedico), Elio Padovan (Robertshaw Italy S.r.l., Alpago), Edit Peterle (Trenti Industria Occhiali S.p.A., Perarolo di Cadore), Teresa Polito (Giorgio Fedon&amp;Figli S.p.A., Alpago), Luigino Santomaso (Luxottica S.r.l., Sedico), Tommaso Sponga (Rolmec S.r.l., Sedico), Agostino Tegner (Finblok S.r.l., Sedico), Giovanni Tomea (Sopracolle S.r.l., Perarolo di Cadore), Fabio Zambon (Clivet S.p.A., Feltre).<\/p>","protected":false},"excerpt":{"rendered":"<p>Quest\u2019anno sono ventuno i bellunesi insigniti della &#8220;Stella al Merito del Lavoro&#8221;.\u00a0Si tratta di un prestigioso riconoscimento, istituito nel 1923, che premia lavoratrici e lavoratori che si sono distinti per meriti di perizia, laboriosit\u00e0 e buona condotta morale. La \u201cStella\u201d, per legge, comporta il titolo di Maestro del Lavoro e viene concessa, ogni anno, ad [&hellip;]<\/p>\n","protected":false},"author":2,"featured_media":133544,"comment_status":"closed","ping_status":"open","sticky":false,"template":"","format":"standard","meta":{"footnotes":""},"categories":[26,8],"tags":[],"class_list":["post-169586","post","type-post","status-publish","format-standard","has-post-thumbnail","category-prima-pagina","category-societa-istituzioni"],"yoast_head":"<!-- This site is optimized with the Yoast SEO plugin v28.4 - https:\/\/yoast.com\/product\/yoast-seo-wordpress\/ -->\n<title>21 nuovi Maestri del Lavoro bellunesi - Bellunopress - Dolomiti<\/title>\n<meta name=\"robots\" content=\"index, follow, max-snippet:-1, max-image-preview:large, max-video-preview:-1\" \/>\n<link rel=\"canonical\" href=\"https:\/\/www.bellunopress.it\/fr\/2026\/04\/28\/21-nuovi-maestri-del-lavoro-bellunesi\/\" \/>\n<meta property=\"og:locale\" content=\"fr_FR\" \/>\n<meta property=\"og:type\" content=\"article\" \/>\n<meta property=\"og:title\" content=\"21 nuovi Maestri del Lavoro bellunesi - Bellunopress - Dolomiti\" \/>\n<meta property=\"og:description\" content=\"Quest\u2019anno sono ventuno i bellunesi insigniti della &#8220;Stella al Merito del Lavoro&#8221;.\u00a0Si tratta di un prestigioso riconoscimento, istituito nel 1923, che premia lavoratrici e lavoratori che si sono distinti per meriti di perizia, laboriosit\u00e0 e buona condotta morale. La \u201cStella\u201d, per legge, comporta il titolo di Maestro del Lavoro e viene concessa, ogni anno, ad [&hellip;]\" \/>\n<meta property=\"og:url\" content=\"https:\/\/www.bellunopress.it\/fr\/2026\/04\/28\/21-nuovi-maestri-del-lavoro-bellunesi\/\" \/>\n<meta property=\"og:site_name\" content=\"Bellunopress - Dolomiti\" \/>\n<meta property=\"article:publisher\" content=\"https:\/\/www.facebook.com\/profile.php?id=100008943462799\" \/>\n<meta property=\"article:published_time\" content=\"2026-04-28T18:34:06+00:00\" \/>\n<meta property=\"og:image\" content=\"https:\/\/www.bellunopress.it\/wp-content\/uploads\/2022\/05\/stella-al-merito-del-lavoro_edited.jpg\" \/>\n\t<meta property=\"og:image:width\" content=\"600\" \/>\n\t<meta property=\"og:image:height\" content=\"605\" \/>\n\t<meta property=\"og:image:type\" content=\"image\/jpeg\" \/>\n<meta name=\"author\" content=\"redazione\" \/>\n<meta name=\"twitter:card\" content=\"summary_large_image\" \/>\n<meta name=\"twitter:creator\" content=\"@bellunopress\" \/>\n<meta name=\"twitter:site\" content=\"@bellunopress\" \/>\n<meta name=\"twitter:label1\" content=\"\u00c9crit par\" \/>\n\t<meta name=\"twitter:data1\" content=\"redazione\" \/>\n\t<meta name=\"twitter:label2\" content=\"Dur\u00e9e de lecture estim\u00e9e\" \/>\n\t<meta name=\"twitter:data2\" content=\"2 minutes\" \/>\n<script type=\"application\/ld+json\" class=\"yoast-schema-graph\">{\"@context\":\"https:\\\/\\\/schema.org\",\"@graph\":[{\"@type\":\"Article\",\"@id\":\"https:\\\/\\\/www.bellunopress.it\\\/2026\\\/04\\\/28\\\/21-nuovi-maestri-del-lavoro-bellunesi\\\/#article\",\"isPartOf\":{\"@id\":\"https:\\\/\\\/www.bellunopress.it\\\/2026\\\/04\\\/28\\\/21-nuovi-maestri-del-lavoro-bellunesi\\\/\"},\"author\":{\"name\":\"redazione\",\"@id\":\"https:\\\/\\\/www.bellunopress.it\\\/#\\\/schema\\\/person\\\/79bb06722b37ece1c03d3e94beb30d73\"},\"headline\":\"21 nuovi Maestri del Lavoro bellunesi\",\"datePublished\":\"2026-04-28T18:34:06+00:00\",\"mainEntityOfPage\":{\"@id\":\"https:\\\/\\\/www.bellunopress.it\\\/2026\\\/04\\\/28\\\/21-nuovi-maestri-del-lavoro-bellunesi\\\/\"},\"wordCount\":375,\"publisher\":{\"@id\":\"https:\\\/\\\/www.bellunopress.it\\\/#organization\"},\"image\":{\"@id\":\"https:\\\/\\\/www.bellunopress.it\\\/2026\\\/04\\\/28\\\/21-nuovi-maestri-del-lavoro-bellunesi\\\/#primaryimage\"},\"thumbnailUrl\":\"https:\\\/\\\/www.bellunopress.it\\\/wp-content\\\/uploads\\\/2022\\\/05\\\/stella-al-merito-del-lavoro_edited.jpg\",\"articleSection\":[\"Prima Pagina\",\"Societ\u00e0, Associazioni, Istituzioni\"],\"inLanguage\":\"fr-FR\"},{\"@type\":\"WebPage\",\"@id\":\"https:\\\/\\\/www.bellunopress.it\\\/2026\\\/04\\\/28\\\/21-nuovi-maestri-del-lavoro-bellunesi\\\/\",\"url\":\"https:\\\/\\\/www.bellunopress.it\\\/2026\\\/04\\\/28\\\/21-nuovi-maestri-del-lavoro-bellunesi\\\/\",\"name\":\"21 nuovi Maestri del Lavoro bellunesi - Bellunopress - Dolomiti\",\"isPartOf\":{\"@id\":\"https:\\\/\\\/www.bellunopress.it\\\/#website\"},\"primaryImageOfPage\":{\"@id\":\"https:\\\/\\\/www.bellunopress.it\\\/2026\\\/04\\\/28\\\/21-nuovi-maestri-del-lavoro-bellunesi\\\/#primaryimage\"},\"image\":{\"@id\":\"https:\\\/\\\/www.bellunopress.it\\\/2026\\\/04\\\/28\\\/21-nuovi-maestri-del-lavoro-bellunesi\\\/#primaryimage\"},\"thumbnailUrl\":\"https:\\\/\\\/www.bellunopress.it\\\/wp-content\\\/uploads\\\/2022\\\/05\\\/stella-al-merito-del-lavoro_edited.jpg\",\"datePublished\":\"2026-04-28T18:34:06+00:00\",\"breadcrumb\":{\"@id\":\"https:\\\/\\\/www.bellunopress.it\\\/2026\\\/04\\\/28\\\/21-nuovi-maestri-del-lavoro-bellunesi\\\/#breadcrumb\"},\"inLanguage\":\"fr-FR\",\"potentialAction\":[{\"@type\":\"ReadAction\",\"target\":[\"https:\\\/\\\/www.bellunopress.it\\\/2026\\\/04\\\/28\\\/21-nuovi-maestri-del-lavoro-bellunesi\\\/\"]}]},{\"@type\":\"ImageObject\",\"inLanguage\":\"fr-FR\",\"@id\":\"https:\\\/\\\/www.bellunopress.it\\\/2026\\\/04\\\/28\\\/21-nuovi-maestri-del-lavoro-bellunesi\\\/#primaryimage\",\"url\":\"https:\\\/\\\/www.bellunopress.it\\\/wp-content\\\/uploads\\\/2022\\\/05\\\/stella-al-merito-del-lavoro_edited.jpg\",\"contentUrl\":\"https:\\\/\\\/www.bellunopress.it\\\/wp-content\\\/uploads\\\/2022\\\/05\\\/stella-al-merito-del-lavoro_edited.jpg\",\"width\":600,\"height\":605},{\"@type\":\"BreadcrumbList\",\"@id\":\"https:\\\/\\\/www.bellunopress.it\\\/2026\\\/04\\\/28\\\/21-nuovi-maestri-del-lavoro-bellunesi\\\/#breadcrumb\",\"itemListElement\":[{\"@type\":\"ListItem\",\"position\":1,\"name\":\"Home\",\"item\":\"https:\\\/\\\/www.bellunopress.it\\\/\"},{\"@type\":\"ListItem\",\"position\":2,\"name\":\"21 nuovi Maestri del Lavoro bellunesi\"}]},{\"@type\":\"WebSite\",\"@id\":\"https:\\\/\\\/www.bellunopress.it\\\/#website\",\"url\":\"https:\\\/\\\/www.bellunopress.it\\\/\",\"name\":\"Bellunopress - Dolomiti\",\"description\":\"e-mail: redazione@bellunopress.it\",\"publisher\":{\"@id\":\"https:\\\/\\\/www.bellunopress.it\\\/#organization\"},\"potentialAction\":[{\"@type\":\"SearchAction\",\"target\":{\"@type\":\"EntryPoint\",\"urlTemplate\":\"https:\\\/\\\/www.bellunopress.it\\\/?s={search_term_string}\"},\"query-input\":{\"@type\":\"PropertyValueSpecification\",\"valueRequired\":true,\"valueName\":\"search_term_string\"}}],\"inLanguage\":\"fr-FR\"},{\"@type\":\"Organization\",\"@id\":\"https:\\\/\\\/www.bellunopress.it\\\/#organization\",\"name\":\"Bellunopress\",\"url\":\"https:\\\/\\\/www.bellunopress.it\\\/\",\"logo\":{\"@type\":\"ImageObject\",\"inLanguage\":\"fr-FR\",\"@id\":\"https:\\\/\\\/www.bellunopress.it\\\/#\\\/schema\\\/logo\\\/image\\\/\",\"url\":\"https:\\\/\\\/www.bellunopress.it\\\/wp-content\\\/uploads\\\/2011\\\/05\\\/cropped-logo-bellunopress-.jpg\",\"contentUrl\":\"https:\\\/\\\/www.bellunopress.it\\\/wp-content\\\/uploads\\\/2011\\\/05\\\/cropped-logo-bellunopress-.jpg\",\"width\":512,\"height\":512,\"caption\":\"Bellunopress\"},\"image\":{\"@id\":\"https:\\\/\\\/www.bellunopress.it\\\/#\\\/schema\\\/logo\\\/image\\\/\"},\"sameAs\":[\"https:\\\/\\\/www.facebook.com\\\/profile.php?id=100008943462799\",\"https:\\\/\\\/x.com\\\/bellunopress\",\"https:\\\/\\\/www.linkedin.com\\\/hp\\\/?dnr=JBzUWaJfMUw8vbXJJ2tVW5-I3jZKvC4wsoxE&amp;amp;amp;amp;amp;amp;trk=nav_responsive_tab_home\",\"https:\\\/\\\/www.youtube.com\\\/channel\\\/UCxL0wu1uN0_3_7hGG0306cw\"]},{\"@type\":\"Person\",\"@id\":\"https:\\\/\\\/www.bellunopress.it\\\/#\\\/schema\\\/person\\\/79bb06722b37ece1c03d3e94beb30d73\",\"name\":\"redazione\",\"image\":{\"@type\":\"ImageObject\",\"inLanguage\":\"fr-FR\",\"@id\":\"https:\\\/\\\/secure.gravatar.com\\\/avatar\\\/37d968a2e67a6fd04c169c4bdef102d0bc5d31b2546345219e348575eb80e9a0?s=96&d=mm&r=g\",\"url\":\"https:\\\/\\\/secure.gravatar.com\\\/avatar\\\/37d968a2e67a6fd04c169c4bdef102d0bc5d31b2546345219e348575eb80e9a0?s=96&d=mm&r=g\",\"contentUrl\":\"https:\\\/\\\/secure.gravatar.com\\\/avatar\\\/37d968a2e67a6fd04c169c4bdef102d0bc5d31b2546345219e348575eb80e9a0?s=96&d=mm&r=g\",\"caption\":\"redazione\"},\"sameAs\":[\"http:\\\/\\\/www.bellunopress.it\",\"https:\\\/\\\/x.com\\\/bellunopress\"],\"url\":\"https:\\\/\\\/www.bellunopress.it\\\/fr\\\/author\\\/redazione\\\/\"}]}<\/script>\n<!-- \/ Yoast SEO plugin. -->","yoast_head_json":{"title":"21 nuovi Maestri del Lavoro bellunesi - Bellunopress - Dolomiti","robots":{"index":"index","follow":"follow","max-snippet":"max-snippet:-1","max-image-preview":"max-image-preview:large","max-video-preview":"max-video-preview:-1"},"canonical":"https:\/\/www.bellunopress.it\/fr\/2026\/04\/28\/21-nuovi-maestri-del-lavoro-bellunesi\/","og_locale":"fr_FR","og_type":"article","og_title":"21 nuovi Maestri del Lavoro bellunesi - Bellunopress - Dolomiti","og_description":"Quest\u2019anno sono ventuno i bellunesi insigniti della &#8220;Stella al Merito del Lavoro&#8221;.\u00a0Si tratta di un prestigioso riconoscimento, istituito nel 1923, che premia lavoratrici e lavoratori che si sono distinti per meriti di perizia, laboriosit\u00e0 e buona condotta morale. La \u201cStella\u201d, per legge, comporta il titolo di Maestro del Lavoro e viene concessa, ogni anno, ad [&hellip;]","og_url":"https:\/\/www.bellunopress.it\/fr\/2026\/04\/28\/21-nuovi-maestri-del-lavoro-bellunesi\/","og_site_name":"Bellunopress - Dolomiti","article_publisher":"https:\/\/www.facebook.com\/profile.php?id=100008943462799","article_published_time":"2026-04-28T18:34:06+00:00","og_image":[{"width":600,"height":605,"url":"https:\/\/www.bellunopress.it\/wp-content\/uploads\/2022\/05\/stella-al-merito-del-lavoro_edited.jpg","type":"image\/jpeg"}],"author":"redazione","twitter_card":"summary_large_image","twitter_creator":"@bellunopress","twitter_site":"@bellunopress","twitter_misc":{"\u00c9crit par":"redazione","Dur\u00e9e de lecture estim\u00e9e":"2 minutes"},"schema":{"@context":"https:\/\/schema.org","@graph":[{"@type":"Article","@id":"https:\/\/www.bellunopress.it\/2026\/04\/28\/21-nuovi-maestri-del-lavoro-bellunesi\/#article","isPartOf":{"@id":"https:\/\/www.bellunopress.it\/2026\/04\/28\/21-nuovi-maestri-del-lavoro-bellunesi\/"},"author":{"name":"redazione","@id":"https:\/\/www.bellunopress.it\/#\/schema\/person\/79bb06722b37ece1c03d3e94beb30d73"},"headline":"21 nuovi Maestri del Lavoro bellunesi","datePublished":"2026-04-28T18:34:06+00:00","mainEntityOfPage":{"@id":"https:\/\/www.bellunopress.it\/2026\/04\/28\/21-nuovi-maestri-del-lavoro-bellunesi\/"},"wordCount":375,"publisher":{"@id":"https:\/\/www.bellunopress.it\/#organization"},"image":{"@id":"https:\/\/www.bellunopress.it\/2026\/04\/28\/21-nuovi-maestri-del-lavoro-bellunesi\/#primaryimage"},"thumbnailUrl":"https:\/\/www.bellunopress.it\/wp-content\/uploads\/2022\/05\/stella-al-merito-del-lavoro_edited.jpg","articleSection":["Prima Pagina","Societ\u00e0, Associazioni, Istituzioni"],"inLanguage":"fr-FR"},{"@type":"WebPage","@id":"https:\/\/www.bellunopress.it\/2026\/04\/28\/21-nuovi-maestri-del-lavoro-bellunesi\/","url":"https:\/\/www.bellunopress.it\/2026\/04\/28\/21-nuovi-maestri-del-lavoro-bellunesi\/","name":"21 nuovi Maestri del Lavoro bellunesi - Bellunopress - Dolomiti","isPartOf":{"@id":"https:\/\/www.bellunopress.it\/#website"},"primaryImageOfPage":{"@id":"https:\/\/www.bellunopress.it\/2026\/04\/28\/21-nuovi-maestri-del-lavoro-bellunesi\/#primaryimage"},"image":{"@id":"https:\/\/www.bellunopress.it\/2026\/04\/28\/21-nuovi-maestri-del-lavoro-bellunesi\/#primaryimage"},"thumbnailUrl":"https:\/\/www.bellunopress.it\/wp-content\/uploads\/2022\/05\/stella-al-merito-del-lavoro_edited.jpg","datePublished":"2026-04-28T18:34:06+00:00","breadcrumb":{"@id":"https:\/\/www.bellunopress.it\/2026\/04\/28\/21-nuovi-maestri-del-lavoro-bellunesi\/#breadcrumb"},"inLanguage":"fr-FR","potentialAction":[{"@type":"ReadAction","target":["https:\/\/www.bellunopress.it\/2026\/04\/28\/21-nuovi-maestri-del-lavoro-bellunesi\/"]}]},{"@type":"ImageObject","inLanguage":"fr-FR","@id":"https:\/\/www.bellunopress.it\/2026\/04\/28\/21-nuovi-maestri-del-lavoro-bellunesi\/#primaryimage","url":"https:\/\/www.bellunopress.it\/wp-content\/uploads\/2022\/05\/stella-al-merito-del-lavoro_edited.jpg","contentUrl":"https:\/\/www.bellunopress.it\/wp-content\/uploads\/2022\/05\/stella-al-merito-del-lavoro_edited.jpg","width":600,"height":605},{"@type":"BreadcrumbList","@id":"https:\/\/www.bellunopress.it\/2026\/04\/28\/21-nuovi-maestri-del-lavoro-bellunesi\/#breadcrumb","itemListElement":[{"@type":"ListItem","position":1,"name":"Home","item":"https:\/\/www.bellunopress.it\/"},{"@type":"ListItem","position":2,"name":"21 nuovi Maestri del Lavoro bellunesi"}]},{"@type":"WebSite","@id":"https:\/\/www.bellunopress.it\/#website","url":"https:\/\/www.bellunopress.it\/","name":"Bellunopress - Dolomiti","description":"e-mail: redazione@bellunopress.it","publisher":{"@id":"https:\/\/www.bellunopress.it\/#organization"},"potentialAction":[{"@type":"SearchAction","target":{"@type":"EntryPoint","urlTemplate":"https:\/\/www.bellunopress.it\/?s={search_term_string}"},"query-input":{"@type":"PropertyValueSpecification","valueRequired":true,"valueName":"search_term_string"}}],"inLanguage":"fr-FR"},{"@type":"Organization","@id":"https:\/\/www.bellunopress.it\/#organization","name":"Bellunopress","url":"https:\/\/www.bellunopress.it\/","logo":{"@type":"ImageObject","inLanguage":"fr-FR","@id":"https:\/\/www.bellunopress.it\/#\/schema\/logo\/image\/","url":"https:\/\/www.bellunopress.it\/wp-content\/uploads\/2011\/05\/cropped-logo-bellunopress-.jpg","contentUrl":"https:\/\/www.bellunopress.it\/wp-content\/uploads\/2011\/05\/cropped-logo-bellunopress-.jpg","width":512,"height":512,"caption":"Bellunopress"},"image":{"@id":"https:\/\/www.bellunopress.it\/#\/schema\/logo\/image\/"},"sameAs":["https:\/\/www.facebook.com\/profile.php?id=100008943462799","https:\/\/x.com\/bellunopress","https:\/\/www.linkedin.com\/hp\/?dnr=JBzUWaJfMUw8vbXJJ2tVW5-I3jZKvC4wsoxE&amp;amp;amp;amp;amp;amp;trk=nav_responsive_tab_home","https:\/\/www.youtube.com\/channel\/UCxL0wu1uN0_3_7hGG0306cw"]},{"@type":"Person","@id":"https:\/\/www.bellunopress.it\/#\/schema\/person\/79bb06722b37ece1c03d3e94beb30d73","name":"r\u00e9daction","image":{"@type":"ImageObject","inLanguage":"fr-FR","@id":"https:\/\/secure.gravatar.com\/avatar\/37d968a2e67a6fd04c169c4bdef102d0bc5d31b2546345219e348575eb80e9a0?s=96&d=mm&r=g","url":"https:\/\/secure.gravatar.com\/avatar\/37d968a2e67a6fd04c169c4bdef102d0bc5d31b2546345219e348575eb80e9a0?s=96&d=mm&r=g","contentUrl":"https:\/\/secure.gravatar.com\/avatar\/37d968a2e67a6fd04c169c4bdef102d0bc5d31b2546345219e348575eb80e9a0?s=96&d=mm&r=g","caption":"redazione"},"sameAs":["http:\/\/www.bellunopress.it","https:\/\/x.com\/bellunopress"],"url":"https:\/\/www.bellunopress.it\/fr\/author\/redazione\/"}]}},"_links":{"self":[{"href":"https:\/\/www.bellunopress.it\/fr\/wp-json\/wp\/v2\/posts\/169586","targetHints":{"allow":["GET"]}}],"collection":[{"href":"https:\/\/www.bellunopress.it\/fr\/wp-json\/wp\/v2\/posts"}],"about":[{"href":"https:\/\/www.bellunopress.it\/fr\/wp-json\/wp\/v2\/types\/post"}],"author":[{"embeddable":true,"href":"https:\/\/www.bellunopress.it\/fr\/wp-json\/wp\/v2\/users\/2"}],"replies":[{"embeddable":true,"href":"https:\/\/www.bellunopress.it\/fr\/wp-json\/wp\/v2\/comments?post=169586"}],"version-history":[{"count":1,"href":"https:\/\/www.bellunopress.it\/fr\/wp-json\/wp\/v2\/posts\/169586\/revisions"}],"predecessor-version":[{"id":169587,"href":"https:\/\/www.bellunopress.it\/fr\/wp-json\/wp\/v2\/posts\/169586\/revisions\/169587"}],"wp:featuredmedia":[{"embeddable":true,"href":"https:\/\/www.bellunopress.it\/fr\/wp-json\/wp\/v2\/media\/133544"}],"wp:attachment":[{"href":"https:\/\/www.bellunopress.it\/fr\/wp-json\/wp\/v2\/media?parent=169586"}],"wp:term":[{"taxonomy":"category","embeddable":true,"href":"https:\/\/www.bellunopress.it\/fr\/wp-json\/wp\/v2\/categories?post=169586"},{"taxonomy":"post_tag","embeddable":true,"href":"https:\/\/www.bellunopress.it\/fr\/wp-json\/wp\/v2\/tags?post=169586"}],"curies":[{"name":"wp","href":"https:\/\/api.w.org\/{rel}","templated":true}]}}