{"id":169583,"date":"2026-04-28T20:16:15","date_gmt":"2026-04-28T18:16:15","guid":{"rendered":"https:\/\/www.bellunopress.it\/?p=169583"},"modified":"2026-04-28T20:16:15","modified_gmt":"2026-04-28T18:16:15","slug":"revine-lago-torna-il-festival-di-primavera-incontri-laboratori-creativi-degustazioni","status":"publish","type":"post","link":"https:\/\/www.bellunopress.it\/fr\/2026\/04\/28\/revine-lago-torna-il-festival-di-primavera-incontri-laboratori-creativi-degustazioni\/","title":{"rendered":"Revine Lago. Torna il Festival di primavera, incontri, laboratori creativi, degustazioni"},"content":{"rendered":"<p>Il Parco Archeologico Didattico del Livelet ospiter\u00e0 per la sua terza edizione il Festival di Primavera della Vallata, organizzato da Pro Loco Revine Lago APS in collaborazione con UNPLI Veneto e Piattaforma Lago e con il patrocinio e contributo del Comune di Revine Lago.<\/p>\n<p>Dopo il successo degli scorsi anni, il festival torna sabato 2 e domenica 3 maggio per un weekend immerso nel verde dove natura, cultura, comunit\u00e0 e pratiche condivise si intrecciano in un racconto del territorio inedito, tra laboratori, incontri, proiezioni ed esperienze all&#8217;aria aperta in una location magica: il paesaggio suggestivo dei Laghi di Revine Lago e delle colline Patrimonio Unesco.<\/p>\n<p>&#8220;La gran parte delle attivit\u00e0 e questo evento in generale non sarebbe possibile senza la collaborazione e la visione di tutte le realt\u00e0 che hanno scelto di costruirlo insieme a noi. Ognuna porta istanze diverse \u2014 il territorio, la cultura e la creativit\u00e0, la mobilit\u00e0 sostenibile, l&#8217;economia solidale e circolare \u2014 ma tutte condividono la stessa spinta: prendersi cura attivamente del mondo che abitiamo, del territorio che ci circonda e della comunit\u00e0 in cui viviamo. \u00c8 la dimostrazione che dal basso si pu\u00f2, che l&#8217;associazionismo \u00e8 ancora una forza viva e generativa, e che riconoscere gli obiettivi degli altri come propri \u00e8 il modo pi\u00f9 solido per costruire qualcosa di duraturo, una rete sociale che sia davvero di sostegno per tutte e per tutti&#8221; queste le parole di Morena Faverin, ideatrice della 3^ edizione del Festival di Primavera &#8211; Pro Loco Revine Lago.<\/p>\n<p><strong>Il programma<\/strong><br \/>\nSabato 2 maggio, il festival si svolger\u00e0 nel pomeriggio, dalle ore 14:00, con un programma vario e coinvolgente pensato soprattutto per bambini e famiglie e per chi ama esplorare la natura e mettere alla prova la propria creativit\u00e0. Tantissimi laboratori creativi, un corner di scambio abiti, lo Swap Party, in collaborazione con l&#8217;associazione Le Spontanee, cinemino per i pi\u00f9 piccoli, giochi cooperativi gestiti dallo Spazio Catarsi e l&#8217;AperiLis, una merenda-aperitivo in lingua dei segni curato da Signplicity. L&#8217;ingresso sar\u00e0 ad offerta libera, ma per i laboratori \u00e8 richiesta la prenotazione.<\/p>\n<p>La giornata di domenica 3 maggio sar\u00e0 quella pi\u00f9 corposa e inizier\u00e0 dalle 10:00 del mattino con la passeggiata alla ricerca delle erbe spontanee condotta dall&#8217;associazione Le Spontanee e proseguir\u00e0 alle ore 11:00 con l&#8217;incontro Il verde \u00e8 nelle nostre mani. L&#8217;importanza della cittadinanza attiva con l&#8217;associazione UB\u00ecC-Riserva di Conegliano. Alle 12:00 sar\u00e0 il momento dedicato ai canti popolari delle tradizioni regionali con il coro polifonico del CCCC \u2013 Centro De Cultura Contemporanea Conegliano, una performance semplice e potente che ricorda che la musica corale \u00e8 una delle forme pi\u00f9 antiche di comunit\u00e0.<\/p>\n<p>Alle 17:00 il racconto del territorio prender\u00e0 forma nella conversazione tra Roberto Masiero (architetto, professore ordinario di Storia dell&#8217;Architettura presso IUAV Venezia, presidente del Comitato di Gestione dell&#8217;Osservatorio per il Paesaggio delle Colline dell&#8217;Alta Marca), Paolo Steffan (poeta, scrittore e critico) e Miro Graziotin (tipografo narrabondo) dal titolo Il pensiero trasforma il paesaggio, le parole lo abitano, un dialogo aperto su cosa significhi davvero conoscere e abitare un luogo, con il pensiero o con le parole. Perch\u00e9 il paesaggio non \u00e8 mai solo quello che vediamo, \u00e8 il risultato di come lo pensiamo, lo raccontiamo, lo nominiamo.<\/p>\n<p>Per tutta la giornata, laboratori e workshop creativi per tutte le et\u00e0 ad iscrizione obbligatoria (i posti sono limitati), un piccolo Mercatino a km 0 con realt\u00e0 locali e artigianato locale e sostenibile, visite guidate alle palafitte del Parco Archeologico del Livelet, un angolo dedicato alla cura delle cose, contro la cultura del usa e getta, con la Biblioteca degli Oggetti by ATP\u00ecCO e un corner di riparazioni universali di piccolo oggetti ed elettrodomestici.<\/p>\n<p>Sar\u00e0 inoltre disponibile dalla mattina alla sera un&#8217;area ristoro realizzata grazie alla collaborazione con la Pro Loco di Revine Lago, il Pamali Festival e altre realt\u00e0 locali.<\/p>\n<p>La giornata si concluder\u00e0 con un aperitivo al tramonto e con DelirusWindo il concerto del gruppo Mercanti di Vento, composizioni originali e largo spazio all&#8217;improvvisazione jazz, con Rossella Gioia (voce), Efrem Silan (sax contralto, sax tenore), Matteo Minotto (fagotto, clarinetto basso), Ivan Pilat (sax baritono, pocket trumpet).<\/p>\n<p>L&#8217;ingresso al Parco sar\u00e0 ad offerta libera sabato 2 maggio, mentre domenica 3 maggio si accede con il biglietto standard (\u20ac6 intero, \u20ac4 ridotto, gratuito sotto i 4 anni e per i residenti di Revine Lago).<\/p>\n<p>&nbsp;<\/p>\n<p>A questo link il programma del festival<\/p>\n<p>https:\/\/sites.google.com\/lagofest.org\/festival-di-primavera-2026\/programma<\/p>\n<p>&nbsp;<\/p>\n<p>Qui invece il programma dei laboratori per iscriversi<\/p>\n<p>https:\/\/sites.google.com\/lagofest.org\/festival-di-primavera-2026\/laboratori<\/p>","protected":false},"excerpt":{"rendered":"<p>Il Parco Archeologico Didattico del Livelet ospiter\u00e0 per la sua terza edizione il Festival di Primavera della Vallata, organizzato da Pro Loco Revine Lago APS in collaborazione con UNPLI Veneto e Piattaforma Lago e con il patrocinio e contributo del Comune di Revine Lago. Dopo il successo degli scorsi anni, il festival torna sabato 2 [&hellip;]<\/p>\n","protected":false},"author":2,"featured_media":169584,"comment_status":"closed","ping_status":"open","sticky":false,"template":"","format":"standard","meta":{"footnotes":""},"categories":[3394,25],"tags":[],"class_list":["post-169583","post","type-post","status-publish","format-standard","has-post-thumbnail","category-cultura-e-spettacoli-fuori-provincia","category-pausa-caffe"],"yoast_head":"<!-- This site is optimized with the Yoast SEO plugin v28.4 - https:\/\/yoast.com\/product\/yoast-seo-wordpress\/ -->\n<title>Revine Lago. Torna il Festival di primavera, incontri, laboratori creativi, degustazioni - Bellunopress - Dolomiti<\/title>\n<meta name=\"robots\" content=\"index, follow, max-snippet:-1, max-image-preview:large, max-video-preview:-1\" \/>\n<link rel=\"canonical\" href=\"https:\/\/www.bellunopress.it\/fr\/2026\/04\/28\/revine-lago-torna-il-festival-di-primavera-incontri-laboratori-creativi-degustazioni\/\" \/>\n<meta property=\"og:locale\" content=\"fr_FR\" \/>\n<meta property=\"og:type\" content=\"article\" \/>\n<meta property=\"og:title\" content=\"Revine Lago. Torna il Festival di primavera, incontri, laboratori creativi, degustazioni - Bellunopress - Dolomiti\" \/>\n<meta property=\"og:description\" content=\"Il Parco Archeologico Didattico del Livelet ospiter\u00e0 per la sua terza edizione il Festival di Primavera della Vallata, organizzato da Pro Loco Revine Lago APS in collaborazione con UNPLI Veneto e Piattaforma Lago e con il patrocinio e contributo del Comune di Revine Lago. Dopo il successo degli scorsi anni, il festival torna sabato 2 [&hellip;]\" \/>\n<meta property=\"og:url\" content=\"https:\/\/www.bellunopress.it\/fr\/2026\/04\/28\/revine-lago-torna-il-festival-di-primavera-incontri-laboratori-creativi-degustazioni\/\" \/>\n<meta property=\"og:site_name\" content=\"Bellunopress - Dolomiti\" \/>\n<meta property=\"article:publisher\" content=\"https:\/\/www.facebook.com\/profile.php?id=100008943462799\" \/>\n<meta property=\"article:published_time\" content=\"2026-04-28T18:16:15+00:00\" \/>\n<meta property=\"og:image\" content=\"https:\/\/www.bellunopress.it\/wp-content\/uploads\/2026\/04\/Festival-di-Primavera-Revine-Lago.jpg\" \/>\n\t<meta property=\"og:image:width\" content=\"355\" \/>\n\t<meta property=\"og:image:height\" content=\"500\" \/>\n\t<meta property=\"og:image:type\" content=\"image\/jpeg\" \/>\n<meta name=\"author\" content=\"redazione\" \/>\n<meta name=\"twitter:card\" content=\"summary_large_image\" \/>\n<meta name=\"twitter:creator\" content=\"@bellunopress\" \/>\n<meta name=\"twitter:site\" content=\"@bellunopress\" \/>\n<meta name=\"twitter:label1\" content=\"\u00c9crit par\" \/>\n\t<meta name=\"twitter:data1\" content=\"redazione\" \/>\n\t<meta name=\"twitter:label2\" content=\"Dur\u00e9e de lecture estim\u00e9e\" \/>\n\t<meta name=\"twitter:data2\" content=\"4 minutes\" \/>\n<script type=\"application\/ld+json\" class=\"yoast-schema-graph\">{\"@context\":\"https:\\\/\\\/schema.org\",\"@graph\":[{\"@type\":\"Article\",\"@id\":\"https:\\\/\\\/www.bellunopress.it\\\/2026\\\/04\\\/28\\\/revine-lago-torna-il-festival-di-primavera-incontri-laboratori-creativi-degustazioni\\\/#article\",\"isPartOf\":{\"@id\":\"https:\\\/\\\/www.bellunopress.it\\\/2026\\\/04\\\/28\\\/revine-lago-torna-il-festival-di-primavera-incontri-laboratori-creativi-degustazioni\\\/\"},\"author\":{\"name\":\"redazione\",\"@id\":\"https:\\\/\\\/www.bellunopress.it\\\/#\\\/schema\\\/person\\\/79bb06722b37ece1c03d3e94beb30d73\"},\"headline\":\"Revine Lago. Torna il Festival di primavera, incontri, laboratori creativi, degustazioni\",\"datePublished\":\"2026-04-28T18:16:15+00:00\",\"mainEntityOfPage\":{\"@id\":\"https:\\\/\\\/www.bellunopress.it\\\/2026\\\/04\\\/28\\\/revine-lago-torna-il-festival-di-primavera-incontri-laboratori-creativi-degustazioni\\\/\"},\"wordCount\":749,\"publisher\":{\"@id\":\"https:\\\/\\\/www.bellunopress.it\\\/#organization\"},\"image\":{\"@id\":\"https:\\\/\\\/www.bellunopress.it\\\/2026\\\/04\\\/28\\\/revine-lago-torna-il-festival-di-primavera-incontri-laboratori-creativi-degustazioni\\\/#primaryimage\"},\"thumbnailUrl\":\"https:\\\/\\\/www.bellunopress.it\\\/wp-content\\\/uploads\\\/2026\\\/04\\\/Festival-di-Primavera-Revine-Lago.jpg\",\"articleSection\":[\"Cultura e spettacoli, tempo libero, benessere, fuori provincia\",\"Pausa Caff\u00e8\"],\"inLanguage\":\"fr-FR\"},{\"@type\":\"WebPage\",\"@id\":\"https:\\\/\\\/www.bellunopress.it\\\/2026\\\/04\\\/28\\\/revine-lago-torna-il-festival-di-primavera-incontri-laboratori-creativi-degustazioni\\\/\",\"url\":\"https:\\\/\\\/www.bellunopress.it\\\/2026\\\/04\\\/28\\\/revine-lago-torna-il-festival-di-primavera-incontri-laboratori-creativi-degustazioni\\\/\",\"name\":\"Revine Lago. Torna il Festival di primavera, incontri, laboratori creativi, degustazioni - Bellunopress - Dolomiti\",\"isPartOf\":{\"@id\":\"https:\\\/\\\/www.bellunopress.it\\\/#website\"},\"primaryImageOfPage\":{\"@id\":\"https:\\\/\\\/www.bellunopress.it\\\/2026\\\/04\\\/28\\\/revine-lago-torna-il-festival-di-primavera-incontri-laboratori-creativi-degustazioni\\\/#primaryimage\"},\"image\":{\"@id\":\"https:\\\/\\\/www.bellunopress.it\\\/2026\\\/04\\\/28\\\/revine-lago-torna-il-festival-di-primavera-incontri-laboratori-creativi-degustazioni\\\/#primaryimage\"},\"thumbnailUrl\":\"https:\\\/\\\/www.bellunopress.it\\\/wp-content\\\/uploads\\\/2026\\\/04\\\/Festival-di-Primavera-Revine-Lago.jpg\",\"datePublished\":\"2026-04-28T18:16:15+00:00\",\"breadcrumb\":{\"@id\":\"https:\\\/\\\/www.bellunopress.it\\\/2026\\\/04\\\/28\\\/revine-lago-torna-il-festival-di-primavera-incontri-laboratori-creativi-degustazioni\\\/#breadcrumb\"},\"inLanguage\":\"fr-FR\",\"potentialAction\":[{\"@type\":\"ReadAction\",\"target\":[\"https:\\\/\\\/www.bellunopress.it\\\/2026\\\/04\\\/28\\\/revine-lago-torna-il-festival-di-primavera-incontri-laboratori-creativi-degustazioni\\\/\"]}]},{\"@type\":\"ImageObject\",\"inLanguage\":\"fr-FR\",\"@id\":\"https:\\\/\\\/www.bellunopress.it\\\/2026\\\/04\\\/28\\\/revine-lago-torna-il-festival-di-primavera-incontri-laboratori-creativi-degustazioni\\\/#primaryimage\",\"url\":\"https:\\\/\\\/www.bellunopress.it\\\/wp-content\\\/uploads\\\/2026\\\/04\\\/Festival-di-Primavera-Revine-Lago.jpg\",\"contentUrl\":\"https:\\\/\\\/www.bellunopress.it\\\/wp-content\\\/uploads\\\/2026\\\/04\\\/Festival-di-Primavera-Revine-Lago.jpg\",\"width\":355,\"height\":500},{\"@type\":\"BreadcrumbList\",\"@id\":\"https:\\\/\\\/www.bellunopress.it\\\/2026\\\/04\\\/28\\\/revine-lago-torna-il-festival-di-primavera-incontri-laboratori-creativi-degustazioni\\\/#breadcrumb\",\"itemListElement\":[{\"@type\":\"ListItem\",\"position\":1,\"name\":\"Home\",\"item\":\"https:\\\/\\\/www.bellunopress.it\\\/\"},{\"@type\":\"ListItem\",\"position\":2,\"name\":\"Revine Lago. Torna il Festival di primavera, incontri, laboratori creativi, degustazioni\"}]},{\"@type\":\"WebSite\",\"@id\":\"https:\\\/\\\/www.bellunopress.it\\\/#website\",\"url\":\"https:\\\/\\\/www.bellunopress.it\\\/\",\"name\":\"Bellunopress - Dolomiti\",\"description\":\"e-mail: redazione@bellunopress.it\",\"publisher\":{\"@id\":\"https:\\\/\\\/www.bellunopress.it\\\/#organization\"},\"potentialAction\":[{\"@type\":\"SearchAction\",\"target\":{\"@type\":\"EntryPoint\",\"urlTemplate\":\"https:\\\/\\\/www.bellunopress.it\\\/?s={search_term_string}\"},\"query-input\":{\"@type\":\"PropertyValueSpecification\",\"valueRequired\":true,\"valueName\":\"search_term_string\"}}],\"inLanguage\":\"fr-FR\"},{\"@type\":\"Organization\",\"@id\":\"https:\\\/\\\/www.bellunopress.it\\\/#organization\",\"name\":\"Bellunopress\",\"url\":\"https:\\\/\\\/www.bellunopress.it\\\/\",\"logo\":{\"@type\":\"ImageObject\",\"inLanguage\":\"fr-FR\",\"@id\":\"https:\\\/\\\/www.bellunopress.it\\\/#\\\/schema\\\/logo\\\/image\\\/\",\"url\":\"https:\\\/\\\/www.bellunopress.it\\\/wp-content\\\/uploads\\\/2011\\\/05\\\/cropped-logo-bellunopress-.jpg\",\"contentUrl\":\"https:\\\/\\\/www.bellunopress.it\\\/wp-content\\\/uploads\\\/2011\\\/05\\\/cropped-logo-bellunopress-.jpg\",\"width\":512,\"height\":512,\"caption\":\"Bellunopress\"},\"image\":{\"@id\":\"https:\\\/\\\/www.bellunopress.it\\\/#\\\/schema\\\/logo\\\/image\\\/\"},\"sameAs\":[\"https:\\\/\\\/www.facebook.com\\\/profile.php?id=100008943462799\",\"https:\\\/\\\/x.com\\\/bellunopress\",\"https:\\\/\\\/www.linkedin.com\\\/hp\\\/?dnr=JBzUWaJfMUw8vbXJJ2tVW5-I3jZKvC4wsoxE&amp;amp;amp;amp;amp;amp;trk=nav_responsive_tab_home\",\"https:\\\/\\\/www.youtube.com\\\/channel\\\/UCxL0wu1uN0_3_7hGG0306cw\"]},{\"@type\":\"Person\",\"@id\":\"https:\\\/\\\/www.bellunopress.it\\\/#\\\/schema\\\/person\\\/79bb06722b37ece1c03d3e94beb30d73\",\"name\":\"redazione\",\"image\":{\"@type\":\"ImageObject\",\"inLanguage\":\"fr-FR\",\"@id\":\"https:\\\/\\\/secure.gravatar.com\\\/avatar\\\/37d968a2e67a6fd04c169c4bdef102d0bc5d31b2546345219e348575eb80e9a0?s=96&d=mm&r=g\",\"url\":\"https:\\\/\\\/secure.gravatar.com\\\/avatar\\\/37d968a2e67a6fd04c169c4bdef102d0bc5d31b2546345219e348575eb80e9a0?s=96&d=mm&r=g\",\"contentUrl\":\"https:\\\/\\\/secure.gravatar.com\\\/avatar\\\/37d968a2e67a6fd04c169c4bdef102d0bc5d31b2546345219e348575eb80e9a0?s=96&d=mm&r=g\",\"caption\":\"redazione\"},\"sameAs\":[\"http:\\\/\\\/www.bellunopress.it\",\"https:\\\/\\\/x.com\\\/bellunopress\"],\"url\":\"https:\\\/\\\/www.bellunopress.it\\\/fr\\\/author\\\/redazione\\\/\"}]}<\/script>\n<!-- \/ Yoast SEO plugin. -->","yoast_head_json":{"title":"Revine Lago. Torna il Festival di primavera, incontri, laboratori creativi, degustazioni - Bellunopress - Dolomiti","robots":{"index":"index","follow":"follow","max-snippet":"max-snippet:-1","max-image-preview":"max-image-preview:large","max-video-preview":"max-video-preview:-1"},"canonical":"https:\/\/www.bellunopress.it\/fr\/2026\/04\/28\/revine-lago-torna-il-festival-di-primavera-incontri-laboratori-creativi-degustazioni\/","og_locale":"fr_FR","og_type":"article","og_title":"Revine Lago. Torna il Festival di primavera, incontri, laboratori creativi, degustazioni - Bellunopress - Dolomiti","og_description":"Il Parco Archeologico Didattico del Livelet ospiter\u00e0 per la sua terza edizione il Festival di Primavera della Vallata, organizzato da Pro Loco Revine Lago APS in collaborazione con UNPLI Veneto e Piattaforma Lago e con il patrocinio e contributo del Comune di Revine Lago. Dopo il successo degli scorsi anni, il festival torna sabato 2 [&hellip;]","og_url":"https:\/\/www.bellunopress.it\/fr\/2026\/04\/28\/revine-lago-torna-il-festival-di-primavera-incontri-laboratori-creativi-degustazioni\/","og_site_name":"Bellunopress - Dolomiti","article_publisher":"https:\/\/www.facebook.com\/profile.php?id=100008943462799","article_published_time":"2026-04-28T18:16:15+00:00","og_image":[{"width":355,"height":500,"url":"https:\/\/www.bellunopress.it\/wp-content\/uploads\/2026\/04\/Festival-di-Primavera-Revine-Lago.jpg","type":"image\/jpeg"}],"author":"redazione","twitter_card":"summary_large_image","twitter_creator":"@bellunopress","twitter_site":"@bellunopress","twitter_misc":{"\u00c9crit par":"redazione","Dur\u00e9e de lecture estim\u00e9e":"4 minutes"},"schema":{"@context":"https:\/\/schema.org","@graph":[{"@type":"Article","@id":"https:\/\/www.bellunopress.it\/2026\/04\/28\/revine-lago-torna-il-festival-di-primavera-incontri-laboratori-creativi-degustazioni\/#article","isPartOf":{"@id":"https:\/\/www.bellunopress.it\/2026\/04\/28\/revine-lago-torna-il-festival-di-primavera-incontri-laboratori-creativi-degustazioni\/"},"author":{"name":"redazione","@id":"https:\/\/www.bellunopress.it\/#\/schema\/person\/79bb06722b37ece1c03d3e94beb30d73"},"headline":"Revine Lago. Torna il Festival di primavera, incontri, laboratori creativi, degustazioni","datePublished":"2026-04-28T18:16:15+00:00","mainEntityOfPage":{"@id":"https:\/\/www.bellunopress.it\/2026\/04\/28\/revine-lago-torna-il-festival-di-primavera-incontri-laboratori-creativi-degustazioni\/"},"wordCount":749,"publisher":{"@id":"https:\/\/www.bellunopress.it\/#organization"},"image":{"@id":"https:\/\/www.bellunopress.it\/2026\/04\/28\/revine-lago-torna-il-festival-di-primavera-incontri-laboratori-creativi-degustazioni\/#primaryimage"},"thumbnailUrl":"https:\/\/www.bellunopress.it\/wp-content\/uploads\/2026\/04\/Festival-di-Primavera-Revine-Lago.jpg","articleSection":["Cultura e spettacoli, tempo libero, benessere, fuori provincia","Pausa Caff\u00e8"],"inLanguage":"fr-FR"},{"@type":"WebPage","@id":"https:\/\/www.bellunopress.it\/2026\/04\/28\/revine-lago-torna-il-festival-di-primavera-incontri-laboratori-creativi-degustazioni\/","url":"https:\/\/www.bellunopress.it\/2026\/04\/28\/revine-lago-torna-il-festival-di-primavera-incontri-laboratori-creativi-degustazioni\/","name":"Revine Lago. Torna il Festival di primavera, incontri, laboratori creativi, degustazioni - Bellunopress - Dolomiti","isPartOf":{"@id":"https:\/\/www.bellunopress.it\/#website"},"primaryImageOfPage":{"@id":"https:\/\/www.bellunopress.it\/2026\/04\/28\/revine-lago-torna-il-festival-di-primavera-incontri-laboratori-creativi-degustazioni\/#primaryimage"},"image":{"@id":"https:\/\/www.bellunopress.it\/2026\/04\/28\/revine-lago-torna-il-festival-di-primavera-incontri-laboratori-creativi-degustazioni\/#primaryimage"},"thumbnailUrl":"https:\/\/www.bellunopress.it\/wp-content\/uploads\/2026\/04\/Festival-di-Primavera-Revine-Lago.jpg","datePublished":"2026-04-28T18:16:15+00:00","breadcrumb":{"@id":"https:\/\/www.bellunopress.it\/2026\/04\/28\/revine-lago-torna-il-festival-di-primavera-incontri-laboratori-creativi-degustazioni\/#breadcrumb"},"inLanguage":"fr-FR","potentialAction":[{"@type":"ReadAction","target":["https:\/\/www.bellunopress.it\/2026\/04\/28\/revine-lago-torna-il-festival-di-primavera-incontri-laboratori-creativi-degustazioni\/"]}]},{"@type":"ImageObject","inLanguage":"fr-FR","@id":"https:\/\/www.bellunopress.it\/2026\/04\/28\/revine-lago-torna-il-festival-di-primavera-incontri-laboratori-creativi-degustazioni\/#primaryimage","url":"https:\/\/www.bellunopress.it\/wp-content\/uploads\/2026\/04\/Festival-di-Primavera-Revine-Lago.jpg","contentUrl":"https:\/\/www.bellunopress.it\/wp-content\/uploads\/2026\/04\/Festival-di-Primavera-Revine-Lago.jpg","width":355,"height":500},{"@type":"BreadcrumbList","@id":"https:\/\/www.bellunopress.it\/2026\/04\/28\/revine-lago-torna-il-festival-di-primavera-incontri-laboratori-creativi-degustazioni\/#breadcrumb","itemListElement":[{"@type":"ListItem","position":1,"name":"Home","item":"https:\/\/www.bellunopress.it\/"},{"@type":"ListItem","position":2,"name":"Revine Lago. Torna il Festival di primavera, incontri, laboratori creativi, degustazioni"}]},{"@type":"WebSite","@id":"https:\/\/www.bellunopress.it\/#website","url":"https:\/\/www.bellunopress.it\/","name":"Bellunopress - Dolomiti","description":"e-mail: redazione@bellunopress.it","publisher":{"@id":"https:\/\/www.bellunopress.it\/#organization"},"potentialAction":[{"@type":"SearchAction","target":{"@type":"EntryPoint","urlTemplate":"https:\/\/www.bellunopress.it\/?s={search_term_string}"},"query-input":{"@type":"PropertyValueSpecification","valueRequired":true,"valueName":"search_term_string"}}],"inLanguage":"fr-FR"},{"@type":"Organization","@id":"https:\/\/www.bellunopress.it\/#organization","name":"Bellunopress","url":"https:\/\/www.bellunopress.it\/","logo":{"@type":"ImageObject","inLanguage":"fr-FR","@id":"https:\/\/www.bellunopress.it\/#\/schema\/logo\/image\/","url":"https:\/\/www.bellunopress.it\/wp-content\/uploads\/2011\/05\/cropped-logo-bellunopress-.jpg","contentUrl":"https:\/\/www.bellunopress.it\/wp-content\/uploads\/2011\/05\/cropped-logo-bellunopress-.jpg","width":512,"height":512,"caption":"Bellunopress"},"image":{"@id":"https:\/\/www.bellunopress.it\/#\/schema\/logo\/image\/"},"sameAs":["https:\/\/www.facebook.com\/profile.php?id=100008943462799","https:\/\/x.com\/bellunopress","https:\/\/www.linkedin.com\/hp\/?dnr=JBzUWaJfMUw8vbXJJ2tVW5-I3jZKvC4wsoxE&amp;amp;amp;amp;amp;amp;trk=nav_responsive_tab_home","https:\/\/www.youtube.com\/channel\/UCxL0wu1uN0_3_7hGG0306cw"]},{"@type":"Person","@id":"https:\/\/www.bellunopress.it\/#\/schema\/person\/79bb06722b37ece1c03d3e94beb30d73","name":"r\u00e9daction","image":{"@type":"ImageObject","inLanguage":"fr-FR","@id":"https:\/\/secure.gravatar.com\/avatar\/37d968a2e67a6fd04c169c4bdef102d0bc5d31b2546345219e348575eb80e9a0?s=96&d=mm&r=g","url":"https:\/\/secure.gravatar.com\/avatar\/37d968a2e67a6fd04c169c4bdef102d0bc5d31b2546345219e348575eb80e9a0?s=96&d=mm&r=g","contentUrl":"https:\/\/secure.gravatar.com\/avatar\/37d968a2e67a6fd04c169c4bdef102d0bc5d31b2546345219e348575eb80e9a0?s=96&d=mm&r=g","caption":"redazione"},"sameAs":["http:\/\/www.bellunopress.it","https:\/\/x.com\/bellunopress"],"url":"https:\/\/www.bellunopress.it\/fr\/author\/redazione\/"}]}},"_links":{"self":[{"href":"https:\/\/www.bellunopress.it\/fr\/wp-json\/wp\/v2\/posts\/169583","targetHints":{"allow":["GET"]}}],"collection":[{"href":"https:\/\/www.bellunopress.it\/fr\/wp-json\/wp\/v2\/posts"}],"about":[{"href":"https:\/\/www.bellunopress.it\/fr\/wp-json\/wp\/v2\/types\/post"}],"author":[{"embeddable":true,"href":"https:\/\/www.bellunopress.it\/fr\/wp-json\/wp\/v2\/users\/2"}],"replies":[{"embeddable":true,"href":"https:\/\/www.bellunopress.it\/fr\/wp-json\/wp\/v2\/comments?post=169583"}],"version-history":[{"count":1,"href":"https:\/\/www.bellunopress.it\/fr\/wp-json\/wp\/v2\/posts\/169583\/revisions"}],"predecessor-version":[{"id":169585,"href":"https:\/\/www.bellunopress.it\/fr\/wp-json\/wp\/v2\/posts\/169583\/revisions\/169585"}],"wp:featuredmedia":[{"embeddable":true,"href":"https:\/\/www.bellunopress.it\/fr\/wp-json\/wp\/v2\/media\/169584"}],"wp:attachment":[{"href":"https:\/\/www.bellunopress.it\/fr\/wp-json\/wp\/v2\/media?parent=169583"}],"wp:term":[{"taxonomy":"category","embeddable":true,"href":"https:\/\/www.bellunopress.it\/fr\/wp-json\/wp\/v2\/categories?post=169583"},{"taxonomy":"post_tag","embeddable":true,"href":"https:\/\/www.bellunopress.it\/fr\/wp-json\/wp\/v2\/tags?post=169583"}],"curies":[{"name":"wp","href":"https:\/\/api.w.org\/{rel}","templated":true}]}}