{"id":169561,"date":"2026-04-28T09:00:12","date_gmt":"2026-04-28T07:00:12","guid":{"rendered":"https:\/\/www.bellunopress.it\/?p=169561"},"modified":"2026-04-28T08:08:53","modified_gmt":"2026-04-28T06:08:53","slug":"val-comelico-roots-festival-il-1-maggio-la-musica-incontra-il-borgo-di-casamazzagno","status":"publish","type":"post","link":"https:\/\/www.bellunopress.it\/fr\/2026\/04\/28\/val-comelico-roots-festival-il-1-maggio-la-musica-incontra-il-borgo-di-casamazzagno\/","title":{"rendered":"Val Comelico Roots Festival: il 1\u00b0 maggio la musica incontra il borgo di Casamazzagno"},"content":{"rendered":"<p>Comelico Superiore, 28 aprile 2026 \u2013 <strong>Prosegue il Val Comelico Roots Festival con il secondo appuntamento in programma venerd\u00ec 1\u00b0 maggio dalle ore 12:00 a Casamazzagno, in\u00a0 Piazza della Salute. Ingresso libero. Area food &amp; drink, escursioni guidate.<\/strong><\/p>\n<p>Dopo il successo della giornata inaugurale, il festival continua il suo viaggio tra musica e territorio, portando le sonorit\u00e0 roots, blues e Jazz nel cuore dei borghi storici della valle.\u00a0Il pubblico sar\u00e0 coinvolto in un\u2019esperienza che unisce musica dal vivo, convivialit\u00e0 e scoperta del territorio. Il contesto di Casamazzagno, con la sua dimensione raccolta e autentica, rappresenta la cornice ideale per sonorit\u00e0 che spaziano tra blues, country e musica d\u2019autore.<\/p>\n<p>I musicisti di questa giornata saranno:<\/p>\n<ul>\n<li>Max Lazzarin- cantautore e pianista blues la cui musica ha le sonorit\u00e0 del sound di New Orleans<\/li>\n<li>Roberto Formignani Band &#8211; chitarrista, autore e cantante tra i principali interpreti italiani del blues contemporaneo.<\/li>\n<li>Matt Pascale &amp; The Stomps \u2013 nati con un linguaggio musicale personale radicato nell\u2019hard rock, si evolvono poi in una ricca e dinamica fusione di Southern rock, swamp blues e neo-soul funk.<\/li>\n<\/ul>\n<p>Accanto ai concerti, il festival propone attivit\u00e0 outdoor lungo i sentieri tematici della Val Comelico, accompagnati da guide alpine e ambientali, offrendo ai visitatori l\u2019opportunit\u00e0 di vivere il paesaggio in modo attivo e immersivo.<\/p>\n<p>Particolari della zona sono i 4 sentieri tematici chiamati \u201ci Troi\u201d che raccontano per immagini la cultura e le tradizioni distintive della Val Comelico. Qui da dietro un angolo spuntano sculture e bassorilievi realizzate rigorosamente in legno da artisti locali e raffiguranti concetti, momenti ed attivit\u00e0 illustrate.<\/p>\n<p>Grande attenzione anche all\u2019aspetto enogastronomico, con un\u2019Area Food &amp; Drink dedicata ai prodotti locali, elemento distintivo di ogni appuntamento della rassegna.<\/p>\n<p>Il Val Comelico Roots Festival si conferma cos\u00ec come un evento diffuso, capace di creare un dialogo tra musica e identit\u00e0 territoriale, valorizzando i borghi e le tradizioni locali attraverso linguaggi contemporanei.<\/p>\n<p>L\u2019evento \u00e8 organizzato dal Consorzio Turistico di Val Comelico in collaborazione con il Comune di Comelico Superiore, con la direzione artistica di A-Z Blues, e si inserisce nel progetto PNRR dedicato alla valorizzazione dei piccoli siti culturali.<\/p>\n<p>&nbsp;<\/p>\n<p>&nbsp;<\/p>","protected":false},"excerpt":{"rendered":"<p>Comelico Superiore, 28 aprile 2026 \u2013 Prosegue il Val Comelico Roots Festival con il secondo appuntamento in programma venerd\u00ec 1\u00b0 maggio dalle ore 12:00 a Casamazzagno, in\u00a0 Piazza della Salute. Ingresso libero. Area food &amp; drink, escursioni guidate. Dopo il successo della giornata inaugurale, il festival continua il suo viaggio tra musica e territorio, portando [&hellip;]<\/p>\n","protected":false},"author":2,"featured_media":169191,"comment_status":"closed","ping_status":"open","sticky":false,"template":"","format":"standard","meta":{"footnotes":""},"categories":[27,3,25],"tags":[],"class_list":["post-169561","post","type-post","status-publish","format-standard","has-post-thumbnail","category-appuntamenti","category-arte-cultura-spettacoli-scienza-archivi","category-pausa-caffe"],"yoast_head":"<!-- This site is optimized with the Yoast SEO plugin v28.4 - https:\/\/yoast.com\/product\/yoast-seo-wordpress\/ -->\n<title>Val Comelico Roots Festival: il 1\u00b0 maggio la musica incontra il borgo di Casamazzagno - Bellunopress - Dolomiti<\/title>\n<meta name=\"robots\" content=\"index, follow, max-snippet:-1, max-image-preview:large, max-video-preview:-1\" \/>\n<link rel=\"canonical\" href=\"https:\/\/www.bellunopress.it\/fr\/2026\/04\/28\/val-comelico-roots-festival-il-1-maggio-la-musica-incontra-il-borgo-di-casamazzagno\/\" \/>\n<meta property=\"og:locale\" content=\"fr_FR\" \/>\n<meta property=\"og:type\" content=\"article\" \/>\n<meta property=\"og:title\" content=\"Val Comelico Roots Festival: il 1\u00b0 maggio la musica incontra il borgo di Casamazzagno - Bellunopress - Dolomiti\" \/>\n<meta property=\"og:description\" content=\"Comelico Superiore, 28 aprile 2026 \u2013 Prosegue il Val Comelico Roots Festival con il secondo appuntamento in programma venerd\u00ec 1\u00b0 maggio dalle ore 12:00 a Casamazzagno, in\u00a0 Piazza della Salute. Ingresso libero. Area food &amp; drink, escursioni guidate. Dopo il successo della giornata inaugurale, il festival continua il suo viaggio tra musica e territorio, portando [&hellip;]\" \/>\n<meta property=\"og:url\" content=\"https:\/\/www.bellunopress.it\/fr\/2026\/04\/28\/val-comelico-roots-festival-il-1-maggio-la-musica-incontra-il-borgo-di-casamazzagno\/\" \/>\n<meta property=\"og:site_name\" content=\"Bellunopress - Dolomiti\" \/>\n<meta property=\"article:publisher\" content=\"https:\/\/www.facebook.com\/profile.php?id=100008943462799\" \/>\n<meta property=\"article:published_time\" content=\"2026-04-28T07:00:12+00:00\" \/>\n<meta property=\"og:image\" content=\"https:\/\/www.bellunopress.it\/wp-content\/uploads\/2026\/04\/Val-Comelico-Roots-Festival.jpg\" \/>\n\t<meta property=\"og:image:width\" content=\"600\" \/>\n\t<meta property=\"og:image:height\" content=\"327\" \/>\n\t<meta property=\"og:image:type\" content=\"image\/jpeg\" \/>\n<meta name=\"author\" content=\"redazione\" \/>\n<meta name=\"twitter:card\" content=\"summary_large_image\" \/>\n<meta name=\"twitter:creator\" content=\"@bellunopress\" \/>\n<meta name=\"twitter:site\" content=\"@bellunopress\" \/>\n<meta name=\"twitter:label1\" content=\"\u00c9crit par\" \/>\n\t<meta name=\"twitter:data1\" content=\"redazione\" \/>\n\t<meta name=\"twitter:label2\" content=\"Dur\u00e9e de lecture estim\u00e9e\" \/>\n\t<meta name=\"twitter:data2\" content=\"2 minutes\" \/>\n<script type=\"application\/ld+json\" class=\"yoast-schema-graph\">{\"@context\":\"https:\\\/\\\/schema.org\",\"@graph\":[{\"@type\":\"Article\",\"@id\":\"https:\\\/\\\/www.bellunopress.it\\\/2026\\\/04\\\/28\\\/val-comelico-roots-festival-il-1-maggio-la-musica-incontra-il-borgo-di-casamazzagno\\\/#article\",\"isPartOf\":{\"@id\":\"https:\\\/\\\/www.bellunopress.it\\\/2026\\\/04\\\/28\\\/val-comelico-roots-festival-il-1-maggio-la-musica-incontra-il-borgo-di-casamazzagno\\\/\"},\"author\":{\"name\":\"redazione\",\"@id\":\"https:\\\/\\\/www.bellunopress.it\\\/#\\\/schema\\\/person\\\/79bb06722b37ece1c03d3e94beb30d73\"},\"headline\":\"Val Comelico Roots Festival: il 1\u00b0 maggio la musica incontra il borgo di Casamazzagno\",\"datePublished\":\"2026-04-28T07:00:12+00:00\",\"mainEntityOfPage\":{\"@id\":\"https:\\\/\\\/www.bellunopress.it\\\/2026\\\/04\\\/28\\\/val-comelico-roots-festival-il-1-maggio-la-musica-incontra-il-borgo-di-casamazzagno\\\/\"},\"wordCount\":365,\"publisher\":{\"@id\":\"https:\\\/\\\/www.bellunopress.it\\\/#organization\"},\"image\":{\"@id\":\"https:\\\/\\\/www.bellunopress.it\\\/2026\\\/04\\\/28\\\/val-comelico-roots-festival-il-1-maggio-la-musica-incontra-il-borgo-di-casamazzagno\\\/#primaryimage\"},\"thumbnailUrl\":\"https:\\\/\\\/www.bellunopress.it\\\/wp-content\\\/uploads\\\/2026\\\/04\\\/Val-Comelico-Roots-Festival.jpg\",\"articleSection\":[\"Appuntamenti, Eventi\",\"Arte, Cultura, Spettacoli, Scienza\",\"Pausa Caff\u00e8\"],\"inLanguage\":\"fr-FR\"},{\"@type\":\"WebPage\",\"@id\":\"https:\\\/\\\/www.bellunopress.it\\\/2026\\\/04\\\/28\\\/val-comelico-roots-festival-il-1-maggio-la-musica-incontra-il-borgo-di-casamazzagno\\\/\",\"url\":\"https:\\\/\\\/www.bellunopress.it\\\/2026\\\/04\\\/28\\\/val-comelico-roots-festival-il-1-maggio-la-musica-incontra-il-borgo-di-casamazzagno\\\/\",\"name\":\"Val Comelico Roots Festival: il 1\u00b0 maggio la musica incontra il borgo di Casamazzagno - Bellunopress - Dolomiti\",\"isPartOf\":{\"@id\":\"https:\\\/\\\/www.bellunopress.it\\\/#website\"},\"primaryImageOfPage\":{\"@id\":\"https:\\\/\\\/www.bellunopress.it\\\/2026\\\/04\\\/28\\\/val-comelico-roots-festival-il-1-maggio-la-musica-incontra-il-borgo-di-casamazzagno\\\/#primaryimage\"},\"image\":{\"@id\":\"https:\\\/\\\/www.bellunopress.it\\\/2026\\\/04\\\/28\\\/val-comelico-roots-festival-il-1-maggio-la-musica-incontra-il-borgo-di-casamazzagno\\\/#primaryimage\"},\"thumbnailUrl\":\"https:\\\/\\\/www.bellunopress.it\\\/wp-content\\\/uploads\\\/2026\\\/04\\\/Val-Comelico-Roots-Festival.jpg\",\"datePublished\":\"2026-04-28T07:00:12+00:00\",\"breadcrumb\":{\"@id\":\"https:\\\/\\\/www.bellunopress.it\\\/2026\\\/04\\\/28\\\/val-comelico-roots-festival-il-1-maggio-la-musica-incontra-il-borgo-di-casamazzagno\\\/#breadcrumb\"},\"inLanguage\":\"fr-FR\",\"potentialAction\":[{\"@type\":\"ReadAction\",\"target\":[\"https:\\\/\\\/www.bellunopress.it\\\/2026\\\/04\\\/28\\\/val-comelico-roots-festival-il-1-maggio-la-musica-incontra-il-borgo-di-casamazzagno\\\/\"]}]},{\"@type\":\"ImageObject\",\"inLanguage\":\"fr-FR\",\"@id\":\"https:\\\/\\\/www.bellunopress.it\\\/2026\\\/04\\\/28\\\/val-comelico-roots-festival-il-1-maggio-la-musica-incontra-il-borgo-di-casamazzagno\\\/#primaryimage\",\"url\":\"https:\\\/\\\/www.bellunopress.it\\\/wp-content\\\/uploads\\\/2026\\\/04\\\/Val-Comelico-Roots-Festival.jpg\",\"contentUrl\":\"https:\\\/\\\/www.bellunopress.it\\\/wp-content\\\/uploads\\\/2026\\\/04\\\/Val-Comelico-Roots-Festival.jpg\",\"width\":600,\"height\":327},{\"@type\":\"BreadcrumbList\",\"@id\":\"https:\\\/\\\/www.bellunopress.it\\\/2026\\\/04\\\/28\\\/val-comelico-roots-festival-il-1-maggio-la-musica-incontra-il-borgo-di-casamazzagno\\\/#breadcrumb\",\"itemListElement\":[{\"@type\":\"ListItem\",\"position\":1,\"name\":\"Home\",\"item\":\"https:\\\/\\\/www.bellunopress.it\\\/\"},{\"@type\":\"ListItem\",\"position\":2,\"name\":\"Val Comelico Roots Festival: il 1\u00b0 maggio la musica incontra il borgo di Casamazzagno\"}]},{\"@type\":\"WebSite\",\"@id\":\"https:\\\/\\\/www.bellunopress.it\\\/#website\",\"url\":\"https:\\\/\\\/www.bellunopress.it\\\/\",\"name\":\"Bellunopress - Dolomiti\",\"description\":\"e-mail: redazione@bellunopress.it\",\"publisher\":{\"@id\":\"https:\\\/\\\/www.bellunopress.it\\\/#organization\"},\"potentialAction\":[{\"@type\":\"SearchAction\",\"target\":{\"@type\":\"EntryPoint\",\"urlTemplate\":\"https:\\\/\\\/www.bellunopress.it\\\/?s={search_term_string}\"},\"query-input\":{\"@type\":\"PropertyValueSpecification\",\"valueRequired\":true,\"valueName\":\"search_term_string\"}}],\"inLanguage\":\"fr-FR\"},{\"@type\":\"Organization\",\"@id\":\"https:\\\/\\\/www.bellunopress.it\\\/#organization\",\"name\":\"Bellunopress\",\"url\":\"https:\\\/\\\/www.bellunopress.it\\\/\",\"logo\":{\"@type\":\"ImageObject\",\"inLanguage\":\"fr-FR\",\"@id\":\"https:\\\/\\\/www.bellunopress.it\\\/#\\\/schema\\\/logo\\\/image\\\/\",\"url\":\"https:\\\/\\\/www.bellunopress.it\\\/wp-content\\\/uploads\\\/2011\\\/05\\\/cropped-logo-bellunopress-.jpg\",\"contentUrl\":\"https:\\\/\\\/www.bellunopress.it\\\/wp-content\\\/uploads\\\/2011\\\/05\\\/cropped-logo-bellunopress-.jpg\",\"width\":512,\"height\":512,\"caption\":\"Bellunopress\"},\"image\":{\"@id\":\"https:\\\/\\\/www.bellunopress.it\\\/#\\\/schema\\\/logo\\\/image\\\/\"},\"sameAs\":[\"https:\\\/\\\/www.facebook.com\\\/profile.php?id=100008943462799\",\"https:\\\/\\\/x.com\\\/bellunopress\",\"https:\\\/\\\/www.linkedin.com\\\/hp\\\/?dnr=JBzUWaJfMUw8vbXJJ2tVW5-I3jZKvC4wsoxE&amp;amp;amp;amp;amp;amp;trk=nav_responsive_tab_home\",\"https:\\\/\\\/www.youtube.com\\\/channel\\\/UCxL0wu1uN0_3_7hGG0306cw\"]},{\"@type\":\"Person\",\"@id\":\"https:\\\/\\\/www.bellunopress.it\\\/#\\\/schema\\\/person\\\/79bb06722b37ece1c03d3e94beb30d73\",\"name\":\"redazione\",\"image\":{\"@type\":\"ImageObject\",\"inLanguage\":\"fr-FR\",\"@id\":\"https:\\\/\\\/secure.gravatar.com\\\/avatar\\\/37d968a2e67a6fd04c169c4bdef102d0bc5d31b2546345219e348575eb80e9a0?s=96&d=mm&r=g\",\"url\":\"https:\\\/\\\/secure.gravatar.com\\\/avatar\\\/37d968a2e67a6fd04c169c4bdef102d0bc5d31b2546345219e348575eb80e9a0?s=96&d=mm&r=g\",\"contentUrl\":\"https:\\\/\\\/secure.gravatar.com\\\/avatar\\\/37d968a2e67a6fd04c169c4bdef102d0bc5d31b2546345219e348575eb80e9a0?s=96&d=mm&r=g\",\"caption\":\"redazione\"},\"sameAs\":[\"http:\\\/\\\/www.bellunopress.it\",\"https:\\\/\\\/x.com\\\/bellunopress\"],\"url\":\"https:\\\/\\\/www.bellunopress.it\\\/fr\\\/author\\\/redazione\\\/\"}]}<\/script>\n<!-- \/ Yoast SEO plugin. -->","yoast_head_json":{"title":"Val Comelico Roots Festival: il 1\u00b0 maggio la musica incontra il borgo di Casamazzagno - Bellunopress - Dolomiti","robots":{"index":"index","follow":"follow","max-snippet":"max-snippet:-1","max-image-preview":"max-image-preview:large","max-video-preview":"max-video-preview:-1"},"canonical":"https:\/\/www.bellunopress.it\/fr\/2026\/04\/28\/val-comelico-roots-festival-il-1-maggio-la-musica-incontra-il-borgo-di-casamazzagno\/","og_locale":"fr_FR","og_type":"article","og_title":"Val Comelico Roots Festival: il 1\u00b0 maggio la musica incontra il borgo di Casamazzagno - Bellunopress - Dolomiti","og_description":"Comelico Superiore, 28 aprile 2026 \u2013 Prosegue il Val Comelico Roots Festival con il secondo appuntamento in programma venerd\u00ec 1\u00b0 maggio dalle ore 12:00 a Casamazzagno, in\u00a0 Piazza della Salute. Ingresso libero. Area food &amp; drink, escursioni guidate. Dopo il successo della giornata inaugurale, il festival continua il suo viaggio tra musica e territorio, portando [&hellip;]","og_url":"https:\/\/www.bellunopress.it\/fr\/2026\/04\/28\/val-comelico-roots-festival-il-1-maggio-la-musica-incontra-il-borgo-di-casamazzagno\/","og_site_name":"Bellunopress - Dolomiti","article_publisher":"https:\/\/www.facebook.com\/profile.php?id=100008943462799","article_published_time":"2026-04-28T07:00:12+00:00","og_image":[{"width":600,"height":327,"url":"https:\/\/www.bellunopress.it\/wp-content\/uploads\/2026\/04\/Val-Comelico-Roots-Festival.jpg","type":"image\/jpeg"}],"author":"redazione","twitter_card":"summary_large_image","twitter_creator":"@bellunopress","twitter_site":"@bellunopress","twitter_misc":{"\u00c9crit par":"redazione","Dur\u00e9e de lecture estim\u00e9e":"2 minutes"},"schema":{"@context":"https:\/\/schema.org","@graph":[{"@type":"Article","@id":"https:\/\/www.bellunopress.it\/2026\/04\/28\/val-comelico-roots-festival-il-1-maggio-la-musica-incontra-il-borgo-di-casamazzagno\/#article","isPartOf":{"@id":"https:\/\/www.bellunopress.it\/2026\/04\/28\/val-comelico-roots-festival-il-1-maggio-la-musica-incontra-il-borgo-di-casamazzagno\/"},"author":{"name":"redazione","@id":"https:\/\/www.bellunopress.it\/#\/schema\/person\/79bb06722b37ece1c03d3e94beb30d73"},"headline":"Val Comelico Roots Festival: il 1\u00b0 maggio la musica incontra il borgo di Casamazzagno","datePublished":"2026-04-28T07:00:12+00:00","mainEntityOfPage":{"@id":"https:\/\/www.bellunopress.it\/2026\/04\/28\/val-comelico-roots-festival-il-1-maggio-la-musica-incontra-il-borgo-di-casamazzagno\/"},"wordCount":365,"publisher":{"@id":"https:\/\/www.bellunopress.it\/#organization"},"image":{"@id":"https:\/\/www.bellunopress.it\/2026\/04\/28\/val-comelico-roots-festival-il-1-maggio-la-musica-incontra-il-borgo-di-casamazzagno\/#primaryimage"},"thumbnailUrl":"https:\/\/www.bellunopress.it\/wp-content\/uploads\/2026\/04\/Val-Comelico-Roots-Festival.jpg","articleSection":["Appuntamenti, Eventi","Arte, Cultura, Spettacoli, Scienza","Pausa Caff\u00e8"],"inLanguage":"fr-FR"},{"@type":"WebPage","@id":"https:\/\/www.bellunopress.it\/2026\/04\/28\/val-comelico-roots-festival-il-1-maggio-la-musica-incontra-il-borgo-di-casamazzagno\/","url":"https:\/\/www.bellunopress.it\/2026\/04\/28\/val-comelico-roots-festival-il-1-maggio-la-musica-incontra-il-borgo-di-casamazzagno\/","name":"Val Comelico Roots Festival: il 1\u00b0 maggio la musica incontra il borgo di Casamazzagno - Bellunopress - Dolomiti","isPartOf":{"@id":"https:\/\/www.bellunopress.it\/#website"},"primaryImageOfPage":{"@id":"https:\/\/www.bellunopress.it\/2026\/04\/28\/val-comelico-roots-festival-il-1-maggio-la-musica-incontra-il-borgo-di-casamazzagno\/#primaryimage"},"image":{"@id":"https:\/\/www.bellunopress.it\/2026\/04\/28\/val-comelico-roots-festival-il-1-maggio-la-musica-incontra-il-borgo-di-casamazzagno\/#primaryimage"},"thumbnailUrl":"https:\/\/www.bellunopress.it\/wp-content\/uploads\/2026\/04\/Val-Comelico-Roots-Festival.jpg","datePublished":"2026-04-28T07:00:12+00:00","breadcrumb":{"@id":"https:\/\/www.bellunopress.it\/2026\/04\/28\/val-comelico-roots-festival-il-1-maggio-la-musica-incontra-il-borgo-di-casamazzagno\/#breadcrumb"},"inLanguage":"fr-FR","potentialAction":[{"@type":"ReadAction","target":["https:\/\/www.bellunopress.it\/2026\/04\/28\/val-comelico-roots-festival-il-1-maggio-la-musica-incontra-il-borgo-di-casamazzagno\/"]}]},{"@type":"ImageObject","inLanguage":"fr-FR","@id":"https:\/\/www.bellunopress.it\/2026\/04\/28\/val-comelico-roots-festival-il-1-maggio-la-musica-incontra-il-borgo-di-casamazzagno\/#primaryimage","url":"https:\/\/www.bellunopress.it\/wp-content\/uploads\/2026\/04\/Val-Comelico-Roots-Festival.jpg","contentUrl":"https:\/\/www.bellunopress.it\/wp-content\/uploads\/2026\/04\/Val-Comelico-Roots-Festival.jpg","width":600,"height":327},{"@type":"BreadcrumbList","@id":"https:\/\/www.bellunopress.it\/2026\/04\/28\/val-comelico-roots-festival-il-1-maggio-la-musica-incontra-il-borgo-di-casamazzagno\/#breadcrumb","itemListElement":[{"@type":"ListItem","position":1,"name":"Home","item":"https:\/\/www.bellunopress.it\/"},{"@type":"ListItem","position":2,"name":"Val Comelico Roots Festival: il 1\u00b0 maggio la musica incontra il borgo di Casamazzagno"}]},{"@type":"WebSite","@id":"https:\/\/www.bellunopress.it\/#website","url":"https:\/\/www.bellunopress.it\/","name":"Bellunopress - Dolomiti","description":"e-mail: redazione@bellunopress.it","publisher":{"@id":"https:\/\/www.bellunopress.it\/#organization"},"potentialAction":[{"@type":"SearchAction","target":{"@type":"EntryPoint","urlTemplate":"https:\/\/www.bellunopress.it\/?s={search_term_string}"},"query-input":{"@type":"PropertyValueSpecification","valueRequired":true,"valueName":"search_term_string"}}],"inLanguage":"fr-FR"},{"@type":"Organization","@id":"https:\/\/www.bellunopress.it\/#organization","name":"Bellunopress","url":"https:\/\/www.bellunopress.it\/","logo":{"@type":"ImageObject","inLanguage":"fr-FR","@id":"https:\/\/www.bellunopress.it\/#\/schema\/logo\/image\/","url":"https:\/\/www.bellunopress.it\/wp-content\/uploads\/2011\/05\/cropped-logo-bellunopress-.jpg","contentUrl":"https:\/\/www.bellunopress.it\/wp-content\/uploads\/2011\/05\/cropped-logo-bellunopress-.jpg","width":512,"height":512,"caption":"Bellunopress"},"image":{"@id":"https:\/\/www.bellunopress.it\/#\/schema\/logo\/image\/"},"sameAs":["https:\/\/www.facebook.com\/profile.php?id=100008943462799","https:\/\/x.com\/bellunopress","https:\/\/www.linkedin.com\/hp\/?dnr=JBzUWaJfMUw8vbXJJ2tVW5-I3jZKvC4wsoxE&amp;amp;amp;amp;amp;amp;trk=nav_responsive_tab_home","https:\/\/www.youtube.com\/channel\/UCxL0wu1uN0_3_7hGG0306cw"]},{"@type":"Person","@id":"https:\/\/www.bellunopress.it\/#\/schema\/person\/79bb06722b37ece1c03d3e94beb30d73","name":"r\u00e9daction","image":{"@type":"ImageObject","inLanguage":"fr-FR","@id":"https:\/\/secure.gravatar.com\/avatar\/37d968a2e67a6fd04c169c4bdef102d0bc5d31b2546345219e348575eb80e9a0?s=96&d=mm&r=g","url":"https:\/\/secure.gravatar.com\/avatar\/37d968a2e67a6fd04c169c4bdef102d0bc5d31b2546345219e348575eb80e9a0?s=96&d=mm&r=g","contentUrl":"https:\/\/secure.gravatar.com\/avatar\/37d968a2e67a6fd04c169c4bdef102d0bc5d31b2546345219e348575eb80e9a0?s=96&d=mm&r=g","caption":"redazione"},"sameAs":["http:\/\/www.bellunopress.it","https:\/\/x.com\/bellunopress"],"url":"https:\/\/www.bellunopress.it\/fr\/author\/redazione\/"}]}},"_links":{"self":[{"href":"https:\/\/www.bellunopress.it\/fr\/wp-json\/wp\/v2\/posts\/169561","targetHints":{"allow":["GET"]}}],"collection":[{"href":"https:\/\/www.bellunopress.it\/fr\/wp-json\/wp\/v2\/posts"}],"about":[{"href":"https:\/\/www.bellunopress.it\/fr\/wp-json\/wp\/v2\/types\/post"}],"author":[{"embeddable":true,"href":"https:\/\/www.bellunopress.it\/fr\/wp-json\/wp\/v2\/users\/2"}],"replies":[{"embeddable":true,"href":"https:\/\/www.bellunopress.it\/fr\/wp-json\/wp\/v2\/comments?post=169561"}],"version-history":[{"count":1,"href":"https:\/\/www.bellunopress.it\/fr\/wp-json\/wp\/v2\/posts\/169561\/revisions"}],"predecessor-version":[{"id":169562,"href":"https:\/\/www.bellunopress.it\/fr\/wp-json\/wp\/v2\/posts\/169561\/revisions\/169562"}],"wp:featuredmedia":[{"embeddable":true,"href":"https:\/\/www.bellunopress.it\/fr\/wp-json\/wp\/v2\/media\/169191"}],"wp:attachment":[{"href":"https:\/\/www.bellunopress.it\/fr\/wp-json\/wp\/v2\/media?parent=169561"}],"wp:term":[{"taxonomy":"category","embeddable":true,"href":"https:\/\/www.bellunopress.it\/fr\/wp-json\/wp\/v2\/categories?post=169561"},{"taxonomy":"post_tag","embeddable":true,"href":"https:\/\/www.bellunopress.it\/fr\/wp-json\/wp\/v2\/tags?post=169561"}],"curies":[{"name":"wp","href":"https:\/\/api.w.org\/{rel}","templated":true}]}}