{"id":169553,"date":"2026-04-27T22:24:34","date_gmt":"2026-04-27T20:24:34","guid":{"rendered":"https:\/\/www.bellunopress.it\/?p=169553"},"modified":"2026-04-28T06:54:16","modified_gmt":"2026-04-28T04:54:16","slug":"musica-in-cattedra-con-la-banda-citta-di-feltre","status":"publish","type":"post","link":"https:\/\/www.bellunopress.it\/fr\/2026\/04\/27\/musica-in-cattedra-con-la-banda-citta-di-feltre\/","title":{"rendered":"Musica in cattedra con la Banda &#8220;Citt\u00e0 di Feltre&#8221;"},"content":{"rendered":"<p><strong>Dall&#8217;Egitto di Verdi al viaggio di Verne, gli studenti dell&#8217;IC Feltre alla scoperta dei segreti dell&#8217;orchestra di fiati<\/strong><\/p>\n<p>Feltre, 27\/04\/2026 \u2013 Il sipario dell\u2019Officinema di Feltre si \u00e8 alzato su una lezione speciale, dove i banchi di scuola hanno lasciato spazio alla platea e i libri agli spartiti. Gli alunni delle classi prime della scuola secondaria di primo grado &#8220;Gino Rocca&#8221; e i bambini della scuola primaria dell&#8217;IC Feltre sono stati i protagonisti di un evento unico: un concerto-lezione interamente dedicato a loro dalla rinomata Banda &#8220;Citt\u00e0 di Feltre&#8221;.<\/p>\n<p>Sotto la guida sapiente del Maestro Ivan Villanova, i giovani ascoltatori hanno intrapreso un viaggio sonoro attraverso tre capisaldi del repertorio per fiati. La mattinata si \u00e8 aperta con le note solenni della &#8220;Marcia Trionfale&#8221; dall&#8217;Aida di Giuseppe Verdi, opera legata storicamente all&#8217;ingegno di Luigi Negrelli per l&#8217;inaugurazione del Canale di Suez.<\/p>\n<p>Il percorso \u00e8 proseguito con le suggestioni cinematografiche di &#8220;Around the World in 80 Days&#8221; di Otto M. Schwarz, una vera immersione nei continenti ispirata al capolavoro di Jules Verne, arricchita dalla lettura di brani del racconto da parte degli stessi studenti. Infine, l&#8217;energia travolgente di &#8220;Arabesque&#8221; di Samuel Hazo ha trasportato il pubblico nelle atmosfere del Medio Oriente, offrendo lo spunto per un approfondimento sulle radici fenicie del Libano.<\/p>\n<p>Non si \u00e8 trattato per\u00f2 di un semplice ascolto passivo. Il Maestro Villanova ha trasformato l\u2019esecuzione in una vera e propria anatomia dell\u2019orchestra. Spiegando il concetto di &#8220;gioco di squadra&#8221;, ha illustrato la variet\u00e0 timbrica dei singoli strumenti, ponendo l&#8217;accento sui &#8220;colori&#8221; sonori e sui ritmi complessi delle percussioni. Un momento di grande impatto \u00e8 stato il gran finale, che ha visto la partecipazione della professoressa Federica Pinna in veste di flauto solista, accolta da un caloroso applauso.<\/p>\n<p>L&#8217;iniziativa \u00e8 stata promossa dal Centro Servizi per il Volontariato (CSV), di cui la Banda fa parte. L&#8217;obiettivo \u00e8 duplice: diffondere la cultura musicale e sensibilizzare i ragazzi sull&#8217;importanza del lavoro non remunerato come pilastro della crescita sociale e culturale della comunit\u00e0.<\/p>\n<p>L\u2019evento si inserisce in una visione educativa pi\u00f9 ampia. Progetti come &#8220;Conosciamo la Banda Citt\u00e0 di Feltre&#8221; stanno gi\u00e0 portando i primi frutti, con l&#8217;obiettivo di integrare stabilmente lo studio degli strumenti bandistici all&#8217;interno dell&#8217;indirizzo musicale della scuola secondaria.<\/p>\n<p>L&#8217;invito della Banda \u00e8 ora rivolto al futuro: la scuola di musica propone corsi di propedeutica dai 4 anni e di avviamento dagli 8 anni, con la possibilit\u00e0 di suonare in un gruppo giovanile. Un&#8217;opportunit\u00e0 concreta, sottolineata dal fatto che lo strumento musicale scelto viene messo a disposizione gratuitamente per favorire l&#8217;accesso di tutti alla bellezza della musica.<\/p>","protected":false},"excerpt":{"rendered":"<p>Dall&#8217;Egitto di Verdi al viaggio di Verne, gli studenti dell&#8217;IC Feltre alla scoperta dei segreti dell&#8217;orchestra di fiati Feltre, 27\/04\/2026 \u2013 Il sipario dell\u2019Officinema di Feltre si \u00e8 alzato su una lezione speciale, dove i banchi di scuola hanno lasciato spazio alla platea e i libri agli spartiti. Gli alunni delle classi prime della scuola [&hellip;]<\/p>\n","protected":false},"author":2,"featured_media":169554,"comment_status":"closed","ping_status":"open","sticky":false,"template":"","format":"standard","meta":{"footnotes":""},"categories":[15],"tags":[],"class_list":["post-169553","post","type-post","status-publish","format-standard","has-post-thumbnail","category-scuola"],"yoast_head":"<!-- This site is optimized with the Yoast SEO plugin v28.4 - https:\/\/yoast.com\/product\/yoast-seo-wordpress\/ -->\n<title>Musica in cattedra con la Banda &quot;Citt\u00e0 di Feltre&quot; - Bellunopress - Dolomiti<\/title>\n<meta name=\"robots\" content=\"index, follow, max-snippet:-1, max-image-preview:large, max-video-preview:-1\" \/>\n<link rel=\"canonical\" href=\"https:\/\/www.bellunopress.it\/fr\/2026\/04\/27\/musica-in-cattedra-con-la-banda-citta-di-feltre\/\" \/>\n<meta property=\"og:locale\" content=\"fr_FR\" \/>\n<meta property=\"og:type\" content=\"article\" \/>\n<meta property=\"og:title\" content=\"Musica in cattedra con la Banda &quot;Citt\u00e0 di Feltre&quot; - Bellunopress - Dolomiti\" \/>\n<meta property=\"og:description\" content=\"Dall&#8217;Egitto di Verdi al viaggio di Verne, gli studenti dell&#8217;IC Feltre alla scoperta dei segreti dell&#8217;orchestra di fiati Feltre, 27\/04\/2026 \u2013 Il sipario dell\u2019Officinema di Feltre si \u00e8 alzato su una lezione speciale, dove i banchi di scuola hanno lasciato spazio alla platea e i libri agli spartiti. Gli alunni delle classi prime della scuola [&hellip;]\" \/>\n<meta property=\"og:url\" content=\"https:\/\/www.bellunopress.it\/fr\/2026\/04\/27\/musica-in-cattedra-con-la-banda-citta-di-feltre\/\" \/>\n<meta property=\"og:site_name\" content=\"Bellunopress - Dolomiti\" \/>\n<meta property=\"article:publisher\" content=\"https:\/\/www.facebook.com\/profile.php?id=100008943462799\" \/>\n<meta property=\"article:published_time\" content=\"2026-04-27T20:24:34+00:00\" \/>\n<meta property=\"article:modified_time\" content=\"2026-04-28T04:54:16+00:00\" \/>\n<meta property=\"og:image\" content=\"https:\/\/www.bellunopress.it\/wp-content\/uploads\/2026\/04\/Banda-Citta-di-Feltre.jpg\" \/>\n\t<meta property=\"og:image:width\" content=\"500\" \/>\n\t<meta property=\"og:image:height\" content=\"375\" \/>\n\t<meta property=\"og:image:type\" content=\"image\/jpeg\" \/>\n<meta name=\"author\" content=\"redazione\" \/>\n<meta name=\"twitter:card\" content=\"summary_large_image\" \/>\n<meta name=\"twitter:creator\" content=\"@bellunopress\" \/>\n<meta name=\"twitter:site\" content=\"@bellunopress\" \/>\n<meta name=\"twitter:label1\" content=\"\u00c9crit par\" \/>\n\t<meta name=\"twitter:data1\" content=\"redazione\" \/>\n\t<meta name=\"twitter:label2\" content=\"Dur\u00e9e de lecture estim\u00e9e\" \/>\n\t<meta name=\"twitter:data2\" content=\"2 minutes\" \/>\n<script type=\"application\/ld+json\" class=\"yoast-schema-graph\">{\"@context\":\"https:\\\/\\\/schema.org\",\"@graph\":[{\"@type\":\"Article\",\"@id\":\"https:\\\/\\\/www.bellunopress.it\\\/2026\\\/04\\\/27\\\/musica-in-cattedra-con-la-banda-citta-di-feltre\\\/#article\",\"isPartOf\":{\"@id\":\"https:\\\/\\\/www.bellunopress.it\\\/2026\\\/04\\\/27\\\/musica-in-cattedra-con-la-banda-citta-di-feltre\\\/\"},\"author\":{\"name\":\"redazione\",\"@id\":\"https:\\\/\\\/www.bellunopress.it\\\/#\\\/schema\\\/person\\\/79bb06722b37ece1c03d3e94beb30d73\"},\"headline\":\"Musica in cattedra con la Banda &#8220;Citt\u00e0 di Feltre&#8221;\",\"datePublished\":\"2026-04-27T20:24:34+00:00\",\"dateModified\":\"2026-04-28T04:54:16+00:00\",\"mainEntityOfPage\":{\"@id\":\"https:\\\/\\\/www.bellunopress.it\\\/2026\\\/04\\\/27\\\/musica-in-cattedra-con-la-banda-citta-di-feltre\\\/\"},\"wordCount\":446,\"publisher\":{\"@id\":\"https:\\\/\\\/www.bellunopress.it\\\/#organization\"},\"image\":{\"@id\":\"https:\\\/\\\/www.bellunopress.it\\\/2026\\\/04\\\/27\\\/musica-in-cattedra-con-la-banda-citta-di-feltre\\\/#primaryimage\"},\"thumbnailUrl\":\"https:\\\/\\\/www.bellunopress.it\\\/wp-content\\\/uploads\\\/2026\\\/04\\\/Banda-Citta-di-Feltre.jpg\",\"articleSection\":[\"Scuola\"],\"inLanguage\":\"fr-FR\"},{\"@type\":\"WebPage\",\"@id\":\"https:\\\/\\\/www.bellunopress.it\\\/2026\\\/04\\\/27\\\/musica-in-cattedra-con-la-banda-citta-di-feltre\\\/\",\"url\":\"https:\\\/\\\/www.bellunopress.it\\\/2026\\\/04\\\/27\\\/musica-in-cattedra-con-la-banda-citta-di-feltre\\\/\",\"name\":\"Musica in cattedra con la Banda \\\"Citt\u00e0 di Feltre\\\" - Bellunopress - Dolomiti\",\"isPartOf\":{\"@id\":\"https:\\\/\\\/www.bellunopress.it\\\/#website\"},\"primaryImageOfPage\":{\"@id\":\"https:\\\/\\\/www.bellunopress.it\\\/2026\\\/04\\\/27\\\/musica-in-cattedra-con-la-banda-citta-di-feltre\\\/#primaryimage\"},\"image\":{\"@id\":\"https:\\\/\\\/www.bellunopress.it\\\/2026\\\/04\\\/27\\\/musica-in-cattedra-con-la-banda-citta-di-feltre\\\/#primaryimage\"},\"thumbnailUrl\":\"https:\\\/\\\/www.bellunopress.it\\\/wp-content\\\/uploads\\\/2026\\\/04\\\/Banda-Citta-di-Feltre.jpg\",\"datePublished\":\"2026-04-27T20:24:34+00:00\",\"dateModified\":\"2026-04-28T04:54:16+00:00\",\"breadcrumb\":{\"@id\":\"https:\\\/\\\/www.bellunopress.it\\\/2026\\\/04\\\/27\\\/musica-in-cattedra-con-la-banda-citta-di-feltre\\\/#breadcrumb\"},\"inLanguage\":\"fr-FR\",\"potentialAction\":[{\"@type\":\"ReadAction\",\"target\":[\"https:\\\/\\\/www.bellunopress.it\\\/2026\\\/04\\\/27\\\/musica-in-cattedra-con-la-banda-citta-di-feltre\\\/\"]}]},{\"@type\":\"ImageObject\",\"inLanguage\":\"fr-FR\",\"@id\":\"https:\\\/\\\/www.bellunopress.it\\\/2026\\\/04\\\/27\\\/musica-in-cattedra-con-la-banda-citta-di-feltre\\\/#primaryimage\",\"url\":\"https:\\\/\\\/www.bellunopress.it\\\/wp-content\\\/uploads\\\/2026\\\/04\\\/Banda-Citta-di-Feltre.jpg\",\"contentUrl\":\"https:\\\/\\\/www.bellunopress.it\\\/wp-content\\\/uploads\\\/2026\\\/04\\\/Banda-Citta-di-Feltre.jpg\",\"width\":500,\"height\":375},{\"@type\":\"BreadcrumbList\",\"@id\":\"https:\\\/\\\/www.bellunopress.it\\\/2026\\\/04\\\/27\\\/musica-in-cattedra-con-la-banda-citta-di-feltre\\\/#breadcrumb\",\"itemListElement\":[{\"@type\":\"ListItem\",\"position\":1,\"name\":\"Home\",\"item\":\"https:\\\/\\\/www.bellunopress.it\\\/\"},{\"@type\":\"ListItem\",\"position\":2,\"name\":\"Musica in cattedra con la Banda &#8220;Citt\u00e0 di Feltre&#8221;\"}]},{\"@type\":\"WebSite\",\"@id\":\"https:\\\/\\\/www.bellunopress.it\\\/#website\",\"url\":\"https:\\\/\\\/www.bellunopress.it\\\/\",\"name\":\"Bellunopress - Dolomiti\",\"description\":\"e-mail: redazione@bellunopress.it\",\"publisher\":{\"@id\":\"https:\\\/\\\/www.bellunopress.it\\\/#organization\"},\"potentialAction\":[{\"@type\":\"SearchAction\",\"target\":{\"@type\":\"EntryPoint\",\"urlTemplate\":\"https:\\\/\\\/www.bellunopress.it\\\/?s={search_term_string}\"},\"query-input\":{\"@type\":\"PropertyValueSpecification\",\"valueRequired\":true,\"valueName\":\"search_term_string\"}}],\"inLanguage\":\"fr-FR\"},{\"@type\":\"Organization\",\"@id\":\"https:\\\/\\\/www.bellunopress.it\\\/#organization\",\"name\":\"Bellunopress\",\"url\":\"https:\\\/\\\/www.bellunopress.it\\\/\",\"logo\":{\"@type\":\"ImageObject\",\"inLanguage\":\"fr-FR\",\"@id\":\"https:\\\/\\\/www.bellunopress.it\\\/#\\\/schema\\\/logo\\\/image\\\/\",\"url\":\"https:\\\/\\\/www.bellunopress.it\\\/wp-content\\\/uploads\\\/2011\\\/05\\\/cropped-logo-bellunopress-.jpg\",\"contentUrl\":\"https:\\\/\\\/www.bellunopress.it\\\/wp-content\\\/uploads\\\/2011\\\/05\\\/cropped-logo-bellunopress-.jpg\",\"width\":512,\"height\":512,\"caption\":\"Bellunopress\"},\"image\":{\"@id\":\"https:\\\/\\\/www.bellunopress.it\\\/#\\\/schema\\\/logo\\\/image\\\/\"},\"sameAs\":[\"https:\\\/\\\/www.facebook.com\\\/profile.php?id=100008943462799\",\"https:\\\/\\\/x.com\\\/bellunopress\",\"https:\\\/\\\/www.linkedin.com\\\/hp\\\/?dnr=JBzUWaJfMUw8vbXJJ2tVW5-I3jZKvC4wsoxE&amp;amp;amp;amp;amp;amp;trk=nav_responsive_tab_home\",\"https:\\\/\\\/www.youtube.com\\\/channel\\\/UCxL0wu1uN0_3_7hGG0306cw\"]},{\"@type\":\"Person\",\"@id\":\"https:\\\/\\\/www.bellunopress.it\\\/#\\\/schema\\\/person\\\/79bb06722b37ece1c03d3e94beb30d73\",\"name\":\"redazione\",\"image\":{\"@type\":\"ImageObject\",\"inLanguage\":\"fr-FR\",\"@id\":\"https:\\\/\\\/secure.gravatar.com\\\/avatar\\\/37d968a2e67a6fd04c169c4bdef102d0bc5d31b2546345219e348575eb80e9a0?s=96&d=mm&r=g\",\"url\":\"https:\\\/\\\/secure.gravatar.com\\\/avatar\\\/37d968a2e67a6fd04c169c4bdef102d0bc5d31b2546345219e348575eb80e9a0?s=96&d=mm&r=g\",\"contentUrl\":\"https:\\\/\\\/secure.gravatar.com\\\/avatar\\\/37d968a2e67a6fd04c169c4bdef102d0bc5d31b2546345219e348575eb80e9a0?s=96&d=mm&r=g\",\"caption\":\"redazione\"},\"sameAs\":[\"http:\\\/\\\/www.bellunopress.it\",\"https:\\\/\\\/x.com\\\/bellunopress\"],\"url\":\"https:\\\/\\\/www.bellunopress.it\\\/fr\\\/author\\\/redazione\\\/\"}]}<\/script>\n<!-- \/ Yoast SEO plugin. -->","yoast_head_json":{"title":"Musica in cattedra con la Banda \"Citt\u00e0 di Feltre\" - Bellunopress - Dolomiti","robots":{"index":"index","follow":"follow","max-snippet":"max-snippet:-1","max-image-preview":"max-image-preview:large","max-video-preview":"max-video-preview:-1"},"canonical":"https:\/\/www.bellunopress.it\/fr\/2026\/04\/27\/musica-in-cattedra-con-la-banda-citta-di-feltre\/","og_locale":"fr_FR","og_type":"article","og_title":"Musica in cattedra con la Banda \"Citt\u00e0 di Feltre\" - Bellunopress - Dolomiti","og_description":"Dall&#8217;Egitto di Verdi al viaggio di Verne, gli studenti dell&#8217;IC Feltre alla scoperta dei segreti dell&#8217;orchestra di fiati Feltre, 27\/04\/2026 \u2013 Il sipario dell\u2019Officinema di Feltre si \u00e8 alzato su una lezione speciale, dove i banchi di scuola hanno lasciato spazio alla platea e i libri agli spartiti. Gli alunni delle classi prime della scuola [&hellip;]","og_url":"https:\/\/www.bellunopress.it\/fr\/2026\/04\/27\/musica-in-cattedra-con-la-banda-citta-di-feltre\/","og_site_name":"Bellunopress - Dolomiti","article_publisher":"https:\/\/www.facebook.com\/profile.php?id=100008943462799","article_published_time":"2026-04-27T20:24:34+00:00","article_modified_time":"2026-04-28T04:54:16+00:00","og_image":[{"width":500,"height":375,"url":"https:\/\/www.bellunopress.it\/wp-content\/uploads\/2026\/04\/Banda-Citta-di-Feltre.jpg","type":"image\/jpeg"}],"author":"redazione","twitter_card":"summary_large_image","twitter_creator":"@bellunopress","twitter_site":"@bellunopress","twitter_misc":{"\u00c9crit par":"redazione","Dur\u00e9e de lecture estim\u00e9e":"2 minutes"},"schema":{"@context":"https:\/\/schema.org","@graph":[{"@type":"Article","@id":"https:\/\/www.bellunopress.it\/2026\/04\/27\/musica-in-cattedra-con-la-banda-citta-di-feltre\/#article","isPartOf":{"@id":"https:\/\/www.bellunopress.it\/2026\/04\/27\/musica-in-cattedra-con-la-banda-citta-di-feltre\/"},"author":{"name":"redazione","@id":"https:\/\/www.bellunopress.it\/#\/schema\/person\/79bb06722b37ece1c03d3e94beb30d73"},"headline":"Musica in cattedra con la Banda &#8220;Citt\u00e0 di Feltre&#8221;","datePublished":"2026-04-27T20:24:34+00:00","dateModified":"2026-04-28T04:54:16+00:00","mainEntityOfPage":{"@id":"https:\/\/www.bellunopress.it\/2026\/04\/27\/musica-in-cattedra-con-la-banda-citta-di-feltre\/"},"wordCount":446,"publisher":{"@id":"https:\/\/www.bellunopress.it\/#organization"},"image":{"@id":"https:\/\/www.bellunopress.it\/2026\/04\/27\/musica-in-cattedra-con-la-banda-citta-di-feltre\/#primaryimage"},"thumbnailUrl":"https:\/\/www.bellunopress.it\/wp-content\/uploads\/2026\/04\/Banda-Citta-di-Feltre.jpg","articleSection":["Scuola"],"inLanguage":"fr-FR"},{"@type":"WebPage","@id":"https:\/\/www.bellunopress.it\/2026\/04\/27\/musica-in-cattedra-con-la-banda-citta-di-feltre\/","url":"https:\/\/www.bellunopress.it\/2026\/04\/27\/musica-in-cattedra-con-la-banda-citta-di-feltre\/","name":"Musica in cattedra con la Banda \"Citt\u00e0 di Feltre\" - Bellunopress - Dolomiti","isPartOf":{"@id":"https:\/\/www.bellunopress.it\/#website"},"primaryImageOfPage":{"@id":"https:\/\/www.bellunopress.it\/2026\/04\/27\/musica-in-cattedra-con-la-banda-citta-di-feltre\/#primaryimage"},"image":{"@id":"https:\/\/www.bellunopress.it\/2026\/04\/27\/musica-in-cattedra-con-la-banda-citta-di-feltre\/#primaryimage"},"thumbnailUrl":"https:\/\/www.bellunopress.it\/wp-content\/uploads\/2026\/04\/Banda-Citta-di-Feltre.jpg","datePublished":"2026-04-27T20:24:34+00:00","dateModified":"2026-04-28T04:54:16+00:00","breadcrumb":{"@id":"https:\/\/www.bellunopress.it\/2026\/04\/27\/musica-in-cattedra-con-la-banda-citta-di-feltre\/#breadcrumb"},"inLanguage":"fr-FR","potentialAction":[{"@type":"ReadAction","target":["https:\/\/www.bellunopress.it\/2026\/04\/27\/musica-in-cattedra-con-la-banda-citta-di-feltre\/"]}]},{"@type":"ImageObject","inLanguage":"fr-FR","@id":"https:\/\/www.bellunopress.it\/2026\/04\/27\/musica-in-cattedra-con-la-banda-citta-di-feltre\/#primaryimage","url":"https:\/\/www.bellunopress.it\/wp-content\/uploads\/2026\/04\/Banda-Citta-di-Feltre.jpg","contentUrl":"https:\/\/www.bellunopress.it\/wp-content\/uploads\/2026\/04\/Banda-Citta-di-Feltre.jpg","width":500,"height":375},{"@type":"BreadcrumbList","@id":"https:\/\/www.bellunopress.it\/2026\/04\/27\/musica-in-cattedra-con-la-banda-citta-di-feltre\/#breadcrumb","itemListElement":[{"@type":"ListItem","position":1,"name":"Home","item":"https:\/\/www.bellunopress.it\/"},{"@type":"ListItem","position":2,"name":"Musica in cattedra con la Banda &#8220;Citt\u00e0 di Feltre&#8221;"}]},{"@type":"WebSite","@id":"https:\/\/www.bellunopress.it\/#website","url":"https:\/\/www.bellunopress.it\/","name":"Bellunopress - Dolomiti","description":"e-mail: redazione@bellunopress.it","publisher":{"@id":"https:\/\/www.bellunopress.it\/#organization"},"potentialAction":[{"@type":"SearchAction","target":{"@type":"EntryPoint","urlTemplate":"https:\/\/www.bellunopress.it\/?s={search_term_string}"},"query-input":{"@type":"PropertyValueSpecification","valueRequired":true,"valueName":"search_term_string"}}],"inLanguage":"fr-FR"},{"@type":"Organization","@id":"https:\/\/www.bellunopress.it\/#organization","name":"Bellunopress","url":"https:\/\/www.bellunopress.it\/","logo":{"@type":"ImageObject","inLanguage":"fr-FR","@id":"https:\/\/www.bellunopress.it\/#\/schema\/logo\/image\/","url":"https:\/\/www.bellunopress.it\/wp-content\/uploads\/2011\/05\/cropped-logo-bellunopress-.jpg","contentUrl":"https:\/\/www.bellunopress.it\/wp-content\/uploads\/2011\/05\/cropped-logo-bellunopress-.jpg","width":512,"height":512,"caption":"Bellunopress"},"image":{"@id":"https:\/\/www.bellunopress.it\/#\/schema\/logo\/image\/"},"sameAs":["https:\/\/www.facebook.com\/profile.php?id=100008943462799","https:\/\/x.com\/bellunopress","https:\/\/www.linkedin.com\/hp\/?dnr=JBzUWaJfMUw8vbXJJ2tVW5-I3jZKvC4wsoxE&amp;amp;amp;amp;amp;amp;trk=nav_responsive_tab_home","https:\/\/www.youtube.com\/channel\/UCxL0wu1uN0_3_7hGG0306cw"]},{"@type":"Person","@id":"https:\/\/www.bellunopress.it\/#\/schema\/person\/79bb06722b37ece1c03d3e94beb30d73","name":"r\u00e9daction","image":{"@type":"ImageObject","inLanguage":"fr-FR","@id":"https:\/\/secure.gravatar.com\/avatar\/37d968a2e67a6fd04c169c4bdef102d0bc5d31b2546345219e348575eb80e9a0?s=96&d=mm&r=g","url":"https:\/\/secure.gravatar.com\/avatar\/37d968a2e67a6fd04c169c4bdef102d0bc5d31b2546345219e348575eb80e9a0?s=96&d=mm&r=g","contentUrl":"https:\/\/secure.gravatar.com\/avatar\/37d968a2e67a6fd04c169c4bdef102d0bc5d31b2546345219e348575eb80e9a0?s=96&d=mm&r=g","caption":"redazione"},"sameAs":["http:\/\/www.bellunopress.it","https:\/\/x.com\/bellunopress"],"url":"https:\/\/www.bellunopress.it\/fr\/author\/redazione\/"}]}},"_links":{"self":[{"href":"https:\/\/www.bellunopress.it\/fr\/wp-json\/wp\/v2\/posts\/169553","targetHints":{"allow":["GET"]}}],"collection":[{"href":"https:\/\/www.bellunopress.it\/fr\/wp-json\/wp\/v2\/posts"}],"about":[{"href":"https:\/\/www.bellunopress.it\/fr\/wp-json\/wp\/v2\/types\/post"}],"author":[{"embeddable":true,"href":"https:\/\/www.bellunopress.it\/fr\/wp-json\/wp\/v2\/users\/2"}],"replies":[{"embeddable":true,"href":"https:\/\/www.bellunopress.it\/fr\/wp-json\/wp\/v2\/comments?post=169553"}],"version-history":[{"count":1,"href":"https:\/\/www.bellunopress.it\/fr\/wp-json\/wp\/v2\/posts\/169553\/revisions"}],"predecessor-version":[{"id":169556,"href":"https:\/\/www.bellunopress.it\/fr\/wp-json\/wp\/v2\/posts\/169553\/revisions\/169556"}],"wp:featuredmedia":[{"embeddable":true,"href":"https:\/\/www.bellunopress.it\/fr\/wp-json\/wp\/v2\/media\/169554"}],"wp:attachment":[{"href":"https:\/\/www.bellunopress.it\/fr\/wp-json\/wp\/v2\/media?parent=169553"}],"wp:term":[{"taxonomy":"category","embeddable":true,"href":"https:\/\/www.bellunopress.it\/fr\/wp-json\/wp\/v2\/categories?post=169553"},{"taxonomy":"post_tag","embeddable":true,"href":"https:\/\/www.bellunopress.it\/fr\/wp-json\/wp\/v2\/tags?post=169553"}],"curies":[{"name":"wp","href":"https:\/\/api.w.org\/{rel}","templated":true}]}}