{"id":169547,"date":"2026-04-27T20:17:16","date_gmt":"2026-04-27T18:17:16","guid":{"rendered":"https:\/\/www.bellunopress.it\/?p=169547"},"modified":"2026-04-27T20:17:16","modified_gmt":"2026-04-27T18:17:16","slug":"la-salute-in-alta-quota-dal-28-aprile-la-nuova-rubrica-radiofonica-di-radio-cortina","status":"publish","type":"post","link":"https:\/\/www.bellunopress.it\/fr\/2026\/04\/27\/la-salute-in-alta-quota-dal-28-aprile-la-nuova-rubrica-radiofonica-di-radio-cortina\/","title":{"rendered":"La salute in alta quota. Dal 28 aprile la nuova rubrica radiofonica di Radio Cortina"},"content":{"rendered":"<p><strong>Incontri con campioni, storie di sport e consigli medici per chi vive o frequenta la montagna<\/strong><\/p>\n<p><strong>Ospite della prima puntata il campione paralimpico Ren\u00e9 De Silvestro<\/strong><\/p>\n<p>Cortina, 27 aprile 2026_ GVM Care &amp; Research \u2013 tra i principali gruppi ospedalieri italiani con strutture sanitarie d&#8217;eccellenza presenti in Italia e all&#8217;estero &#8211; e Radio Cortina, dal 1976 la Radio delle Dolomiti, danno il via a \u201cLa salute in alta quota\u201d, nuova rubrica radiofonica in onda dal 28 aprile il marted\u00ec alle 11:00, ogni due settimane. Ospite della prima puntata Ren\u00e9 De Silvestro, medaglia d\u2019oro paralimpico nello slalom gigante a Milano-Cortina 2026 e portabandiera delle Paralimpiadi.<\/p>\n<p>\u201cLa salute in alta quota\u201d, che sar\u00e0 condotta dalla giornalista Alessandra Segafreddo, avr\u00e0 come protagonisti campioni dello sport e atleti di varie discipline per raccontare le loro storie di impegno e resilienza, insieme a medici specialisti e professionisti sanitari di GVM Care &amp; Research, che condivideranno competenze, esperienze e consigli utili a migliorare allenamento e abitudini quotidiane promuovendo la cultura della prevenzione.<br \/>\nLa rubrica nasce con l\u2019obiettivo di avvicinare il pubblico ai temi della salute attraverso un canale, quello radiofonico, che accompagna da sempre la vita delle comunit\u00e0 montane, affrontando in modo semplice e accessibile questioni mediche di grande interesse per chi pratica sport in quota: dalla gestione delle patologie pi\u00f9 comuni in quota, alla prevenzione degli infortuni, fino ai corretti stili di vita per chi vive o frequenta la montagna.<br \/>\n\u201cCome Ospedale Cortina, parte di GVM Care &amp; Research, siamo impegnati quotidianamente in un contesto unico nel suo genere &#8211; dichiara Adam Jmili, Direttore Operativo e Amministrativo di Ospedale Cortina. \u201cLa salute in alta quota\u201d rappresenta un nuovo tassello per valorizzare ulteriormente il territorio, mettendo a disposizione le nostre conoscenze e la nostra esperienza con il contributo di specialisti, in un confronto con storie di sport di altissimo livello e di passione per la montagna, a beneficio di tutti gli ascoltatori\u201d.<br \/>\nGli episodi saranno trasmessi live su https:\/\/www.radiocortina.it<\/p>\n<p>GVM Care &amp; Research, gruppo fondato e presieduto da Ettore Sansavini, \u00e8 attivo nei settori della sanit\u00e0, della ricerca, dell\u2019industria biomedicale e delle cure termali, con obiettivi di assistenza specialistica, prevenzione medica e promozione del benessere e della qualit\u00e0 della vita. Cuore di GVM Care &amp; Research \u00e8 la rete integrata di 30 Ospedali, molti dei quali di Alta Specialit\u00e0, 8 Poliambulatori e 5 Residenze Assistenziali presenti in 11 regioni italiane: Piemonte, Lombardia, Liguria, Veneto, Emilia-Romagna, Toscana, Lazio, Puglia, Marche, Campania e Sicilia. GVM \u00e8 presente anche all\u2019estero con 14 strutture in Francia, Polonia, Albania, Ucraina e Kosovo. La sede di GVM Care &amp; Research \u00e8 a Lugo (Ravenna). L\u2019esperienza e le competenze sviluppate negli anni hanno posizionato GVM Care &amp; Research come polo d\u2019eccellenza nel panorama sanitario italiano soprattutto per Cardiologia, Cardiochirurgia, Elettrofisiologia, Ortopedia, Neurochirurgia, Chirurgia bariatrica e metabolica, Aritmologia e Trattamento del Piede Diabetico. Per maggiori informazioni: http:\/\/www.gvmnet.it<\/p>","protected":false},"excerpt":{"rendered":"<p>Incontri con campioni, storie di sport e consigli medici per chi vive o frequenta la montagna Ospite della prima puntata il campione paralimpico Ren\u00e9 De Silvestro Cortina, 27 aprile 2026_ GVM Care &amp; Research \u2013 tra i principali gruppi ospedalieri italiani con strutture sanitarie d&#8217;eccellenza presenti in Italia e all&#8217;estero &#8211; e Radio Cortina, dal [&hellip;]<\/p>\n","protected":false},"author":2,"featured_media":169548,"comment_status":"closed","ping_status":"open","sticky":false,"template":"","format":"standard","meta":{"footnotes":""},"categories":[25,17],"tags":[],"class_list":["post-169547","post","type-post","status-publish","format-standard","has-post-thumbnail","category-pausa-caffe","category-sanita"],"yoast_head":"<!-- This site is optimized with the Yoast SEO plugin v28.4 - https:\/\/yoast.com\/product\/yoast-seo-wordpress\/ -->\n<title>La salute in alta quota. Dal 28 aprile la nuova rubrica radiofonica di Radio Cortina - Bellunopress - Dolomiti<\/title>\n<meta name=\"robots\" content=\"index, follow, max-snippet:-1, max-image-preview:large, max-video-preview:-1\" \/>\n<link rel=\"canonical\" href=\"https:\/\/www.bellunopress.it\/fr\/2026\/04\/27\/la-salute-in-alta-quota-dal-28-aprile-la-nuova-rubrica-radiofonica-di-radio-cortina\/\" \/>\n<meta property=\"og:locale\" content=\"fr_FR\" \/>\n<meta property=\"og:type\" content=\"article\" \/>\n<meta property=\"og:title\" content=\"La salute in alta quota. Dal 28 aprile la nuova rubrica radiofonica di Radio Cortina - Bellunopress - Dolomiti\" \/>\n<meta property=\"og:description\" content=\"Incontri con campioni, storie di sport e consigli medici per chi vive o frequenta la montagna Ospite della prima puntata il campione paralimpico Ren\u00e9 De Silvestro Cortina, 27 aprile 2026_ GVM Care &amp; Research \u2013 tra i principali gruppi ospedalieri italiani con strutture sanitarie d&#8217;eccellenza presenti in Italia e all&#8217;estero &#8211; e Radio Cortina, dal [&hellip;]\" \/>\n<meta property=\"og:url\" content=\"https:\/\/www.bellunopress.it\/fr\/2026\/04\/27\/la-salute-in-alta-quota-dal-28-aprile-la-nuova-rubrica-radiofonica-di-radio-cortina\/\" \/>\n<meta property=\"og:site_name\" content=\"Bellunopress - Dolomiti\" \/>\n<meta property=\"article:publisher\" content=\"https:\/\/www.facebook.com\/profile.php?id=100008943462799\" \/>\n<meta property=\"article:published_time\" content=\"2026-04-27T18:17:16+00:00\" \/>\n<meta property=\"og:image\" content=\"https:\/\/www.bellunopress.it\/wp-content\/uploads\/2026\/04\/La-salute-in-alta-quota.jpg\" \/>\n\t<meta property=\"og:image:width\" content=\"415\" \/>\n\t<meta property=\"og:image:height\" content=\"421\" \/>\n\t<meta property=\"og:image:type\" content=\"image\/jpeg\" \/>\n<meta name=\"author\" content=\"redazione\" \/>\n<meta name=\"twitter:card\" content=\"summary_large_image\" \/>\n<meta name=\"twitter:creator\" content=\"@bellunopress\" \/>\n<meta name=\"twitter:site\" content=\"@bellunopress\" \/>\n<meta name=\"twitter:label1\" content=\"\u00c9crit par\" \/>\n\t<meta name=\"twitter:data1\" content=\"redazione\" \/>\n\t<meta name=\"twitter:label2\" content=\"Dur\u00e9e de lecture estim\u00e9e\" \/>\n\t<meta name=\"twitter:data2\" content=\"2 minutes\" \/>\n<script type=\"application\/ld+json\" class=\"yoast-schema-graph\">{\"@context\":\"https:\\\/\\\/schema.org\",\"@graph\":[{\"@type\":\"Article\",\"@id\":\"https:\\\/\\\/www.bellunopress.it\\\/2026\\\/04\\\/27\\\/la-salute-in-alta-quota-dal-28-aprile-la-nuova-rubrica-radiofonica-di-radio-cortina\\\/#article\",\"isPartOf\":{\"@id\":\"https:\\\/\\\/www.bellunopress.it\\\/2026\\\/04\\\/27\\\/la-salute-in-alta-quota-dal-28-aprile-la-nuova-rubrica-radiofonica-di-radio-cortina\\\/\"},\"author\":{\"name\":\"redazione\",\"@id\":\"https:\\\/\\\/www.bellunopress.it\\\/#\\\/schema\\\/person\\\/79bb06722b37ece1c03d3e94beb30d73\"},\"headline\":\"La salute in alta quota. Dal 28 aprile la nuova rubrica radiofonica di Radio Cortina\",\"datePublished\":\"2026-04-27T18:17:16+00:00\",\"mainEntityOfPage\":{\"@id\":\"https:\\\/\\\/www.bellunopress.it\\\/2026\\\/04\\\/27\\\/la-salute-in-alta-quota-dal-28-aprile-la-nuova-rubrica-radiofonica-di-radio-cortina\\\/\"},\"wordCount\":485,\"publisher\":{\"@id\":\"https:\\\/\\\/www.bellunopress.it\\\/#organization\"},\"image\":{\"@id\":\"https:\\\/\\\/www.bellunopress.it\\\/2026\\\/04\\\/27\\\/la-salute-in-alta-quota-dal-28-aprile-la-nuova-rubrica-radiofonica-di-radio-cortina\\\/#primaryimage\"},\"thumbnailUrl\":\"https:\\\/\\\/www.bellunopress.it\\\/wp-content\\\/uploads\\\/2026\\\/04\\\/La-salute-in-alta-quota.jpg\",\"articleSection\":[\"Pausa Caff\u00e8\",\"Sanit\u00e0 Medicina\"],\"inLanguage\":\"fr-FR\"},{\"@type\":\"WebPage\",\"@id\":\"https:\\\/\\\/www.bellunopress.it\\\/2026\\\/04\\\/27\\\/la-salute-in-alta-quota-dal-28-aprile-la-nuova-rubrica-radiofonica-di-radio-cortina\\\/\",\"url\":\"https:\\\/\\\/www.bellunopress.it\\\/2026\\\/04\\\/27\\\/la-salute-in-alta-quota-dal-28-aprile-la-nuova-rubrica-radiofonica-di-radio-cortina\\\/\",\"name\":\"La salute in alta quota. Dal 28 aprile la nuova rubrica radiofonica di Radio Cortina - Bellunopress - Dolomiti\",\"isPartOf\":{\"@id\":\"https:\\\/\\\/www.bellunopress.it\\\/#website\"},\"primaryImageOfPage\":{\"@id\":\"https:\\\/\\\/www.bellunopress.it\\\/2026\\\/04\\\/27\\\/la-salute-in-alta-quota-dal-28-aprile-la-nuova-rubrica-radiofonica-di-radio-cortina\\\/#primaryimage\"},\"image\":{\"@id\":\"https:\\\/\\\/www.bellunopress.it\\\/2026\\\/04\\\/27\\\/la-salute-in-alta-quota-dal-28-aprile-la-nuova-rubrica-radiofonica-di-radio-cortina\\\/#primaryimage\"},\"thumbnailUrl\":\"https:\\\/\\\/www.bellunopress.it\\\/wp-content\\\/uploads\\\/2026\\\/04\\\/La-salute-in-alta-quota.jpg\",\"datePublished\":\"2026-04-27T18:17:16+00:00\",\"breadcrumb\":{\"@id\":\"https:\\\/\\\/www.bellunopress.it\\\/2026\\\/04\\\/27\\\/la-salute-in-alta-quota-dal-28-aprile-la-nuova-rubrica-radiofonica-di-radio-cortina\\\/#breadcrumb\"},\"inLanguage\":\"fr-FR\",\"potentialAction\":[{\"@type\":\"ReadAction\",\"target\":[\"https:\\\/\\\/www.bellunopress.it\\\/2026\\\/04\\\/27\\\/la-salute-in-alta-quota-dal-28-aprile-la-nuova-rubrica-radiofonica-di-radio-cortina\\\/\"]}]},{\"@type\":\"ImageObject\",\"inLanguage\":\"fr-FR\",\"@id\":\"https:\\\/\\\/www.bellunopress.it\\\/2026\\\/04\\\/27\\\/la-salute-in-alta-quota-dal-28-aprile-la-nuova-rubrica-radiofonica-di-radio-cortina\\\/#primaryimage\",\"url\":\"https:\\\/\\\/www.bellunopress.it\\\/wp-content\\\/uploads\\\/2026\\\/04\\\/La-salute-in-alta-quota.jpg\",\"contentUrl\":\"https:\\\/\\\/www.bellunopress.it\\\/wp-content\\\/uploads\\\/2026\\\/04\\\/La-salute-in-alta-quota.jpg\",\"width\":415,\"height\":421},{\"@type\":\"BreadcrumbList\",\"@id\":\"https:\\\/\\\/www.bellunopress.it\\\/2026\\\/04\\\/27\\\/la-salute-in-alta-quota-dal-28-aprile-la-nuova-rubrica-radiofonica-di-radio-cortina\\\/#breadcrumb\",\"itemListElement\":[{\"@type\":\"ListItem\",\"position\":1,\"name\":\"Home\",\"item\":\"https:\\\/\\\/www.bellunopress.it\\\/\"},{\"@type\":\"ListItem\",\"position\":2,\"name\":\"La salute in alta quota. Dal 28 aprile la nuova rubrica radiofonica di Radio Cortina\"}]},{\"@type\":\"WebSite\",\"@id\":\"https:\\\/\\\/www.bellunopress.it\\\/#website\",\"url\":\"https:\\\/\\\/www.bellunopress.it\\\/\",\"name\":\"Bellunopress - Dolomiti\",\"description\":\"e-mail: redazione@bellunopress.it\",\"publisher\":{\"@id\":\"https:\\\/\\\/www.bellunopress.it\\\/#organization\"},\"potentialAction\":[{\"@type\":\"SearchAction\",\"target\":{\"@type\":\"EntryPoint\",\"urlTemplate\":\"https:\\\/\\\/www.bellunopress.it\\\/?s={search_term_string}\"},\"query-input\":{\"@type\":\"PropertyValueSpecification\",\"valueRequired\":true,\"valueName\":\"search_term_string\"}}],\"inLanguage\":\"fr-FR\"},{\"@type\":\"Organization\",\"@id\":\"https:\\\/\\\/www.bellunopress.it\\\/#organization\",\"name\":\"Bellunopress\",\"url\":\"https:\\\/\\\/www.bellunopress.it\\\/\",\"logo\":{\"@type\":\"ImageObject\",\"inLanguage\":\"fr-FR\",\"@id\":\"https:\\\/\\\/www.bellunopress.it\\\/#\\\/schema\\\/logo\\\/image\\\/\",\"url\":\"https:\\\/\\\/www.bellunopress.it\\\/wp-content\\\/uploads\\\/2011\\\/05\\\/cropped-logo-bellunopress-.jpg\",\"contentUrl\":\"https:\\\/\\\/www.bellunopress.it\\\/wp-content\\\/uploads\\\/2011\\\/05\\\/cropped-logo-bellunopress-.jpg\",\"width\":512,\"height\":512,\"caption\":\"Bellunopress\"},\"image\":{\"@id\":\"https:\\\/\\\/www.bellunopress.it\\\/#\\\/schema\\\/logo\\\/image\\\/\"},\"sameAs\":[\"https:\\\/\\\/www.facebook.com\\\/profile.php?id=100008943462799\",\"https:\\\/\\\/x.com\\\/bellunopress\",\"https:\\\/\\\/www.linkedin.com\\\/hp\\\/?dnr=JBzUWaJfMUw8vbXJJ2tVW5-I3jZKvC4wsoxE&amp;amp;amp;amp;amp;amp;trk=nav_responsive_tab_home\",\"https:\\\/\\\/www.youtube.com\\\/channel\\\/UCxL0wu1uN0_3_7hGG0306cw\"]},{\"@type\":\"Person\",\"@id\":\"https:\\\/\\\/www.bellunopress.it\\\/#\\\/schema\\\/person\\\/79bb06722b37ece1c03d3e94beb30d73\",\"name\":\"redazione\",\"image\":{\"@type\":\"ImageObject\",\"inLanguage\":\"fr-FR\",\"@id\":\"https:\\\/\\\/secure.gravatar.com\\\/avatar\\\/37d968a2e67a6fd04c169c4bdef102d0bc5d31b2546345219e348575eb80e9a0?s=96&d=mm&r=g\",\"url\":\"https:\\\/\\\/secure.gravatar.com\\\/avatar\\\/37d968a2e67a6fd04c169c4bdef102d0bc5d31b2546345219e348575eb80e9a0?s=96&d=mm&r=g\",\"contentUrl\":\"https:\\\/\\\/secure.gravatar.com\\\/avatar\\\/37d968a2e67a6fd04c169c4bdef102d0bc5d31b2546345219e348575eb80e9a0?s=96&d=mm&r=g\",\"caption\":\"redazione\"},\"sameAs\":[\"http:\\\/\\\/www.bellunopress.it\",\"https:\\\/\\\/x.com\\\/bellunopress\"],\"url\":\"https:\\\/\\\/www.bellunopress.it\\\/fr\\\/author\\\/redazione\\\/\"}]}<\/script>\n<!-- \/ Yoast SEO plugin. -->","yoast_head_json":{"title":"La salute in alta quota. Dal 28 aprile la nuova rubrica radiofonica di Radio Cortina - Bellunopress - Dolomiti","robots":{"index":"index","follow":"follow","max-snippet":"max-snippet:-1","max-image-preview":"max-image-preview:large","max-video-preview":"max-video-preview:-1"},"canonical":"https:\/\/www.bellunopress.it\/fr\/2026\/04\/27\/la-salute-in-alta-quota-dal-28-aprile-la-nuova-rubrica-radiofonica-di-radio-cortina\/","og_locale":"fr_FR","og_type":"article","og_title":"La salute in alta quota. Dal 28 aprile la nuova rubrica radiofonica di Radio Cortina - Bellunopress - Dolomiti","og_description":"Incontri con campioni, storie di sport e consigli medici per chi vive o frequenta la montagna Ospite della prima puntata il campione paralimpico Ren\u00e9 De Silvestro Cortina, 27 aprile 2026_ GVM Care &amp; Research \u2013 tra i principali gruppi ospedalieri italiani con strutture sanitarie d&#8217;eccellenza presenti in Italia e all&#8217;estero &#8211; e Radio Cortina, dal [&hellip;]","og_url":"https:\/\/www.bellunopress.it\/fr\/2026\/04\/27\/la-salute-in-alta-quota-dal-28-aprile-la-nuova-rubrica-radiofonica-di-radio-cortina\/","og_site_name":"Bellunopress - Dolomiti","article_publisher":"https:\/\/www.facebook.com\/profile.php?id=100008943462799","article_published_time":"2026-04-27T18:17:16+00:00","og_image":[{"width":415,"height":421,"url":"https:\/\/www.bellunopress.it\/wp-content\/uploads\/2026\/04\/La-salute-in-alta-quota.jpg","type":"image\/jpeg"}],"author":"redazione","twitter_card":"summary_large_image","twitter_creator":"@bellunopress","twitter_site":"@bellunopress","twitter_misc":{"\u00c9crit par":"redazione","Dur\u00e9e de lecture estim\u00e9e":"2 minutes"},"schema":{"@context":"https:\/\/schema.org","@graph":[{"@type":"Article","@id":"https:\/\/www.bellunopress.it\/2026\/04\/27\/la-salute-in-alta-quota-dal-28-aprile-la-nuova-rubrica-radiofonica-di-radio-cortina\/#article","isPartOf":{"@id":"https:\/\/www.bellunopress.it\/2026\/04\/27\/la-salute-in-alta-quota-dal-28-aprile-la-nuova-rubrica-radiofonica-di-radio-cortina\/"},"author":{"name":"redazione","@id":"https:\/\/www.bellunopress.it\/#\/schema\/person\/79bb06722b37ece1c03d3e94beb30d73"},"headline":"La salute in alta quota. Dal 28 aprile la nuova rubrica radiofonica di Radio Cortina","datePublished":"2026-04-27T18:17:16+00:00","mainEntityOfPage":{"@id":"https:\/\/www.bellunopress.it\/2026\/04\/27\/la-salute-in-alta-quota-dal-28-aprile-la-nuova-rubrica-radiofonica-di-radio-cortina\/"},"wordCount":485,"publisher":{"@id":"https:\/\/www.bellunopress.it\/#organization"},"image":{"@id":"https:\/\/www.bellunopress.it\/2026\/04\/27\/la-salute-in-alta-quota-dal-28-aprile-la-nuova-rubrica-radiofonica-di-radio-cortina\/#primaryimage"},"thumbnailUrl":"https:\/\/www.bellunopress.it\/wp-content\/uploads\/2026\/04\/La-salute-in-alta-quota.jpg","articleSection":["Pausa Caff\u00e8","Sanit\u00e0 Medicina"],"inLanguage":"fr-FR"},{"@type":"WebPage","@id":"https:\/\/www.bellunopress.it\/2026\/04\/27\/la-salute-in-alta-quota-dal-28-aprile-la-nuova-rubrica-radiofonica-di-radio-cortina\/","url":"https:\/\/www.bellunopress.it\/2026\/04\/27\/la-salute-in-alta-quota-dal-28-aprile-la-nuova-rubrica-radiofonica-di-radio-cortina\/","name":"La salute in alta quota. Dal 28 aprile la nuova rubrica radiofonica di Radio Cortina - Bellunopress - Dolomiti","isPartOf":{"@id":"https:\/\/www.bellunopress.it\/#website"},"primaryImageOfPage":{"@id":"https:\/\/www.bellunopress.it\/2026\/04\/27\/la-salute-in-alta-quota-dal-28-aprile-la-nuova-rubrica-radiofonica-di-radio-cortina\/#primaryimage"},"image":{"@id":"https:\/\/www.bellunopress.it\/2026\/04\/27\/la-salute-in-alta-quota-dal-28-aprile-la-nuova-rubrica-radiofonica-di-radio-cortina\/#primaryimage"},"thumbnailUrl":"https:\/\/www.bellunopress.it\/wp-content\/uploads\/2026\/04\/La-salute-in-alta-quota.jpg","datePublished":"2026-04-27T18:17:16+00:00","breadcrumb":{"@id":"https:\/\/www.bellunopress.it\/2026\/04\/27\/la-salute-in-alta-quota-dal-28-aprile-la-nuova-rubrica-radiofonica-di-radio-cortina\/#breadcrumb"},"inLanguage":"fr-FR","potentialAction":[{"@type":"ReadAction","target":["https:\/\/www.bellunopress.it\/2026\/04\/27\/la-salute-in-alta-quota-dal-28-aprile-la-nuova-rubrica-radiofonica-di-radio-cortina\/"]}]},{"@type":"ImageObject","inLanguage":"fr-FR","@id":"https:\/\/www.bellunopress.it\/2026\/04\/27\/la-salute-in-alta-quota-dal-28-aprile-la-nuova-rubrica-radiofonica-di-radio-cortina\/#primaryimage","url":"https:\/\/www.bellunopress.it\/wp-content\/uploads\/2026\/04\/La-salute-in-alta-quota.jpg","contentUrl":"https:\/\/www.bellunopress.it\/wp-content\/uploads\/2026\/04\/La-salute-in-alta-quota.jpg","width":415,"height":421},{"@type":"BreadcrumbList","@id":"https:\/\/www.bellunopress.it\/2026\/04\/27\/la-salute-in-alta-quota-dal-28-aprile-la-nuova-rubrica-radiofonica-di-radio-cortina\/#breadcrumb","itemListElement":[{"@type":"ListItem","position":1,"name":"Home","item":"https:\/\/www.bellunopress.it\/"},{"@type":"ListItem","position":2,"name":"La salute in alta quota. Dal 28 aprile la nuova rubrica radiofonica di Radio Cortina"}]},{"@type":"WebSite","@id":"https:\/\/www.bellunopress.it\/#website","url":"https:\/\/www.bellunopress.it\/","name":"Bellunopress - Dolomiti","description":"e-mail: redazione@bellunopress.it","publisher":{"@id":"https:\/\/www.bellunopress.it\/#organization"},"potentialAction":[{"@type":"SearchAction","target":{"@type":"EntryPoint","urlTemplate":"https:\/\/www.bellunopress.it\/?s={search_term_string}"},"query-input":{"@type":"PropertyValueSpecification","valueRequired":true,"valueName":"search_term_string"}}],"inLanguage":"fr-FR"},{"@type":"Organization","@id":"https:\/\/www.bellunopress.it\/#organization","name":"Bellunopress","url":"https:\/\/www.bellunopress.it\/","logo":{"@type":"ImageObject","inLanguage":"fr-FR","@id":"https:\/\/www.bellunopress.it\/#\/schema\/logo\/image\/","url":"https:\/\/www.bellunopress.it\/wp-content\/uploads\/2011\/05\/cropped-logo-bellunopress-.jpg","contentUrl":"https:\/\/www.bellunopress.it\/wp-content\/uploads\/2011\/05\/cropped-logo-bellunopress-.jpg","width":512,"height":512,"caption":"Bellunopress"},"image":{"@id":"https:\/\/www.bellunopress.it\/#\/schema\/logo\/image\/"},"sameAs":["https:\/\/www.facebook.com\/profile.php?id=100008943462799","https:\/\/x.com\/bellunopress","https:\/\/www.linkedin.com\/hp\/?dnr=JBzUWaJfMUw8vbXJJ2tVW5-I3jZKvC4wsoxE&amp;amp;amp;amp;amp;amp;trk=nav_responsive_tab_home","https:\/\/www.youtube.com\/channel\/UCxL0wu1uN0_3_7hGG0306cw"]},{"@type":"Person","@id":"https:\/\/www.bellunopress.it\/#\/schema\/person\/79bb06722b37ece1c03d3e94beb30d73","name":"r\u00e9daction","image":{"@type":"ImageObject","inLanguage":"fr-FR","@id":"https:\/\/secure.gravatar.com\/avatar\/37d968a2e67a6fd04c169c4bdef102d0bc5d31b2546345219e348575eb80e9a0?s=96&d=mm&r=g","url":"https:\/\/secure.gravatar.com\/avatar\/37d968a2e67a6fd04c169c4bdef102d0bc5d31b2546345219e348575eb80e9a0?s=96&d=mm&r=g","contentUrl":"https:\/\/secure.gravatar.com\/avatar\/37d968a2e67a6fd04c169c4bdef102d0bc5d31b2546345219e348575eb80e9a0?s=96&d=mm&r=g","caption":"redazione"},"sameAs":["http:\/\/www.bellunopress.it","https:\/\/x.com\/bellunopress"],"url":"https:\/\/www.bellunopress.it\/fr\/author\/redazione\/"}]}},"_links":{"self":[{"href":"https:\/\/www.bellunopress.it\/fr\/wp-json\/wp\/v2\/posts\/169547","targetHints":{"allow":["GET"]}}],"collection":[{"href":"https:\/\/www.bellunopress.it\/fr\/wp-json\/wp\/v2\/posts"}],"about":[{"href":"https:\/\/www.bellunopress.it\/fr\/wp-json\/wp\/v2\/types\/post"}],"author":[{"embeddable":true,"href":"https:\/\/www.bellunopress.it\/fr\/wp-json\/wp\/v2\/users\/2"}],"replies":[{"embeddable":true,"href":"https:\/\/www.bellunopress.it\/fr\/wp-json\/wp\/v2\/comments?post=169547"}],"version-history":[{"count":1,"href":"https:\/\/www.bellunopress.it\/fr\/wp-json\/wp\/v2\/posts\/169547\/revisions"}],"predecessor-version":[{"id":169549,"href":"https:\/\/www.bellunopress.it\/fr\/wp-json\/wp\/v2\/posts\/169547\/revisions\/169549"}],"wp:featuredmedia":[{"embeddable":true,"href":"https:\/\/www.bellunopress.it\/fr\/wp-json\/wp\/v2\/media\/169548"}],"wp:attachment":[{"href":"https:\/\/www.bellunopress.it\/fr\/wp-json\/wp\/v2\/media?parent=169547"}],"wp:term":[{"taxonomy":"category","embeddable":true,"href":"https:\/\/www.bellunopress.it\/fr\/wp-json\/wp\/v2\/categories?post=169547"},{"taxonomy":"post_tag","embeddable":true,"href":"https:\/\/www.bellunopress.it\/fr\/wp-json\/wp\/v2\/tags?post=169547"}],"curies":[{"name":"wp","href":"https:\/\/api.w.org\/{rel}","templated":true}]}}