{"id":169539,"date":"2026-04-27T17:05:19","date_gmt":"2026-04-27T15:05:19","guid":{"rendered":"https:\/\/www.bellunopress.it\/?p=169539"},"modified":"2026-04-27T17:05:19","modified_gmt":"2026-04-27T15:05:19","slug":"recovery-college-prossimi-appuntamenti-a-belluno","status":"publish","type":"post","link":"https:\/\/www.bellunopress.it\/fr\/2026\/04\/27\/recovery-college-prossimi-appuntamenti-a-belluno\/","title":{"rendered":"Recovery College: prossimi appuntamenti a Belluno"},"content":{"rendered":"<p>Proseguono gli incontri del \u201cRecovery College. Eco di Voci Cangianti\u201d, un percorso di incontri, esperienze, condivisione e formazione, promosso dai Centri di Salute Mentale dell\u2019Ulss Dolomiti insieme a numerose associazioni del territorio, che partecipano attivamente fornendo attivit\u00e0, competenze, spazi e contribuendo in modo concreto alla costruzione del programma.<\/p>\n<p>Di seguito i prossimi due appuntamenti dal titolo <strong>\u201cParlare meglio, capirsi di pi\u00f9\u201d.<\/strong><\/p>\n<ul>\n<li><strong>30 aprile 2026 dalle 17.00 alle 19.00<\/strong><br \/>\nBelluno \u2013 Casa dei Beni Comuni, Via Tiziano Vecellio 82<\/li>\n<\/ul>\n<p><strong>Parlare meglio, capirsi di pi\u00f9\u00a0&#8211; Le emozioni.<\/strong> Il Recovery College Eco di Voci Cangianti, in \u00a0\u00a0 collaborazione con Liberamente Circo,\u00a0propone un incontro formativo dedicato al tema \u00a0\u00a0\u00a0\u00a0\u00a0\u00a0 delle\u00a0<strong>emozioni<\/strong>: un\u2019occasione per imparare a riconoscere e comunicare ci\u00f2 che sentiamo in \u00a0\u00a0\u00a0\u00a0\u00a0\u00a0 modo chiaro ed efficace. Un momento aperto a tutti per sviluppare maggiore \u00a0\u00a0\u00a0\u00a0\u00a0\u00a0\u00a0\u00a0\u00a0\u00a0 consapevolezza e migliorare la comunicazione nelle relazioni quotidiane.<\/p>\n<p>&nbsp;<\/p>\n<ul>\n<li><strong>8 maggio 2026 dalle 17.00 alle 19.00<\/strong><\/li>\n<\/ul>\n<p>Belluno \u2013 UrbanHub, Via Ippolito Caffi 11\/B<\/p>\n<p><strong>Parlare meglio, capirsi di pi\u00f9\u00a0&#8211; La comunicazione efficace.<\/strong> Prosegue il percorso del\u00a0 \u00a0 Recovery College Eco di Voci Cangianti\u00a0con un incontro dedicato alla\u00a0<strong>comunicazione \u00a0\u00a0 efficace<\/strong>: strumenti pratici per esprimere pensieri ed emozioni in modo chiaro e costruire \u00a0\u00a0\u00a0 relazioni pi\u00f9 consapevoli. Un appuntamento formativo aperto alla cittadinanza per \u00a0 migliorare il dialogo con s\u00e9 stessi e con gli altri.<\/p>\n<p>E\u2019 possibile partecipare agli incontri anche online collegandosi al link:\u00a0<a href=\"https:\/\/meet.google.com\/vwq-opyj-kgq\">https:\/\/meet.google.com\/vwq-opyj-kgq<\/a><\/p>\n<p><strong>\u00a0<\/strong><\/p>\n<p><strong>Cosa si intende per \u201cRecovery\u201d<\/strong><\/p>\n<p>Nel contesto della salute mentale, il recovery non coincide semplicemente con la guarigione clinica o con l\u2019assenza di un disturbo. \u00c8 un percorso personale e unico, che riguarda la possibilit\u00e0 per ogni persona di costruire una vita soddisfacente, significativa e autodeterminata, anche in presenza di fragilit\u00e0 o difficolt\u00e0.<\/p>\n<p>Il recovery mette al centro la persona, i suoi desideri, le sue risorse e le relazioni, valorizzando il ruolo attivo di chi vive l\u2019esperienza del disagio, insieme al contributo di familiari, operatori, associazioni e comunit\u00e0. \u00c8 un processo che si fonda su speranza, partecipazione, diritti, inclusione e responsabilit\u00e0 condivisa.<\/p>\n<p>&nbsp;<\/p>\n<p><strong>Il Recovery College<\/strong><\/p>\n<p>Il percorso propone <strong>incontri aperti alla cittadinanza<\/strong>, organizzati in due aree complementari:<\/p>\n<ul>\n<li><strong>Area del fare<\/strong>: saranno organizzati laboratori ed esperienze pratiche che mettono al centro il \u201cfare insieme\u201d, gioco, movimento, creativit\u00e0 e collaborazione come strumenti di benessere, inclusione e partecipazione.<\/li>\n<li><strong>Area formativa<\/strong>: saranno organizzati incontri di confronto e approfondimento sui temi della salute mentale, della comunicazione, dei pregiudizi e dei percorsi di recovery, attraverso linguaggi accessibili, testimonianze ed esperienze condivise.<\/li>\n<\/ul>\n<p>&nbsp;<\/p>\n<p>Di seguito il calendario completo dei prossimi incontri:<\/p>\n<p>&nbsp;<\/p>\n<p><strong>Area Formativa<\/strong><\/p>\n<p><strong>Parlare meglio, capirsi di pi\u00f9<\/strong><\/p>\n<p><strong>Incontri formativi per imparare a dire ci\u00f2 che pensiamo e sentiamo in modo chiaro ed efficace<\/strong><\/p>\n<ul>\n<li><strong>30 aprile<\/strong> \u2013 dalle 17.00 alle 19.00 a Belluno, Casa dei Beni Comuni (Via Tiziano Vecellio 82)<\/li>\n<li><strong>8 maggio<\/strong> \u2013 dalle 17.00 alle 19.00 a Belluno, UrbanHub (Via Ippolito Caffi, 11\/b)<\/li>\n<li><strong>29 maggio e 5 giugno<\/strong> &#8211; dalle 17.00 alle 19.00 a Mel Borgo Valbelluna<\/li>\n<\/ul>\n<p>&nbsp;<\/p>\n<p><strong>Biblioteca vivente. Storie da ascoltare e pregiudizi da superare. Un incontro dove le persone diventano libri. <\/strong><\/p>\n<ul>\n<li><strong>16 maggio<\/strong> a Sedico<\/li>\n<\/ul>\n<p>&nbsp;<\/p>\n<p><strong>Area del Fare<\/strong><\/p>\n<p><strong>Passeggiata in Val Canzoi: alla scoperta del Caorame<\/strong><\/p>\n<p><strong>Escursione e attivit\u00e0 di gruppo per il benessere attraverso il movimento nel territorio.<\/strong><\/p>\n<ul>\n<li><strong>23 maggio <\/strong>\u2013 alle 9.00, Val Canzoi<\/li>\n<\/ul>\n<p>Iscrizioni entro il 16\/05 alla mail <a href=\"mailto:montagnaterapia@caifeltre.it\">montagnaterapia@caifeltre.it<\/a><\/p>\n<p>&nbsp;<\/p>\n<p>Per <strong>informazioni sugli eventi in programma<\/strong>:<\/p>\n<p>&nbsp;<\/p>\n<ul>\n<li>scrivere a: <a href=\"mailto:recovery.college@aulss1.veneto.it\">college@aulss1.veneto.it<\/a><\/li>\n<\/ul>\n<p>&nbsp;<\/p>\n<ul>\n<li>chiedere di un referente nei Centri di Salute Mentale:<\/li>\n<\/ul>\n<p>CSM Pieve di Cadore &#8211; 0435 341554<\/p>\n<p>CSM Belluno &#8211; 0437 516020<\/p>\n<p>CSM Agordo &#8211; 0437 645222<\/p>\n<p>CSM Feltre &#8211;\u00a0 0439 883777<\/p>","protected":false},"excerpt":{"rendered":"<p>Proseguono gli incontri del \u201cRecovery College. Eco di Voci Cangianti\u201d, un percorso di incontri, esperienze, condivisione e formazione, promosso dai Centri di Salute Mentale dell\u2019Ulss Dolomiti insieme a numerose associazioni del territorio, che partecipano attivamente fornendo attivit\u00e0, competenze, spazi e contribuendo in modo concreto alla costruzione del programma. Di seguito i prossimi due appuntamenti dal [&hellip;]<\/p>\n","protected":false},"author":2,"featured_media":122834,"comment_status":"closed","ping_status":"open","sticky":false,"template":"","format":"standard","meta":{"footnotes":""},"categories":[25,17],"tags":[],"class_list":["post-169539","post","type-post","status-publish","format-standard","has-post-thumbnail","category-pausa-caffe","category-sanita"],"yoast_head":"<!-- This site is optimized with the Yoast SEO plugin v28.4 - https:\/\/yoast.com\/product\/yoast-seo-wordpress\/ -->\n<title>Recovery College: prossimi appuntamenti a Belluno - Bellunopress - Dolomiti<\/title>\n<meta name=\"robots\" content=\"index, follow, max-snippet:-1, max-image-preview:large, max-video-preview:-1\" \/>\n<link rel=\"canonical\" href=\"https:\/\/www.bellunopress.it\/fr\/2026\/04\/27\/recovery-college-prossimi-appuntamenti-a-belluno\/\" \/>\n<meta property=\"og:locale\" content=\"fr_FR\" \/>\n<meta property=\"og:type\" content=\"article\" \/>\n<meta property=\"og:title\" content=\"Recovery College: prossimi appuntamenti a Belluno - Bellunopress - Dolomiti\" \/>\n<meta property=\"og:description\" content=\"Proseguono gli incontri del \u201cRecovery College. Eco di Voci Cangianti\u201d, un percorso di incontri, esperienze, condivisione e formazione, promosso dai Centri di Salute Mentale dell\u2019Ulss Dolomiti insieme a numerose associazioni del territorio, che partecipano attivamente fornendo attivit\u00e0, competenze, spazi e contribuendo in modo concreto alla costruzione del programma. Di seguito i prossimi due appuntamenti dal [&hellip;]\" \/>\n<meta property=\"og:url\" content=\"https:\/\/www.bellunopress.it\/fr\/2026\/04\/27\/recovery-college-prossimi-appuntamenti-a-belluno\/\" \/>\n<meta property=\"og:site_name\" content=\"Bellunopress - Dolomiti\" \/>\n<meta property=\"article:publisher\" content=\"https:\/\/www.facebook.com\/profile.php?id=100008943462799\" \/>\n<meta property=\"article:published_time\" content=\"2026-04-27T15:05:19+00:00\" \/>\n<meta property=\"og:image\" content=\"https:\/\/www.bellunopress.it\/wp-content\/uploads\/2021\/03\/Ulss-Dolomiti_edited.jpg\" \/>\n\t<meta property=\"og:image:width\" content=\"900\" \/>\n\t<meta property=\"og:image:height\" content=\"900\" \/>\n\t<meta property=\"og:image:type\" content=\"image\/jpeg\" \/>\n<meta name=\"author\" content=\"redazione\" \/>\n<meta name=\"twitter:card\" content=\"summary_large_image\" \/>\n<meta name=\"twitter:creator\" content=\"@bellunopress\" \/>\n<meta name=\"twitter:site\" content=\"@bellunopress\" \/>\n<meta name=\"twitter:label1\" content=\"\u00c9crit par\" \/>\n\t<meta name=\"twitter:data1\" content=\"redazione\" \/>\n\t<meta name=\"twitter:label2\" content=\"Dur\u00e9e de lecture estim\u00e9e\" \/>\n\t<meta name=\"twitter:data2\" content=\"3 minutes\" \/>\n<script type=\"application\/ld+json\" class=\"yoast-schema-graph\">{\"@context\":\"https:\\\/\\\/schema.org\",\"@graph\":[{\"@type\":\"Article\",\"@id\":\"https:\\\/\\\/www.bellunopress.it\\\/2026\\\/04\\\/27\\\/recovery-college-prossimi-appuntamenti-a-belluno\\\/#article\",\"isPartOf\":{\"@id\":\"https:\\\/\\\/www.bellunopress.it\\\/2026\\\/04\\\/27\\\/recovery-college-prossimi-appuntamenti-a-belluno\\\/\"},\"author\":{\"name\":\"redazione\",\"@id\":\"https:\\\/\\\/www.bellunopress.it\\\/#\\\/schema\\\/person\\\/79bb06722b37ece1c03d3e94beb30d73\"},\"headline\":\"Recovery College: prossimi appuntamenti a Belluno\",\"datePublished\":\"2026-04-27T15:05:19+00:00\",\"mainEntityOfPage\":{\"@id\":\"https:\\\/\\\/www.bellunopress.it\\\/2026\\\/04\\\/27\\\/recovery-college-prossimi-appuntamenti-a-belluno\\\/\"},\"wordCount\":559,\"publisher\":{\"@id\":\"https:\\\/\\\/www.bellunopress.it\\\/#organization\"},\"image\":{\"@id\":\"https:\\\/\\\/www.bellunopress.it\\\/2026\\\/04\\\/27\\\/recovery-college-prossimi-appuntamenti-a-belluno\\\/#primaryimage\"},\"thumbnailUrl\":\"https:\\\/\\\/www.bellunopress.it\\\/wp-content\\\/uploads\\\/2021\\\/03\\\/Ulss-Dolomiti_edited.jpg\",\"articleSection\":[\"Pausa Caff\u00e8\",\"Sanit\u00e0 Medicina\"],\"inLanguage\":\"fr-FR\"},{\"@type\":\"WebPage\",\"@id\":\"https:\\\/\\\/www.bellunopress.it\\\/2026\\\/04\\\/27\\\/recovery-college-prossimi-appuntamenti-a-belluno\\\/\",\"url\":\"https:\\\/\\\/www.bellunopress.it\\\/2026\\\/04\\\/27\\\/recovery-college-prossimi-appuntamenti-a-belluno\\\/\",\"name\":\"Recovery College: prossimi appuntamenti a Belluno - Bellunopress - Dolomiti\",\"isPartOf\":{\"@id\":\"https:\\\/\\\/www.bellunopress.it\\\/#website\"},\"primaryImageOfPage\":{\"@id\":\"https:\\\/\\\/www.bellunopress.it\\\/2026\\\/04\\\/27\\\/recovery-college-prossimi-appuntamenti-a-belluno\\\/#primaryimage\"},\"image\":{\"@id\":\"https:\\\/\\\/www.bellunopress.it\\\/2026\\\/04\\\/27\\\/recovery-college-prossimi-appuntamenti-a-belluno\\\/#primaryimage\"},\"thumbnailUrl\":\"https:\\\/\\\/www.bellunopress.it\\\/wp-content\\\/uploads\\\/2021\\\/03\\\/Ulss-Dolomiti_edited.jpg\",\"datePublished\":\"2026-04-27T15:05:19+00:00\",\"breadcrumb\":{\"@id\":\"https:\\\/\\\/www.bellunopress.it\\\/2026\\\/04\\\/27\\\/recovery-college-prossimi-appuntamenti-a-belluno\\\/#breadcrumb\"},\"inLanguage\":\"fr-FR\",\"potentialAction\":[{\"@type\":\"ReadAction\",\"target\":[\"https:\\\/\\\/www.bellunopress.it\\\/2026\\\/04\\\/27\\\/recovery-college-prossimi-appuntamenti-a-belluno\\\/\"]}]},{\"@type\":\"ImageObject\",\"inLanguage\":\"fr-FR\",\"@id\":\"https:\\\/\\\/www.bellunopress.it\\\/2026\\\/04\\\/27\\\/recovery-college-prossimi-appuntamenti-a-belluno\\\/#primaryimage\",\"url\":\"https:\\\/\\\/www.bellunopress.it\\\/wp-content\\\/uploads\\\/2021\\\/03\\\/Ulss-Dolomiti_edited.jpg\",\"contentUrl\":\"https:\\\/\\\/www.bellunopress.it\\\/wp-content\\\/uploads\\\/2021\\\/03\\\/Ulss-Dolomiti_edited.jpg\",\"width\":900,\"height\":900},{\"@type\":\"BreadcrumbList\",\"@id\":\"https:\\\/\\\/www.bellunopress.it\\\/2026\\\/04\\\/27\\\/recovery-college-prossimi-appuntamenti-a-belluno\\\/#breadcrumb\",\"itemListElement\":[{\"@type\":\"ListItem\",\"position\":1,\"name\":\"Home\",\"item\":\"https:\\\/\\\/www.bellunopress.it\\\/\"},{\"@type\":\"ListItem\",\"position\":2,\"name\":\"Recovery College: prossimi appuntamenti a Belluno\"}]},{\"@type\":\"WebSite\",\"@id\":\"https:\\\/\\\/www.bellunopress.it\\\/#website\",\"url\":\"https:\\\/\\\/www.bellunopress.it\\\/\",\"name\":\"Bellunopress - Dolomiti\",\"description\":\"e-mail: redazione@bellunopress.it\",\"publisher\":{\"@id\":\"https:\\\/\\\/www.bellunopress.it\\\/#organization\"},\"potentialAction\":[{\"@type\":\"SearchAction\",\"target\":{\"@type\":\"EntryPoint\",\"urlTemplate\":\"https:\\\/\\\/www.bellunopress.it\\\/?s={search_term_string}\"},\"query-input\":{\"@type\":\"PropertyValueSpecification\",\"valueRequired\":true,\"valueName\":\"search_term_string\"}}],\"inLanguage\":\"fr-FR\"},{\"@type\":\"Organization\",\"@id\":\"https:\\\/\\\/www.bellunopress.it\\\/#organization\",\"name\":\"Bellunopress\",\"url\":\"https:\\\/\\\/www.bellunopress.it\\\/\",\"logo\":{\"@type\":\"ImageObject\",\"inLanguage\":\"fr-FR\",\"@id\":\"https:\\\/\\\/www.bellunopress.it\\\/#\\\/schema\\\/logo\\\/image\\\/\",\"url\":\"https:\\\/\\\/www.bellunopress.it\\\/wp-content\\\/uploads\\\/2011\\\/05\\\/cropped-logo-bellunopress-.jpg\",\"contentUrl\":\"https:\\\/\\\/www.bellunopress.it\\\/wp-content\\\/uploads\\\/2011\\\/05\\\/cropped-logo-bellunopress-.jpg\",\"width\":512,\"height\":512,\"caption\":\"Bellunopress\"},\"image\":{\"@id\":\"https:\\\/\\\/www.bellunopress.it\\\/#\\\/schema\\\/logo\\\/image\\\/\"},\"sameAs\":[\"https:\\\/\\\/www.facebook.com\\\/profile.php?id=100008943462799\",\"https:\\\/\\\/x.com\\\/bellunopress\",\"https:\\\/\\\/www.linkedin.com\\\/hp\\\/?dnr=JBzUWaJfMUw8vbXJJ2tVW5-I3jZKvC4wsoxE&amp;amp;amp;amp;amp;amp;trk=nav_responsive_tab_home\",\"https:\\\/\\\/www.youtube.com\\\/channel\\\/UCxL0wu1uN0_3_7hGG0306cw\"]},{\"@type\":\"Person\",\"@id\":\"https:\\\/\\\/www.bellunopress.it\\\/#\\\/schema\\\/person\\\/79bb06722b37ece1c03d3e94beb30d73\",\"name\":\"redazione\",\"image\":{\"@type\":\"ImageObject\",\"inLanguage\":\"fr-FR\",\"@id\":\"https:\\\/\\\/secure.gravatar.com\\\/avatar\\\/37d968a2e67a6fd04c169c4bdef102d0bc5d31b2546345219e348575eb80e9a0?s=96&d=mm&r=g\",\"url\":\"https:\\\/\\\/secure.gravatar.com\\\/avatar\\\/37d968a2e67a6fd04c169c4bdef102d0bc5d31b2546345219e348575eb80e9a0?s=96&d=mm&r=g\",\"contentUrl\":\"https:\\\/\\\/secure.gravatar.com\\\/avatar\\\/37d968a2e67a6fd04c169c4bdef102d0bc5d31b2546345219e348575eb80e9a0?s=96&d=mm&r=g\",\"caption\":\"redazione\"},\"sameAs\":[\"http:\\\/\\\/www.bellunopress.it\",\"https:\\\/\\\/x.com\\\/bellunopress\"],\"url\":\"https:\\\/\\\/www.bellunopress.it\\\/fr\\\/author\\\/redazione\\\/\"}]}<\/script>\n<!-- \/ Yoast SEO plugin. -->","yoast_head_json":{"title":"Recovery College: prossimi appuntamenti a Belluno - Bellunopress - Dolomiti","robots":{"index":"index","follow":"follow","max-snippet":"max-snippet:-1","max-image-preview":"max-image-preview:large","max-video-preview":"max-video-preview:-1"},"canonical":"https:\/\/www.bellunopress.it\/fr\/2026\/04\/27\/recovery-college-prossimi-appuntamenti-a-belluno\/","og_locale":"fr_FR","og_type":"article","og_title":"Recovery College: prossimi appuntamenti a Belluno - Bellunopress - Dolomiti","og_description":"Proseguono gli incontri del \u201cRecovery College. Eco di Voci Cangianti\u201d, un percorso di incontri, esperienze, condivisione e formazione, promosso dai Centri di Salute Mentale dell\u2019Ulss Dolomiti insieme a numerose associazioni del territorio, che partecipano attivamente fornendo attivit\u00e0, competenze, spazi e contribuendo in modo concreto alla costruzione del programma. Di seguito i prossimi due appuntamenti dal [&hellip;]","og_url":"https:\/\/www.bellunopress.it\/fr\/2026\/04\/27\/recovery-college-prossimi-appuntamenti-a-belluno\/","og_site_name":"Bellunopress - Dolomiti","article_publisher":"https:\/\/www.facebook.com\/profile.php?id=100008943462799","article_published_time":"2026-04-27T15:05:19+00:00","og_image":[{"width":900,"height":900,"url":"https:\/\/www.bellunopress.it\/wp-content\/uploads\/2021\/03\/Ulss-Dolomiti_edited.jpg","type":"image\/jpeg"}],"author":"redazione","twitter_card":"summary_large_image","twitter_creator":"@bellunopress","twitter_site":"@bellunopress","twitter_misc":{"\u00c9crit par":"redazione","Dur\u00e9e de lecture estim\u00e9e":"3 minutes"},"schema":{"@context":"https:\/\/schema.org","@graph":[{"@type":"Article","@id":"https:\/\/www.bellunopress.it\/2026\/04\/27\/recovery-college-prossimi-appuntamenti-a-belluno\/#article","isPartOf":{"@id":"https:\/\/www.bellunopress.it\/2026\/04\/27\/recovery-college-prossimi-appuntamenti-a-belluno\/"},"author":{"name":"redazione","@id":"https:\/\/www.bellunopress.it\/#\/schema\/person\/79bb06722b37ece1c03d3e94beb30d73"},"headline":"Recovery College: prossimi appuntamenti a Belluno","datePublished":"2026-04-27T15:05:19+00:00","mainEntityOfPage":{"@id":"https:\/\/www.bellunopress.it\/2026\/04\/27\/recovery-college-prossimi-appuntamenti-a-belluno\/"},"wordCount":559,"publisher":{"@id":"https:\/\/www.bellunopress.it\/#organization"},"image":{"@id":"https:\/\/www.bellunopress.it\/2026\/04\/27\/recovery-college-prossimi-appuntamenti-a-belluno\/#primaryimage"},"thumbnailUrl":"https:\/\/www.bellunopress.it\/wp-content\/uploads\/2021\/03\/Ulss-Dolomiti_edited.jpg","articleSection":["Pausa Caff\u00e8","Sanit\u00e0 Medicina"],"inLanguage":"fr-FR"},{"@type":"WebPage","@id":"https:\/\/www.bellunopress.it\/2026\/04\/27\/recovery-college-prossimi-appuntamenti-a-belluno\/","url":"https:\/\/www.bellunopress.it\/2026\/04\/27\/recovery-college-prossimi-appuntamenti-a-belluno\/","name":"Recovery College: prossimi appuntamenti a Belluno - Bellunopress - Dolomiti","isPartOf":{"@id":"https:\/\/www.bellunopress.it\/#website"},"primaryImageOfPage":{"@id":"https:\/\/www.bellunopress.it\/2026\/04\/27\/recovery-college-prossimi-appuntamenti-a-belluno\/#primaryimage"},"image":{"@id":"https:\/\/www.bellunopress.it\/2026\/04\/27\/recovery-college-prossimi-appuntamenti-a-belluno\/#primaryimage"},"thumbnailUrl":"https:\/\/www.bellunopress.it\/wp-content\/uploads\/2021\/03\/Ulss-Dolomiti_edited.jpg","datePublished":"2026-04-27T15:05:19+00:00","breadcrumb":{"@id":"https:\/\/www.bellunopress.it\/2026\/04\/27\/recovery-college-prossimi-appuntamenti-a-belluno\/#breadcrumb"},"inLanguage":"fr-FR","potentialAction":[{"@type":"ReadAction","target":["https:\/\/www.bellunopress.it\/2026\/04\/27\/recovery-college-prossimi-appuntamenti-a-belluno\/"]}]},{"@type":"ImageObject","inLanguage":"fr-FR","@id":"https:\/\/www.bellunopress.it\/2026\/04\/27\/recovery-college-prossimi-appuntamenti-a-belluno\/#primaryimage","url":"https:\/\/www.bellunopress.it\/wp-content\/uploads\/2021\/03\/Ulss-Dolomiti_edited.jpg","contentUrl":"https:\/\/www.bellunopress.it\/wp-content\/uploads\/2021\/03\/Ulss-Dolomiti_edited.jpg","width":900,"height":900},{"@type":"BreadcrumbList","@id":"https:\/\/www.bellunopress.it\/2026\/04\/27\/recovery-college-prossimi-appuntamenti-a-belluno\/#breadcrumb","itemListElement":[{"@type":"ListItem","position":1,"name":"Home","item":"https:\/\/www.bellunopress.it\/"},{"@type":"ListItem","position":2,"name":"Recovery College: prossimi appuntamenti a Belluno"}]},{"@type":"WebSite","@id":"https:\/\/www.bellunopress.it\/#website","url":"https:\/\/www.bellunopress.it\/","name":"Bellunopress - Dolomiti","description":"e-mail: redazione@bellunopress.it","publisher":{"@id":"https:\/\/www.bellunopress.it\/#organization"},"potentialAction":[{"@type":"SearchAction","target":{"@type":"EntryPoint","urlTemplate":"https:\/\/www.bellunopress.it\/?s={search_term_string}"},"query-input":{"@type":"PropertyValueSpecification","valueRequired":true,"valueName":"search_term_string"}}],"inLanguage":"fr-FR"},{"@type":"Organization","@id":"https:\/\/www.bellunopress.it\/#organization","name":"Bellunopress","url":"https:\/\/www.bellunopress.it\/","logo":{"@type":"ImageObject","inLanguage":"fr-FR","@id":"https:\/\/www.bellunopress.it\/#\/schema\/logo\/image\/","url":"https:\/\/www.bellunopress.it\/wp-content\/uploads\/2011\/05\/cropped-logo-bellunopress-.jpg","contentUrl":"https:\/\/www.bellunopress.it\/wp-content\/uploads\/2011\/05\/cropped-logo-bellunopress-.jpg","width":512,"height":512,"caption":"Bellunopress"},"image":{"@id":"https:\/\/www.bellunopress.it\/#\/schema\/logo\/image\/"},"sameAs":["https:\/\/www.facebook.com\/profile.php?id=100008943462799","https:\/\/x.com\/bellunopress","https:\/\/www.linkedin.com\/hp\/?dnr=JBzUWaJfMUw8vbXJJ2tVW5-I3jZKvC4wsoxE&amp;amp;amp;amp;amp;amp;trk=nav_responsive_tab_home","https:\/\/www.youtube.com\/channel\/UCxL0wu1uN0_3_7hGG0306cw"]},{"@type":"Person","@id":"https:\/\/www.bellunopress.it\/#\/schema\/person\/79bb06722b37ece1c03d3e94beb30d73","name":"r\u00e9daction","image":{"@type":"ImageObject","inLanguage":"fr-FR","@id":"https:\/\/secure.gravatar.com\/avatar\/37d968a2e67a6fd04c169c4bdef102d0bc5d31b2546345219e348575eb80e9a0?s=96&d=mm&r=g","url":"https:\/\/secure.gravatar.com\/avatar\/37d968a2e67a6fd04c169c4bdef102d0bc5d31b2546345219e348575eb80e9a0?s=96&d=mm&r=g","contentUrl":"https:\/\/secure.gravatar.com\/avatar\/37d968a2e67a6fd04c169c4bdef102d0bc5d31b2546345219e348575eb80e9a0?s=96&d=mm&r=g","caption":"redazione"},"sameAs":["http:\/\/www.bellunopress.it","https:\/\/x.com\/bellunopress"],"url":"https:\/\/www.bellunopress.it\/fr\/author\/redazione\/"}]}},"_links":{"self":[{"href":"https:\/\/www.bellunopress.it\/fr\/wp-json\/wp\/v2\/posts\/169539","targetHints":{"allow":["GET"]}}],"collection":[{"href":"https:\/\/www.bellunopress.it\/fr\/wp-json\/wp\/v2\/posts"}],"about":[{"href":"https:\/\/www.bellunopress.it\/fr\/wp-json\/wp\/v2\/types\/post"}],"author":[{"embeddable":true,"href":"https:\/\/www.bellunopress.it\/fr\/wp-json\/wp\/v2\/users\/2"}],"replies":[{"embeddable":true,"href":"https:\/\/www.bellunopress.it\/fr\/wp-json\/wp\/v2\/comments?post=169539"}],"version-history":[{"count":1,"href":"https:\/\/www.bellunopress.it\/fr\/wp-json\/wp\/v2\/posts\/169539\/revisions"}],"predecessor-version":[{"id":169540,"href":"https:\/\/www.bellunopress.it\/fr\/wp-json\/wp\/v2\/posts\/169539\/revisions\/169540"}],"wp:featuredmedia":[{"embeddable":true,"href":"https:\/\/www.bellunopress.it\/fr\/wp-json\/wp\/v2\/media\/122834"}],"wp:attachment":[{"href":"https:\/\/www.bellunopress.it\/fr\/wp-json\/wp\/v2\/media?parent=169539"}],"wp:term":[{"taxonomy":"category","embeddable":true,"href":"https:\/\/www.bellunopress.it\/fr\/wp-json\/wp\/v2\/categories?post=169539"},{"taxonomy":"post_tag","embeddable":true,"href":"https:\/\/www.bellunopress.it\/fr\/wp-json\/wp\/v2\/tags?post=169539"}],"curies":[{"name":"wp","href":"https:\/\/api.w.org\/{rel}","templated":true}]}}