{"id":169535,"date":"2026-04-27T16:50:28","date_gmt":"2026-04-27T14:50:28","guid":{"rendered":"https:\/\/www.bellunopress.it\/?p=169535"},"modified":"2026-04-27T16:50:28","modified_gmt":"2026-04-27T14:50:28","slug":"5enne-segregata-e-picchiata-in-famiglia-la-riflessione-del-coordinamento-su-scuola-ascolto-e-responsabilita-educativa","status":"publish","type":"post","link":"https:\/\/www.bellunopress.it\/fr\/2026\/04\/27\/5enne-segregata-e-picchiata-in-famiglia-la-riflessione-del-coordinamento-su-scuola-ascolto-e-responsabilita-educativa\/","title":{"rendered":"5enne segregata e picchiata in famiglia: la riflessione del Coordinamento su scuola, ascolto e responsabilit\u00e0 educativa"},"content":{"rendered":"<p>Il Coordinamento Nazionale Docenti della disciplina dei Diritti Umani esprime profonda preoccupazione per il grave episodio emerso recentemente all\u2019attenzione dell\u2019opinione pubblica, riguardante una studentessa quindicenne residente nel Bellunese, vittima di reiterate violenze fisiche e psicologiche in ambito familiare.<\/p>\n<p>La vicenda \u00e8 riemersa in questi giorni in concomitanza con le fasi del procedimento giudiziario in corso, riportando alla luce fatti che si collocano in un arco temporale compreso tra l\u2019estate del 2022 e l\u2019inizio del 2023.<\/p>\n<p>La ricostruzione degli eventi, cos\u00ec come delineata nel dibattimento, restituisce un quadro particolarmente grave e articolato, caratterizzato da una progressiva escalation di isolamento, controllo e aggressivit\u00e0. In quel periodo la giovane sarebbe stata privata della possibilit\u00e0 di comunicare con l\u2019esterno, con il telefono sottratto e le uscite rigidamente limitate, fino a configurare una condizione di sostanziale segregazione domestica. Le violenze fisiche, reiterate nel tempo, sarebbero state accompagnate da umiliazioni e offese, all\u2019interno di un contesto familiare segnato da forte conflittualit\u00e0 e instabilit\u00e0. Tra gli episodi pi\u00f9 gravi emersi, si segnala una percosse con il manico di una scopa che avrebbe provocato alla ragazza la frattura del setto nasale.<\/p>\n<p>In tale contesto, la giovane avrebbe inizialmente tentato di opporsi e di rivendicare spazi di autonomia, per poi progressivamente rinunciare a ogni forma di resistenza, sviluppando uno stato crescente di ansia e angoscia. \u00c8 in questa fase che si colloca anche un episodio di estrema sofferenza, quando la studentessa, sopraffatta dalla situazione, ha tentato un gesto autolesivo durante una comunicazione clandestina, segnale di un disagio ormai profondo e radicato.<\/p>\n<p>Nonostante tali condizioni, la scuola ha rappresentato uno dei pochi spazi di possibile emersione del disagio. La studentessa ha trovato il coraggio di confidarsi con alcuni compagni e docenti, affidando a quel contesto educativo una richiesta implicita di ascolto e di aiuto. Tuttavia, tale apertura non si \u00e8 tradotta in una presa in carico tempestiva ed efficace, e la giovane ha continuato a vivere in una condizione di vulnerabilit\u00e0 protratta, arrivando anche a interrompere temporaneamente il proprio percorso scolastico.<br \/>\nLa svolta \u00e8 giunta solo in un momento successivo, il 10 agosto 2023, quando, accolta presso l\u2019abitazione di una zia, ha potuto finalmente raccontare in modo compiuto quanto subito e formalizzare la denuncia presso i carabinieri, dando avvio al procedimento penale oggi in corso.<\/p>\n<p>Non si \u00e8 di fronte a un evento isolato o imprevedibile, bens\u00ec a una condizione progressiva di isolamento, privazione della libert\u00e0 personale e mortificazione dell\u2019identit\u00e0, maturata nel tempo all\u2019interno di un contesto domestico disfunzionale. In tale quadro, la scuola ha rappresentato per la giovane uno dei pochi spazi di relazione e di possibile emersione del dolore vissuto. Il fatto che la studentessa abbia trovato il coraggio di confidarsi con compagni e docenti conferma il valore della comunit\u00e0 scolastica come presidio umano ed educativo, capace di generare fiducia anche nelle condizioni pi\u00f9 difficili.<\/p>\n<p>Tuttavia, questa stessa vicenda evidenzia con chiarezza un limite strutturale che non pu\u00f2 essere ignorato. L\u2019ascolto, pur fondamentale, non si \u00e8 tradotto in un intervento tempestivo e risolutivo, lasciando la studentessa esposta a una condizione di vulnerabilit\u00e0 prolungata. Ci\u00f2 impone una riflessione approfondita sulla necessit\u00e0 di rafforzare il raccordo tra scuola e servizi territoriali, affinch\u00e9 le segnalazioni non restino circoscritte all\u2019ambito scolastico, ma si traducano in azioni concrete di tutela.<\/p>\n<p>La scuola, nella sua funzione costituzionale, non pu\u00f2 essere chiamata a sostituirsi alle istituzioni preposte alla protezione dei minori, ma non pu\u00f2 neppure essere lasciata sola nella gestione di segnali cos\u00ec evidenti di disagio. \u00c8 necessario riconoscere che l\u2019efficacia dell\u2019azione educativa dipende anche dalla qualit\u00e0 delle reti istituzionali che la sostengono. In assenza di protocolli chiari, condivisi e operativi, il rischio \u00e8 che la responsabilit\u00e0 ricada in modo improprio sui singoli docenti, i quali, pur animati da sensibilit\u00e0 e impegno, non dispongono sempre degli strumenti adeguati per intervenire in situazioni complesse e delicate.<\/p>\n<p>Questa vicenda richiama inoltre l\u2019urgenza di consolidare all\u2019interno dei percorsi scolastici una cultura dei diritti umani che non sia soltanto oggetto di trasmissione teorica, ma esperienza concreta di consapevolezza e di riconoscimento di s\u00e9. Educare ai diritti significa anche mettere studentesse e studenti nelle condizioni di comprendere e nominare la violenza, di riconoscerne le forme e di sapere che esistono strumenti e percorsi per chiedere aiuto. In tale prospettiva, l\u2019educazione affettiva e relazionale assume un valore strategico, poich\u00e9 contribuisce a costruire una coscienza critica e a prevenire situazioni di abuso e sopraffazione.<\/p>\n<p>Il Coordinamento Nazionale Docenti della disciplina dei Diritti Umani ritiene che episodi come questo debbano interrogare profondamente l\u2019intero sistema educativo e sociale, sollecitando un impegno condiviso, continuo e strutturato. La tutela dei minori non pu\u00f2 essere affidata alla casualit\u00e0 delle circostanze o alla resilienza individuale, ma deve fondarsi su una responsabilit\u00e0 collettiva capace di tradursi in azioni coordinate, tempestive ed efficaci. Solo in questo modo la scuola potr\u00e0 continuare a essere non soltanto luogo di istruzione, ma spazio autentico di protezione, crescita e dignit\u00e0.<\/p>\n<p><strong>prof. Romano Pesavento <\/strong><br \/>\n<strong>presidente CNDDU<\/strong><\/p>","protected":false},"excerpt":{"rendered":"<p>Il Coordinamento Nazionale Docenti della disciplina dei Diritti Umani esprime profonda preoccupazione per il grave episodio emerso recentemente all\u2019attenzione dell\u2019opinione pubblica, riguardante una studentessa quindicenne residente nel Bellunese, vittima di reiterate violenze fisiche e psicologiche in ambito familiare. La vicenda \u00e8 riemersa in questi giorni in concomitanza con le fasi del procedimento giudiziario in corso, [&hellip;]<\/p>\n","protected":false},"author":2,"featured_media":168764,"comment_status":"closed","ping_status":"open","sticky":false,"template":"","format":"standard","meta":{"footnotes":""},"categories":[15],"tags":[],"class_list":["post-169535","post","type-post","status-publish","format-standard","has-post-thumbnail","category-scuola"],"yoast_head":"<!-- This site is optimized with the Yoast SEO plugin v28.4 - https:\/\/yoast.com\/product\/yoast-seo-wordpress\/ -->\n<title>5enne segregata e picchiata in famiglia: la riflessione del Coordinamento su scuola, ascolto e responsabilit\u00e0 educativa - Bellunopress - Dolomiti<\/title>\n<meta name=\"robots\" content=\"index, follow, max-snippet:-1, max-image-preview:large, max-video-preview:-1\" \/>\n<link rel=\"canonical\" href=\"https:\/\/www.bellunopress.it\/fr\/2026\/04\/27\/5enne-segregata-e-picchiata-in-famiglia-la-riflessione-del-coordinamento-su-scuola-ascolto-e-responsabilita-educativa\/\" \/>\n<meta property=\"og:locale\" content=\"fr_FR\" \/>\n<meta property=\"og:type\" content=\"article\" \/>\n<meta property=\"og:title\" content=\"5enne segregata e picchiata in famiglia: la riflessione del Coordinamento su scuola, ascolto e responsabilit\u00e0 educativa - Bellunopress - Dolomiti\" \/>\n<meta property=\"og:description\" content=\"Il Coordinamento Nazionale Docenti della disciplina dei Diritti Umani esprime profonda preoccupazione per il grave episodio emerso recentemente all\u2019attenzione dell\u2019opinione pubblica, riguardante una studentessa quindicenne residente nel Bellunese, vittima di reiterate violenze fisiche e psicologiche in ambito familiare. La vicenda \u00e8 riemersa in questi giorni in concomitanza con le fasi del procedimento giudiziario in corso, [&hellip;]\" \/>\n<meta property=\"og:url\" content=\"https:\/\/www.bellunopress.it\/fr\/2026\/04\/27\/5enne-segregata-e-picchiata-in-famiglia-la-riflessione-del-coordinamento-su-scuola-ascolto-e-responsabilita-educativa\/\" \/>\n<meta property=\"og:site_name\" content=\"Bellunopress - Dolomiti\" \/>\n<meta property=\"article:publisher\" content=\"https:\/\/www.facebook.com\/profile.php?id=100008943462799\" \/>\n<meta property=\"article:published_time\" content=\"2026-04-27T14:50:28+00:00\" \/>\n<meta property=\"og:image\" content=\"https:\/\/www.bellunopress.it\/wp-content\/uploads\/2026\/04\/prof.-Romano-Pesavento-presidente-CNDDU.jpg\" \/>\n\t<meta property=\"og:image:width\" content=\"500\" \/>\n\t<meta property=\"og:image:height\" content=\"360\" \/>\n\t<meta property=\"og:image:type\" content=\"image\/jpeg\" \/>\n<meta name=\"author\" content=\"redazione\" \/>\n<meta name=\"twitter:card\" content=\"summary_large_image\" \/>\n<meta name=\"twitter:creator\" content=\"@bellunopress\" \/>\n<meta name=\"twitter:site\" content=\"@bellunopress\" \/>\n<meta name=\"twitter:label1\" content=\"\u00c9crit par\" \/>\n\t<meta name=\"twitter:data1\" content=\"redazione\" \/>\n\t<meta name=\"twitter:label2\" content=\"Dur\u00e9e de lecture estim\u00e9e\" \/>\n\t<meta name=\"twitter:data2\" content=\"4 minutes\" \/>\n<script type=\"application\/ld+json\" class=\"yoast-schema-graph\">{\"@context\":\"https:\\\/\\\/schema.org\",\"@graph\":[{\"@type\":\"Article\",\"@id\":\"https:\\\/\\\/www.bellunopress.it\\\/2026\\\/04\\\/27\\\/5enne-segregata-e-picchiata-in-famiglia-la-riflessione-del-coordinamento-su-scuola-ascolto-e-responsabilita-educativa\\\/#article\",\"isPartOf\":{\"@id\":\"https:\\\/\\\/www.bellunopress.it\\\/2026\\\/04\\\/27\\\/5enne-segregata-e-picchiata-in-famiglia-la-riflessione-del-coordinamento-su-scuola-ascolto-e-responsabilita-educativa\\\/\"},\"author\":{\"name\":\"redazione\",\"@id\":\"https:\\\/\\\/www.bellunopress.it\\\/#\\\/schema\\\/person\\\/79bb06722b37ece1c03d3e94beb30d73\"},\"headline\":\"5enne segregata e picchiata in famiglia: la riflessione del Coordinamento su scuola, ascolto e responsabilit\u00e0 educativa\",\"datePublished\":\"2026-04-27T14:50:28+00:00\",\"mainEntityOfPage\":{\"@id\":\"https:\\\/\\\/www.bellunopress.it\\\/2026\\\/04\\\/27\\\/5enne-segregata-e-picchiata-in-famiglia-la-riflessione-del-coordinamento-su-scuola-ascolto-e-responsabilita-educativa\\\/\"},\"wordCount\":832,\"publisher\":{\"@id\":\"https:\\\/\\\/www.bellunopress.it\\\/#organization\"},\"image\":{\"@id\":\"https:\\\/\\\/www.bellunopress.it\\\/2026\\\/04\\\/27\\\/5enne-segregata-e-picchiata-in-famiglia-la-riflessione-del-coordinamento-su-scuola-ascolto-e-responsabilita-educativa\\\/#primaryimage\"},\"thumbnailUrl\":\"https:\\\/\\\/www.bellunopress.it\\\/wp-content\\\/uploads\\\/2026\\\/04\\\/prof.-Romano-Pesavento-presidente-CNDDU.jpg\",\"articleSection\":[\"Scuola\"],\"inLanguage\":\"fr-FR\"},{\"@type\":\"WebPage\",\"@id\":\"https:\\\/\\\/www.bellunopress.it\\\/2026\\\/04\\\/27\\\/5enne-segregata-e-picchiata-in-famiglia-la-riflessione-del-coordinamento-su-scuola-ascolto-e-responsabilita-educativa\\\/\",\"url\":\"https:\\\/\\\/www.bellunopress.it\\\/2026\\\/04\\\/27\\\/5enne-segregata-e-picchiata-in-famiglia-la-riflessione-del-coordinamento-su-scuola-ascolto-e-responsabilita-educativa\\\/\",\"name\":\"5enne segregata e picchiata in famiglia: la riflessione del Coordinamento su scuola, ascolto e responsabilit\u00e0 educativa - Bellunopress - Dolomiti\",\"isPartOf\":{\"@id\":\"https:\\\/\\\/www.bellunopress.it\\\/#website\"},\"primaryImageOfPage\":{\"@id\":\"https:\\\/\\\/www.bellunopress.it\\\/2026\\\/04\\\/27\\\/5enne-segregata-e-picchiata-in-famiglia-la-riflessione-del-coordinamento-su-scuola-ascolto-e-responsabilita-educativa\\\/#primaryimage\"},\"image\":{\"@id\":\"https:\\\/\\\/www.bellunopress.it\\\/2026\\\/04\\\/27\\\/5enne-segregata-e-picchiata-in-famiglia-la-riflessione-del-coordinamento-su-scuola-ascolto-e-responsabilita-educativa\\\/#primaryimage\"},\"thumbnailUrl\":\"https:\\\/\\\/www.bellunopress.it\\\/wp-content\\\/uploads\\\/2026\\\/04\\\/prof.-Romano-Pesavento-presidente-CNDDU.jpg\",\"datePublished\":\"2026-04-27T14:50:28+00:00\",\"breadcrumb\":{\"@id\":\"https:\\\/\\\/www.bellunopress.it\\\/2026\\\/04\\\/27\\\/5enne-segregata-e-picchiata-in-famiglia-la-riflessione-del-coordinamento-su-scuola-ascolto-e-responsabilita-educativa\\\/#breadcrumb\"},\"inLanguage\":\"fr-FR\",\"potentialAction\":[{\"@type\":\"ReadAction\",\"target\":[\"https:\\\/\\\/www.bellunopress.it\\\/2026\\\/04\\\/27\\\/5enne-segregata-e-picchiata-in-famiglia-la-riflessione-del-coordinamento-su-scuola-ascolto-e-responsabilita-educativa\\\/\"]}]},{\"@type\":\"ImageObject\",\"inLanguage\":\"fr-FR\",\"@id\":\"https:\\\/\\\/www.bellunopress.it\\\/2026\\\/04\\\/27\\\/5enne-segregata-e-picchiata-in-famiglia-la-riflessione-del-coordinamento-su-scuola-ascolto-e-responsabilita-educativa\\\/#primaryimage\",\"url\":\"https:\\\/\\\/www.bellunopress.it\\\/wp-content\\\/uploads\\\/2026\\\/04\\\/prof.-Romano-Pesavento-presidente-CNDDU.jpg\",\"contentUrl\":\"https:\\\/\\\/www.bellunopress.it\\\/wp-content\\\/uploads\\\/2026\\\/04\\\/prof.-Romano-Pesavento-presidente-CNDDU.jpg\",\"width\":500,\"height\":360,\"caption\":\"Prof. Romano Pesavento - presidente CNDDU\"},{\"@type\":\"BreadcrumbList\",\"@id\":\"https:\\\/\\\/www.bellunopress.it\\\/2026\\\/04\\\/27\\\/5enne-segregata-e-picchiata-in-famiglia-la-riflessione-del-coordinamento-su-scuola-ascolto-e-responsabilita-educativa\\\/#breadcrumb\",\"itemListElement\":[{\"@type\":\"ListItem\",\"position\":1,\"name\":\"Home\",\"item\":\"https:\\\/\\\/www.bellunopress.it\\\/\"},{\"@type\":\"ListItem\",\"position\":2,\"name\":\"5enne segregata e picchiata in famiglia: la riflessione del Coordinamento su scuola, ascolto e responsabilit\u00e0 educativa\"}]},{\"@type\":\"WebSite\",\"@id\":\"https:\\\/\\\/www.bellunopress.it\\\/#website\",\"url\":\"https:\\\/\\\/www.bellunopress.it\\\/\",\"name\":\"Bellunopress - Dolomiti\",\"description\":\"e-mail: redazione@bellunopress.it\",\"publisher\":{\"@id\":\"https:\\\/\\\/www.bellunopress.it\\\/#organization\"},\"potentialAction\":[{\"@type\":\"SearchAction\",\"target\":{\"@type\":\"EntryPoint\",\"urlTemplate\":\"https:\\\/\\\/www.bellunopress.it\\\/?s={search_term_string}\"},\"query-input\":{\"@type\":\"PropertyValueSpecification\",\"valueRequired\":true,\"valueName\":\"search_term_string\"}}],\"inLanguage\":\"fr-FR\"},{\"@type\":\"Organization\",\"@id\":\"https:\\\/\\\/www.bellunopress.it\\\/#organization\",\"name\":\"Bellunopress\",\"url\":\"https:\\\/\\\/www.bellunopress.it\\\/\",\"logo\":{\"@type\":\"ImageObject\",\"inLanguage\":\"fr-FR\",\"@id\":\"https:\\\/\\\/www.bellunopress.it\\\/#\\\/schema\\\/logo\\\/image\\\/\",\"url\":\"https:\\\/\\\/www.bellunopress.it\\\/wp-content\\\/uploads\\\/2011\\\/05\\\/cropped-logo-bellunopress-.jpg\",\"contentUrl\":\"https:\\\/\\\/www.bellunopress.it\\\/wp-content\\\/uploads\\\/2011\\\/05\\\/cropped-logo-bellunopress-.jpg\",\"width\":512,\"height\":512,\"caption\":\"Bellunopress\"},\"image\":{\"@id\":\"https:\\\/\\\/www.bellunopress.it\\\/#\\\/schema\\\/logo\\\/image\\\/\"},\"sameAs\":[\"https:\\\/\\\/www.facebook.com\\\/profile.php?id=100008943462799\",\"https:\\\/\\\/x.com\\\/bellunopress\",\"https:\\\/\\\/www.linkedin.com\\\/hp\\\/?dnr=JBzUWaJfMUw8vbXJJ2tVW5-I3jZKvC4wsoxE&amp;amp;amp;amp;amp;amp;trk=nav_responsive_tab_home\",\"https:\\\/\\\/www.youtube.com\\\/channel\\\/UCxL0wu1uN0_3_7hGG0306cw\"]},{\"@type\":\"Person\",\"@id\":\"https:\\\/\\\/www.bellunopress.it\\\/#\\\/schema\\\/person\\\/79bb06722b37ece1c03d3e94beb30d73\",\"name\":\"redazione\",\"image\":{\"@type\":\"ImageObject\",\"inLanguage\":\"fr-FR\",\"@id\":\"https:\\\/\\\/secure.gravatar.com\\\/avatar\\\/37d968a2e67a6fd04c169c4bdef102d0bc5d31b2546345219e348575eb80e9a0?s=96&d=mm&r=g\",\"url\":\"https:\\\/\\\/secure.gravatar.com\\\/avatar\\\/37d968a2e67a6fd04c169c4bdef102d0bc5d31b2546345219e348575eb80e9a0?s=96&d=mm&r=g\",\"contentUrl\":\"https:\\\/\\\/secure.gravatar.com\\\/avatar\\\/37d968a2e67a6fd04c169c4bdef102d0bc5d31b2546345219e348575eb80e9a0?s=96&d=mm&r=g\",\"caption\":\"redazione\"},\"sameAs\":[\"http:\\\/\\\/www.bellunopress.it\",\"https:\\\/\\\/x.com\\\/bellunopress\"],\"url\":\"https:\\\/\\\/www.bellunopress.it\\\/fr\\\/author\\\/redazione\\\/\"}]}<\/script>\n<!-- \/ Yoast SEO plugin. -->","yoast_head_json":{"title":"5enne segregata e picchiata in famiglia: la riflessione del Coordinamento su scuola, ascolto e responsabilit\u00e0 educativa - Bellunopress - Dolomiti","robots":{"index":"index","follow":"follow","max-snippet":"max-snippet:-1","max-image-preview":"max-image-preview:large","max-video-preview":"max-video-preview:-1"},"canonical":"https:\/\/www.bellunopress.it\/fr\/2026\/04\/27\/5enne-segregata-e-picchiata-in-famiglia-la-riflessione-del-coordinamento-su-scuola-ascolto-e-responsabilita-educativa\/","og_locale":"fr_FR","og_type":"article","og_title":"5enne segregata e picchiata in famiglia: la riflessione del Coordinamento su scuola, ascolto e responsabilit\u00e0 educativa - Bellunopress - Dolomiti","og_description":"Il Coordinamento Nazionale Docenti della disciplina dei Diritti Umani esprime profonda preoccupazione per il grave episodio emerso recentemente all\u2019attenzione dell\u2019opinione pubblica, riguardante una studentessa quindicenne residente nel Bellunese, vittima di reiterate violenze fisiche e psicologiche in ambito familiare. La vicenda \u00e8 riemersa in questi giorni in concomitanza con le fasi del procedimento giudiziario in corso, [&hellip;]","og_url":"https:\/\/www.bellunopress.it\/fr\/2026\/04\/27\/5enne-segregata-e-picchiata-in-famiglia-la-riflessione-del-coordinamento-su-scuola-ascolto-e-responsabilita-educativa\/","og_site_name":"Bellunopress - Dolomiti","article_publisher":"https:\/\/www.facebook.com\/profile.php?id=100008943462799","article_published_time":"2026-04-27T14:50:28+00:00","og_image":[{"width":500,"height":360,"url":"https:\/\/www.bellunopress.it\/wp-content\/uploads\/2026\/04\/prof.-Romano-Pesavento-presidente-CNDDU.jpg","type":"image\/jpeg"}],"author":"redazione","twitter_card":"summary_large_image","twitter_creator":"@bellunopress","twitter_site":"@bellunopress","twitter_misc":{"\u00c9crit par":"redazione","Dur\u00e9e de lecture estim\u00e9e":"4 minutes"},"schema":{"@context":"https:\/\/schema.org","@graph":[{"@type":"Article","@id":"https:\/\/www.bellunopress.it\/2026\/04\/27\/5enne-segregata-e-picchiata-in-famiglia-la-riflessione-del-coordinamento-su-scuola-ascolto-e-responsabilita-educativa\/#article","isPartOf":{"@id":"https:\/\/www.bellunopress.it\/2026\/04\/27\/5enne-segregata-e-picchiata-in-famiglia-la-riflessione-del-coordinamento-su-scuola-ascolto-e-responsabilita-educativa\/"},"author":{"name":"redazione","@id":"https:\/\/www.bellunopress.it\/#\/schema\/person\/79bb06722b37ece1c03d3e94beb30d73"},"headline":"5enne segregata e picchiata in famiglia: la riflessione del Coordinamento su scuola, ascolto e responsabilit\u00e0 educativa","datePublished":"2026-04-27T14:50:28+00:00","mainEntityOfPage":{"@id":"https:\/\/www.bellunopress.it\/2026\/04\/27\/5enne-segregata-e-picchiata-in-famiglia-la-riflessione-del-coordinamento-su-scuola-ascolto-e-responsabilita-educativa\/"},"wordCount":832,"publisher":{"@id":"https:\/\/www.bellunopress.it\/#organization"},"image":{"@id":"https:\/\/www.bellunopress.it\/2026\/04\/27\/5enne-segregata-e-picchiata-in-famiglia-la-riflessione-del-coordinamento-su-scuola-ascolto-e-responsabilita-educativa\/#primaryimage"},"thumbnailUrl":"https:\/\/www.bellunopress.it\/wp-content\/uploads\/2026\/04\/prof.-Romano-Pesavento-presidente-CNDDU.jpg","articleSection":["Scuola"],"inLanguage":"fr-FR"},{"@type":"WebPage","@id":"https:\/\/www.bellunopress.it\/2026\/04\/27\/5enne-segregata-e-picchiata-in-famiglia-la-riflessione-del-coordinamento-su-scuola-ascolto-e-responsabilita-educativa\/","url":"https:\/\/www.bellunopress.it\/2026\/04\/27\/5enne-segregata-e-picchiata-in-famiglia-la-riflessione-del-coordinamento-su-scuola-ascolto-e-responsabilita-educativa\/","name":"5enne segregata e picchiata in famiglia: la riflessione del Coordinamento su scuola, ascolto e responsabilit\u00e0 educativa - Bellunopress - Dolomiti","isPartOf":{"@id":"https:\/\/www.bellunopress.it\/#website"},"primaryImageOfPage":{"@id":"https:\/\/www.bellunopress.it\/2026\/04\/27\/5enne-segregata-e-picchiata-in-famiglia-la-riflessione-del-coordinamento-su-scuola-ascolto-e-responsabilita-educativa\/#primaryimage"},"image":{"@id":"https:\/\/www.bellunopress.it\/2026\/04\/27\/5enne-segregata-e-picchiata-in-famiglia-la-riflessione-del-coordinamento-su-scuola-ascolto-e-responsabilita-educativa\/#primaryimage"},"thumbnailUrl":"https:\/\/www.bellunopress.it\/wp-content\/uploads\/2026\/04\/prof.-Romano-Pesavento-presidente-CNDDU.jpg","datePublished":"2026-04-27T14:50:28+00:00","breadcrumb":{"@id":"https:\/\/www.bellunopress.it\/2026\/04\/27\/5enne-segregata-e-picchiata-in-famiglia-la-riflessione-del-coordinamento-su-scuola-ascolto-e-responsabilita-educativa\/#breadcrumb"},"inLanguage":"fr-FR","potentialAction":[{"@type":"ReadAction","target":["https:\/\/www.bellunopress.it\/2026\/04\/27\/5enne-segregata-e-picchiata-in-famiglia-la-riflessione-del-coordinamento-su-scuola-ascolto-e-responsabilita-educativa\/"]}]},{"@type":"ImageObject","inLanguage":"fr-FR","@id":"https:\/\/www.bellunopress.it\/2026\/04\/27\/5enne-segregata-e-picchiata-in-famiglia-la-riflessione-del-coordinamento-su-scuola-ascolto-e-responsabilita-educativa\/#primaryimage","url":"https:\/\/www.bellunopress.it\/wp-content\/uploads\/2026\/04\/prof.-Romano-Pesavento-presidente-CNDDU.jpg","contentUrl":"https:\/\/www.bellunopress.it\/wp-content\/uploads\/2026\/04\/prof.-Romano-Pesavento-presidente-CNDDU.jpg","width":500,"height":360,"caption":"Prof. Romano Pesavento - presidente CNDDU"},{"@type":"BreadcrumbList","@id":"https:\/\/www.bellunopress.it\/2026\/04\/27\/5enne-segregata-e-picchiata-in-famiglia-la-riflessione-del-coordinamento-su-scuola-ascolto-e-responsabilita-educativa\/#breadcrumb","itemListElement":[{"@type":"ListItem","position":1,"name":"Home","item":"https:\/\/www.bellunopress.it\/"},{"@type":"ListItem","position":2,"name":"5enne segregata e picchiata in famiglia: la riflessione del Coordinamento su scuola, ascolto e responsabilit\u00e0 educativa"}]},{"@type":"WebSite","@id":"https:\/\/www.bellunopress.it\/#website","url":"https:\/\/www.bellunopress.it\/","name":"Bellunopress - Dolomiti","description":"e-mail: redazione@bellunopress.it","publisher":{"@id":"https:\/\/www.bellunopress.it\/#organization"},"potentialAction":[{"@type":"SearchAction","target":{"@type":"EntryPoint","urlTemplate":"https:\/\/www.bellunopress.it\/?s={search_term_string}"},"query-input":{"@type":"PropertyValueSpecification","valueRequired":true,"valueName":"search_term_string"}}],"inLanguage":"fr-FR"},{"@type":"Organization","@id":"https:\/\/www.bellunopress.it\/#organization","name":"Bellunopress","url":"https:\/\/www.bellunopress.it\/","logo":{"@type":"ImageObject","inLanguage":"fr-FR","@id":"https:\/\/www.bellunopress.it\/#\/schema\/logo\/image\/","url":"https:\/\/www.bellunopress.it\/wp-content\/uploads\/2011\/05\/cropped-logo-bellunopress-.jpg","contentUrl":"https:\/\/www.bellunopress.it\/wp-content\/uploads\/2011\/05\/cropped-logo-bellunopress-.jpg","width":512,"height":512,"caption":"Bellunopress"},"image":{"@id":"https:\/\/www.bellunopress.it\/#\/schema\/logo\/image\/"},"sameAs":["https:\/\/www.facebook.com\/profile.php?id=100008943462799","https:\/\/x.com\/bellunopress","https:\/\/www.linkedin.com\/hp\/?dnr=JBzUWaJfMUw8vbXJJ2tVW5-I3jZKvC4wsoxE&amp;amp;amp;amp;amp;amp;trk=nav_responsive_tab_home","https:\/\/www.youtube.com\/channel\/UCxL0wu1uN0_3_7hGG0306cw"]},{"@type":"Person","@id":"https:\/\/www.bellunopress.it\/#\/schema\/person\/79bb06722b37ece1c03d3e94beb30d73","name":"r\u00e9daction","image":{"@type":"ImageObject","inLanguage":"fr-FR","@id":"https:\/\/secure.gravatar.com\/avatar\/37d968a2e67a6fd04c169c4bdef102d0bc5d31b2546345219e348575eb80e9a0?s=96&d=mm&r=g","url":"https:\/\/secure.gravatar.com\/avatar\/37d968a2e67a6fd04c169c4bdef102d0bc5d31b2546345219e348575eb80e9a0?s=96&d=mm&r=g","contentUrl":"https:\/\/secure.gravatar.com\/avatar\/37d968a2e67a6fd04c169c4bdef102d0bc5d31b2546345219e348575eb80e9a0?s=96&d=mm&r=g","caption":"redazione"},"sameAs":["http:\/\/www.bellunopress.it","https:\/\/x.com\/bellunopress"],"url":"https:\/\/www.bellunopress.it\/fr\/author\/redazione\/"}]}},"_links":{"self":[{"href":"https:\/\/www.bellunopress.it\/fr\/wp-json\/wp\/v2\/posts\/169535","targetHints":{"allow":["GET"]}}],"collection":[{"href":"https:\/\/www.bellunopress.it\/fr\/wp-json\/wp\/v2\/posts"}],"about":[{"href":"https:\/\/www.bellunopress.it\/fr\/wp-json\/wp\/v2\/types\/post"}],"author":[{"embeddable":true,"href":"https:\/\/www.bellunopress.it\/fr\/wp-json\/wp\/v2\/users\/2"}],"replies":[{"embeddable":true,"href":"https:\/\/www.bellunopress.it\/fr\/wp-json\/wp\/v2\/comments?post=169535"}],"version-history":[{"count":1,"href":"https:\/\/www.bellunopress.it\/fr\/wp-json\/wp\/v2\/posts\/169535\/revisions"}],"predecessor-version":[{"id":169536,"href":"https:\/\/www.bellunopress.it\/fr\/wp-json\/wp\/v2\/posts\/169535\/revisions\/169536"}],"wp:featuredmedia":[{"embeddable":true,"href":"https:\/\/www.bellunopress.it\/fr\/wp-json\/wp\/v2\/media\/168764"}],"wp:attachment":[{"href":"https:\/\/www.bellunopress.it\/fr\/wp-json\/wp\/v2\/media?parent=169535"}],"wp:term":[{"taxonomy":"category","embeddable":true,"href":"https:\/\/www.bellunopress.it\/fr\/wp-json\/wp\/v2\/categories?post=169535"},{"taxonomy":"post_tag","embeddable":true,"href":"https:\/\/www.bellunopress.it\/fr\/wp-json\/wp\/v2\/tags?post=169535"}],"curies":[{"name":"wp","href":"https:\/\/api.w.org\/{rel}","templated":true}]}}