{"id":169526,"date":"2026-04-26T10:58:42","date_gmt":"2026-04-26T08:58:42","guid":{"rendered":"https:\/\/www.bellunopress.it\/?p=169526"},"modified":"2026-04-27T11:06:50","modified_gmt":"2026-04-27T09:06:50","slug":"il-giorno-della-terra-e-il-giorno-del-superamento-delle-riserve","status":"publish","type":"post","link":"https:\/\/www.bellunopress.it\/fr\/2026\/04\/26\/il-giorno-della-terra-e-il-giorno-del-superamento-delle-riserve\/","title":{"rendered":"Il Giorno della Terra e il Giorno del superamento delle riserve"},"content":{"rendered":"<p>Abbiamo celebrato il Giorno della Terra (Earth Day) il 22 aprile, come tutti gli anni dal 1970. \u00c8 un momento speciale per ricordarci che, nonostante le incredibili vette tecnologiche che abbiamo raggiunto, dipendiamo ancora tutti da questa meravigliosa &#8220;biglia blu&#8221; che fluttua nello spazio.<\/p>\n<p>In questa ricorrenza i giornali ci hanno ricordato che non si tratta propriamente di una festa ma di un promemoria collettivo per salvaguardare il pianeta. \u00c8 stato scritto che i piccoli cambiamenti nelle abitudini quotidiane possono fare la differenza: ridurre la plastica, andare a piedi o in bici, spegnere le luci non necessarie, scollegare i caricabatterie inutilizzati, scegliere i prodotti locali o di stagione per ridurre l&#8217;impronta del carbonio legata al trasporto.<\/p>\n<p>Qualcuno ha ricordato che quest&#8217;anno gli sforzi globali si stanno concentrando massicciamente sulla riforestazione intelligente e sulla protezione della biodiversit\u00e0 marina. Grazie all&#8217;uso combinato dei satelliti e dell&#8217;intelligenza artificiale, stiamo monitorando la salute del pianeta con una precisione mai vista prima. Non dimentichiamo che &#8220;la Terra non appartiene all&#8217;uomo, \u00e8 l&#8217;uomo che appartiene alla Terra.&#8221;.<\/p>\n<p>Parole Sante!<\/p>\n<p>Ma nessun giornale ha esposto con la dovuta chiarezza e con l&#8217;implicito allarme che dal 1970 ad oggi alcuni dei parametri fondamentali che illustrano il necessario equilibrio biologico del pianeta sono radicalmente cambiati, per non dire tragicamente peggiorati.<\/p>\n<p>Nessun articolo che io abbia letto, in questo giorno del ricordo, ha menzionato le riflessioni di Carl Sagan su quel Piccolo Punto Blu (Pale Blu Dot) che rappresenta la nostra Terra vista dal Voyager 1 nel 1990, dai confini esterni del sistema solare, E nessuno ricorda la sua conclusione &#8220;ma chi la fuori, in quel piccolo punto blu, ci salver\u00e0 da noi stessi?&#8221; Sagan non usa la scienza per farci sentire piccoli e insignificanti, ma per evidenziare quanto sia assurdo l&#8217;odio tra esseri umani. Se guardi il mondo da 6 miliardi di chilometri di distanza, i confini nazionali spariscono, le guerre sembrano ridicole e le differenze ideologiche diventano invisibili. Erano concetti validi allora e lo sono molto di pi\u00f9 oggi: il delirio di onnipotenza e di egoismo dei nostri governanti occidentali, le loro stravaganti e infondate ideologie fideistiche sono esattamente ci\u00f2 che potrebbe impedirci qualunque possibile soluzione.<\/p>\n<p>Quali sono questi parametri?<\/p>\n<p>Animali: siamo nel contesto della sesta estinzione di massa, la prima di genesi antropica, nella quale la Scienza dimostra che 1 milione di specie animali e vegetali rischiano l&#8217;estinzione e che le popolazioni di vertebrati sono diminuite in media del 70% circa. Oggi la massa dei vertebrati \u00e8 rappresentata per il 4% da animali selvatici, per il 36% dalla specie sapiens-sapiens e per il 60% da animali in allevamento.<\/p>\n<p>Economia Mondiale: il Giorno del Superamento (Overshoot Day), indica l&#8217;esaurimento ufficiale delle risorse rigenerabili che la terra \u00e8 in grado di produrre in 365 giorni, calcolato dal Global Footprint Day. Nel 2025 \u00e8 stato il 24 luglio. Da quel giorno fino alla fine dell&#8217;anno abbiamo consumato le riserve destinate al 2026.<\/p>\n<p>Clima: la CO2 dell&#8217;atmosfera in parti per milione \u00e8 oggi 431, era di 425 all&#8217;inizio del 2025 ed era stata di 280 come valore massimo fino all&#8217;inizio della civilt\u00e0 industriale negli ultimi 500.000 anni. Ci\u00f2 ha comportato un aumento di temperatura di 1,45 \u00b0C e il conseguente aumento di temperatura delle acque oceaniche e scioglimento dei ghiacciai.<\/p>\n<p>Se l&#8217;aumento della temperatura avanza con questo ritmo, nei prossimi venti anni si liberer\u00e0 il carbonio contenuto nel permafrost e l&#8217;aumento dei gas climalteranti cambier\u00e0 totalmente il regime di vita sulla terra.<\/p>\n<p>Di fronte a questi dati e alla rapidit\u00e0 con cui variano in senso peggiorativo non possiamo pi\u00f9 dire che alla soluzione dovranno pensare le generazioni future ma piuttosto noi stessi e i nostri figli. I giornaloni ci consigliano di essere bravi e di spegnere le luci! Come dire un pannicello caldo per una malattia mortale! non disturbiamo i malati! una soluzione si trover\u00e0!<\/p>\n<p>Alcune soluzioni in realt\u00e0 ci sono, ma sono scomode! Dovremmo rinunciare a qualcosa. Pare che questa sia una medicina disgustosa. Un lume di speranza per i problemi energetici, (scoperto pi\u00f9 di 30 anni fa e tenuto rigorosamente nel cassetto) possono per\u00f2 fornirlo i risultati gi\u00e0 codificati sulle reazioni nucleari a bassa energia (LENR). Certo, i signori del petrolio non saranno d&#8217;accordo ma loro almeno fortunatamente non dovranno rinunciare a niente.<\/p>\n<p>Sempre a patto che tutti gli altri siano disposti a camminare compatti nella stessa direzione.<\/p>\n<p>Dr Filiberto Dal Molin<\/p>","protected":false},"excerpt":{"rendered":"<p>Abbiamo celebrato il Giorno della Terra (Earth Day) il 22 aprile, come tutti gli anni dal 1970. \u00c8 un momento speciale per ricordarci che, nonostante le incredibili vette tecnologiche che abbiamo raggiunto, dipendiamo ancora tutti da questa meravigliosa &#8220;biglia blu&#8221; che fluttua nello spazio. In questa ricorrenza i giornali ci hanno ricordato che non si [&hellip;]<\/p>\n","protected":false},"author":2,"featured_media":169527,"comment_status":"closed","ping_status":"open","sticky":false,"template":"","format":"standard","meta":{"footnotes":""},"categories":[3614],"tags":[],"class_list":["post-169526","post","type-post","status-publish","format-standard","has-post-thumbnail","category-controcorrente"],"yoast_head":"<!-- This site is optimized with the Yoast SEO plugin v28.4 - https:\/\/yoast.com\/product\/yoast-seo-wordpress\/ -->\n<title>Il Giorno della Terra e il Giorno del superamento delle riserve - Bellunopress - Dolomiti<\/title>\n<meta name=\"robots\" content=\"index, follow, max-snippet:-1, max-image-preview:large, max-video-preview:-1\" \/>\n<link rel=\"canonical\" href=\"https:\/\/www.bellunopress.it\/fr\/2026\/04\/26\/il-giorno-della-terra-e-il-giorno-del-superamento-delle-riserve\/\" \/>\n<meta property=\"og:locale\" content=\"fr_FR\" \/>\n<meta property=\"og:type\" content=\"article\" \/>\n<meta property=\"og:title\" content=\"Il Giorno della Terra e il Giorno del superamento delle riserve - Bellunopress - Dolomiti\" \/>\n<meta property=\"og:description\" content=\"Abbiamo celebrato il Giorno della Terra (Earth Day) il 22 aprile, come tutti gli anni dal 1970. \u00c8 un momento speciale per ricordarci che, nonostante le incredibili vette tecnologiche che abbiamo raggiunto, dipendiamo ancora tutti da questa meravigliosa &#8220;biglia blu&#8221; che fluttua nello spazio. In questa ricorrenza i giornali ci hanno ricordato che non si [&hellip;]\" \/>\n<meta property=\"og:url\" content=\"https:\/\/www.bellunopress.it\/fr\/2026\/04\/26\/il-giorno-della-terra-e-il-giorno-del-superamento-delle-riserve\/\" \/>\n<meta property=\"og:site_name\" content=\"Bellunopress - Dolomiti\" \/>\n<meta property=\"article:publisher\" content=\"https:\/\/www.facebook.com\/profile.php?id=100008943462799\" \/>\n<meta property=\"article:published_time\" content=\"2026-04-26T08:58:42+00:00\" \/>\n<meta property=\"article:modified_time\" content=\"2026-04-27T09:06:50+00:00\" \/>\n<meta property=\"og:image\" content=\"https:\/\/www.bellunopress.it\/wp-content\/uploads\/2026\/04\/Terra-Governati-e-governanti-Dal-Molin.jpg\" \/>\n\t<meta property=\"og:image:width\" content=\"352\" \/>\n\t<meta property=\"og:image:height\" content=\"322\" \/>\n\t<meta property=\"og:image:type\" content=\"image\/jpeg\" \/>\n<meta name=\"author\" content=\"redazione\" \/>\n<meta name=\"twitter:card\" content=\"summary_large_image\" \/>\n<meta name=\"twitter:creator\" content=\"@bellunopress\" \/>\n<meta name=\"twitter:site\" content=\"@bellunopress\" \/>\n<meta name=\"twitter:label1\" content=\"Written by\" \/>\n\t<meta name=\"twitter:data1\" content=\"redazione\" \/>\n\t<meta name=\"twitter:label2\" content=\"Est. reading time\" \/>\n\t<meta name=\"twitter:data2\" content=\"3 minutes\" \/>\n<script type=\"application\/ld+json\" class=\"yoast-schema-graph\">{\"@context\":\"https:\\\/\\\/schema.org\",\"@graph\":[{\"@type\":\"Article\",\"@id\":\"https:\\\/\\\/www.bellunopress.it\\\/2026\\\/04\\\/26\\\/il-giorno-della-terra-e-il-giorno-del-superamento-delle-riserve\\\/#article\",\"isPartOf\":{\"@id\":\"https:\\\/\\\/www.bellunopress.it\\\/2026\\\/04\\\/26\\\/il-giorno-della-terra-e-il-giorno-del-superamento-delle-riserve\\\/\"},\"author\":{\"name\":\"redazione\",\"@id\":\"https:\\\/\\\/www.bellunopress.it\\\/#\\\/schema\\\/person\\\/79bb06722b37ece1c03d3e94beb30d73\"},\"headline\":\"Il Giorno della Terra e il Giorno del superamento delle riserve\",\"datePublished\":\"2026-04-26T08:58:42+00:00\",\"dateModified\":\"2026-04-27T09:06:50+00:00\",\"mainEntityOfPage\":{\"@id\":\"https:\\\/\\\/www.bellunopress.it\\\/2026\\\/04\\\/26\\\/il-giorno-della-terra-e-il-giorno-del-superamento-delle-riserve\\\/\"},\"wordCount\":722,\"publisher\":{\"@id\":\"https:\\\/\\\/www.bellunopress.it\\\/#organization\"},\"image\":{\"@id\":\"https:\\\/\\\/www.bellunopress.it\\\/2026\\\/04\\\/26\\\/il-giorno-della-terra-e-il-giorno-del-superamento-delle-riserve\\\/#primaryimage\"},\"thumbnailUrl\":\"https:\\\/\\\/www.bellunopress.it\\\/wp-content\\\/uploads\\\/2026\\\/04\\\/Terra-Governati-e-governanti-Dal-Molin.jpg\",\"articleSection\":[\"Controcorrente Dr Filiberto Dal Molin\"],\"inLanguage\":\"fr-FR\"},{\"@type\":\"WebPage\",\"@id\":\"https:\\\/\\\/www.bellunopress.it\\\/2026\\\/04\\\/26\\\/il-giorno-della-terra-e-il-giorno-del-superamento-delle-riserve\\\/\",\"url\":\"https:\\\/\\\/www.bellunopress.it\\\/2026\\\/04\\\/26\\\/il-giorno-della-terra-e-il-giorno-del-superamento-delle-riserve\\\/\",\"name\":\"Il Giorno della Terra e il Giorno del superamento delle riserve - Bellunopress - Dolomiti\",\"isPartOf\":{\"@id\":\"https:\\\/\\\/www.bellunopress.it\\\/#website\"},\"primaryImageOfPage\":{\"@id\":\"https:\\\/\\\/www.bellunopress.it\\\/2026\\\/04\\\/26\\\/il-giorno-della-terra-e-il-giorno-del-superamento-delle-riserve\\\/#primaryimage\"},\"image\":{\"@id\":\"https:\\\/\\\/www.bellunopress.it\\\/2026\\\/04\\\/26\\\/il-giorno-della-terra-e-il-giorno-del-superamento-delle-riserve\\\/#primaryimage\"},\"thumbnailUrl\":\"https:\\\/\\\/www.bellunopress.it\\\/wp-content\\\/uploads\\\/2026\\\/04\\\/Terra-Governati-e-governanti-Dal-Molin.jpg\",\"datePublished\":\"2026-04-26T08:58:42+00:00\",\"dateModified\":\"2026-04-27T09:06:50+00:00\",\"breadcrumb\":{\"@id\":\"https:\\\/\\\/www.bellunopress.it\\\/2026\\\/04\\\/26\\\/il-giorno-della-terra-e-il-giorno-del-superamento-delle-riserve\\\/#breadcrumb\"},\"inLanguage\":\"fr-FR\",\"potentialAction\":[{\"@type\":\"ReadAction\",\"target\":[\"https:\\\/\\\/www.bellunopress.it\\\/2026\\\/04\\\/26\\\/il-giorno-della-terra-e-il-giorno-del-superamento-delle-riserve\\\/\"]}]},{\"@type\":\"ImageObject\",\"inLanguage\":\"fr-FR\",\"@id\":\"https:\\\/\\\/www.bellunopress.it\\\/2026\\\/04\\\/26\\\/il-giorno-della-terra-e-il-giorno-del-superamento-delle-riserve\\\/#primaryimage\",\"url\":\"https:\\\/\\\/www.bellunopress.it\\\/wp-content\\\/uploads\\\/2026\\\/04\\\/Terra-Governati-e-governanti-Dal-Molin.jpg\",\"contentUrl\":\"https:\\\/\\\/www.bellunopress.it\\\/wp-content\\\/uploads\\\/2026\\\/04\\\/Terra-Governati-e-governanti-Dal-Molin.jpg\",\"width\":352,\"height\":322},{\"@type\":\"BreadcrumbList\",\"@id\":\"https:\\\/\\\/www.bellunopress.it\\\/2026\\\/04\\\/26\\\/il-giorno-della-terra-e-il-giorno-del-superamento-delle-riserve\\\/#breadcrumb\",\"itemListElement\":[{\"@type\":\"ListItem\",\"position\":1,\"name\":\"Home\",\"item\":\"https:\\\/\\\/www.bellunopress.it\\\/\"},{\"@type\":\"ListItem\",\"position\":2,\"name\":\"Il Giorno della Terra e il Giorno del superamento delle riserve\"}]},{\"@type\":\"WebSite\",\"@id\":\"https:\\\/\\\/www.bellunopress.it\\\/#website\",\"url\":\"https:\\\/\\\/www.bellunopress.it\\\/\",\"name\":\"Bellunopress - Dolomiti\",\"description\":\"e-mail: redazione@bellunopress.it\",\"publisher\":{\"@id\":\"https:\\\/\\\/www.bellunopress.it\\\/#organization\"},\"potentialAction\":[{\"@type\":\"SearchAction\",\"target\":{\"@type\":\"EntryPoint\",\"urlTemplate\":\"https:\\\/\\\/www.bellunopress.it\\\/?s={search_term_string}\"},\"query-input\":{\"@type\":\"PropertyValueSpecification\",\"valueRequired\":true,\"valueName\":\"search_term_string\"}}],\"inLanguage\":\"fr-FR\"},{\"@type\":\"Organization\",\"@id\":\"https:\\\/\\\/www.bellunopress.it\\\/#organization\",\"name\":\"Bellunopress\",\"url\":\"https:\\\/\\\/www.bellunopress.it\\\/\",\"logo\":{\"@type\":\"ImageObject\",\"inLanguage\":\"fr-FR\",\"@id\":\"https:\\\/\\\/www.bellunopress.it\\\/#\\\/schema\\\/logo\\\/image\\\/\",\"url\":\"https:\\\/\\\/www.bellunopress.it\\\/wp-content\\\/uploads\\\/2011\\\/05\\\/cropped-logo-bellunopress-.jpg\",\"contentUrl\":\"https:\\\/\\\/www.bellunopress.it\\\/wp-content\\\/uploads\\\/2011\\\/05\\\/cropped-logo-bellunopress-.jpg\",\"width\":512,\"height\":512,\"caption\":\"Bellunopress\"},\"image\":{\"@id\":\"https:\\\/\\\/www.bellunopress.it\\\/#\\\/schema\\\/logo\\\/image\\\/\"},\"sameAs\":[\"https:\\\/\\\/www.facebook.com\\\/profile.php?id=100008943462799\",\"https:\\\/\\\/x.com\\\/bellunopress\",\"https:\\\/\\\/www.linkedin.com\\\/hp\\\/?dnr=JBzUWaJfMUw8vbXJJ2tVW5-I3jZKvC4wsoxE&amp;amp;amp;amp;amp;amp;trk=nav_responsive_tab_home\",\"https:\\\/\\\/www.youtube.com\\\/channel\\\/UCxL0wu1uN0_3_7hGG0306cw\"]},{\"@type\":\"Person\",\"@id\":\"https:\\\/\\\/www.bellunopress.it\\\/#\\\/schema\\\/person\\\/79bb06722b37ece1c03d3e94beb30d73\",\"name\":\"redazione\",\"image\":{\"@type\":\"ImageObject\",\"inLanguage\":\"fr-FR\",\"@id\":\"https:\\\/\\\/secure.gravatar.com\\\/avatar\\\/37d968a2e67a6fd04c169c4bdef102d0bc5d31b2546345219e348575eb80e9a0?s=96&d=mm&r=g\",\"url\":\"https:\\\/\\\/secure.gravatar.com\\\/avatar\\\/37d968a2e67a6fd04c169c4bdef102d0bc5d31b2546345219e348575eb80e9a0?s=96&d=mm&r=g\",\"contentUrl\":\"https:\\\/\\\/secure.gravatar.com\\\/avatar\\\/37d968a2e67a6fd04c169c4bdef102d0bc5d31b2546345219e348575eb80e9a0?s=96&d=mm&r=g\",\"caption\":\"redazione\"},\"sameAs\":[\"http:\\\/\\\/www.bellunopress.it\",\"https:\\\/\\\/x.com\\\/bellunopress\"],\"url\":\"https:\\\/\\\/www.bellunopress.it\\\/fr\\\/author\\\/redazione\\\/\"}]}<\/script>\n<!-- \/ Yoast SEO plugin. -->","yoast_head_json":{"title":"Il Giorno della Terra e il Giorno del superamento delle riserve - Bellunopress - Dolomiti","robots":{"index":"index","follow":"follow","max-snippet":"max-snippet:-1","max-image-preview":"max-image-preview:large","max-video-preview":"max-video-preview:-1"},"canonical":"https:\/\/www.bellunopress.it\/fr\/2026\/04\/26\/il-giorno-della-terra-e-il-giorno-del-superamento-delle-riserve\/","og_locale":"fr_FR","og_type":"article","og_title":"Il Giorno della Terra e il Giorno del superamento delle riserve - Bellunopress - Dolomiti","og_description":"Abbiamo celebrato il Giorno della Terra (Earth Day) il 22 aprile, come tutti gli anni dal 1970. \u00c8 un momento speciale per ricordarci che, nonostante le incredibili vette tecnologiche che abbiamo raggiunto, dipendiamo ancora tutti da questa meravigliosa &#8220;biglia blu&#8221; che fluttua nello spazio. In questa ricorrenza i giornali ci hanno ricordato che non si [&hellip;]","og_url":"https:\/\/www.bellunopress.it\/fr\/2026\/04\/26\/il-giorno-della-terra-e-il-giorno-del-superamento-delle-riserve\/","og_site_name":"Bellunopress - Dolomiti","article_publisher":"https:\/\/www.facebook.com\/profile.php?id=100008943462799","article_published_time":"2026-04-26T08:58:42+00:00","article_modified_time":"2026-04-27T09:06:50+00:00","og_image":[{"width":352,"height":322,"url":"https:\/\/www.bellunopress.it\/wp-content\/uploads\/2026\/04\/Terra-Governati-e-governanti-Dal-Molin.jpg","type":"image\/jpeg"}],"author":"redazione","twitter_card":"summary_large_image","twitter_creator":"@bellunopress","twitter_site":"@bellunopress","twitter_misc":{"Written by":"redazione","Est. reading time":"3 minutes"},"schema":{"@context":"https:\/\/schema.org","@graph":[{"@type":"Article","@id":"https:\/\/www.bellunopress.it\/2026\/04\/26\/il-giorno-della-terra-e-il-giorno-del-superamento-delle-riserve\/#article","isPartOf":{"@id":"https:\/\/www.bellunopress.it\/2026\/04\/26\/il-giorno-della-terra-e-il-giorno-del-superamento-delle-riserve\/"},"author":{"name":"redazione","@id":"https:\/\/www.bellunopress.it\/#\/schema\/person\/79bb06722b37ece1c03d3e94beb30d73"},"headline":"Il Giorno della Terra e il Giorno del superamento delle riserve","datePublished":"2026-04-26T08:58:42+00:00","dateModified":"2026-04-27T09:06:50+00:00","mainEntityOfPage":{"@id":"https:\/\/www.bellunopress.it\/2026\/04\/26\/il-giorno-della-terra-e-il-giorno-del-superamento-delle-riserve\/"},"wordCount":722,"publisher":{"@id":"https:\/\/www.bellunopress.it\/#organization"},"image":{"@id":"https:\/\/www.bellunopress.it\/2026\/04\/26\/il-giorno-della-terra-e-il-giorno-del-superamento-delle-riserve\/#primaryimage"},"thumbnailUrl":"https:\/\/www.bellunopress.it\/wp-content\/uploads\/2026\/04\/Terra-Governati-e-governanti-Dal-Molin.jpg","articleSection":["Controcorrente Dr Filiberto Dal Molin"],"inLanguage":"fr-FR"},{"@type":"WebPage","@id":"https:\/\/www.bellunopress.it\/2026\/04\/26\/il-giorno-della-terra-e-il-giorno-del-superamento-delle-riserve\/","url":"https:\/\/www.bellunopress.it\/2026\/04\/26\/il-giorno-della-terra-e-il-giorno-del-superamento-delle-riserve\/","name":"Il Giorno della Terra e il Giorno del superamento delle riserve - Bellunopress - Dolomiti","isPartOf":{"@id":"https:\/\/www.bellunopress.it\/#website"},"primaryImageOfPage":{"@id":"https:\/\/www.bellunopress.it\/2026\/04\/26\/il-giorno-della-terra-e-il-giorno-del-superamento-delle-riserve\/#primaryimage"},"image":{"@id":"https:\/\/www.bellunopress.it\/2026\/04\/26\/il-giorno-della-terra-e-il-giorno-del-superamento-delle-riserve\/#primaryimage"},"thumbnailUrl":"https:\/\/www.bellunopress.it\/wp-content\/uploads\/2026\/04\/Terra-Governati-e-governanti-Dal-Molin.jpg","datePublished":"2026-04-26T08:58:42+00:00","dateModified":"2026-04-27T09:06:50+00:00","breadcrumb":{"@id":"https:\/\/www.bellunopress.it\/2026\/04\/26\/il-giorno-della-terra-e-il-giorno-del-superamento-delle-riserve\/#breadcrumb"},"inLanguage":"fr-FR","potentialAction":[{"@type":"ReadAction","target":["https:\/\/www.bellunopress.it\/2026\/04\/26\/il-giorno-della-terra-e-il-giorno-del-superamento-delle-riserve\/"]}]},{"@type":"ImageObject","inLanguage":"fr-FR","@id":"https:\/\/www.bellunopress.it\/2026\/04\/26\/il-giorno-della-terra-e-il-giorno-del-superamento-delle-riserve\/#primaryimage","url":"https:\/\/www.bellunopress.it\/wp-content\/uploads\/2026\/04\/Terra-Governati-e-governanti-Dal-Molin.jpg","contentUrl":"https:\/\/www.bellunopress.it\/wp-content\/uploads\/2026\/04\/Terra-Governati-e-governanti-Dal-Molin.jpg","width":352,"height":322},{"@type":"BreadcrumbList","@id":"https:\/\/www.bellunopress.it\/2026\/04\/26\/il-giorno-della-terra-e-il-giorno-del-superamento-delle-riserve\/#breadcrumb","itemListElement":[{"@type":"ListItem","position":1,"name":"Home","item":"https:\/\/www.bellunopress.it\/"},{"@type":"ListItem","position":2,"name":"Il Giorno della Terra e il Giorno del superamento delle riserve"}]},{"@type":"WebSite","@id":"https:\/\/www.bellunopress.it\/#website","url":"https:\/\/www.bellunopress.it\/","name":"Bellunopress - Dolomiti","description":"e-mail: redazione@bellunopress.it","publisher":{"@id":"https:\/\/www.bellunopress.it\/#organization"},"potentialAction":[{"@type":"SearchAction","target":{"@type":"EntryPoint","urlTemplate":"https:\/\/www.bellunopress.it\/?s={search_term_string}"},"query-input":{"@type":"PropertyValueSpecification","valueRequired":true,"valueName":"search_term_string"}}],"inLanguage":"fr-FR"},{"@type":"Organization","@id":"https:\/\/www.bellunopress.it\/#organization","name":"Bellunopress","url":"https:\/\/www.bellunopress.it\/","logo":{"@type":"ImageObject","inLanguage":"fr-FR","@id":"https:\/\/www.bellunopress.it\/#\/schema\/logo\/image\/","url":"https:\/\/www.bellunopress.it\/wp-content\/uploads\/2011\/05\/cropped-logo-bellunopress-.jpg","contentUrl":"https:\/\/www.bellunopress.it\/wp-content\/uploads\/2011\/05\/cropped-logo-bellunopress-.jpg","width":512,"height":512,"caption":"Bellunopress"},"image":{"@id":"https:\/\/www.bellunopress.it\/#\/schema\/logo\/image\/"},"sameAs":["https:\/\/www.facebook.com\/profile.php?id=100008943462799","https:\/\/x.com\/bellunopress","https:\/\/www.linkedin.com\/hp\/?dnr=JBzUWaJfMUw8vbXJJ2tVW5-I3jZKvC4wsoxE&amp;amp;amp;amp;amp;amp;trk=nav_responsive_tab_home","https:\/\/www.youtube.com\/channel\/UCxL0wu1uN0_3_7hGG0306cw"]},{"@type":"Person","@id":"https:\/\/www.bellunopress.it\/#\/schema\/person\/79bb06722b37ece1c03d3e94beb30d73","name":"r\u00e9daction","image":{"@type":"ImageObject","inLanguage":"fr-FR","@id":"https:\/\/secure.gravatar.com\/avatar\/37d968a2e67a6fd04c169c4bdef102d0bc5d31b2546345219e348575eb80e9a0?s=96&d=mm&r=g","url":"https:\/\/secure.gravatar.com\/avatar\/37d968a2e67a6fd04c169c4bdef102d0bc5d31b2546345219e348575eb80e9a0?s=96&d=mm&r=g","contentUrl":"https:\/\/secure.gravatar.com\/avatar\/37d968a2e67a6fd04c169c4bdef102d0bc5d31b2546345219e348575eb80e9a0?s=96&d=mm&r=g","caption":"redazione"},"sameAs":["http:\/\/www.bellunopress.it","https:\/\/x.com\/bellunopress"],"url":"https:\/\/www.bellunopress.it\/fr\/author\/redazione\/"}]}},"_links":{"self":[{"href":"https:\/\/www.bellunopress.it\/fr\/wp-json\/wp\/v2\/posts\/169526","targetHints":{"allow":["GET"]}}],"collection":[{"href":"https:\/\/www.bellunopress.it\/fr\/wp-json\/wp\/v2\/posts"}],"about":[{"href":"https:\/\/www.bellunopress.it\/fr\/wp-json\/wp\/v2\/types\/post"}],"author":[{"embeddable":true,"href":"https:\/\/www.bellunopress.it\/fr\/wp-json\/wp\/v2\/users\/2"}],"replies":[{"embeddable":true,"href":"https:\/\/www.bellunopress.it\/fr\/wp-json\/wp\/v2\/comments?post=169526"}],"version-history":[{"count":1,"href":"https:\/\/www.bellunopress.it\/fr\/wp-json\/wp\/v2\/posts\/169526\/revisions"}],"predecessor-version":[{"id":169528,"href":"https:\/\/www.bellunopress.it\/fr\/wp-json\/wp\/v2\/posts\/169526\/revisions\/169528"}],"wp:featuredmedia":[{"embeddable":true,"href":"https:\/\/www.bellunopress.it\/fr\/wp-json\/wp\/v2\/media\/169527"}],"wp:attachment":[{"href":"https:\/\/www.bellunopress.it\/fr\/wp-json\/wp\/v2\/media?parent=169526"}],"wp:term":[{"taxonomy":"category","embeddable":true,"href":"https:\/\/www.bellunopress.it\/fr\/wp-json\/wp\/v2\/categories?post=169526"},{"taxonomy":"post_tag","embeddable":true,"href":"https:\/\/www.bellunopress.it\/fr\/wp-json\/wp\/v2\/tags?post=169526"}],"curies":[{"name":"wp","href":"https:\/\/api.w.org\/{rel}","templated":true}]}}