{"id":169504,"date":"2026-04-26T10:24:46","date_gmt":"2026-04-26T08:24:46","guid":{"rendered":"https:\/\/www.bellunopress.it\/?p=169504"},"modified":"2026-04-26T10:24:46","modified_gmt":"2026-04-26T08:24:46","slug":"importante-riconoscimento-per-il-reparto-di-gastroenterologia-della-ulss-1-dolomiti-a-belluno","status":"publish","type":"post","link":"https:\/\/www.bellunopress.it\/fr\/2026\/04\/26\/importante-riconoscimento-per-il-reparto-di-gastroenterologia-della-ulss-1-dolomiti-a-belluno\/","title":{"rendered":"Importante riconoscimento per il Reparto di Gastroenterologia della Ulss 1 Dolomiti a Belluno"},"content":{"rendered":"<p>Belluno, 26\/04\/2026 &#8211; L\u2019Unit\u00e0 Operativa Complessa di Gastroenterologia dell\u2019Ospedale San Martino ha ottenuto l\u2019accreditamento ufficiale come centro di riferimento per la diagnosi e il trattamento delle patologie funzionali dell\u2019apparato digerente.<\/p>\n<p>Il riconoscimento \u00e8 stato conferito dalla SINGEM (Societ\u00e0 italiana di NeuroGastroEnterologia e Motilit\u00e0), al termine di un rigoroso percorso di valutazione che ha attestato l\u2019elevata qualit\u00e0 clinica, tecnologica e organizzativa della struttura bellunese. La certificazione \u00e8 stata consegnata a Bastianello German\u00e0, Direttore della Gastroenterologia del San Martino in occasione del Congresso Nazionale delle Malattie Digestive (FISMAD) 2026, tenutosi a Roma dal 16 al 18 aprile, uno degli appuntamenti scientifici pi\u00f9 rilevanti nel settore a livello nazionale.<\/p>\n<p>Questo importante risultato conferma l\u2019impegno costante dell\u2019\u00e9quipe nel garantire ai pazienti percorsi diagnostici e terapeutici di alto livello, in particolare nell\u2019ambito delle patologie funzionali gastrointestinali, spesso complesse e fortemente impattanti sulla qualit\u00e0 della vita.<br \/>\nL\u2019ambulatorio di fisiopatologia dell\u2019apparato digerente rappresenta un punto di eccellenza grazie all\u2019impiego di tecnologie avanzate, tra cui la pH-impedenzometria e la manometria esofagea ed ano-rettale ad alta risoluzione 3D. Strumenti che consentono una valutazione estremamente precisa delle alterazioni motorie del tubo digerente e permettono di impostare trattamenti sempre pi\u00f9 mirati ed efficaci.<\/p>\n<p>Il servizio \u00e8 gestito da personale altamente specializzato: sotto la guida del dott. Ermenegildo Galliani, responsabile dell\u2019Unit\u00e0, operano la dott.ssa Nunzia Russo e un team infermieristico dedicato composto da professionisti con competenze specifiche nel settore( J. Del Vai, A. Dal Borgo, G. Orzetti, D. Bigio).<\/p>\n<p>I numeri confermano la crescita e la rilevanza del centro: nel 2025 sono state effettuate 162 procedure diagnostiche, con un trend in costante aumento negli ultimi anni. Un dato significativo che riflette non solo la domanda interna dell\u2019ULSS 1, ma anche l\u2019attrattivit\u00e0 del servizio per pazienti provenienti da altre aziende sanitarie.<br \/>\n\u201cLe patologie trattate \u2013 tra cui sindrome dell\u2019intestino irritabile, malattia da reflusso gastroesofageo, disturbi motori dell\u2019esofago come l\u2019acalasia e l\u2019incontinenza fecale \u2013 rappresentano una sfida sanitaria di grande rilevanza. Alcune di queste condizioni, infatti, interessano tra il 10% e il 20% della popolazione adulta, con importanti ricadute sia sul piano clinico che socio-economico\u201d commenta il direttore Bastianello German\u00e0.<\/p>\n<p>\u201cQuesto riconoscimento consolida ulteriormente il ruolo dell\u2019ULSS 1 Dolomiti, capace di coniugare innovazione tecnologica, competenza professionale e attenzione al paziente. Un risultato che \u00e8 anche uno stimolo a proseguire nel percorso di crescita e miglioramento continuo, al servizio della comunit\u00e0\u201d commenta il commissario Dal Ben.<\/p>\n<p>&nbsp;<\/p>","protected":false},"excerpt":{"rendered":"<p>Belluno, 26\/04\/2026 &#8211; L\u2019Unit\u00e0 Operativa Complessa di Gastroenterologia dell\u2019Ospedale San Martino ha ottenuto l\u2019accreditamento ufficiale come centro di riferimento per la diagnosi e il trattamento delle patologie funzionali dell\u2019apparato digerente. Il riconoscimento \u00e8 stato conferito dalla SINGEM (Societ\u00e0 italiana di NeuroGastroEnterologia e Motilit\u00e0), al termine di un rigoroso percorso di valutazione che ha attestato l\u2019elevata [&hellip;]<\/p>\n","protected":false},"author":2,"featured_media":169505,"comment_status":"closed","ping_status":"open","sticky":false,"template":"","format":"standard","meta":{"footnotes":""},"categories":[26,17],"tags":[],"class_list":["post-169504","post","type-post","status-publish","format-standard","has-post-thumbnail","category-prima-pagina","category-sanita"],"yoast_head":"<!-- This site is optimized with the Yoast SEO plugin v28.4 - https:\/\/yoast.com\/product\/yoast-seo-wordpress\/ -->\n<title>Importante riconoscimento per il Reparto di Gastroenterologia della Ulss 1 Dolomiti a Belluno - Bellunopress - Dolomiti<\/title>\n<meta name=\"robots\" content=\"index, follow, max-snippet:-1, max-image-preview:large, max-video-preview:-1\" \/>\n<link rel=\"canonical\" href=\"https:\/\/www.bellunopress.it\/fr\/2026\/04\/26\/importante-riconoscimento-per-il-reparto-di-gastroenterologia-della-ulss-1-dolomiti-a-belluno\/\" \/>\n<meta property=\"og:locale\" content=\"fr_FR\" \/>\n<meta property=\"og:type\" content=\"article\" \/>\n<meta property=\"og:title\" content=\"Importante riconoscimento per il Reparto di Gastroenterologia della Ulss 1 Dolomiti a Belluno - Bellunopress - Dolomiti\" \/>\n<meta property=\"og:description\" content=\"Belluno, 26\/04\/2026 &#8211; L\u2019Unit\u00e0 Operativa Complessa di Gastroenterologia dell\u2019Ospedale San Martino ha ottenuto l\u2019accreditamento ufficiale come centro di riferimento per la diagnosi e il trattamento delle patologie funzionali dell\u2019apparato digerente. Il riconoscimento \u00e8 stato conferito dalla SINGEM (Societ\u00e0 italiana di NeuroGastroEnterologia e Motilit\u00e0), al termine di un rigoroso percorso di valutazione che ha attestato l\u2019elevata [&hellip;]\" \/>\n<meta property=\"og:url\" content=\"https:\/\/www.bellunopress.it\/fr\/2026\/04\/26\/importante-riconoscimento-per-il-reparto-di-gastroenterologia-della-ulss-1-dolomiti-a-belluno\/\" \/>\n<meta property=\"og:site_name\" content=\"Bellunopress - Dolomiti\" \/>\n<meta property=\"article:publisher\" content=\"https:\/\/www.facebook.com\/profile.php?id=100008943462799\" \/>\n<meta property=\"article:published_time\" content=\"2026-04-26T08:24:46+00:00\" \/>\n<meta property=\"og:image\" content=\"https:\/\/www.bellunopress.it\/wp-content\/uploads\/2026\/04\/Premio-al-Reparto-Gastroenterologia-Belluno.jpg\" \/>\n\t<meta property=\"og:image:width\" content=\"600\" \/>\n\t<meta property=\"og:image:height\" content=\"430\" \/>\n\t<meta property=\"og:image:type\" content=\"image\/jpeg\" \/>\n<meta name=\"author\" content=\"redazione\" \/>\n<meta name=\"twitter:card\" content=\"summary_large_image\" \/>\n<meta name=\"twitter:creator\" content=\"@bellunopress\" \/>\n<meta name=\"twitter:site\" content=\"@bellunopress\" \/>\n<meta name=\"twitter:label1\" content=\"Written by\" \/>\n\t<meta name=\"twitter:data1\" content=\"redazione\" \/>\n\t<meta name=\"twitter:label2\" content=\"Est. reading time\" \/>\n\t<meta name=\"twitter:data2\" content=\"2 minutes\" \/>\n<script type=\"application\/ld+json\" class=\"yoast-schema-graph\">{\"@context\":\"https:\\\/\\\/schema.org\",\"@graph\":[{\"@type\":\"Article\",\"@id\":\"https:\\\/\\\/www.bellunopress.it\\\/2026\\\/04\\\/26\\\/importante-riconoscimento-per-il-reparto-di-gastroenterologia-della-ulss-1-dolomiti-a-belluno\\\/#article\",\"isPartOf\":{\"@id\":\"https:\\\/\\\/www.bellunopress.it\\\/2026\\\/04\\\/26\\\/importante-riconoscimento-per-il-reparto-di-gastroenterologia-della-ulss-1-dolomiti-a-belluno\\\/\"},\"author\":{\"name\":\"redazione\",\"@id\":\"https:\\\/\\\/www.bellunopress.it\\\/#\\\/schema\\\/person\\\/79bb06722b37ece1c03d3e94beb30d73\"},\"headline\":\"Importante riconoscimento per il Reparto di Gastroenterologia della Ulss 1 Dolomiti a Belluno\",\"datePublished\":\"2026-04-26T08:24:46+00:00\",\"mainEntityOfPage\":{\"@id\":\"https:\\\/\\\/www.bellunopress.it\\\/2026\\\/04\\\/26\\\/importante-riconoscimento-per-il-reparto-di-gastroenterologia-della-ulss-1-dolomiti-a-belluno\\\/\"},\"wordCount\":408,\"publisher\":{\"@id\":\"https:\\\/\\\/www.bellunopress.it\\\/#organization\"},\"image\":{\"@id\":\"https:\\\/\\\/www.bellunopress.it\\\/2026\\\/04\\\/26\\\/importante-riconoscimento-per-il-reparto-di-gastroenterologia-della-ulss-1-dolomiti-a-belluno\\\/#primaryimage\"},\"thumbnailUrl\":\"https:\\\/\\\/www.bellunopress.it\\\/wp-content\\\/uploads\\\/2026\\\/04\\\/Premio-al-Reparto-Gastroenterologia-Belluno.jpg\",\"articleSection\":[\"Prima Pagina\",\"Sanit\u00e0 Medicina\"],\"inLanguage\":\"fr-FR\"},{\"@type\":\"WebPage\",\"@id\":\"https:\\\/\\\/www.bellunopress.it\\\/2026\\\/04\\\/26\\\/importante-riconoscimento-per-il-reparto-di-gastroenterologia-della-ulss-1-dolomiti-a-belluno\\\/\",\"url\":\"https:\\\/\\\/www.bellunopress.it\\\/2026\\\/04\\\/26\\\/importante-riconoscimento-per-il-reparto-di-gastroenterologia-della-ulss-1-dolomiti-a-belluno\\\/\",\"name\":\"Importante riconoscimento per il Reparto di Gastroenterologia della Ulss 1 Dolomiti a Belluno - Bellunopress - Dolomiti\",\"isPartOf\":{\"@id\":\"https:\\\/\\\/www.bellunopress.it\\\/#website\"},\"primaryImageOfPage\":{\"@id\":\"https:\\\/\\\/www.bellunopress.it\\\/2026\\\/04\\\/26\\\/importante-riconoscimento-per-il-reparto-di-gastroenterologia-della-ulss-1-dolomiti-a-belluno\\\/#primaryimage\"},\"image\":{\"@id\":\"https:\\\/\\\/www.bellunopress.it\\\/2026\\\/04\\\/26\\\/importante-riconoscimento-per-il-reparto-di-gastroenterologia-della-ulss-1-dolomiti-a-belluno\\\/#primaryimage\"},\"thumbnailUrl\":\"https:\\\/\\\/www.bellunopress.it\\\/wp-content\\\/uploads\\\/2026\\\/04\\\/Premio-al-Reparto-Gastroenterologia-Belluno.jpg\",\"datePublished\":\"2026-04-26T08:24:46+00:00\",\"breadcrumb\":{\"@id\":\"https:\\\/\\\/www.bellunopress.it\\\/2026\\\/04\\\/26\\\/importante-riconoscimento-per-il-reparto-di-gastroenterologia-della-ulss-1-dolomiti-a-belluno\\\/#breadcrumb\"},\"inLanguage\":\"fr-FR\",\"potentialAction\":[{\"@type\":\"ReadAction\",\"target\":[\"https:\\\/\\\/www.bellunopress.it\\\/2026\\\/04\\\/26\\\/importante-riconoscimento-per-il-reparto-di-gastroenterologia-della-ulss-1-dolomiti-a-belluno\\\/\"]}]},{\"@type\":\"ImageObject\",\"inLanguage\":\"fr-FR\",\"@id\":\"https:\\\/\\\/www.bellunopress.it\\\/2026\\\/04\\\/26\\\/importante-riconoscimento-per-il-reparto-di-gastroenterologia-della-ulss-1-dolomiti-a-belluno\\\/#primaryimage\",\"url\":\"https:\\\/\\\/www.bellunopress.it\\\/wp-content\\\/uploads\\\/2026\\\/04\\\/Premio-al-Reparto-Gastroenterologia-Belluno.jpg\",\"contentUrl\":\"https:\\\/\\\/www.bellunopress.it\\\/wp-content\\\/uploads\\\/2026\\\/04\\\/Premio-al-Reparto-Gastroenterologia-Belluno.jpg\",\"width\":600,\"height\":430},{\"@type\":\"BreadcrumbList\",\"@id\":\"https:\\\/\\\/www.bellunopress.it\\\/2026\\\/04\\\/26\\\/importante-riconoscimento-per-il-reparto-di-gastroenterologia-della-ulss-1-dolomiti-a-belluno\\\/#breadcrumb\",\"itemListElement\":[{\"@type\":\"ListItem\",\"position\":1,\"name\":\"Home\",\"item\":\"https:\\\/\\\/www.bellunopress.it\\\/\"},{\"@type\":\"ListItem\",\"position\":2,\"name\":\"Importante riconoscimento per il Reparto di Gastroenterologia della Ulss 1 Dolomiti a Belluno\"}]},{\"@type\":\"WebSite\",\"@id\":\"https:\\\/\\\/www.bellunopress.it\\\/#website\",\"url\":\"https:\\\/\\\/www.bellunopress.it\\\/\",\"name\":\"Bellunopress - Dolomiti\",\"description\":\"e-mail: redazione@bellunopress.it\",\"publisher\":{\"@id\":\"https:\\\/\\\/www.bellunopress.it\\\/#organization\"},\"potentialAction\":[{\"@type\":\"SearchAction\",\"target\":{\"@type\":\"EntryPoint\",\"urlTemplate\":\"https:\\\/\\\/www.bellunopress.it\\\/?s={search_term_string}\"},\"query-input\":{\"@type\":\"PropertyValueSpecification\",\"valueRequired\":true,\"valueName\":\"search_term_string\"}}],\"inLanguage\":\"fr-FR\"},{\"@type\":\"Organization\",\"@id\":\"https:\\\/\\\/www.bellunopress.it\\\/#organization\",\"name\":\"Bellunopress\",\"url\":\"https:\\\/\\\/www.bellunopress.it\\\/\",\"logo\":{\"@type\":\"ImageObject\",\"inLanguage\":\"fr-FR\",\"@id\":\"https:\\\/\\\/www.bellunopress.it\\\/#\\\/schema\\\/logo\\\/image\\\/\",\"url\":\"https:\\\/\\\/www.bellunopress.it\\\/wp-content\\\/uploads\\\/2011\\\/05\\\/cropped-logo-bellunopress-.jpg\",\"contentUrl\":\"https:\\\/\\\/www.bellunopress.it\\\/wp-content\\\/uploads\\\/2011\\\/05\\\/cropped-logo-bellunopress-.jpg\",\"width\":512,\"height\":512,\"caption\":\"Bellunopress\"},\"image\":{\"@id\":\"https:\\\/\\\/www.bellunopress.it\\\/#\\\/schema\\\/logo\\\/image\\\/\"},\"sameAs\":[\"https:\\\/\\\/www.facebook.com\\\/profile.php?id=100008943462799\",\"https:\\\/\\\/x.com\\\/bellunopress\",\"https:\\\/\\\/www.linkedin.com\\\/hp\\\/?dnr=JBzUWaJfMUw8vbXJJ2tVW5-I3jZKvC4wsoxE&amp;amp;amp;amp;amp;amp;trk=nav_responsive_tab_home\",\"https:\\\/\\\/www.youtube.com\\\/channel\\\/UCxL0wu1uN0_3_7hGG0306cw\"]},{\"@type\":\"Person\",\"@id\":\"https:\\\/\\\/www.bellunopress.it\\\/#\\\/schema\\\/person\\\/79bb06722b37ece1c03d3e94beb30d73\",\"name\":\"redazione\",\"image\":{\"@type\":\"ImageObject\",\"inLanguage\":\"fr-FR\",\"@id\":\"https:\\\/\\\/secure.gravatar.com\\\/avatar\\\/37d968a2e67a6fd04c169c4bdef102d0bc5d31b2546345219e348575eb80e9a0?s=96&d=mm&r=g\",\"url\":\"https:\\\/\\\/secure.gravatar.com\\\/avatar\\\/37d968a2e67a6fd04c169c4bdef102d0bc5d31b2546345219e348575eb80e9a0?s=96&d=mm&r=g\",\"contentUrl\":\"https:\\\/\\\/secure.gravatar.com\\\/avatar\\\/37d968a2e67a6fd04c169c4bdef102d0bc5d31b2546345219e348575eb80e9a0?s=96&d=mm&r=g\",\"caption\":\"redazione\"},\"sameAs\":[\"http:\\\/\\\/www.bellunopress.it\",\"https:\\\/\\\/x.com\\\/bellunopress\"],\"url\":\"https:\\\/\\\/www.bellunopress.it\\\/fr\\\/author\\\/redazione\\\/\"}]}<\/script>\n<!-- \/ Yoast SEO plugin. -->","yoast_head_json":{"title":"Importante riconoscimento per il Reparto di Gastroenterologia della Ulss 1 Dolomiti a Belluno - Bellunopress - Dolomiti","robots":{"index":"index","follow":"follow","max-snippet":"max-snippet:-1","max-image-preview":"max-image-preview:large","max-video-preview":"max-video-preview:-1"},"canonical":"https:\/\/www.bellunopress.it\/fr\/2026\/04\/26\/importante-riconoscimento-per-il-reparto-di-gastroenterologia-della-ulss-1-dolomiti-a-belluno\/","og_locale":"fr_FR","og_type":"article","og_title":"Importante riconoscimento per il Reparto di Gastroenterologia della Ulss 1 Dolomiti a Belluno - Bellunopress - Dolomiti","og_description":"Belluno, 26\/04\/2026 &#8211; L\u2019Unit\u00e0 Operativa Complessa di Gastroenterologia dell\u2019Ospedale San Martino ha ottenuto l\u2019accreditamento ufficiale come centro di riferimento per la diagnosi e il trattamento delle patologie funzionali dell\u2019apparato digerente. Il riconoscimento \u00e8 stato conferito dalla SINGEM (Societ\u00e0 italiana di NeuroGastroEnterologia e Motilit\u00e0), al termine di un rigoroso percorso di valutazione che ha attestato l\u2019elevata [&hellip;]","og_url":"https:\/\/www.bellunopress.it\/fr\/2026\/04\/26\/importante-riconoscimento-per-il-reparto-di-gastroenterologia-della-ulss-1-dolomiti-a-belluno\/","og_site_name":"Bellunopress - Dolomiti","article_publisher":"https:\/\/www.facebook.com\/profile.php?id=100008943462799","article_published_time":"2026-04-26T08:24:46+00:00","og_image":[{"width":600,"height":430,"url":"https:\/\/www.bellunopress.it\/wp-content\/uploads\/2026\/04\/Premio-al-Reparto-Gastroenterologia-Belluno.jpg","type":"image\/jpeg"}],"author":"redazione","twitter_card":"summary_large_image","twitter_creator":"@bellunopress","twitter_site":"@bellunopress","twitter_misc":{"Written by":"redazione","Est. reading time":"2 minutes"},"schema":{"@context":"https:\/\/schema.org","@graph":[{"@type":"Article","@id":"https:\/\/www.bellunopress.it\/2026\/04\/26\/importante-riconoscimento-per-il-reparto-di-gastroenterologia-della-ulss-1-dolomiti-a-belluno\/#article","isPartOf":{"@id":"https:\/\/www.bellunopress.it\/2026\/04\/26\/importante-riconoscimento-per-il-reparto-di-gastroenterologia-della-ulss-1-dolomiti-a-belluno\/"},"author":{"name":"redazione","@id":"https:\/\/www.bellunopress.it\/#\/schema\/person\/79bb06722b37ece1c03d3e94beb30d73"},"headline":"Importante riconoscimento per il Reparto di Gastroenterologia della Ulss 1 Dolomiti a Belluno","datePublished":"2026-04-26T08:24:46+00:00","mainEntityOfPage":{"@id":"https:\/\/www.bellunopress.it\/2026\/04\/26\/importante-riconoscimento-per-il-reparto-di-gastroenterologia-della-ulss-1-dolomiti-a-belluno\/"},"wordCount":408,"publisher":{"@id":"https:\/\/www.bellunopress.it\/#organization"},"image":{"@id":"https:\/\/www.bellunopress.it\/2026\/04\/26\/importante-riconoscimento-per-il-reparto-di-gastroenterologia-della-ulss-1-dolomiti-a-belluno\/#primaryimage"},"thumbnailUrl":"https:\/\/www.bellunopress.it\/wp-content\/uploads\/2026\/04\/Premio-al-Reparto-Gastroenterologia-Belluno.jpg","articleSection":["Prima Pagina","Sanit\u00e0 Medicina"],"inLanguage":"fr-FR"},{"@type":"WebPage","@id":"https:\/\/www.bellunopress.it\/2026\/04\/26\/importante-riconoscimento-per-il-reparto-di-gastroenterologia-della-ulss-1-dolomiti-a-belluno\/","url":"https:\/\/www.bellunopress.it\/2026\/04\/26\/importante-riconoscimento-per-il-reparto-di-gastroenterologia-della-ulss-1-dolomiti-a-belluno\/","name":"Importante riconoscimento per il Reparto di Gastroenterologia della Ulss 1 Dolomiti a Belluno - Bellunopress - Dolomiti","isPartOf":{"@id":"https:\/\/www.bellunopress.it\/#website"},"primaryImageOfPage":{"@id":"https:\/\/www.bellunopress.it\/2026\/04\/26\/importante-riconoscimento-per-il-reparto-di-gastroenterologia-della-ulss-1-dolomiti-a-belluno\/#primaryimage"},"image":{"@id":"https:\/\/www.bellunopress.it\/2026\/04\/26\/importante-riconoscimento-per-il-reparto-di-gastroenterologia-della-ulss-1-dolomiti-a-belluno\/#primaryimage"},"thumbnailUrl":"https:\/\/www.bellunopress.it\/wp-content\/uploads\/2026\/04\/Premio-al-Reparto-Gastroenterologia-Belluno.jpg","datePublished":"2026-04-26T08:24:46+00:00","breadcrumb":{"@id":"https:\/\/www.bellunopress.it\/2026\/04\/26\/importante-riconoscimento-per-il-reparto-di-gastroenterologia-della-ulss-1-dolomiti-a-belluno\/#breadcrumb"},"inLanguage":"fr-FR","potentialAction":[{"@type":"ReadAction","target":["https:\/\/www.bellunopress.it\/2026\/04\/26\/importante-riconoscimento-per-il-reparto-di-gastroenterologia-della-ulss-1-dolomiti-a-belluno\/"]}]},{"@type":"ImageObject","inLanguage":"fr-FR","@id":"https:\/\/www.bellunopress.it\/2026\/04\/26\/importante-riconoscimento-per-il-reparto-di-gastroenterologia-della-ulss-1-dolomiti-a-belluno\/#primaryimage","url":"https:\/\/www.bellunopress.it\/wp-content\/uploads\/2026\/04\/Premio-al-Reparto-Gastroenterologia-Belluno.jpg","contentUrl":"https:\/\/www.bellunopress.it\/wp-content\/uploads\/2026\/04\/Premio-al-Reparto-Gastroenterologia-Belluno.jpg","width":600,"height":430},{"@type":"BreadcrumbList","@id":"https:\/\/www.bellunopress.it\/2026\/04\/26\/importante-riconoscimento-per-il-reparto-di-gastroenterologia-della-ulss-1-dolomiti-a-belluno\/#breadcrumb","itemListElement":[{"@type":"ListItem","position":1,"name":"Home","item":"https:\/\/www.bellunopress.it\/"},{"@type":"ListItem","position":2,"name":"Importante riconoscimento per il Reparto di Gastroenterologia della Ulss 1 Dolomiti a Belluno"}]},{"@type":"WebSite","@id":"https:\/\/www.bellunopress.it\/#website","url":"https:\/\/www.bellunopress.it\/","name":"Bellunopress - Dolomiti","description":"e-mail: redazione@bellunopress.it","publisher":{"@id":"https:\/\/www.bellunopress.it\/#organization"},"potentialAction":[{"@type":"SearchAction","target":{"@type":"EntryPoint","urlTemplate":"https:\/\/www.bellunopress.it\/?s={search_term_string}"},"query-input":{"@type":"PropertyValueSpecification","valueRequired":true,"valueName":"search_term_string"}}],"inLanguage":"fr-FR"},{"@type":"Organization","@id":"https:\/\/www.bellunopress.it\/#organization","name":"Bellunopress","url":"https:\/\/www.bellunopress.it\/","logo":{"@type":"ImageObject","inLanguage":"fr-FR","@id":"https:\/\/www.bellunopress.it\/#\/schema\/logo\/image\/","url":"https:\/\/www.bellunopress.it\/wp-content\/uploads\/2011\/05\/cropped-logo-bellunopress-.jpg","contentUrl":"https:\/\/www.bellunopress.it\/wp-content\/uploads\/2011\/05\/cropped-logo-bellunopress-.jpg","width":512,"height":512,"caption":"Bellunopress"},"image":{"@id":"https:\/\/www.bellunopress.it\/#\/schema\/logo\/image\/"},"sameAs":["https:\/\/www.facebook.com\/profile.php?id=100008943462799","https:\/\/x.com\/bellunopress","https:\/\/www.linkedin.com\/hp\/?dnr=JBzUWaJfMUw8vbXJJ2tVW5-I3jZKvC4wsoxE&amp;amp;amp;amp;amp;amp;trk=nav_responsive_tab_home","https:\/\/www.youtube.com\/channel\/UCxL0wu1uN0_3_7hGG0306cw"]},{"@type":"Person","@id":"https:\/\/www.bellunopress.it\/#\/schema\/person\/79bb06722b37ece1c03d3e94beb30d73","name":"r\u00e9daction","image":{"@type":"ImageObject","inLanguage":"fr-FR","@id":"https:\/\/secure.gravatar.com\/avatar\/37d968a2e67a6fd04c169c4bdef102d0bc5d31b2546345219e348575eb80e9a0?s=96&d=mm&r=g","url":"https:\/\/secure.gravatar.com\/avatar\/37d968a2e67a6fd04c169c4bdef102d0bc5d31b2546345219e348575eb80e9a0?s=96&d=mm&r=g","contentUrl":"https:\/\/secure.gravatar.com\/avatar\/37d968a2e67a6fd04c169c4bdef102d0bc5d31b2546345219e348575eb80e9a0?s=96&d=mm&r=g","caption":"redazione"},"sameAs":["http:\/\/www.bellunopress.it","https:\/\/x.com\/bellunopress"],"url":"https:\/\/www.bellunopress.it\/fr\/author\/redazione\/"}]}},"_links":{"self":[{"href":"https:\/\/www.bellunopress.it\/fr\/wp-json\/wp\/v2\/posts\/169504","targetHints":{"allow":["GET"]}}],"collection":[{"href":"https:\/\/www.bellunopress.it\/fr\/wp-json\/wp\/v2\/posts"}],"about":[{"href":"https:\/\/www.bellunopress.it\/fr\/wp-json\/wp\/v2\/types\/post"}],"author":[{"embeddable":true,"href":"https:\/\/www.bellunopress.it\/fr\/wp-json\/wp\/v2\/users\/2"}],"replies":[{"embeddable":true,"href":"https:\/\/www.bellunopress.it\/fr\/wp-json\/wp\/v2\/comments?post=169504"}],"version-history":[{"count":1,"href":"https:\/\/www.bellunopress.it\/fr\/wp-json\/wp\/v2\/posts\/169504\/revisions"}],"predecessor-version":[{"id":169506,"href":"https:\/\/www.bellunopress.it\/fr\/wp-json\/wp\/v2\/posts\/169504\/revisions\/169506"}],"wp:featuredmedia":[{"embeddable":true,"href":"https:\/\/www.bellunopress.it\/fr\/wp-json\/wp\/v2\/media\/169505"}],"wp:attachment":[{"href":"https:\/\/www.bellunopress.it\/fr\/wp-json\/wp\/v2\/media?parent=169504"}],"wp:term":[{"taxonomy":"category","embeddable":true,"href":"https:\/\/www.bellunopress.it\/fr\/wp-json\/wp\/v2\/categories?post=169504"},{"taxonomy":"post_tag","embeddable":true,"href":"https:\/\/www.bellunopress.it\/fr\/wp-json\/wp\/v2\/tags?post=169504"}],"curies":[{"name":"wp","href":"https:\/\/api.w.org\/{rel}","templated":true}]}}