{"id":169498,"date":"2026-04-26T07:05:07","date_gmt":"2026-04-26T05:05:07","guid":{"rendered":"https:\/\/www.bellunopress.it\/?p=169498"},"modified":"2026-04-26T07:08:49","modified_gmt":"2026-04-26T05:08:49","slug":"dolomiti-bellunesi-pareggio-col-trento-per-chiudere-il-campionato","status":"publish","type":"post","link":"https:\/\/www.bellunopress.it\/fr\/2026\/04\/26\/dolomiti-bellunesi-pareggio-col-trento-per-chiudere-il-campionato\/","title":{"rendered":"Dolomiti Bellunesi: pareggio col Trento per chiudere il campionato"},"content":{"rendered":"<p><strong>Un ottimo punto per chiudere la prima stagione nel professionismo<\/strong><\/p>\n<p>DOLOMITI BELLUNESI-TRENTO 0-0<\/p>\n<p>DOLOMITI BELLUNESI: Consiglio (st 32&#8242; Zecchin); Trabucchi (pt 20&#8242; Petito), Mondonico, Gobetti; Saccani, Agosti (st 32&#8242; Clemenza), Brugnolo, Mignanelli, Migliardi; Marconi (st 32&#8242; Barbini), Toci (st 14&#8242; Vacca) (in panchina: Abati, Olonisakin, Casanova, Tavanti). Allenatore: A. Bonatti.<\/p>\n<p>TRENTO: Barlocco; Triacca (st 18&#8242; Muca), Rigione, Corradi, Maffei; Aucelli, Mehic (st 18&#8242; Ladisa), Fossati (st 35&#8242; Ebone); Chinetti (st 24&#8242; Chinetti), Pellegrini, Capone (in panchina: Costantini, Tommasi, Trainati, Sangalli, Candelari, Corallo, Miranda). Allenatore: L. Tabbiani.<\/p>\n<p>ARBITRO: Lucio Felice Angelillo di Nola (assistenti: Bruno Galigani di Sondrio e Federico Mezzalira di Varese; quarto ufficiale: Francesco Zago di Conegliano; operatore FVS: Thomas Storgato di Castelfranco Veneto).<\/p>\n<p>NOTE. Spettatori: 1050. Angoli: 8-3 per il Trento. Ammoniti: Migliardi, Aucelli, Toci, Mondonico, Brugnolo, Petito, Fossati. Recupero: pt 2&#8242;; st 6&#8242;.<\/p>\n<p>L&#8217;ideale epilogo di una stagione da incorniciare. Al cospetto di una delle big del girone come il Trento, la Dolomiti Bellunesi mette il timbro sul decimo pareggio nel campionato di Serie C Sky Wifi: un campionato interpretato con i gradi di &#8220;matricola&#8221; e capace di regalare profonde soddisfazioni ed emozioni. Il primo punto nel professionismo era arrivato in trasferta, a Zanica contro l&#8217;AlbinoLeffe: l&#8217;ultimo non poteva che maturare tra le mura amiche. In uno stadio Zugni Tauro vestito con l&#8217;abito da sera e popolato da oltre mille anime, a rendere ancor pi\u00f9 speciale l&#8217;atto conclusivo della stagione. Il pari \u00e8 un risultato che risplende. E, sullo striscione del traguardo, i punti potevano addirittura triplicare, in seguito a un contropiede &#8220;due contro zero&#8221; non concretizzata per un soffio.<\/p>\n<p>SUL FILO &#8211; Pronti, via. Ed \u00e8 subito Dolomiti: Marconi scatta sul filo del fuorigioco e calcia a botta sicura, dopo un ottimo controllo, ma Rigione \u00e8 decisivo e devia in corner. Tuttavia, il Trento cresce col passare dei minuti. E Consiglio, gi\u00e0 al 12&#8242;, si erge a protagonista, deviando di piede una girata di Mehic, per poi uscire in maniera provvidenziale sui piedi di Pellegrini, lanciato a rete. Quindi, alla mezz&#8217;ora, il portiere di scuola Genoa indossa il mantello da Superman e neutralizza il bolide di Chinetti, ben servito da Capone. Infine, dice di no pure a Triacca e al suo bolide, sul primo palo. E i padroni di casa? Perdono per infortunio Trabucchi e, al suo posto, entra Petito. Il quale cerca l&#8217;eurogol con un tiro al volo: palla alta.<\/p>\n<p>STANDING OVATION &#8211; Nella ripresa, il Trento continua a provarci. Anche perch\u00e9 il Lecco, una diretta concorrente, incappa in una serataccia a Crema con la Pergolettese. E il terzo posto non appare come una chimera, anzi. Al 5&#8242;, Chinetti si invola verso la porta e serve Pellegrini, che calcia a giro sul secondo palo: stoccata fuori di pochissimo. Come fuori bersaglio, non di molto, \u00e8 il bolide di Brugnolo, nell&#8217;altra met\u00e0 campo. Il lavoro di Consiglio \u00e8 finito? Non ancora: al 10&#8242; si supera su Pellegrini e, infine, blocca in due tempi il diagonale di Chinetti. Automatica la standing ovation, nel momento in cui il portierone cede il posto tra i pali a Zecchin. E in porta \u00e8 attento pure il trentino Barlocco, bravo a respingere d&#8217;istinto il tiro di Mignanelli, capitano per una sera. Ma la madre di ogni occasione si manifesta allo scadere del recupero: gli ospiti, tutti in avanti, lasciano una prateria in contropiede ai ragazzi di Bonatti, che si presentano al tiro con Vacca. Solo che l&#8217;urlo di gioia rimane strozzato in gola. Poco male, in realt\u00e0. Il finale \u00e8 da applausi. E merita di essere festeggiato insieme al popolo dolomitico.<\/p>","protected":false},"excerpt":{"rendered":"<p>Un ottimo punto per chiudere la prima stagione nel professionismo DOLOMITI BELLUNESI-TRENTO 0-0 DOLOMITI BELLUNESI: Consiglio (st 32&#8242; Zecchin); Trabucchi (pt 20&#8242; Petito), Mondonico, Gobetti; Saccani, Agosti (st 32&#8242; Clemenza), Brugnolo, Mignanelli, Migliardi; Marconi (st 32&#8242; Barbini), Toci (st 14&#8242; Vacca) (in panchina: Abati, Olonisakin, Casanova, Tavanti). Allenatore: A. Bonatti. TRENTO: Barlocco; Triacca (st 18&#8242; [&hellip;]<\/p>\n","protected":false},"author":2,"featured_media":169500,"comment_status":"closed","ping_status":"open","sticky":false,"template":"","format":"standard","meta":{"footnotes":""},"categories":[4],"tags":[],"class_list":["post-169498","post","type-post","status-publish","format-standard","has-post-thumbnail","category-sport"],"yoast_head":"<!-- This site is optimized with the Yoast SEO plugin v28.4 - https:\/\/yoast.com\/product\/yoast-seo-wordpress\/ -->\n<title>Dolomiti Bellunesi: pareggio col Trento per chiudere il campionato - Bellunopress - Dolomiti<\/title>\n<meta name=\"robots\" content=\"index, follow, max-snippet:-1, max-image-preview:large, max-video-preview:-1\" \/>\n<link rel=\"canonical\" href=\"https:\/\/www.bellunopress.it\/fr\/2026\/04\/26\/dolomiti-bellunesi-pareggio-col-trento-per-chiudere-il-campionato\/\" \/>\n<meta property=\"og:locale\" content=\"fr_FR\" \/>\n<meta property=\"og:type\" content=\"article\" \/>\n<meta property=\"og:title\" content=\"Dolomiti Bellunesi: pareggio col Trento per chiudere il campionato - Bellunopress - Dolomiti\" \/>\n<meta property=\"og:description\" content=\"Un ottimo punto per chiudere la prima stagione nel professionismo DOLOMITI BELLUNESI-TRENTO 0-0 DOLOMITI BELLUNESI: Consiglio (st 32&#8242; Zecchin); Trabucchi (pt 20&#8242; Petito), Mondonico, Gobetti; Saccani, Agosti (st 32&#8242; Clemenza), Brugnolo, Mignanelli, Migliardi; Marconi (st 32&#8242; Barbini), Toci (st 14&#8242; Vacca) (in panchina: Abati, Olonisakin, Casanova, Tavanti). Allenatore: A. Bonatti. TRENTO: Barlocco; Triacca (st 18&#8242; [&hellip;]\" \/>\n<meta property=\"og:url\" content=\"https:\/\/www.bellunopress.it\/fr\/2026\/04\/26\/dolomiti-bellunesi-pareggio-col-trento-per-chiudere-il-campionato\/\" \/>\n<meta property=\"og:site_name\" content=\"Bellunopress - Dolomiti\" \/>\n<meta property=\"article:publisher\" content=\"https:\/\/www.facebook.com\/profile.php?id=100008943462799\" \/>\n<meta property=\"article:published_time\" content=\"2026-04-26T05:05:07+00:00\" \/>\n<meta property=\"article:modified_time\" content=\"2026-04-26T05:08:49+00:00\" \/>\n<meta property=\"og:image\" content=\"https:\/\/www.bellunopress.it\/wp-content\/uploads\/2026\/04\/Dolomiti-Bellunesi-Calcio.jpg\" \/>\n\t<meta property=\"og:image:width\" content=\"600\" \/>\n\t<meta property=\"og:image:height\" content=\"399\" \/>\n\t<meta property=\"og:image:type\" content=\"image\/jpeg\" \/>\n<meta name=\"author\" content=\"redazione\" \/>\n<meta name=\"twitter:card\" content=\"summary_large_image\" \/>\n<meta name=\"twitter:creator\" content=\"@bellunopress\" \/>\n<meta name=\"twitter:site\" content=\"@bellunopress\" \/>\n<meta name=\"twitter:label1\" content=\"Written by\" \/>\n\t<meta name=\"twitter:data1\" content=\"redazione\" \/>\n\t<meta name=\"twitter:label2\" content=\"Est. reading time\" \/>\n\t<meta name=\"twitter:data2\" content=\"3 minutes\" \/>\n<script type=\"application\/ld+json\" class=\"yoast-schema-graph\">{\"@context\":\"https:\\\/\\\/schema.org\",\"@graph\":[{\"@type\":\"Article\",\"@id\":\"https:\\\/\\\/www.bellunopress.it\\\/2026\\\/04\\\/26\\\/dolomiti-bellunesi-pareggio-col-trento-per-chiudere-il-campionato\\\/#article\",\"isPartOf\":{\"@id\":\"https:\\\/\\\/www.bellunopress.it\\\/2026\\\/04\\\/26\\\/dolomiti-bellunesi-pareggio-col-trento-per-chiudere-il-campionato\\\/\"},\"author\":{\"name\":\"redazione\",\"@id\":\"https:\\\/\\\/www.bellunopress.it\\\/#\\\/schema\\\/person\\\/79bb06722b37ece1c03d3e94beb30d73\"},\"headline\":\"Dolomiti Bellunesi: pareggio col Trento per chiudere il campionato\",\"datePublished\":\"2026-04-26T05:05:07+00:00\",\"dateModified\":\"2026-04-26T05:08:49+00:00\",\"mainEntityOfPage\":{\"@id\":\"https:\\\/\\\/www.bellunopress.it\\\/2026\\\/04\\\/26\\\/dolomiti-bellunesi-pareggio-col-trento-per-chiudere-il-campionato\\\/\"},\"wordCount\":587,\"publisher\":{\"@id\":\"https:\\\/\\\/www.bellunopress.it\\\/#organization\"},\"image\":{\"@id\":\"https:\\\/\\\/www.bellunopress.it\\\/2026\\\/04\\\/26\\\/dolomiti-bellunesi-pareggio-col-trento-per-chiudere-il-campionato\\\/#primaryimage\"},\"thumbnailUrl\":\"https:\\\/\\\/www.bellunopress.it\\\/wp-content\\\/uploads\\\/2026\\\/04\\\/Dolomiti-Bellunesi-Calcio.jpg\",\"articleSection\":[\"Sport, tempo libero\"],\"inLanguage\":\"fr-FR\"},{\"@type\":\"WebPage\",\"@id\":\"https:\\\/\\\/www.bellunopress.it\\\/2026\\\/04\\\/26\\\/dolomiti-bellunesi-pareggio-col-trento-per-chiudere-il-campionato\\\/\",\"url\":\"https:\\\/\\\/www.bellunopress.it\\\/2026\\\/04\\\/26\\\/dolomiti-bellunesi-pareggio-col-trento-per-chiudere-il-campionato\\\/\",\"name\":\"Dolomiti Bellunesi: pareggio col Trento per chiudere il campionato - Bellunopress - Dolomiti\",\"isPartOf\":{\"@id\":\"https:\\\/\\\/www.bellunopress.it\\\/#website\"},\"primaryImageOfPage\":{\"@id\":\"https:\\\/\\\/www.bellunopress.it\\\/2026\\\/04\\\/26\\\/dolomiti-bellunesi-pareggio-col-trento-per-chiudere-il-campionato\\\/#primaryimage\"},\"image\":{\"@id\":\"https:\\\/\\\/www.bellunopress.it\\\/2026\\\/04\\\/26\\\/dolomiti-bellunesi-pareggio-col-trento-per-chiudere-il-campionato\\\/#primaryimage\"},\"thumbnailUrl\":\"https:\\\/\\\/www.bellunopress.it\\\/wp-content\\\/uploads\\\/2026\\\/04\\\/Dolomiti-Bellunesi-Calcio.jpg\",\"datePublished\":\"2026-04-26T05:05:07+00:00\",\"dateModified\":\"2026-04-26T05:08:49+00:00\",\"breadcrumb\":{\"@id\":\"https:\\\/\\\/www.bellunopress.it\\\/2026\\\/04\\\/26\\\/dolomiti-bellunesi-pareggio-col-trento-per-chiudere-il-campionato\\\/#breadcrumb\"},\"inLanguage\":\"fr-FR\",\"potentialAction\":[{\"@type\":\"ReadAction\",\"target\":[\"https:\\\/\\\/www.bellunopress.it\\\/2026\\\/04\\\/26\\\/dolomiti-bellunesi-pareggio-col-trento-per-chiudere-il-campionato\\\/\"]}]},{\"@type\":\"ImageObject\",\"inLanguage\":\"fr-FR\",\"@id\":\"https:\\\/\\\/www.bellunopress.it\\\/2026\\\/04\\\/26\\\/dolomiti-bellunesi-pareggio-col-trento-per-chiudere-il-campionato\\\/#primaryimage\",\"url\":\"https:\\\/\\\/www.bellunopress.it\\\/wp-content\\\/uploads\\\/2026\\\/04\\\/Dolomiti-Bellunesi-Calcio.jpg\",\"contentUrl\":\"https:\\\/\\\/www.bellunopress.it\\\/wp-content\\\/uploads\\\/2026\\\/04\\\/Dolomiti-Bellunesi-Calcio.jpg\",\"width\":600,\"height\":399},{\"@type\":\"BreadcrumbList\",\"@id\":\"https:\\\/\\\/www.bellunopress.it\\\/2026\\\/04\\\/26\\\/dolomiti-bellunesi-pareggio-col-trento-per-chiudere-il-campionato\\\/#breadcrumb\",\"itemListElement\":[{\"@type\":\"ListItem\",\"position\":1,\"name\":\"Home\",\"item\":\"https:\\\/\\\/www.bellunopress.it\\\/\"},{\"@type\":\"ListItem\",\"position\":2,\"name\":\"Dolomiti Bellunesi: pareggio col Trento per chiudere il campionato\"}]},{\"@type\":\"WebSite\",\"@id\":\"https:\\\/\\\/www.bellunopress.it\\\/#website\",\"url\":\"https:\\\/\\\/www.bellunopress.it\\\/\",\"name\":\"Bellunopress - Dolomiti\",\"description\":\"e-mail: redazione@bellunopress.it\",\"publisher\":{\"@id\":\"https:\\\/\\\/www.bellunopress.it\\\/#organization\"},\"potentialAction\":[{\"@type\":\"SearchAction\",\"target\":{\"@type\":\"EntryPoint\",\"urlTemplate\":\"https:\\\/\\\/www.bellunopress.it\\\/?s={search_term_string}\"},\"query-input\":{\"@type\":\"PropertyValueSpecification\",\"valueRequired\":true,\"valueName\":\"search_term_string\"}}],\"inLanguage\":\"fr-FR\"},{\"@type\":\"Organization\",\"@id\":\"https:\\\/\\\/www.bellunopress.it\\\/#organization\",\"name\":\"Bellunopress\",\"url\":\"https:\\\/\\\/www.bellunopress.it\\\/\",\"logo\":{\"@type\":\"ImageObject\",\"inLanguage\":\"fr-FR\",\"@id\":\"https:\\\/\\\/www.bellunopress.it\\\/#\\\/schema\\\/logo\\\/image\\\/\",\"url\":\"https:\\\/\\\/www.bellunopress.it\\\/wp-content\\\/uploads\\\/2011\\\/05\\\/cropped-logo-bellunopress-.jpg\",\"contentUrl\":\"https:\\\/\\\/www.bellunopress.it\\\/wp-content\\\/uploads\\\/2011\\\/05\\\/cropped-logo-bellunopress-.jpg\",\"width\":512,\"height\":512,\"caption\":\"Bellunopress\"},\"image\":{\"@id\":\"https:\\\/\\\/www.bellunopress.it\\\/#\\\/schema\\\/logo\\\/image\\\/\"},\"sameAs\":[\"https:\\\/\\\/www.facebook.com\\\/profile.php?id=100008943462799\",\"https:\\\/\\\/x.com\\\/bellunopress\",\"https:\\\/\\\/www.linkedin.com\\\/hp\\\/?dnr=JBzUWaJfMUw8vbXJJ2tVW5-I3jZKvC4wsoxE&amp;amp;amp;amp;amp;amp;trk=nav_responsive_tab_home\",\"https:\\\/\\\/www.youtube.com\\\/channel\\\/UCxL0wu1uN0_3_7hGG0306cw\"]},{\"@type\":\"Person\",\"@id\":\"https:\\\/\\\/www.bellunopress.it\\\/#\\\/schema\\\/person\\\/79bb06722b37ece1c03d3e94beb30d73\",\"name\":\"redazione\",\"image\":{\"@type\":\"ImageObject\",\"inLanguage\":\"fr-FR\",\"@id\":\"https:\\\/\\\/secure.gravatar.com\\\/avatar\\\/37d968a2e67a6fd04c169c4bdef102d0bc5d31b2546345219e348575eb80e9a0?s=96&d=mm&r=g\",\"url\":\"https:\\\/\\\/secure.gravatar.com\\\/avatar\\\/37d968a2e67a6fd04c169c4bdef102d0bc5d31b2546345219e348575eb80e9a0?s=96&d=mm&r=g\",\"contentUrl\":\"https:\\\/\\\/secure.gravatar.com\\\/avatar\\\/37d968a2e67a6fd04c169c4bdef102d0bc5d31b2546345219e348575eb80e9a0?s=96&d=mm&r=g\",\"caption\":\"redazione\"},\"sameAs\":[\"http:\\\/\\\/www.bellunopress.it\",\"https:\\\/\\\/x.com\\\/bellunopress\"],\"url\":\"https:\\\/\\\/www.bellunopress.it\\\/fr\\\/author\\\/redazione\\\/\"}]}<\/script>\n<!-- \/ Yoast SEO plugin. -->","yoast_head_json":{"title":"Dolomiti Bellunesi: pareggio col Trento per chiudere il campionato - Bellunopress - Dolomiti","robots":{"index":"index","follow":"follow","max-snippet":"max-snippet:-1","max-image-preview":"max-image-preview:large","max-video-preview":"max-video-preview:-1"},"canonical":"https:\/\/www.bellunopress.it\/fr\/2026\/04\/26\/dolomiti-bellunesi-pareggio-col-trento-per-chiudere-il-campionato\/","og_locale":"fr_FR","og_type":"article","og_title":"Dolomiti Bellunesi: pareggio col Trento per chiudere il campionato - Bellunopress - Dolomiti","og_description":"Un ottimo punto per chiudere la prima stagione nel professionismo DOLOMITI BELLUNESI-TRENTO 0-0 DOLOMITI BELLUNESI: Consiglio (st 32&#8242; Zecchin); Trabucchi (pt 20&#8242; Petito), Mondonico, Gobetti; Saccani, Agosti (st 32&#8242; Clemenza), Brugnolo, Mignanelli, Migliardi; Marconi (st 32&#8242; Barbini), Toci (st 14&#8242; Vacca) (in panchina: Abati, Olonisakin, Casanova, Tavanti). Allenatore: A. Bonatti. TRENTO: Barlocco; Triacca (st 18&#8242; [&hellip;]","og_url":"https:\/\/www.bellunopress.it\/fr\/2026\/04\/26\/dolomiti-bellunesi-pareggio-col-trento-per-chiudere-il-campionato\/","og_site_name":"Bellunopress - Dolomiti","article_publisher":"https:\/\/www.facebook.com\/profile.php?id=100008943462799","article_published_time":"2026-04-26T05:05:07+00:00","article_modified_time":"2026-04-26T05:08:49+00:00","og_image":[{"width":600,"height":399,"url":"https:\/\/www.bellunopress.it\/wp-content\/uploads\/2026\/04\/Dolomiti-Bellunesi-Calcio.jpg","type":"image\/jpeg"}],"author":"redazione","twitter_card":"summary_large_image","twitter_creator":"@bellunopress","twitter_site":"@bellunopress","twitter_misc":{"Written by":"redazione","Est. reading time":"3 minutes"},"schema":{"@context":"https:\/\/schema.org","@graph":[{"@type":"Article","@id":"https:\/\/www.bellunopress.it\/2026\/04\/26\/dolomiti-bellunesi-pareggio-col-trento-per-chiudere-il-campionato\/#article","isPartOf":{"@id":"https:\/\/www.bellunopress.it\/2026\/04\/26\/dolomiti-bellunesi-pareggio-col-trento-per-chiudere-il-campionato\/"},"author":{"name":"redazione","@id":"https:\/\/www.bellunopress.it\/#\/schema\/person\/79bb06722b37ece1c03d3e94beb30d73"},"headline":"Dolomiti Bellunesi: pareggio col Trento per chiudere il campionato","datePublished":"2026-04-26T05:05:07+00:00","dateModified":"2026-04-26T05:08:49+00:00","mainEntityOfPage":{"@id":"https:\/\/www.bellunopress.it\/2026\/04\/26\/dolomiti-bellunesi-pareggio-col-trento-per-chiudere-il-campionato\/"},"wordCount":587,"publisher":{"@id":"https:\/\/www.bellunopress.it\/#organization"},"image":{"@id":"https:\/\/www.bellunopress.it\/2026\/04\/26\/dolomiti-bellunesi-pareggio-col-trento-per-chiudere-il-campionato\/#primaryimage"},"thumbnailUrl":"https:\/\/www.bellunopress.it\/wp-content\/uploads\/2026\/04\/Dolomiti-Bellunesi-Calcio.jpg","articleSection":["Sport, tempo libero"],"inLanguage":"fr-FR"},{"@type":"WebPage","@id":"https:\/\/www.bellunopress.it\/2026\/04\/26\/dolomiti-bellunesi-pareggio-col-trento-per-chiudere-il-campionato\/","url":"https:\/\/www.bellunopress.it\/2026\/04\/26\/dolomiti-bellunesi-pareggio-col-trento-per-chiudere-il-campionato\/","name":"Dolomiti Bellunesi: pareggio col Trento per chiudere il campionato - Bellunopress - Dolomiti","isPartOf":{"@id":"https:\/\/www.bellunopress.it\/#website"},"primaryImageOfPage":{"@id":"https:\/\/www.bellunopress.it\/2026\/04\/26\/dolomiti-bellunesi-pareggio-col-trento-per-chiudere-il-campionato\/#primaryimage"},"image":{"@id":"https:\/\/www.bellunopress.it\/2026\/04\/26\/dolomiti-bellunesi-pareggio-col-trento-per-chiudere-il-campionato\/#primaryimage"},"thumbnailUrl":"https:\/\/www.bellunopress.it\/wp-content\/uploads\/2026\/04\/Dolomiti-Bellunesi-Calcio.jpg","datePublished":"2026-04-26T05:05:07+00:00","dateModified":"2026-04-26T05:08:49+00:00","breadcrumb":{"@id":"https:\/\/www.bellunopress.it\/2026\/04\/26\/dolomiti-bellunesi-pareggio-col-trento-per-chiudere-il-campionato\/#breadcrumb"},"inLanguage":"fr-FR","potentialAction":[{"@type":"ReadAction","target":["https:\/\/www.bellunopress.it\/2026\/04\/26\/dolomiti-bellunesi-pareggio-col-trento-per-chiudere-il-campionato\/"]}]},{"@type":"ImageObject","inLanguage":"fr-FR","@id":"https:\/\/www.bellunopress.it\/2026\/04\/26\/dolomiti-bellunesi-pareggio-col-trento-per-chiudere-il-campionato\/#primaryimage","url":"https:\/\/www.bellunopress.it\/wp-content\/uploads\/2026\/04\/Dolomiti-Bellunesi-Calcio.jpg","contentUrl":"https:\/\/www.bellunopress.it\/wp-content\/uploads\/2026\/04\/Dolomiti-Bellunesi-Calcio.jpg","width":600,"height":399},{"@type":"BreadcrumbList","@id":"https:\/\/www.bellunopress.it\/2026\/04\/26\/dolomiti-bellunesi-pareggio-col-trento-per-chiudere-il-campionato\/#breadcrumb","itemListElement":[{"@type":"ListItem","position":1,"name":"Home","item":"https:\/\/www.bellunopress.it\/"},{"@type":"ListItem","position":2,"name":"Dolomiti Bellunesi: pareggio col Trento per chiudere il campionato"}]},{"@type":"WebSite","@id":"https:\/\/www.bellunopress.it\/#website","url":"https:\/\/www.bellunopress.it\/","name":"Bellunopress - Dolomiti","description":"e-mail: redazione@bellunopress.it","publisher":{"@id":"https:\/\/www.bellunopress.it\/#organization"},"potentialAction":[{"@type":"SearchAction","target":{"@type":"EntryPoint","urlTemplate":"https:\/\/www.bellunopress.it\/?s={search_term_string}"},"query-input":{"@type":"PropertyValueSpecification","valueRequired":true,"valueName":"search_term_string"}}],"inLanguage":"fr-FR"},{"@type":"Organization","@id":"https:\/\/www.bellunopress.it\/#organization","name":"Bellunopress","url":"https:\/\/www.bellunopress.it\/","logo":{"@type":"ImageObject","inLanguage":"fr-FR","@id":"https:\/\/www.bellunopress.it\/#\/schema\/logo\/image\/","url":"https:\/\/www.bellunopress.it\/wp-content\/uploads\/2011\/05\/cropped-logo-bellunopress-.jpg","contentUrl":"https:\/\/www.bellunopress.it\/wp-content\/uploads\/2011\/05\/cropped-logo-bellunopress-.jpg","width":512,"height":512,"caption":"Bellunopress"},"image":{"@id":"https:\/\/www.bellunopress.it\/#\/schema\/logo\/image\/"},"sameAs":["https:\/\/www.facebook.com\/profile.php?id=100008943462799","https:\/\/x.com\/bellunopress","https:\/\/www.linkedin.com\/hp\/?dnr=JBzUWaJfMUw8vbXJJ2tVW5-I3jZKvC4wsoxE&amp;amp;amp;amp;amp;amp;trk=nav_responsive_tab_home","https:\/\/www.youtube.com\/channel\/UCxL0wu1uN0_3_7hGG0306cw"]},{"@type":"Person","@id":"https:\/\/www.bellunopress.it\/#\/schema\/person\/79bb06722b37ece1c03d3e94beb30d73","name":"r\u00e9daction","image":{"@type":"ImageObject","inLanguage":"fr-FR","@id":"https:\/\/secure.gravatar.com\/avatar\/37d968a2e67a6fd04c169c4bdef102d0bc5d31b2546345219e348575eb80e9a0?s=96&d=mm&r=g","url":"https:\/\/secure.gravatar.com\/avatar\/37d968a2e67a6fd04c169c4bdef102d0bc5d31b2546345219e348575eb80e9a0?s=96&d=mm&r=g","contentUrl":"https:\/\/secure.gravatar.com\/avatar\/37d968a2e67a6fd04c169c4bdef102d0bc5d31b2546345219e348575eb80e9a0?s=96&d=mm&r=g","caption":"redazione"},"sameAs":["http:\/\/www.bellunopress.it","https:\/\/x.com\/bellunopress"],"url":"https:\/\/www.bellunopress.it\/fr\/author\/redazione\/"}]}},"_links":{"self":[{"href":"https:\/\/www.bellunopress.it\/fr\/wp-json\/wp\/v2\/posts\/169498","targetHints":{"allow":["GET"]}}],"collection":[{"href":"https:\/\/www.bellunopress.it\/fr\/wp-json\/wp\/v2\/posts"}],"about":[{"href":"https:\/\/www.bellunopress.it\/fr\/wp-json\/wp\/v2\/types\/post"}],"author":[{"embeddable":true,"href":"https:\/\/www.bellunopress.it\/fr\/wp-json\/wp\/v2\/users\/2"}],"replies":[{"embeddable":true,"href":"https:\/\/www.bellunopress.it\/fr\/wp-json\/wp\/v2\/comments?post=169498"}],"version-history":[{"count":1,"href":"https:\/\/www.bellunopress.it\/fr\/wp-json\/wp\/v2\/posts\/169498\/revisions"}],"predecessor-version":[{"id":169499,"href":"https:\/\/www.bellunopress.it\/fr\/wp-json\/wp\/v2\/posts\/169498\/revisions\/169499"}],"wp:featuredmedia":[{"embeddable":true,"href":"https:\/\/www.bellunopress.it\/fr\/wp-json\/wp\/v2\/media\/169500"}],"wp:attachment":[{"href":"https:\/\/www.bellunopress.it\/fr\/wp-json\/wp\/v2\/media?parent=169498"}],"wp:term":[{"taxonomy":"category","embeddable":true,"href":"https:\/\/www.bellunopress.it\/fr\/wp-json\/wp\/v2\/categories?post=169498"},{"taxonomy":"post_tag","embeddable":true,"href":"https:\/\/www.bellunopress.it\/fr\/wp-json\/wp\/v2\/tags?post=169498"}],"curies":[{"name":"wp","href":"https:\/\/api.w.org\/{rel}","templated":true}]}}