{"id":169493,"date":"2026-04-25T19:49:14","date_gmt":"2026-04-25T17:49:14","guid":{"rendered":"https:\/\/www.bellunopress.it\/?p=169493"},"modified":"2026-04-27T10:55:07","modified_gmt":"2026-04-27T08:55:07","slug":"il-25-aprile-non-e-un-anniversario-da-calendario-ma-un-punto-di-verita-di-enzo-de-biasi","status":"publish","type":"post","link":"https:\/\/www.bellunopress.it\/fr\/2026\/04\/25\/il-25-aprile-non-e-un-anniversario-da-calendario-ma-un-punto-di-verita-di-enzo-de-biasi\/","title":{"rendered":"Il 25 aprile non \u00e8 un anniversario da calendario, ma un punto di verit\u00e0 * di Enzo De Biasi"},"content":{"rendered":"<p><strong>I valori innervati nella Costituzione Repubblicana, Antifascista e Pluralista<\/strong><\/p>\n<p>L\u201981\u00b0 Anniversario della Liberazione arriva in un tempo in cui ci\u00f2 che sta accadendo in Italia e nel mondo pesa in modo rilevante sulla vita democratica del Paese. In questo contesto, il Presidente della Repubblica, nel discorso di ieri, ha ricordato la Resistenza come la leva che ha contribuito ad affermare i valori di <em>libert\u00e0, giustizia e pace<\/em> \u201c<strong>scolpiti<\/strong> nella nostra Costituzione\u201d. Valori che sono beni preziosi, da custodire e da trasmettere alle generazioni future.<br \/>\nE quando questi valori vacillano, ha ammonito Sergio Mattarella, prevale <em>\u201cla legge del pi\u00f9 forte\u201d<\/em>, cio\u00e8 le barbarie e le violenze di una parte contro l\u2019altra, pi\u00f9 debole, fattori oggi caratterizzanti lo scenario internazionale.<\/p>\n<p>Concetti ribaditi con forza da Papa Francesco nel suo magistero. Pi\u00f9 volte il Pontefice ha avvertito il rischio che stiamo vivendo: \u201cuna terza guerra mondiale combattuta a pezzi\u201d, richiamando i conflitti in Ucraina, in Medio Oriente e nelle molte aree del mondo attraversate da aggressivit\u00e0 e instabilit\u00e0. Un appello che si intreccia con la denuncia delle crescenti disuguaglianze sociali, comprese quelle che colpiscono milioni di persone anche nel nostro Paese, dove una parte della popolazione rinuncia alle cure sanitarie per ragioni economiche.<\/p>\n<p>Secondo i principali osservatori internazionali, oggi sono attivi tra 46 e 56 conflitti armati nel mondo: dalla guerra russo\u2011ucraina alle crisi in Medio Oriente, nel Sahel, in Sudan e in Asia, inclusa l\u2019escalation \u00a0realizzata -a fine febbraio- da Stati Uniti, Israele contro l\u2019 Iran, aggravando ulteriormente l\u2019instabilit\u00e0 globale.<\/p>\n<p><strong>Perch\u00e9 il 25 aprile a Belluno, pi\u00f9 che altrove, non \u00e8 solo la ricorrenza dell\u2019Anniversario della Liberazione dal nazi\u2011fascismo<\/strong><\/p>\n<p><em>Per capire cos\u2019\u00e8 successo e non dimenticare<\/em>.<br \/>\nDal settembre 1943 al maggio 1945 Belluno <em>non fu italiana<\/em>. Fu sottratta alla Repubblica Sociale e annessa al Terzo Reich, dentro la <em>Operationszone Alpenvorland<\/em> (OZAV), insieme a Trento e Bolzano. Non un\u2019occupazione militare temporanea, ma un\u2019amministrazione diretta tedesca: con tribunali germanici e controllo totale del territorio da parte del Gauleiter Franz Hofer.<\/p>\n<p>Hofer era il capo civile e politico dell\u2019intera Zona d\u2019Operazioni delle Prealpi, con poteri amministrativi totali, controllo della giustizia, della polizia e delle SS, e con autorit\u00e0 superiore a quella della Repubblica Sociale Italiana, sospesa in area OZAV. In provincia di Belluno, durante questi venti mesi, l\u2019occupazione fu affidata principalmente a truppe altoatesine, che non lesinavano prepotenze e vessazioni verso la popolazione. Un dato significativo: <strong>il 10%<\/strong> dei prigionieri del lager di Bolzano proveniva dal Bellunese.<\/p>\n<p>Inoltre, diversi Comuni appartenuti fino ad allora alle province di\u00a0 Belluno e Trento \u00a0entrarono a far parte della provincia di Bolzano (Cortina, Livinallongo e Colle Santa Lucia), in un processo di <strong>\u201cri\u2011germanizzazione\u201d.<\/strong> In pratica, Hofer era il governatore plenipotenziario del Reich per tutto il territorio alpino italiano, dipendendo direttamente dal cerchio ristretto di Adolf Hitler.<\/p>\n<p>A completare il quadro, la figura del prefetto di Belluno nominato dal nazista Hofer: <strong>Italo Foschi<\/strong>, uomo di Farinacci e primo federale di Roma nel 1923. Uno dei principali organizzatori della spedizione squadrista contro la casa dell\u2019ex presidente del Consiglio Francesco Saverio Nitti e dell\u2019assassinio di Matteotti, Dopo questo efferata azione venne espulso dal Partito Nazionale Fascista per <strong>eccesso di squadrismo<\/strong>, salvo essere reintegrato poco dopo su ordine dello stesso Farinacci. Processato dopo la guerra, secondo alcune fonti venne assolto da ogni addebito, secondo altre fru\u00ec dell\u2019indulto del giugno 1946.<br \/>\nNon che nel giugno 2024 abbia sollevato forti critiche <strong>a giugno 2024<\/strong> l\u2019annuncio e poi l\u2019emissione fatta dal Ministro del Made in Italy Adolfo Urso (FdI) dell\u2019emissione di un francobollo dedicato a Italo Foschi, meritevole in quanto diede vita all\u2019Associazione Sportiva Roma di cui fu il primo Presidente.<\/p>\n<p>In quei terribili <strong>600 giorni del 1943\u20111945<\/strong>, a Villa Gaggia in localit\u00e0 Socchieva, nella frazione di San Fermo, avvenne l\u2019incontro tra Hitler e Mussolini, erroneamente noto \u00a0come \u201cColloquio di Feltre\u201d, mentre Roma veniva bombardata dalle forze anglo\u2011americane. Nel contempo \u00a0in Belluno e dintorni perdurava la repressione nazista: \u201cimpiccagioni pubbliche (Bosco delle Castagne, Piazza Campitello), rastrellamenti, tribunali speciali, arruolamenti forzati nel Corpo di Sicurezza Trentino, presenza del battaglione SS\u2011Polizei \u201cBozen\u201d.<\/p>\n<p><em>Eppure, Belluno reag\u00ec. La Resistenza qui fu diversa: non si combatteva solo il fascismo, ma un\u2019occupazione straniera su suolo italiano da secoli<\/em>.<\/p>\n<p>Ed \u00e8 in questo stesso periodo storico che si colloca la figura emblematica del partigiano <strong>Sandro Gallo<\/strong>, veneziano, caduto in Cadore, simbolo di un antifascismo che nelle Dolomiti ha assunto un carattere nazionale e politico. Il soprannome era <strong><em>Garbin<\/em>,<\/strong> il vento di libeccio in dialetto veneziano. Gallo guid\u00f2 la Brigata Calvi e combatt\u00e9 contro le forze tedesche, venendo ucciso il 20 settembre 1944 in uno scontro a fuoco a Lozzo di Cadore.<\/p>\n<p><strong>Il 1\u00b0 gennaio 1946 Belluno torn\u00f2 italiana.<\/strong><br \/>\nNon fu un atto burocratico: fu la restituzione di un\u2019identit\u00e0 negata per quasi due anni.<\/p>\n<p><strong>La lezione del NO e la responsabilit\u00e0 della democrazia<\/strong><\/p>\n<p>Le parole del Presidente della Repubblica trovano un\u2019eco diretta nel voto di un mese fa.<br \/>\nIl <strong>popolo del NO<\/strong> non ha chiesto di fermare le riforme: ha chiesto di <strong>cambiare metodo<\/strong>, dopo 44 anni di tentativi falliti, bicamerali e leggi di revisione costituzionale di matrice governativa .<br \/>\nHa chiesto che la Costituzione -nata dal rifiuto di ogni totalitarismo e dalla difesa della dignit\u00e0 umana- \u00a0non venga riscritta senza il coinvolgimento del popolo sovrano.<\/p>\n<p>Il NO \u00e8 stato un richiamo alla responsabilit\u00e0 democratica: non si pu\u00f2 modificare l\u2019architettura della Repubblica senza ascoltare chi quella Repubblica l\u2019ha costruita e difesa per ottant\u2019anni.<\/p>\n<p>\u00c8 un messaggio che riguarda tutti, non solo la maggioranza: <strong>la democrazia liberale \u00e8 fragile quando si dimentica da dove viene, in particolare da chi non ne ha scritto una riga.<\/strong><\/p>\n<p><strong>Piet\u00e0 per tutti, memoria per ci\u00f2 che \u00e8 giusto<\/strong><\/p>\n<p>In questo quadro sorprendono -e meritano una riflessione- le parole del Presidente del Senato:<\/p>\n<ul>\n<li>\u00abIl 25 aprile dovrebbe essere la festa di tutti, anche di chi stava dall\u2019altra parte.\u00bb<\/li>\n<li>\u00abBisogna ricordare tutti i caduti, senza distinzione.\u00bb<\/li>\n<\/ul>\n<p><strong>La piet\u00e0 per i morti \u00e8 un dovere umano e solidale<\/strong><em>. Ma la storia non \u00e8 simmetrica. Una cosa \u00e8 il dolore per tutte le vite spezzate; un\u2019altra \u00e8 il giudizio storico su chi ha combattuto per la libert\u00e0 e chi per una dittatura.<\/em><\/p>\n<p>La Repubblica italiana nasce dalla scelta di campo compiuta tra il 1943 e il 1945: da una parte la lotta per la democrazia, dall\u2019altra la difesa di un regime che aveva abolito le libert\u00e0, perseguitato gli oppositori, promulgato le leggi razziali e collaborato partecipe della R.S.I. Repubblica Sociale Italiana con l\u2019occupante nazista.<\/p>\n<p>La Costituzione- come ha ricordato Mattarella &#8211; \u00e8 <strong>\u201cscolpita\u201d<\/strong> nei valori della Resistenza.<br \/>\nE il 25 aprile non pu\u00f2 essere riscritto come un generico <em>\u201cricordo di tutti\u201d:<\/em> <strong>\u00e8 la Festa della Liberazione dal nazifascismo, non la celebrazione di una neutralit\u00e0 impossibile.<\/strong><\/p>\n<p><strong>25 aprile 2026\u00a0 \u00a0 \u00a0 Enzo De Biasi\u00a0 \u00a0 \u00a0 \u00a0 \u00a0 \u00a0 \u00a0 \u00a0 \u00a0 \u00a0 \u00a0 \u00a0 \u00a0 \u00a0 \u00a0 \u00a0 \u00a0 \u00a0 \u00a0 \u00a0 \u00a0 \u00a0 \u00a0 \u00a0 \u00a0 \u00a0 \u00a0 \u00a0 \u00a0 \u00a0 \u00a0 \u00a0 \u00a0 \u00a0 \u00a0 \u00a0 \u00a0 \u00a0 \u00a0 \u00a0 \u00a0 \u00a0 \u00a0 \u00a0 \u00a0 \u00a0 \u00a0 \u00a0 \u00a0 \u00a0 \u00a0 \u00a0 \u00a0 \u00a0 \u00a0 \u00a0 \u00a0 \u00a0 \u00a0 \u00a0 \u00a0<\/strong><\/p>\n<p><em>\u00a0<\/em><\/p>\n<p><strong>Fonti: <\/strong><\/p>\n<p><a href=\"https:\/\/www.quirinale.it\/it\/notizie\/mattarella-incontra-rappresentanza-associazioni-combattentistiche-d-arma\">Mattarella alle Associazioni Combattentistiche e d\u2019Arma<\/a><\/p>\n<p><a href=\"https:\/\/www.ilriformista.it\/litalia-non-puo-essere-rappresentata-dal-francobollo-di-foschi-cosa-dovrebbe-fare-urso-per-evitare-un-altro-caso-gronchi-rosa-425528\/\">Italo Foschi perch\u00e9 un francobollo<\/a> \u00a0\u00a0<strong><a href=\"https:\/\/filatelia.poste.it\/1000002402-fr-tem-sport-italo-foschi-140-070624-b.html\">Italo Foschi<\/a> il francobollo ad\u00a0 1,30 \u20ac <\/strong><\/p>\n<p><strong><a href=\"https:\/\/www.bellunopress.it\/fr\/2025\/07\/18\/belluno-19-luglio-1943-il-giorno-in-cui-la-grande-storia-si-fermo-a-villa-gaggia-hitler-e-mussolini-dovevano-morire-il-progetto-dellattentato-e-la-storia-damore\/\">Hitler e Mussolini 1943 a Belluno<\/a> <\/strong><\/p>\n<p><strong><a href=\"https:\/\/www.bellunopress.it\/fr\/2025\/09\/17\/presentazione-del-libro-vento-di-garbin-di-marco-zanetti-a-pieve-di-cadore-la-storia-del-partigiano-sandro-gallo\/\">Il Vento di Garbin il Partigiano Franco Gallo<\/a> <\/strong><\/p>\n<p><a href=\"https:\/\/www.bellunopress.it\/fr\/2026\/04\/10\/dalla-questione-morale-di-e-berlinguer-al-sogno-europeo-di-a-de-gasperi-perche-il-no-di-marzo-invoca-una-costituente-di-enzo-de-biasi\/\">Da E. Berlinguer a A. De Gasperi perch\u00e9 un\u2019Assemblea Costituente<\/a><\/p>\n<p>&nbsp;<\/p>\n<p><strong>\u00a0<\/strong><\/p>\n<p><strong>\u00a0<\/strong><\/p>\n<p><strong>\u00a0<\/strong><\/p>\n<p><strong>\u00a0<\/strong><\/p>\n<p><strong>\u00a0<\/strong><\/p>","protected":false},"excerpt":{"rendered":"<p>I valori innervati nella Costituzione Repubblicana, Antifascista e Pluralista L\u201981\u00b0 Anniversario della Liberazione arriva in un tempo in cui ci\u00f2 che sta accadendo in Italia e nel mondo pesa in modo rilevante sulla vita democratica del Paese. In questo contesto, il Presidente della Repubblica, nel discorso di ieri, ha ricordato la Resistenza come la leva [&hellip;]<\/p>\n","protected":false},"author":2,"featured_media":132034,"comment_status":"closed","ping_status":"open","sticky":false,"template":"","format":"standard","meta":{"footnotes":""},"categories":[3,26],"tags":[],"class_list":["post-169493","post","type-post","status-publish","format-standard","has-post-thumbnail","category-arte-cultura-spettacoli-scienza-archivi","category-prima-pagina"],"yoast_head":"<!-- This site is optimized with the Yoast SEO plugin v28.4 - https:\/\/yoast.com\/product\/yoast-seo-wordpress\/ -->\n<title>Il 25 aprile non \u00e8 un anniversario da calendario, ma un punto di verit\u00e0 * di Enzo De Biasi - Bellunopress - Dolomiti<\/title>\n<meta name=\"robots\" content=\"index, follow, max-snippet:-1, max-image-preview:large, max-video-preview:-1\" \/>\n<link rel=\"canonical\" href=\"https:\/\/www.bellunopress.it\/fr\/2026\/04\/25\/il-25-aprile-non-e-un-anniversario-da-calendario-ma-un-punto-di-verita-di-enzo-de-biasi\/\" \/>\n<meta property=\"og:locale\" content=\"fr_FR\" \/>\n<meta property=\"og:type\" content=\"article\" \/>\n<meta property=\"og:title\" content=\"Il 25 aprile non \u00e8 un anniversario da calendario, ma un punto di verit\u00e0 * di Enzo De Biasi - Bellunopress - Dolomiti\" \/>\n<meta property=\"og:description\" content=\"I valori innervati nella Costituzione Repubblicana, Antifascista e Pluralista L\u201981\u00b0 Anniversario della Liberazione arriva in un tempo in cui ci\u00f2 che sta accadendo in Italia e nel mondo pesa in modo rilevante sulla vita democratica del Paese. In questo contesto, il Presidente della Repubblica, nel discorso di ieri, ha ricordato la Resistenza come la leva [&hellip;]\" \/>\n<meta property=\"og:url\" content=\"https:\/\/www.bellunopress.it\/fr\/2026\/04\/25\/il-25-aprile-non-e-un-anniversario-da-calendario-ma-un-punto-di-verita-di-enzo-de-biasi\/\" \/>\n<meta property=\"og:site_name\" content=\"Bellunopress - Dolomiti\" \/>\n<meta property=\"article:publisher\" content=\"https:\/\/www.facebook.com\/profile.php?id=100008943462799\" \/>\n<meta property=\"article:published_time\" content=\"2026-04-25T17:49:14+00:00\" \/>\n<meta property=\"article:modified_time\" content=\"2026-04-27T08:55:07+00:00\" \/>\n<meta property=\"og:image\" content=\"https:\/\/www.bellunopress.it\/wp-content\/uploads\/2022\/03\/partigiani-impiccati-piazza-martiri_edited.jpg\" \/>\n\t<meta property=\"og:image:width\" content=\"1000\" \/>\n\t<meta property=\"og:image:height\" content=\"659\" \/>\n\t<meta property=\"og:image:type\" content=\"image\/jpeg\" \/>\n<meta name=\"author\" content=\"redazione\" \/>\n<meta name=\"twitter:card\" content=\"summary_large_image\" \/>\n<meta name=\"twitter:creator\" content=\"@bellunopress\" \/>\n<meta name=\"twitter:site\" content=\"@bellunopress\" \/>\n<meta name=\"twitter:label1\" content=\"\u00c9crit par\" \/>\n\t<meta name=\"twitter:data1\" content=\"redazione\" \/>\n\t<meta name=\"twitter:label2\" content=\"Dur\u00e9e de lecture estim\u00e9e\" \/>\n\t<meta name=\"twitter:data2\" content=\"6 minutes\" \/>\n<script type=\"application\/ld+json\" class=\"yoast-schema-graph\">{\"@context\":\"https:\\\/\\\/schema.org\",\"@graph\":[{\"@type\":\"Article\",\"@id\":\"https:\\\/\\\/www.bellunopress.it\\\/2026\\\/04\\\/25\\\/il-25-aprile-non-e-un-anniversario-da-calendario-ma-un-punto-di-verita-di-enzo-de-biasi\\\/#article\",\"isPartOf\":{\"@id\":\"https:\\\/\\\/www.bellunopress.it\\\/2026\\\/04\\\/25\\\/il-25-aprile-non-e-un-anniversario-da-calendario-ma-un-punto-di-verita-di-enzo-de-biasi\\\/\"},\"author\":{\"name\":\"redazione\",\"@id\":\"https:\\\/\\\/www.bellunopress.it\\\/#\\\/schema\\\/person\\\/79bb06722b37ece1c03d3e94beb30d73\"},\"headline\":\"Il 25 aprile non \u00e8 un anniversario da calendario, ma un punto di verit\u00e0 * di Enzo De Biasi\",\"datePublished\":\"2026-04-25T17:49:14+00:00\",\"dateModified\":\"2026-04-27T08:55:07+00:00\",\"mainEntityOfPage\":{\"@id\":\"https:\\\/\\\/www.bellunopress.it\\\/2026\\\/04\\\/25\\\/il-25-aprile-non-e-un-anniversario-da-calendario-ma-un-punto-di-verita-di-enzo-de-biasi\\\/\"},\"wordCount\":1165,\"publisher\":{\"@id\":\"https:\\\/\\\/www.bellunopress.it\\\/#organization\"},\"image\":{\"@id\":\"https:\\\/\\\/www.bellunopress.it\\\/2026\\\/04\\\/25\\\/il-25-aprile-non-e-un-anniversario-da-calendario-ma-un-punto-di-verita-di-enzo-de-biasi\\\/#primaryimage\"},\"thumbnailUrl\":\"https:\\\/\\\/www.bellunopress.it\\\/wp-content\\\/uploads\\\/2022\\\/03\\\/partigiani-impiccati-piazza-martiri_edited.jpg\",\"articleSection\":[\"Arte, Cultura, Spettacoli, Scienza\",\"Prima Pagina\"],\"inLanguage\":\"fr-FR\"},{\"@type\":\"WebPage\",\"@id\":\"https:\\\/\\\/www.bellunopress.it\\\/2026\\\/04\\\/25\\\/il-25-aprile-non-e-un-anniversario-da-calendario-ma-un-punto-di-verita-di-enzo-de-biasi\\\/\",\"url\":\"https:\\\/\\\/www.bellunopress.it\\\/2026\\\/04\\\/25\\\/il-25-aprile-non-e-un-anniversario-da-calendario-ma-un-punto-di-verita-di-enzo-de-biasi\\\/\",\"name\":\"Il 25 aprile non \u00e8 un anniversario da calendario, ma un punto di verit\u00e0 * di Enzo De Biasi - Bellunopress - Dolomiti\",\"isPartOf\":{\"@id\":\"https:\\\/\\\/www.bellunopress.it\\\/#website\"},\"primaryImageOfPage\":{\"@id\":\"https:\\\/\\\/www.bellunopress.it\\\/2026\\\/04\\\/25\\\/il-25-aprile-non-e-un-anniversario-da-calendario-ma-un-punto-di-verita-di-enzo-de-biasi\\\/#primaryimage\"},\"image\":{\"@id\":\"https:\\\/\\\/www.bellunopress.it\\\/2026\\\/04\\\/25\\\/il-25-aprile-non-e-un-anniversario-da-calendario-ma-un-punto-di-verita-di-enzo-de-biasi\\\/#primaryimage\"},\"thumbnailUrl\":\"https:\\\/\\\/www.bellunopress.it\\\/wp-content\\\/uploads\\\/2022\\\/03\\\/partigiani-impiccati-piazza-martiri_edited.jpg\",\"datePublished\":\"2026-04-25T17:49:14+00:00\",\"dateModified\":\"2026-04-27T08:55:07+00:00\",\"breadcrumb\":{\"@id\":\"https:\\\/\\\/www.bellunopress.it\\\/2026\\\/04\\\/25\\\/il-25-aprile-non-e-un-anniversario-da-calendario-ma-un-punto-di-verita-di-enzo-de-biasi\\\/#breadcrumb\"},\"inLanguage\":\"fr-FR\",\"potentialAction\":[{\"@type\":\"ReadAction\",\"target\":[\"https:\\\/\\\/www.bellunopress.it\\\/2026\\\/04\\\/25\\\/il-25-aprile-non-e-un-anniversario-da-calendario-ma-un-punto-di-verita-di-enzo-de-biasi\\\/\"]}]},{\"@type\":\"ImageObject\",\"inLanguage\":\"fr-FR\",\"@id\":\"https:\\\/\\\/www.bellunopress.it\\\/2026\\\/04\\\/25\\\/il-25-aprile-non-e-un-anniversario-da-calendario-ma-un-punto-di-verita-di-enzo-de-biasi\\\/#primaryimage\",\"url\":\"https:\\\/\\\/www.bellunopress.it\\\/wp-content\\\/uploads\\\/2022\\\/03\\\/partigiani-impiccati-piazza-martiri_edited.jpg\",\"contentUrl\":\"https:\\\/\\\/www.bellunopress.it\\\/wp-content\\\/uploads\\\/2022\\\/03\\\/partigiani-impiccati-piazza-martiri_edited.jpg\",\"width\":1000,\"height\":659,\"caption\":\"Piazza Campitello, oggi piazza dei Martiri,. Il 17 marzo 1945 vennero impiccati ai lampioni 4 partigiani per rappresaglia\"},{\"@type\":\"BreadcrumbList\",\"@id\":\"https:\\\/\\\/www.bellunopress.it\\\/2026\\\/04\\\/25\\\/il-25-aprile-non-e-un-anniversario-da-calendario-ma-un-punto-di-verita-di-enzo-de-biasi\\\/#breadcrumb\",\"itemListElement\":[{\"@type\":\"ListItem\",\"position\":1,\"name\":\"Home\",\"item\":\"https:\\\/\\\/www.bellunopress.it\\\/\"},{\"@type\":\"ListItem\",\"position\":2,\"name\":\"Il 25 aprile non \u00e8 un anniversario da calendario, ma un punto di verit\u00e0 * di Enzo De Biasi\"}]},{\"@type\":\"WebSite\",\"@id\":\"https:\\\/\\\/www.bellunopress.it\\\/#website\",\"url\":\"https:\\\/\\\/www.bellunopress.it\\\/\",\"name\":\"Bellunopress - Dolomiti\",\"description\":\"e-mail: redazione@bellunopress.it\",\"publisher\":{\"@id\":\"https:\\\/\\\/www.bellunopress.it\\\/#organization\"},\"potentialAction\":[{\"@type\":\"SearchAction\",\"target\":{\"@type\":\"EntryPoint\",\"urlTemplate\":\"https:\\\/\\\/www.bellunopress.it\\\/?s={search_term_string}\"},\"query-input\":{\"@type\":\"PropertyValueSpecification\",\"valueRequired\":true,\"valueName\":\"search_term_string\"}}],\"inLanguage\":\"fr-FR\"},{\"@type\":\"Organization\",\"@id\":\"https:\\\/\\\/www.bellunopress.it\\\/#organization\",\"name\":\"Bellunopress\",\"url\":\"https:\\\/\\\/www.bellunopress.it\\\/\",\"logo\":{\"@type\":\"ImageObject\",\"inLanguage\":\"fr-FR\",\"@id\":\"https:\\\/\\\/www.bellunopress.it\\\/#\\\/schema\\\/logo\\\/image\\\/\",\"url\":\"https:\\\/\\\/www.bellunopress.it\\\/wp-content\\\/uploads\\\/2011\\\/05\\\/cropped-logo-bellunopress-.jpg\",\"contentUrl\":\"https:\\\/\\\/www.bellunopress.it\\\/wp-content\\\/uploads\\\/2011\\\/05\\\/cropped-logo-bellunopress-.jpg\",\"width\":512,\"height\":512,\"caption\":\"Bellunopress\"},\"image\":{\"@id\":\"https:\\\/\\\/www.bellunopress.it\\\/#\\\/schema\\\/logo\\\/image\\\/\"},\"sameAs\":[\"https:\\\/\\\/www.facebook.com\\\/profile.php?id=100008943462799\",\"https:\\\/\\\/x.com\\\/bellunopress\",\"https:\\\/\\\/www.linkedin.com\\\/hp\\\/?dnr=JBzUWaJfMUw8vbXJJ2tVW5-I3jZKvC4wsoxE&amp;amp;amp;amp;amp;amp;trk=nav_responsive_tab_home\",\"https:\\\/\\\/www.youtube.com\\\/channel\\\/UCxL0wu1uN0_3_7hGG0306cw\"]},{\"@type\":\"Person\",\"@id\":\"https:\\\/\\\/www.bellunopress.it\\\/#\\\/schema\\\/person\\\/79bb06722b37ece1c03d3e94beb30d73\",\"name\":\"redazione\",\"image\":{\"@type\":\"ImageObject\",\"inLanguage\":\"fr-FR\",\"@id\":\"https:\\\/\\\/secure.gravatar.com\\\/avatar\\\/37d968a2e67a6fd04c169c4bdef102d0bc5d31b2546345219e348575eb80e9a0?s=96&d=mm&r=g\",\"url\":\"https:\\\/\\\/secure.gravatar.com\\\/avatar\\\/37d968a2e67a6fd04c169c4bdef102d0bc5d31b2546345219e348575eb80e9a0?s=96&d=mm&r=g\",\"contentUrl\":\"https:\\\/\\\/secure.gravatar.com\\\/avatar\\\/37d968a2e67a6fd04c169c4bdef102d0bc5d31b2546345219e348575eb80e9a0?s=96&d=mm&r=g\",\"caption\":\"redazione\"},\"sameAs\":[\"http:\\\/\\\/www.bellunopress.it\",\"https:\\\/\\\/x.com\\\/bellunopress\"],\"url\":\"https:\\\/\\\/www.bellunopress.it\\\/fr\\\/author\\\/redazione\\\/\"}]}<\/script>\n<!-- \/ Yoast SEO plugin. -->","yoast_head_json":{"title":"Il 25 aprile non \u00e8 un anniversario da calendario, ma un punto di verit\u00e0 * di Enzo De Biasi - Bellunopress - Dolomiti","robots":{"index":"index","follow":"follow","max-snippet":"max-snippet:-1","max-image-preview":"max-image-preview:large","max-video-preview":"max-video-preview:-1"},"canonical":"https:\/\/www.bellunopress.it\/fr\/2026\/04\/25\/il-25-aprile-non-e-un-anniversario-da-calendario-ma-un-punto-di-verita-di-enzo-de-biasi\/","og_locale":"fr_FR","og_type":"article","og_title":"Il 25 aprile non \u00e8 un anniversario da calendario, ma un punto di verit\u00e0 * di Enzo De Biasi - Bellunopress - Dolomiti","og_description":"I valori innervati nella Costituzione Repubblicana, Antifascista e Pluralista L\u201981\u00b0 Anniversario della Liberazione arriva in un tempo in cui ci\u00f2 che sta accadendo in Italia e nel mondo pesa in modo rilevante sulla vita democratica del Paese. In questo contesto, il Presidente della Repubblica, nel discorso di ieri, ha ricordato la Resistenza come la leva [&hellip;]","og_url":"https:\/\/www.bellunopress.it\/fr\/2026\/04\/25\/il-25-aprile-non-e-un-anniversario-da-calendario-ma-un-punto-di-verita-di-enzo-de-biasi\/","og_site_name":"Bellunopress - Dolomiti","article_publisher":"https:\/\/www.facebook.com\/profile.php?id=100008943462799","article_published_time":"2026-04-25T17:49:14+00:00","article_modified_time":"2026-04-27T08:55:07+00:00","og_image":[{"width":1000,"height":659,"url":"https:\/\/www.bellunopress.it\/wp-content\/uploads\/2022\/03\/partigiani-impiccati-piazza-martiri_edited.jpg","type":"image\/jpeg"}],"author":"redazione","twitter_card":"summary_large_image","twitter_creator":"@bellunopress","twitter_site":"@bellunopress","twitter_misc":{"\u00c9crit par":"redazione","Dur\u00e9e de lecture estim\u00e9e":"6 minutes"},"schema":{"@context":"https:\/\/schema.org","@graph":[{"@type":"Article","@id":"https:\/\/www.bellunopress.it\/2026\/04\/25\/il-25-aprile-non-e-un-anniversario-da-calendario-ma-un-punto-di-verita-di-enzo-de-biasi\/#article","isPartOf":{"@id":"https:\/\/www.bellunopress.it\/2026\/04\/25\/il-25-aprile-non-e-un-anniversario-da-calendario-ma-un-punto-di-verita-di-enzo-de-biasi\/"},"author":{"name":"redazione","@id":"https:\/\/www.bellunopress.it\/#\/schema\/person\/79bb06722b37ece1c03d3e94beb30d73"},"headline":"Il 25 aprile non \u00e8 un anniversario da calendario, ma un punto di verit\u00e0 * di Enzo De Biasi","datePublished":"2026-04-25T17:49:14+00:00","dateModified":"2026-04-27T08:55:07+00:00","mainEntityOfPage":{"@id":"https:\/\/www.bellunopress.it\/2026\/04\/25\/il-25-aprile-non-e-un-anniversario-da-calendario-ma-un-punto-di-verita-di-enzo-de-biasi\/"},"wordCount":1165,"publisher":{"@id":"https:\/\/www.bellunopress.it\/#organization"},"image":{"@id":"https:\/\/www.bellunopress.it\/2026\/04\/25\/il-25-aprile-non-e-un-anniversario-da-calendario-ma-un-punto-di-verita-di-enzo-de-biasi\/#primaryimage"},"thumbnailUrl":"https:\/\/www.bellunopress.it\/wp-content\/uploads\/2022\/03\/partigiani-impiccati-piazza-martiri_edited.jpg","articleSection":["Arte, Cultura, Spettacoli, Scienza","Prima Pagina"],"inLanguage":"fr-FR"},{"@type":"WebPage","@id":"https:\/\/www.bellunopress.it\/2026\/04\/25\/il-25-aprile-non-e-un-anniversario-da-calendario-ma-un-punto-di-verita-di-enzo-de-biasi\/","url":"https:\/\/www.bellunopress.it\/2026\/04\/25\/il-25-aprile-non-e-un-anniversario-da-calendario-ma-un-punto-di-verita-di-enzo-de-biasi\/","name":"Il 25 aprile non \u00e8 un anniversario da calendario, ma un punto di verit\u00e0 * di Enzo De Biasi - Bellunopress - Dolomiti","isPartOf":{"@id":"https:\/\/www.bellunopress.it\/#website"},"primaryImageOfPage":{"@id":"https:\/\/www.bellunopress.it\/2026\/04\/25\/il-25-aprile-non-e-un-anniversario-da-calendario-ma-un-punto-di-verita-di-enzo-de-biasi\/#primaryimage"},"image":{"@id":"https:\/\/www.bellunopress.it\/2026\/04\/25\/il-25-aprile-non-e-un-anniversario-da-calendario-ma-un-punto-di-verita-di-enzo-de-biasi\/#primaryimage"},"thumbnailUrl":"https:\/\/www.bellunopress.it\/wp-content\/uploads\/2022\/03\/partigiani-impiccati-piazza-martiri_edited.jpg","datePublished":"2026-04-25T17:49:14+00:00","dateModified":"2026-04-27T08:55:07+00:00","breadcrumb":{"@id":"https:\/\/www.bellunopress.it\/2026\/04\/25\/il-25-aprile-non-e-un-anniversario-da-calendario-ma-un-punto-di-verita-di-enzo-de-biasi\/#breadcrumb"},"inLanguage":"fr-FR","potentialAction":[{"@type":"ReadAction","target":["https:\/\/www.bellunopress.it\/2026\/04\/25\/il-25-aprile-non-e-un-anniversario-da-calendario-ma-un-punto-di-verita-di-enzo-de-biasi\/"]}]},{"@type":"ImageObject","inLanguage":"fr-FR","@id":"https:\/\/www.bellunopress.it\/2026\/04\/25\/il-25-aprile-non-e-un-anniversario-da-calendario-ma-un-punto-di-verita-di-enzo-de-biasi\/#primaryimage","url":"https:\/\/www.bellunopress.it\/wp-content\/uploads\/2022\/03\/partigiani-impiccati-piazza-martiri_edited.jpg","contentUrl":"https:\/\/www.bellunopress.it\/wp-content\/uploads\/2022\/03\/partigiani-impiccati-piazza-martiri_edited.jpg","width":1000,"height":659,"caption":"Piazza Campitello, oggi piazza dei Martiri,. Il 17 marzo 1945 vennero impiccati ai lampioni 4 partigiani per rappresaglia"},{"@type":"BreadcrumbList","@id":"https:\/\/www.bellunopress.it\/2026\/04\/25\/il-25-aprile-non-e-un-anniversario-da-calendario-ma-un-punto-di-verita-di-enzo-de-biasi\/#breadcrumb","itemListElement":[{"@type":"ListItem","position":1,"name":"Home","item":"https:\/\/www.bellunopress.it\/"},{"@type":"ListItem","position":2,"name":"Il 25 aprile non \u00e8 un anniversario da calendario, ma un punto di verit\u00e0 * di Enzo De Biasi"}]},{"@type":"WebSite","@id":"https:\/\/www.bellunopress.it\/#website","url":"https:\/\/www.bellunopress.it\/","name":"Bellunopress - Dolomiti","description":"e-mail: redazione@bellunopress.it","publisher":{"@id":"https:\/\/www.bellunopress.it\/#organization"},"potentialAction":[{"@type":"SearchAction","target":{"@type":"EntryPoint","urlTemplate":"https:\/\/www.bellunopress.it\/?s={search_term_string}"},"query-input":{"@type":"PropertyValueSpecification","valueRequired":true,"valueName":"search_term_string"}}],"inLanguage":"fr-FR"},{"@type":"Organization","@id":"https:\/\/www.bellunopress.it\/#organization","name":"Bellunopress","url":"https:\/\/www.bellunopress.it\/","logo":{"@type":"ImageObject","inLanguage":"fr-FR","@id":"https:\/\/www.bellunopress.it\/#\/schema\/logo\/image\/","url":"https:\/\/www.bellunopress.it\/wp-content\/uploads\/2011\/05\/cropped-logo-bellunopress-.jpg","contentUrl":"https:\/\/www.bellunopress.it\/wp-content\/uploads\/2011\/05\/cropped-logo-bellunopress-.jpg","width":512,"height":512,"caption":"Bellunopress"},"image":{"@id":"https:\/\/www.bellunopress.it\/#\/schema\/logo\/image\/"},"sameAs":["https:\/\/www.facebook.com\/profile.php?id=100008943462799","https:\/\/x.com\/bellunopress","https:\/\/www.linkedin.com\/hp\/?dnr=JBzUWaJfMUw8vbXJJ2tVW5-I3jZKvC4wsoxE&amp;amp;amp;amp;amp;amp;trk=nav_responsive_tab_home","https:\/\/www.youtube.com\/channel\/UCxL0wu1uN0_3_7hGG0306cw"]},{"@type":"Person","@id":"https:\/\/www.bellunopress.it\/#\/schema\/person\/79bb06722b37ece1c03d3e94beb30d73","name":"r\u00e9daction","image":{"@type":"ImageObject","inLanguage":"fr-FR","@id":"https:\/\/secure.gravatar.com\/avatar\/37d968a2e67a6fd04c169c4bdef102d0bc5d31b2546345219e348575eb80e9a0?s=96&d=mm&r=g","url":"https:\/\/secure.gravatar.com\/avatar\/37d968a2e67a6fd04c169c4bdef102d0bc5d31b2546345219e348575eb80e9a0?s=96&d=mm&r=g","contentUrl":"https:\/\/secure.gravatar.com\/avatar\/37d968a2e67a6fd04c169c4bdef102d0bc5d31b2546345219e348575eb80e9a0?s=96&d=mm&r=g","caption":"redazione"},"sameAs":["http:\/\/www.bellunopress.it","https:\/\/x.com\/bellunopress"],"url":"https:\/\/www.bellunopress.it\/fr\/author\/redazione\/"}]}},"_links":{"self":[{"href":"https:\/\/www.bellunopress.it\/fr\/wp-json\/wp\/v2\/posts\/169493","targetHints":{"allow":["GET"]}}],"collection":[{"href":"https:\/\/www.bellunopress.it\/fr\/wp-json\/wp\/v2\/posts"}],"about":[{"href":"https:\/\/www.bellunopress.it\/fr\/wp-json\/wp\/v2\/types\/post"}],"author":[{"embeddable":true,"href":"https:\/\/www.bellunopress.it\/fr\/wp-json\/wp\/v2\/users\/2"}],"replies":[{"embeddable":true,"href":"https:\/\/www.bellunopress.it\/fr\/wp-json\/wp\/v2\/comments?post=169493"}],"version-history":[{"count":5,"href":"https:\/\/www.bellunopress.it\/fr\/wp-json\/wp\/v2\/posts\/169493\/revisions"}],"predecessor-version":[{"id":169525,"href":"https:\/\/www.bellunopress.it\/fr\/wp-json\/wp\/v2\/posts\/169493\/revisions\/169525"}],"wp:featuredmedia":[{"embeddable":true,"href":"https:\/\/www.bellunopress.it\/fr\/wp-json\/wp\/v2\/media\/132034"}],"wp:attachment":[{"href":"https:\/\/www.bellunopress.it\/fr\/wp-json\/wp\/v2\/media?parent=169493"}],"wp:term":[{"taxonomy":"category","embeddable":true,"href":"https:\/\/www.bellunopress.it\/fr\/wp-json\/wp\/v2\/categories?post=169493"},{"taxonomy":"post_tag","embeddable":true,"href":"https:\/\/www.bellunopress.it\/fr\/wp-json\/wp\/v2\/tags?post=169493"}],"curies":[{"name":"wp","href":"https:\/\/api.w.org\/{rel}","templated":true}]}}