{"id":169490,"date":"2026-04-25T16:13:30","date_gmt":"2026-04-25T14:13:30","guid":{"rendered":"https:\/\/www.bellunopress.it\/?p=169490"},"modified":"2026-04-25T16:13:30","modified_gmt":"2026-04-25T14:13:30","slug":"25-aprile-belluno-e-feltre-unite-nel-segno-della-liberta-e-della-lotta-allindifferenza","status":"publish","type":"post","link":"https:\/\/www.bellunopress.it\/fr\/2026\/04\/25\/25-aprile-belluno-e-feltre-unite-nel-segno-della-liberta-e-della-lotta-allindifferenza\/","title":{"rendered":"25 aprile: Belluno e Feltre unite nel segno della libert\u00e0 e della lotta all&#8217;indifferenza"},"content":{"rendered":"<p data-path-to-node=\"3\">In occasione dell&#8217;81\u00b0 anniversario della Liberazione, i sindaci di Belluno e Feltre, Oscar De Pellegrin e Viviana Fusaro, hanno rivolto alle proprie comunit\u00e0 messaggi profondi, accomunati da un unico filo conduttore: la democrazia non \u00e8 una conquista statica, ma un impegno quotidiano da difendere contro l&#8217;apatia e le tensioni globali.<\/p>\n<figure id=\"attachment_151884\" aria-describedby=\"caption-attachment-151884\" style=\"width: 979px\" class=\"wp-caption aligncenter\"><img loading=\"lazy\" decoding=\"async\" class=\"size-full wp-image-151884\" src=\"https:\/\/www.bellunopress.it\/wp-content\/uploads\/2024\/06\/Oscar-De-Pellegrin-sindaco_edited.jpg\" alt=\"\" width=\"979\" height=\"1000\" srcset=\"https:\/\/www.bellunopress.it\/wp-content\/uploads\/2024\/06\/Oscar-De-Pellegrin-sindaco_edited.jpg 979w, https:\/\/www.bellunopress.it\/wp-content\/uploads\/2024\/06\/Oscar-De-Pellegrin-sindaco_edited-490x500.jpg 490w, https:\/\/www.bellunopress.it\/wp-content\/uploads\/2024\/06\/Oscar-De-Pellegrin-sindaco_edited-411x420.jpg 411w, https:\/\/www.bellunopress.it\/wp-content\/uploads\/2024\/06\/Oscar-De-Pellegrin-sindaco_edited-696x711.jpg 696w\" sizes=\"auto, (max-width: 979px) 100vw, 979px\" \/><figcaption id=\"caption-attachment-151884\" class=\"wp-caption-text\">Oscar De Pellegrin, sindaco di Belluno<\/figcaption><\/figure>\n<h2 data-path-to-node=\"4\">La forza delle idee contro l&#8217;indifferenza: il messaggio ai bellunesi di Oscar De Pellegrin<\/h2>\n<p data-path-to-node=\"5\">Il sindaco di Belluno, Oscar De Pellegrin, ha aperto il suo intervento definendo il 25 aprile come una &#8220;festa di tutti&#8221;, fondata sui valori antifascisti che hanno dato vita alla Costituzione. Il cuore del suo discorso \u00e8 stato un monito contro quello che definisce &#8220;un male sottile&#8221;: l&#8217;indifferenza.<\/p>\n<p data-path-to-node=\"6\">Secondo De Pellegrin, il pericolo attuale non \u00e8 sempre evidente, ma si nasconde nella passivit\u00e0 che allontana i cittadini dalla partecipazione.<\/p>\n<blockquote data-path-to-node=\"7\">\n<h6 style=\"text-align: left;\" data-path-to-node=\"7,0\"><i data-path-to-node=\"7,0\" data-index-in-node=\"0\">&#8220;L\u2019indifferenza non fa rumore, ma lentamente svuota la vita civile&#8221;<\/i>, ha ammonito il sindaco, sottolineando che la libert\u00e0 richiede vigilanza costante.<\/h6>\n<\/blockquote>\n<p data-path-to-node=\"8\">In un contesto internazionale segnato da conflitti, De Pellegrin ha invocato la &#8220;forza delle idee&#8221; contrapposta all&#8217;idea della forza, richiamando la politica al dovere del dialogo e della mediazione. La democrazia, pur con i suoi limiti, resta per il primo cittadino l&#8217;unico spazio possibile per il miglioramento e la dignit\u00e0 umana.<\/p>\n<figure id=\"attachment_156504\" aria-describedby=\"caption-attachment-156504\" style=\"width: 1000px\" class=\"wp-caption aligncenter\"><img loading=\"lazy\" decoding=\"async\" class=\"size-full wp-image-156504\" src=\"https:\/\/www.bellunopress.it\/wp-content\/uploads\/2024\/12\/Viviana-Fusaro-sindco-di-Feltre-in-Piazza-Maggiore_edited.jpg\" alt=\"\" width=\"1000\" height=\"750\" srcset=\"https:\/\/www.bellunopress.it\/wp-content\/uploads\/2024\/12\/Viviana-Fusaro-sindco-di-Feltre-in-Piazza-Maggiore_edited.jpg 1000w, https:\/\/www.bellunopress.it\/wp-content\/uploads\/2024\/12\/Viviana-Fusaro-sindco-di-Feltre-in-Piazza-Maggiore_edited-500x375.jpg 500w, https:\/\/www.bellunopress.it\/wp-content\/uploads\/2024\/12\/Viviana-Fusaro-sindco-di-Feltre-in-Piazza-Maggiore_edited-560x420.jpg 560w, https:\/\/www.bellunopress.it\/wp-content\/uploads\/2024\/12\/Viviana-Fusaro-sindco-di-Feltre-in-Piazza-Maggiore_edited-80x60.jpg 80w, https:\/\/www.bellunopress.it\/wp-content\/uploads\/2024\/12\/Viviana-Fusaro-sindco-di-Feltre-in-Piazza-Maggiore_edited-696x522.jpg 696w\" sizes=\"auto, (max-width: 1000px) 100vw, 1000px\" \/><figcaption id=\"caption-attachment-156504\" class=\"wp-caption-text\">Viviana Fusaro, sindaco di Feltre &#8211; Piazza Maggiore, Feltre<\/figcaption><\/figure>\n<h2 data-path-to-node=\"9\">Memoria come responsabilit\u00e0: l\u2019appello ai feltrini di Viviana Fusaro<\/h2>\n<p data-path-to-node=\"10\">A Feltre, la sindaca Viviana Fusaro ha posto l&#8217;accento sulla necessit\u00e0 di proteggere i valori costituzionali in un momento storico in cui la guerra \u00e8 tornata a insanguinare l&#8217;Europa e il Medio Oriente. Per Fusaro, la libert\u00e0 \u00e8 l&#8217;unico vero &#8220;antidoto a qualsiasi rischio autoritario&#8221;.<\/p>\n<p data-path-to-node=\"11\">Un passaggio chiave del suo discorso ha riguardato il ruolo della politica, che deve rifuggire dalle contrapposizioni di parte per farsi &#8220;passione e rispetto&#8221;.<\/p>\n<blockquote data-path-to-node=\"12\">\n<h6 style=\"text-align: left;\" data-path-to-node=\"12,0\"><i data-path-to-node=\"12,0\" data-index-in-node=\"0\">&#8220;La memoria non \u00e8 nostalgia, ma responsabilit\u00e0&#8221;<\/i>, ha dichiarato la sindaca, richiamando le istituzioni al compito di ricostruire la fiducia nello Stato e di essere d&#8217;esempio per i giovani, contrastando linguaggi offensivi e discriminazioni.<\/h6>\n<\/blockquote>\n<p data-path-to-node=\"13\">Fusaro ha concluso ricordando con orgoglio la Medaglia d&#8217;Argento al Valor Militare conferita a Feltre nel 1952, simbolo del sacrificio della comunit\u00e0 locale durante la Resistenza e monito per le sfide future.<\/p>\n<h2 data-path-to-node=\"14\">Un fronte comune per il futuro<\/h2>\n<p data-path-to-node=\"15\">Sebbene con sfumature diverse, entrambi i primi cittadini hanno concordato su un punto fondamentale: la Liberazione non \u00e8 solo un capitolo dei libri di storia. \u00c8 una scelta da rinnovare ogni giorno attraverso il rispetto della dignit\u00e0 umana e la partecipazione attiva.<\/p>\n<p data-path-to-node=\"16\">Dalle piazze di Belluno e Feltre emerge un messaggio univoco: onorare il 25 aprile significa tradurre la memoria in gesti concreti, rifiutando l&#8217;apatia e lavorando per una comunit\u00e0 che metta la pace e il bene comune al centro del proprio agire.<\/p>","protected":false},"excerpt":{"rendered":"<p>In occasione dell&#8217;81\u00b0 anniversario della Liberazione, i sindaci di Belluno e Feltre, Oscar De Pellegrin e Viviana Fusaro, hanno rivolto alle proprie comunit\u00e0 messaggi profondi, accomunati da un unico filo conduttore: la democrazia non \u00e8 una conquista statica, ma un impegno quotidiano da difendere contro l&#8217;apatia e le tensioni globali. La forza delle idee contro [&hellip;]<\/p>\n","protected":false},"author":2,"featured_media":127780,"comment_status":"closed","ping_status":"open","sticky":false,"template":"","format":"standard","meta":{"footnotes":""},"categories":[5,26,8],"tags":[],"class_list":["post-169490","post","type-post","status-publish","format-standard","has-post-thumbnail","category-cronaca","category-prima-pagina","category-societa-istituzioni"],"yoast_head":"<!-- This site is optimized with the Yoast SEO plugin v28.4 - https:\/\/yoast.com\/product\/yoast-seo-wordpress\/ -->\n<title>25 aprile: Belluno e Feltre unite nel segno della libert\u00e0 e della lotta all&#039;indifferenza - Bellunopress - Dolomiti<\/title>\n<meta name=\"robots\" content=\"index, follow, max-snippet:-1, max-image-preview:large, max-video-preview:-1\" \/>\n<link rel=\"canonical\" href=\"https:\/\/www.bellunopress.it\/fr\/2026\/04\/25\/25-aprile-belluno-e-feltre-unite-nel-segno-della-liberta-e-della-lotta-allindifferenza\/\" \/>\n<meta property=\"og:locale\" content=\"fr_FR\" \/>\n<meta property=\"og:type\" content=\"article\" \/>\n<meta property=\"og:title\" content=\"25 aprile: Belluno e Feltre unite nel segno della libert\u00e0 e della lotta all&#039;indifferenza - Bellunopress - Dolomiti\" \/>\n<meta property=\"og:description\" content=\"In occasione dell&#8217;81\u00b0 anniversario della Liberazione, i sindaci di Belluno e Feltre, Oscar De Pellegrin e Viviana Fusaro, hanno rivolto alle proprie comunit\u00e0 messaggi profondi, accomunati da un unico filo conduttore: la democrazia non \u00e8 una conquista statica, ma un impegno quotidiano da difendere contro l&#8217;apatia e le tensioni globali. La forza delle idee contro [&hellip;]\" \/>\n<meta property=\"og:url\" content=\"https:\/\/www.bellunopress.it\/fr\/2026\/04\/25\/25-aprile-belluno-e-feltre-unite-nel-segno-della-liberta-e-della-lotta-allindifferenza\/\" \/>\n<meta property=\"og:site_name\" content=\"Bellunopress - Dolomiti\" \/>\n<meta property=\"article:publisher\" content=\"https:\/\/www.facebook.com\/profile.php?id=100008943462799\" \/>\n<meta property=\"article:published_time\" content=\"2026-04-25T14:13:30+00:00\" \/>\n<meta property=\"og:image\" content=\"https:\/\/www.bellunopress.it\/wp-content\/uploads\/2021\/09\/tricolore-bandiera_edited.jpg\" \/>\n\t<meta property=\"og:image:width\" content=\"800\" \/>\n\t<meta property=\"og:image:height\" content=\"653\" \/>\n\t<meta property=\"og:image:type\" content=\"image\/jpeg\" \/>\n<meta name=\"author\" content=\"redazione\" \/>\n<meta name=\"twitter:card\" content=\"summary_large_image\" \/>\n<meta name=\"twitter:creator\" content=\"@bellunopress\" \/>\n<meta name=\"twitter:site\" content=\"@bellunopress\" \/>\n<meta name=\"twitter:label1\" content=\"\u00c9crit par\" \/>\n\t<meta name=\"twitter:data1\" content=\"redazione\" \/>\n\t<meta name=\"twitter:label2\" content=\"Dur\u00e9e de lecture estim\u00e9e\" \/>\n\t<meta name=\"twitter:data2\" content=\"2 minutes\" \/>\n<script type=\"application\/ld+json\" class=\"yoast-schema-graph\">{\"@context\":\"https:\\\/\\\/schema.org\",\"@graph\":[{\"@type\":\"Article\",\"@id\":\"https:\\\/\\\/www.bellunopress.it\\\/2026\\\/04\\\/25\\\/25-aprile-belluno-e-feltre-unite-nel-segno-della-liberta-e-della-lotta-allindifferenza\\\/#article\",\"isPartOf\":{\"@id\":\"https:\\\/\\\/www.bellunopress.it\\\/2026\\\/04\\\/25\\\/25-aprile-belluno-e-feltre-unite-nel-segno-della-liberta-e-della-lotta-allindifferenza\\\/\"},\"author\":{\"name\":\"redazione\",\"@id\":\"https:\\\/\\\/www.bellunopress.it\\\/#\\\/schema\\\/person\\\/79bb06722b37ece1c03d3e94beb30d73\"},\"headline\":\"25 aprile: Belluno e Feltre unite nel segno della libert\u00e0 e della lotta all&#8217;indifferenza\",\"datePublished\":\"2026-04-25T14:13:30+00:00\",\"mainEntityOfPage\":{\"@id\":\"https:\\\/\\\/www.bellunopress.it\\\/2026\\\/04\\\/25\\\/25-aprile-belluno-e-feltre-unite-nel-segno-della-liberta-e-della-lotta-allindifferenza\\\/\"},\"wordCount\":483,\"publisher\":{\"@id\":\"https:\\\/\\\/www.bellunopress.it\\\/#organization\"},\"image\":{\"@id\":\"https:\\\/\\\/www.bellunopress.it\\\/2026\\\/04\\\/25\\\/25-aprile-belluno-e-feltre-unite-nel-segno-della-liberta-e-della-lotta-allindifferenza\\\/#primaryimage\"},\"thumbnailUrl\":\"https:\\\/\\\/www.bellunopress.it\\\/wp-content\\\/uploads\\\/2021\\\/09\\\/tricolore-bandiera_edited.jpg\",\"articleSection\":[\"Cronaca\\\/Politica\",\"Prima Pagina\",\"Societ\u00e0, Associazioni, Istituzioni\"],\"inLanguage\":\"fr-FR\"},{\"@type\":\"WebPage\",\"@id\":\"https:\\\/\\\/www.bellunopress.it\\\/2026\\\/04\\\/25\\\/25-aprile-belluno-e-feltre-unite-nel-segno-della-liberta-e-della-lotta-allindifferenza\\\/\",\"url\":\"https:\\\/\\\/www.bellunopress.it\\\/2026\\\/04\\\/25\\\/25-aprile-belluno-e-feltre-unite-nel-segno-della-liberta-e-della-lotta-allindifferenza\\\/\",\"name\":\"25 aprile: Belluno e Feltre unite nel segno della libert\u00e0 e della lotta all'indifferenza - Bellunopress - Dolomiti\",\"isPartOf\":{\"@id\":\"https:\\\/\\\/www.bellunopress.it\\\/#website\"},\"primaryImageOfPage\":{\"@id\":\"https:\\\/\\\/www.bellunopress.it\\\/2026\\\/04\\\/25\\\/25-aprile-belluno-e-feltre-unite-nel-segno-della-liberta-e-della-lotta-allindifferenza\\\/#primaryimage\"},\"image\":{\"@id\":\"https:\\\/\\\/www.bellunopress.it\\\/2026\\\/04\\\/25\\\/25-aprile-belluno-e-feltre-unite-nel-segno-della-liberta-e-della-lotta-allindifferenza\\\/#primaryimage\"},\"thumbnailUrl\":\"https:\\\/\\\/www.bellunopress.it\\\/wp-content\\\/uploads\\\/2021\\\/09\\\/tricolore-bandiera_edited.jpg\",\"datePublished\":\"2026-04-25T14:13:30+00:00\",\"breadcrumb\":{\"@id\":\"https:\\\/\\\/www.bellunopress.it\\\/2026\\\/04\\\/25\\\/25-aprile-belluno-e-feltre-unite-nel-segno-della-liberta-e-della-lotta-allindifferenza\\\/#breadcrumb\"},\"inLanguage\":\"fr-FR\",\"potentialAction\":[{\"@type\":\"ReadAction\",\"target\":[\"https:\\\/\\\/www.bellunopress.it\\\/2026\\\/04\\\/25\\\/25-aprile-belluno-e-feltre-unite-nel-segno-della-liberta-e-della-lotta-allindifferenza\\\/\"]}]},{\"@type\":\"ImageObject\",\"inLanguage\":\"fr-FR\",\"@id\":\"https:\\\/\\\/www.bellunopress.it\\\/2026\\\/04\\\/25\\\/25-aprile-belluno-e-feltre-unite-nel-segno-della-liberta-e-della-lotta-allindifferenza\\\/#primaryimage\",\"url\":\"https:\\\/\\\/www.bellunopress.it\\\/wp-content\\\/uploads\\\/2021\\\/09\\\/tricolore-bandiera_edited.jpg\",\"contentUrl\":\"https:\\\/\\\/www.bellunopress.it\\\/wp-content\\\/uploads\\\/2021\\\/09\\\/tricolore-bandiera_edited.jpg\",\"width\":800,\"height\":653},{\"@type\":\"BreadcrumbList\",\"@id\":\"https:\\\/\\\/www.bellunopress.it\\\/2026\\\/04\\\/25\\\/25-aprile-belluno-e-feltre-unite-nel-segno-della-liberta-e-della-lotta-allindifferenza\\\/#breadcrumb\",\"itemListElement\":[{\"@type\":\"ListItem\",\"position\":1,\"name\":\"Home\",\"item\":\"https:\\\/\\\/www.bellunopress.it\\\/\"},{\"@type\":\"ListItem\",\"position\":2,\"name\":\"25 aprile: Belluno e Feltre unite nel segno della libert\u00e0 e della lotta all&#8217;indifferenza\"}]},{\"@type\":\"WebSite\",\"@id\":\"https:\\\/\\\/www.bellunopress.it\\\/#website\",\"url\":\"https:\\\/\\\/www.bellunopress.it\\\/\",\"name\":\"Bellunopress - Dolomiti\",\"description\":\"e-mail: redazione@bellunopress.it\",\"publisher\":{\"@id\":\"https:\\\/\\\/www.bellunopress.it\\\/#organization\"},\"potentialAction\":[{\"@type\":\"SearchAction\",\"target\":{\"@type\":\"EntryPoint\",\"urlTemplate\":\"https:\\\/\\\/www.bellunopress.it\\\/?s={search_term_string}\"},\"query-input\":{\"@type\":\"PropertyValueSpecification\",\"valueRequired\":true,\"valueName\":\"search_term_string\"}}],\"inLanguage\":\"fr-FR\"},{\"@type\":\"Organization\",\"@id\":\"https:\\\/\\\/www.bellunopress.it\\\/#organization\",\"name\":\"Bellunopress\",\"url\":\"https:\\\/\\\/www.bellunopress.it\\\/\",\"logo\":{\"@type\":\"ImageObject\",\"inLanguage\":\"fr-FR\",\"@id\":\"https:\\\/\\\/www.bellunopress.it\\\/#\\\/schema\\\/logo\\\/image\\\/\",\"url\":\"https:\\\/\\\/www.bellunopress.it\\\/wp-content\\\/uploads\\\/2011\\\/05\\\/cropped-logo-bellunopress-.jpg\",\"contentUrl\":\"https:\\\/\\\/www.bellunopress.it\\\/wp-content\\\/uploads\\\/2011\\\/05\\\/cropped-logo-bellunopress-.jpg\",\"width\":512,\"height\":512,\"caption\":\"Bellunopress\"},\"image\":{\"@id\":\"https:\\\/\\\/www.bellunopress.it\\\/#\\\/schema\\\/logo\\\/image\\\/\"},\"sameAs\":[\"https:\\\/\\\/www.facebook.com\\\/profile.php?id=100008943462799\",\"https:\\\/\\\/x.com\\\/bellunopress\",\"https:\\\/\\\/www.linkedin.com\\\/hp\\\/?dnr=JBzUWaJfMUw8vbXJJ2tVW5-I3jZKvC4wsoxE&amp;amp;amp;amp;amp;amp;trk=nav_responsive_tab_home\",\"https:\\\/\\\/www.youtube.com\\\/channel\\\/UCxL0wu1uN0_3_7hGG0306cw\"]},{\"@type\":\"Person\",\"@id\":\"https:\\\/\\\/www.bellunopress.it\\\/#\\\/schema\\\/person\\\/79bb06722b37ece1c03d3e94beb30d73\",\"name\":\"redazione\",\"image\":{\"@type\":\"ImageObject\",\"inLanguage\":\"fr-FR\",\"@id\":\"https:\\\/\\\/secure.gravatar.com\\\/avatar\\\/37d968a2e67a6fd04c169c4bdef102d0bc5d31b2546345219e348575eb80e9a0?s=96&d=mm&r=g\",\"url\":\"https:\\\/\\\/secure.gravatar.com\\\/avatar\\\/37d968a2e67a6fd04c169c4bdef102d0bc5d31b2546345219e348575eb80e9a0?s=96&d=mm&r=g\",\"contentUrl\":\"https:\\\/\\\/secure.gravatar.com\\\/avatar\\\/37d968a2e67a6fd04c169c4bdef102d0bc5d31b2546345219e348575eb80e9a0?s=96&d=mm&r=g\",\"caption\":\"redazione\"},\"sameAs\":[\"http:\\\/\\\/www.bellunopress.it\",\"https:\\\/\\\/x.com\\\/bellunopress\"],\"url\":\"https:\\\/\\\/www.bellunopress.it\\\/fr\\\/author\\\/redazione\\\/\"}]}<\/script>\n<!-- \/ Yoast SEO plugin. -->","yoast_head_json":{"title":"25 aprile: Belluno e Feltre unite nel segno della libert\u00e0 e della lotta all'indifferenza - Bellunopress - Dolomiti","robots":{"index":"index","follow":"follow","max-snippet":"max-snippet:-1","max-image-preview":"max-image-preview:large","max-video-preview":"max-video-preview:-1"},"canonical":"https:\/\/www.bellunopress.it\/fr\/2026\/04\/25\/25-aprile-belluno-e-feltre-unite-nel-segno-della-liberta-e-della-lotta-allindifferenza\/","og_locale":"fr_FR","og_type":"article","og_title":"25 aprile: Belluno e Feltre unite nel segno della libert\u00e0 e della lotta all'indifferenza - Bellunopress - Dolomiti","og_description":"In occasione dell&#8217;81\u00b0 anniversario della Liberazione, i sindaci di Belluno e Feltre, Oscar De Pellegrin e Viviana Fusaro, hanno rivolto alle proprie comunit\u00e0 messaggi profondi, accomunati da un unico filo conduttore: la democrazia non \u00e8 una conquista statica, ma un impegno quotidiano da difendere contro l&#8217;apatia e le tensioni globali. La forza delle idee contro [&hellip;]","og_url":"https:\/\/www.bellunopress.it\/fr\/2026\/04\/25\/25-aprile-belluno-e-feltre-unite-nel-segno-della-liberta-e-della-lotta-allindifferenza\/","og_site_name":"Bellunopress - Dolomiti","article_publisher":"https:\/\/www.facebook.com\/profile.php?id=100008943462799","article_published_time":"2026-04-25T14:13:30+00:00","og_image":[{"width":800,"height":653,"url":"https:\/\/www.bellunopress.it\/wp-content\/uploads\/2021\/09\/tricolore-bandiera_edited.jpg","type":"image\/jpeg"}],"author":"redazione","twitter_card":"summary_large_image","twitter_creator":"@bellunopress","twitter_site":"@bellunopress","twitter_misc":{"\u00c9crit par":"redazione","Dur\u00e9e de lecture estim\u00e9e":"2 minutes"},"schema":{"@context":"https:\/\/schema.org","@graph":[{"@type":"Article","@id":"https:\/\/www.bellunopress.it\/2026\/04\/25\/25-aprile-belluno-e-feltre-unite-nel-segno-della-liberta-e-della-lotta-allindifferenza\/#article","isPartOf":{"@id":"https:\/\/www.bellunopress.it\/2026\/04\/25\/25-aprile-belluno-e-feltre-unite-nel-segno-della-liberta-e-della-lotta-allindifferenza\/"},"author":{"name":"redazione","@id":"https:\/\/www.bellunopress.it\/#\/schema\/person\/79bb06722b37ece1c03d3e94beb30d73"},"headline":"25 aprile: Belluno e Feltre unite nel segno della libert\u00e0 e della lotta all&#8217;indifferenza","datePublished":"2026-04-25T14:13:30+00:00","mainEntityOfPage":{"@id":"https:\/\/www.bellunopress.it\/2026\/04\/25\/25-aprile-belluno-e-feltre-unite-nel-segno-della-liberta-e-della-lotta-allindifferenza\/"},"wordCount":483,"publisher":{"@id":"https:\/\/www.bellunopress.it\/#organization"},"image":{"@id":"https:\/\/www.bellunopress.it\/2026\/04\/25\/25-aprile-belluno-e-feltre-unite-nel-segno-della-liberta-e-della-lotta-allindifferenza\/#primaryimage"},"thumbnailUrl":"https:\/\/www.bellunopress.it\/wp-content\/uploads\/2021\/09\/tricolore-bandiera_edited.jpg","articleSection":["Cronaca\/Politica","Prima Pagina","Societ\u00e0, Associazioni, Istituzioni"],"inLanguage":"fr-FR"},{"@type":"WebPage","@id":"https:\/\/www.bellunopress.it\/2026\/04\/25\/25-aprile-belluno-e-feltre-unite-nel-segno-della-liberta-e-della-lotta-allindifferenza\/","url":"https:\/\/www.bellunopress.it\/2026\/04\/25\/25-aprile-belluno-e-feltre-unite-nel-segno-della-liberta-e-della-lotta-allindifferenza\/","name":"25 aprile: Belluno e Feltre unite nel segno della libert\u00e0 e della lotta all'indifferenza - Bellunopress - Dolomiti","isPartOf":{"@id":"https:\/\/www.bellunopress.it\/#website"},"primaryImageOfPage":{"@id":"https:\/\/www.bellunopress.it\/2026\/04\/25\/25-aprile-belluno-e-feltre-unite-nel-segno-della-liberta-e-della-lotta-allindifferenza\/#primaryimage"},"image":{"@id":"https:\/\/www.bellunopress.it\/2026\/04\/25\/25-aprile-belluno-e-feltre-unite-nel-segno-della-liberta-e-della-lotta-allindifferenza\/#primaryimage"},"thumbnailUrl":"https:\/\/www.bellunopress.it\/wp-content\/uploads\/2021\/09\/tricolore-bandiera_edited.jpg","datePublished":"2026-04-25T14:13:30+00:00","breadcrumb":{"@id":"https:\/\/www.bellunopress.it\/2026\/04\/25\/25-aprile-belluno-e-feltre-unite-nel-segno-della-liberta-e-della-lotta-allindifferenza\/#breadcrumb"},"inLanguage":"fr-FR","potentialAction":[{"@type":"ReadAction","target":["https:\/\/www.bellunopress.it\/2026\/04\/25\/25-aprile-belluno-e-feltre-unite-nel-segno-della-liberta-e-della-lotta-allindifferenza\/"]}]},{"@type":"ImageObject","inLanguage":"fr-FR","@id":"https:\/\/www.bellunopress.it\/2026\/04\/25\/25-aprile-belluno-e-feltre-unite-nel-segno-della-liberta-e-della-lotta-allindifferenza\/#primaryimage","url":"https:\/\/www.bellunopress.it\/wp-content\/uploads\/2021\/09\/tricolore-bandiera_edited.jpg","contentUrl":"https:\/\/www.bellunopress.it\/wp-content\/uploads\/2021\/09\/tricolore-bandiera_edited.jpg","width":800,"height":653},{"@type":"BreadcrumbList","@id":"https:\/\/www.bellunopress.it\/2026\/04\/25\/25-aprile-belluno-e-feltre-unite-nel-segno-della-liberta-e-della-lotta-allindifferenza\/#breadcrumb","itemListElement":[{"@type":"ListItem","position":1,"name":"Home","item":"https:\/\/www.bellunopress.it\/"},{"@type":"ListItem","position":2,"name":"25 aprile: Belluno e Feltre unite nel segno della libert\u00e0 e della lotta all&#8217;indifferenza"}]},{"@type":"WebSite","@id":"https:\/\/www.bellunopress.it\/#website","url":"https:\/\/www.bellunopress.it\/","name":"Bellunopress - Dolomiti","description":"e-mail: redazione@bellunopress.it","publisher":{"@id":"https:\/\/www.bellunopress.it\/#organization"},"potentialAction":[{"@type":"SearchAction","target":{"@type":"EntryPoint","urlTemplate":"https:\/\/www.bellunopress.it\/?s={search_term_string}"},"query-input":{"@type":"PropertyValueSpecification","valueRequired":true,"valueName":"search_term_string"}}],"inLanguage":"fr-FR"},{"@type":"Organization","@id":"https:\/\/www.bellunopress.it\/#organization","name":"Bellunopress","url":"https:\/\/www.bellunopress.it\/","logo":{"@type":"ImageObject","inLanguage":"fr-FR","@id":"https:\/\/www.bellunopress.it\/#\/schema\/logo\/image\/","url":"https:\/\/www.bellunopress.it\/wp-content\/uploads\/2011\/05\/cropped-logo-bellunopress-.jpg","contentUrl":"https:\/\/www.bellunopress.it\/wp-content\/uploads\/2011\/05\/cropped-logo-bellunopress-.jpg","width":512,"height":512,"caption":"Bellunopress"},"image":{"@id":"https:\/\/www.bellunopress.it\/#\/schema\/logo\/image\/"},"sameAs":["https:\/\/www.facebook.com\/profile.php?id=100008943462799","https:\/\/x.com\/bellunopress","https:\/\/www.linkedin.com\/hp\/?dnr=JBzUWaJfMUw8vbXJJ2tVW5-I3jZKvC4wsoxE&amp;amp;amp;amp;amp;amp;trk=nav_responsive_tab_home","https:\/\/www.youtube.com\/channel\/UCxL0wu1uN0_3_7hGG0306cw"]},{"@type":"Person","@id":"https:\/\/www.bellunopress.it\/#\/schema\/person\/79bb06722b37ece1c03d3e94beb30d73","name":"r\u00e9daction","image":{"@type":"ImageObject","inLanguage":"fr-FR","@id":"https:\/\/secure.gravatar.com\/avatar\/37d968a2e67a6fd04c169c4bdef102d0bc5d31b2546345219e348575eb80e9a0?s=96&d=mm&r=g","url":"https:\/\/secure.gravatar.com\/avatar\/37d968a2e67a6fd04c169c4bdef102d0bc5d31b2546345219e348575eb80e9a0?s=96&d=mm&r=g","contentUrl":"https:\/\/secure.gravatar.com\/avatar\/37d968a2e67a6fd04c169c4bdef102d0bc5d31b2546345219e348575eb80e9a0?s=96&d=mm&r=g","caption":"redazione"},"sameAs":["http:\/\/www.bellunopress.it","https:\/\/x.com\/bellunopress"],"url":"https:\/\/www.bellunopress.it\/fr\/author\/redazione\/"}]}},"_links":{"self":[{"href":"https:\/\/www.bellunopress.it\/fr\/wp-json\/wp\/v2\/posts\/169490","targetHints":{"allow":["GET"]}}],"collection":[{"href":"https:\/\/www.bellunopress.it\/fr\/wp-json\/wp\/v2\/posts"}],"about":[{"href":"https:\/\/www.bellunopress.it\/fr\/wp-json\/wp\/v2\/types\/post"}],"author":[{"embeddable":true,"href":"https:\/\/www.bellunopress.it\/fr\/wp-json\/wp\/v2\/users\/2"}],"replies":[{"embeddable":true,"href":"https:\/\/www.bellunopress.it\/fr\/wp-json\/wp\/v2\/comments?post=169490"}],"version-history":[{"count":1,"href":"https:\/\/www.bellunopress.it\/fr\/wp-json\/wp\/v2\/posts\/169490\/revisions"}],"predecessor-version":[{"id":169491,"href":"https:\/\/www.bellunopress.it\/fr\/wp-json\/wp\/v2\/posts\/169490\/revisions\/169491"}],"wp:featuredmedia":[{"embeddable":true,"href":"https:\/\/www.bellunopress.it\/fr\/wp-json\/wp\/v2\/media\/127780"}],"wp:attachment":[{"href":"https:\/\/www.bellunopress.it\/fr\/wp-json\/wp\/v2\/media?parent=169490"}],"wp:term":[{"taxonomy":"category","embeddable":true,"href":"https:\/\/www.bellunopress.it\/fr\/wp-json\/wp\/v2\/categories?post=169490"},{"taxonomy":"post_tag","embeddable":true,"href":"https:\/\/www.bellunopress.it\/fr\/wp-json\/wp\/v2\/tags?post=169490"}],"curies":[{"name":"wp","href":"https:\/\/api.w.org\/{rel}","templated":true}]}}