{"id":169488,"date":"2026-04-25T13:28:13","date_gmt":"2026-04-25T11:28:13","guid":{"rendered":"https:\/\/www.bellunopress.it\/?p=169488"},"modified":"2026-04-25T13:28:13","modified_gmt":"2026-04-25T11:28:13","slug":"lillusione-del-pollice-alzato-non-si-viene-eletti-con-con-i-like","status":"publish","type":"post","link":"https:\/\/www.bellunopress.it\/fr\/2026\/04\/25\/lillusione-del-pollice-alzato-non-si-viene-eletti-con-con-i-like\/","title":{"rendered":"L\u2019illusione del pollice alzato: non si viene eletti con con i like"},"content":{"rendered":"<p data-path-to-node=\"3\">Belluno, 25 aprile 2026 &#8211; Manca poco pi\u00f9 di un anno al ritorno alle urne per Palazzo Rosso e, come da copione, la macchina del consenso ha gi\u00e0 iniziato a scaldare i motori. Tra i tavolini dei bar e sui social, si comincia a respirare quell&#8217;aria tipica da pre-campagna elettorale, fatta di indiscrezioni, nomi dei candidati sindaco e anche i primi sondaggi fai da te sui social network.<\/p>\n<p data-path-to-node=\"4\">Ma c&#8217;\u00e8 un dato che i futuri candidati e i commentatori dovrebbero tener presente ed \u00e8 la realt\u00e0 dei numeri.<\/p>\n<p data-path-to-node=\"6\">Guardando alle ultime tre tornate elettorali, emerge una verit\u00e0 inoppugnabile: vincere a Belluno richiede una mobilitazione che va ben oltre la bolla digitale.<\/p>\n<ul data-path-to-node=\"7\">\n<li>\n<p data-path-to-node=\"7,0,0\">Nel 2022, Oscar De Pellegrin ha incassato la vittoria al primo turno con 7.780 voti.<\/p>\n<\/li>\n<li>\n<p data-path-to-node=\"7,1,0\">Nel 2017, Jacopo Massaro fu confermato con 8.511 preferenze.<\/p>\n<\/li>\n<li>\n<p data-path-to-node=\"7,2,0\">Nel 2012, lo stesso Massaro ne raccolse addirittura 9.472.<\/p>\n<\/li>\n<\/ul>\n<h3 data-path-to-node=\"11\"><b data-path-to-node=\"11\" data-index-in-node=\"0\">Elezioni amministrative Comune di Belluno<\/b><\/h3>\n<table data-path-to-node=\"12\">\n<thead>\n<tr>\n<td>Anno<\/td>\n<td>Sindaco Eletto<\/td>\n<td>Voti (Turno decisivo)<\/td>\n<td>%<\/td>\n<\/tr>\n<\/thead>\n<tbody>\n<tr>\n<td>2022<\/td>\n<td>Oscar De Pellegrin<\/td>\n<td>7.780<\/td>\n<td>50,73%<\/td>\n<\/tr>\n<tr>\n<td>2017<\/td>\n<td>Jacopo Massaro<\/td>\n<td>8.511<\/td>\n<td>63,15%<\/td>\n<\/tr>\n<tr>\n<td>2012<\/td>\n<td>Jacopo Massaro<\/td>\n<td>9.472<\/td>\n<td>62,69%<\/td>\n<\/tr>\n<tr>\n<td>2007<\/td>\n<td>Antonio Prade<\/td>\n<td>10.960<\/td>\n<td>53,40%<\/td>\n<\/tr>\n<tr>\n<td>2006<\/td>\n<td>Ermano De Col<\/td>\n<td>10.957<\/td>\n<td>50,05%<\/td>\n<\/tr>\n<\/tbody>\n<\/table>\n<p data-path-to-node=\"8\">\n<p data-path-to-node=\"8\">Questi numeri ci dicono che per diventare sindaco del Comune capoluogo servono migliaia di persone in carne e ossa che escano di casa, facciano la fila al seggio e mettano una croce su una scheda.<\/p>\n<p data-path-to-node=\"10\">Ed \u00e8 qui che casca l&#8217;asino. In questo &#8220;limbo&#8221; che precede l&#8217;apertura ufficiale dei comizi, assistiamo al proliferare di post, sondaggi amatoriali e grafiche artigianali. Vedere un potenziale candidato incassare &#8220;una cinquantina di mi piace&#8221; o vincere un sondaggio su un gruppo Facebook locale pu\u00f2 dare l&#8217;ebbrezza del consenso. Ma \u00e8 solo una illusione ottica.<\/p>\n<p data-path-to-node=\"11\">Sono, spesso, il riflesso di una cerchia ristretta, di amici, o di algoritmi che ci mostrano solo ci\u00f2 che vogliamo vedere. Nella vita reale, per vincere a Belluno servono almeno settemila voti veri con un&#8217;affluenza del 50% alle urne.<\/p>\n<p data-path-to-node=\"11\">La politica locale \u00e8 fatta di marciapiedi da sistemare, di bilanci da far quadrare e di ascolto vero nelle frazioni, da Castion a Cavarzano, dove spesso chi decide le sorti della citt\u00e0 non ha nemmeno un profilo Instagram.<\/p>\n<p data-path-to-node=\"13\">I sondaggi &#8220;fai da te&#8221; che girano in questi giorni valgono quanto una chiacchiera sotto il portico: divertono, ma non fanno testo. La vera sfida per chi ambisce a guidare Belluno nel prossimo quinquennio non sar\u00e0 convincere l&#8217;algoritmo, ma convincere quella met\u00e0 di cittadini che nel 2022 \u00e8 rimasta a casa.<\/p>\n<p data-path-to-node=\"14\">Amministrare una citt\u00e0 capoluogo \u00e8 un esercizio di complessit\u00e0, non un concorso di popolarit\u00e0 digitale. Chi pensa di aver gi\u00e0 vinto perch\u00e9 &#8220;va forte sui social&#8221; ignora la lezione pi\u00f9 dura delle statistiche: il silenzio delle urne \u00e8 molto pi\u00f9 pesante del rumore di una notifica. E nel 2027, come sempre, conteranno solo le schede pesate, non i clic contati.<\/p>\n<p data-path-to-node=\"14\">","protected":false},"excerpt":{"rendered":"<p>Belluno, 25 aprile 2026 &#8211; Manca poco pi\u00f9 di un anno al ritorno alle urne per Palazzo Rosso e, come da copione, la macchina del consenso ha gi\u00e0 iniziato a scaldare i motori. Tra i tavolini dei bar e sui social, si comincia a respirare quell&#8217;aria tipica da pre-campagna elettorale, fatta di indiscrezioni, nomi dei [&hellip;]<\/p>\n","protected":false},"author":2,"featured_media":112706,"comment_status":"closed","ping_status":"open","sticky":false,"template":"","format":"standard","meta":{"footnotes":""},"categories":[5,3446,26],"tags":[],"class_list":["post-169488","post","type-post","status-publish","format-standard","has-post-thumbnail","category-cronaca","category-featured","category-prima-pagina"],"yoast_head":"<!-- This site is optimized with the Yoast SEO plugin v28.4 - https:\/\/yoast.com\/product\/yoast-seo-wordpress\/ -->\n<title>L\u2019illusione del pollice alzato: non si viene eletti con con i like - Bellunopress - Dolomiti<\/title>\n<meta name=\"robots\" content=\"index, follow, max-snippet:-1, max-image-preview:large, max-video-preview:-1\" \/>\n<link rel=\"canonical\" href=\"https:\/\/www.bellunopress.it\/fr\/2026\/04\/25\/lillusione-del-pollice-alzato-non-si-viene-eletti-con-con-i-like\/\" \/>\n<meta property=\"og:locale\" content=\"fr_FR\" \/>\n<meta property=\"og:type\" content=\"article\" \/>\n<meta property=\"og:title\" content=\"L\u2019illusione del pollice alzato: non si viene eletti con con i like - Bellunopress - Dolomiti\" \/>\n<meta property=\"og:description\" content=\"Belluno, 25 aprile 2026 &#8211; Manca poco pi\u00f9 di un anno al ritorno alle urne per Palazzo Rosso e, come da copione, la macchina del consenso ha gi\u00e0 iniziato a scaldare i motori. Tra i tavolini dei bar e sui social, si comincia a respirare quell&#8217;aria tipica da pre-campagna elettorale, fatta di indiscrezioni, nomi dei [&hellip;]\" \/>\n<meta property=\"og:url\" content=\"https:\/\/www.bellunopress.it\/fr\/2026\/04\/25\/lillusione-del-pollice-alzato-non-si-viene-eletti-con-con-i-like\/\" \/>\n<meta property=\"og:site_name\" content=\"Bellunopress - Dolomiti\" \/>\n<meta property=\"article:publisher\" content=\"https:\/\/www.facebook.com\/profile.php?id=100008943462799\" \/>\n<meta property=\"article:published_time\" content=\"2026-04-25T11:28:13+00:00\" \/>\n<meta property=\"og:image\" content=\"https:\/\/www.bellunopress.it\/wp-content\/uploads\/2020\/03\/palazzo-rosso-notte.jpg\" \/>\n\t<meta property=\"og:image:width\" content=\"900\" \/>\n\t<meta property=\"og:image:height\" content=\"688\" \/>\n\t<meta property=\"og:image:type\" content=\"image\/jpeg\" \/>\n<meta name=\"author\" content=\"redazione\" \/>\n<meta name=\"twitter:card\" content=\"summary_large_image\" \/>\n<meta name=\"twitter:creator\" content=\"@bellunopress\" \/>\n<meta name=\"twitter:site\" content=\"@bellunopress\" \/>\n<meta name=\"twitter:label1\" content=\"\u00c9crit par\" \/>\n\t<meta name=\"twitter:data1\" content=\"redazione\" \/>\n\t<meta name=\"twitter:label2\" content=\"Dur\u00e9e de lecture estim\u00e9e\" \/>\n\t<meta name=\"twitter:data2\" content=\"2 minutes\" \/>\n<script type=\"application\/ld+json\" class=\"yoast-schema-graph\">{\"@context\":\"https:\\\/\\\/schema.org\",\"@graph\":[{\"@type\":\"Article\",\"@id\":\"https:\\\/\\\/www.bellunopress.it\\\/2026\\\/04\\\/25\\\/lillusione-del-pollice-alzato-non-si-viene-eletti-con-con-i-like\\\/#article\",\"isPartOf\":{\"@id\":\"https:\\\/\\\/www.bellunopress.it\\\/2026\\\/04\\\/25\\\/lillusione-del-pollice-alzato-non-si-viene-eletti-con-con-i-like\\\/\"},\"author\":{\"name\":\"redazione\",\"@id\":\"https:\\\/\\\/www.bellunopress.it\\\/#\\\/schema\\\/person\\\/79bb06722b37ece1c03d3e94beb30d73\"},\"headline\":\"L\u2019illusione del pollice alzato: non si viene eletti con con i like\",\"datePublished\":\"2026-04-25T11:28:13+00:00\",\"mainEntityOfPage\":{\"@id\":\"https:\\\/\\\/www.bellunopress.it\\\/2026\\\/04\\\/25\\\/lillusione-del-pollice-alzato-non-si-viene-eletti-con-con-i-like\\\/\"},\"wordCount\":446,\"publisher\":{\"@id\":\"https:\\\/\\\/www.bellunopress.it\\\/#organization\"},\"image\":{\"@id\":\"https:\\\/\\\/www.bellunopress.it\\\/2026\\\/04\\\/25\\\/lillusione-del-pollice-alzato-non-si-viene-eletti-con-con-i-like\\\/#primaryimage\"},\"thumbnailUrl\":\"https:\\\/\\\/www.bellunopress.it\\\/wp-content\\\/uploads\\\/2020\\\/03\\\/palazzo-rosso-notte.jpg\",\"articleSection\":[\"Cronaca\\\/Politica\",\"Featured\",\"Prima Pagina\"],\"inLanguage\":\"fr-FR\"},{\"@type\":\"WebPage\",\"@id\":\"https:\\\/\\\/www.bellunopress.it\\\/2026\\\/04\\\/25\\\/lillusione-del-pollice-alzato-non-si-viene-eletti-con-con-i-like\\\/\",\"url\":\"https:\\\/\\\/www.bellunopress.it\\\/2026\\\/04\\\/25\\\/lillusione-del-pollice-alzato-non-si-viene-eletti-con-con-i-like\\\/\",\"name\":\"L\u2019illusione del pollice alzato: non si viene eletti con con i like - Bellunopress - Dolomiti\",\"isPartOf\":{\"@id\":\"https:\\\/\\\/www.bellunopress.it\\\/#website\"},\"primaryImageOfPage\":{\"@id\":\"https:\\\/\\\/www.bellunopress.it\\\/2026\\\/04\\\/25\\\/lillusione-del-pollice-alzato-non-si-viene-eletti-con-con-i-like\\\/#primaryimage\"},\"image\":{\"@id\":\"https:\\\/\\\/www.bellunopress.it\\\/2026\\\/04\\\/25\\\/lillusione-del-pollice-alzato-non-si-viene-eletti-con-con-i-like\\\/#primaryimage\"},\"thumbnailUrl\":\"https:\\\/\\\/www.bellunopress.it\\\/wp-content\\\/uploads\\\/2020\\\/03\\\/palazzo-rosso-notte.jpg\",\"datePublished\":\"2026-04-25T11:28:13+00:00\",\"breadcrumb\":{\"@id\":\"https:\\\/\\\/www.bellunopress.it\\\/2026\\\/04\\\/25\\\/lillusione-del-pollice-alzato-non-si-viene-eletti-con-con-i-like\\\/#breadcrumb\"},\"inLanguage\":\"fr-FR\",\"potentialAction\":[{\"@type\":\"ReadAction\",\"target\":[\"https:\\\/\\\/www.bellunopress.it\\\/2026\\\/04\\\/25\\\/lillusione-del-pollice-alzato-non-si-viene-eletti-con-con-i-like\\\/\"]}]},{\"@type\":\"ImageObject\",\"inLanguage\":\"fr-FR\",\"@id\":\"https:\\\/\\\/www.bellunopress.it\\\/2026\\\/04\\\/25\\\/lillusione-del-pollice-alzato-non-si-viene-eletti-con-con-i-like\\\/#primaryimage\",\"url\":\"https:\\\/\\\/www.bellunopress.it\\\/wp-content\\\/uploads\\\/2020\\\/03\\\/palazzo-rosso-notte.jpg\",\"contentUrl\":\"https:\\\/\\\/www.bellunopress.it\\\/wp-content\\\/uploads\\\/2020\\\/03\\\/palazzo-rosso-notte.jpg\",\"width\":900,\"height\":688,\"caption\":\"Palazzo Rosso, sede dell'Amministrazione comunale di Belluno\"},{\"@type\":\"BreadcrumbList\",\"@id\":\"https:\\\/\\\/www.bellunopress.it\\\/2026\\\/04\\\/25\\\/lillusione-del-pollice-alzato-non-si-viene-eletti-con-con-i-like\\\/#breadcrumb\",\"itemListElement\":[{\"@type\":\"ListItem\",\"position\":1,\"name\":\"Home\",\"item\":\"https:\\\/\\\/www.bellunopress.it\\\/\"},{\"@type\":\"ListItem\",\"position\":2,\"name\":\"L\u2019illusione del pollice alzato: non si viene eletti con con i like\"}]},{\"@type\":\"WebSite\",\"@id\":\"https:\\\/\\\/www.bellunopress.it\\\/#website\",\"url\":\"https:\\\/\\\/www.bellunopress.it\\\/\",\"name\":\"Bellunopress - Dolomiti\",\"description\":\"e-mail: redazione@bellunopress.it\",\"publisher\":{\"@id\":\"https:\\\/\\\/www.bellunopress.it\\\/#organization\"},\"potentialAction\":[{\"@type\":\"SearchAction\",\"target\":{\"@type\":\"EntryPoint\",\"urlTemplate\":\"https:\\\/\\\/www.bellunopress.it\\\/?s={search_term_string}\"},\"query-input\":{\"@type\":\"PropertyValueSpecification\",\"valueRequired\":true,\"valueName\":\"search_term_string\"}}],\"inLanguage\":\"fr-FR\"},{\"@type\":\"Organization\",\"@id\":\"https:\\\/\\\/www.bellunopress.it\\\/#organization\",\"name\":\"Bellunopress\",\"url\":\"https:\\\/\\\/www.bellunopress.it\\\/\",\"logo\":{\"@type\":\"ImageObject\",\"inLanguage\":\"fr-FR\",\"@id\":\"https:\\\/\\\/www.bellunopress.it\\\/#\\\/schema\\\/logo\\\/image\\\/\",\"url\":\"https:\\\/\\\/www.bellunopress.it\\\/wp-content\\\/uploads\\\/2011\\\/05\\\/cropped-logo-bellunopress-.jpg\",\"contentUrl\":\"https:\\\/\\\/www.bellunopress.it\\\/wp-content\\\/uploads\\\/2011\\\/05\\\/cropped-logo-bellunopress-.jpg\",\"width\":512,\"height\":512,\"caption\":\"Bellunopress\"},\"image\":{\"@id\":\"https:\\\/\\\/www.bellunopress.it\\\/#\\\/schema\\\/logo\\\/image\\\/\"},\"sameAs\":[\"https:\\\/\\\/www.facebook.com\\\/profile.php?id=100008943462799\",\"https:\\\/\\\/x.com\\\/bellunopress\",\"https:\\\/\\\/www.linkedin.com\\\/hp\\\/?dnr=JBzUWaJfMUw8vbXJJ2tVW5-I3jZKvC4wsoxE&amp;amp;amp;amp;amp;amp;trk=nav_responsive_tab_home\",\"https:\\\/\\\/www.youtube.com\\\/channel\\\/UCxL0wu1uN0_3_7hGG0306cw\"]},{\"@type\":\"Person\",\"@id\":\"https:\\\/\\\/www.bellunopress.it\\\/#\\\/schema\\\/person\\\/79bb06722b37ece1c03d3e94beb30d73\",\"name\":\"redazione\",\"image\":{\"@type\":\"ImageObject\",\"inLanguage\":\"fr-FR\",\"@id\":\"https:\\\/\\\/secure.gravatar.com\\\/avatar\\\/37d968a2e67a6fd04c169c4bdef102d0bc5d31b2546345219e348575eb80e9a0?s=96&d=mm&r=g\",\"url\":\"https:\\\/\\\/secure.gravatar.com\\\/avatar\\\/37d968a2e67a6fd04c169c4bdef102d0bc5d31b2546345219e348575eb80e9a0?s=96&d=mm&r=g\",\"contentUrl\":\"https:\\\/\\\/secure.gravatar.com\\\/avatar\\\/37d968a2e67a6fd04c169c4bdef102d0bc5d31b2546345219e348575eb80e9a0?s=96&d=mm&r=g\",\"caption\":\"redazione\"},\"sameAs\":[\"http:\\\/\\\/www.bellunopress.it\",\"https:\\\/\\\/x.com\\\/bellunopress\"],\"url\":\"https:\\\/\\\/www.bellunopress.it\\\/fr\\\/author\\\/redazione\\\/\"}]}<\/script>\n<!-- \/ Yoast SEO plugin. -->","yoast_head_json":{"title":"L\u2019illusione del pollice alzato: non si viene eletti con con i like - Bellunopress - Dolomiti","robots":{"index":"index","follow":"follow","max-snippet":"max-snippet:-1","max-image-preview":"max-image-preview:large","max-video-preview":"max-video-preview:-1"},"canonical":"https:\/\/www.bellunopress.it\/fr\/2026\/04\/25\/lillusione-del-pollice-alzato-non-si-viene-eletti-con-con-i-like\/","og_locale":"fr_FR","og_type":"article","og_title":"L\u2019illusione del pollice alzato: non si viene eletti con con i like - Bellunopress - Dolomiti","og_description":"Belluno, 25 aprile 2026 &#8211; Manca poco pi\u00f9 di un anno al ritorno alle urne per Palazzo Rosso e, come da copione, la macchina del consenso ha gi\u00e0 iniziato a scaldare i motori. Tra i tavolini dei bar e sui social, si comincia a respirare quell&#8217;aria tipica da pre-campagna elettorale, fatta di indiscrezioni, nomi dei [&hellip;]","og_url":"https:\/\/www.bellunopress.it\/fr\/2026\/04\/25\/lillusione-del-pollice-alzato-non-si-viene-eletti-con-con-i-like\/","og_site_name":"Bellunopress - Dolomiti","article_publisher":"https:\/\/www.facebook.com\/profile.php?id=100008943462799","article_published_time":"2026-04-25T11:28:13+00:00","og_image":[{"width":900,"height":688,"url":"https:\/\/www.bellunopress.it\/wp-content\/uploads\/2020\/03\/palazzo-rosso-notte.jpg","type":"image\/jpeg"}],"author":"redazione","twitter_card":"summary_large_image","twitter_creator":"@bellunopress","twitter_site":"@bellunopress","twitter_misc":{"\u00c9crit par":"redazione","Dur\u00e9e de lecture estim\u00e9e":"2 minutes"},"schema":{"@context":"https:\/\/schema.org","@graph":[{"@type":"Article","@id":"https:\/\/www.bellunopress.it\/2026\/04\/25\/lillusione-del-pollice-alzato-non-si-viene-eletti-con-con-i-like\/#article","isPartOf":{"@id":"https:\/\/www.bellunopress.it\/2026\/04\/25\/lillusione-del-pollice-alzato-non-si-viene-eletti-con-con-i-like\/"},"author":{"name":"redazione","@id":"https:\/\/www.bellunopress.it\/#\/schema\/person\/79bb06722b37ece1c03d3e94beb30d73"},"headline":"L\u2019illusione del pollice alzato: non si viene eletti con con i like","datePublished":"2026-04-25T11:28:13+00:00","mainEntityOfPage":{"@id":"https:\/\/www.bellunopress.it\/2026\/04\/25\/lillusione-del-pollice-alzato-non-si-viene-eletti-con-con-i-like\/"},"wordCount":446,"publisher":{"@id":"https:\/\/www.bellunopress.it\/#organization"},"image":{"@id":"https:\/\/www.bellunopress.it\/2026\/04\/25\/lillusione-del-pollice-alzato-non-si-viene-eletti-con-con-i-like\/#primaryimage"},"thumbnailUrl":"https:\/\/www.bellunopress.it\/wp-content\/uploads\/2020\/03\/palazzo-rosso-notte.jpg","articleSection":["Cronaca\/Politica","Featured","Prima Pagina"],"inLanguage":"fr-FR"},{"@type":"WebPage","@id":"https:\/\/www.bellunopress.it\/2026\/04\/25\/lillusione-del-pollice-alzato-non-si-viene-eletti-con-con-i-like\/","url":"https:\/\/www.bellunopress.it\/2026\/04\/25\/lillusione-del-pollice-alzato-non-si-viene-eletti-con-con-i-like\/","name":"L\u2019illusione del pollice alzato: non si viene eletti con con i like - Bellunopress - Dolomiti","isPartOf":{"@id":"https:\/\/www.bellunopress.it\/#website"},"primaryImageOfPage":{"@id":"https:\/\/www.bellunopress.it\/2026\/04\/25\/lillusione-del-pollice-alzato-non-si-viene-eletti-con-con-i-like\/#primaryimage"},"image":{"@id":"https:\/\/www.bellunopress.it\/2026\/04\/25\/lillusione-del-pollice-alzato-non-si-viene-eletti-con-con-i-like\/#primaryimage"},"thumbnailUrl":"https:\/\/www.bellunopress.it\/wp-content\/uploads\/2020\/03\/palazzo-rosso-notte.jpg","datePublished":"2026-04-25T11:28:13+00:00","breadcrumb":{"@id":"https:\/\/www.bellunopress.it\/2026\/04\/25\/lillusione-del-pollice-alzato-non-si-viene-eletti-con-con-i-like\/#breadcrumb"},"inLanguage":"fr-FR","potentialAction":[{"@type":"ReadAction","target":["https:\/\/www.bellunopress.it\/2026\/04\/25\/lillusione-del-pollice-alzato-non-si-viene-eletti-con-con-i-like\/"]}]},{"@type":"ImageObject","inLanguage":"fr-FR","@id":"https:\/\/www.bellunopress.it\/2026\/04\/25\/lillusione-del-pollice-alzato-non-si-viene-eletti-con-con-i-like\/#primaryimage","url":"https:\/\/www.bellunopress.it\/wp-content\/uploads\/2020\/03\/palazzo-rosso-notte.jpg","contentUrl":"https:\/\/www.bellunopress.it\/wp-content\/uploads\/2020\/03\/palazzo-rosso-notte.jpg","width":900,"height":688,"caption":"Palazzo Rosso, sede dell'Amministrazione comunale di Belluno"},{"@type":"BreadcrumbList","@id":"https:\/\/www.bellunopress.it\/2026\/04\/25\/lillusione-del-pollice-alzato-non-si-viene-eletti-con-con-i-like\/#breadcrumb","itemListElement":[{"@type":"ListItem","position":1,"name":"Home","item":"https:\/\/www.bellunopress.it\/"},{"@type":"ListItem","position":2,"name":"L\u2019illusione del pollice alzato: non si viene eletti con con i like"}]},{"@type":"WebSite","@id":"https:\/\/www.bellunopress.it\/#website","url":"https:\/\/www.bellunopress.it\/","name":"Bellunopress - Dolomiti","description":"e-mail: redazione@bellunopress.it","publisher":{"@id":"https:\/\/www.bellunopress.it\/#organization"},"potentialAction":[{"@type":"SearchAction","target":{"@type":"EntryPoint","urlTemplate":"https:\/\/www.bellunopress.it\/?s={search_term_string}"},"query-input":{"@type":"PropertyValueSpecification","valueRequired":true,"valueName":"search_term_string"}}],"inLanguage":"fr-FR"},{"@type":"Organization","@id":"https:\/\/www.bellunopress.it\/#organization","name":"Bellunopress","url":"https:\/\/www.bellunopress.it\/","logo":{"@type":"ImageObject","inLanguage":"fr-FR","@id":"https:\/\/www.bellunopress.it\/#\/schema\/logo\/image\/","url":"https:\/\/www.bellunopress.it\/wp-content\/uploads\/2011\/05\/cropped-logo-bellunopress-.jpg","contentUrl":"https:\/\/www.bellunopress.it\/wp-content\/uploads\/2011\/05\/cropped-logo-bellunopress-.jpg","width":512,"height":512,"caption":"Bellunopress"},"image":{"@id":"https:\/\/www.bellunopress.it\/#\/schema\/logo\/image\/"},"sameAs":["https:\/\/www.facebook.com\/profile.php?id=100008943462799","https:\/\/x.com\/bellunopress","https:\/\/www.linkedin.com\/hp\/?dnr=JBzUWaJfMUw8vbXJJ2tVW5-I3jZKvC4wsoxE&amp;amp;amp;amp;amp;amp;trk=nav_responsive_tab_home","https:\/\/www.youtube.com\/channel\/UCxL0wu1uN0_3_7hGG0306cw"]},{"@type":"Person","@id":"https:\/\/www.bellunopress.it\/#\/schema\/person\/79bb06722b37ece1c03d3e94beb30d73","name":"r\u00e9daction","image":{"@type":"ImageObject","inLanguage":"fr-FR","@id":"https:\/\/secure.gravatar.com\/avatar\/37d968a2e67a6fd04c169c4bdef102d0bc5d31b2546345219e348575eb80e9a0?s=96&d=mm&r=g","url":"https:\/\/secure.gravatar.com\/avatar\/37d968a2e67a6fd04c169c4bdef102d0bc5d31b2546345219e348575eb80e9a0?s=96&d=mm&r=g","contentUrl":"https:\/\/secure.gravatar.com\/avatar\/37d968a2e67a6fd04c169c4bdef102d0bc5d31b2546345219e348575eb80e9a0?s=96&d=mm&r=g","caption":"redazione"},"sameAs":["http:\/\/www.bellunopress.it","https:\/\/x.com\/bellunopress"],"url":"https:\/\/www.bellunopress.it\/fr\/author\/redazione\/"}]}},"_links":{"self":[{"href":"https:\/\/www.bellunopress.it\/fr\/wp-json\/wp\/v2\/posts\/169488","targetHints":{"allow":["GET"]}}],"collection":[{"href":"https:\/\/www.bellunopress.it\/fr\/wp-json\/wp\/v2\/posts"}],"about":[{"href":"https:\/\/www.bellunopress.it\/fr\/wp-json\/wp\/v2\/types\/post"}],"author":[{"embeddable":true,"href":"https:\/\/www.bellunopress.it\/fr\/wp-json\/wp\/v2\/users\/2"}],"replies":[{"embeddable":true,"href":"https:\/\/www.bellunopress.it\/fr\/wp-json\/wp\/v2\/comments?post=169488"}],"version-history":[{"count":1,"href":"https:\/\/www.bellunopress.it\/fr\/wp-json\/wp\/v2\/posts\/169488\/revisions"}],"predecessor-version":[{"id":169489,"href":"https:\/\/www.bellunopress.it\/fr\/wp-json\/wp\/v2\/posts\/169488\/revisions\/169489"}],"wp:featuredmedia":[{"embeddable":true,"href":"https:\/\/www.bellunopress.it\/fr\/wp-json\/wp\/v2\/media\/112706"}],"wp:attachment":[{"href":"https:\/\/www.bellunopress.it\/fr\/wp-json\/wp\/v2\/media?parent=169488"}],"wp:term":[{"taxonomy":"category","embeddable":true,"href":"https:\/\/www.bellunopress.it\/fr\/wp-json\/wp\/v2\/categories?post=169488"},{"taxonomy":"post_tag","embeddable":true,"href":"https:\/\/www.bellunopress.it\/fr\/wp-json\/wp\/v2\/tags?post=169488"}],"curies":[{"name":"wp","href":"https:\/\/api.w.org\/{rel}","templated":true}]}}