{"id":169485,"date":"2026-04-25T10:10:22","date_gmt":"2026-04-25T08:10:22","guid":{"rendered":"https:\/\/www.bellunopress.it\/?p=169485"},"modified":"2026-04-25T07:15:16","modified_gmt":"2026-04-25T05:15:16","slug":"feltre-via-libera-al-progetto-di-riqualificazione-degli-spogliatoi-dello-stadio-zugni-tauro","status":"publish","type":"post","link":"https:\/\/www.bellunopress.it\/fr\/2026\/04\/25\/feltre-via-libera-al-progetto-di-riqualificazione-degli-spogliatoi-dello-stadio-zugni-tauro\/","title":{"rendered":"Feltre. Via libera al progetto di riqualificazione degli spogliatoi dello stadio Zugni Tauro"},"content":{"rendered":"<p>Feltre, 25\/04\/2026\u00a0 &#8211; Via libera della giunta comunale al progetto esecutivo per la riqualificazione dell\u2019area degli ex spogliatoi dello stadio Zugni Tauro.<\/p>\n<p>Un passaggio atteso, che sblocca definitivamente un intervento rimasto fermo per anni e che ora entra nella fase operativa, segnando un nuovo tassello nel pi\u00f9 ampio percorso di<br \/>\nrinnovamento dell\u2019impianto sportivo cittadino. \u201cCon questo progetto andiamo<br \/>\nfinalmente a risolvere una questione annosa che si trascinava da anni \u2013<br \/>\ndichiara il sindaco, Viviana Fusaro \u2013. Era un intervento atteso e necessario:<br \/>\noggi possiamo dire che questa amministrazione \u00e8 riuscita a sbloccarlo,<br \/>\nandando a completare il grande percorso di riqualificazione del nostro bello<br \/>\nstadio cittadino, punto di incontro tra generazioni e spazio in cui i valori sani<br \/>\ndello sport trovano espressione\u201d.<\/p>\n<p>L\u2019INTERVENTO<br \/>\nAl centro dell\u2019intervento c\u2019\u00e8 un fabbricato realizzato negli anni Sessanta, oggi<br \/>\ninutilizzato e in stato di abbandono. La scelta \u00e8 stata quella di procedere con<br \/>\nla demolizione completa per lasciare spazio a una nuova struttura, pi\u00f9<br \/>\nmoderna, sicura e adeguata alle esigenze attuali delle attivit\u00e0 sportive.<br \/>\nIl nuovo edificio sar\u00e0 destinato principalmente a deposito per le attrezzature<br \/>\ndell\u2019atletica leggera e sar\u00e0 affiancato da servizi igienici per gli atleti, suddivisi<br \/>\ntra uomini e donne, privi di barriere architettoniche e comprensivi di un bagno<br \/>\naccessibile. La volumetria rester\u00e0 simile a quella esistente, ma con una diversa<br \/>\norganizzazione degli spazi: un portico centrale garantir\u00e0 l\u2019accesso al deposito<br \/>\ne offrir\u00e0 una zona coperta utile anche per i mezzi di manutenzione.<br \/>\nTra le novit\u00e0 pi\u00f9 rilevanti c\u2019\u00e8 la realizzazione di un nuovo accesso carraio su<br \/>\nvia Venture, pensato per consentire l\u2019ingresso dei mezzi senza interferire con<br \/>\nla pista di atletica. Resta invece attivo l\u2019ingresso pedonale esistente, gi\u00e0 dotato<br \/>\ndi percorso accessibile. L\u2019area esterna sar\u00e0 completata con nuove<br \/>\npavimentazioni, una rampa carrabile e un collegamento diretto con la pista.<br \/>\n\u201cSi tratta di un intervento concreto e molto atteso dalle societ\u00e0 sportive \u2013<br \/>\nsottolinea l\u2019assessore allo sport Maurizio Zatta \u2013. Non solo andiamo a eliminare<br \/>\nuna struttura ormai inadeguata, ma creiamo nuovi spazi funzionali, sicuri e<br \/>\naccessibili, pensati per rispondere alle esigenze quotidiane dell\u2019atletica. \u00c8 un<br \/>\ntassello importante per rendere lo Zugni Tauro sempre pi\u00f9 moderno e fruibile\u201d.<br \/>\nIl quadro economico complessivo dell\u2019opera ammonta a 241 mila euro.<br \/>\nL\u2019intervento \u00e8 finanziato per 141 mila euro tramite mutuo dell\u2019Istituto per il<br \/>\nCredito Sportivo e Culturale e per i restanti 100 mila euro grazie a un contributo<br \/>\nregionale previsto dalla DGR n. 358 del 4 aprile 2024.<\/p>\n<p>STRUTTURA MODERNA E ACCESSIBILITA\u2019<br \/>\nDal punto di vista costruttivo, il fabbricato sar\u00e0 completamente rinnovato:<br \/>\nfondazioni in cemento armato, copertura piana impermeabilizzata e nuovi<br \/>\nimpianti tecnologici. Anche le finiture sono pensate per garantire durabilit\u00e0 e<br \/>\nfunzionalit\u00e0, in linea con l\u2019uso sportivo della struttura.<br \/>\nParticolare attenzione \u00e8 stata riservata all\u2019eliminazione delle barriere<br \/>\narchitettoniche. Il progetto garantisce infatti percorsi accessibili, pendenze<br \/>\ncontenute e spazi adeguati alla mobilit\u00e0 delle persone con disabilit\u00e0, in<br \/>\nconformit\u00e0 alla normativa vigente.<\/p>","protected":false},"excerpt":{"rendered":"<p>Feltre, 25\/04\/2026\u00a0 &#8211; Via libera della giunta comunale al progetto esecutivo per la riqualificazione dell\u2019area degli ex spogliatoi dello stadio Zugni Tauro. Un passaggio atteso, che sblocca definitivamente un intervento rimasto fermo per anni e che ora entra nella fase operativa, segnando un nuovo tassello nel pi\u00f9 ampio percorso di rinnovamento dell\u2019impianto sportivo cittadino. \u201cCon [&hellip;]<\/p>\n","protected":false},"author":2,"featured_media":169486,"comment_status":"closed","ping_status":"open","sticky":false,"template":"","format":"standard","meta":{"footnotes":""},"categories":[8,4],"tags":[],"class_list":["post-169485","post","type-post","status-publish","format-standard","has-post-thumbnail","category-societa-istituzioni","category-sport"],"yoast_head":"<!-- This site is optimized with the Yoast SEO plugin v28.4 - https:\/\/yoast.com\/product\/yoast-seo-wordpress\/ -->\n<title>Feltre. Via libera al progetto di riqualificazione degli spogliatoi dello stadio Zugni Tauro - Bellunopress - Dolomiti<\/title>\n<meta name=\"robots\" content=\"index, follow, max-snippet:-1, max-image-preview:large, max-video-preview:-1\" \/>\n<link rel=\"canonical\" href=\"https:\/\/www.bellunopress.it\/fr\/2026\/04\/25\/feltre-via-libera-al-progetto-di-riqualificazione-degli-spogliatoi-dello-stadio-zugni-tauro\/\" \/>\n<meta property=\"og:locale\" content=\"fr_FR\" \/>\n<meta property=\"og:type\" content=\"article\" \/>\n<meta property=\"og:title\" content=\"Feltre. Via libera al progetto di riqualificazione degli spogliatoi dello stadio Zugni Tauro - Bellunopress - Dolomiti\" \/>\n<meta property=\"og:description\" content=\"Feltre, 25\/04\/2026\u00a0 &#8211; Via libera della giunta comunale al progetto esecutivo per la riqualificazione dell\u2019area degli ex spogliatoi dello stadio Zugni Tauro. Un passaggio atteso, che sblocca definitivamente un intervento rimasto fermo per anni e che ora entra nella fase operativa, segnando un nuovo tassello nel pi\u00f9 ampio percorso di rinnovamento dell\u2019impianto sportivo cittadino. \u201cCon [&hellip;]\" \/>\n<meta property=\"og:url\" content=\"https:\/\/www.bellunopress.it\/fr\/2026\/04\/25\/feltre-via-libera-al-progetto-di-riqualificazione-degli-spogliatoi-dello-stadio-zugni-tauro\/\" \/>\n<meta property=\"og:site_name\" content=\"Bellunopress - Dolomiti\" \/>\n<meta property=\"article:publisher\" content=\"https:\/\/www.facebook.com\/profile.php?id=100008943462799\" \/>\n<meta property=\"article:published_time\" content=\"2026-04-25T08:10:22+00:00\" \/>\n<meta property=\"og:image\" content=\"https:\/\/www.bellunopress.it\/wp-content\/uploads\/2026\/04\/Ex-spogliatoi-stadio-Zugni-Tauro-Feltre.jpeg\" \/>\n\t<meta property=\"og:image:width\" content=\"600\" \/>\n\t<meta property=\"og:image:height\" content=\"337\" \/>\n\t<meta property=\"og:image:type\" content=\"image\/jpeg\" \/>\n<meta name=\"author\" content=\"redazione\" \/>\n<meta name=\"twitter:card\" content=\"summary_large_image\" \/>\n<meta name=\"twitter:creator\" content=\"@bellunopress\" \/>\n<meta name=\"twitter:site\" content=\"@bellunopress\" \/>\n<meta name=\"twitter:label1\" content=\"\u00c9crit par\" \/>\n\t<meta name=\"twitter:data1\" content=\"redazione\" \/>\n\t<meta name=\"twitter:label2\" content=\"Dur\u00e9e de lecture estim\u00e9e\" \/>\n\t<meta name=\"twitter:data2\" content=\"2 minutes\" \/>\n<script type=\"application\/ld+json\" class=\"yoast-schema-graph\">{\"@context\":\"https:\\\/\\\/schema.org\",\"@graph\":[{\"@type\":\"Article\",\"@id\":\"https:\\\/\\\/www.bellunopress.it\\\/2026\\\/04\\\/25\\\/feltre-via-libera-al-progetto-di-riqualificazione-degli-spogliatoi-dello-stadio-zugni-tauro\\\/#article\",\"isPartOf\":{\"@id\":\"https:\\\/\\\/www.bellunopress.it\\\/2026\\\/04\\\/25\\\/feltre-via-libera-al-progetto-di-riqualificazione-degli-spogliatoi-dello-stadio-zugni-tauro\\\/\"},\"author\":{\"name\":\"redazione\",\"@id\":\"https:\\\/\\\/www.bellunopress.it\\\/#\\\/schema\\\/person\\\/79bb06722b37ece1c03d3e94beb30d73\"},\"headline\":\"Feltre. Via libera al progetto di riqualificazione degli spogliatoi dello stadio Zugni Tauro\",\"datePublished\":\"2026-04-25T08:10:22+00:00\",\"mainEntityOfPage\":{\"@id\":\"https:\\\/\\\/www.bellunopress.it\\\/2026\\\/04\\\/25\\\/feltre-via-libera-al-progetto-di-riqualificazione-degli-spogliatoi-dello-stadio-zugni-tauro\\\/\"},\"wordCount\":486,\"publisher\":{\"@id\":\"https:\\\/\\\/www.bellunopress.it\\\/#organization\"},\"image\":{\"@id\":\"https:\\\/\\\/www.bellunopress.it\\\/2026\\\/04\\\/25\\\/feltre-via-libera-al-progetto-di-riqualificazione-degli-spogliatoi-dello-stadio-zugni-tauro\\\/#primaryimage\"},\"thumbnailUrl\":\"https:\\\/\\\/www.bellunopress.it\\\/wp-content\\\/uploads\\\/2026\\\/04\\\/Ex-spogliatoi-stadio-Zugni-Tauro-Feltre.jpeg\",\"articleSection\":[\"Societ\u00e0, Associazioni, Istituzioni\",\"Sport, tempo libero\"],\"inLanguage\":\"fr-FR\"},{\"@type\":\"WebPage\",\"@id\":\"https:\\\/\\\/www.bellunopress.it\\\/2026\\\/04\\\/25\\\/feltre-via-libera-al-progetto-di-riqualificazione-degli-spogliatoi-dello-stadio-zugni-tauro\\\/\",\"url\":\"https:\\\/\\\/www.bellunopress.it\\\/2026\\\/04\\\/25\\\/feltre-via-libera-al-progetto-di-riqualificazione-degli-spogliatoi-dello-stadio-zugni-tauro\\\/\",\"name\":\"Feltre. Via libera al progetto di riqualificazione degli spogliatoi dello stadio Zugni Tauro - Bellunopress - Dolomiti\",\"isPartOf\":{\"@id\":\"https:\\\/\\\/www.bellunopress.it\\\/#website\"},\"primaryImageOfPage\":{\"@id\":\"https:\\\/\\\/www.bellunopress.it\\\/2026\\\/04\\\/25\\\/feltre-via-libera-al-progetto-di-riqualificazione-degli-spogliatoi-dello-stadio-zugni-tauro\\\/#primaryimage\"},\"image\":{\"@id\":\"https:\\\/\\\/www.bellunopress.it\\\/2026\\\/04\\\/25\\\/feltre-via-libera-al-progetto-di-riqualificazione-degli-spogliatoi-dello-stadio-zugni-tauro\\\/#primaryimage\"},\"thumbnailUrl\":\"https:\\\/\\\/www.bellunopress.it\\\/wp-content\\\/uploads\\\/2026\\\/04\\\/Ex-spogliatoi-stadio-Zugni-Tauro-Feltre.jpeg\",\"datePublished\":\"2026-04-25T08:10:22+00:00\",\"breadcrumb\":{\"@id\":\"https:\\\/\\\/www.bellunopress.it\\\/2026\\\/04\\\/25\\\/feltre-via-libera-al-progetto-di-riqualificazione-degli-spogliatoi-dello-stadio-zugni-tauro\\\/#breadcrumb\"},\"inLanguage\":\"fr-FR\",\"potentialAction\":[{\"@type\":\"ReadAction\",\"target\":[\"https:\\\/\\\/www.bellunopress.it\\\/2026\\\/04\\\/25\\\/feltre-via-libera-al-progetto-di-riqualificazione-degli-spogliatoi-dello-stadio-zugni-tauro\\\/\"]}]},{\"@type\":\"ImageObject\",\"inLanguage\":\"fr-FR\",\"@id\":\"https:\\\/\\\/www.bellunopress.it\\\/2026\\\/04\\\/25\\\/feltre-via-libera-al-progetto-di-riqualificazione-degli-spogliatoi-dello-stadio-zugni-tauro\\\/#primaryimage\",\"url\":\"https:\\\/\\\/www.bellunopress.it\\\/wp-content\\\/uploads\\\/2026\\\/04\\\/Ex-spogliatoi-stadio-Zugni-Tauro-Feltre.jpeg\",\"contentUrl\":\"https:\\\/\\\/www.bellunopress.it\\\/wp-content\\\/uploads\\\/2026\\\/04\\\/Ex-spogliatoi-stadio-Zugni-Tauro-Feltre.jpeg\",\"width\":600,\"height\":337,\"caption\":\"Stato attuale degli spogliatoi dello stadio Zugni Tauro a Feltre\"},{\"@type\":\"BreadcrumbList\",\"@id\":\"https:\\\/\\\/www.bellunopress.it\\\/2026\\\/04\\\/25\\\/feltre-via-libera-al-progetto-di-riqualificazione-degli-spogliatoi-dello-stadio-zugni-tauro\\\/#breadcrumb\",\"itemListElement\":[{\"@type\":\"ListItem\",\"position\":1,\"name\":\"Home\",\"item\":\"https:\\\/\\\/www.bellunopress.it\\\/\"},{\"@type\":\"ListItem\",\"position\":2,\"name\":\"Feltre. Via libera al progetto di riqualificazione degli spogliatoi dello stadio Zugni Tauro\"}]},{\"@type\":\"WebSite\",\"@id\":\"https:\\\/\\\/www.bellunopress.it\\\/#website\",\"url\":\"https:\\\/\\\/www.bellunopress.it\\\/\",\"name\":\"Bellunopress - Dolomiti\",\"description\":\"e-mail: redazione@bellunopress.it\",\"publisher\":{\"@id\":\"https:\\\/\\\/www.bellunopress.it\\\/#organization\"},\"potentialAction\":[{\"@type\":\"SearchAction\",\"target\":{\"@type\":\"EntryPoint\",\"urlTemplate\":\"https:\\\/\\\/www.bellunopress.it\\\/?s={search_term_string}\"},\"query-input\":{\"@type\":\"PropertyValueSpecification\",\"valueRequired\":true,\"valueName\":\"search_term_string\"}}],\"inLanguage\":\"fr-FR\"},{\"@type\":\"Organization\",\"@id\":\"https:\\\/\\\/www.bellunopress.it\\\/#organization\",\"name\":\"Bellunopress\",\"url\":\"https:\\\/\\\/www.bellunopress.it\\\/\",\"logo\":{\"@type\":\"ImageObject\",\"inLanguage\":\"fr-FR\",\"@id\":\"https:\\\/\\\/www.bellunopress.it\\\/#\\\/schema\\\/logo\\\/image\\\/\",\"url\":\"https:\\\/\\\/www.bellunopress.it\\\/wp-content\\\/uploads\\\/2011\\\/05\\\/cropped-logo-bellunopress-.jpg\",\"contentUrl\":\"https:\\\/\\\/www.bellunopress.it\\\/wp-content\\\/uploads\\\/2011\\\/05\\\/cropped-logo-bellunopress-.jpg\",\"width\":512,\"height\":512,\"caption\":\"Bellunopress\"},\"image\":{\"@id\":\"https:\\\/\\\/www.bellunopress.it\\\/#\\\/schema\\\/logo\\\/image\\\/\"},\"sameAs\":[\"https:\\\/\\\/www.facebook.com\\\/profile.php?id=100008943462799\",\"https:\\\/\\\/x.com\\\/bellunopress\",\"https:\\\/\\\/www.linkedin.com\\\/hp\\\/?dnr=JBzUWaJfMUw8vbXJJ2tVW5-I3jZKvC4wsoxE&amp;amp;amp;amp;amp;amp;trk=nav_responsive_tab_home\",\"https:\\\/\\\/www.youtube.com\\\/channel\\\/UCxL0wu1uN0_3_7hGG0306cw\"]},{\"@type\":\"Person\",\"@id\":\"https:\\\/\\\/www.bellunopress.it\\\/#\\\/schema\\\/person\\\/79bb06722b37ece1c03d3e94beb30d73\",\"name\":\"redazione\",\"image\":{\"@type\":\"ImageObject\",\"inLanguage\":\"fr-FR\",\"@id\":\"https:\\\/\\\/secure.gravatar.com\\\/avatar\\\/37d968a2e67a6fd04c169c4bdef102d0bc5d31b2546345219e348575eb80e9a0?s=96&d=mm&r=g\",\"url\":\"https:\\\/\\\/secure.gravatar.com\\\/avatar\\\/37d968a2e67a6fd04c169c4bdef102d0bc5d31b2546345219e348575eb80e9a0?s=96&d=mm&r=g\",\"contentUrl\":\"https:\\\/\\\/secure.gravatar.com\\\/avatar\\\/37d968a2e67a6fd04c169c4bdef102d0bc5d31b2546345219e348575eb80e9a0?s=96&d=mm&r=g\",\"caption\":\"redazione\"},\"sameAs\":[\"http:\\\/\\\/www.bellunopress.it\",\"https:\\\/\\\/x.com\\\/bellunopress\"],\"url\":\"https:\\\/\\\/www.bellunopress.it\\\/fr\\\/author\\\/redazione\\\/\"}]}<\/script>\n<!-- \/ Yoast SEO plugin. -->","yoast_head_json":{"title":"Feltre. Via libera al progetto di riqualificazione degli spogliatoi dello stadio Zugni Tauro - Bellunopress - Dolomiti","robots":{"index":"index","follow":"follow","max-snippet":"max-snippet:-1","max-image-preview":"max-image-preview:large","max-video-preview":"max-video-preview:-1"},"canonical":"https:\/\/www.bellunopress.it\/fr\/2026\/04\/25\/feltre-via-libera-al-progetto-di-riqualificazione-degli-spogliatoi-dello-stadio-zugni-tauro\/","og_locale":"fr_FR","og_type":"article","og_title":"Feltre. Via libera al progetto di riqualificazione degli spogliatoi dello stadio Zugni Tauro - Bellunopress - Dolomiti","og_description":"Feltre, 25\/04\/2026\u00a0 &#8211; Via libera della giunta comunale al progetto esecutivo per la riqualificazione dell\u2019area degli ex spogliatoi dello stadio Zugni Tauro. Un passaggio atteso, che sblocca definitivamente un intervento rimasto fermo per anni e che ora entra nella fase operativa, segnando un nuovo tassello nel pi\u00f9 ampio percorso di rinnovamento dell\u2019impianto sportivo cittadino. \u201cCon [&hellip;]","og_url":"https:\/\/www.bellunopress.it\/fr\/2026\/04\/25\/feltre-via-libera-al-progetto-di-riqualificazione-degli-spogliatoi-dello-stadio-zugni-tauro\/","og_site_name":"Bellunopress - Dolomiti","article_publisher":"https:\/\/www.facebook.com\/profile.php?id=100008943462799","article_published_time":"2026-04-25T08:10:22+00:00","og_image":[{"width":600,"height":337,"url":"https:\/\/www.bellunopress.it\/wp-content\/uploads\/2026\/04\/Ex-spogliatoi-stadio-Zugni-Tauro-Feltre.jpeg","type":"image\/jpeg"}],"author":"redazione","twitter_card":"summary_large_image","twitter_creator":"@bellunopress","twitter_site":"@bellunopress","twitter_misc":{"\u00c9crit par":"redazione","Dur\u00e9e de lecture estim\u00e9e":"2 minutes"},"schema":{"@context":"https:\/\/schema.org","@graph":[{"@type":"Article","@id":"https:\/\/www.bellunopress.it\/2026\/04\/25\/feltre-via-libera-al-progetto-di-riqualificazione-degli-spogliatoi-dello-stadio-zugni-tauro\/#article","isPartOf":{"@id":"https:\/\/www.bellunopress.it\/2026\/04\/25\/feltre-via-libera-al-progetto-di-riqualificazione-degli-spogliatoi-dello-stadio-zugni-tauro\/"},"author":{"name":"redazione","@id":"https:\/\/www.bellunopress.it\/#\/schema\/person\/79bb06722b37ece1c03d3e94beb30d73"},"headline":"Feltre. Via libera al progetto di riqualificazione degli spogliatoi dello stadio Zugni Tauro","datePublished":"2026-04-25T08:10:22+00:00","mainEntityOfPage":{"@id":"https:\/\/www.bellunopress.it\/2026\/04\/25\/feltre-via-libera-al-progetto-di-riqualificazione-degli-spogliatoi-dello-stadio-zugni-tauro\/"},"wordCount":486,"publisher":{"@id":"https:\/\/www.bellunopress.it\/#organization"},"image":{"@id":"https:\/\/www.bellunopress.it\/2026\/04\/25\/feltre-via-libera-al-progetto-di-riqualificazione-degli-spogliatoi-dello-stadio-zugni-tauro\/#primaryimage"},"thumbnailUrl":"https:\/\/www.bellunopress.it\/wp-content\/uploads\/2026\/04\/Ex-spogliatoi-stadio-Zugni-Tauro-Feltre.jpeg","articleSection":["Societ\u00e0, Associazioni, Istituzioni","Sport, tempo libero"],"inLanguage":"fr-FR"},{"@type":"WebPage","@id":"https:\/\/www.bellunopress.it\/2026\/04\/25\/feltre-via-libera-al-progetto-di-riqualificazione-degli-spogliatoi-dello-stadio-zugni-tauro\/","url":"https:\/\/www.bellunopress.it\/2026\/04\/25\/feltre-via-libera-al-progetto-di-riqualificazione-degli-spogliatoi-dello-stadio-zugni-tauro\/","name":"Feltre. Via libera al progetto di riqualificazione degli spogliatoi dello stadio Zugni Tauro - Bellunopress - Dolomiti","isPartOf":{"@id":"https:\/\/www.bellunopress.it\/#website"},"primaryImageOfPage":{"@id":"https:\/\/www.bellunopress.it\/2026\/04\/25\/feltre-via-libera-al-progetto-di-riqualificazione-degli-spogliatoi-dello-stadio-zugni-tauro\/#primaryimage"},"image":{"@id":"https:\/\/www.bellunopress.it\/2026\/04\/25\/feltre-via-libera-al-progetto-di-riqualificazione-degli-spogliatoi-dello-stadio-zugni-tauro\/#primaryimage"},"thumbnailUrl":"https:\/\/www.bellunopress.it\/wp-content\/uploads\/2026\/04\/Ex-spogliatoi-stadio-Zugni-Tauro-Feltre.jpeg","datePublished":"2026-04-25T08:10:22+00:00","breadcrumb":{"@id":"https:\/\/www.bellunopress.it\/2026\/04\/25\/feltre-via-libera-al-progetto-di-riqualificazione-degli-spogliatoi-dello-stadio-zugni-tauro\/#breadcrumb"},"inLanguage":"fr-FR","potentialAction":[{"@type":"ReadAction","target":["https:\/\/www.bellunopress.it\/2026\/04\/25\/feltre-via-libera-al-progetto-di-riqualificazione-degli-spogliatoi-dello-stadio-zugni-tauro\/"]}]},{"@type":"ImageObject","inLanguage":"fr-FR","@id":"https:\/\/www.bellunopress.it\/2026\/04\/25\/feltre-via-libera-al-progetto-di-riqualificazione-degli-spogliatoi-dello-stadio-zugni-tauro\/#primaryimage","url":"https:\/\/www.bellunopress.it\/wp-content\/uploads\/2026\/04\/Ex-spogliatoi-stadio-Zugni-Tauro-Feltre.jpeg","contentUrl":"https:\/\/www.bellunopress.it\/wp-content\/uploads\/2026\/04\/Ex-spogliatoi-stadio-Zugni-Tauro-Feltre.jpeg","width":600,"height":337,"caption":"Stato attuale degli spogliatoi dello stadio Zugni Tauro a Feltre"},{"@type":"BreadcrumbList","@id":"https:\/\/www.bellunopress.it\/2026\/04\/25\/feltre-via-libera-al-progetto-di-riqualificazione-degli-spogliatoi-dello-stadio-zugni-tauro\/#breadcrumb","itemListElement":[{"@type":"ListItem","position":1,"name":"Home","item":"https:\/\/www.bellunopress.it\/"},{"@type":"ListItem","position":2,"name":"Feltre. Via libera al progetto di riqualificazione degli spogliatoi dello stadio Zugni Tauro"}]},{"@type":"WebSite","@id":"https:\/\/www.bellunopress.it\/#website","url":"https:\/\/www.bellunopress.it\/","name":"Bellunopress - Dolomiti","description":"e-mail: redazione@bellunopress.it","publisher":{"@id":"https:\/\/www.bellunopress.it\/#organization"},"potentialAction":[{"@type":"SearchAction","target":{"@type":"EntryPoint","urlTemplate":"https:\/\/www.bellunopress.it\/?s={search_term_string}"},"query-input":{"@type":"PropertyValueSpecification","valueRequired":true,"valueName":"search_term_string"}}],"inLanguage":"fr-FR"},{"@type":"Organization","@id":"https:\/\/www.bellunopress.it\/#organization","name":"Bellunopress","url":"https:\/\/www.bellunopress.it\/","logo":{"@type":"ImageObject","inLanguage":"fr-FR","@id":"https:\/\/www.bellunopress.it\/#\/schema\/logo\/image\/","url":"https:\/\/www.bellunopress.it\/wp-content\/uploads\/2011\/05\/cropped-logo-bellunopress-.jpg","contentUrl":"https:\/\/www.bellunopress.it\/wp-content\/uploads\/2011\/05\/cropped-logo-bellunopress-.jpg","width":512,"height":512,"caption":"Bellunopress"},"image":{"@id":"https:\/\/www.bellunopress.it\/#\/schema\/logo\/image\/"},"sameAs":["https:\/\/www.facebook.com\/profile.php?id=100008943462799","https:\/\/x.com\/bellunopress","https:\/\/www.linkedin.com\/hp\/?dnr=JBzUWaJfMUw8vbXJJ2tVW5-I3jZKvC4wsoxE&amp;amp;amp;amp;amp;amp;trk=nav_responsive_tab_home","https:\/\/www.youtube.com\/channel\/UCxL0wu1uN0_3_7hGG0306cw"]},{"@type":"Person","@id":"https:\/\/www.bellunopress.it\/#\/schema\/person\/79bb06722b37ece1c03d3e94beb30d73","name":"r\u00e9daction","image":{"@type":"ImageObject","inLanguage":"fr-FR","@id":"https:\/\/secure.gravatar.com\/avatar\/37d968a2e67a6fd04c169c4bdef102d0bc5d31b2546345219e348575eb80e9a0?s=96&d=mm&r=g","url":"https:\/\/secure.gravatar.com\/avatar\/37d968a2e67a6fd04c169c4bdef102d0bc5d31b2546345219e348575eb80e9a0?s=96&d=mm&r=g","contentUrl":"https:\/\/secure.gravatar.com\/avatar\/37d968a2e67a6fd04c169c4bdef102d0bc5d31b2546345219e348575eb80e9a0?s=96&d=mm&r=g","caption":"redazione"},"sameAs":["http:\/\/www.bellunopress.it","https:\/\/x.com\/bellunopress"],"url":"https:\/\/www.bellunopress.it\/fr\/author\/redazione\/"}]}},"_links":{"self":[{"href":"https:\/\/www.bellunopress.it\/fr\/wp-json\/wp\/v2\/posts\/169485","targetHints":{"allow":["GET"]}}],"collection":[{"href":"https:\/\/www.bellunopress.it\/fr\/wp-json\/wp\/v2\/posts"}],"about":[{"href":"https:\/\/www.bellunopress.it\/fr\/wp-json\/wp\/v2\/types\/post"}],"author":[{"embeddable":true,"href":"https:\/\/www.bellunopress.it\/fr\/wp-json\/wp\/v2\/users\/2"}],"replies":[{"embeddable":true,"href":"https:\/\/www.bellunopress.it\/fr\/wp-json\/wp\/v2\/comments?post=169485"}],"version-history":[{"count":1,"href":"https:\/\/www.bellunopress.it\/fr\/wp-json\/wp\/v2\/posts\/169485\/revisions"}],"predecessor-version":[{"id":169487,"href":"https:\/\/www.bellunopress.it\/fr\/wp-json\/wp\/v2\/posts\/169485\/revisions\/169487"}],"wp:featuredmedia":[{"embeddable":true,"href":"https:\/\/www.bellunopress.it\/fr\/wp-json\/wp\/v2\/media\/169486"}],"wp:attachment":[{"href":"https:\/\/www.bellunopress.it\/fr\/wp-json\/wp\/v2\/media?parent=169485"}],"wp:term":[{"taxonomy":"category","embeddable":true,"href":"https:\/\/www.bellunopress.it\/fr\/wp-json\/wp\/v2\/categories?post=169485"},{"taxonomy":"post_tag","embeddable":true,"href":"https:\/\/www.bellunopress.it\/fr\/wp-json\/wp\/v2\/tags?post=169485"}],"curies":[{"name":"wp","href":"https:\/\/api.w.org\/{rel}","templated":true}]}}