{"id":169482,"date":"2026-04-25T10:45:11","date_gmt":"2026-04-25T08:45:11","guid":{"rendered":"https:\/\/www.bellunopress.it\/?p=169482"},"modified":"2026-04-25T07:06:38","modified_gmt":"2026-04-25T05:06:38","slug":"apre-la-mostra-peggy-guggenheim-a-londra-nascita-di-una-collezionista-dal-25-aprile-alla-collezione-peggy-guggenheim-di-venezia","status":"publish","type":"post","link":"https:\/\/www.bellunopress.it\/fr\/2026\/04\/25\/apre-la-mostra-peggy-guggenheim-a-londra-nascita-di-una-collezionista-dal-25-aprile-alla-collezione-peggy-guggenheim-di-venezia\/","title":{"rendered":"Apre la mostra Peggy Guggenheim a Londra. Nascita di una collezionista.\u00a0Dal 25 aprile alla Collezione Peggy Guggenheim di Venezia"},"content":{"rendered":"<p>Venezia, 25 aprile 2026 &#8211; \u00c8 stata presentata ieri alla stampa Peggy Guggenheim a Londra. Nascita di una collezionista a cura di Gra\u017eina Subelyt\u0117, Curator, Collezione Peggy Guggenheim, e Simon Grant, Guest Curator, allestita negli spazi espositivi della Collezione Peggy Guggenheim dal 25 aprile al 19 ottobre, 2026.<\/p>\n<p>Dopo un saluto ai numerosissimi giornalisti e ospiti presenti, la direttrice Karole P. B. Vail ha sottolineato l&#8217;importanza di questo prezioso omaggio a Peggy Guggenheim, che aggiunge un tassello fondamentale e assolutamente poco noto nella storia del collezionismo della mecenate. &#8220;Si tratta della pi\u00f9 grande mostra mai realizzata in ambito museale dedicata all&#8217;avventura londinese di Peggy Guggenheim e della sua prima galleria, Guggenheim Jeune, attiva a Cork Street tra il 1938 e il 1939&#8221; spiega Vail. &#8220;Nell&#8217;arco di diciotto mesi, dal gennaio del 1938 al giugno del 1939, la galleria Guggenheim Jeune sar\u00e0 un punto di riferimento per le avanguardie dell&#8217;epoca, nota per la promozione e valorizzazione di artisti locali e internazionali, molti dei quali legati alle tendenze artistiche dell&#8217;astrazione e del Surrealismo. Credo oggi non ci sia luogo migliore per questo tributo se non la Collezione Peggy Guggenheim&#8221;.<\/p>\n<p>&#8220;Questa mostra, che nasce oltre sei anni fa, getta finalmente luce sul momento determinante in cui Guggenheim inizia la sua attivit\u00e0 di collezionista, mecenate e gallerista&#8221; prosegue la curatrice Subelyt\u0117. &#8220;Nonostante l&#8217;attivit\u00e0 di Guggenheim Jeune, un nome arguto, sia drasticamente interrotta dallo scoppio della Seconda guerra mondiale, la galleria esercita un impatto duraturo sulla scena artistica moderna e contemporanea londinese. Nella capitale non mancano le gallerie che espongono arte moderna, ma le istituzioni tendono ad adottare un atteggiamento pi\u00f9 tradizionale. Non \u00e8 esagerato affermare che l&#8217;arrivo di Guggenheim a Londra segna un nuovo inizio e un momento decisivo per l&#8217;arte moderna e contemporanea britannica&#8221;.<\/p>\n<p>&#8220;L&#8217;organizzazione di questa mostra ci ha offerto l&#8217;impareggiabile opportunit\u00e0 di riesaminare gli anni che Peggy Guggenheim trascorre in Gran Bretagna e la storia della sua galleria Guggenheim Jeune, e quindi di aprire nuove strade alla ricerca&#8221;, conclude Grant, guest curator. &#8220;Quanto abbiamo compreso, ha plasmato in maniera profonda e duratura questo progetto. Siamo veramente grati a chi si \u00e8 unito a noi nel rinnovare l&#8217;attenzione su questo momento essenziale della storia di Peggy Guggenheim&#8221;<\/p>\n<p>L&#8217;esposizione riunisce un centinaio di opere chiave, provenienti da importanti istituzioni internazionali e collezioni private, esposte in occasione di quelle mostre pionieristiche, oltre a lavori simili appartenenti allo stesso periodo, e a opere di artisti che Guggenheim avrebbe successivamente collezionato. Tra questi figurano, tra gli altri, Eileen Agar, Jean (Hans) Arp, Barbara Hepworth, Vasily Kandinsky, Rita Kernn-Larsen, Piet Mondrian, Henry Moore, Cedric Morris, Sophie Taeuber-Arp e Yves Tanguy. Il percorso espositivo include dipinti, sculture, opere su carta, fotografie, pupazzi e materiali d&#8217;archivio, restituendo la straordinaria variet\u00e0 dei linguaggi presentati nella galleria e documentando un&#8217;epoca di intensa sperimentazione artistica e fermento culturale, segnata da profonde tensioni sociali e politiche alle soglie della Seconda guerra mondiale. Centrale \u00e8 anche la dimensione relazionale dell&#8217;esperienza londinese di Guggenheim: la mostra mette in luce il ruolo determinante delle sue amicizie e collaborazioni con figure chiave del modernismo, tra cui Arp, Samuel Beckett, Marcel Duchamp, Roland Penrose, Herbert Read, e Mary Reynolds nonch\u00e9 l&#8217;importanza della rete di galleristi e intellettuali attivi nella Londra di quegli anni.<\/p>\n<p>Il percorso espositivo si apre con opere chiave dell&#8217;astrazione e del Surrealismo esposte durante la breve ma intensa attivit\u00e0 di Guggenheim Jeune, che riflettono le principali tendenze artistiche alla base del programma della galleria. Le sale successive sono dedicate alle singole esposizioni organizzate in questo spazio, tra cui quelle consacrate a Kandinsky, all&#8217;artista russa Marie Vassilieff, creatrice del genere delle &#8220;bambole artistiche&#8221; e figura di riferimento per una pratica transdisciplinare, e alla mostra di scultura contemporanea, che rappresent\u00f2 un evento di primo piano nella storia culturale londinese del periodo prebellico, dimostrando il ruolo determinante di Guggenheim nella promozione e nell&#8217;accettazione dell&#8217;arte moderna e astratta in Gran Bretagna. Si prosegue con i ritratti di Cedric Morris, artista gallese al centro della scena dell&#8217;avanguardia britannica, mentre una sala sar\u00e0 dedicata alle esposizioni del pittore statunitense Charles Howard, dello scultore tedesco Heinz Henghes, e alla mostra dello Studio 17, laboratorio di incisione fondato da Stanley William Hayter. Segue un omaggio alla storica esposizione Abstract and Concrete Art, con opere di artisti quali Mondrian, Taeuber-Arp e Van Doesburg. Non mancher\u00e0 una sala dedicata ai ritratti fotografici a colori di Gis\u00e8le Freund, presentati originariamente a Guggenheim Jeune in forma di proiezione: una modalit\u00e0 espositiva che l&#8217;artista predilesse per tutta la vita per mostrare le sue trasparenze a colori dedicate ad artisti e intellettuali. Le sale finali riuniscono infine opere di quegli artisti inclusi nella mostra sul collage e nelle diverse esposizioni dedicate al Surrealismo, tra cui Kernn-Larsen, Andr\u00e9 Masson, Reuben Mednikoff, Wolfgang Paalen, Grace Pailthorpe, Man Ray, Tanguy e John Tunnard.<\/p>\n<p>La mostra vuole inoltre essere un omaggio all&#8217;amore che leg\u00f2 Peggy Guggenheim all&#8217;Inghilterra, che sempre consider\u00f2 propria patria spirituale e con cui mantenne numerosi legami. In un&#8217;intervista del 1976, riflettendo sulla propria vita, dichiar\u00f2: &#8220;Sono innamorata di Venezia da cinquant&#8217;anni. Se non vivessi qui, vivrei nella campagna inglese&#8221;.<\/p>\n<p>Peggy Guggenheim a Londra. Nascita di una collezionista sar\u00e0 accompagnata da un ricco catalogo illustrato, edito da Collezione Peggy Guggenheim e distribuito da Marsilio Arte, che include nuovi saggi critici di numerosi studiosi e storici dell&#8217;arte.<\/p>\n<p>Completa l&#8217;esposizione un articolato programma di attivit\u00e0 collaterali gratuite, volte ad approfondire e interpretare il percorso espositivo, realizzate grazie alla Fondazione Araldi Guinetti, Vaduz.<\/p>\n<p>Dopo la tappa veneziana, Peggy Guggenheim a Londra. Nascita di una collezionista sar\u00e0 presentata alla Royal Academy of Arts di Londra dal 21 novembre 2026 al 14 marzo 2027, rafforzando il dialogo internazionale attorno a una figura centrale della storia dell&#8217;arte del XX secolo e al contesto che ne ha segnato la formazione, e al Guggenheim New York dal 16 aprile al 12 settembre, 2027.<\/p>\n<p>A Venezia la mostra \u00e8 resa possibile grazie al generoso sostegno di The KHR McNeely Family Foundation, Kevin, Rosemary e Hannah Rose McNeely.<\/p>\n<p>&nbsp;<\/p>\n<p>&nbsp;<\/p>","protected":false},"excerpt":{"rendered":"<p>Venezia, 25 aprile 2026 &#8211; \u00c8 stata presentata ieri alla stampa Peggy Guggenheim a Londra. Nascita di una collezionista a cura di Gra\u017eina Subelyt\u0117, Curator, Collezione Peggy Guggenheim, e Simon Grant, Guest Curator, allestita negli spazi espositivi della Collezione Peggy Guggenheim dal 25 aprile al 19 ottobre, 2026. Dopo un saluto ai numerosissimi giornalisti e [&hellip;]<\/p>\n","protected":false},"author":2,"featured_media":169483,"comment_status":"closed","ping_status":"open","sticky":false,"template":"","format":"standard","meta":{"footnotes":""},"categories":[3394,25],"tags":[],"class_list":["post-169482","post","type-post","status-publish","format-standard","has-post-thumbnail","category-cultura-e-spettacoli-fuori-provincia","category-pausa-caffe"],"yoast_head":"<!-- This site is optimized with the Yoast SEO plugin v28.4 - https:\/\/yoast.com\/product\/yoast-seo-wordpress\/ -->\n<title>Apre la mostra Peggy Guggenheim a Londra. Nascita di una collezionista.\u00a0Dal 25 aprile alla Collezione Peggy Guggenheim di Venezia - Bellunopress - Dolomiti<\/title>\n<meta name=\"robots\" content=\"index, follow, max-snippet:-1, max-image-preview:large, max-video-preview:-1\" \/>\n<link rel=\"canonical\" href=\"https:\/\/www.bellunopress.it\/fr\/2026\/04\/25\/apre-la-mostra-peggy-guggenheim-a-londra-nascita-di-una-collezionista-dal-25-aprile-alla-collezione-peggy-guggenheim-di-venezia\/\" \/>\n<meta property=\"og:locale\" content=\"fr_FR\" \/>\n<meta property=\"og:type\" content=\"article\" \/>\n<meta property=\"og:title\" content=\"Apre la mostra Peggy Guggenheim a Londra. Nascita di una collezionista.\u00a0Dal 25 aprile alla Collezione Peggy Guggenheim di Venezia - Bellunopress - Dolomiti\" \/>\n<meta property=\"og:description\" content=\"Venezia, 25 aprile 2026 &#8211; \u00c8 stata presentata ieri alla stampa Peggy Guggenheim a Londra. Nascita di una collezionista a cura di Gra\u017eina Subelyt\u0117, Curator, Collezione Peggy Guggenheim, e Simon Grant, Guest Curator, allestita negli spazi espositivi della Collezione Peggy Guggenheim dal 25 aprile al 19 ottobre, 2026. Dopo un saluto ai numerosissimi giornalisti e [&hellip;]\" \/>\n<meta property=\"og:url\" content=\"https:\/\/www.bellunopress.it\/fr\/2026\/04\/25\/apre-la-mostra-peggy-guggenheim-a-londra-nascita-di-una-collezionista-dal-25-aprile-alla-collezione-peggy-guggenheim-di-venezia\/\" \/>\n<meta property=\"og:site_name\" content=\"Bellunopress - Dolomiti\" \/>\n<meta property=\"article:publisher\" content=\"https:\/\/www.facebook.com\/profile.php?id=100008943462799\" \/>\n<meta property=\"article:published_time\" content=\"2026-04-25T08:45:11+00:00\" \/>\n<meta property=\"og:image\" content=\"https:\/\/www.bellunopress.it\/wp-content\/uploads\/2026\/04\/Mostra-Peggy-Guggenheim-ph-Matteo-De-Fina.jpg\" \/>\n\t<meta property=\"og:image:width\" content=\"600\" \/>\n\t<meta property=\"og:image:height\" content=\"400\" \/>\n\t<meta property=\"og:image:type\" content=\"image\/jpeg\" \/>\n<meta name=\"author\" content=\"redazione\" \/>\n<meta name=\"twitter:card\" content=\"summary_large_image\" \/>\n<meta name=\"twitter:creator\" content=\"@bellunopress\" \/>\n<meta name=\"twitter:site\" content=\"@bellunopress\" \/>\n<meta name=\"twitter:label1\" content=\"\u00c9crit par\" \/>\n\t<meta name=\"twitter:data1\" content=\"redazione\" \/>\n\t<meta name=\"twitter:label2\" content=\"Dur\u00e9e de lecture estim\u00e9e\" \/>\n\t<meta name=\"twitter:data2\" content=\"5 minutes\" \/>\n<script type=\"application\/ld+json\" class=\"yoast-schema-graph\">{\"@context\":\"https:\\\/\\\/schema.org\",\"@graph\":[{\"@type\":\"Article\",\"@id\":\"https:\\\/\\\/www.bellunopress.it\\\/2026\\\/04\\\/25\\\/apre-la-mostra-peggy-guggenheim-a-londra-nascita-di-una-collezionista-dal-25-aprile-alla-collezione-peggy-guggenheim-di-venezia\\\/#article\",\"isPartOf\":{\"@id\":\"https:\\\/\\\/www.bellunopress.it\\\/2026\\\/04\\\/25\\\/apre-la-mostra-peggy-guggenheim-a-londra-nascita-di-una-collezionista-dal-25-aprile-alla-collezione-peggy-guggenheim-di-venezia\\\/\"},\"author\":{\"name\":\"redazione\",\"@id\":\"https:\\\/\\\/www.bellunopress.it\\\/#\\\/schema\\\/person\\\/79bb06722b37ece1c03d3e94beb30d73\"},\"headline\":\"Apre la mostra Peggy Guggenheim a Londra. Nascita di una collezionista.\u00a0Dal 25 aprile alla Collezione Peggy Guggenheim di Venezia\",\"datePublished\":\"2026-04-25T08:45:11+00:00\",\"mainEntityOfPage\":{\"@id\":\"https:\\\/\\\/www.bellunopress.it\\\/2026\\\/04\\\/25\\\/apre-la-mostra-peggy-guggenheim-a-londra-nascita-di-una-collezionista-dal-25-aprile-alla-collezione-peggy-guggenheim-di-venezia\\\/\"},\"wordCount\":1016,\"publisher\":{\"@id\":\"https:\\\/\\\/www.bellunopress.it\\\/#organization\"},\"image\":{\"@id\":\"https:\\\/\\\/www.bellunopress.it\\\/2026\\\/04\\\/25\\\/apre-la-mostra-peggy-guggenheim-a-londra-nascita-di-una-collezionista-dal-25-aprile-alla-collezione-peggy-guggenheim-di-venezia\\\/#primaryimage\"},\"thumbnailUrl\":\"https:\\\/\\\/www.bellunopress.it\\\/wp-content\\\/uploads\\\/2026\\\/04\\\/Mostra-Peggy-Guggenheim-ph-Matteo-De-Fina.jpg\",\"articleSection\":[\"Cultura e spettacoli, tempo libero, benessere, fuori provincia\",\"Pausa Caff\u00e8\"],\"inLanguage\":\"fr-FR\"},{\"@type\":\"WebPage\",\"@id\":\"https:\\\/\\\/www.bellunopress.it\\\/2026\\\/04\\\/25\\\/apre-la-mostra-peggy-guggenheim-a-londra-nascita-di-una-collezionista-dal-25-aprile-alla-collezione-peggy-guggenheim-di-venezia\\\/\",\"url\":\"https:\\\/\\\/www.bellunopress.it\\\/2026\\\/04\\\/25\\\/apre-la-mostra-peggy-guggenheim-a-londra-nascita-di-una-collezionista-dal-25-aprile-alla-collezione-peggy-guggenheim-di-venezia\\\/\",\"name\":\"Apre la mostra Peggy Guggenheim a Londra. Nascita di una collezionista.\u00a0Dal 25 aprile alla Collezione Peggy Guggenheim di Venezia - Bellunopress - Dolomiti\",\"isPartOf\":{\"@id\":\"https:\\\/\\\/www.bellunopress.it\\\/#website\"},\"primaryImageOfPage\":{\"@id\":\"https:\\\/\\\/www.bellunopress.it\\\/2026\\\/04\\\/25\\\/apre-la-mostra-peggy-guggenheim-a-londra-nascita-di-una-collezionista-dal-25-aprile-alla-collezione-peggy-guggenheim-di-venezia\\\/#primaryimage\"},\"image\":{\"@id\":\"https:\\\/\\\/www.bellunopress.it\\\/2026\\\/04\\\/25\\\/apre-la-mostra-peggy-guggenheim-a-londra-nascita-di-una-collezionista-dal-25-aprile-alla-collezione-peggy-guggenheim-di-venezia\\\/#primaryimage\"},\"thumbnailUrl\":\"https:\\\/\\\/www.bellunopress.it\\\/wp-content\\\/uploads\\\/2026\\\/04\\\/Mostra-Peggy-Guggenheim-ph-Matteo-De-Fina.jpg\",\"datePublished\":\"2026-04-25T08:45:11+00:00\",\"breadcrumb\":{\"@id\":\"https:\\\/\\\/www.bellunopress.it\\\/2026\\\/04\\\/25\\\/apre-la-mostra-peggy-guggenheim-a-londra-nascita-di-una-collezionista-dal-25-aprile-alla-collezione-peggy-guggenheim-di-venezia\\\/#breadcrumb\"},\"inLanguage\":\"fr-FR\",\"potentialAction\":[{\"@type\":\"ReadAction\",\"target\":[\"https:\\\/\\\/www.bellunopress.it\\\/2026\\\/04\\\/25\\\/apre-la-mostra-peggy-guggenheim-a-londra-nascita-di-una-collezionista-dal-25-aprile-alla-collezione-peggy-guggenheim-di-venezia\\\/\"]}]},{\"@type\":\"ImageObject\",\"inLanguage\":\"fr-FR\",\"@id\":\"https:\\\/\\\/www.bellunopress.it\\\/2026\\\/04\\\/25\\\/apre-la-mostra-peggy-guggenheim-a-londra-nascita-di-una-collezionista-dal-25-aprile-alla-collezione-peggy-guggenheim-di-venezia\\\/#primaryimage\",\"url\":\"https:\\\/\\\/www.bellunopress.it\\\/wp-content\\\/uploads\\\/2026\\\/04\\\/Mostra-Peggy-Guggenheim-ph-Matteo-De-Fina.jpg\",\"contentUrl\":\"https:\\\/\\\/www.bellunopress.it\\\/wp-content\\\/uploads\\\/2026\\\/04\\\/Mostra-Peggy-Guggenheim-ph-Matteo-De-Fina.jpg\",\"width\":600,\"height\":400,\"caption\":\"Peggy Guggenheim a Londra. Nascita di una collezionista. Venezia, Collezione Peggy Guggenheim 25 aprile - 19 ottobre, 2026 (ph Matteo De Fina)\"},{\"@type\":\"BreadcrumbList\",\"@id\":\"https:\\\/\\\/www.bellunopress.it\\\/2026\\\/04\\\/25\\\/apre-la-mostra-peggy-guggenheim-a-londra-nascita-di-una-collezionista-dal-25-aprile-alla-collezione-peggy-guggenheim-di-venezia\\\/#breadcrumb\",\"itemListElement\":[{\"@type\":\"ListItem\",\"position\":1,\"name\":\"Home\",\"item\":\"https:\\\/\\\/www.bellunopress.it\\\/\"},{\"@type\":\"ListItem\",\"position\":2,\"name\":\"Apre la mostra Peggy Guggenheim a Londra. Nascita di una collezionista.\u00a0Dal 25 aprile alla Collezione Peggy Guggenheim di Venezia\"}]},{\"@type\":\"WebSite\",\"@id\":\"https:\\\/\\\/www.bellunopress.it\\\/#website\",\"url\":\"https:\\\/\\\/www.bellunopress.it\\\/\",\"name\":\"Bellunopress - Dolomiti\",\"description\":\"e-mail: redazione@bellunopress.it\",\"publisher\":{\"@id\":\"https:\\\/\\\/www.bellunopress.it\\\/#organization\"},\"potentialAction\":[{\"@type\":\"SearchAction\",\"target\":{\"@type\":\"EntryPoint\",\"urlTemplate\":\"https:\\\/\\\/www.bellunopress.it\\\/?s={search_term_string}\"},\"query-input\":{\"@type\":\"PropertyValueSpecification\",\"valueRequired\":true,\"valueName\":\"search_term_string\"}}],\"inLanguage\":\"fr-FR\"},{\"@type\":\"Organization\",\"@id\":\"https:\\\/\\\/www.bellunopress.it\\\/#organization\",\"name\":\"Bellunopress\",\"url\":\"https:\\\/\\\/www.bellunopress.it\\\/\",\"logo\":{\"@type\":\"ImageObject\",\"inLanguage\":\"fr-FR\",\"@id\":\"https:\\\/\\\/www.bellunopress.it\\\/#\\\/schema\\\/logo\\\/image\\\/\",\"url\":\"https:\\\/\\\/www.bellunopress.it\\\/wp-content\\\/uploads\\\/2011\\\/05\\\/cropped-logo-bellunopress-.jpg\",\"contentUrl\":\"https:\\\/\\\/www.bellunopress.it\\\/wp-content\\\/uploads\\\/2011\\\/05\\\/cropped-logo-bellunopress-.jpg\",\"width\":512,\"height\":512,\"caption\":\"Bellunopress\"},\"image\":{\"@id\":\"https:\\\/\\\/www.bellunopress.it\\\/#\\\/schema\\\/logo\\\/image\\\/\"},\"sameAs\":[\"https:\\\/\\\/www.facebook.com\\\/profile.php?id=100008943462799\",\"https:\\\/\\\/x.com\\\/bellunopress\",\"https:\\\/\\\/www.linkedin.com\\\/hp\\\/?dnr=JBzUWaJfMUw8vbXJJ2tVW5-I3jZKvC4wsoxE&amp;amp;amp;amp;amp;amp;trk=nav_responsive_tab_home\",\"https:\\\/\\\/www.youtube.com\\\/channel\\\/UCxL0wu1uN0_3_7hGG0306cw\"]},{\"@type\":\"Person\",\"@id\":\"https:\\\/\\\/www.bellunopress.it\\\/#\\\/schema\\\/person\\\/79bb06722b37ece1c03d3e94beb30d73\",\"name\":\"redazione\",\"image\":{\"@type\":\"ImageObject\",\"inLanguage\":\"fr-FR\",\"@id\":\"https:\\\/\\\/secure.gravatar.com\\\/avatar\\\/37d968a2e67a6fd04c169c4bdef102d0bc5d31b2546345219e348575eb80e9a0?s=96&d=mm&r=g\",\"url\":\"https:\\\/\\\/secure.gravatar.com\\\/avatar\\\/37d968a2e67a6fd04c169c4bdef102d0bc5d31b2546345219e348575eb80e9a0?s=96&d=mm&r=g\",\"contentUrl\":\"https:\\\/\\\/secure.gravatar.com\\\/avatar\\\/37d968a2e67a6fd04c169c4bdef102d0bc5d31b2546345219e348575eb80e9a0?s=96&d=mm&r=g\",\"caption\":\"redazione\"},\"sameAs\":[\"http:\\\/\\\/www.bellunopress.it\",\"https:\\\/\\\/x.com\\\/bellunopress\"],\"url\":\"https:\\\/\\\/www.bellunopress.it\\\/fr\\\/author\\\/redazione\\\/\"}]}<\/script>\n<!-- \/ Yoast SEO plugin. -->","yoast_head_json":{"title":"Apre la mostra Peggy Guggenheim a Londra. Nascita di una collezionista.\u00a0Dal 25 aprile alla Collezione Peggy Guggenheim di Venezia - Bellunopress - Dolomiti","robots":{"index":"index","follow":"follow","max-snippet":"max-snippet:-1","max-image-preview":"max-image-preview:large","max-video-preview":"max-video-preview:-1"},"canonical":"https:\/\/www.bellunopress.it\/fr\/2026\/04\/25\/apre-la-mostra-peggy-guggenheim-a-londra-nascita-di-una-collezionista-dal-25-aprile-alla-collezione-peggy-guggenheim-di-venezia\/","og_locale":"fr_FR","og_type":"article","og_title":"Apre la mostra Peggy Guggenheim a Londra. Nascita di una collezionista.\u00a0Dal 25 aprile alla Collezione Peggy Guggenheim di Venezia - Bellunopress - Dolomiti","og_description":"Venezia, 25 aprile 2026 &#8211; \u00c8 stata presentata ieri alla stampa Peggy Guggenheim a Londra. Nascita di una collezionista a cura di Gra\u017eina Subelyt\u0117, Curator, Collezione Peggy Guggenheim, e Simon Grant, Guest Curator, allestita negli spazi espositivi della Collezione Peggy Guggenheim dal 25 aprile al 19 ottobre, 2026. Dopo un saluto ai numerosissimi giornalisti e [&hellip;]","og_url":"https:\/\/www.bellunopress.it\/fr\/2026\/04\/25\/apre-la-mostra-peggy-guggenheim-a-londra-nascita-di-una-collezionista-dal-25-aprile-alla-collezione-peggy-guggenheim-di-venezia\/","og_site_name":"Bellunopress - Dolomiti","article_publisher":"https:\/\/www.facebook.com\/profile.php?id=100008943462799","article_published_time":"2026-04-25T08:45:11+00:00","og_image":[{"width":600,"height":400,"url":"https:\/\/www.bellunopress.it\/wp-content\/uploads\/2026\/04\/Mostra-Peggy-Guggenheim-ph-Matteo-De-Fina.jpg","type":"image\/jpeg"}],"author":"redazione","twitter_card":"summary_large_image","twitter_creator":"@bellunopress","twitter_site":"@bellunopress","twitter_misc":{"\u00c9crit par":"redazione","Dur\u00e9e de lecture estim\u00e9e":"5 minutes"},"schema":{"@context":"https:\/\/schema.org","@graph":[{"@type":"Article","@id":"https:\/\/www.bellunopress.it\/2026\/04\/25\/apre-la-mostra-peggy-guggenheim-a-londra-nascita-di-una-collezionista-dal-25-aprile-alla-collezione-peggy-guggenheim-di-venezia\/#article","isPartOf":{"@id":"https:\/\/www.bellunopress.it\/2026\/04\/25\/apre-la-mostra-peggy-guggenheim-a-londra-nascita-di-una-collezionista-dal-25-aprile-alla-collezione-peggy-guggenheim-di-venezia\/"},"author":{"name":"redazione","@id":"https:\/\/www.bellunopress.it\/#\/schema\/person\/79bb06722b37ece1c03d3e94beb30d73"},"headline":"Apre la mostra Peggy Guggenheim a Londra. Nascita di una collezionista.\u00a0Dal 25 aprile alla Collezione Peggy Guggenheim di Venezia","datePublished":"2026-04-25T08:45:11+00:00","mainEntityOfPage":{"@id":"https:\/\/www.bellunopress.it\/2026\/04\/25\/apre-la-mostra-peggy-guggenheim-a-londra-nascita-di-una-collezionista-dal-25-aprile-alla-collezione-peggy-guggenheim-di-venezia\/"},"wordCount":1016,"publisher":{"@id":"https:\/\/www.bellunopress.it\/#organization"},"image":{"@id":"https:\/\/www.bellunopress.it\/2026\/04\/25\/apre-la-mostra-peggy-guggenheim-a-londra-nascita-di-una-collezionista-dal-25-aprile-alla-collezione-peggy-guggenheim-di-venezia\/#primaryimage"},"thumbnailUrl":"https:\/\/www.bellunopress.it\/wp-content\/uploads\/2026\/04\/Mostra-Peggy-Guggenheim-ph-Matteo-De-Fina.jpg","articleSection":["Cultura e spettacoli, tempo libero, benessere, fuori provincia","Pausa Caff\u00e8"],"inLanguage":"fr-FR"},{"@type":"WebPage","@id":"https:\/\/www.bellunopress.it\/2026\/04\/25\/apre-la-mostra-peggy-guggenheim-a-londra-nascita-di-una-collezionista-dal-25-aprile-alla-collezione-peggy-guggenheim-di-venezia\/","url":"https:\/\/www.bellunopress.it\/2026\/04\/25\/apre-la-mostra-peggy-guggenheim-a-londra-nascita-di-una-collezionista-dal-25-aprile-alla-collezione-peggy-guggenheim-di-venezia\/","name":"Apre la mostra Peggy Guggenheim a Londra. Nascita di una collezionista.\u00a0Dal 25 aprile alla Collezione Peggy Guggenheim di Venezia - Bellunopress - Dolomiti","isPartOf":{"@id":"https:\/\/www.bellunopress.it\/#website"},"primaryImageOfPage":{"@id":"https:\/\/www.bellunopress.it\/2026\/04\/25\/apre-la-mostra-peggy-guggenheim-a-londra-nascita-di-una-collezionista-dal-25-aprile-alla-collezione-peggy-guggenheim-di-venezia\/#primaryimage"},"image":{"@id":"https:\/\/www.bellunopress.it\/2026\/04\/25\/apre-la-mostra-peggy-guggenheim-a-londra-nascita-di-una-collezionista-dal-25-aprile-alla-collezione-peggy-guggenheim-di-venezia\/#primaryimage"},"thumbnailUrl":"https:\/\/www.bellunopress.it\/wp-content\/uploads\/2026\/04\/Mostra-Peggy-Guggenheim-ph-Matteo-De-Fina.jpg","datePublished":"2026-04-25T08:45:11+00:00","breadcrumb":{"@id":"https:\/\/www.bellunopress.it\/2026\/04\/25\/apre-la-mostra-peggy-guggenheim-a-londra-nascita-di-una-collezionista-dal-25-aprile-alla-collezione-peggy-guggenheim-di-venezia\/#breadcrumb"},"inLanguage":"fr-FR","potentialAction":[{"@type":"ReadAction","target":["https:\/\/www.bellunopress.it\/2026\/04\/25\/apre-la-mostra-peggy-guggenheim-a-londra-nascita-di-una-collezionista-dal-25-aprile-alla-collezione-peggy-guggenheim-di-venezia\/"]}]},{"@type":"ImageObject","inLanguage":"fr-FR","@id":"https:\/\/www.bellunopress.it\/2026\/04\/25\/apre-la-mostra-peggy-guggenheim-a-londra-nascita-di-una-collezionista-dal-25-aprile-alla-collezione-peggy-guggenheim-di-venezia\/#primaryimage","url":"https:\/\/www.bellunopress.it\/wp-content\/uploads\/2026\/04\/Mostra-Peggy-Guggenheim-ph-Matteo-De-Fina.jpg","contentUrl":"https:\/\/www.bellunopress.it\/wp-content\/uploads\/2026\/04\/Mostra-Peggy-Guggenheim-ph-Matteo-De-Fina.jpg","width":600,"height":400,"caption":"Peggy Guggenheim a Londra. Nascita di una collezionista. Venezia, Collezione Peggy Guggenheim 25 aprile - 19 ottobre, 2026 (ph Matteo De Fina)"},{"@type":"BreadcrumbList","@id":"https:\/\/www.bellunopress.it\/2026\/04\/25\/apre-la-mostra-peggy-guggenheim-a-londra-nascita-di-una-collezionista-dal-25-aprile-alla-collezione-peggy-guggenheim-di-venezia\/#breadcrumb","itemListElement":[{"@type":"ListItem","position":1,"name":"Home","item":"https:\/\/www.bellunopress.it\/"},{"@type":"ListItem","position":2,"name":"Apre la mostra Peggy Guggenheim a Londra. Nascita di una collezionista.\u00a0Dal 25 aprile alla Collezione Peggy Guggenheim di Venezia"}]},{"@type":"WebSite","@id":"https:\/\/www.bellunopress.it\/#website","url":"https:\/\/www.bellunopress.it\/","name":"Bellunopress - Dolomiti","description":"e-mail: redazione@bellunopress.it","publisher":{"@id":"https:\/\/www.bellunopress.it\/#organization"},"potentialAction":[{"@type":"SearchAction","target":{"@type":"EntryPoint","urlTemplate":"https:\/\/www.bellunopress.it\/?s={search_term_string}"},"query-input":{"@type":"PropertyValueSpecification","valueRequired":true,"valueName":"search_term_string"}}],"inLanguage":"fr-FR"},{"@type":"Organization","@id":"https:\/\/www.bellunopress.it\/#organization","name":"Bellunopress","url":"https:\/\/www.bellunopress.it\/","logo":{"@type":"ImageObject","inLanguage":"fr-FR","@id":"https:\/\/www.bellunopress.it\/#\/schema\/logo\/image\/","url":"https:\/\/www.bellunopress.it\/wp-content\/uploads\/2011\/05\/cropped-logo-bellunopress-.jpg","contentUrl":"https:\/\/www.bellunopress.it\/wp-content\/uploads\/2011\/05\/cropped-logo-bellunopress-.jpg","width":512,"height":512,"caption":"Bellunopress"},"image":{"@id":"https:\/\/www.bellunopress.it\/#\/schema\/logo\/image\/"},"sameAs":["https:\/\/www.facebook.com\/profile.php?id=100008943462799","https:\/\/x.com\/bellunopress","https:\/\/www.linkedin.com\/hp\/?dnr=JBzUWaJfMUw8vbXJJ2tVW5-I3jZKvC4wsoxE&amp;amp;amp;amp;amp;amp;trk=nav_responsive_tab_home","https:\/\/www.youtube.com\/channel\/UCxL0wu1uN0_3_7hGG0306cw"]},{"@type":"Person","@id":"https:\/\/www.bellunopress.it\/#\/schema\/person\/79bb06722b37ece1c03d3e94beb30d73","name":"r\u00e9daction","image":{"@type":"ImageObject","inLanguage":"fr-FR","@id":"https:\/\/secure.gravatar.com\/avatar\/37d968a2e67a6fd04c169c4bdef102d0bc5d31b2546345219e348575eb80e9a0?s=96&d=mm&r=g","url":"https:\/\/secure.gravatar.com\/avatar\/37d968a2e67a6fd04c169c4bdef102d0bc5d31b2546345219e348575eb80e9a0?s=96&d=mm&r=g","contentUrl":"https:\/\/secure.gravatar.com\/avatar\/37d968a2e67a6fd04c169c4bdef102d0bc5d31b2546345219e348575eb80e9a0?s=96&d=mm&r=g","caption":"redazione"},"sameAs":["http:\/\/www.bellunopress.it","https:\/\/x.com\/bellunopress"],"url":"https:\/\/www.bellunopress.it\/fr\/author\/redazione\/"}]}},"_links":{"self":[{"href":"https:\/\/www.bellunopress.it\/fr\/wp-json\/wp\/v2\/posts\/169482","targetHints":{"allow":["GET"]}}],"collection":[{"href":"https:\/\/www.bellunopress.it\/fr\/wp-json\/wp\/v2\/posts"}],"about":[{"href":"https:\/\/www.bellunopress.it\/fr\/wp-json\/wp\/v2\/types\/post"}],"author":[{"embeddable":true,"href":"https:\/\/www.bellunopress.it\/fr\/wp-json\/wp\/v2\/users\/2"}],"replies":[{"embeddable":true,"href":"https:\/\/www.bellunopress.it\/fr\/wp-json\/wp\/v2\/comments?post=169482"}],"version-history":[{"count":1,"href":"https:\/\/www.bellunopress.it\/fr\/wp-json\/wp\/v2\/posts\/169482\/revisions"}],"predecessor-version":[{"id":169484,"href":"https:\/\/www.bellunopress.it\/fr\/wp-json\/wp\/v2\/posts\/169482\/revisions\/169484"}],"wp:featuredmedia":[{"embeddable":true,"href":"https:\/\/www.bellunopress.it\/fr\/wp-json\/wp\/v2\/media\/169483"}],"wp:attachment":[{"href":"https:\/\/www.bellunopress.it\/fr\/wp-json\/wp\/v2\/media?parent=169482"}],"wp:term":[{"taxonomy":"category","embeddable":true,"href":"https:\/\/www.bellunopress.it\/fr\/wp-json\/wp\/v2\/categories?post=169482"},{"taxonomy":"post_tag","embeddable":true,"href":"https:\/\/www.bellunopress.it\/fr\/wp-json\/wp\/v2\/tags?post=169482"}],"curies":[{"name":"wp","href":"https:\/\/api.w.org\/{rel}","templated":true}]}}