{"id":169480,"date":"2026-04-25T11:00:11","date_gmt":"2026-04-25T09:00:11","guid":{"rendered":"https:\/\/www.bellunopress.it\/?p=169480"},"modified":"2026-04-25T06:55:58","modified_gmt":"2026-04-25T04:55:58","slug":"mercoledi-29-aprile-alle-9-00-a-palazzo-rosso-si-riunisce-il-consiglio-comunale-di-belluno","status":"publish","type":"post","link":"https:\/\/www.bellunopress.it\/fr\/2026\/04\/25\/mercoledi-29-aprile-alle-9-00-a-palazzo-rosso-si-riunisce-il-consiglio-comunale-di-belluno\/","title":{"rendered":"Mercoled\u00ec 29 aprile alle 9.00 a Palazzo Rosso si riunisce il Consiglio comunale di Belluno"},"content":{"rendered":"<p>Si terr\u00e0 mercoled\u00ec\u2019 29 aprile, alle ore 9.00, nella Sala consiliare di Palazzo Rosso, in<br \/>\nPiazza Duomo 1, la riunione del Consiglio comunale, per la trattazione dei seguenti<br \/>\npunti all&#8217;ordine del giorno:<\/p>\n<p>1. Processo verbale della seduta del Consiglio comunale del 27 febbraio 2026.<br \/>\nApprovazione ai sensi dell&#8217;art. 56 del Regolamento per il funzionamento del<br \/>\nConsiglio comunale.<br \/>\n2. Delibera di Giunta comunale n. 62\/2026 a oggetto: &#8220;Bilancio di previsione<br \/>\n2026\/2028 prelievo dal fondo di riserva per l&#8217;esercizio 2026&#8221;. Comunicazione.<br \/>\n3. Delibera di Giunta comunale n. 49 del 19\/03\/2026, a oggetto: &#8220;Bilancio di<br \/>\nprevisione 2026\/2028. Variazione in via d&#8217;urgenza ex art. 175 comma 4 e art.<br \/>\n42 del TUEL. Variazione di PEG 2026\/2028&#8221;: Ratifica.<br \/>\n4. Delibera di Giunta comunale n. 65 del 09\/04\/2026, a oggetto: &#8220;Bilancio di<br \/>\nprevisione 2026\/2028. Variazione in via d&#8217;urgenza ex art. 175 comma 4 e art.<br \/>\n42 del TUEL. Variazione di PEG 2026\/2028&#8221;: Ratifica.<br \/>\n5. Accorpamento al demanio stradale della Provincia di Belluno, ai sensi dell&#8217;art.<br \/>\n31 commi 21 e 22 della Legge 448 del 23.12.1998, di terreni di propriet\u00e0<br \/>\ncomunale utilizzati a uso pubblico da oltre venti anni lungo la Strada<br \/>\nProvinciale n. 1 di Sinistra Piave &#8211; Consenso del Comune di Belluno.<br \/>\n6. Fondazione Centro Studi Tiziano e Cadore &#8211; Approvazione nuovo statuto.<br \/>\n7. Rendiconto della gestione dell&#8217;esercizio finanziario 2025: Approvazione.<br \/>\n8. Variazione al bilancio di previsione 2026\/2028 e documenti correlati:<br \/>\nApprovazione.<br \/>\n9. Programma triennale degli acquisti di beni e servizi 2025-2027 &#8211; Variazione<br \/>\nannualit\u00e0 2026 e successive (CUI S00132550252202500024).<br \/>\n10.Partecipazione alle spese del funerale di Dowh Mukhtar.<br \/>\n11.Ordine del giorno presentato dai consiglieri comunali Claudia Bettiol, Maria<br \/>\nTeresa Cassol (Partito Democratico) &#8211; Anna Candeago, Giangiacomo Nicolini<br \/>\n(Belluno D+) &#8211; Mirco Costa, Riccardo Samaria, Giuseppe Vignato (Valore<br \/>\nComune) &#8211; Jacopo Massaro (In Movimento) \u2013 Ilenia Bavasso, Lucia Olivotto,<br \/>\nFrancesco Rasera Berna (Insieme per Belluno Bene Comune) a oggetto:<br \/>\n\u201cSalvaguardia e continuit\u00e0 delle attivit\u00e0 degli istituti storici per la Resistenza e<br \/>\nl\u2019et\u00e0 contemporanea in Veneto, con particolare riferimento all\u2019Isbrec di<br \/>\nBelluno.\u201d<br \/>\n12.Interrogazione presentata dai consiglieri comunali Claudia Bettiol, Maria<br \/>\nTeresa Cassol (Partito Democratico), sullo stato reale dell\u2019adeguamento<br \/>\nantisismico dell\u2019Ospedale San Martino.<br \/>\n13.Interrogazione presentata dai consiglieri comunali Sandra Mella, Celeste<br \/>\nBalcon (Patto per Belluno), a oggetto: \u201cMedici di famiglia.\u201d<br \/>\n14.Interrogazione presentata dal consigliere comunale Celeste Balcon (Patto per<br \/>\nBelluno), a oggetto: \u201cParcheggio campo sportivo di Castion.\u201d<br \/>\n15.Interrogazione presentata dal consigliere comunale Celeste Balcon (Patto per<br \/>\nBelluno), a oggetto: \u201cIlluminazione pubblica.\u201d<br \/>\n16.Interrogazione presentata dai consiglieri comunali Mirco Costa, Riccardo<br \/>\nSamaria, Giuseppe Vignato (Valore Comune), a oggetto: \u201cVia Veneggia da<br \/>\nstrada interna a ambiente pericoloso e poco vivibile?\u201d<br \/>\n17.Interrogazione presentata dal consigliere comunale Maria Teresa Cassol<br \/>\n(Partito Democratico), a oggetto: \u201cProgetti PNRR sociale, percorsi di<br \/>\nautonomia per persone con disabilit\u00e0.\u201d<\/p>\n<p>La seduta del Consiglio verr\u00e0 trasmessa in diretta e potr\u00e0 essere seguita dal canale<br \/>\nYouTube del Comune di Belluno, all\u2019indirizzo:<br \/>\nhttps:\/\/www.youtube.com\/comunebelluno<\/p>","protected":false},"excerpt":{"rendered":"<p>Si terr\u00e0 mercoled\u00ec\u2019 29 aprile, alle ore 9.00, nella Sala consiliare di Palazzo Rosso, in Piazza Duomo 1, la riunione del Consiglio comunale, per la trattazione dei seguenti punti all&#8217;ordine del giorno: 1. Processo verbale della seduta del Consiglio comunale del 27 febbraio 2026. Approvazione ai sensi dell&#8217;art. 56 del Regolamento per il funzionamento del [&hellip;]<\/p>\n","protected":false},"author":2,"featured_media":113617,"comment_status":"closed","ping_status":"open","sticky":false,"template":"","format":"standard","meta":{"footnotes":""},"categories":[5,8],"tags":[],"class_list":["post-169480","post","type-post","status-publish","format-standard","has-post-thumbnail","category-cronaca","category-societa-istituzioni"],"yoast_head":"<!-- This site is optimized with the Yoast SEO plugin v28.4 - https:\/\/yoast.com\/product\/yoast-seo-wordpress\/ -->\n<title>Mercoled\u00ec 29 aprile alle 9.00 a Palazzo Rosso si riunisce il Consiglio comunale di Belluno - Bellunopress - Dolomiti<\/title>\n<meta name=\"robots\" content=\"index, follow, max-snippet:-1, max-image-preview:large, max-video-preview:-1\" \/>\n<link rel=\"canonical\" href=\"https:\/\/www.bellunopress.it\/fr\/2026\/04\/25\/mercoledi-29-aprile-alle-9-00-a-palazzo-rosso-si-riunisce-il-consiglio-comunale-di-belluno\/\" \/>\n<meta property=\"og:locale\" content=\"fr_FR\" \/>\n<meta property=\"og:type\" content=\"article\" \/>\n<meta property=\"og:title\" content=\"Mercoled\u00ec 29 aprile alle 9.00 a Palazzo Rosso si riunisce il Consiglio comunale di Belluno - Bellunopress - Dolomiti\" \/>\n<meta property=\"og:description\" content=\"Si terr\u00e0 mercoled\u00ec\u2019 29 aprile, alle ore 9.00, nella Sala consiliare di Palazzo Rosso, in Piazza Duomo 1, la riunione del Consiglio comunale, per la trattazione dei seguenti punti all&#8217;ordine del giorno: 1. Processo verbale della seduta del Consiglio comunale del 27 febbraio 2026. Approvazione ai sensi dell&#8217;art. 56 del Regolamento per il funzionamento del [&hellip;]\" \/>\n<meta property=\"og:url\" content=\"https:\/\/www.bellunopress.it\/fr\/2026\/04\/25\/mercoledi-29-aprile-alle-9-00-a-palazzo-rosso-si-riunisce-il-consiglio-comunale-di-belluno\/\" \/>\n<meta property=\"og:site_name\" content=\"Bellunopress - Dolomiti\" \/>\n<meta property=\"article:publisher\" content=\"https:\/\/www.facebook.com\/profile.php?id=100008943462799\" \/>\n<meta property=\"article:published_time\" content=\"2026-04-25T09:00:11+00:00\" \/>\n<meta property=\"og:image\" content=\"https:\/\/www.bellunopress.it\/wp-content\/uploads\/2020\/04\/palazzo-rosso_edited.jpg\" \/>\n\t<meta property=\"og:image:width\" content=\"800\" \/>\n\t<meta property=\"og:image:height\" content=\"563\" \/>\n\t<meta property=\"og:image:type\" content=\"image\/jpeg\" \/>\n<meta name=\"author\" content=\"redazione\" \/>\n<meta name=\"twitter:card\" content=\"summary_large_image\" \/>\n<meta name=\"twitter:creator\" content=\"@bellunopress\" \/>\n<meta name=\"twitter:site\" content=\"@bellunopress\" \/>\n<meta name=\"twitter:label1\" content=\"\u00c9crit par\" \/>\n\t<meta name=\"twitter:data1\" content=\"redazione\" \/>\n\t<meta name=\"twitter:label2\" content=\"Dur\u00e9e de lecture estim\u00e9e\" \/>\n\t<meta name=\"twitter:data2\" content=\"2 minutes\" \/>\n<script type=\"application\/ld+json\" class=\"yoast-schema-graph\">{\"@context\":\"https:\\\/\\\/schema.org\",\"@graph\":[{\"@type\":\"Article\",\"@id\":\"https:\\\/\\\/www.bellunopress.it\\\/2026\\\/04\\\/25\\\/mercoledi-29-aprile-alle-9-00-a-palazzo-rosso-si-riunisce-il-consiglio-comunale-di-belluno\\\/#article\",\"isPartOf\":{\"@id\":\"https:\\\/\\\/www.bellunopress.it\\\/2026\\\/04\\\/25\\\/mercoledi-29-aprile-alle-9-00-a-palazzo-rosso-si-riunisce-il-consiglio-comunale-di-belluno\\\/\"},\"author\":{\"name\":\"redazione\",\"@id\":\"https:\\\/\\\/www.bellunopress.it\\\/#\\\/schema\\\/person\\\/79bb06722b37ece1c03d3e94beb30d73\"},\"headline\":\"Mercoled\u00ec 29 aprile alle 9.00 a Palazzo Rosso si riunisce il Consiglio comunale di Belluno\",\"datePublished\":\"2026-04-25T09:00:11+00:00\",\"mainEntityOfPage\":{\"@id\":\"https:\\\/\\\/www.bellunopress.it\\\/2026\\\/04\\\/25\\\/mercoledi-29-aprile-alle-9-00-a-palazzo-rosso-si-riunisce-il-consiglio-comunale-di-belluno\\\/\"},\"wordCount\":449,\"publisher\":{\"@id\":\"https:\\\/\\\/www.bellunopress.it\\\/#organization\"},\"image\":{\"@id\":\"https:\\\/\\\/www.bellunopress.it\\\/2026\\\/04\\\/25\\\/mercoledi-29-aprile-alle-9-00-a-palazzo-rosso-si-riunisce-il-consiglio-comunale-di-belluno\\\/#primaryimage\"},\"thumbnailUrl\":\"https:\\\/\\\/www.bellunopress.it\\\/wp-content\\\/uploads\\\/2020\\\/04\\\/palazzo-rosso_edited.jpg\",\"articleSection\":[\"Cronaca\\\/Politica\",\"Societ\u00e0, Associazioni, Istituzioni\"],\"inLanguage\":\"fr-FR\"},{\"@type\":\"WebPage\",\"@id\":\"https:\\\/\\\/www.bellunopress.it\\\/2026\\\/04\\\/25\\\/mercoledi-29-aprile-alle-9-00-a-palazzo-rosso-si-riunisce-il-consiglio-comunale-di-belluno\\\/\",\"url\":\"https:\\\/\\\/www.bellunopress.it\\\/2026\\\/04\\\/25\\\/mercoledi-29-aprile-alle-9-00-a-palazzo-rosso-si-riunisce-il-consiglio-comunale-di-belluno\\\/\",\"name\":\"Mercoled\u00ec 29 aprile alle 9.00 a Palazzo Rosso si riunisce il Consiglio comunale di Belluno - Bellunopress - Dolomiti\",\"isPartOf\":{\"@id\":\"https:\\\/\\\/www.bellunopress.it\\\/#website\"},\"primaryImageOfPage\":{\"@id\":\"https:\\\/\\\/www.bellunopress.it\\\/2026\\\/04\\\/25\\\/mercoledi-29-aprile-alle-9-00-a-palazzo-rosso-si-riunisce-il-consiglio-comunale-di-belluno\\\/#primaryimage\"},\"image\":{\"@id\":\"https:\\\/\\\/www.bellunopress.it\\\/2026\\\/04\\\/25\\\/mercoledi-29-aprile-alle-9-00-a-palazzo-rosso-si-riunisce-il-consiglio-comunale-di-belluno\\\/#primaryimage\"},\"thumbnailUrl\":\"https:\\\/\\\/www.bellunopress.it\\\/wp-content\\\/uploads\\\/2020\\\/04\\\/palazzo-rosso_edited.jpg\",\"datePublished\":\"2026-04-25T09:00:11+00:00\",\"breadcrumb\":{\"@id\":\"https:\\\/\\\/www.bellunopress.it\\\/2026\\\/04\\\/25\\\/mercoledi-29-aprile-alle-9-00-a-palazzo-rosso-si-riunisce-il-consiglio-comunale-di-belluno\\\/#breadcrumb\"},\"inLanguage\":\"fr-FR\",\"potentialAction\":[{\"@type\":\"ReadAction\",\"target\":[\"https:\\\/\\\/www.bellunopress.it\\\/2026\\\/04\\\/25\\\/mercoledi-29-aprile-alle-9-00-a-palazzo-rosso-si-riunisce-il-consiglio-comunale-di-belluno\\\/\"]}]},{\"@type\":\"ImageObject\",\"inLanguage\":\"fr-FR\",\"@id\":\"https:\\\/\\\/www.bellunopress.it\\\/2026\\\/04\\\/25\\\/mercoledi-29-aprile-alle-9-00-a-palazzo-rosso-si-riunisce-il-consiglio-comunale-di-belluno\\\/#primaryimage\",\"url\":\"https:\\\/\\\/www.bellunopress.it\\\/wp-content\\\/uploads\\\/2020\\\/04\\\/palazzo-rosso_edited.jpg\",\"contentUrl\":\"https:\\\/\\\/www.bellunopress.it\\\/wp-content\\\/uploads\\\/2020\\\/04\\\/palazzo-rosso_edited.jpg\",\"width\":800,\"height\":563,\"caption\":\"Palazzo Rosso, sede dell'amministrazione comunale di Belluno\"},{\"@type\":\"BreadcrumbList\",\"@id\":\"https:\\\/\\\/www.bellunopress.it\\\/2026\\\/04\\\/25\\\/mercoledi-29-aprile-alle-9-00-a-palazzo-rosso-si-riunisce-il-consiglio-comunale-di-belluno\\\/#breadcrumb\",\"itemListElement\":[{\"@type\":\"ListItem\",\"position\":1,\"name\":\"Home\",\"item\":\"https:\\\/\\\/www.bellunopress.it\\\/\"},{\"@type\":\"ListItem\",\"position\":2,\"name\":\"Mercoled\u00ec 29 aprile alle 9.00 a Palazzo Rosso si riunisce il Consiglio comunale di Belluno\"}]},{\"@type\":\"WebSite\",\"@id\":\"https:\\\/\\\/www.bellunopress.it\\\/#website\",\"url\":\"https:\\\/\\\/www.bellunopress.it\\\/\",\"name\":\"Bellunopress - Dolomiti\",\"description\":\"e-mail: redazione@bellunopress.it\",\"publisher\":{\"@id\":\"https:\\\/\\\/www.bellunopress.it\\\/#organization\"},\"potentialAction\":[{\"@type\":\"SearchAction\",\"target\":{\"@type\":\"EntryPoint\",\"urlTemplate\":\"https:\\\/\\\/www.bellunopress.it\\\/?s={search_term_string}\"},\"query-input\":{\"@type\":\"PropertyValueSpecification\",\"valueRequired\":true,\"valueName\":\"search_term_string\"}}],\"inLanguage\":\"fr-FR\"},{\"@type\":\"Organization\",\"@id\":\"https:\\\/\\\/www.bellunopress.it\\\/#organization\",\"name\":\"Bellunopress\",\"url\":\"https:\\\/\\\/www.bellunopress.it\\\/\",\"logo\":{\"@type\":\"ImageObject\",\"inLanguage\":\"fr-FR\",\"@id\":\"https:\\\/\\\/www.bellunopress.it\\\/#\\\/schema\\\/logo\\\/image\\\/\",\"url\":\"https:\\\/\\\/www.bellunopress.it\\\/wp-content\\\/uploads\\\/2011\\\/05\\\/cropped-logo-bellunopress-.jpg\",\"contentUrl\":\"https:\\\/\\\/www.bellunopress.it\\\/wp-content\\\/uploads\\\/2011\\\/05\\\/cropped-logo-bellunopress-.jpg\",\"width\":512,\"height\":512,\"caption\":\"Bellunopress\"},\"image\":{\"@id\":\"https:\\\/\\\/www.bellunopress.it\\\/#\\\/schema\\\/logo\\\/image\\\/\"},\"sameAs\":[\"https:\\\/\\\/www.facebook.com\\\/profile.php?id=100008943462799\",\"https:\\\/\\\/x.com\\\/bellunopress\",\"https:\\\/\\\/www.linkedin.com\\\/hp\\\/?dnr=JBzUWaJfMUw8vbXJJ2tVW5-I3jZKvC4wsoxE&amp;amp;amp;amp;amp;amp;trk=nav_responsive_tab_home\",\"https:\\\/\\\/www.youtube.com\\\/channel\\\/UCxL0wu1uN0_3_7hGG0306cw\"]},{\"@type\":\"Person\",\"@id\":\"https:\\\/\\\/www.bellunopress.it\\\/#\\\/schema\\\/person\\\/79bb06722b37ece1c03d3e94beb30d73\",\"name\":\"redazione\",\"image\":{\"@type\":\"ImageObject\",\"inLanguage\":\"fr-FR\",\"@id\":\"https:\\\/\\\/secure.gravatar.com\\\/avatar\\\/37d968a2e67a6fd04c169c4bdef102d0bc5d31b2546345219e348575eb80e9a0?s=96&d=mm&r=g\",\"url\":\"https:\\\/\\\/secure.gravatar.com\\\/avatar\\\/37d968a2e67a6fd04c169c4bdef102d0bc5d31b2546345219e348575eb80e9a0?s=96&d=mm&r=g\",\"contentUrl\":\"https:\\\/\\\/secure.gravatar.com\\\/avatar\\\/37d968a2e67a6fd04c169c4bdef102d0bc5d31b2546345219e348575eb80e9a0?s=96&d=mm&r=g\",\"caption\":\"redazione\"},\"sameAs\":[\"http:\\\/\\\/www.bellunopress.it\",\"https:\\\/\\\/x.com\\\/bellunopress\"],\"url\":\"https:\\\/\\\/www.bellunopress.it\\\/fr\\\/author\\\/redazione\\\/\"}]}<\/script>\n<!-- \/ Yoast SEO plugin. -->","yoast_head_json":{"title":"Mercoled\u00ec 29 aprile alle 9.00 a Palazzo Rosso si riunisce il Consiglio comunale di Belluno - Bellunopress - Dolomiti","robots":{"index":"index","follow":"follow","max-snippet":"max-snippet:-1","max-image-preview":"max-image-preview:large","max-video-preview":"max-video-preview:-1"},"canonical":"https:\/\/www.bellunopress.it\/fr\/2026\/04\/25\/mercoledi-29-aprile-alle-9-00-a-palazzo-rosso-si-riunisce-il-consiglio-comunale-di-belluno\/","og_locale":"fr_FR","og_type":"article","og_title":"Mercoled\u00ec 29 aprile alle 9.00 a Palazzo Rosso si riunisce il Consiglio comunale di Belluno - Bellunopress - Dolomiti","og_description":"Si terr\u00e0 mercoled\u00ec\u2019 29 aprile, alle ore 9.00, nella Sala consiliare di Palazzo Rosso, in Piazza Duomo 1, la riunione del Consiglio comunale, per la trattazione dei seguenti punti all&#8217;ordine del giorno: 1. Processo verbale della seduta del Consiglio comunale del 27 febbraio 2026. Approvazione ai sensi dell&#8217;art. 56 del Regolamento per il funzionamento del [&hellip;]","og_url":"https:\/\/www.bellunopress.it\/fr\/2026\/04\/25\/mercoledi-29-aprile-alle-9-00-a-palazzo-rosso-si-riunisce-il-consiglio-comunale-di-belluno\/","og_site_name":"Bellunopress - Dolomiti","article_publisher":"https:\/\/www.facebook.com\/profile.php?id=100008943462799","article_published_time":"2026-04-25T09:00:11+00:00","og_image":[{"width":800,"height":563,"url":"https:\/\/www.bellunopress.it\/wp-content\/uploads\/2020\/04\/palazzo-rosso_edited.jpg","type":"image\/jpeg"}],"author":"redazione","twitter_card":"summary_large_image","twitter_creator":"@bellunopress","twitter_site":"@bellunopress","twitter_misc":{"\u00c9crit par":"redazione","Dur\u00e9e de lecture estim\u00e9e":"2 minutes"},"schema":{"@context":"https:\/\/schema.org","@graph":[{"@type":"Article","@id":"https:\/\/www.bellunopress.it\/2026\/04\/25\/mercoledi-29-aprile-alle-9-00-a-palazzo-rosso-si-riunisce-il-consiglio-comunale-di-belluno\/#article","isPartOf":{"@id":"https:\/\/www.bellunopress.it\/2026\/04\/25\/mercoledi-29-aprile-alle-9-00-a-palazzo-rosso-si-riunisce-il-consiglio-comunale-di-belluno\/"},"author":{"name":"redazione","@id":"https:\/\/www.bellunopress.it\/#\/schema\/person\/79bb06722b37ece1c03d3e94beb30d73"},"headline":"Mercoled\u00ec 29 aprile alle 9.00 a Palazzo Rosso si riunisce il Consiglio comunale di Belluno","datePublished":"2026-04-25T09:00:11+00:00","mainEntityOfPage":{"@id":"https:\/\/www.bellunopress.it\/2026\/04\/25\/mercoledi-29-aprile-alle-9-00-a-palazzo-rosso-si-riunisce-il-consiglio-comunale-di-belluno\/"},"wordCount":449,"publisher":{"@id":"https:\/\/www.bellunopress.it\/#organization"},"image":{"@id":"https:\/\/www.bellunopress.it\/2026\/04\/25\/mercoledi-29-aprile-alle-9-00-a-palazzo-rosso-si-riunisce-il-consiglio-comunale-di-belluno\/#primaryimage"},"thumbnailUrl":"https:\/\/www.bellunopress.it\/wp-content\/uploads\/2020\/04\/palazzo-rosso_edited.jpg","articleSection":["Cronaca\/Politica","Societ\u00e0, Associazioni, Istituzioni"],"inLanguage":"fr-FR"},{"@type":"WebPage","@id":"https:\/\/www.bellunopress.it\/2026\/04\/25\/mercoledi-29-aprile-alle-9-00-a-palazzo-rosso-si-riunisce-il-consiglio-comunale-di-belluno\/","url":"https:\/\/www.bellunopress.it\/2026\/04\/25\/mercoledi-29-aprile-alle-9-00-a-palazzo-rosso-si-riunisce-il-consiglio-comunale-di-belluno\/","name":"Mercoled\u00ec 29 aprile alle 9.00 a Palazzo Rosso si riunisce il Consiglio comunale di Belluno - Bellunopress - Dolomiti","isPartOf":{"@id":"https:\/\/www.bellunopress.it\/#website"},"primaryImageOfPage":{"@id":"https:\/\/www.bellunopress.it\/2026\/04\/25\/mercoledi-29-aprile-alle-9-00-a-palazzo-rosso-si-riunisce-il-consiglio-comunale-di-belluno\/#primaryimage"},"image":{"@id":"https:\/\/www.bellunopress.it\/2026\/04\/25\/mercoledi-29-aprile-alle-9-00-a-palazzo-rosso-si-riunisce-il-consiglio-comunale-di-belluno\/#primaryimage"},"thumbnailUrl":"https:\/\/www.bellunopress.it\/wp-content\/uploads\/2020\/04\/palazzo-rosso_edited.jpg","datePublished":"2026-04-25T09:00:11+00:00","breadcrumb":{"@id":"https:\/\/www.bellunopress.it\/2026\/04\/25\/mercoledi-29-aprile-alle-9-00-a-palazzo-rosso-si-riunisce-il-consiglio-comunale-di-belluno\/#breadcrumb"},"inLanguage":"fr-FR","potentialAction":[{"@type":"ReadAction","target":["https:\/\/www.bellunopress.it\/2026\/04\/25\/mercoledi-29-aprile-alle-9-00-a-palazzo-rosso-si-riunisce-il-consiglio-comunale-di-belluno\/"]}]},{"@type":"ImageObject","inLanguage":"fr-FR","@id":"https:\/\/www.bellunopress.it\/2026\/04\/25\/mercoledi-29-aprile-alle-9-00-a-palazzo-rosso-si-riunisce-il-consiglio-comunale-di-belluno\/#primaryimage","url":"https:\/\/www.bellunopress.it\/wp-content\/uploads\/2020\/04\/palazzo-rosso_edited.jpg","contentUrl":"https:\/\/www.bellunopress.it\/wp-content\/uploads\/2020\/04\/palazzo-rosso_edited.jpg","width":800,"height":563,"caption":"Palazzo Rosso, sede dell'amministrazione comunale di Belluno"},{"@type":"BreadcrumbList","@id":"https:\/\/www.bellunopress.it\/2026\/04\/25\/mercoledi-29-aprile-alle-9-00-a-palazzo-rosso-si-riunisce-il-consiglio-comunale-di-belluno\/#breadcrumb","itemListElement":[{"@type":"ListItem","position":1,"name":"Home","item":"https:\/\/www.bellunopress.it\/"},{"@type":"ListItem","position":2,"name":"Mercoled\u00ec 29 aprile alle 9.00 a Palazzo Rosso si riunisce il Consiglio comunale di Belluno"}]},{"@type":"WebSite","@id":"https:\/\/www.bellunopress.it\/#website","url":"https:\/\/www.bellunopress.it\/","name":"Bellunopress - Dolomiti","description":"e-mail: redazione@bellunopress.it","publisher":{"@id":"https:\/\/www.bellunopress.it\/#organization"},"potentialAction":[{"@type":"SearchAction","target":{"@type":"EntryPoint","urlTemplate":"https:\/\/www.bellunopress.it\/?s={search_term_string}"},"query-input":{"@type":"PropertyValueSpecification","valueRequired":true,"valueName":"search_term_string"}}],"inLanguage":"fr-FR"},{"@type":"Organization","@id":"https:\/\/www.bellunopress.it\/#organization","name":"Bellunopress","url":"https:\/\/www.bellunopress.it\/","logo":{"@type":"ImageObject","inLanguage":"fr-FR","@id":"https:\/\/www.bellunopress.it\/#\/schema\/logo\/image\/","url":"https:\/\/www.bellunopress.it\/wp-content\/uploads\/2011\/05\/cropped-logo-bellunopress-.jpg","contentUrl":"https:\/\/www.bellunopress.it\/wp-content\/uploads\/2011\/05\/cropped-logo-bellunopress-.jpg","width":512,"height":512,"caption":"Bellunopress"},"image":{"@id":"https:\/\/www.bellunopress.it\/#\/schema\/logo\/image\/"},"sameAs":["https:\/\/www.facebook.com\/profile.php?id=100008943462799","https:\/\/x.com\/bellunopress","https:\/\/www.linkedin.com\/hp\/?dnr=JBzUWaJfMUw8vbXJJ2tVW5-I3jZKvC4wsoxE&amp;amp;amp;amp;amp;amp;trk=nav_responsive_tab_home","https:\/\/www.youtube.com\/channel\/UCxL0wu1uN0_3_7hGG0306cw"]},{"@type":"Person","@id":"https:\/\/www.bellunopress.it\/#\/schema\/person\/79bb06722b37ece1c03d3e94beb30d73","name":"r\u00e9daction","image":{"@type":"ImageObject","inLanguage":"fr-FR","@id":"https:\/\/secure.gravatar.com\/avatar\/37d968a2e67a6fd04c169c4bdef102d0bc5d31b2546345219e348575eb80e9a0?s=96&d=mm&r=g","url":"https:\/\/secure.gravatar.com\/avatar\/37d968a2e67a6fd04c169c4bdef102d0bc5d31b2546345219e348575eb80e9a0?s=96&d=mm&r=g","contentUrl":"https:\/\/secure.gravatar.com\/avatar\/37d968a2e67a6fd04c169c4bdef102d0bc5d31b2546345219e348575eb80e9a0?s=96&d=mm&r=g","caption":"redazione"},"sameAs":["http:\/\/www.bellunopress.it","https:\/\/x.com\/bellunopress"],"url":"https:\/\/www.bellunopress.it\/fr\/author\/redazione\/"}]}},"_links":{"self":[{"href":"https:\/\/www.bellunopress.it\/fr\/wp-json\/wp\/v2\/posts\/169480","targetHints":{"allow":["GET"]}}],"collection":[{"href":"https:\/\/www.bellunopress.it\/fr\/wp-json\/wp\/v2\/posts"}],"about":[{"href":"https:\/\/www.bellunopress.it\/fr\/wp-json\/wp\/v2\/types\/post"}],"author":[{"embeddable":true,"href":"https:\/\/www.bellunopress.it\/fr\/wp-json\/wp\/v2\/users\/2"}],"replies":[{"embeddable":true,"href":"https:\/\/www.bellunopress.it\/fr\/wp-json\/wp\/v2\/comments?post=169480"}],"version-history":[{"count":1,"href":"https:\/\/www.bellunopress.it\/fr\/wp-json\/wp\/v2\/posts\/169480\/revisions"}],"predecessor-version":[{"id":169481,"href":"https:\/\/www.bellunopress.it\/fr\/wp-json\/wp\/v2\/posts\/169480\/revisions\/169481"}],"wp:featuredmedia":[{"embeddable":true,"href":"https:\/\/www.bellunopress.it\/fr\/wp-json\/wp\/v2\/media\/113617"}],"wp:attachment":[{"href":"https:\/\/www.bellunopress.it\/fr\/wp-json\/wp\/v2\/media?parent=169480"}],"wp:term":[{"taxonomy":"category","embeddable":true,"href":"https:\/\/www.bellunopress.it\/fr\/wp-json\/wp\/v2\/categories?post=169480"},{"taxonomy":"post_tag","embeddable":true,"href":"https:\/\/www.bellunopress.it\/fr\/wp-json\/wp\/v2\/tags?post=169480"}],"curies":[{"name":"wp","href":"https:\/\/api.w.org\/{rel}","templated":true}]}}