{"id":169475,"date":"2026-04-24T21:26:15","date_gmt":"2026-04-24T19:26:15","guid":{"rendered":"https:\/\/www.bellunopress.it\/?p=169475"},"modified":"2026-04-24T21:26:15","modified_gmt":"2026-04-24T19:26:15","slug":"fisco-litalia-delle-due-velocita-dipendenti-e-pensionati-tirano-la-carretta","status":"publish","type":"post","link":"https:\/\/www.bellunopress.it\/fr\/2026\/04\/24\/fisco-litalia-delle-due-velocita-dipendenti-e-pensionati-tirano-la-carretta\/","title":{"rendered":"Fisco. L\u2019Italia delle due velocit\u00e0: dipendenti e pensionati tirano la carretta"},"content":{"rendered":"<h3 data-path-to-node=\"3\">Il paradosso del sistema tributario: se dipendenti e pensionati versano il 90% dell\u2019Irpef, le societ\u00e0 faticano a pareggiare i conti del gettito.<\/h3>\n<p data-path-to-node=\"5\">L\u2019architettura fiscale italiana somiglia sempre pi\u00f9 a una piramide rovesciata. Gli ultimi dati del Ministero dell\u2019Economia e delle Finanze dipingono un quadro inequivocabile: la spina dorsale dello Stato \u00e8 costituita dal lavoro dipendente e dalle pensioni. Mentre il dibattito politico si infiamma sulla riforma delle aliquote, i numeri del 2025 svelano una realt\u00e0 dove il prelievo fiscale \u00e8 polarizzato e la lotta all\u2019evasione, pur segnando successi storici, fatica a riequilibrare il peso tra le diverse categorie.<\/p>\n<p data-path-to-node=\"7\">Nonostante le narrazioni sulla pressione fiscale diffusa, l\u2019imposta sul reddito delle persone fisiche (Irpef) continua a pesare in modo schiacciante su una sola fetta della popolazione. Dei circa 230 miliardi di euro di gettito complessivo previsto per l\u2019anno in corso, circa il 90% proviene dalle buste paga dei lavoratori dipendenti e dagli assegni dei pensionati.<\/p>\n<p data-path-to-node=\"8\">Questo dato non riflette solo la numerosit\u00e0 di queste categorie, ma anche l\u2019efficienza del sistema di ritenuta alla fonte, che rende il loro contributo &#8220;certo&#8221; e quasi immune dall\u2019evasione. Al contrario, il mondo del lavoro autonomo e delle ditte individuali, pur in crescita, mostra ancora una propensione all&#8217;evasione che, in alcuni segmenti, supera la soglia critica del 60%.<\/p>\n<p data-path-to-node=\"10\">Ma cosa succede quando lo sguardo si sposta sulle grandi organizzazioni? Le societ\u00e0 di capitali non pagano l&#8217;Irpef, ma contribuiscono tramite l&#8217;Ires. Nel 2025, il gettito derivante da questa imposta ha mostrato segnali di vigore, attestandosi in una forbice tra i 55 e i 60 miliardi di euro.<\/p>\n<p data-path-to-node=\"11\">Si tratta di un incremento significativo, spinto soprattutto dai &#8220;super-profitti&#8221; dei settori bancario ed energetico. Tuttavia, il divario resta netto: per ogni euro versato dalle societ\u00e0, i cittadini (come persone fisiche) ne versano quattro. Una sproporzione che alimenta il dibattito sulla giustizia fiscale, specialmente considerando i complessi meccanismi di elusione internazionale utilizzati dalle multinazionali per spostare la base imponibile verso giurisdizioni pi\u00f9 miti.<\/p>\n<p data-path-to-node=\"13\">L\u2019ombra lunga dell\u2019evasione continua a sottrarre alle casse dello Stato tra gli 80 e i 90 miliardi di euro ogni anno. Nonostante ci\u00f2, il 2024 e il 2025 hanno segnato un punto di svolta tecnologico: grazie alla digitalizzazione dei pagamenti e a controlli incrociati sempre pi\u00f9 sofisticati, l&#8217;Agenzia delle Entrate ha recuperato oltre 30 miliardi di euro di &#8220;nero&#8221;.<\/p>\n<p data-path-to-node=\"14\"><b data-path-to-node=\"14\" data-index-in-node=\"0\">Il recupero dell&#8217;evasione (miliardi di \u20ac):<\/b><\/p>\n<table data-path-to-node=\"15\">\n<thead>\n<tr>\n<td>Anno<\/td>\n<td>Recupero da attivit\u00e0 di controllo<\/td>\n<\/tr>\n<\/thead>\n<tbody>\n<tr>\n<td>2023<\/td>\n<td>~24,7<\/td>\n<\/tr>\n<tr>\n<td>2024<\/td>\n<td>~28,2<\/td>\n<\/tr>\n<tr>\n<td>2025 (stima)<\/td>\n<td>&gt;30,0<\/td>\n<\/tr>\n<\/tbody>\n<\/table>\n<p data-path-to-node=\"17\">\n<p data-path-to-node=\"17\">Il nodo resta politico e sociale. Pu\u00f2 un Paese avanzato basare il proprio welfare (sanit\u00e0, istruzione e trasporti) quasi esclusivamente sulla tassazione del lavoro dipendente? La sfida per i prossimi anni non sar\u00e0 solo abbassare le tasse, ma allargare la base imponibile, portando alla luce quel sommerso che oggi permette a una parte del Paese di godere di servizi pagati da altri.<\/p>\n<p data-path-to-node=\"18\">Senza un riequilibrio strutturale, il rischio \u00e8 che il &#8220;patto sociale&#8221; tra Stato e cittadino continui a incrinarsi, lasciando a dipendenti e pensionati l&#8217;onere quasi esclusivo di mantenere acceso il motore dell&#8217;Italia.<\/p>","protected":false},"excerpt":{"rendered":"<p>Il paradosso del sistema tributario: se dipendenti e pensionati versano il 90% dell\u2019Irpef, le societ\u00e0 faticano a pareggiare i conti del gettito. L\u2019architettura fiscale italiana somiglia sempre pi\u00f9 a una piramide rovesciata. Gli ultimi dati del Ministero dell\u2019Economia e delle Finanze dipingono un quadro inequivocabile: la spina dorsale dello Stato \u00e8 costituita dal lavoro dipendente [&hellip;]<\/p>\n","protected":false},"author":2,"featured_media":169476,"comment_status":"closed","ping_status":"open","sticky":false,"template":"","format":"standard","meta":{"footnotes":""},"categories":[5,3446,36,26],"tags":[],"class_list":["post-169475","post","type-post","status-publish","format-standard","has-post-thumbnail","category-cronaca","category-featured","category-lavoro-economia","category-prima-pagina"],"yoast_head":"<!-- This site is optimized with the Yoast SEO plugin v28.4 - https:\/\/yoast.com\/product\/yoast-seo-wordpress\/ -->\n<title>Fisco. L\u2019Italia delle due velocit\u00e0: dipendenti e pensionati tirano la carretta - Bellunopress - Dolomiti<\/title>\n<meta name=\"robots\" content=\"index, follow, max-snippet:-1, max-image-preview:large, max-video-preview:-1\" \/>\n<link rel=\"canonical\" href=\"https:\/\/www.bellunopress.it\/fr\/2026\/04\/24\/fisco-litalia-delle-due-velocita-dipendenti-e-pensionati-tirano-la-carretta\/\" \/>\n<meta property=\"og:locale\" content=\"fr_FR\" \/>\n<meta property=\"og:type\" content=\"article\" \/>\n<meta property=\"og:title\" content=\"Fisco. L\u2019Italia delle due velocit\u00e0: dipendenti e pensionati tirano la carretta - Bellunopress - Dolomiti\" \/>\n<meta property=\"og:description\" content=\"Il paradosso del sistema tributario: se dipendenti e pensionati versano il 90% dell\u2019Irpef, le societ\u00e0 faticano a pareggiare i conti del gettito. L\u2019architettura fiscale italiana somiglia sempre pi\u00f9 a una piramide rovesciata. Gli ultimi dati del Ministero dell\u2019Economia e delle Finanze dipingono un quadro inequivocabile: la spina dorsale dello Stato \u00e8 costituita dal lavoro dipendente [&hellip;]\" \/>\n<meta property=\"og:url\" content=\"https:\/\/www.bellunopress.it\/fr\/2026\/04\/24\/fisco-litalia-delle-due-velocita-dipendenti-e-pensionati-tirano-la-carretta\/\" \/>\n<meta property=\"og:site_name\" content=\"Bellunopress - Dolomiti\" \/>\n<meta property=\"article:publisher\" content=\"https:\/\/www.facebook.com\/profile.php?id=100008943462799\" \/>\n<meta property=\"article:published_time\" content=\"2026-04-24T19:26:15+00:00\" \/>\n<meta property=\"og:image\" content=\"https:\/\/www.bellunopress.it\/wp-content\/uploads\/2026\/04\/chi-tira-la-carretta-pensionati-e-dipendenti.jpg\" \/>\n\t<meta property=\"og:image:width\" content=\"600\" \/>\n\t<meta property=\"og:image:height\" content=\"327\" \/>\n\t<meta property=\"og:image:type\" content=\"image\/jpeg\" \/>\n<meta name=\"author\" content=\"redazione\" \/>\n<meta name=\"twitter:card\" content=\"summary_large_image\" \/>\n<meta name=\"twitter:creator\" content=\"@bellunopress\" \/>\n<meta name=\"twitter:site\" content=\"@bellunopress\" \/>\n<meta name=\"twitter:label1\" content=\"\u00c9crit par\" \/>\n\t<meta name=\"twitter:data1\" content=\"redazione\" \/>\n\t<meta name=\"twitter:label2\" content=\"Dur\u00e9e de lecture estim\u00e9e\" \/>\n\t<meta name=\"twitter:data2\" content=\"2 minutes\" \/>\n<script type=\"application\/ld+json\" class=\"yoast-schema-graph\">{\"@context\":\"https:\\\/\\\/schema.org\",\"@graph\":[{\"@type\":\"Article\",\"@id\":\"https:\\\/\\\/www.bellunopress.it\\\/2026\\\/04\\\/24\\\/fisco-litalia-delle-due-velocita-dipendenti-e-pensionati-tirano-la-carretta\\\/#article\",\"isPartOf\":{\"@id\":\"https:\\\/\\\/www.bellunopress.it\\\/2026\\\/04\\\/24\\\/fisco-litalia-delle-due-velocita-dipendenti-e-pensionati-tirano-la-carretta\\\/\"},\"author\":{\"name\":\"redazione\",\"@id\":\"https:\\\/\\\/www.bellunopress.it\\\/#\\\/schema\\\/person\\\/79bb06722b37ece1c03d3e94beb30d73\"},\"headline\":\"Fisco. L\u2019Italia delle due velocit\u00e0: dipendenti e pensionati tirano la carretta\",\"datePublished\":\"2026-04-24T19:26:15+00:00\",\"mainEntityOfPage\":{\"@id\":\"https:\\\/\\\/www.bellunopress.it\\\/2026\\\/04\\\/24\\\/fisco-litalia-delle-due-velocita-dipendenti-e-pensionati-tirano-la-carretta\\\/\"},\"wordCount\":501,\"publisher\":{\"@id\":\"https:\\\/\\\/www.bellunopress.it\\\/#organization\"},\"image\":{\"@id\":\"https:\\\/\\\/www.bellunopress.it\\\/2026\\\/04\\\/24\\\/fisco-litalia-delle-due-velocita-dipendenti-e-pensionati-tirano-la-carretta\\\/#primaryimage\"},\"thumbnailUrl\":\"https:\\\/\\\/www.bellunopress.it\\\/wp-content\\\/uploads\\\/2026\\\/04\\\/chi-tira-la-carretta-pensionati-e-dipendenti.jpg\",\"articleSection\":[\"Cronaca\\\/Politica\",\"Featured\",\"Lavoro, Economia, Turismo\",\"Prima Pagina\"],\"inLanguage\":\"fr-FR\"},{\"@type\":\"WebPage\",\"@id\":\"https:\\\/\\\/www.bellunopress.it\\\/2026\\\/04\\\/24\\\/fisco-litalia-delle-due-velocita-dipendenti-e-pensionati-tirano-la-carretta\\\/\",\"url\":\"https:\\\/\\\/www.bellunopress.it\\\/2026\\\/04\\\/24\\\/fisco-litalia-delle-due-velocita-dipendenti-e-pensionati-tirano-la-carretta\\\/\",\"name\":\"Fisco. L\u2019Italia delle due velocit\u00e0: dipendenti e pensionati tirano la carretta - Bellunopress - Dolomiti\",\"isPartOf\":{\"@id\":\"https:\\\/\\\/www.bellunopress.it\\\/#website\"},\"primaryImageOfPage\":{\"@id\":\"https:\\\/\\\/www.bellunopress.it\\\/2026\\\/04\\\/24\\\/fisco-litalia-delle-due-velocita-dipendenti-e-pensionati-tirano-la-carretta\\\/#primaryimage\"},\"image\":{\"@id\":\"https:\\\/\\\/www.bellunopress.it\\\/2026\\\/04\\\/24\\\/fisco-litalia-delle-due-velocita-dipendenti-e-pensionati-tirano-la-carretta\\\/#primaryimage\"},\"thumbnailUrl\":\"https:\\\/\\\/www.bellunopress.it\\\/wp-content\\\/uploads\\\/2026\\\/04\\\/chi-tira-la-carretta-pensionati-e-dipendenti.jpg\",\"datePublished\":\"2026-04-24T19:26:15+00:00\",\"breadcrumb\":{\"@id\":\"https:\\\/\\\/www.bellunopress.it\\\/2026\\\/04\\\/24\\\/fisco-litalia-delle-due-velocita-dipendenti-e-pensionati-tirano-la-carretta\\\/#breadcrumb\"},\"inLanguage\":\"fr-FR\",\"potentialAction\":[{\"@type\":\"ReadAction\",\"target\":[\"https:\\\/\\\/www.bellunopress.it\\\/2026\\\/04\\\/24\\\/fisco-litalia-delle-due-velocita-dipendenti-e-pensionati-tirano-la-carretta\\\/\"]}]},{\"@type\":\"ImageObject\",\"inLanguage\":\"fr-FR\",\"@id\":\"https:\\\/\\\/www.bellunopress.it\\\/2026\\\/04\\\/24\\\/fisco-litalia-delle-due-velocita-dipendenti-e-pensionati-tirano-la-carretta\\\/#primaryimage\",\"url\":\"https:\\\/\\\/www.bellunopress.it\\\/wp-content\\\/uploads\\\/2026\\\/04\\\/chi-tira-la-carretta-pensionati-e-dipendenti.jpg\",\"contentUrl\":\"https:\\\/\\\/www.bellunopress.it\\\/wp-content\\\/uploads\\\/2026\\\/04\\\/chi-tira-la-carretta-pensionati-e-dipendenti.jpg\",\"width\":600,\"height\":327},{\"@type\":\"BreadcrumbList\",\"@id\":\"https:\\\/\\\/www.bellunopress.it\\\/2026\\\/04\\\/24\\\/fisco-litalia-delle-due-velocita-dipendenti-e-pensionati-tirano-la-carretta\\\/#breadcrumb\",\"itemListElement\":[{\"@type\":\"ListItem\",\"position\":1,\"name\":\"Home\",\"item\":\"https:\\\/\\\/www.bellunopress.it\\\/\"},{\"@type\":\"ListItem\",\"position\":2,\"name\":\"Fisco. L\u2019Italia delle due velocit\u00e0: dipendenti e pensionati tirano la carretta\"}]},{\"@type\":\"WebSite\",\"@id\":\"https:\\\/\\\/www.bellunopress.it\\\/#website\",\"url\":\"https:\\\/\\\/www.bellunopress.it\\\/\",\"name\":\"Bellunopress - Dolomiti\",\"description\":\"e-mail: redazione@bellunopress.it\",\"publisher\":{\"@id\":\"https:\\\/\\\/www.bellunopress.it\\\/#organization\"},\"potentialAction\":[{\"@type\":\"SearchAction\",\"target\":{\"@type\":\"EntryPoint\",\"urlTemplate\":\"https:\\\/\\\/www.bellunopress.it\\\/?s={search_term_string}\"},\"query-input\":{\"@type\":\"PropertyValueSpecification\",\"valueRequired\":true,\"valueName\":\"search_term_string\"}}],\"inLanguage\":\"fr-FR\"},{\"@type\":\"Organization\",\"@id\":\"https:\\\/\\\/www.bellunopress.it\\\/#organization\",\"name\":\"Bellunopress\",\"url\":\"https:\\\/\\\/www.bellunopress.it\\\/\",\"logo\":{\"@type\":\"ImageObject\",\"inLanguage\":\"fr-FR\",\"@id\":\"https:\\\/\\\/www.bellunopress.it\\\/#\\\/schema\\\/logo\\\/image\\\/\",\"url\":\"https:\\\/\\\/www.bellunopress.it\\\/wp-content\\\/uploads\\\/2011\\\/05\\\/cropped-logo-bellunopress-.jpg\",\"contentUrl\":\"https:\\\/\\\/www.bellunopress.it\\\/wp-content\\\/uploads\\\/2011\\\/05\\\/cropped-logo-bellunopress-.jpg\",\"width\":512,\"height\":512,\"caption\":\"Bellunopress\"},\"image\":{\"@id\":\"https:\\\/\\\/www.bellunopress.it\\\/#\\\/schema\\\/logo\\\/image\\\/\"},\"sameAs\":[\"https:\\\/\\\/www.facebook.com\\\/profile.php?id=100008943462799\",\"https:\\\/\\\/x.com\\\/bellunopress\",\"https:\\\/\\\/www.linkedin.com\\\/hp\\\/?dnr=JBzUWaJfMUw8vbXJJ2tVW5-I3jZKvC4wsoxE&amp;amp;amp;amp;amp;amp;trk=nav_responsive_tab_home\",\"https:\\\/\\\/www.youtube.com\\\/channel\\\/UCxL0wu1uN0_3_7hGG0306cw\"]},{\"@type\":\"Person\",\"@id\":\"https:\\\/\\\/www.bellunopress.it\\\/#\\\/schema\\\/person\\\/79bb06722b37ece1c03d3e94beb30d73\",\"name\":\"redazione\",\"image\":{\"@type\":\"ImageObject\",\"inLanguage\":\"fr-FR\",\"@id\":\"https:\\\/\\\/secure.gravatar.com\\\/avatar\\\/37d968a2e67a6fd04c169c4bdef102d0bc5d31b2546345219e348575eb80e9a0?s=96&d=mm&r=g\",\"url\":\"https:\\\/\\\/secure.gravatar.com\\\/avatar\\\/37d968a2e67a6fd04c169c4bdef102d0bc5d31b2546345219e348575eb80e9a0?s=96&d=mm&r=g\",\"contentUrl\":\"https:\\\/\\\/secure.gravatar.com\\\/avatar\\\/37d968a2e67a6fd04c169c4bdef102d0bc5d31b2546345219e348575eb80e9a0?s=96&d=mm&r=g\",\"caption\":\"redazione\"},\"sameAs\":[\"http:\\\/\\\/www.bellunopress.it\",\"https:\\\/\\\/x.com\\\/bellunopress\"],\"url\":\"https:\\\/\\\/www.bellunopress.it\\\/fr\\\/author\\\/redazione\\\/\"}]}<\/script>\n<!-- \/ Yoast SEO plugin. -->","yoast_head_json":{"title":"Fisco. L\u2019Italia delle due velocit\u00e0: dipendenti e pensionati tirano la carretta - Bellunopress - Dolomiti","robots":{"index":"index","follow":"follow","max-snippet":"max-snippet:-1","max-image-preview":"max-image-preview:large","max-video-preview":"max-video-preview:-1"},"canonical":"https:\/\/www.bellunopress.it\/fr\/2026\/04\/24\/fisco-litalia-delle-due-velocita-dipendenti-e-pensionati-tirano-la-carretta\/","og_locale":"fr_FR","og_type":"article","og_title":"Fisco. L\u2019Italia delle due velocit\u00e0: dipendenti e pensionati tirano la carretta - Bellunopress - Dolomiti","og_description":"Il paradosso del sistema tributario: se dipendenti e pensionati versano il 90% dell\u2019Irpef, le societ\u00e0 faticano a pareggiare i conti del gettito. L\u2019architettura fiscale italiana somiglia sempre pi\u00f9 a una piramide rovesciata. Gli ultimi dati del Ministero dell\u2019Economia e delle Finanze dipingono un quadro inequivocabile: la spina dorsale dello Stato \u00e8 costituita dal lavoro dipendente [&hellip;]","og_url":"https:\/\/www.bellunopress.it\/fr\/2026\/04\/24\/fisco-litalia-delle-due-velocita-dipendenti-e-pensionati-tirano-la-carretta\/","og_site_name":"Bellunopress - Dolomiti","article_publisher":"https:\/\/www.facebook.com\/profile.php?id=100008943462799","article_published_time":"2026-04-24T19:26:15+00:00","og_image":[{"width":600,"height":327,"url":"https:\/\/www.bellunopress.it\/wp-content\/uploads\/2026\/04\/chi-tira-la-carretta-pensionati-e-dipendenti.jpg","type":"image\/jpeg"}],"author":"redazione","twitter_card":"summary_large_image","twitter_creator":"@bellunopress","twitter_site":"@bellunopress","twitter_misc":{"\u00c9crit par":"redazione","Dur\u00e9e de lecture estim\u00e9e":"2 minutes"},"schema":{"@context":"https:\/\/schema.org","@graph":[{"@type":"Article","@id":"https:\/\/www.bellunopress.it\/2026\/04\/24\/fisco-litalia-delle-due-velocita-dipendenti-e-pensionati-tirano-la-carretta\/#article","isPartOf":{"@id":"https:\/\/www.bellunopress.it\/2026\/04\/24\/fisco-litalia-delle-due-velocita-dipendenti-e-pensionati-tirano-la-carretta\/"},"author":{"name":"redazione","@id":"https:\/\/www.bellunopress.it\/#\/schema\/person\/79bb06722b37ece1c03d3e94beb30d73"},"headline":"Fisco. L\u2019Italia delle due velocit\u00e0: dipendenti e pensionati tirano la carretta","datePublished":"2026-04-24T19:26:15+00:00","mainEntityOfPage":{"@id":"https:\/\/www.bellunopress.it\/2026\/04\/24\/fisco-litalia-delle-due-velocita-dipendenti-e-pensionati-tirano-la-carretta\/"},"wordCount":501,"publisher":{"@id":"https:\/\/www.bellunopress.it\/#organization"},"image":{"@id":"https:\/\/www.bellunopress.it\/2026\/04\/24\/fisco-litalia-delle-due-velocita-dipendenti-e-pensionati-tirano-la-carretta\/#primaryimage"},"thumbnailUrl":"https:\/\/www.bellunopress.it\/wp-content\/uploads\/2026\/04\/chi-tira-la-carretta-pensionati-e-dipendenti.jpg","articleSection":["Cronaca\/Politica","Featured","Lavoro, Economia, Turismo","Prima Pagina"],"inLanguage":"fr-FR"},{"@type":"WebPage","@id":"https:\/\/www.bellunopress.it\/2026\/04\/24\/fisco-litalia-delle-due-velocita-dipendenti-e-pensionati-tirano-la-carretta\/","url":"https:\/\/www.bellunopress.it\/2026\/04\/24\/fisco-litalia-delle-due-velocita-dipendenti-e-pensionati-tirano-la-carretta\/","name":"Fisco. L\u2019Italia delle due velocit\u00e0: dipendenti e pensionati tirano la carretta - Bellunopress - Dolomiti","isPartOf":{"@id":"https:\/\/www.bellunopress.it\/#website"},"primaryImageOfPage":{"@id":"https:\/\/www.bellunopress.it\/2026\/04\/24\/fisco-litalia-delle-due-velocita-dipendenti-e-pensionati-tirano-la-carretta\/#primaryimage"},"image":{"@id":"https:\/\/www.bellunopress.it\/2026\/04\/24\/fisco-litalia-delle-due-velocita-dipendenti-e-pensionati-tirano-la-carretta\/#primaryimage"},"thumbnailUrl":"https:\/\/www.bellunopress.it\/wp-content\/uploads\/2026\/04\/chi-tira-la-carretta-pensionati-e-dipendenti.jpg","datePublished":"2026-04-24T19:26:15+00:00","breadcrumb":{"@id":"https:\/\/www.bellunopress.it\/2026\/04\/24\/fisco-litalia-delle-due-velocita-dipendenti-e-pensionati-tirano-la-carretta\/#breadcrumb"},"inLanguage":"fr-FR","potentialAction":[{"@type":"ReadAction","target":["https:\/\/www.bellunopress.it\/2026\/04\/24\/fisco-litalia-delle-due-velocita-dipendenti-e-pensionati-tirano-la-carretta\/"]}]},{"@type":"ImageObject","inLanguage":"fr-FR","@id":"https:\/\/www.bellunopress.it\/2026\/04\/24\/fisco-litalia-delle-due-velocita-dipendenti-e-pensionati-tirano-la-carretta\/#primaryimage","url":"https:\/\/www.bellunopress.it\/wp-content\/uploads\/2026\/04\/chi-tira-la-carretta-pensionati-e-dipendenti.jpg","contentUrl":"https:\/\/www.bellunopress.it\/wp-content\/uploads\/2026\/04\/chi-tira-la-carretta-pensionati-e-dipendenti.jpg","width":600,"height":327},{"@type":"BreadcrumbList","@id":"https:\/\/www.bellunopress.it\/2026\/04\/24\/fisco-litalia-delle-due-velocita-dipendenti-e-pensionati-tirano-la-carretta\/#breadcrumb","itemListElement":[{"@type":"ListItem","position":1,"name":"Home","item":"https:\/\/www.bellunopress.it\/"},{"@type":"ListItem","position":2,"name":"Fisco. L\u2019Italia delle due velocit\u00e0: dipendenti e pensionati tirano la carretta"}]},{"@type":"WebSite","@id":"https:\/\/www.bellunopress.it\/#website","url":"https:\/\/www.bellunopress.it\/","name":"Bellunopress - Dolomiti","description":"e-mail: redazione@bellunopress.it","publisher":{"@id":"https:\/\/www.bellunopress.it\/#organization"},"potentialAction":[{"@type":"SearchAction","target":{"@type":"EntryPoint","urlTemplate":"https:\/\/www.bellunopress.it\/?s={search_term_string}"},"query-input":{"@type":"PropertyValueSpecification","valueRequired":true,"valueName":"search_term_string"}}],"inLanguage":"fr-FR"},{"@type":"Organization","@id":"https:\/\/www.bellunopress.it\/#organization","name":"Bellunopress","url":"https:\/\/www.bellunopress.it\/","logo":{"@type":"ImageObject","inLanguage":"fr-FR","@id":"https:\/\/www.bellunopress.it\/#\/schema\/logo\/image\/","url":"https:\/\/www.bellunopress.it\/wp-content\/uploads\/2011\/05\/cropped-logo-bellunopress-.jpg","contentUrl":"https:\/\/www.bellunopress.it\/wp-content\/uploads\/2011\/05\/cropped-logo-bellunopress-.jpg","width":512,"height":512,"caption":"Bellunopress"},"image":{"@id":"https:\/\/www.bellunopress.it\/#\/schema\/logo\/image\/"},"sameAs":["https:\/\/www.facebook.com\/profile.php?id=100008943462799","https:\/\/x.com\/bellunopress","https:\/\/www.linkedin.com\/hp\/?dnr=JBzUWaJfMUw8vbXJJ2tVW5-I3jZKvC4wsoxE&amp;amp;amp;amp;amp;amp;trk=nav_responsive_tab_home","https:\/\/www.youtube.com\/channel\/UCxL0wu1uN0_3_7hGG0306cw"]},{"@type":"Person","@id":"https:\/\/www.bellunopress.it\/#\/schema\/person\/79bb06722b37ece1c03d3e94beb30d73","name":"r\u00e9daction","image":{"@type":"ImageObject","inLanguage":"fr-FR","@id":"https:\/\/secure.gravatar.com\/avatar\/37d968a2e67a6fd04c169c4bdef102d0bc5d31b2546345219e348575eb80e9a0?s=96&d=mm&r=g","url":"https:\/\/secure.gravatar.com\/avatar\/37d968a2e67a6fd04c169c4bdef102d0bc5d31b2546345219e348575eb80e9a0?s=96&d=mm&r=g","contentUrl":"https:\/\/secure.gravatar.com\/avatar\/37d968a2e67a6fd04c169c4bdef102d0bc5d31b2546345219e348575eb80e9a0?s=96&d=mm&r=g","caption":"redazione"},"sameAs":["http:\/\/www.bellunopress.it","https:\/\/x.com\/bellunopress"],"url":"https:\/\/www.bellunopress.it\/fr\/author\/redazione\/"}]}},"_links":{"self":[{"href":"https:\/\/www.bellunopress.it\/fr\/wp-json\/wp\/v2\/posts\/169475","targetHints":{"allow":["GET"]}}],"collection":[{"href":"https:\/\/www.bellunopress.it\/fr\/wp-json\/wp\/v2\/posts"}],"about":[{"href":"https:\/\/www.bellunopress.it\/fr\/wp-json\/wp\/v2\/types\/post"}],"author":[{"embeddable":true,"href":"https:\/\/www.bellunopress.it\/fr\/wp-json\/wp\/v2\/users\/2"}],"replies":[{"embeddable":true,"href":"https:\/\/www.bellunopress.it\/fr\/wp-json\/wp\/v2\/comments?post=169475"}],"version-history":[{"count":1,"href":"https:\/\/www.bellunopress.it\/fr\/wp-json\/wp\/v2\/posts\/169475\/revisions"}],"predecessor-version":[{"id":169477,"href":"https:\/\/www.bellunopress.it\/fr\/wp-json\/wp\/v2\/posts\/169475\/revisions\/169477"}],"wp:featuredmedia":[{"embeddable":true,"href":"https:\/\/www.bellunopress.it\/fr\/wp-json\/wp\/v2\/media\/169476"}],"wp:attachment":[{"href":"https:\/\/www.bellunopress.it\/fr\/wp-json\/wp\/v2\/media?parent=169475"}],"wp:term":[{"taxonomy":"category","embeddable":true,"href":"https:\/\/www.bellunopress.it\/fr\/wp-json\/wp\/v2\/categories?post=169475"},{"taxonomy":"post_tag","embeddable":true,"href":"https:\/\/www.bellunopress.it\/fr\/wp-json\/wp\/v2\/tags?post=169475"}],"curies":[{"name":"wp","href":"https:\/\/api.w.org\/{rel}","templated":true}]}}