{"id":169456,"date":"2026-04-24T10:55:46","date_gmt":"2026-04-24T08:55:46","guid":{"rendered":"https:\/\/www.bellunopress.it\/?p=169456"},"modified":"2026-04-24T12:59:32","modified_gmt":"2026-04-24T10:59:32","slug":"raphael-gualazzi-domenica-26-aprile-a-belluno-il-cantante-e-pianista-fra-jazz-soul-e-cinema","status":"publish","type":"post","link":"https:\/\/www.bellunopress.it\/fr\/2026\/04\/24\/raphael-gualazzi-domenica-26-aprile-a-belluno-il-cantante-e-pianista-fra-jazz-soul-e-cinema\/","title":{"rendered":"Raphael Gualazzi, domenica 26 aprile a Belluno il cantante e pianista, fra jazz, soul e cinema"},"content":{"rendered":"<p>Belluno, aprile 2026 \u2013 Domenica 26 aprile alle ore 18.00, Raphael Gualazzi sar\u00e0 protagonista al Teatro Dino Buzzati di Belluno di un concerto nella suggestiva dimensione piano-vocal. L&#8217;evento \u00e8 organizzato da Veneto Jazz.<\/p>\n<p>L&#8217;artista si presenta in una veste essenziale e autentica, affidando a pianoforte e voce un racconto musicale che attraversa i suoi successi e le principali fonti di ispirazione. Un&#8217;esibizione intima che restituisce alle composizioni la loro natura pi\u00f9 profonda, tra brani scritti per colonne sonore, raffinati divertissement su arie d&#8217;opera, omaggi alla tradizione afroamericana e incursioni rapsodiche su celebri temi della musica italiana e internazionale.<\/p>\n<p>Cantautore, pianista, compositore, arrangiatore e produttore, Raphael Gualazzi \u00e8 acclamato a livello internazionale per il suo stile unico, capace di fondere con naturalezza tradizioni musicali diverse. Il suo linguaggio, profondamente melodico e cantautorale, affonda le radici nella cultura italiana per poi aprirsi alle suggestioni del jazz, del blues, dello stride piano, del soul e del pop, senza dimenticare le reminiscenze del mondo classico. Dopo gli studi al Conservatorio, Gualazzi ha intrapreso un percorso artistico all&#8217;insegna della sperimentazione, costruendo una carriera costellata di successi. Il grande pubblico lo ha consacrato nel 2011 al Festival di Sanremo, dove ha trionfato nella categoria Giovani con Follia d&#8217;Amore, aggiudicandosi anche il Premio della Critica Mia Martini, il premio della Sala Stampa Radio e TV e il Premio Assomusica per la migliore esibizione live. Nello stesso anno ha conquistato il secondo posto all&#8217;Eurovision Song Contest, per poi tornare sul palco dell&#8217;Ariston altre tre volte con ampio consenso di pubblico e critica. Nel corso della sua carriera Raphael Gualazzi ha calcato alcuni dei palcoscenici pi\u00f9 prestigiosi del mondo, dal Saint Germain Jazz di Parigi al Teatro alla Scala di Milano, fino a festival internazionali in Europa, Giappone, Stati Uniti, Canada, Sudafrica e Argentina, confermandosi come uno degli artisti italiani pi\u00f9 apprezzati all&#8217;estero.<\/p>\n<p>Biglietti disponibili nel circuito Ticketone (on line e punti vendita) e il giorno del concerto alla biglietteria del teatro (dalle 19.30).<\/p>\n<p>Biglietti:<br \/>\nPlatea: 35 euro + diritti di prevendita<br \/>\nGalleria centrale: 35 euro + diritti di prevendita<br \/>\nGalleria laterale: 30 euro + diritti di prevendita<br \/>\nLoggione: 30 euro + diritti di prevendita<br \/>\nPosti scarsa visibilit\u00e0: 25 euro + diritti di prevendita<\/p>\n<p>Prevendite:<br \/>\nTicketone \u2013 on line e punti vendita<br \/>\nBiglietteria del Teatro la sera del concerto a partire dalle 19.30.<\/p>\n<p>Biglietteria Teatro Dino Buzzati &#8211; Belluno:<\/p>\n<blockquote class=\"wp-embedded-content\" data-secret=\"Sqny8Lwdhl\"><p><a href=\"https:\/\/www.fondazioneteatridolomiti.it\/biglietterie\/\">BIGLIETTERIE<\/a><\/p><\/blockquote>\n<p><iframe loading=\"lazy\" class=\"wp-embedded-content\" sandbox=\"allow-scripts\" security=\"restricted\" style=\"position: absolute; visibility: hidden;\" title=\"&#8220;BIGLIETTERIE&#8221; &#8212; Fondazione Teatri delle Dolomiti\" src=\"https:\/\/www.fondazioneteatridolomiti.it\/biglietterie\/embed\/#?secret=HYSnQy8koM#?secret=Sqny8Lwdhl\" data-secret=\"Sqny8Lwdhl\" width=\"600\" height=\"338\" frameborder=\"0\" marginwidth=\"0\" marginheight=\"0\" scrolling=\"no\"><\/iframe><\/p>","protected":false},"excerpt":{"rendered":"<p>Belluno, aprile 2026 \u2013 Domenica 26 aprile alle ore 18.00, Raphael Gualazzi sar\u00e0 protagonista al Teatro Dino Buzzati di Belluno di un concerto nella suggestiva dimensione piano-vocal. L&#8217;evento \u00e8 organizzato da Veneto Jazz. L&#8217;artista si presenta in una veste essenziale e autentica, affidando a pianoforte e voce un racconto musicale che attraversa i suoi successi [&hellip;]<\/p>\n","protected":false},"author":2,"featured_media":169457,"comment_status":"closed","ping_status":"open","sticky":false,"template":"","format":"standard","meta":{"footnotes":""},"categories":[27,3,25],"tags":[],"class_list":["post-169456","post","type-post","status-publish","format-standard","has-post-thumbnail","category-appuntamenti","category-arte-cultura-spettacoli-scienza-archivi","category-pausa-caffe"],"yoast_head":"<!-- This site is optimized with the Yoast SEO plugin v28.4 - https:\/\/yoast.com\/product\/yoast-seo-wordpress\/ -->\n<title>Raphael Gualazzi, domenica 26 aprile a Belluno il cantante e pianista, fra jazz, soul e cinema - Bellunopress - Dolomiti<\/title>\n<meta name=\"robots\" content=\"index, follow, max-snippet:-1, max-image-preview:large, max-video-preview:-1\" \/>\n<link rel=\"canonical\" href=\"https:\/\/www.bellunopress.it\/fr\/2026\/04\/24\/raphael-gualazzi-domenica-26-aprile-a-belluno-il-cantante-e-pianista-fra-jazz-soul-e-cinema\/\" \/>\n<meta property=\"og:locale\" content=\"fr_FR\" \/>\n<meta property=\"og:type\" content=\"article\" \/>\n<meta property=\"og:title\" content=\"Raphael Gualazzi, domenica 26 aprile a Belluno il cantante e pianista, fra jazz, soul e cinema - Bellunopress - Dolomiti\" \/>\n<meta property=\"og:description\" content=\"Belluno, aprile 2026 \u2013 Domenica 26 aprile alle ore 18.00, Raphael Gualazzi sar\u00e0 protagonista al Teatro Dino Buzzati di Belluno di un concerto nella suggestiva dimensione piano-vocal. L&#8217;evento \u00e8 organizzato da Veneto Jazz. L&#8217;artista si presenta in una veste essenziale e autentica, affidando a pianoforte e voce un racconto musicale che attraversa i suoi successi [&hellip;]\" \/>\n<meta property=\"og:url\" content=\"https:\/\/www.bellunopress.it\/fr\/2026\/04\/24\/raphael-gualazzi-domenica-26-aprile-a-belluno-il-cantante-e-pianista-fra-jazz-soul-e-cinema\/\" \/>\n<meta property=\"og:site_name\" content=\"Bellunopress - Dolomiti\" \/>\n<meta property=\"article:publisher\" content=\"https:\/\/www.facebook.com\/profile.php?id=100008943462799\" \/>\n<meta property=\"article:published_time\" content=\"2026-04-24T08:55:46+00:00\" \/>\n<meta property=\"article:modified_time\" content=\"2026-04-24T10:59:32+00:00\" \/>\n<meta property=\"og:image\" content=\"https:\/\/www.bellunopress.it\/wp-content\/uploads\/2026\/04\/Raphael-Gualazzi-pianista.jpg\" \/>\n\t<meta property=\"og:image:width\" content=\"471\" \/>\n\t<meta property=\"og:image:height\" content=\"500\" \/>\n\t<meta property=\"og:image:type\" content=\"image\/jpeg\" \/>\n<meta name=\"author\" content=\"redazione\" \/>\n<meta name=\"twitter:card\" content=\"summary_large_image\" \/>\n<meta name=\"twitter:creator\" content=\"@bellunopress\" \/>\n<meta name=\"twitter:site\" content=\"@bellunopress\" \/>\n<meta name=\"twitter:label1\" content=\"\u00c9crit par\" \/>\n\t<meta name=\"twitter:data1\" content=\"redazione\" \/>\n\t<meta name=\"twitter:label2\" content=\"Dur\u00e9e de lecture estim\u00e9e\" \/>\n\t<meta name=\"twitter:data2\" content=\"2 minutes\" \/>\n<script type=\"application\/ld+json\" class=\"yoast-schema-graph\">{\"@context\":\"https:\\\/\\\/schema.org\",\"@graph\":[{\"@type\":\"Article\",\"@id\":\"https:\\\/\\\/www.bellunopress.it\\\/2026\\\/04\\\/24\\\/raphael-gualazzi-domenica-26-aprile-a-belluno-il-cantante-e-pianista-fra-jazz-soul-e-cinema\\\/#article\",\"isPartOf\":{\"@id\":\"https:\\\/\\\/www.bellunopress.it\\\/2026\\\/04\\\/24\\\/raphael-gualazzi-domenica-26-aprile-a-belluno-il-cantante-e-pianista-fra-jazz-soul-e-cinema\\\/\"},\"author\":{\"name\":\"redazione\",\"@id\":\"https:\\\/\\\/www.bellunopress.it\\\/#\\\/schema\\\/person\\\/79bb06722b37ece1c03d3e94beb30d73\"},\"headline\":\"Raphael Gualazzi, domenica 26 aprile a Belluno il cantante e pianista, fra jazz, soul e cinema\",\"datePublished\":\"2026-04-24T08:55:46+00:00\",\"dateModified\":\"2026-04-24T10:59:32+00:00\",\"mainEntityOfPage\":{\"@id\":\"https:\\\/\\\/www.bellunopress.it\\\/2026\\\/04\\\/24\\\/raphael-gualazzi-domenica-26-aprile-a-belluno-il-cantante-e-pianista-fra-jazz-soul-e-cinema\\\/\"},\"wordCount\":399,\"publisher\":{\"@id\":\"https:\\\/\\\/www.bellunopress.it\\\/#organization\"},\"image\":{\"@id\":\"https:\\\/\\\/www.bellunopress.it\\\/2026\\\/04\\\/24\\\/raphael-gualazzi-domenica-26-aprile-a-belluno-il-cantante-e-pianista-fra-jazz-soul-e-cinema\\\/#primaryimage\"},\"thumbnailUrl\":\"https:\\\/\\\/www.bellunopress.it\\\/wp-content\\\/uploads\\\/2026\\\/04\\\/Raphael-Gualazzi-pianista.jpg\",\"articleSection\":[\"Appuntamenti, Eventi\",\"Arte, Cultura, Spettacoli, Scienza\",\"Pausa Caff\u00e8\"],\"inLanguage\":\"fr-FR\"},{\"@type\":\"WebPage\",\"@id\":\"https:\\\/\\\/www.bellunopress.it\\\/2026\\\/04\\\/24\\\/raphael-gualazzi-domenica-26-aprile-a-belluno-il-cantante-e-pianista-fra-jazz-soul-e-cinema\\\/\",\"url\":\"https:\\\/\\\/www.bellunopress.it\\\/2026\\\/04\\\/24\\\/raphael-gualazzi-domenica-26-aprile-a-belluno-il-cantante-e-pianista-fra-jazz-soul-e-cinema\\\/\",\"name\":\"Raphael Gualazzi, domenica 26 aprile a Belluno il cantante e pianista, fra jazz, soul e cinema - Bellunopress - Dolomiti\",\"isPartOf\":{\"@id\":\"https:\\\/\\\/www.bellunopress.it\\\/#website\"},\"primaryImageOfPage\":{\"@id\":\"https:\\\/\\\/www.bellunopress.it\\\/2026\\\/04\\\/24\\\/raphael-gualazzi-domenica-26-aprile-a-belluno-il-cantante-e-pianista-fra-jazz-soul-e-cinema\\\/#primaryimage\"},\"image\":{\"@id\":\"https:\\\/\\\/www.bellunopress.it\\\/2026\\\/04\\\/24\\\/raphael-gualazzi-domenica-26-aprile-a-belluno-il-cantante-e-pianista-fra-jazz-soul-e-cinema\\\/#primaryimage\"},\"thumbnailUrl\":\"https:\\\/\\\/www.bellunopress.it\\\/wp-content\\\/uploads\\\/2026\\\/04\\\/Raphael-Gualazzi-pianista.jpg\",\"datePublished\":\"2026-04-24T08:55:46+00:00\",\"dateModified\":\"2026-04-24T10:59:32+00:00\",\"breadcrumb\":{\"@id\":\"https:\\\/\\\/www.bellunopress.it\\\/2026\\\/04\\\/24\\\/raphael-gualazzi-domenica-26-aprile-a-belluno-il-cantante-e-pianista-fra-jazz-soul-e-cinema\\\/#breadcrumb\"},\"inLanguage\":\"fr-FR\",\"potentialAction\":[{\"@type\":\"ReadAction\",\"target\":[\"https:\\\/\\\/www.bellunopress.it\\\/2026\\\/04\\\/24\\\/raphael-gualazzi-domenica-26-aprile-a-belluno-il-cantante-e-pianista-fra-jazz-soul-e-cinema\\\/\"]}]},{\"@type\":\"ImageObject\",\"inLanguage\":\"fr-FR\",\"@id\":\"https:\\\/\\\/www.bellunopress.it\\\/2026\\\/04\\\/24\\\/raphael-gualazzi-domenica-26-aprile-a-belluno-il-cantante-e-pianista-fra-jazz-soul-e-cinema\\\/#primaryimage\",\"url\":\"https:\\\/\\\/www.bellunopress.it\\\/wp-content\\\/uploads\\\/2026\\\/04\\\/Raphael-Gualazzi-pianista.jpg\",\"contentUrl\":\"https:\\\/\\\/www.bellunopress.it\\\/wp-content\\\/uploads\\\/2026\\\/04\\\/Raphael-Gualazzi-pianista.jpg\",\"width\":471,\"height\":500,\"caption\":\"Raphael Gualazzi, pianista\"},{\"@type\":\"BreadcrumbList\",\"@id\":\"https:\\\/\\\/www.bellunopress.it\\\/2026\\\/04\\\/24\\\/raphael-gualazzi-domenica-26-aprile-a-belluno-il-cantante-e-pianista-fra-jazz-soul-e-cinema\\\/#breadcrumb\",\"itemListElement\":[{\"@type\":\"ListItem\",\"position\":1,\"name\":\"Home\",\"item\":\"https:\\\/\\\/www.bellunopress.it\\\/\"},{\"@type\":\"ListItem\",\"position\":2,\"name\":\"Raphael Gualazzi, domenica 26 aprile a Belluno il cantante e pianista, fra jazz, soul e cinema\"}]},{\"@type\":\"WebSite\",\"@id\":\"https:\\\/\\\/www.bellunopress.it\\\/#website\",\"url\":\"https:\\\/\\\/www.bellunopress.it\\\/\",\"name\":\"Bellunopress - Dolomiti\",\"description\":\"e-mail: redazione@bellunopress.it\",\"publisher\":{\"@id\":\"https:\\\/\\\/www.bellunopress.it\\\/#organization\"},\"potentialAction\":[{\"@type\":\"SearchAction\",\"target\":{\"@type\":\"EntryPoint\",\"urlTemplate\":\"https:\\\/\\\/www.bellunopress.it\\\/?s={search_term_string}\"},\"query-input\":{\"@type\":\"PropertyValueSpecification\",\"valueRequired\":true,\"valueName\":\"search_term_string\"}}],\"inLanguage\":\"fr-FR\"},{\"@type\":\"Organization\",\"@id\":\"https:\\\/\\\/www.bellunopress.it\\\/#organization\",\"name\":\"Bellunopress\",\"url\":\"https:\\\/\\\/www.bellunopress.it\\\/\",\"logo\":{\"@type\":\"ImageObject\",\"inLanguage\":\"fr-FR\",\"@id\":\"https:\\\/\\\/www.bellunopress.it\\\/#\\\/schema\\\/logo\\\/image\\\/\",\"url\":\"https:\\\/\\\/www.bellunopress.it\\\/wp-content\\\/uploads\\\/2011\\\/05\\\/cropped-logo-bellunopress-.jpg\",\"contentUrl\":\"https:\\\/\\\/www.bellunopress.it\\\/wp-content\\\/uploads\\\/2011\\\/05\\\/cropped-logo-bellunopress-.jpg\",\"width\":512,\"height\":512,\"caption\":\"Bellunopress\"},\"image\":{\"@id\":\"https:\\\/\\\/www.bellunopress.it\\\/#\\\/schema\\\/logo\\\/image\\\/\"},\"sameAs\":[\"https:\\\/\\\/www.facebook.com\\\/profile.php?id=100008943462799\",\"https:\\\/\\\/x.com\\\/bellunopress\",\"https:\\\/\\\/www.linkedin.com\\\/hp\\\/?dnr=JBzUWaJfMUw8vbXJJ2tVW5-I3jZKvC4wsoxE&amp;amp;amp;amp;amp;amp;trk=nav_responsive_tab_home\",\"https:\\\/\\\/www.youtube.com\\\/channel\\\/UCxL0wu1uN0_3_7hGG0306cw\"]},{\"@type\":\"Person\",\"@id\":\"https:\\\/\\\/www.bellunopress.it\\\/#\\\/schema\\\/person\\\/79bb06722b37ece1c03d3e94beb30d73\",\"name\":\"redazione\",\"image\":{\"@type\":\"ImageObject\",\"inLanguage\":\"fr-FR\",\"@id\":\"https:\\\/\\\/secure.gravatar.com\\\/avatar\\\/37d968a2e67a6fd04c169c4bdef102d0bc5d31b2546345219e348575eb80e9a0?s=96&d=mm&r=g\",\"url\":\"https:\\\/\\\/secure.gravatar.com\\\/avatar\\\/37d968a2e67a6fd04c169c4bdef102d0bc5d31b2546345219e348575eb80e9a0?s=96&d=mm&r=g\",\"contentUrl\":\"https:\\\/\\\/secure.gravatar.com\\\/avatar\\\/37d968a2e67a6fd04c169c4bdef102d0bc5d31b2546345219e348575eb80e9a0?s=96&d=mm&r=g\",\"caption\":\"redazione\"},\"sameAs\":[\"http:\\\/\\\/www.bellunopress.it\",\"https:\\\/\\\/x.com\\\/bellunopress\"],\"url\":\"https:\\\/\\\/www.bellunopress.it\\\/fr\\\/author\\\/redazione\\\/\"}]}<\/script>\n<!-- \/ Yoast SEO plugin. -->","yoast_head_json":{"title":"Raphael Gualazzi, domenica 26 aprile a Belluno il cantante e pianista, fra jazz, soul e cinema - Bellunopress - Dolomiti","robots":{"index":"index","follow":"follow","max-snippet":"max-snippet:-1","max-image-preview":"max-image-preview:large","max-video-preview":"max-video-preview:-1"},"canonical":"https:\/\/www.bellunopress.it\/fr\/2026\/04\/24\/raphael-gualazzi-domenica-26-aprile-a-belluno-il-cantante-e-pianista-fra-jazz-soul-e-cinema\/","og_locale":"fr_FR","og_type":"article","og_title":"Raphael Gualazzi, domenica 26 aprile a Belluno il cantante e pianista, fra jazz, soul e cinema - Bellunopress - Dolomiti","og_description":"Belluno, aprile 2026 \u2013 Domenica 26 aprile alle ore 18.00, Raphael Gualazzi sar\u00e0 protagonista al Teatro Dino Buzzati di Belluno di un concerto nella suggestiva dimensione piano-vocal. L&#8217;evento \u00e8 organizzato da Veneto Jazz. L&#8217;artista si presenta in una veste essenziale e autentica, affidando a pianoforte e voce un racconto musicale che attraversa i suoi successi [&hellip;]","og_url":"https:\/\/www.bellunopress.it\/fr\/2026\/04\/24\/raphael-gualazzi-domenica-26-aprile-a-belluno-il-cantante-e-pianista-fra-jazz-soul-e-cinema\/","og_site_name":"Bellunopress - Dolomiti","article_publisher":"https:\/\/www.facebook.com\/profile.php?id=100008943462799","article_published_time":"2026-04-24T08:55:46+00:00","article_modified_time":"2026-04-24T10:59:32+00:00","og_image":[{"width":471,"height":500,"url":"https:\/\/www.bellunopress.it\/wp-content\/uploads\/2026\/04\/Raphael-Gualazzi-pianista.jpg","type":"image\/jpeg"}],"author":"redazione","twitter_card":"summary_large_image","twitter_creator":"@bellunopress","twitter_site":"@bellunopress","twitter_misc":{"\u00c9crit par":"redazione","Dur\u00e9e de lecture estim\u00e9e":"2 minutes"},"schema":{"@context":"https:\/\/schema.org","@graph":[{"@type":"Article","@id":"https:\/\/www.bellunopress.it\/2026\/04\/24\/raphael-gualazzi-domenica-26-aprile-a-belluno-il-cantante-e-pianista-fra-jazz-soul-e-cinema\/#article","isPartOf":{"@id":"https:\/\/www.bellunopress.it\/2026\/04\/24\/raphael-gualazzi-domenica-26-aprile-a-belluno-il-cantante-e-pianista-fra-jazz-soul-e-cinema\/"},"author":{"name":"redazione","@id":"https:\/\/www.bellunopress.it\/#\/schema\/person\/79bb06722b37ece1c03d3e94beb30d73"},"headline":"Raphael Gualazzi, domenica 26 aprile a Belluno il cantante e pianista, fra jazz, soul e cinema","datePublished":"2026-04-24T08:55:46+00:00","dateModified":"2026-04-24T10:59:32+00:00","mainEntityOfPage":{"@id":"https:\/\/www.bellunopress.it\/2026\/04\/24\/raphael-gualazzi-domenica-26-aprile-a-belluno-il-cantante-e-pianista-fra-jazz-soul-e-cinema\/"},"wordCount":399,"publisher":{"@id":"https:\/\/www.bellunopress.it\/#organization"},"image":{"@id":"https:\/\/www.bellunopress.it\/2026\/04\/24\/raphael-gualazzi-domenica-26-aprile-a-belluno-il-cantante-e-pianista-fra-jazz-soul-e-cinema\/#primaryimage"},"thumbnailUrl":"https:\/\/www.bellunopress.it\/wp-content\/uploads\/2026\/04\/Raphael-Gualazzi-pianista.jpg","articleSection":["Appuntamenti, Eventi","Arte, Cultura, Spettacoli, Scienza","Pausa Caff\u00e8"],"inLanguage":"fr-FR"},{"@type":"WebPage","@id":"https:\/\/www.bellunopress.it\/2026\/04\/24\/raphael-gualazzi-domenica-26-aprile-a-belluno-il-cantante-e-pianista-fra-jazz-soul-e-cinema\/","url":"https:\/\/www.bellunopress.it\/2026\/04\/24\/raphael-gualazzi-domenica-26-aprile-a-belluno-il-cantante-e-pianista-fra-jazz-soul-e-cinema\/","name":"Raphael Gualazzi, domenica 26 aprile a Belluno il cantante e pianista, fra jazz, soul e cinema - Bellunopress - Dolomiti","isPartOf":{"@id":"https:\/\/www.bellunopress.it\/#website"},"primaryImageOfPage":{"@id":"https:\/\/www.bellunopress.it\/2026\/04\/24\/raphael-gualazzi-domenica-26-aprile-a-belluno-il-cantante-e-pianista-fra-jazz-soul-e-cinema\/#primaryimage"},"image":{"@id":"https:\/\/www.bellunopress.it\/2026\/04\/24\/raphael-gualazzi-domenica-26-aprile-a-belluno-il-cantante-e-pianista-fra-jazz-soul-e-cinema\/#primaryimage"},"thumbnailUrl":"https:\/\/www.bellunopress.it\/wp-content\/uploads\/2026\/04\/Raphael-Gualazzi-pianista.jpg","datePublished":"2026-04-24T08:55:46+00:00","dateModified":"2026-04-24T10:59:32+00:00","breadcrumb":{"@id":"https:\/\/www.bellunopress.it\/2026\/04\/24\/raphael-gualazzi-domenica-26-aprile-a-belluno-il-cantante-e-pianista-fra-jazz-soul-e-cinema\/#breadcrumb"},"inLanguage":"fr-FR","potentialAction":[{"@type":"ReadAction","target":["https:\/\/www.bellunopress.it\/2026\/04\/24\/raphael-gualazzi-domenica-26-aprile-a-belluno-il-cantante-e-pianista-fra-jazz-soul-e-cinema\/"]}]},{"@type":"ImageObject","inLanguage":"fr-FR","@id":"https:\/\/www.bellunopress.it\/2026\/04\/24\/raphael-gualazzi-domenica-26-aprile-a-belluno-il-cantante-e-pianista-fra-jazz-soul-e-cinema\/#primaryimage","url":"https:\/\/www.bellunopress.it\/wp-content\/uploads\/2026\/04\/Raphael-Gualazzi-pianista.jpg","contentUrl":"https:\/\/www.bellunopress.it\/wp-content\/uploads\/2026\/04\/Raphael-Gualazzi-pianista.jpg","width":471,"height":500,"caption":"Raphael Gualazzi, pianista"},{"@type":"BreadcrumbList","@id":"https:\/\/www.bellunopress.it\/2026\/04\/24\/raphael-gualazzi-domenica-26-aprile-a-belluno-il-cantante-e-pianista-fra-jazz-soul-e-cinema\/#breadcrumb","itemListElement":[{"@type":"ListItem","position":1,"name":"Home","item":"https:\/\/www.bellunopress.it\/"},{"@type":"ListItem","position":2,"name":"Raphael Gualazzi, domenica 26 aprile a Belluno il cantante e pianista, fra jazz, soul e cinema"}]},{"@type":"WebSite","@id":"https:\/\/www.bellunopress.it\/#website","url":"https:\/\/www.bellunopress.it\/","name":"Bellunopress - Dolomiti","description":"e-mail: redazione@bellunopress.it","publisher":{"@id":"https:\/\/www.bellunopress.it\/#organization"},"potentialAction":[{"@type":"SearchAction","target":{"@type":"EntryPoint","urlTemplate":"https:\/\/www.bellunopress.it\/?s={search_term_string}"},"query-input":{"@type":"PropertyValueSpecification","valueRequired":true,"valueName":"search_term_string"}}],"inLanguage":"fr-FR"},{"@type":"Organization","@id":"https:\/\/www.bellunopress.it\/#organization","name":"Bellunopress","url":"https:\/\/www.bellunopress.it\/","logo":{"@type":"ImageObject","inLanguage":"fr-FR","@id":"https:\/\/www.bellunopress.it\/#\/schema\/logo\/image\/","url":"https:\/\/www.bellunopress.it\/wp-content\/uploads\/2011\/05\/cropped-logo-bellunopress-.jpg","contentUrl":"https:\/\/www.bellunopress.it\/wp-content\/uploads\/2011\/05\/cropped-logo-bellunopress-.jpg","width":512,"height":512,"caption":"Bellunopress"},"image":{"@id":"https:\/\/www.bellunopress.it\/#\/schema\/logo\/image\/"},"sameAs":["https:\/\/www.facebook.com\/profile.php?id=100008943462799","https:\/\/x.com\/bellunopress","https:\/\/www.linkedin.com\/hp\/?dnr=JBzUWaJfMUw8vbXJJ2tVW5-I3jZKvC4wsoxE&amp;amp;amp;amp;amp;amp;trk=nav_responsive_tab_home","https:\/\/www.youtube.com\/channel\/UCxL0wu1uN0_3_7hGG0306cw"]},{"@type":"Person","@id":"https:\/\/www.bellunopress.it\/#\/schema\/person\/79bb06722b37ece1c03d3e94beb30d73","name":"r\u00e9daction","image":{"@type":"ImageObject","inLanguage":"fr-FR","@id":"https:\/\/secure.gravatar.com\/avatar\/37d968a2e67a6fd04c169c4bdef102d0bc5d31b2546345219e348575eb80e9a0?s=96&d=mm&r=g","url":"https:\/\/secure.gravatar.com\/avatar\/37d968a2e67a6fd04c169c4bdef102d0bc5d31b2546345219e348575eb80e9a0?s=96&d=mm&r=g","contentUrl":"https:\/\/secure.gravatar.com\/avatar\/37d968a2e67a6fd04c169c4bdef102d0bc5d31b2546345219e348575eb80e9a0?s=96&d=mm&r=g","caption":"redazione"},"sameAs":["http:\/\/www.bellunopress.it","https:\/\/x.com\/bellunopress"],"url":"https:\/\/www.bellunopress.it\/fr\/author\/redazione\/"}]}},"_links":{"self":[{"href":"https:\/\/www.bellunopress.it\/fr\/wp-json\/wp\/v2\/posts\/169456","targetHints":{"allow":["GET"]}}],"collection":[{"href":"https:\/\/www.bellunopress.it\/fr\/wp-json\/wp\/v2\/posts"}],"about":[{"href":"https:\/\/www.bellunopress.it\/fr\/wp-json\/wp\/v2\/types\/post"}],"author":[{"embeddable":true,"href":"https:\/\/www.bellunopress.it\/fr\/wp-json\/wp\/v2\/users\/2"}],"replies":[{"embeddable":true,"href":"https:\/\/www.bellunopress.it\/fr\/wp-json\/wp\/v2\/comments?post=169456"}],"version-history":[{"count":1,"href":"https:\/\/www.bellunopress.it\/fr\/wp-json\/wp\/v2\/posts\/169456\/revisions"}],"predecessor-version":[{"id":169458,"href":"https:\/\/www.bellunopress.it\/fr\/wp-json\/wp\/v2\/posts\/169456\/revisions\/169458"}],"wp:featuredmedia":[{"embeddable":true,"href":"https:\/\/www.bellunopress.it\/fr\/wp-json\/wp\/v2\/media\/169457"}],"wp:attachment":[{"href":"https:\/\/www.bellunopress.it\/fr\/wp-json\/wp\/v2\/media?parent=169456"}],"wp:term":[{"taxonomy":"category","embeddable":true,"href":"https:\/\/www.bellunopress.it\/fr\/wp-json\/wp\/v2\/categories?post=169456"},{"taxonomy":"post_tag","embeddable":true,"href":"https:\/\/www.bellunopress.it\/fr\/wp-json\/wp\/v2\/tags?post=169456"}],"curies":[{"name":"wp","href":"https:\/\/api.w.org\/{rel}","templated":true}]}}