{"id":169454,"date":"2026-04-24T11:23:09","date_gmt":"2026-04-24T09:23:09","guid":{"rendered":"https:\/\/www.bellunopress.it\/?p=169454"},"modified":"2026-04-24T11:23:09","modified_gmt":"2026-04-24T09:23:09","slug":"terrore-nella-notte-a-feltre-coniugi-legati-e-sequestrati-in-casa","status":"publish","type":"post","link":"https:\/\/www.bellunopress.it\/fr\/2026\/04\/24\/terrore-nella-notte-a-feltre-coniugi-legati-e-sequestrati-in-casa\/","title":{"rendered":"Terrore nella notte a Feltre: coniugi legati e sequestrati in casa"},"content":{"rendered":"<p data-path-to-node=\"3\"><b data-path-to-node=\"3\" data-index-in-node=\"0\">I malviventi hanno agito in via Culiada. L\u2019allarme lanciato dai vicini di casa, attirati dalle grida delle vittime.<\/b><\/p>\n<p data-path-to-node=\"4\">Feltre, 24 aprile 2026 \u00a0\u2013 Una notte di ordinaria tranquillit\u00e0 si \u00e8 trasformata in un vero e proprio incubo per una coppia di coniugi residenti in via Culiada, a Feltre. Tra la tarda serata di ieri, 23 aprile, e le prime ore di oggi, venerd\u00ec 24 aprile, un commando di ignoti ha fatto irruzione nell&#8217;abitazione della coppia, mettendo a segno una violenta rapina che ha lasciato la comunit\u00e0 locale sotto shock.<\/p>\n<p data-path-to-node=\"6\">Secondo le prime ricostruzioni, i rapinatori \u2013 il cui numero resta ancora da accertare \u2013 sono riusciti a penetrare all&#8217;interno della residenza sorprendendo i due coniugi. Dopo averli minacciati, i malviventi hanno agito con estrema freddezza: le vittime sono state immobilizzate, legate e rinchiuse all&#8217;interno di un bagno della casa, per consentire ai banditi di rovistare indisturbati alla ricerca di preziosi e denaro contante.<\/p>\n<p data-path-to-node=\"8\">A interrompere il piano della banda sono state le grida disperate dei due coniugi che, una volta rimasti soli, hanno tentato in ogni modo di attirare l&#8217;attenzione. Le urla hanno squarciato il silenzio della zona, raggiungendo le orecchie di alcuni vicini di casa. Intuita immediatamente la gravit\u00e0 della situazione, questi ultimi hanno allertato il numero di emergenza.<\/p>\n<p data-path-to-node=\"9\">Sul posto sono intervenute tempestivamente le pattuglie dei Carabinieri, che hanno liberato la coppia. Nonostante il forte stato di agitazione e lo spavento, non si hanno al momento notizie di gravi lesioni fisiche per i due residenti.<\/p>\n<p data-path-to-node=\"12\">L&#8217;area \u00e8 stata immediatamente isolata per consentire i rilievi scientifici. Le indagini sono attualmente condotte in stretta collaborazione tra i Carabinieri della Compagnia di Feltre e il Comando Provinciale di Belluno. Si stanno vagliando tutte le piste. Resta da quantificare il bottino sottratto. Il Nucleo operativo dell&#8217;Arma lavora senza sosta per identificare i responsabili di un assalto che riaccende il dibattito sulla sicurezza nelle zone residenziali del Bellunese.<\/p>","protected":false},"excerpt":{"rendered":"<p>I malviventi hanno agito in via Culiada. L\u2019allarme lanciato dai vicini di casa, attirati dalle grida delle vittime. Feltre, 24 aprile 2026 \u00a0\u2013 Una notte di ordinaria tranquillit\u00e0 si \u00e8 trasformata in un vero e proprio incubo per una coppia di coniugi residenti in via Culiada, a Feltre. Tra la tarda serata di ieri, 23 [&hellip;]<\/p>\n","protected":false},"author":2,"featured_media":161534,"comment_status":"closed","ping_status":"open","sticky":false,"template":"","format":"standard","meta":{"footnotes":""},"categories":[5,26],"tags":[],"class_list":["post-169454","post","type-post","status-publish","format-standard","has-post-thumbnail","category-cronaca","category-prima-pagina"],"yoast_head":"<!-- This site is optimized with the Yoast SEO plugin v28.4 - https:\/\/yoast.com\/product\/yoast-seo-wordpress\/ -->\n<title>Terrore nella notte a Feltre: coniugi legati e sequestrati in casa - Bellunopress - Dolomiti<\/title>\n<meta name=\"robots\" content=\"index, follow, max-snippet:-1, max-image-preview:large, max-video-preview:-1\" \/>\n<link rel=\"canonical\" href=\"https:\/\/www.bellunopress.it\/fr\/2026\/04\/24\/terrore-nella-notte-a-feltre-coniugi-legati-e-sequestrati-in-casa\/\" \/>\n<meta property=\"og:locale\" content=\"fr_FR\" \/>\n<meta property=\"og:type\" content=\"article\" \/>\n<meta property=\"og:title\" content=\"Terrore nella notte a Feltre: coniugi legati e sequestrati in casa - Bellunopress - Dolomiti\" \/>\n<meta property=\"og:description\" content=\"I malviventi hanno agito in via Culiada. L\u2019allarme lanciato dai vicini di casa, attirati dalle grida delle vittime. Feltre, 24 aprile 2026 \u00a0\u2013 Una notte di ordinaria tranquillit\u00e0 si \u00e8 trasformata in un vero e proprio incubo per una coppia di coniugi residenti in via Culiada, a Feltre. Tra la tarda serata di ieri, 23 [&hellip;]\" \/>\n<meta property=\"og:url\" content=\"https:\/\/www.bellunopress.it\/fr\/2026\/04\/24\/terrore-nella-notte-a-feltre-coniugi-legati-e-sequestrati-in-casa\/\" \/>\n<meta property=\"og:site_name\" content=\"Bellunopress - Dolomiti\" \/>\n<meta property=\"article:publisher\" content=\"https:\/\/www.facebook.com\/profile.php?id=100008943462799\" \/>\n<meta property=\"article:published_time\" content=\"2026-04-24T09:23:09+00:00\" \/>\n<meta property=\"og:image\" content=\"https:\/\/www.bellunopress.it\/wp-content\/uploads\/2025\/07\/carabinieri-feltre.jpg\" \/>\n\t<meta property=\"og:image:width\" content=\"1000\" \/>\n\t<meta property=\"og:image:height\" content=\"690\" \/>\n\t<meta property=\"og:image:type\" content=\"image\/jpeg\" \/>\n<meta name=\"author\" content=\"redazione\" \/>\n<meta name=\"twitter:card\" content=\"summary_large_image\" \/>\n<meta name=\"twitter:creator\" content=\"@bellunopress\" \/>\n<meta name=\"twitter:site\" content=\"@bellunopress\" \/>\n<meta name=\"twitter:label1\" content=\"\u00c9crit par\" \/>\n\t<meta name=\"twitter:data1\" content=\"redazione\" \/>\n\t<meta name=\"twitter:label2\" content=\"Dur\u00e9e de lecture estim\u00e9e\" \/>\n\t<meta name=\"twitter:data2\" content=\"2 minutes\" \/>\n<script type=\"application\/ld+json\" class=\"yoast-schema-graph\">{\"@context\":\"https:\\\/\\\/schema.org\",\"@graph\":[{\"@type\":\"Article\",\"@id\":\"https:\\\/\\\/www.bellunopress.it\\\/2026\\\/04\\\/24\\\/terrore-nella-notte-a-feltre-coniugi-legati-e-sequestrati-in-casa\\\/#article\",\"isPartOf\":{\"@id\":\"https:\\\/\\\/www.bellunopress.it\\\/2026\\\/04\\\/24\\\/terrore-nella-notte-a-feltre-coniugi-legati-e-sequestrati-in-casa\\\/\"},\"author\":{\"name\":\"redazione\",\"@id\":\"https:\\\/\\\/www.bellunopress.it\\\/#\\\/schema\\\/person\\\/79bb06722b37ece1c03d3e94beb30d73\"},\"headline\":\"Terrore nella notte a Feltre: coniugi legati e sequestrati in casa\",\"datePublished\":\"2026-04-24T09:23:09+00:00\",\"mainEntityOfPage\":{\"@id\":\"https:\\\/\\\/www.bellunopress.it\\\/2026\\\/04\\\/24\\\/terrore-nella-notte-a-feltre-coniugi-legati-e-sequestrati-in-casa\\\/\"},\"wordCount\":324,\"publisher\":{\"@id\":\"https:\\\/\\\/www.bellunopress.it\\\/#organization\"},\"image\":{\"@id\":\"https:\\\/\\\/www.bellunopress.it\\\/2026\\\/04\\\/24\\\/terrore-nella-notte-a-feltre-coniugi-legati-e-sequestrati-in-casa\\\/#primaryimage\"},\"thumbnailUrl\":\"https:\\\/\\\/www.bellunopress.it\\\/wp-content\\\/uploads\\\/2025\\\/07\\\/carabinieri-feltre.jpg\",\"articleSection\":[\"Cronaca\\\/Politica\",\"Prima Pagina\"],\"inLanguage\":\"fr-FR\"},{\"@type\":\"WebPage\",\"@id\":\"https:\\\/\\\/www.bellunopress.it\\\/2026\\\/04\\\/24\\\/terrore-nella-notte-a-feltre-coniugi-legati-e-sequestrati-in-casa\\\/\",\"url\":\"https:\\\/\\\/www.bellunopress.it\\\/2026\\\/04\\\/24\\\/terrore-nella-notte-a-feltre-coniugi-legati-e-sequestrati-in-casa\\\/\",\"name\":\"Terrore nella notte a Feltre: coniugi legati e sequestrati in casa - Bellunopress - Dolomiti\",\"isPartOf\":{\"@id\":\"https:\\\/\\\/www.bellunopress.it\\\/#website\"},\"primaryImageOfPage\":{\"@id\":\"https:\\\/\\\/www.bellunopress.it\\\/2026\\\/04\\\/24\\\/terrore-nella-notte-a-feltre-coniugi-legati-e-sequestrati-in-casa\\\/#primaryimage\"},\"image\":{\"@id\":\"https:\\\/\\\/www.bellunopress.it\\\/2026\\\/04\\\/24\\\/terrore-nella-notte-a-feltre-coniugi-legati-e-sequestrati-in-casa\\\/#primaryimage\"},\"thumbnailUrl\":\"https:\\\/\\\/www.bellunopress.it\\\/wp-content\\\/uploads\\\/2025\\\/07\\\/carabinieri-feltre.jpg\",\"datePublished\":\"2026-04-24T09:23:09+00:00\",\"breadcrumb\":{\"@id\":\"https:\\\/\\\/www.bellunopress.it\\\/2026\\\/04\\\/24\\\/terrore-nella-notte-a-feltre-coniugi-legati-e-sequestrati-in-casa\\\/#breadcrumb\"},\"inLanguage\":\"fr-FR\",\"potentialAction\":[{\"@type\":\"ReadAction\",\"target\":[\"https:\\\/\\\/www.bellunopress.it\\\/2026\\\/04\\\/24\\\/terrore-nella-notte-a-feltre-coniugi-legati-e-sequestrati-in-casa\\\/\"]}]},{\"@type\":\"ImageObject\",\"inLanguage\":\"fr-FR\",\"@id\":\"https:\\\/\\\/www.bellunopress.it\\\/2026\\\/04\\\/24\\\/terrore-nella-notte-a-feltre-coniugi-legati-e-sequestrati-in-casa\\\/#primaryimage\",\"url\":\"https:\\\/\\\/www.bellunopress.it\\\/wp-content\\\/uploads\\\/2025\\\/07\\\/carabinieri-feltre.jpg\",\"contentUrl\":\"https:\\\/\\\/www.bellunopress.it\\\/wp-content\\\/uploads\\\/2025\\\/07\\\/carabinieri-feltre.jpg\",\"width\":1000,\"height\":690},{\"@type\":\"BreadcrumbList\",\"@id\":\"https:\\\/\\\/www.bellunopress.it\\\/2026\\\/04\\\/24\\\/terrore-nella-notte-a-feltre-coniugi-legati-e-sequestrati-in-casa\\\/#breadcrumb\",\"itemListElement\":[{\"@type\":\"ListItem\",\"position\":1,\"name\":\"Home\",\"item\":\"https:\\\/\\\/www.bellunopress.it\\\/\"},{\"@type\":\"ListItem\",\"position\":2,\"name\":\"Terrore nella notte a Feltre: coniugi legati e sequestrati in casa\"}]},{\"@type\":\"WebSite\",\"@id\":\"https:\\\/\\\/www.bellunopress.it\\\/#website\",\"url\":\"https:\\\/\\\/www.bellunopress.it\\\/\",\"name\":\"Bellunopress - Dolomiti\",\"description\":\"e-mail: redazione@bellunopress.it\",\"publisher\":{\"@id\":\"https:\\\/\\\/www.bellunopress.it\\\/#organization\"},\"potentialAction\":[{\"@type\":\"SearchAction\",\"target\":{\"@type\":\"EntryPoint\",\"urlTemplate\":\"https:\\\/\\\/www.bellunopress.it\\\/?s={search_term_string}\"},\"query-input\":{\"@type\":\"PropertyValueSpecification\",\"valueRequired\":true,\"valueName\":\"search_term_string\"}}],\"inLanguage\":\"fr-FR\"},{\"@type\":\"Organization\",\"@id\":\"https:\\\/\\\/www.bellunopress.it\\\/#organization\",\"name\":\"Bellunopress\",\"url\":\"https:\\\/\\\/www.bellunopress.it\\\/\",\"logo\":{\"@type\":\"ImageObject\",\"inLanguage\":\"fr-FR\",\"@id\":\"https:\\\/\\\/www.bellunopress.it\\\/#\\\/schema\\\/logo\\\/image\\\/\",\"url\":\"https:\\\/\\\/www.bellunopress.it\\\/wp-content\\\/uploads\\\/2011\\\/05\\\/cropped-logo-bellunopress-.jpg\",\"contentUrl\":\"https:\\\/\\\/www.bellunopress.it\\\/wp-content\\\/uploads\\\/2011\\\/05\\\/cropped-logo-bellunopress-.jpg\",\"width\":512,\"height\":512,\"caption\":\"Bellunopress\"},\"image\":{\"@id\":\"https:\\\/\\\/www.bellunopress.it\\\/#\\\/schema\\\/logo\\\/image\\\/\"},\"sameAs\":[\"https:\\\/\\\/www.facebook.com\\\/profile.php?id=100008943462799\",\"https:\\\/\\\/x.com\\\/bellunopress\",\"https:\\\/\\\/www.linkedin.com\\\/hp\\\/?dnr=JBzUWaJfMUw8vbXJJ2tVW5-I3jZKvC4wsoxE&amp;amp;amp;amp;amp;amp;trk=nav_responsive_tab_home\",\"https:\\\/\\\/www.youtube.com\\\/channel\\\/UCxL0wu1uN0_3_7hGG0306cw\"]},{\"@type\":\"Person\",\"@id\":\"https:\\\/\\\/www.bellunopress.it\\\/#\\\/schema\\\/person\\\/79bb06722b37ece1c03d3e94beb30d73\",\"name\":\"redazione\",\"image\":{\"@type\":\"ImageObject\",\"inLanguage\":\"fr-FR\",\"@id\":\"https:\\\/\\\/secure.gravatar.com\\\/avatar\\\/37d968a2e67a6fd04c169c4bdef102d0bc5d31b2546345219e348575eb80e9a0?s=96&d=mm&r=g\",\"url\":\"https:\\\/\\\/secure.gravatar.com\\\/avatar\\\/37d968a2e67a6fd04c169c4bdef102d0bc5d31b2546345219e348575eb80e9a0?s=96&d=mm&r=g\",\"contentUrl\":\"https:\\\/\\\/secure.gravatar.com\\\/avatar\\\/37d968a2e67a6fd04c169c4bdef102d0bc5d31b2546345219e348575eb80e9a0?s=96&d=mm&r=g\",\"caption\":\"redazione\"},\"sameAs\":[\"http:\\\/\\\/www.bellunopress.it\",\"https:\\\/\\\/x.com\\\/bellunopress\"],\"url\":\"https:\\\/\\\/www.bellunopress.it\\\/fr\\\/author\\\/redazione\\\/\"}]}<\/script>\n<!-- \/ Yoast SEO plugin. -->","yoast_head_json":{"title":"Terrore nella notte a Feltre: coniugi legati e sequestrati in casa - Bellunopress - Dolomiti","robots":{"index":"index","follow":"follow","max-snippet":"max-snippet:-1","max-image-preview":"max-image-preview:large","max-video-preview":"max-video-preview:-1"},"canonical":"https:\/\/www.bellunopress.it\/fr\/2026\/04\/24\/terrore-nella-notte-a-feltre-coniugi-legati-e-sequestrati-in-casa\/","og_locale":"fr_FR","og_type":"article","og_title":"Terrore nella notte a Feltre: coniugi legati e sequestrati in casa - Bellunopress - Dolomiti","og_description":"I malviventi hanno agito in via Culiada. L\u2019allarme lanciato dai vicini di casa, attirati dalle grida delle vittime. Feltre, 24 aprile 2026 \u00a0\u2013 Una notte di ordinaria tranquillit\u00e0 si \u00e8 trasformata in un vero e proprio incubo per una coppia di coniugi residenti in via Culiada, a Feltre. Tra la tarda serata di ieri, 23 [&hellip;]","og_url":"https:\/\/www.bellunopress.it\/fr\/2026\/04\/24\/terrore-nella-notte-a-feltre-coniugi-legati-e-sequestrati-in-casa\/","og_site_name":"Bellunopress - Dolomiti","article_publisher":"https:\/\/www.facebook.com\/profile.php?id=100008943462799","article_published_time":"2026-04-24T09:23:09+00:00","og_image":[{"width":1000,"height":690,"url":"https:\/\/www.bellunopress.it\/wp-content\/uploads\/2025\/07\/carabinieri-feltre.jpg","type":"image\/jpeg"}],"author":"redazione","twitter_card":"summary_large_image","twitter_creator":"@bellunopress","twitter_site":"@bellunopress","twitter_misc":{"\u00c9crit par":"redazione","Dur\u00e9e de lecture estim\u00e9e":"2 minutes"},"schema":{"@context":"https:\/\/schema.org","@graph":[{"@type":"Article","@id":"https:\/\/www.bellunopress.it\/2026\/04\/24\/terrore-nella-notte-a-feltre-coniugi-legati-e-sequestrati-in-casa\/#article","isPartOf":{"@id":"https:\/\/www.bellunopress.it\/2026\/04\/24\/terrore-nella-notte-a-feltre-coniugi-legati-e-sequestrati-in-casa\/"},"author":{"name":"redazione","@id":"https:\/\/www.bellunopress.it\/#\/schema\/person\/79bb06722b37ece1c03d3e94beb30d73"},"headline":"Terrore nella notte a Feltre: coniugi legati e sequestrati in casa","datePublished":"2026-04-24T09:23:09+00:00","mainEntityOfPage":{"@id":"https:\/\/www.bellunopress.it\/2026\/04\/24\/terrore-nella-notte-a-feltre-coniugi-legati-e-sequestrati-in-casa\/"},"wordCount":324,"publisher":{"@id":"https:\/\/www.bellunopress.it\/#organization"},"image":{"@id":"https:\/\/www.bellunopress.it\/2026\/04\/24\/terrore-nella-notte-a-feltre-coniugi-legati-e-sequestrati-in-casa\/#primaryimage"},"thumbnailUrl":"https:\/\/www.bellunopress.it\/wp-content\/uploads\/2025\/07\/carabinieri-feltre.jpg","articleSection":["Cronaca\/Politica","Prima Pagina"],"inLanguage":"fr-FR"},{"@type":"WebPage","@id":"https:\/\/www.bellunopress.it\/2026\/04\/24\/terrore-nella-notte-a-feltre-coniugi-legati-e-sequestrati-in-casa\/","url":"https:\/\/www.bellunopress.it\/2026\/04\/24\/terrore-nella-notte-a-feltre-coniugi-legati-e-sequestrati-in-casa\/","name":"Terrore nella notte a Feltre: coniugi legati e sequestrati in casa - Bellunopress - Dolomiti","isPartOf":{"@id":"https:\/\/www.bellunopress.it\/#website"},"primaryImageOfPage":{"@id":"https:\/\/www.bellunopress.it\/2026\/04\/24\/terrore-nella-notte-a-feltre-coniugi-legati-e-sequestrati-in-casa\/#primaryimage"},"image":{"@id":"https:\/\/www.bellunopress.it\/2026\/04\/24\/terrore-nella-notte-a-feltre-coniugi-legati-e-sequestrati-in-casa\/#primaryimage"},"thumbnailUrl":"https:\/\/www.bellunopress.it\/wp-content\/uploads\/2025\/07\/carabinieri-feltre.jpg","datePublished":"2026-04-24T09:23:09+00:00","breadcrumb":{"@id":"https:\/\/www.bellunopress.it\/2026\/04\/24\/terrore-nella-notte-a-feltre-coniugi-legati-e-sequestrati-in-casa\/#breadcrumb"},"inLanguage":"fr-FR","potentialAction":[{"@type":"ReadAction","target":["https:\/\/www.bellunopress.it\/2026\/04\/24\/terrore-nella-notte-a-feltre-coniugi-legati-e-sequestrati-in-casa\/"]}]},{"@type":"ImageObject","inLanguage":"fr-FR","@id":"https:\/\/www.bellunopress.it\/2026\/04\/24\/terrore-nella-notte-a-feltre-coniugi-legati-e-sequestrati-in-casa\/#primaryimage","url":"https:\/\/www.bellunopress.it\/wp-content\/uploads\/2025\/07\/carabinieri-feltre.jpg","contentUrl":"https:\/\/www.bellunopress.it\/wp-content\/uploads\/2025\/07\/carabinieri-feltre.jpg","width":1000,"height":690},{"@type":"BreadcrumbList","@id":"https:\/\/www.bellunopress.it\/2026\/04\/24\/terrore-nella-notte-a-feltre-coniugi-legati-e-sequestrati-in-casa\/#breadcrumb","itemListElement":[{"@type":"ListItem","position":1,"name":"Home","item":"https:\/\/www.bellunopress.it\/"},{"@type":"ListItem","position":2,"name":"Terrore nella notte a Feltre: coniugi legati e sequestrati in casa"}]},{"@type":"WebSite","@id":"https:\/\/www.bellunopress.it\/#website","url":"https:\/\/www.bellunopress.it\/","name":"Bellunopress - Dolomiti","description":"e-mail: redazione@bellunopress.it","publisher":{"@id":"https:\/\/www.bellunopress.it\/#organization"},"potentialAction":[{"@type":"SearchAction","target":{"@type":"EntryPoint","urlTemplate":"https:\/\/www.bellunopress.it\/?s={search_term_string}"},"query-input":{"@type":"PropertyValueSpecification","valueRequired":true,"valueName":"search_term_string"}}],"inLanguage":"fr-FR"},{"@type":"Organization","@id":"https:\/\/www.bellunopress.it\/#organization","name":"Bellunopress","url":"https:\/\/www.bellunopress.it\/","logo":{"@type":"ImageObject","inLanguage":"fr-FR","@id":"https:\/\/www.bellunopress.it\/#\/schema\/logo\/image\/","url":"https:\/\/www.bellunopress.it\/wp-content\/uploads\/2011\/05\/cropped-logo-bellunopress-.jpg","contentUrl":"https:\/\/www.bellunopress.it\/wp-content\/uploads\/2011\/05\/cropped-logo-bellunopress-.jpg","width":512,"height":512,"caption":"Bellunopress"},"image":{"@id":"https:\/\/www.bellunopress.it\/#\/schema\/logo\/image\/"},"sameAs":["https:\/\/www.facebook.com\/profile.php?id=100008943462799","https:\/\/x.com\/bellunopress","https:\/\/www.linkedin.com\/hp\/?dnr=JBzUWaJfMUw8vbXJJ2tVW5-I3jZKvC4wsoxE&amp;amp;amp;amp;amp;amp;trk=nav_responsive_tab_home","https:\/\/www.youtube.com\/channel\/UCxL0wu1uN0_3_7hGG0306cw"]},{"@type":"Person","@id":"https:\/\/www.bellunopress.it\/#\/schema\/person\/79bb06722b37ece1c03d3e94beb30d73","name":"r\u00e9daction","image":{"@type":"ImageObject","inLanguage":"fr-FR","@id":"https:\/\/secure.gravatar.com\/avatar\/37d968a2e67a6fd04c169c4bdef102d0bc5d31b2546345219e348575eb80e9a0?s=96&d=mm&r=g","url":"https:\/\/secure.gravatar.com\/avatar\/37d968a2e67a6fd04c169c4bdef102d0bc5d31b2546345219e348575eb80e9a0?s=96&d=mm&r=g","contentUrl":"https:\/\/secure.gravatar.com\/avatar\/37d968a2e67a6fd04c169c4bdef102d0bc5d31b2546345219e348575eb80e9a0?s=96&d=mm&r=g","caption":"redazione"},"sameAs":["http:\/\/www.bellunopress.it","https:\/\/x.com\/bellunopress"],"url":"https:\/\/www.bellunopress.it\/fr\/author\/redazione\/"}]}},"_links":{"self":[{"href":"https:\/\/www.bellunopress.it\/fr\/wp-json\/wp\/v2\/posts\/169454","targetHints":{"allow":["GET"]}}],"collection":[{"href":"https:\/\/www.bellunopress.it\/fr\/wp-json\/wp\/v2\/posts"}],"about":[{"href":"https:\/\/www.bellunopress.it\/fr\/wp-json\/wp\/v2\/types\/post"}],"author":[{"embeddable":true,"href":"https:\/\/www.bellunopress.it\/fr\/wp-json\/wp\/v2\/users\/2"}],"replies":[{"embeddable":true,"href":"https:\/\/www.bellunopress.it\/fr\/wp-json\/wp\/v2\/comments?post=169454"}],"version-history":[{"count":1,"href":"https:\/\/www.bellunopress.it\/fr\/wp-json\/wp\/v2\/posts\/169454\/revisions"}],"predecessor-version":[{"id":169455,"href":"https:\/\/www.bellunopress.it\/fr\/wp-json\/wp\/v2\/posts\/169454\/revisions\/169455"}],"wp:featuredmedia":[{"embeddable":true,"href":"https:\/\/www.bellunopress.it\/fr\/wp-json\/wp\/v2\/media\/161534"}],"wp:attachment":[{"href":"https:\/\/www.bellunopress.it\/fr\/wp-json\/wp\/v2\/media?parent=169454"}],"wp:term":[{"taxonomy":"category","embeddable":true,"href":"https:\/\/www.bellunopress.it\/fr\/wp-json\/wp\/v2\/categories?post=169454"},{"taxonomy":"post_tag","embeddable":true,"href":"https:\/\/www.bellunopress.it\/fr\/wp-json\/wp\/v2\/tags?post=169454"}],"curies":[{"name":"wp","href":"https:\/\/api.w.org\/{rel}","templated":true}]}}