{"id":169451,"date":"2026-04-24T08:26:48","date_gmt":"2026-04-24T06:26:48","guid":{"rendered":"https:\/\/www.bellunopress.it\/?p=169451"},"modified":"2026-04-24T09:31:57","modified_gmt":"2026-04-24T07:31:57","slug":"dalla-casa-allauto-a-belluno-cambia-lapproccio-alle-coperture-assicurative","status":"publish","type":"post","link":"https:\/\/www.bellunopress.it\/fr\/2026\/04\/24\/dalla-casa-allauto-a-belluno-cambia-lapproccio-alle-coperture-assicurative\/","title":{"rendered":"Dalla casa all\u2019auto, a Belluno cambia l\u2019approccio alle coperture assicurative"},"content":{"rendered":"<p>Nel territorio bellunese, dove la vita quotidiana \u00e8 fortemente influenzata dalla geografia montana e dalle condizioni climatiche, il tema della protezione assicurativa sta assumendo un ruolo sempre pi\u00f9 centrale. Non si tratta soltanto di un obbligo o di una formalit\u00e0, ma di una scelta concreta che incide sulla sicurezza personale e sulla gestione economica degli imprevisti.<\/p>\n<p>Negli ultimi anni, anche a Belluno si registra una maggiore attenzione verso soluzioni strutturate e complete, come quelle offerte da <strong><a href=\"https:\/\/www.unipol.it\/homepage\"><u>Unipol Assicurazioni<\/u><\/a><\/strong>, considerate da molti cittadini uno strumento utile per affrontare con maggiore tranquillit\u00e0 le incertezze legate alla vita quotidiana.<\/p>\n<h2><strong>Un territorio che richiede protezione su misura<\/strong><\/h2>\n<p>Belluno e la sua provincia presentano caratteristiche molto specifiche. La presenza della montagna, le condizioni meteo spesso variabili e la distanza da alcuni servizi rendono il tema della prevenzione particolarmente rilevante.<\/p>\n<p>Tra i fattori che incidono maggiormente:<\/p>\n<ul>\n<li>eventi atmosferici intensi, soprattutto nei mesi invernali<\/li>\n<li>difficolt\u00e0 di accesso in alcune aree<\/li>\n<li>maggiore esposizione a rischi legati alla natura del territorio<\/li>\n<li>utilizzo frequente dell\u2019auto su strade complesse<\/li>\n<\/ul>\n<p>In questo contesto, avere coperture adeguate non \u00e8 solo una scelta prudente, ma spesso una necessit\u00e0.<\/p>\n<h2><strong>Dalla casa all\u2019auto: una visione pi\u00f9 ampia della protezione<\/strong><\/h2>\n<p>Uno degli aspetti pi\u00f9 interessanti riguarda il cambiamento nel modo in cui le persone percepiscono l\u2019assicurazione. Non si parla pi\u00f9 soltanto di singole polizze, ma di un approccio pi\u00f9 integrato alla protezione.<\/p>\n<p>Sempre pi\u00f9 cittadini valutano soluzioni che tengano conto di diversi ambiti:<\/p>\n<ul>\n<li>abitazione<\/li>\n<li>mobilit\u00e0<\/li>\n<li>salute<\/li>\n<li>responsabilit\u00e0 civile<\/li>\n<\/ul>\n<p>Questo approccio consente di avere una visione pi\u00f9 completa e di gestire i rischi in modo pi\u00f9 strutturato.<\/p>\n<h2><strong>Maggiore consapevolezza tra famiglie e professionisti<\/strong><\/h2>\n<p>A Belluno si osserva una crescita della consapevolezza sia tra le famiglie sia tra i professionisti. Le esperienze degli ultimi anni, tra eventi climatici e situazioni impreviste, hanno portato molte persone a riconsiderare il livello di protezione.<\/p>\n<p>Sempre pi\u00f9 cittadini si pongono domande come:<\/p>\n<ul>\n<li>la mia copertura \u00e8 adeguata?<\/li>\n<li>cosa succede in caso di danno rilevante?<\/li>\n<li>quali rischi sto sottovalutando?<\/li>\n<\/ul>\n<p>Queste domande rappresentano il punto di partenza per una scelta pi\u00f9 attenta e informata.<\/p>\n<h2><strong>Il ruolo delle soluzioni strutturate<\/strong><\/h2>\n<p>In questo scenario, cresce l\u2019interesse verso realt\u00e0 consolidate in grado di offrire soluzioni articolate e personalizzabili. La possibilit\u00e0 di adattare le coperture alle proprie esigenze rappresenta un elemento chiave.<\/p>\n<p>Non tutte le situazioni sono uguali, e proprio per questo la flessibilit\u00e0 diventa fondamentale. Chi vive in montagna, ad esempio, pu\u00f2 avere esigenze diverse rispetto a chi vive in contesti urbani.<\/p>\n<h2><strong>Tecnologia e accesso alle informazioni<\/strong><\/h2>\n<p>Anche nel territorio bellunese, la digitalizzazione sta cambiando il modo in cui le persone si informano e prendono decisioni. Oggi \u00e8 possibile:<\/p>\n<ul>\n<li>consultare informazioni online<\/li>\n<li>confrontare diverse soluzioni<\/li>\n<li>approfondire le caratteristiche delle coperture<\/li>\n<\/ul>\n<p>Questo permette di arrivare a una scelta pi\u00f9 consapevole, basata su dati concreti e non solo su abitudini consolidate.<\/p>\n<h2><strong>Una protezione che riguarda la vita quotidiana<\/strong><\/h2>\n<p>Il tema assicurativo non \u00e8 pi\u00f9 percepito come qualcosa di distante o complesso, ma come un elemento concreto della vita quotidiana. Dalla casa all\u2019auto, fino alla tutela della persona, le coperture diventano strumenti per affrontare con maggiore serenit\u00e0 gli imprevisti.<\/p>\n<p>In un territorio come quello bellunese, dove le variabili ambientali possono incidere in modo significativo, questo aspetto assume ancora pi\u00f9 importanza.<\/p>\n<h2><strong>Una scelta che guarda al futuro<\/strong><\/h2>\n<p>Proteggere s\u00e9 stessi, la propria famiglia e i propri beni non \u00e8 pi\u00f9 solo una questione di obblighi, ma una scelta strategica. A Belluno, questa consapevolezza sta diventando sempre pi\u00f9 diffusa, portando a decisioni pi\u00f9 informate e orientate alla prevenzione.<\/p>\n<p>In un contesto in continua evoluzione, disporre di una copertura adeguata rappresenta un elemento fondamentale per affrontare il futuro con maggiore sicurezza.<\/p>","protected":false},"excerpt":{"rendered":"<p>Nel territorio bellunese, dove la vita quotidiana \u00e8 fortemente influenzata dalla geografia montana e dalle condizioni climatiche, il tema della protezione assicurativa sta assumendo un ruolo sempre pi\u00f9 centrale. Non si tratta soltanto di un obbligo o di una formalit\u00e0, ma di una scelta concreta che incide sulla sicurezza personale e sulla gestione economica degli [&hellip;]<\/p>\n","protected":false},"author":2,"featured_media":169452,"comment_status":"closed","ping_status":"open","sticky":false,"template":"","format":"standard","meta":{"footnotes":""},"categories":[8],"tags":[],"class_list":["post-169451","post","type-post","status-publish","format-standard","has-post-thumbnail","category-societa-istituzioni"],"yoast_head":"<!-- This site is optimized with the Yoast SEO plugin v28.4 - https:\/\/yoast.com\/product\/yoast-seo-wordpress\/ -->\n<title>Dalla casa all\u2019auto, a Belluno cambia l\u2019approccio alle coperture assicurative - Bellunopress - Dolomiti<\/title>\n<meta name=\"robots\" content=\"index, follow, max-snippet:-1, max-image-preview:large, max-video-preview:-1\" \/>\n<link rel=\"canonical\" href=\"https:\/\/www.bellunopress.it\/fr\/2026\/04\/24\/dalla-casa-allauto-a-belluno-cambia-lapproccio-alle-coperture-assicurative\/\" \/>\n<meta property=\"og:locale\" content=\"fr_FR\" \/>\n<meta property=\"og:type\" content=\"article\" \/>\n<meta property=\"og:title\" content=\"Dalla casa all\u2019auto, a Belluno cambia l\u2019approccio alle coperture assicurative - Bellunopress - Dolomiti\" \/>\n<meta property=\"og:description\" content=\"Nel territorio bellunese, dove la vita quotidiana \u00e8 fortemente influenzata dalla geografia montana e dalle condizioni climatiche, il tema della protezione assicurativa sta assumendo un ruolo sempre pi\u00f9 centrale. Non si tratta soltanto di un obbligo o di una formalit\u00e0, ma di una scelta concreta che incide sulla sicurezza personale e sulla gestione economica degli [&hellip;]\" \/>\n<meta property=\"og:url\" content=\"https:\/\/www.bellunopress.it\/fr\/2026\/04\/24\/dalla-casa-allauto-a-belluno-cambia-lapproccio-alle-coperture-assicurative\/\" \/>\n<meta property=\"og:site_name\" content=\"Bellunopress - Dolomiti\" \/>\n<meta property=\"article:publisher\" content=\"https:\/\/www.facebook.com\/profile.php?id=100008943462799\" \/>\n<meta property=\"article:published_time\" content=\"2026-04-24T06:26:48+00:00\" \/>\n<meta property=\"article:modified_time\" content=\"2026-04-24T07:31:57+00:00\" \/>\n<meta property=\"og:image\" content=\"https:\/\/www.bellunopress.it\/wp-content\/uploads\/2026\/04\/autovetture-assicurazione-rca.jpg\" \/>\n\t<meta property=\"og:image:width\" content=\"500\" \/>\n\t<meta property=\"og:image:height\" content=\"272\" \/>\n\t<meta property=\"og:image:type\" content=\"image\/jpeg\" \/>\n<meta name=\"author\" content=\"redazione\" \/>\n<meta name=\"twitter:card\" content=\"summary_large_image\" \/>\n<meta name=\"twitter:creator\" content=\"@bellunopress\" \/>\n<meta name=\"twitter:site\" content=\"@bellunopress\" \/>\n<meta name=\"twitter:label1\" content=\"\u00c9crit par\" \/>\n\t<meta name=\"twitter:data1\" content=\"redazione\" \/>\n\t<meta name=\"twitter:label2\" content=\"Dur\u00e9e de lecture estim\u00e9e\" \/>\n\t<meta name=\"twitter:data2\" content=\"3 minutes\" \/>\n<script type=\"application\/ld+json\" class=\"yoast-schema-graph\">{\"@context\":\"https:\\\/\\\/schema.org\",\"@graph\":[{\"@type\":\"Article\",\"@id\":\"https:\\\/\\\/www.bellunopress.it\\\/2026\\\/04\\\/24\\\/dalla-casa-allauto-a-belluno-cambia-lapproccio-alle-coperture-assicurative\\\/#article\",\"isPartOf\":{\"@id\":\"https:\\\/\\\/www.bellunopress.it\\\/2026\\\/04\\\/24\\\/dalla-casa-allauto-a-belluno-cambia-lapproccio-alle-coperture-assicurative\\\/\"},\"author\":{\"name\":\"redazione\",\"@id\":\"https:\\\/\\\/www.bellunopress.it\\\/#\\\/schema\\\/person\\\/79bb06722b37ece1c03d3e94beb30d73\"},\"headline\":\"Dalla casa all\u2019auto, a Belluno cambia l\u2019approccio alle coperture assicurative\",\"datePublished\":\"2026-04-24T06:26:48+00:00\",\"dateModified\":\"2026-04-24T07:31:57+00:00\",\"mainEntityOfPage\":{\"@id\":\"https:\\\/\\\/www.bellunopress.it\\\/2026\\\/04\\\/24\\\/dalla-casa-allauto-a-belluno-cambia-lapproccio-alle-coperture-assicurative\\\/\"},\"wordCount\":608,\"publisher\":{\"@id\":\"https:\\\/\\\/www.bellunopress.it\\\/#organization\"},\"image\":{\"@id\":\"https:\\\/\\\/www.bellunopress.it\\\/2026\\\/04\\\/24\\\/dalla-casa-allauto-a-belluno-cambia-lapproccio-alle-coperture-assicurative\\\/#primaryimage\"},\"thumbnailUrl\":\"https:\\\/\\\/www.bellunopress.it\\\/wp-content\\\/uploads\\\/2026\\\/04\\\/autovetture-assicurazione-rca.jpg\",\"articleSection\":[\"Societ\u00e0, Associazioni, Istituzioni\"],\"inLanguage\":\"fr-FR\"},{\"@type\":\"WebPage\",\"@id\":\"https:\\\/\\\/www.bellunopress.it\\\/2026\\\/04\\\/24\\\/dalla-casa-allauto-a-belluno-cambia-lapproccio-alle-coperture-assicurative\\\/\",\"url\":\"https:\\\/\\\/www.bellunopress.it\\\/2026\\\/04\\\/24\\\/dalla-casa-allauto-a-belluno-cambia-lapproccio-alle-coperture-assicurative\\\/\",\"name\":\"Dalla casa all\u2019auto, a Belluno cambia l\u2019approccio alle coperture assicurative - Bellunopress - Dolomiti\",\"isPartOf\":{\"@id\":\"https:\\\/\\\/www.bellunopress.it\\\/#website\"},\"primaryImageOfPage\":{\"@id\":\"https:\\\/\\\/www.bellunopress.it\\\/2026\\\/04\\\/24\\\/dalla-casa-allauto-a-belluno-cambia-lapproccio-alle-coperture-assicurative\\\/#primaryimage\"},\"image\":{\"@id\":\"https:\\\/\\\/www.bellunopress.it\\\/2026\\\/04\\\/24\\\/dalla-casa-allauto-a-belluno-cambia-lapproccio-alle-coperture-assicurative\\\/#primaryimage\"},\"thumbnailUrl\":\"https:\\\/\\\/www.bellunopress.it\\\/wp-content\\\/uploads\\\/2026\\\/04\\\/autovetture-assicurazione-rca.jpg\",\"datePublished\":\"2026-04-24T06:26:48+00:00\",\"dateModified\":\"2026-04-24T07:31:57+00:00\",\"breadcrumb\":{\"@id\":\"https:\\\/\\\/www.bellunopress.it\\\/2026\\\/04\\\/24\\\/dalla-casa-allauto-a-belluno-cambia-lapproccio-alle-coperture-assicurative\\\/#breadcrumb\"},\"inLanguage\":\"fr-FR\",\"potentialAction\":[{\"@type\":\"ReadAction\",\"target\":[\"https:\\\/\\\/www.bellunopress.it\\\/2026\\\/04\\\/24\\\/dalla-casa-allauto-a-belluno-cambia-lapproccio-alle-coperture-assicurative\\\/\"]}]},{\"@type\":\"ImageObject\",\"inLanguage\":\"fr-FR\",\"@id\":\"https:\\\/\\\/www.bellunopress.it\\\/2026\\\/04\\\/24\\\/dalla-casa-allauto-a-belluno-cambia-lapproccio-alle-coperture-assicurative\\\/#primaryimage\",\"url\":\"https:\\\/\\\/www.bellunopress.it\\\/wp-content\\\/uploads\\\/2026\\\/04\\\/autovetture-assicurazione-rca.jpg\",\"contentUrl\":\"https:\\\/\\\/www.bellunopress.it\\\/wp-content\\\/uploads\\\/2026\\\/04\\\/autovetture-assicurazione-rca.jpg\",\"width\":500,\"height\":272},{\"@type\":\"BreadcrumbList\",\"@id\":\"https:\\\/\\\/www.bellunopress.it\\\/2026\\\/04\\\/24\\\/dalla-casa-allauto-a-belluno-cambia-lapproccio-alle-coperture-assicurative\\\/#breadcrumb\",\"itemListElement\":[{\"@type\":\"ListItem\",\"position\":1,\"name\":\"Home\",\"item\":\"https:\\\/\\\/www.bellunopress.it\\\/\"},{\"@type\":\"ListItem\",\"position\":2,\"name\":\"Dalla casa all\u2019auto, a Belluno cambia l\u2019approccio alle coperture assicurative\"}]},{\"@type\":\"WebSite\",\"@id\":\"https:\\\/\\\/www.bellunopress.it\\\/#website\",\"url\":\"https:\\\/\\\/www.bellunopress.it\\\/\",\"name\":\"Bellunopress - Dolomiti\",\"description\":\"e-mail: redazione@bellunopress.it\",\"publisher\":{\"@id\":\"https:\\\/\\\/www.bellunopress.it\\\/#organization\"},\"potentialAction\":[{\"@type\":\"SearchAction\",\"target\":{\"@type\":\"EntryPoint\",\"urlTemplate\":\"https:\\\/\\\/www.bellunopress.it\\\/?s={search_term_string}\"},\"query-input\":{\"@type\":\"PropertyValueSpecification\",\"valueRequired\":true,\"valueName\":\"search_term_string\"}}],\"inLanguage\":\"fr-FR\"},{\"@type\":\"Organization\",\"@id\":\"https:\\\/\\\/www.bellunopress.it\\\/#organization\",\"name\":\"Bellunopress\",\"url\":\"https:\\\/\\\/www.bellunopress.it\\\/\",\"logo\":{\"@type\":\"ImageObject\",\"inLanguage\":\"fr-FR\",\"@id\":\"https:\\\/\\\/www.bellunopress.it\\\/#\\\/schema\\\/logo\\\/image\\\/\",\"url\":\"https:\\\/\\\/www.bellunopress.it\\\/wp-content\\\/uploads\\\/2011\\\/05\\\/cropped-logo-bellunopress-.jpg\",\"contentUrl\":\"https:\\\/\\\/www.bellunopress.it\\\/wp-content\\\/uploads\\\/2011\\\/05\\\/cropped-logo-bellunopress-.jpg\",\"width\":512,\"height\":512,\"caption\":\"Bellunopress\"},\"image\":{\"@id\":\"https:\\\/\\\/www.bellunopress.it\\\/#\\\/schema\\\/logo\\\/image\\\/\"},\"sameAs\":[\"https:\\\/\\\/www.facebook.com\\\/profile.php?id=100008943462799\",\"https:\\\/\\\/x.com\\\/bellunopress\",\"https:\\\/\\\/www.linkedin.com\\\/hp\\\/?dnr=JBzUWaJfMUw8vbXJJ2tVW5-I3jZKvC4wsoxE&amp;amp;amp;amp;amp;amp;trk=nav_responsive_tab_home\",\"https:\\\/\\\/www.youtube.com\\\/channel\\\/UCxL0wu1uN0_3_7hGG0306cw\"]},{\"@type\":\"Person\",\"@id\":\"https:\\\/\\\/www.bellunopress.it\\\/#\\\/schema\\\/person\\\/79bb06722b37ece1c03d3e94beb30d73\",\"name\":\"redazione\",\"image\":{\"@type\":\"ImageObject\",\"inLanguage\":\"fr-FR\",\"@id\":\"https:\\\/\\\/secure.gravatar.com\\\/avatar\\\/37d968a2e67a6fd04c169c4bdef102d0bc5d31b2546345219e348575eb80e9a0?s=96&d=mm&r=g\",\"url\":\"https:\\\/\\\/secure.gravatar.com\\\/avatar\\\/37d968a2e67a6fd04c169c4bdef102d0bc5d31b2546345219e348575eb80e9a0?s=96&d=mm&r=g\",\"contentUrl\":\"https:\\\/\\\/secure.gravatar.com\\\/avatar\\\/37d968a2e67a6fd04c169c4bdef102d0bc5d31b2546345219e348575eb80e9a0?s=96&d=mm&r=g\",\"caption\":\"redazione\"},\"sameAs\":[\"http:\\\/\\\/www.bellunopress.it\",\"https:\\\/\\\/x.com\\\/bellunopress\"],\"url\":\"https:\\\/\\\/www.bellunopress.it\\\/fr\\\/author\\\/redazione\\\/\"}]}<\/script>\n<!-- \/ Yoast SEO plugin. -->","yoast_head_json":{"title":"Dalla casa all\u2019auto, a Belluno cambia l\u2019approccio alle coperture assicurative - Bellunopress - Dolomiti","robots":{"index":"index","follow":"follow","max-snippet":"max-snippet:-1","max-image-preview":"max-image-preview:large","max-video-preview":"max-video-preview:-1"},"canonical":"https:\/\/www.bellunopress.it\/fr\/2026\/04\/24\/dalla-casa-allauto-a-belluno-cambia-lapproccio-alle-coperture-assicurative\/","og_locale":"fr_FR","og_type":"article","og_title":"Dalla casa all\u2019auto, a Belluno cambia l\u2019approccio alle coperture assicurative - Bellunopress - Dolomiti","og_description":"Nel territorio bellunese, dove la vita quotidiana \u00e8 fortemente influenzata dalla geografia montana e dalle condizioni climatiche, il tema della protezione assicurativa sta assumendo un ruolo sempre pi\u00f9 centrale. Non si tratta soltanto di un obbligo o di una formalit\u00e0, ma di una scelta concreta che incide sulla sicurezza personale e sulla gestione economica degli [&hellip;]","og_url":"https:\/\/www.bellunopress.it\/fr\/2026\/04\/24\/dalla-casa-allauto-a-belluno-cambia-lapproccio-alle-coperture-assicurative\/","og_site_name":"Bellunopress - Dolomiti","article_publisher":"https:\/\/www.facebook.com\/profile.php?id=100008943462799","article_published_time":"2026-04-24T06:26:48+00:00","article_modified_time":"2026-04-24T07:31:57+00:00","og_image":[{"width":500,"height":272,"url":"https:\/\/www.bellunopress.it\/wp-content\/uploads\/2026\/04\/autovetture-assicurazione-rca.jpg","type":"image\/jpeg"}],"author":"redazione","twitter_card":"summary_large_image","twitter_creator":"@bellunopress","twitter_site":"@bellunopress","twitter_misc":{"\u00c9crit par":"redazione","Dur\u00e9e de lecture estim\u00e9e":"3 minutes"},"schema":{"@context":"https:\/\/schema.org","@graph":[{"@type":"Article","@id":"https:\/\/www.bellunopress.it\/2026\/04\/24\/dalla-casa-allauto-a-belluno-cambia-lapproccio-alle-coperture-assicurative\/#article","isPartOf":{"@id":"https:\/\/www.bellunopress.it\/2026\/04\/24\/dalla-casa-allauto-a-belluno-cambia-lapproccio-alle-coperture-assicurative\/"},"author":{"name":"redazione","@id":"https:\/\/www.bellunopress.it\/#\/schema\/person\/79bb06722b37ece1c03d3e94beb30d73"},"headline":"Dalla casa all\u2019auto, a Belluno cambia l\u2019approccio alle coperture assicurative","datePublished":"2026-04-24T06:26:48+00:00","dateModified":"2026-04-24T07:31:57+00:00","mainEntityOfPage":{"@id":"https:\/\/www.bellunopress.it\/2026\/04\/24\/dalla-casa-allauto-a-belluno-cambia-lapproccio-alle-coperture-assicurative\/"},"wordCount":608,"publisher":{"@id":"https:\/\/www.bellunopress.it\/#organization"},"image":{"@id":"https:\/\/www.bellunopress.it\/2026\/04\/24\/dalla-casa-allauto-a-belluno-cambia-lapproccio-alle-coperture-assicurative\/#primaryimage"},"thumbnailUrl":"https:\/\/www.bellunopress.it\/wp-content\/uploads\/2026\/04\/autovetture-assicurazione-rca.jpg","articleSection":["Societ\u00e0, Associazioni, Istituzioni"],"inLanguage":"fr-FR"},{"@type":"WebPage","@id":"https:\/\/www.bellunopress.it\/2026\/04\/24\/dalla-casa-allauto-a-belluno-cambia-lapproccio-alle-coperture-assicurative\/","url":"https:\/\/www.bellunopress.it\/2026\/04\/24\/dalla-casa-allauto-a-belluno-cambia-lapproccio-alle-coperture-assicurative\/","name":"Dalla casa all\u2019auto, a Belluno cambia l\u2019approccio alle coperture assicurative - Bellunopress - Dolomiti","isPartOf":{"@id":"https:\/\/www.bellunopress.it\/#website"},"primaryImageOfPage":{"@id":"https:\/\/www.bellunopress.it\/2026\/04\/24\/dalla-casa-allauto-a-belluno-cambia-lapproccio-alle-coperture-assicurative\/#primaryimage"},"image":{"@id":"https:\/\/www.bellunopress.it\/2026\/04\/24\/dalla-casa-allauto-a-belluno-cambia-lapproccio-alle-coperture-assicurative\/#primaryimage"},"thumbnailUrl":"https:\/\/www.bellunopress.it\/wp-content\/uploads\/2026\/04\/autovetture-assicurazione-rca.jpg","datePublished":"2026-04-24T06:26:48+00:00","dateModified":"2026-04-24T07:31:57+00:00","breadcrumb":{"@id":"https:\/\/www.bellunopress.it\/2026\/04\/24\/dalla-casa-allauto-a-belluno-cambia-lapproccio-alle-coperture-assicurative\/#breadcrumb"},"inLanguage":"fr-FR","potentialAction":[{"@type":"ReadAction","target":["https:\/\/www.bellunopress.it\/2026\/04\/24\/dalla-casa-allauto-a-belluno-cambia-lapproccio-alle-coperture-assicurative\/"]}]},{"@type":"ImageObject","inLanguage":"fr-FR","@id":"https:\/\/www.bellunopress.it\/2026\/04\/24\/dalla-casa-allauto-a-belluno-cambia-lapproccio-alle-coperture-assicurative\/#primaryimage","url":"https:\/\/www.bellunopress.it\/wp-content\/uploads\/2026\/04\/autovetture-assicurazione-rca.jpg","contentUrl":"https:\/\/www.bellunopress.it\/wp-content\/uploads\/2026\/04\/autovetture-assicurazione-rca.jpg","width":500,"height":272},{"@type":"BreadcrumbList","@id":"https:\/\/www.bellunopress.it\/2026\/04\/24\/dalla-casa-allauto-a-belluno-cambia-lapproccio-alle-coperture-assicurative\/#breadcrumb","itemListElement":[{"@type":"ListItem","position":1,"name":"Home","item":"https:\/\/www.bellunopress.it\/"},{"@type":"ListItem","position":2,"name":"Dalla casa all\u2019auto, a Belluno cambia l\u2019approccio alle coperture assicurative"}]},{"@type":"WebSite","@id":"https:\/\/www.bellunopress.it\/#website","url":"https:\/\/www.bellunopress.it\/","name":"Bellunopress - Dolomiti","description":"e-mail: redazione@bellunopress.it","publisher":{"@id":"https:\/\/www.bellunopress.it\/#organization"},"potentialAction":[{"@type":"SearchAction","target":{"@type":"EntryPoint","urlTemplate":"https:\/\/www.bellunopress.it\/?s={search_term_string}"},"query-input":{"@type":"PropertyValueSpecification","valueRequired":true,"valueName":"search_term_string"}}],"inLanguage":"fr-FR"},{"@type":"Organization","@id":"https:\/\/www.bellunopress.it\/#organization","name":"Bellunopress","url":"https:\/\/www.bellunopress.it\/","logo":{"@type":"ImageObject","inLanguage":"fr-FR","@id":"https:\/\/www.bellunopress.it\/#\/schema\/logo\/image\/","url":"https:\/\/www.bellunopress.it\/wp-content\/uploads\/2011\/05\/cropped-logo-bellunopress-.jpg","contentUrl":"https:\/\/www.bellunopress.it\/wp-content\/uploads\/2011\/05\/cropped-logo-bellunopress-.jpg","width":512,"height":512,"caption":"Bellunopress"},"image":{"@id":"https:\/\/www.bellunopress.it\/#\/schema\/logo\/image\/"},"sameAs":["https:\/\/www.facebook.com\/profile.php?id=100008943462799","https:\/\/x.com\/bellunopress","https:\/\/www.linkedin.com\/hp\/?dnr=JBzUWaJfMUw8vbXJJ2tVW5-I3jZKvC4wsoxE&amp;amp;amp;amp;amp;amp;trk=nav_responsive_tab_home","https:\/\/www.youtube.com\/channel\/UCxL0wu1uN0_3_7hGG0306cw"]},{"@type":"Person","@id":"https:\/\/www.bellunopress.it\/#\/schema\/person\/79bb06722b37ece1c03d3e94beb30d73","name":"r\u00e9daction","image":{"@type":"ImageObject","inLanguage":"fr-FR","@id":"https:\/\/secure.gravatar.com\/avatar\/37d968a2e67a6fd04c169c4bdef102d0bc5d31b2546345219e348575eb80e9a0?s=96&d=mm&r=g","url":"https:\/\/secure.gravatar.com\/avatar\/37d968a2e67a6fd04c169c4bdef102d0bc5d31b2546345219e348575eb80e9a0?s=96&d=mm&r=g","contentUrl":"https:\/\/secure.gravatar.com\/avatar\/37d968a2e67a6fd04c169c4bdef102d0bc5d31b2546345219e348575eb80e9a0?s=96&d=mm&r=g","caption":"redazione"},"sameAs":["http:\/\/www.bellunopress.it","https:\/\/x.com\/bellunopress"],"url":"https:\/\/www.bellunopress.it\/fr\/author\/redazione\/"}]}},"_links":{"self":[{"href":"https:\/\/www.bellunopress.it\/fr\/wp-json\/wp\/v2\/posts\/169451","targetHints":{"allow":["GET"]}}],"collection":[{"href":"https:\/\/www.bellunopress.it\/fr\/wp-json\/wp\/v2\/posts"}],"about":[{"href":"https:\/\/www.bellunopress.it\/fr\/wp-json\/wp\/v2\/types\/post"}],"author":[{"embeddable":true,"href":"https:\/\/www.bellunopress.it\/fr\/wp-json\/wp\/v2\/users\/2"}],"replies":[{"embeddable":true,"href":"https:\/\/www.bellunopress.it\/fr\/wp-json\/wp\/v2\/comments?post=169451"}],"version-history":[{"count":1,"href":"https:\/\/www.bellunopress.it\/fr\/wp-json\/wp\/v2\/posts\/169451\/revisions"}],"predecessor-version":[{"id":169453,"href":"https:\/\/www.bellunopress.it\/fr\/wp-json\/wp\/v2\/posts\/169451\/revisions\/169453"}],"wp:featuredmedia":[{"embeddable":true,"href":"https:\/\/www.bellunopress.it\/fr\/wp-json\/wp\/v2\/media\/169452"}],"wp:attachment":[{"href":"https:\/\/www.bellunopress.it\/fr\/wp-json\/wp\/v2\/media?parent=169451"}],"wp:term":[{"taxonomy":"category","embeddable":true,"href":"https:\/\/www.bellunopress.it\/fr\/wp-json\/wp\/v2\/categories?post=169451"},{"taxonomy":"post_tag","embeddable":true,"href":"https:\/\/www.bellunopress.it\/fr\/wp-json\/wp\/v2\/tags?post=169451"}],"curies":[{"name":"wp","href":"https:\/\/api.w.org\/{rel}","templated":true}]}}